{"id":15675,"date":"2026-01-16T13:51:57","date_gmt":"2026-01-16T16:51:57","guid":{"rendered":"https:\/\/autofans.com.ar\/?p=15675"},"modified":"2026-01-16T13:51:57","modified_gmt":"2026-01-16T16:51:57","slug":"voge-2026-verano-motos-y-aventura-en-pinamar","status":"publish","type":"post","link":"https:\/\/autofans.com.ar\/index.php\/2026\/01\/16\/voge-2026-verano-motos-y-aventura-en-pinamar\/","title":{"rendered":"VOGE 2026, verano, motos y aventura en Pinamar"},"content":{"rendered":"<p class=\"ds-markdown-paragraph\">VOGE instal\u00f3 su verano 2026 en Pinamar. Con un stand en Avenida Bunge al 700 y presencia en CR Playa, la marca acerca su gama completa al p\u00fablico, desde motos adventure hasta scooters y cuatriciclos.<\/p>\n<p>&nbsp;<\/p>\n<h2 class=\"ds-markdown-paragraph\">Prob\u00e1 la nueva VOGE 300DS y gan\u00e1tela en Pinamar<\/h2>\n<p>El relanzamiento de la 300DS es un punto central. Llega con m\u00e1s equipamiento y nuevos colores. Quienes visiten el stand podr\u00e1n conocerla, probarla y reservar su unidad.<\/p>\n<p>&nbsp;<\/p>\n<p><img fetchpriority=\"high\" decoding=\"async\" class=\"aligncenter wp-image-15676 size-full\" src=\"https:\/\/autofans.com.ar\/wp-content\/uploads\/2026\/01\/vo-6.jpg\" alt=\"VOGE\" width=\"1000\" height=\"667\" srcset=\"https:\/\/autofans.com.ar\/wp-content\/uploads\/2026\/01\/vo-6.jpg 1000w, https:\/\/autofans.com.ar\/wp-content\/uploads\/2026\/01\/vo-6-300x200.jpg 300w, https:\/\/autofans.com.ar\/wp-content\/uploads\/2026\/01\/vo-6-768x512.jpg 768w\" sizes=\"(max-width: 1000px) 100vw, 1000px\" \/><\/p>\n<p>&nbsp;<\/p>\n<p class=\"ds-markdown-paragraph\">Para dinamizar la temporada, VOGE lanz\u00f3 el concurso \u00abKilometrando\u00bb. Participan personas mayores de 18 a\u00f1os registrando en el stand los kil\u00f3metros recorridos desde su ciudad hasta Pinamar. Cuando el acumulado colectivo alcance los 3.000.000 km, se sortear\u00e1 una VOGE 300DS 0km.<\/p>\n<p>&nbsp;<\/p>\n<h2 class=\"ds-markdown-paragraph\">Experiencias sobre ruedas<\/h2>\n<p class=\"ds-markdown-paragraph\">Todos los viernes, de 9.30 a 12.30 h, la marca organiza test rides gratuitos. Las salidas son guiadas por instructores y estar\u00e1n disponibles modelos como la DS900X, la DS800X Rally, la nueva 300DS y la 300 Rally.<\/p>\n<p>&nbsp;<\/p>\n<div id='gallery-1' class='gallery galleryid-15675 gallery-columns-2 gallery-size-full'><figure class='gallery-item'>\n\t\t\t<div class='gallery-icon landscape'>\n\t\t\t\t<a href='https:\/\/autofans.com.ar\/index.php\/2026\/01\/16\/voge-2026-verano-motos-y-aventura-en-pinamar\/vo-2\/'><img loading=\"lazy\" width=\"1000\" height=\"667\" src=\"https:\/\/autofans.com.ar\/wp-content\/uploads\/2026\/01\/vo-2.jpg\" class=\"attachment-full size-full\" alt=\"VOGE\" srcset=\"https:\/\/autofans.com.ar\/wp-content\/uploads\/2026\/01\/vo-2.jpg 1000w, https:\/\/autofans.com.ar\/wp-content\/uploads\/2026\/01\/vo-2-300x200.jpg 300w, https:\/\/autofans.com.ar\/wp-content\/uploads\/2026\/01\/vo-2-768x512.jpg 768w\" sizes=\"auto, (max-width: 1000px) 100vw, 1000px\" loading=\"lazy\" decoding=\"async\" \/><\/a>\n\t\t\t<\/div><\/figure><figure class='gallery-item'>\n\t\t\t<div class='gallery-icon landscape'>\n\t\t\t\t<a href='https:\/\/autofans.com.ar\/index.php\/2026\/01\/16\/voge-2026-verano-motos-y-aventura-en-pinamar\/vo-3\/'><img loading=\"lazy\" width=\"1000\" height=\"667\" src=\"https:\/\/autofans.com.ar\/wp-content\/uploads\/2026\/01\/vo-3.jpg\" class=\"attachment-full size-full\" alt=\"VOGE\" srcset=\"https:\/\/autofans.com.ar\/wp-content\/uploads\/2026\/01\/vo-3.jpg 1000w, https:\/\/autofans.com.ar\/wp-content\/uploads\/2026\/01\/vo-3-300x200.jpg 300w, https:\/\/autofans.com.ar\/wp-content\/uploads\/2026\/01\/vo-3-768x512.jpg 768w\" sizes=\"auto, (max-width: 1000px) 100vw, 1000px\" loading=\"lazy\" decoding=\"async\" \/><\/a>\n\t\t\t<\/div><\/figure>\n\t\t<\/div>\n\n<p>&nbsp;<\/p>\n<p class=\"ds-markdown-paragraph\">Los usuarios de la marca tienen un beneficio exclusivo en CR Playa: un 20% de descuento en carpas, sombrillas y gastronom\u00eda al presentar el t\u00edtulo de su moto VOGE. En ese mismo espacio, el cuatriciclo utilitario XWOLF 550L demostrar\u00e1 su capacidad en tareas de limpieza y mantenimiento playero.<\/p>\n<p>&nbsp;<\/p>\n<h2 class=\"ds-markdown-paragraph\">VOGE, cl\u00ednica y competencia<\/h2>\n<p class=\"ds-markdown-paragraph\">La agenda incluye un evento exclusivo para clientes de la marca. El 24 de enero, Javier Pizzolito dictar\u00e1 una cl\u00ednica de manejo off-road en CR Playa.<\/p>\n<p>&nbsp;<\/p>\n<div id='gallery-2' class='gallery galleryid-15675 gallery-columns-2 gallery-size-full'><figure class='gallery-item'>\n\t\t\t<div class='gallery-icon landscape'>\n\t\t\t\t<a href='https:\/\/autofans.com.ar\/index.php\/2026\/01\/16\/voge-2026-verano-motos-y-aventura-en-pinamar\/vo-5\/'><img loading=\"lazy\" width=\"1000\" height=\"667\" src=\"https:\/\/autofans.com.ar\/wp-content\/uploads\/2026\/01\/vo-5.jpg\" class=\"attachment-full size-full\" alt=\"VOGE\" srcset=\"https:\/\/autofans.com.ar\/wp-content\/uploads\/2026\/01\/vo-5.jpg 1000w, https:\/\/autofans.com.ar\/wp-content\/uploads\/2026\/01\/vo-5-300x200.jpg 300w, https:\/\/autofans.com.ar\/wp-content\/uploads\/2026\/01\/vo-5-768x512.jpg 768w\" sizes=\"auto, (max-width: 1000px) 100vw, 1000px\" loading=\"lazy\" decoding=\"async\" \/><\/a>\n\t\t\t<\/div><\/figure><figure class='gallery-item'>\n\t\t\t<div class='gallery-icon landscape'>\n\t\t\t\t<a href='https:\/\/autofans.com.ar\/index.php\/2026\/01\/16\/voge-2026-verano-motos-y-aventura-en-pinamar\/vo-1\/'><img loading=\"lazy\" width=\"1000\" height=\"667\" src=\"https:\/\/autofans.com.ar\/wp-content\/uploads\/2026\/01\/vo-1.jpg\" class=\"attachment-full size-full\" alt=\"VOGE\" srcset=\"https:\/\/autofans.com.ar\/wp-content\/uploads\/2026\/01\/vo-1.jpg 1000w, https:\/\/autofans.com.ar\/wp-content\/uploads\/2026\/01\/vo-1-300x200.jpg 300w, https:\/\/autofans.com.ar\/wp-content\/uploads\/2026\/01\/vo-1-768x512.jpg 768w\" sizes=\"auto, (max-width: 1000px) 100vw, 1000px\" loading=\"lazy\" decoding=\"async\" \/><\/a>\n\t\t\t<\/div><\/figure>\n\t\t<\/div>\n\n<p>&nbsp;<\/p>\n<p class=\"ds-markdown-paragraph\">El cierre de la temporada ser\u00e1 en el Enduro del Verano, en Villa Gesell (20, 21 y 22 de febrero). All\u00ed, Ludmila Caro competir\u00e1 por segunda vez con una VOGE 300 Rally de serie.<\/p>\n<p class=\"ds-markdown-paragraph\">Con esta estrategia, VOGE busca fortalecer su comunidad y reafirmar su lugar en los segmentos urbano, adventure y off-road.<\/p>\n<p>&nbsp;<\/p>\n<div style=\"display: flex; justify-content: center; width: 100%;\">\n<div style=\"display: flex; align-items: center; justify-content: space-between; background: #f0f2f5; padding: 3px 92px; border-radius: 0px; box-shadow: 0 4px 10px rgba(0, 0, 0, 0.08); margin: 24px 0; max-width: 700px;\">\n<div style=\"flex: 1;\"><a style=\"font-size: 18px; color: #921414; font-weight: bold; text-decoration: underline;\" href=\"https:\/\/autofans.com.ar\/wp-content\/uploads\/2026\/01\/Brochure-300DS.pdf\" target=\"_blank\" rel=\"noopener\"><br \/>\n\u2192 Brochure 300DS<br \/>\n<\/a><a style=\"font-size: 18px; color: #007bff; font-weight: 1200; text-decoration: underline;\" href=\"https:\/\/autofans.com.ar\/wp-content\/uploads\/2025\/05\/ftmy26argo-681166d8eb8a6.pdf\" target=\"_blank\" rel=\"noopener\"><br \/>\n<\/a><\/div>\n<div style=\"margin-left: 46px;\"><img decoding=\"async\" class=\"alignright\" style=\"height: 20px; width: auto;\" src=\"https:\/\/autofans.com.ar\/wp-content\/uploads\/2023\/02\/Autofans_600x102_150px5.png\" alt=\"Logo Autofans\" width=\"1200\" height=\"137\" \/><\/div>\n<\/div>\n<\/div>\n<p>&nbsp;<\/p>\n<p>&nbsp;<\/p>\n<p>&nbsp;<\/p>\n<p>&nbsp;<\/p>\n<p><i>Para enterarte de m\u00e1s novedades, no dejes de leer\u00a0<\/i><a href=\"https:\/\/autofans.thebrandsoup.com\/\"><i>nuestras notas<\/i><\/a><i>, de ver\u00a0<\/i><a href=\"https:\/\/www.youtube.com\/channel\/UCgAC8UGHZYbT6P7PpmVnP7g\"><i>AUTOFANS TV<\/i><\/a><i>\u00a0en nuestro\u00a0canal de Youtube. Adem\u00e1s seguinos en\u00a0<\/i><a href=\"https:\/\/www.instagram.com\/autofanstv\/\"><i>INSTAGRAM<\/i><\/a><i> y <\/i><a href=\"https:\/\/www.facebook.com\/autofansmas\/\"><i>FACEBOOK<\/i><\/a><i> para no perderte nada sobre las novedades del segmento automotor de Argentina y el mundo.<\/i><\/p>\n","protected":false},"excerpt":{"rendered":"<p>VOGE instal\u00f3 su verano 2026 en Pinamar. Con un stand en Avenida Bunge al 700&#8230;<\/p>\n","protected":false},"author":2,"featured_media":15678,"comment_status":"closed","ping_status":"closed","sticky":false,"template":"","format":"standard","meta":{"footnotes":""},"categories":[4,16],"tags":[8238,8239,8242,6060,8241,5890,8237,6626,8240,8236,8243],"class_list":["post-15675","post","type-post","status-publish","format-standard","has-post-thumbnail","hentry","category-motos","category-noticias","tag-300ds","tag-concurso-kilometrando","tag-cuatriciclos","tag-enduro-del-verano","tag-javier-pizzolito","tag-motos-adventure","tag-motos-voge","tag-off-road-argentina","tag-test-rides-pinamar","tag-voge","tag-xwolf-550l"],"yoast_head":"<!-- This site is optimized with the Yoast SEO plugin v27.5 - https:\/\/yoast.com\/product\/yoast-seo-wordpress\/ -->\n<title>VOGE 2026, verano, motos y aventura en Pinamar -<\/title>\n<meta name=\"description\" content=\"VOGE instal\u00f3 su verano 2026 en Pinamar. Con un stand en Avenida Bunge al 700, la marca acerca su gama completa al p\u00fablico...\" \/>\n<meta name=\"robots\" content=\"index, follow, max-snippet:-1, max-image-preview:large, max-video-preview:-1\" \/>\n<link rel=\"canonical\" href=\"https:\/\/autofans.com.ar\/index.php\/2026\/01\/16\/voge-2026-verano-motos-y-aventura-en-pinamar\/\" \/>\n<meta property=\"og:locale\" content=\"es_ES\" \/>\n<meta property=\"og:type\" content=\"article\" \/>\n<meta property=\"og:title\" content=\"VOGE 2026, verano, motos y aventura en Pinamar -\" \/>\n<meta property=\"og:description\" content=\"VOGE instal\u00f3 su verano 2026 en Pinamar. Con un stand en Avenida Bunge al 700, la marca acerca su gama completa al p\u00fablico...\" \/>\n<meta property=\"og:url\" content=\"https:\/\/autofans.com.ar\/index.php\/2026\/01\/16\/voge-2026-verano-motos-y-aventura-en-pinamar\/\" \/>\n<meta property=\"article:published_time\" content=\"2026-01-16T16:51:57+00:00\" \/>\n<meta property=\"og:image\" content=\"https:\/\/autofans.com.ar\/wp-content\/uploads\/2026\/01\/vo-4.jpg\" \/>\n\t<meta property=\"og:image:width\" content=\"1000\" \/>\n\t<meta property=\"og:image:height\" content=\"667\" \/>\n\t<meta property=\"og:image:type\" content=\"image\/jpeg\" \/>\n<meta name=\"author\" content=\"Alejandro Gabriel Rosito\" \/>\n<meta name=\"twitter:card\" content=\"summary_large_image\" \/>\n<meta name=\"twitter:label1\" content=\"Escrito por\" \/>\n\t<meta name=\"twitter:data1\" content=\"Alejandro Gabriel Rosito\" \/>\n\t<meta name=\"twitter:label2\" content=\"Tiempo de lectura\" \/>\n\t<meta name=\"twitter:data2\" content=\"3 minutos\" \/>\n<script type=\"application\/ld+json\" class=\"yoast-schema-graph\">{\"@context\":\"https:\\\/\\\/schema.org\",\"@graph\":[{\"@type\":\"Article\",\"@id\":\"https:\\\/\\\/autofans.com.ar\\\/index.php\\\/2026\\\/01\\\/16\\\/voge-2026-verano-motos-y-aventura-en-pinamar\\\/#article\",\"isPartOf\":{\"@id\":\"https:\\\/\\\/autofans.com.ar\\\/index.php\\\/2026\\\/01\\\/16\\\/voge-2026-verano-motos-y-aventura-en-pinamar\\\/\"},\"author\":{\"name\":\"Alejandro Gabriel Rosito\",\"@id\":\"https:\\\/\\\/autofans.com.ar\\\/#\\\/schema\\\/person\\\/4a8dda0b6df83ac3d6723e921274c2aa\"},\"headline\":\"VOGE 2026, verano, motos y aventura en Pinamar\",\"datePublished\":\"2026-01-16T16:51:57+00:00\",\"mainEntityOfPage\":{\"@id\":\"https:\\\/\\\/autofans.com.ar\\\/index.php\\\/2026\\\/01\\\/16\\\/voge-2026-verano-motos-y-aventura-en-pinamar\\\/\"},\"wordCount\":359,\"image\":{\"@id\":\"https:\\\/\\\/autofans.com.ar\\\/index.php\\\/2026\\\/01\\\/16\\\/voge-2026-verano-motos-y-aventura-en-pinamar\\\/#primaryimage\"},\"thumbnailUrl\":\"https:\\\/\\\/autofans.com.ar\\\/wp-content\\\/uploads\\\/2026\\\/01\\\/vo-4.jpg\",\"keywords\":[\"300DS\",\"concurso Kilometrando\",\"cuatriciclos\",\"Enduro del Verano\",\"Javier Pizzolito\",\"motos adventure\",\"motos VOGE\",\"off-road Argentina\",\"test rides Pinamar\",\"VOGE\",\"XWOLF 550L\"],\"articleSection\":[\"MOTOS\",\"NOTICIAS\"],\"inLanguage\":\"es\"},{\"@type\":\"WebPage\",\"@id\":\"https:\\\/\\\/autofans.com.ar\\\/index.php\\\/2026\\\/01\\\/16\\\/voge-2026-verano-motos-y-aventura-en-pinamar\\\/\",\"url\":\"https:\\\/\\\/autofans.com.ar\\\/index.php\\\/2026\\\/01\\\/16\\\/voge-2026-verano-motos-y-aventura-en-pinamar\\\/\",\"name\":\"VOGE 2026, verano, motos y aventura en Pinamar -\",\"isPartOf\":{\"@id\":\"https:\\\/\\\/autofans.com.ar\\\/#website\"},\"primaryImageOfPage\":{\"@id\":\"https:\\\/\\\/autofans.com.ar\\\/index.php\\\/2026\\\/01\\\/16\\\/voge-2026-verano-motos-y-aventura-en-pinamar\\\/#primaryimage\"},\"image\":{\"@id\":\"https:\\\/\\\/autofans.com.ar\\\/index.php\\\/2026\\\/01\\\/16\\\/voge-2026-verano-motos-y-aventura-en-pinamar\\\/#primaryimage\"},\"thumbnailUrl\":\"https:\\\/\\\/autofans.com.ar\\\/wp-content\\\/uploads\\\/2026\\\/01\\\/vo-4.jpg\",\"datePublished\":\"2026-01-16T16:51:57+00:00\",\"author\":{\"@id\":\"https:\\\/\\\/autofans.com.ar\\\/#\\\/schema\\\/person\\\/4a8dda0b6df83ac3d6723e921274c2aa\"},\"description\":\"VOGE instal\u00f3 su verano 2026 en Pinamar. Con un stand en Avenida Bunge al 700, la marca acerca su gama completa al p\u00fablico...\",\"breadcrumb\":{\"@id\":\"https:\\\/\\\/autofans.com.ar\\\/index.php\\\/2026\\\/01\\\/16\\\/voge-2026-verano-motos-y-aventura-en-pinamar\\\/#breadcrumb\"},\"inLanguage\":\"es\",\"potentialAction\":[{\"@type\":\"ReadAction\",\"target\":[\"https:\\\/\\\/autofans.com.ar\\\/index.php\\\/2026\\\/01\\\/16\\\/voge-2026-verano-motos-y-aventura-en-pinamar\\\/\"]}]},{\"@type\":\"ImageObject\",\"inLanguage\":\"es\",\"@id\":\"https:\\\/\\\/autofans.com.ar\\\/index.php\\\/2026\\\/01\\\/16\\\/voge-2026-verano-motos-y-aventura-en-pinamar\\\/#primaryimage\",\"url\":\"https:\\\/\\\/autofans.com.ar\\\/wp-content\\\/uploads\\\/2026\\\/01\\\/vo-4.jpg\",\"contentUrl\":\"https:\\\/\\\/autofans.com.ar\\\/wp-content\\\/uploads\\\/2026\\\/01\\\/vo-4.jpg\",\"width\":1000,\"height\":667,\"caption\":\"VOGE\"},{\"@type\":\"BreadcrumbList\",\"@id\":\"https:\\\/\\\/autofans.com.ar\\\/index.php\\\/2026\\\/01\\\/16\\\/voge-2026-verano-motos-y-aventura-en-pinamar\\\/#breadcrumb\",\"itemListElement\":[{\"@type\":\"ListItem\",\"position\":1,\"name\":\"Inicio\",\"item\":\"https:\\\/\\\/autofans.com.ar\\\/\"},{\"@type\":\"ListItem\",\"position\":2,\"name\":\"VOGE 2026, verano, motos y aventura en Pinamar\"}]},{\"@type\":\"WebSite\",\"@id\":\"https:\\\/\\\/autofans.com.ar\\\/#website\",\"url\":\"https:\\\/\\\/autofans.com.ar\\\/\",\"name\":\"\",\"description\":\"El multimedio referente de la industria automotriz\",\"potentialAction\":[{\"@type\":\"SearchAction\",\"target\":{\"@type\":\"EntryPoint\",\"urlTemplate\":\"https:\\\/\\\/autofans.com.ar\\\/?s={search_term_string}\"},\"query-input\":{\"@type\":\"PropertyValueSpecification\",\"valueRequired\":true,\"valueName\":\"search_term_string\"}}],\"inLanguage\":\"es\"},{\"@type\":\"Person\",\"@id\":\"https:\\\/\\\/autofans.com.ar\\\/#\\\/schema\\\/person\\\/4a8dda0b6df83ac3d6723e921274c2aa\",\"name\":\"Alejandro Gabriel Rosito\",\"image\":{\"@type\":\"ImageObject\",\"inLanguage\":\"es\",\"@id\":\"https:\\\/\\\/secure.gravatar.com\\\/avatar\\\/16c5dda1489adfc62618084dcbb91cffd879c374b13fe5dd8e44ed6733852c88?s=96&d=mm&r=g\",\"url\":\"https:\\\/\\\/secure.gravatar.com\\\/avatar\\\/16c5dda1489adfc62618084dcbb91cffd879c374b13fe5dd8e44ed6733852c88?s=96&d=mm&r=g\",\"contentUrl\":\"https:\\\/\\\/secure.gravatar.com\\\/avatar\\\/16c5dda1489adfc62618084dcbb91cffd879c374b13fe5dd8e44ed6733852c88?s=96&d=mm&r=g\",\"caption\":\"Alejandro Gabriel Rosito\"},\"url\":\"https:\\\/\\\/autofans.com.ar\\\/index.php\\\/author\\\/gabrielr\\\/\"}]}<\/script>\n<!-- \/ Yoast SEO plugin. -->","yoast_head_json":{"title":"VOGE 2026, verano, motos y aventura en Pinamar -","description":"VOGE instal\u00f3 su verano 2026 en Pinamar. Con un stand en Avenida Bunge al 700, la marca acerca su gama completa al p\u00fablico...","robots":{"index":"index","follow":"follow","max-snippet":"max-snippet:-1","max-image-preview":"max-image-preview:large","max-video-preview":"max-video-preview:-1"},"canonical":"https:\/\/autofans.com.ar\/index.php\/2026\/01\/16\/voge-2026-verano-motos-y-aventura-en-pinamar\/","og_locale":"es_ES","og_type":"article","og_title":"VOGE 2026, verano, motos y aventura en Pinamar -","og_description":"VOGE instal\u00f3 su verano 2026 en Pinamar. Con un stand en Avenida Bunge al 700, la marca acerca su gama completa al p\u00fablico...","og_url":"https:\/\/autofans.com.ar\/index.php\/2026\/01\/16\/voge-2026-verano-motos-y-aventura-en-pinamar\/","article_published_time":"2026-01-16T16:51:57+00:00","og_image":[{"width":1000,"height":667,"url":"https:\/\/autofans.com.ar\/wp-content\/uploads\/2026\/01\/vo-4.jpg","type":"image\/jpeg"}],"author":"Alejandro Gabriel Rosito","twitter_card":"summary_large_image","twitter_misc":{"Escrito por":"Alejandro Gabriel Rosito","Tiempo de lectura":"3 minutos"},"schema":{"@context":"https:\/\/schema.org","@graph":[{"@type":"Article","@id":"https:\/\/autofans.com.ar\/index.php\/2026\/01\/16\/voge-2026-verano-motos-y-aventura-en-pinamar\/#article","isPartOf":{"@id":"https:\/\/autofans.com.ar\/index.php\/2026\/01\/16\/voge-2026-verano-motos-y-aventura-en-pinamar\/"},"author":{"name":"Alejandro Gabriel Rosito","@id":"https:\/\/autofans.com.ar\/#\/schema\/person\/4a8dda0b6df83ac3d6723e921274c2aa"},"headline":"VOGE 2026, verano, motos y aventura en Pinamar","datePublished":"2026-01-16T16:51:57+00:00","mainEntityOfPage":{"@id":"https:\/\/autofans.com.ar\/index.php\/2026\/01\/16\/voge-2026-verano-motos-y-aventura-en-pinamar\/"},"wordCount":359,"image":{"@id":"https:\/\/autofans.com.ar\/index.php\/2026\/01\/16\/voge-2026-verano-motos-y-aventura-en-pinamar\/#primaryimage"},"thumbnailUrl":"https:\/\/autofans.com.ar\/wp-content\/uploads\/2026\/01\/vo-4.jpg","keywords":["300DS","concurso Kilometrando","cuatriciclos","Enduro del Verano","Javier Pizzolito","motos adventure","motos VOGE","off-road Argentina","test rides Pinamar","VOGE","XWOLF 550L"],"articleSection":["MOTOS","NOTICIAS"],"inLanguage":"es"},{"@type":"WebPage","@id":"https:\/\/autofans.com.ar\/index.php\/2026\/01\/16\/voge-2026-verano-motos-y-aventura-en-pinamar\/","url":"https:\/\/autofans.com.ar\/index.php\/2026\/01\/16\/voge-2026-verano-motos-y-aventura-en-pinamar\/","name":"VOGE 2026, verano, motos y aventura en Pinamar -","isPartOf":{"@id":"https:\/\/autofans.com.ar\/#website"},"primaryImageOfPage":{"@id":"https:\/\/autofans.com.ar\/index.php\/2026\/01\/16\/voge-2026-verano-motos-y-aventura-en-pinamar\/#primaryimage"},"image":{"@id":"https:\/\/autofans.com.ar\/index.php\/2026\/01\/16\/voge-2026-verano-motos-y-aventura-en-pinamar\/#primaryimage"},"thumbnailUrl":"https:\/\/autofans.com.ar\/wp-content\/uploads\/2026\/01\/vo-4.jpg","datePublished":"2026-01-16T16:51:57+00:00","author":{"@id":"https:\/\/autofans.com.ar\/#\/schema\/person\/4a8dda0b6df83ac3d6723e921274c2aa"},"description":"VOGE instal\u00f3 su verano 2026 en Pinamar. Con un stand en Avenida Bunge al 700, la marca acerca su gama completa al p\u00fablico...","breadcrumb":{"@id":"https:\/\/autofans.com.ar\/index.php\/2026\/01\/16\/voge-2026-verano-motos-y-aventura-en-pinamar\/#breadcrumb"},"inLanguage":"es","potentialAction":[{"@type":"ReadAction","target":["https:\/\/autofans.com.ar\/index.php\/2026\/01\/16\/voge-2026-verano-motos-y-aventura-en-pinamar\/"]}]},{"@type":"ImageObject","inLanguage":"es","@id":"https:\/\/autofans.com.ar\/index.php\/2026\/01\/16\/voge-2026-verano-motos-y-aventura-en-pinamar\/#primaryimage","url":"https:\/\/autofans.com.ar\/wp-content\/uploads\/2026\/01\/vo-4.jpg","contentUrl":"https:\/\/autofans.com.ar\/wp-content\/uploads\/2026\/01\/vo-4.jpg","width":1000,"height":667,"caption":"VOGE"},{"@type":"BreadcrumbList","@id":"https:\/\/autofans.com.ar\/index.php\/2026\/01\/16\/voge-2026-verano-motos-y-aventura-en-pinamar\/#breadcrumb","itemListElement":[{"@type":"ListItem","position":1,"name":"Inicio","item":"https:\/\/autofans.com.ar\/"},{"@type":"ListItem","position":2,"name":"VOGE 2026, verano, motos y aventura en Pinamar"}]},{"@type":"WebSite","@id":"https:\/\/autofans.com.ar\/#website","url":"https:\/\/autofans.com.ar\/","name":"","description":"El multimedio referente de la industria automotriz","potentialAction":[{"@type":"SearchAction","target":{"@type":"EntryPoint","urlTemplate":"https:\/\/autofans.com.ar\/?s={search_term_string}"},"query-input":{"@type":"PropertyValueSpecification","valueRequired":true,"valueName":"search_term_string"}}],"inLanguage":"es"},{"@type":"Person","@id":"https:\/\/autofans.com.ar\/#\/schema\/person\/4a8dda0b6df83ac3d6723e921274c2aa","name":"Alejandro Gabriel Rosito","image":{"@type":"ImageObject","inLanguage":"es","@id":"https:\/\/secure.gravatar.com\/avatar\/16c5dda1489adfc62618084dcbb91cffd879c374b13fe5dd8e44ed6733852c88?s=96&d=mm&r=g","url":"https:\/\/secure.gravatar.com\/avatar\/16c5dda1489adfc62618084dcbb91cffd879c374b13fe5dd8e44ed6733852c88?s=96&d=mm&r=g","contentUrl":"https:\/\/secure.gravatar.com\/avatar\/16c5dda1489adfc62618084dcbb91cffd879c374b13fe5dd8e44ed6733852c88?s=96&d=mm&r=g","caption":"Alejandro Gabriel Rosito"},"url":"https:\/\/autofans.com.ar\/index.php\/author\/gabrielr\/"}]}},"featured_image_urls":{"full":["https:\/\/autofans.com.ar\/wp-content\/uploads\/2026\/01\/vo-4.jpg",1000,667,false],"thumbnail":["https:\/\/autofans.com.ar\/wp-content\/uploads\/2026\/01\/vo-4-150x150.jpg",150,150,true],"medium":["https:\/\/autofans.com.ar\/wp-content\/uploads\/2026\/01\/vo-4-300x200.jpg",300,200,true],"medium_large":["https:\/\/autofans.com.ar\/wp-content\/uploads\/2026\/01\/vo-4-768x512.jpg",640,427,true],"large":["https:\/\/autofans.com.ar\/wp-content\/uploads\/2026\/01\/vo-4.jpg",640,427,false],"1536x1536":["https:\/\/autofans.com.ar\/wp-content\/uploads\/2026\/01\/vo-4.jpg",1000,667,false],"2048x2048":["https:\/\/autofans.com.ar\/wp-content\/uploads\/2026\/01\/vo-4.jpg",1000,667,false],"covernews-featured":["https:\/\/autofans.com.ar\/wp-content\/uploads\/2026\/01\/vo-4.jpg",1000,667,false],"covernews-medium":["https:\/\/autofans.com.ar\/wp-content\/uploads\/2026\/01\/vo-4-540x340.jpg",540,340,true]},"author_info":{"display_name":"Alejandro Gabriel Rosito","author_link":"https:\/\/autofans.com.ar\/index.php\/author\/gabrielr\/"},"category_info":"<a href=\"https:\/\/autofans.com.ar\/index.php\/category\/noticias\/motos\/\" rel=\"category tag\">MOTOS<\/a> <a href=\"https:\/\/autofans.com.ar\/index.php\/category\/noticias\/\" rel=\"category tag\">NOTICIAS<\/a>","tag_info":"NOTICIAS","comment_count":0,"_links":{"self":[{"href":"https:\/\/autofans.com.ar\/index.php\/wp-json\/wp\/v2\/posts\/15675","targetHints":{"allow":["GET"]}}],"collection":[{"href":"https:\/\/autofans.com.ar\/index.php\/wp-json\/wp\/v2\/posts"}],"about":[{"href":"https:\/\/autofans.com.ar\/index.php\/wp-json\/wp\/v2\/types\/post"}],"author":[{"embeddable":true,"href":"https:\/\/autofans.com.ar\/index.php\/wp-json\/wp\/v2\/users\/2"}],"replies":[{"embeddable":true,"href":"https:\/\/autofans.com.ar\/index.php\/wp-json\/wp\/v2\/comments?post=15675"}],"version-history":[{"count":6,"href":"https:\/\/autofans.com.ar\/index.php\/wp-json\/wp\/v2\/posts\/15675\/revisions"}],"predecessor-version":[{"id":15688,"href":"https:\/\/autofans.com.ar\/index.php\/wp-json\/wp\/v2\/posts\/15675\/revisions\/15688"}],"wp:featuredmedia":[{"embeddable":true,"href":"https:\/\/autofans.com.ar\/index.php\/wp-json\/wp\/v2\/media\/15678"}],"wp:attachment":[{"href":"https:\/\/autofans.com.ar\/index.php\/wp-json\/wp\/v2\/media?parent=15675"}],"wp:term":[{"taxonomy":"category","embeddable":true,"href":"https:\/\/autofans.com.ar\/index.php\/wp-json\/wp\/v2\/categories?post=15675"},{"taxonomy":"post_tag","embeddable":true,"href":"https:\/\/autofans.com.ar\/index.php\/wp-json\/wp\/v2\/tags?post=15675"}],"curies":[{"name":"wp","href":"https:\/\/api.w.org\/{rel}","templated":true}]}}