{"id":15689,"date":"2026-01-16T20:55:09","date_gmt":"2026-01-16T23:55:09","guid":{"rendered":"https:\/\/autofans.com.ar\/?p=15689"},"modified":"2026-01-16T20:55:09","modified_gmt":"2026-01-16T23:55:09","slug":"citroen-del-2cv-al-futuro-electrico-en-retromobile","status":"publish","type":"post","link":"https:\/\/autofans.com.ar\/index.php\/2026\/01\/16\/citroen-del-2cv-al-futuro-electrico-en-retromobile\/","title":{"rendered":"Citro\u00ebn, del 2CV al futuro el\u00e9ctrico en R\u00e9tromobile"},"content":{"rendered":"<p class=\"ds-markdown-paragraph\">Citro\u00ebn marc\u00f3 presencia con un stand de 512 m\u00b2 en la 50\u00aa edici\u00f3n del Sal\u00f3n R\u00e9tromobile de Par\u00eds. La propuesta reuni\u00f3 m\u00e1s de un siglo de innovaci\u00f3n a trav\u00e9s de seis concept cars ic\u00f3nicos y una pieza \u00fanica: el Traction Avant 15-6 descapotable.<\/p>\n<p class=\"ds-markdown-paragraph\">El centro de atenci\u00f3n fue el concept car ELO, presentado por primera vez al p\u00fablico franc\u00e9s. Este prototipo 100% el\u00e9ctrico de 4,10 metros propone una movilidad adaptable. Con capacidad para hasta seis personas, su interior modular se concibe para trabajo, ocio o descanso. Su dise\u00f1o de un solo volumen y el asiento del conductor central heredan ideas de modelos como el Karin (1980) y el C10 (1956).<\/p>\n<p>&nbsp;<\/p>\n<h2 class=\"ds-markdown-paragraph\">ELO y su conexi\u00f3n con el legado Citro\u00ebn<\/h2>\n<p class=\"ds-markdown-paragraph\">ELO funciona como un laboratorio de ideas que dialoga con prototipos hist\u00f3ricos. De Xanae (1994)toma el concepto de monovolumen familiar y compartido. Del C-Cactus (2007) hereda la filosof\u00eda eco-responsable, utilizando tejidos reciclados. Su arquitectura busca maximizar el espacio, una b\u00fasqueda iniciada con el C10 y su perfil aerodin\u00e1mico.<\/p>\n<p>&nbsp;<\/p>\n<div id='gallery-1' class='gallery galleryid-15689 gallery-columns-2 gallery-size-full'><figure class='gallery-item'>\n\t\t\t<div class='gallery-icon landscape'>\n\t\t\t\t<a href='https:\/\/autofans.com.ar\/index.php\/2026\/01\/16\/citroen-del-2cv-al-futuro-electrico-en-retromobile\/citroen-5-5\/'><img loading=\"lazy\" width=\"1000\" height=\"667\" src=\"https:\/\/autofans.com.ar\/wp-content\/uploads\/2026\/01\/citroen-5.jpg\" class=\"attachment-full size-full\" alt=\"Citro\u00ebn\" aria-describedby=\"gallery-1-15693\" srcset=\"https:\/\/autofans.com.ar\/wp-content\/uploads\/2026\/01\/citroen-5.jpg 1000w, https:\/\/autofans.com.ar\/wp-content\/uploads\/2026\/01\/citroen-5-300x200.jpg 300w, https:\/\/autofans.com.ar\/wp-content\/uploads\/2026\/01\/citroen-5-768x512.jpg 768w\" sizes=\"auto, (max-width: 1000px) 100vw, 1000px\" loading=\"lazy\" decoding=\"async\" \/><\/a>\n\t\t\t<\/div>\n\t\t\t\t<figcaption class='wp-caption-text gallery-caption' id='gallery-1-15693'>\n\t\t\t\tC_CactusArchivesCitronOriginsJean-BriceLEMAL\n\t\t\t\t<\/figcaption><\/figure><figure class='gallery-item'>\n\t\t\t<div class='gallery-icon landscape'>\n\t\t\t\t<a href='https:\/\/autofans.com.ar\/index.php\/2026\/01\/16\/citroen-del-2cv-al-futuro-electrico-en-retromobile\/citroen-6-2\/'><img loading=\"lazy\" width=\"1000\" height=\"667\" src=\"https:\/\/autofans.com.ar\/wp-content\/uploads\/2026\/01\/citroen-6.jpg\" class=\"attachment-full size-full\" alt=\"Citro\u00ebn\" aria-describedby=\"gallery-1-15692\" srcset=\"https:\/\/autofans.com.ar\/wp-content\/uploads\/2026\/01\/citroen-6.jpg 1000w, https:\/\/autofans.com.ar\/wp-content\/uploads\/2026\/01\/citroen-6-300x200.jpg 300w, https:\/\/autofans.com.ar\/wp-content\/uploads\/2026\/01\/citroen-6-768x512.jpg 768w\" sizes=\"auto, (max-width: 1000px) 100vw, 1000px\" loading=\"lazy\" decoding=\"async\" \/><\/a>\n\t\t\t<\/div>\n\t\t\t\t<figcaption class='wp-caption-text gallery-caption' id='gallery-1-15692'>\n\t\t\t\tELO_Citroen-2\n\t\t\t\t<\/figcaption><\/figure>\n\t\t<\/div>\n\n<p>&nbsp;<\/p>\n<p class=\"ds-markdown-paragraph\">La posici\u00f3n de conducci\u00f3n central y la visibilidad panor\u00e1mica son un gui\u00f1o al futurista Karin, que en 1980 incorpor\u00f3 una pantalla electr\u00f3nica. La b\u00fasqueda de confort mediante tecnolog\u00eda avanzada ya estaba en el Activa 1 (1988), pionero en suspensi\u00f3n hidr\u00e1ulica gestionada electr\u00f3nicamente.<\/p>\n<p>&nbsp;<\/p>\n<h2 class=\"ds-markdown-paragraph\">Prototipos que definieron una era<\/h2>\n<p class=\"ds-markdown-paragraph\">El stand incluy\u00f3 piezas fundamentales. El 2 CV A de 1939 es uno de los cuatro sobrevivientes de la serie previa a la guerra. Su desarrollo buscaba crear un auto econ\u00f3mico y pr\u00e1ctico, sentando las bases de un \u00edcono.<\/p>\n<p>&nbsp;<\/p>\n<div id='gallery-2' class='gallery galleryid-15689 gallery-columns-2 gallery-size-full'><figure class='gallery-item'>\n\t\t\t<div class='gallery-icon landscape'>\n\t\t\t\t<a href='https:\/\/autofans.com.ar\/index.php\/2026\/01\/16\/citroen-del-2cv-al-futuro-electrico-en-retromobile\/citroen-7\/'><img loading=\"lazy\" width=\"1000\" height=\"667\" src=\"https:\/\/autofans.com.ar\/wp-content\/uploads\/2026\/01\/citroen-7.jpg\" class=\"attachment-full size-full\" alt=\"Citro\u00ebn\" aria-describedby=\"gallery-2-15691\" srcset=\"https:\/\/autofans.com.ar\/wp-content\/uploads\/2026\/01\/citroen-7.jpg 1000w, https:\/\/autofans.com.ar\/wp-content\/uploads\/2026\/01\/citroen-7-300x200.jpg 300w, https:\/\/autofans.com.ar\/wp-content\/uploads\/2026\/01\/citroen-7-768x512.jpg 768w\" sizes=\"auto, (max-width: 1000px) 100vw, 1000px\" loading=\"lazy\" decoding=\"async\" \/><\/a>\n\t\t\t<\/div>\n\t\t\t\t<figcaption class='wp-caption-text gallery-caption' id='gallery-2-15691'>\n\t\t\t\t2CV1939ArchivesTerreBlanche_Georges_Guyot\n\t\t\t\t<\/figcaption><\/figure><figure class='gallery-item'>\n\t\t\t<div class='gallery-icon landscape'>\n\t\t\t\t<a href='https:\/\/autofans.com.ar\/index.php\/2026\/01\/16\/citroen-del-2cv-al-futuro-electrico-en-retromobile\/citroen-2-11\/'><img loading=\"lazy\" width=\"1000\" height=\"667\" src=\"https:\/\/autofans.com.ar\/wp-content\/uploads\/2026\/01\/citroen-2.jpg\" class=\"attachment-full size-full\" alt=\"Citro\u00ebn\" aria-describedby=\"gallery-2-15696\" srcset=\"https:\/\/autofans.com.ar\/wp-content\/uploads\/2026\/01\/citroen-2.jpg 1000w, https:\/\/autofans.com.ar\/wp-content\/uploads\/2026\/01\/citroen-2-300x200.jpg 300w, https:\/\/autofans.com.ar\/wp-content\/uploads\/2026\/01\/citroen-2-768x512.jpg 768w\" sizes=\"auto, (max-width: 1000px) 100vw, 1000px\" loading=\"lazy\" decoding=\"async\" \/><\/a>\n\t\t\t<\/div>\n\t\t\t\t<figcaption class='wp-caption-text gallery-caption' id='gallery-2-15696'>\n\t\t\t\tRtromobile_Cabriolet15SixRouge1\n\t\t\t\t<\/figcaption><\/figure>\n\t\t<\/div>\n\n<p>&nbsp;<\/p>\n<p class=\"ds-markdown-paragraph\">Junto a estos conceptos, se exhibi\u00f3 un veh\u00edculo de colecci\u00f3n: el Traction Avant 15-6 descapotable. Este modelo, uno de los tres prototipos aut\u00e9nticos a nivel mundial, se mostr\u00f3 por primera vez en el R\u00e9tromobile de 1976. Para esta edici\u00f3n aniversario, fue presentado por el club La Traction Universelle.<\/p>\n<p>&nbsp;<\/p>\n<h2 class=\"ds-markdown-paragraph\">El ADN de la marca, innovaci\u00f3n al servicio de las personas<\/h2>\n<p>&nbsp;<\/p>\n<div id='gallery-3' class='gallery galleryid-15689 gallery-columns-3 gallery-size-full'><figure class='gallery-item'>\n\t\t\t<div class='gallery-icon landscape'>\n\t\t\t\t<a href='https:\/\/autofans.com.ar\/index.php\/2026\/01\/16\/citroen-del-2cv-al-futuro-electrico-en-retromobile\/citroen-3-11\/'><img loading=\"lazy\" width=\"1000\" height=\"667\" src=\"https:\/\/autofans.com.ar\/wp-content\/uploads\/2026\/01\/citroen-3.jpg\" class=\"attachment-full size-full\" alt=\"Citro\u00ebn\" aria-describedby=\"gallery-3-15695\" srcset=\"https:\/\/autofans.com.ar\/wp-content\/uploads\/2026\/01\/citroen-3.jpg 1000w, https:\/\/autofans.com.ar\/wp-content\/uploads\/2026\/01\/citroen-3-300x200.jpg 300w, https:\/\/autofans.com.ar\/wp-content\/uploads\/2026\/01\/citroen-3-768x512.jpg 768w\" sizes=\"auto, (max-width: 1000px) 100vw, 1000px\" loading=\"lazy\" decoding=\"async\" \/><\/a>\n\t\t\t<\/div>\n\t\t\t\t<figcaption class='wp-caption-text gallery-caption' id='gallery-3-15695'>\n\t\t\t\tProto_C10ArchivesCitronOriginsJean-BriceLEMAL\n\t\t\t\t<\/figcaption><\/figure><figure class='gallery-item'>\n\t\t\t<div class='gallery-icon landscape'>\n\t\t\t\t<a href='https:\/\/autofans.com.ar\/index.php\/2026\/01\/16\/citroen-del-2cv-al-futuro-electrico-en-retromobile\/citroen-4-9\/'><img loading=\"lazy\" width=\"1000\" height=\"667\" src=\"https:\/\/autofans.com.ar\/wp-content\/uploads\/2026\/01\/citroen-4.jpg\" class=\"attachment-full size-full\" alt=\"Citro\u00ebn\" aria-describedby=\"gallery-3-15694\" srcset=\"https:\/\/autofans.com.ar\/wp-content\/uploads\/2026\/01\/citroen-4.jpg 1000w, https:\/\/autofans.com.ar\/wp-content\/uploads\/2026\/01\/citroen-4-300x200.jpg 300w, https:\/\/autofans.com.ar\/wp-content\/uploads\/2026\/01\/citroen-4-768x512.jpg 768w\" sizes=\"auto, (max-width: 1000px) 100vw, 1000px\" loading=\"lazy\" decoding=\"async\" \/><\/a>\n\t\t\t<\/div>\n\t\t\t\t<figcaption class='wp-caption-text gallery-caption' id='gallery-3-15694'>\n\t\t\t\tActiva50ArchivesCitronOriginsJean-BriceLEMAL\n\t\t\t\t<\/figcaption><\/figure><figure class='gallery-item'>\n\t\t\t<div class='gallery-icon landscape'>\n\t\t\t\t<a href='https:\/\/autofans.com.ar\/index.php\/2026\/01\/16\/citroen-del-2cv-al-futuro-electrico-en-retromobile\/citroen-8\/'><img loading=\"lazy\" width=\"1000\" height=\"667\" src=\"https:\/\/autofans.com.ar\/wp-content\/uploads\/2026\/01\/citroen-8.jpg\" class=\"attachment-full size-full\" alt=\"Citro\u00ebn\" aria-describedby=\"gallery-3-15690\" srcset=\"https:\/\/autofans.com.ar\/wp-content\/uploads\/2026\/01\/citroen-8.jpg 1000w, https:\/\/autofans.com.ar\/wp-content\/uploads\/2026\/01\/citroen-8-300x200.jpg 300w, https:\/\/autofans.com.ar\/wp-content\/uploads\/2026\/01\/citroen-8-768x512.jpg 768w\" sizes=\"auto, (max-width: 1000px) 100vw, 1000px\" loading=\"lazy\" decoding=\"async\" \/><\/a>\n\t\t\t<\/div>\n\t\t\t\t<figcaption class='wp-caption-text gallery-caption' id='gallery-3-15690'>\n\t\t\t\tKARINArchivesCitronOriginsJean-BriceLEMAL\n\t\t\t\t<\/figcaption><\/figure>\n\t\t<\/div>\n\n<p>&nbsp;<\/p>\n<p class=\"ds-markdown-paragraph\">La exhibici\u00f3n reforz\u00f3 un principio central de Citro\u00ebn: desarrollar tecnolog\u00edas \u00fatiles que mejoren el confort y hagan la movilidad m\u00e1s accesible. Cada prototipo, desde el 2CV A hasta el ELO, representa una respuesta a las necesidades de su tiempo.<\/p>\n<p class=\"ds-markdown-paragraph\">La presentaci\u00f3n en R\u00e9tromobile demostr\u00f3 c\u00f3mo la creatividad del pasado nutre la visi\u00f3n del futuro. ELO sintetiza ese legado, proyectando una movilidad el\u00e9ctrica, flexible y centrada en el bienestar.<\/p>\n<p>&nbsp;<\/p>\n<p>&nbsp;<\/p>\n<p>&nbsp;<\/p>\n<p><i>Para enterarte de m\u00e1s novedades, no dejes de leer\u00a0<\/i><a href=\"https:\/\/autofans.thebrandsoup.com\/\"><i>nuestras notas<\/i><\/a><i>, de ver\u00a0<\/i><a href=\"https:\/\/www.youtube.com\/channel\/UCgAC8UGHZYbT6P7PpmVnP7g\"><i>AUTOFANS TV<\/i><\/a><i>\u00a0en nuestro\u00a0canal de Youtube. Adem\u00e1s seguinos en\u00a0<\/i><a href=\"https:\/\/www.instagram.com\/autofanstv\/\"><i>INSTAGRAM<\/i><\/a><i> y <\/i><a href=\"https:\/\/www.facebook.com\/autofansmas\/\"><i>FACEBOOK<\/i><\/a><i> para no perderte nada sobre las novedades del segmento automotor de Argentina y el mundo.<\/i><\/p>\n","protected":false},"excerpt":{"rendered":"<p>Citro\u00ebn marc\u00f3 presencia con un stand de 512 m\u00b2 en la 50\u00aa edici\u00f3n del Sal\u00f3n&#8230;<\/p>\n","protected":false},"author":2,"featured_media":15697,"comment_status":"closed","ping_status":"closed","sticky":false,"template":"","format":"standard","meta":{"footnotes":""},"categories":[3,16],"tags":[8250,8244,8251,8245,8249,886,379,8246,8248,8247],"class_list":["post-15689","post","type-post","status-publish","format-standard","has-post-thumbnail","hentry","category-autos","category-noticias","tag-citroen-2cv-a","tag-citroen-retromobile-2024","tag-club-la-traction-universelle","tag-concept-car-elo","tag-diseno-de-automoviles","tag-innovacion-automotriz","tag-movilidad-electrica","tag-prototipos-citroen-historicos","tag-salon-del-automovil-clasico-paris","tag-traction-avant-15-6-descapotable"],"yoast_head":"<!-- This site is optimized with the Yoast SEO plugin v27.5 - https:\/\/yoast.com\/product\/yoast-seo-wordpress\/ -->\n<title>Citro\u00ebn, del 2CV al futuro el\u00e9ctrico en R\u00e9tromobile -<\/title>\n<meta name=\"description\" content=\"Citro\u00ebn marc\u00f3 presencia con un stand de 512 m\u00b2 en la 50\u00aa edici\u00f3n del Sal\u00f3n R\u00e9tromobile de Par\u00eds. La propuesta reuni\u00f3 m\u00e1s de un siglo...\" \/>\n<meta name=\"robots\" content=\"index, follow, max-snippet:-1, max-image-preview:large, max-video-preview:-1\" \/>\n<link rel=\"canonical\" href=\"https:\/\/autofans.com.ar\/index.php\/2026\/01\/16\/citroen-del-2cv-al-futuro-electrico-en-retromobile\/\" \/>\n<meta property=\"og:locale\" content=\"es_ES\" \/>\n<meta property=\"og:type\" content=\"article\" \/>\n<meta property=\"og:title\" content=\"Citro\u00ebn, del 2CV al futuro el\u00e9ctrico en R\u00e9tromobile -\" \/>\n<meta property=\"og:description\" content=\"Citro\u00ebn marc\u00f3 presencia con un stand de 512 m\u00b2 en la 50\u00aa edici\u00f3n del Sal\u00f3n R\u00e9tromobile de Par\u00eds. La propuesta reuni\u00f3 m\u00e1s de un siglo...\" \/>\n<meta property=\"og:url\" content=\"https:\/\/autofans.com.ar\/index.php\/2026\/01\/16\/citroen-del-2cv-al-futuro-electrico-en-retromobile\/\" \/>\n<meta property=\"article:published_time\" content=\"2026-01-16T23:55:09+00:00\" \/>\n<meta property=\"og:image\" content=\"https:\/\/autofans.com.ar\/wp-content\/uploads\/2026\/01\/citroen-1.jpg\" \/>\n\t<meta property=\"og:image:width\" content=\"1000\" \/>\n\t<meta property=\"og:image:height\" content=\"667\" \/>\n\t<meta property=\"og:image:type\" content=\"image\/jpeg\" \/>\n<meta name=\"author\" content=\"Alejandro Gabriel Rosito\" \/>\n<meta name=\"twitter:card\" content=\"summary_large_image\" \/>\n<meta name=\"twitter:label1\" content=\"Escrito por\" \/>\n\t<meta name=\"twitter:data1\" content=\"Alejandro Gabriel Rosito\" \/>\n\t<meta name=\"twitter:label2\" content=\"Tiempo de lectura\" \/>\n\t<meta name=\"twitter:data2\" content=\"3 minutos\" \/>\n<script type=\"application\/ld+json\" class=\"yoast-schema-graph\">{\"@context\":\"https:\\\/\\\/schema.org\",\"@graph\":[{\"@type\":\"Article\",\"@id\":\"https:\\\/\\\/autofans.com.ar\\\/index.php\\\/2026\\\/01\\\/16\\\/citroen-del-2cv-al-futuro-electrico-en-retromobile\\\/#article\",\"isPartOf\":{\"@id\":\"https:\\\/\\\/autofans.com.ar\\\/index.php\\\/2026\\\/01\\\/16\\\/citroen-del-2cv-al-futuro-electrico-en-retromobile\\\/\"},\"author\":{\"name\":\"Alejandro Gabriel Rosito\",\"@id\":\"https:\\\/\\\/autofans.com.ar\\\/#\\\/schema\\\/person\\\/4a8dda0b6df83ac3d6723e921274c2aa\"},\"headline\":\"Citro\u00ebn, del 2CV al futuro el\u00e9ctrico en R\u00e9tromobile\",\"datePublished\":\"2026-01-16T23:55:09+00:00\",\"mainEntityOfPage\":{\"@id\":\"https:\\\/\\\/autofans.com.ar\\\/index.php\\\/2026\\\/01\\\/16\\\/citroen-del-2cv-al-futuro-electrico-en-retromobile\\\/\"},\"wordCount\":493,\"image\":{\"@id\":\"https:\\\/\\\/autofans.com.ar\\\/index.php\\\/2026\\\/01\\\/16\\\/citroen-del-2cv-al-futuro-electrico-en-retromobile\\\/#primaryimage\"},\"thumbnailUrl\":\"https:\\\/\\\/autofans.com.ar\\\/wp-content\\\/uploads\\\/2026\\\/01\\\/citroen-1.jpg\",\"keywords\":[\"Citro\u00ebn 2CV A\",\"Citro\u00ebn R\u00e9tromobile 2024\",\"club La Traction Universelle.\",\"concept car ELO\",\"dise\u00f1o de autom\u00f3viles\",\"Innovaci\u00f3n automotriz\",\"movilidad el\u00e9ctrica\",\"prototipos Citro\u00ebn hist\u00f3ricos\",\"sal\u00f3n del autom\u00f3vil cl\u00e1sico Par\u00eds\",\"Traction Avant 15-6 descapotable\"],\"articleSection\":[\"AUTOS y SUV\",\"NOTICIAS\"],\"inLanguage\":\"es\"},{\"@type\":\"WebPage\",\"@id\":\"https:\\\/\\\/autofans.com.ar\\\/index.php\\\/2026\\\/01\\\/16\\\/citroen-del-2cv-al-futuro-electrico-en-retromobile\\\/\",\"url\":\"https:\\\/\\\/autofans.com.ar\\\/index.php\\\/2026\\\/01\\\/16\\\/citroen-del-2cv-al-futuro-electrico-en-retromobile\\\/\",\"name\":\"Citro\u00ebn, del 2CV al futuro el\u00e9ctrico en R\u00e9tromobile -\",\"isPartOf\":{\"@id\":\"https:\\\/\\\/autofans.com.ar\\\/#website\"},\"primaryImageOfPage\":{\"@id\":\"https:\\\/\\\/autofans.com.ar\\\/index.php\\\/2026\\\/01\\\/16\\\/citroen-del-2cv-al-futuro-electrico-en-retromobile\\\/#primaryimage\"},\"image\":{\"@id\":\"https:\\\/\\\/autofans.com.ar\\\/index.php\\\/2026\\\/01\\\/16\\\/citroen-del-2cv-al-futuro-electrico-en-retromobile\\\/#primaryimage\"},\"thumbnailUrl\":\"https:\\\/\\\/autofans.com.ar\\\/wp-content\\\/uploads\\\/2026\\\/01\\\/citroen-1.jpg\",\"datePublished\":\"2026-01-16T23:55:09+00:00\",\"author\":{\"@id\":\"https:\\\/\\\/autofans.com.ar\\\/#\\\/schema\\\/person\\\/4a8dda0b6df83ac3d6723e921274c2aa\"},\"description\":\"Citro\u00ebn marc\u00f3 presencia con un stand de 512 m\u00b2 en la 50\u00aa edici\u00f3n del Sal\u00f3n R\u00e9tromobile de Par\u00eds. La propuesta reuni\u00f3 m\u00e1s de un siglo...\",\"breadcrumb\":{\"@id\":\"https:\\\/\\\/autofans.com.ar\\\/index.php\\\/2026\\\/01\\\/16\\\/citroen-del-2cv-al-futuro-electrico-en-retromobile\\\/#breadcrumb\"},\"inLanguage\":\"es\",\"potentialAction\":[{\"@type\":\"ReadAction\",\"target\":[\"https:\\\/\\\/autofans.com.ar\\\/index.php\\\/2026\\\/01\\\/16\\\/citroen-del-2cv-al-futuro-electrico-en-retromobile\\\/\"]}]},{\"@type\":\"ImageObject\",\"inLanguage\":\"es\",\"@id\":\"https:\\\/\\\/autofans.com.ar\\\/index.php\\\/2026\\\/01\\\/16\\\/citroen-del-2cv-al-futuro-electrico-en-retromobile\\\/#primaryimage\",\"url\":\"https:\\\/\\\/autofans.com.ar\\\/wp-content\\\/uploads\\\/2026\\\/01\\\/citroen-1.jpg\",\"contentUrl\":\"https:\\\/\\\/autofans.com.ar\\\/wp-content\\\/uploads\\\/2026\\\/01\\\/citroen-1.jpg\",\"width\":1000,\"height\":667,\"caption\":\"Citro\u00ebn\"},{\"@type\":\"BreadcrumbList\",\"@id\":\"https:\\\/\\\/autofans.com.ar\\\/index.php\\\/2026\\\/01\\\/16\\\/citroen-del-2cv-al-futuro-electrico-en-retromobile\\\/#breadcrumb\",\"itemListElement\":[{\"@type\":\"ListItem\",\"position\":1,\"name\":\"Inicio\",\"item\":\"https:\\\/\\\/autofans.com.ar\\\/\"},{\"@type\":\"ListItem\",\"position\":2,\"name\":\"Citro\u00ebn, del 2CV al futuro el\u00e9ctrico en R\u00e9tromobile\"}]},{\"@type\":\"WebSite\",\"@id\":\"https:\\\/\\\/autofans.com.ar\\\/#website\",\"url\":\"https:\\\/\\\/autofans.com.ar\\\/\",\"name\":\"\",\"description\":\"El multimedio referente de la industria automotriz\",\"potentialAction\":[{\"@type\":\"SearchAction\",\"target\":{\"@type\":\"EntryPoint\",\"urlTemplate\":\"https:\\\/\\\/autofans.com.ar\\\/?s={search_term_string}\"},\"query-input\":{\"@type\":\"PropertyValueSpecification\",\"valueRequired\":true,\"valueName\":\"search_term_string\"}}],\"inLanguage\":\"es\"},{\"@type\":\"Person\",\"@id\":\"https:\\\/\\\/autofans.com.ar\\\/#\\\/schema\\\/person\\\/4a8dda0b6df83ac3d6723e921274c2aa\",\"name\":\"Alejandro Gabriel Rosito\",\"image\":{\"@type\":\"ImageObject\",\"inLanguage\":\"es\",\"@id\":\"https:\\\/\\\/secure.gravatar.com\\\/avatar\\\/16c5dda1489adfc62618084dcbb91cffd879c374b13fe5dd8e44ed6733852c88?s=96&d=mm&r=g\",\"url\":\"https:\\\/\\\/secure.gravatar.com\\\/avatar\\\/16c5dda1489adfc62618084dcbb91cffd879c374b13fe5dd8e44ed6733852c88?s=96&d=mm&r=g\",\"contentUrl\":\"https:\\\/\\\/secure.gravatar.com\\\/avatar\\\/16c5dda1489adfc62618084dcbb91cffd879c374b13fe5dd8e44ed6733852c88?s=96&d=mm&r=g\",\"caption\":\"Alejandro Gabriel Rosito\"},\"url\":\"https:\\\/\\\/autofans.com.ar\\\/index.php\\\/author\\\/gabrielr\\\/\"}]}<\/script>\n<!-- \/ Yoast SEO plugin. -->","yoast_head_json":{"title":"Citro\u00ebn, del 2CV al futuro el\u00e9ctrico en R\u00e9tromobile -","description":"Citro\u00ebn marc\u00f3 presencia con un stand de 512 m\u00b2 en la 50\u00aa edici\u00f3n del Sal\u00f3n R\u00e9tromobile de Par\u00eds. La propuesta reuni\u00f3 m\u00e1s de un siglo...","robots":{"index":"index","follow":"follow","max-snippet":"max-snippet:-1","max-image-preview":"max-image-preview:large","max-video-preview":"max-video-preview:-1"},"canonical":"https:\/\/autofans.com.ar\/index.php\/2026\/01\/16\/citroen-del-2cv-al-futuro-electrico-en-retromobile\/","og_locale":"es_ES","og_type":"article","og_title":"Citro\u00ebn, del 2CV al futuro el\u00e9ctrico en R\u00e9tromobile -","og_description":"Citro\u00ebn marc\u00f3 presencia con un stand de 512 m\u00b2 en la 50\u00aa edici\u00f3n del Sal\u00f3n R\u00e9tromobile de Par\u00eds. La propuesta reuni\u00f3 m\u00e1s de un siglo...","og_url":"https:\/\/autofans.com.ar\/index.php\/2026\/01\/16\/citroen-del-2cv-al-futuro-electrico-en-retromobile\/","article_published_time":"2026-01-16T23:55:09+00:00","og_image":[{"width":1000,"height":667,"url":"https:\/\/autofans.com.ar\/wp-content\/uploads\/2026\/01\/citroen-1.jpg","type":"image\/jpeg"}],"author":"Alejandro Gabriel Rosito","twitter_card":"summary_large_image","twitter_misc":{"Escrito por":"Alejandro Gabriel Rosito","Tiempo de lectura":"3 minutos"},"schema":{"@context":"https:\/\/schema.org","@graph":[{"@type":"Article","@id":"https:\/\/autofans.com.ar\/index.php\/2026\/01\/16\/citroen-del-2cv-al-futuro-electrico-en-retromobile\/#article","isPartOf":{"@id":"https:\/\/autofans.com.ar\/index.php\/2026\/01\/16\/citroen-del-2cv-al-futuro-electrico-en-retromobile\/"},"author":{"name":"Alejandro Gabriel Rosito","@id":"https:\/\/autofans.com.ar\/#\/schema\/person\/4a8dda0b6df83ac3d6723e921274c2aa"},"headline":"Citro\u00ebn, del 2CV al futuro el\u00e9ctrico en R\u00e9tromobile","datePublished":"2026-01-16T23:55:09+00:00","mainEntityOfPage":{"@id":"https:\/\/autofans.com.ar\/index.php\/2026\/01\/16\/citroen-del-2cv-al-futuro-electrico-en-retromobile\/"},"wordCount":493,"image":{"@id":"https:\/\/autofans.com.ar\/index.php\/2026\/01\/16\/citroen-del-2cv-al-futuro-electrico-en-retromobile\/#primaryimage"},"thumbnailUrl":"https:\/\/autofans.com.ar\/wp-content\/uploads\/2026\/01\/citroen-1.jpg","keywords":["Citro\u00ebn 2CV A","Citro\u00ebn R\u00e9tromobile 2024","club La Traction Universelle.","concept car ELO","dise\u00f1o de autom\u00f3viles","Innovaci\u00f3n automotriz","movilidad el\u00e9ctrica","prototipos Citro\u00ebn hist\u00f3ricos","sal\u00f3n del autom\u00f3vil cl\u00e1sico Par\u00eds","Traction Avant 15-6 descapotable"],"articleSection":["AUTOS y SUV","NOTICIAS"],"inLanguage":"es"},{"@type":"WebPage","@id":"https:\/\/autofans.com.ar\/index.php\/2026\/01\/16\/citroen-del-2cv-al-futuro-electrico-en-retromobile\/","url":"https:\/\/autofans.com.ar\/index.php\/2026\/01\/16\/citroen-del-2cv-al-futuro-electrico-en-retromobile\/","name":"Citro\u00ebn, del 2CV al futuro el\u00e9ctrico en R\u00e9tromobile -","isPartOf":{"@id":"https:\/\/autofans.com.ar\/#website"},"primaryImageOfPage":{"@id":"https:\/\/autofans.com.ar\/index.php\/2026\/01\/16\/citroen-del-2cv-al-futuro-electrico-en-retromobile\/#primaryimage"},"image":{"@id":"https:\/\/autofans.com.ar\/index.php\/2026\/01\/16\/citroen-del-2cv-al-futuro-electrico-en-retromobile\/#primaryimage"},"thumbnailUrl":"https:\/\/autofans.com.ar\/wp-content\/uploads\/2026\/01\/citroen-1.jpg","datePublished":"2026-01-16T23:55:09+00:00","author":{"@id":"https:\/\/autofans.com.ar\/#\/schema\/person\/4a8dda0b6df83ac3d6723e921274c2aa"},"description":"Citro\u00ebn marc\u00f3 presencia con un stand de 512 m\u00b2 en la 50\u00aa edici\u00f3n del Sal\u00f3n R\u00e9tromobile de Par\u00eds. La propuesta reuni\u00f3 m\u00e1s de un siglo...","breadcrumb":{"@id":"https:\/\/autofans.com.ar\/index.php\/2026\/01\/16\/citroen-del-2cv-al-futuro-electrico-en-retromobile\/#breadcrumb"},"inLanguage":"es","potentialAction":[{"@type":"ReadAction","target":["https:\/\/autofans.com.ar\/index.php\/2026\/01\/16\/citroen-del-2cv-al-futuro-electrico-en-retromobile\/"]}]},{"@type":"ImageObject","inLanguage":"es","@id":"https:\/\/autofans.com.ar\/index.php\/2026\/01\/16\/citroen-del-2cv-al-futuro-electrico-en-retromobile\/#primaryimage","url":"https:\/\/autofans.com.ar\/wp-content\/uploads\/2026\/01\/citroen-1.jpg","contentUrl":"https:\/\/autofans.com.ar\/wp-content\/uploads\/2026\/01\/citroen-1.jpg","width":1000,"height":667,"caption":"Citro\u00ebn"},{"@type":"BreadcrumbList","@id":"https:\/\/autofans.com.ar\/index.php\/2026\/01\/16\/citroen-del-2cv-al-futuro-electrico-en-retromobile\/#breadcrumb","itemListElement":[{"@type":"ListItem","position":1,"name":"Inicio","item":"https:\/\/autofans.com.ar\/"},{"@type":"ListItem","position":2,"name":"Citro\u00ebn, del 2CV al futuro el\u00e9ctrico en R\u00e9tromobile"}]},{"@type":"WebSite","@id":"https:\/\/autofans.com.ar\/#website","url":"https:\/\/autofans.com.ar\/","name":"","description":"El multimedio referente de la industria automotriz","potentialAction":[{"@type":"SearchAction","target":{"@type":"EntryPoint","urlTemplate":"https:\/\/autofans.com.ar\/?s={search_term_string}"},"query-input":{"@type":"PropertyValueSpecification","valueRequired":true,"valueName":"search_term_string"}}],"inLanguage":"es"},{"@type":"Person","@id":"https:\/\/autofans.com.ar\/#\/schema\/person\/4a8dda0b6df83ac3d6723e921274c2aa","name":"Alejandro Gabriel Rosito","image":{"@type":"ImageObject","inLanguage":"es","@id":"https:\/\/secure.gravatar.com\/avatar\/16c5dda1489adfc62618084dcbb91cffd879c374b13fe5dd8e44ed6733852c88?s=96&d=mm&r=g","url":"https:\/\/secure.gravatar.com\/avatar\/16c5dda1489adfc62618084dcbb91cffd879c374b13fe5dd8e44ed6733852c88?s=96&d=mm&r=g","contentUrl":"https:\/\/secure.gravatar.com\/avatar\/16c5dda1489adfc62618084dcbb91cffd879c374b13fe5dd8e44ed6733852c88?s=96&d=mm&r=g","caption":"Alejandro Gabriel Rosito"},"url":"https:\/\/autofans.com.ar\/index.php\/author\/gabrielr\/"}]}},"featured_image_urls":{"full":["https:\/\/autofans.com.ar\/wp-content\/uploads\/2026\/01\/citroen-1.jpg",1000,667,false],"thumbnail":["https:\/\/autofans.com.ar\/wp-content\/uploads\/2026\/01\/citroen-1-150x150.jpg",150,150,true],"medium":["https:\/\/autofans.com.ar\/wp-content\/uploads\/2026\/01\/citroen-1-300x200.jpg",300,200,true],"medium_large":["https:\/\/autofans.com.ar\/wp-content\/uploads\/2026\/01\/citroen-1-768x512.jpg",640,427,true],"large":["https:\/\/autofans.com.ar\/wp-content\/uploads\/2026\/01\/citroen-1.jpg",640,427,false],"1536x1536":["https:\/\/autofans.com.ar\/wp-content\/uploads\/2026\/01\/citroen-1.jpg",1000,667,false],"2048x2048":["https:\/\/autofans.com.ar\/wp-content\/uploads\/2026\/01\/citroen-1.jpg",1000,667,false],"covernews-featured":["https:\/\/autofans.com.ar\/wp-content\/uploads\/2026\/01\/citroen-1.jpg",1000,667,false],"covernews-medium":["https:\/\/autofans.com.ar\/wp-content\/uploads\/2026\/01\/citroen-1-540x340.jpg",540,340,true]},"author_info":{"display_name":"Alejandro Gabriel Rosito","author_link":"https:\/\/autofans.com.ar\/index.php\/author\/gabrielr\/"},"category_info":"<a href=\"https:\/\/autofans.com.ar\/index.php\/category\/noticias\/autos\/\" rel=\"category tag\">AUTOS y SUV<\/a> <a href=\"https:\/\/autofans.com.ar\/index.php\/category\/noticias\/\" rel=\"category tag\">NOTICIAS<\/a>","tag_info":"NOTICIAS","comment_count":0,"_links":{"self":[{"href":"https:\/\/autofans.com.ar\/index.php\/wp-json\/wp\/v2\/posts\/15689","targetHints":{"allow":["GET"]}}],"collection":[{"href":"https:\/\/autofans.com.ar\/index.php\/wp-json\/wp\/v2\/posts"}],"about":[{"href":"https:\/\/autofans.com.ar\/index.php\/wp-json\/wp\/v2\/types\/post"}],"author":[{"embeddable":true,"href":"https:\/\/autofans.com.ar\/index.php\/wp-json\/wp\/v2\/users\/2"}],"replies":[{"embeddable":true,"href":"https:\/\/autofans.com.ar\/index.php\/wp-json\/wp\/v2\/comments?post=15689"}],"version-history":[{"count":3,"href":"https:\/\/autofans.com.ar\/index.php\/wp-json\/wp\/v2\/posts\/15689\/revisions"}],"predecessor-version":[{"id":15700,"href":"https:\/\/autofans.com.ar\/index.php\/wp-json\/wp\/v2\/posts\/15689\/revisions\/15700"}],"wp:featuredmedia":[{"embeddable":true,"href":"https:\/\/autofans.com.ar\/index.php\/wp-json\/wp\/v2\/media\/15697"}],"wp:attachment":[{"href":"https:\/\/autofans.com.ar\/index.php\/wp-json\/wp\/v2\/media?parent=15689"}],"wp:term":[{"taxonomy":"category","embeddable":true,"href":"https:\/\/autofans.com.ar\/index.php\/wp-json\/wp\/v2\/categories?post=15689"},{"taxonomy":"post_tag","embeddable":true,"href":"https:\/\/autofans.com.ar\/index.php\/wp-json\/wp\/v2\/tags?post=15689"}],"curies":[{"name":"wp","href":"https:\/\/api.w.org\/{rel}","templated":true}]}}