{"id":15701,"date":"2026-01-19T13:51:59","date_gmt":"2026-01-19T16:51:59","guid":{"rendered":"https:\/\/autofans.com.ar\/?p=15701"},"modified":"2026-01-19T13:51:59","modified_gmt":"2026-01-19T16:51:59","slug":"ram-se-une-al-mundo-del-polo-y-presenta-la-nueva-ram-dakota","status":"publish","type":"post","link":"https:\/\/autofans.com.ar\/index.php\/2026\/01\/19\/ram-se-une-al-mundo-del-polo-y-presenta-la-nueva-ram-dakota\/","title":{"rendered":"RAM se une al mundo del polo y presenta la nueva RAM Dakota"},"content":{"rendered":"<p class=\"ds-markdown-paragraph\">RAM estren\u00f3 un nuevo cap\u00edtulo de su plataforma DOERS, protagonizado por Adolfo Cambiaso. La figura m\u00e1xima del polo mundial y creador de La Dolfina encarna los valores de potencia, resiliencia y acci\u00f3n que la marca busca representar.<\/p>\n<p class=\"ds-markdown-paragraph\">Este lanzamiento coincide con la presentaci\u00f3n en el mercado argentino de la nueva RAM Dakota. La pick-up se introduce como un veh\u00edculo para quienes, como Cambiaso, no esperan sino que hacen.<\/p>\n<p>&nbsp;<\/p>\n<h2 class=\"ds-markdown-paragraph\">DOERS, historias de quienes transforman<\/h2>\n<p>&nbsp;<\/p>\n<p><img fetchpriority=\"high\" decoding=\"async\" class=\"aligncenter wp-image-15705 size-full\" src=\"https:\/\/autofans.com.ar\/wp-content\/uploads\/2026\/01\/ram-2.jpg\" alt=\"RAM\" width=\"1000\" height=\"667\" srcset=\"https:\/\/autofans.com.ar\/wp-content\/uploads\/2026\/01\/ram-2.jpg 1000w, https:\/\/autofans.com.ar\/wp-content\/uploads\/2026\/01\/ram-2-300x200.jpg 300w, https:\/\/autofans.com.ar\/wp-content\/uploads\/2026\/01\/ram-2-768x512.jpg 768w\" sizes=\"(max-width: 1000px) 100vw, 1000px\" \/><\/p>\n<p>&nbsp;<\/p>\n<p class=\"ds-markdown-paragraph\">DOERS es la iniciativa de branded content de RAM que narra las trayectorias de personas que marcan la diferencia. El episodio sobre Cambiaso recorre su filosof\u00eda de vida, basada en disciplina, evoluci\u00f3n constante y una mirada \u00fanica que fusiona tradici\u00f3n e innovaci\u00f3n.<\/p>\n<p class=\"ds-markdown-paragraph\">La pieza audiovisual captura su din\u00e1mica cotidiana, donde la toma de decisiones y el movimiento son centrales.<\/p>\n<p>&nbsp;<\/p>\n<blockquote>\n<p style=\"text-align: center;\">\u201cDOERS refleja el ADN de RAM: acompa\u00f1ar a quienes hacen y transforman desde la acci\u00f3n. En este nuevo episodio, junto a Adolfo Cambiaso, contamos una historia aut\u00e9ntica de visi\u00f3n, disciplina y evoluci\u00f3n constante, en el marco del lanzamiento de la nueva RAM Dakota, un producto que comparte esos mismos valores y se integra de manera natural a ese esp\u00edritu\u201d indica Paula Kuzis, Content &amp; Storytelling Manager de Stellantis Argentina<\/p>\n<\/blockquote>\n<p>&nbsp;<\/p>\n<h2 class=\"ds-markdown-paragraph\">La nueva Dakota, hecha para la acci\u00f3n<\/h2>\n<p>En ese contexto, la RAM Dakota aparece como un elemento natural. El contenido muestra su integraci\u00f3n a un ritmo de vida exigente, destacando su desempe\u00f1o en terrenos diversos.<\/p>\n<p>&nbsp;<\/p>\n<div id='gallery-1' class='gallery galleryid-15701 gallery-columns-2 gallery-size-full'><figure class='gallery-item'>\n\t\t\t<div class='gallery-icon landscape'>\n\t\t\t\t<a href='https:\/\/autofans.com.ar\/index.php\/2026\/01\/19\/ram-se-une-al-mundo-del-polo-y-presenta-la-nueva-ram-dakota\/ram-3-16\/'><img loading=\"lazy\" width=\"1000\" height=\"667\" src=\"https:\/\/autofans.com.ar\/wp-content\/uploads\/2026\/01\/ram-3.jpg\" class=\"attachment-full size-full\" alt=\"RAM\" srcset=\"https:\/\/autofans.com.ar\/wp-content\/uploads\/2026\/01\/ram-3.jpg 1000w, https:\/\/autofans.com.ar\/wp-content\/uploads\/2026\/01\/ram-3-300x200.jpg 300w, https:\/\/autofans.com.ar\/wp-content\/uploads\/2026\/01\/ram-3-768x512.jpg 768w\" sizes=\"auto, (max-width: 1000px) 100vw, 1000px\" loading=\"lazy\" decoding=\"async\" \/><\/a>\n\t\t\t<\/div><\/figure><figure class='gallery-item'>\n\t\t\t<div class='gallery-icon landscape'>\n\t\t\t\t<a href='https:\/\/autofans.com.ar\/index.php\/2026\/01\/19\/ram-se-une-al-mundo-del-polo-y-presenta-la-nueva-ram-dakota\/ram-1-16\/'><img loading=\"lazy\" width=\"1000\" height=\"667\" src=\"https:\/\/autofans.com.ar\/wp-content\/uploads\/2026\/01\/ram-1.jpg\" class=\"attachment-full size-full\" alt=\"RAM\" srcset=\"https:\/\/autofans.com.ar\/wp-content\/uploads\/2026\/01\/ram-1.jpg 1000w, https:\/\/autofans.com.ar\/wp-content\/uploads\/2026\/01\/ram-1-300x200.jpg 300w, https:\/\/autofans.com.ar\/wp-content\/uploads\/2026\/01\/ram-1-768x512.jpg 768w\" sizes=\"auto, (max-width: 1000px) 100vw, 1000px\" loading=\"lazy\" decoding=\"async\" \/><\/a>\n\t\t\t<\/div><\/figure>\n\t\t<\/div>\n\n<p>&nbsp;<\/p>\n<p class=\"ds-markdown-paragraph\">La pick-up se presenta como una herramienta que responde con potencia y versatilidad, valores alineados con el proyecto personal y deportivo de Cambiaso: respetar los or\u00edgenes, evolucionar con foco y avanzar con determinaci\u00f3n.<\/p>\n<p>&nbsp;<\/p>\n<h2 class=\"ds-markdown-paragraph\">Una narrativa que consolida la marca<\/h2>\n<p>Con este desarrollo, realizado junto a TogetherWith, RAM fortalece DOERS como una de sus plataformas narrativas clave en la regi\u00f3n. La acci\u00f3n refuerza la identidad de la marca y sirve como marco para el debut de la Dakota.<\/p>\n<p>&nbsp;<\/p>\n<div id='gallery-2' class='gallery galleryid-15701 gallery-columns-2 gallery-size-full'><figure class='gallery-item'>\n\t\t\t<div class='gallery-icon landscape'>\n\t\t\t\t<a href='https:\/\/autofans.com.ar\/index.php\/2026\/01\/19\/ram-se-une-al-mundo-del-polo-y-presenta-la-nueva-ram-dakota\/ram-6-7\/'><img loading=\"lazy\" width=\"1000\" height=\"667\" src=\"https:\/\/autofans.com.ar\/wp-content\/uploads\/2026\/01\/ram-6.jpg\" class=\"attachment-full size-full\" alt=\"ram-6\" srcset=\"https:\/\/autofans.com.ar\/wp-content\/uploads\/2026\/01\/ram-6.jpg 1000w, https:\/\/autofans.com.ar\/wp-content\/uploads\/2026\/01\/ram-6-300x200.jpg 300w, https:\/\/autofans.com.ar\/wp-content\/uploads\/2026\/01\/ram-6-768x512.jpg 768w\" sizes=\"auto, (max-width: 1000px) 100vw, 1000px\" loading=\"lazy\" decoding=\"async\" \/><\/a>\n\t\t\t<\/div><\/figure><figure class='gallery-item'>\n\t\t\t<div class='gallery-icon landscape'>\n\t\t\t\t<a href='https:\/\/autofans.com.ar\/index.php\/2026\/01\/19\/ram-se-une-al-mundo-del-polo-y-presenta-la-nueva-ram-dakota\/ram-4-12\/'><img loading=\"lazy\" width=\"1000\" height=\"667\" src=\"https:\/\/autofans.com.ar\/wp-content\/uploads\/2026\/01\/ram-4.jpg\" class=\"attachment-full size-full\" alt=\"RAM\" srcset=\"https:\/\/autofans.com.ar\/wp-content\/uploads\/2026\/01\/ram-4.jpg 1000w, https:\/\/autofans.com.ar\/wp-content\/uploads\/2026\/01\/ram-4-300x200.jpg 300w, https:\/\/autofans.com.ar\/wp-content\/uploads\/2026\/01\/ram-4-768x512.jpg 768w\" sizes=\"auto, (max-width: 1000px) 100vw, 1000px\" loading=\"lazy\" decoding=\"async\" \/><\/a>\n\t\t\t<\/div><\/figure>\n\t\t<\/div>\n\n<p>&nbsp;<\/p>\n<p class=\"ds-markdown-paragraph\">El mensaje final es claro: sus veh\u00edculos est\u00e1n dise\u00f1ados para quienes construyen, hacen y progresan d\u00eda a d\u00eda.<\/p>\n<p>Click <a href=\"https:\/\/www.youtube.com\/watch?v=xouJVv5qUlI\" target=\"_blank\" rel=\"noopener\" data-saferedirecturl=\"https:\/\/www.google.com\/url?q=https:\/\/www.youtube.com\/watch?v%3DxouJVv5qUlI&amp;source=gmail&amp;ust=1768924748261000&amp;usg=AOvVaw1YgXTL9Qvpd6GKyuZbhE9_\">aqu\u00ed<\/a> para disfrutar del nuevo episodio.<\/p>\n<p>&nbsp;<\/p>\n<p>&nbsp;<\/p>\n<p>&nbsp;<\/p>\n<p><i>Para enterarte de m\u00e1s novedades, no dejes de leer\u00a0<\/i><a href=\"https:\/\/autofans.thebrandsoup.com\/\"><i>nuestras notas<\/i><\/a><i>, de ver\u00a0<\/i><a href=\"https:\/\/www.youtube.com\/channel\/UCgAC8UGHZYbT6P7PpmVnP7g\"><i>AUTOFANS TV<\/i><\/a><i>\u00a0en nuestro\u00a0canal de Youtube. Adem\u00e1s seguinos en\u00a0<\/i><a href=\"https:\/\/www.instagram.com\/autofanstv\/\"><i>INSTAGRAM<\/i><\/a><i> y <\/i><a href=\"https:\/\/www.facebook.com\/autofansmas\/\"><i>FACEBOOK<\/i><\/a><i> para no perderte nada sobre las novedades del segmento automotor de Argentina y el mundo.<\/i><\/p>\n","protected":false},"excerpt":{"rendered":"<p>RAM estren\u00f3 un nuevo cap\u00edtulo de su plataforma DOERS, protagonizado por Adolfo Cambiaso. La figura&#8230;<\/p>\n","protected":false},"author":2,"featured_media":15702,"comment_status":"closed","ping_status":"closed","sticky":false,"template":"","format":"standard","meta":{"footnotes":""},"categories":[1,5],"tags":[8253,38,7033,8252,7032,2743,71,279,2157,296,5533,280],"class_list":["post-15701","post","type-post","status-publish","format-standard","has-post-thumbnail","hentry","category-lanzamientos","category-otros","tag-adolfo-cambiaso","tag-argentina","tag-branded-content","tag-dakota","tag-doers","tag-la-dolfina","tag-lanzamiento","tag-pick-up","tag-polo","tag-ram","tag-togetherwith","tag-vehiculo"],"yoast_head":"<!-- This site is optimized with the Yoast SEO plugin v27.5 - https:\/\/yoast.com\/product\/yoast-seo-wordpress\/ -->\n<title>RAM se une al mundo del polo y presenta la nueva RAM Dakota -<\/title>\n<meta name=\"description\" content=\"RAM estren\u00f3 un nuevo cap\u00edtulo de DOERS, protagonizado por Adolfo Cambiaso. La figura m\u00e1xima del polo mundial y creador de La Dolfina...\" \/>\n<meta name=\"robots\" content=\"index, follow, max-snippet:-1, max-image-preview:large, max-video-preview:-1\" \/>\n<link rel=\"canonical\" href=\"https:\/\/autofans.com.ar\/index.php\/2026\/01\/19\/ram-se-une-al-mundo-del-polo-y-presenta-la-nueva-ram-dakota\/\" \/>\n<meta property=\"og:locale\" content=\"es_ES\" \/>\n<meta property=\"og:type\" content=\"article\" \/>\n<meta property=\"og:title\" content=\"RAM se une al mundo del polo y presenta la nueva RAM Dakota -\" \/>\n<meta property=\"og:description\" content=\"RAM estren\u00f3 un nuevo cap\u00edtulo de DOERS, protagonizado por Adolfo Cambiaso. La figura m\u00e1xima del polo mundial y creador de La Dolfina...\" \/>\n<meta property=\"og:url\" content=\"https:\/\/autofans.com.ar\/index.php\/2026\/01\/19\/ram-se-une-al-mundo-del-polo-y-presenta-la-nueva-ram-dakota\/\" \/>\n<meta property=\"article:published_time\" content=\"2026-01-19T16:51:59+00:00\" \/>\n<meta property=\"og:image\" content=\"https:\/\/autofans.com.ar\/wp-content\/uploads\/2026\/01\/ram-5.jpg\" \/>\n\t<meta property=\"og:image:width\" content=\"1000\" \/>\n\t<meta property=\"og:image:height\" content=\"667\" \/>\n\t<meta property=\"og:image:type\" content=\"image\/jpeg\" \/>\n<meta name=\"author\" content=\"Alejandro Gabriel Rosito\" \/>\n<meta name=\"twitter:card\" content=\"summary_large_image\" \/>\n<meta name=\"twitter:label1\" content=\"Escrito por\" \/>\n\t<meta name=\"twitter:data1\" content=\"Alejandro Gabriel Rosito\" \/>\n\t<meta name=\"twitter:label2\" content=\"Tiempo de lectura\" \/>\n\t<meta name=\"twitter:data2\" content=\"2 minutos\" \/>\n<script type=\"application\/ld+json\" class=\"yoast-schema-graph\">{\"@context\":\"https:\\\/\\\/schema.org\",\"@graph\":[{\"@type\":\"Article\",\"@id\":\"https:\\\/\\\/autofans.com.ar\\\/index.php\\\/2026\\\/01\\\/19\\\/ram-se-une-al-mundo-del-polo-y-presenta-la-nueva-ram-dakota\\\/#article\",\"isPartOf\":{\"@id\":\"https:\\\/\\\/autofans.com.ar\\\/index.php\\\/2026\\\/01\\\/19\\\/ram-se-une-al-mundo-del-polo-y-presenta-la-nueva-ram-dakota\\\/\"},\"author\":{\"name\":\"Alejandro Gabriel Rosito\",\"@id\":\"https:\\\/\\\/autofans.com.ar\\\/#\\\/schema\\\/person\\\/4a8dda0b6df83ac3d6723e921274c2aa\"},\"headline\":\"RAM se une al mundo del polo y presenta la nueva RAM Dakota\",\"datePublished\":\"2026-01-19T16:51:59+00:00\",\"mainEntityOfPage\":{\"@id\":\"https:\\\/\\\/autofans.com.ar\\\/index.php\\\/2026\\\/01\\\/19\\\/ram-se-une-al-mundo-del-polo-y-presenta-la-nueva-ram-dakota\\\/\"},\"wordCount\":445,\"image\":{\"@id\":\"https:\\\/\\\/autofans.com.ar\\\/index.php\\\/2026\\\/01\\\/19\\\/ram-se-une-al-mundo-del-polo-y-presenta-la-nueva-ram-dakota\\\/#primaryimage\"},\"thumbnailUrl\":\"https:\\\/\\\/autofans.com.ar\\\/wp-content\\\/uploads\\\/2026\\\/01\\\/ram-5.jpg\",\"keywords\":[\"Adolfo Cambiaso\",\"Argentina\",\"branded content\",\"Dakota\",\"DOERS\",\"La Dolfina\",\"Lanzamiento\",\"Pick-up\",\"Polo\",\"RAM\",\"Togetherwith\",\"veh\u00edculo\"],\"articleSection\":[\"LANZAMIENTOS\",\"PICK UPs, UTILITARIOS Y OTROS\"],\"inLanguage\":\"es\"},{\"@type\":\"WebPage\",\"@id\":\"https:\\\/\\\/autofans.com.ar\\\/index.php\\\/2026\\\/01\\\/19\\\/ram-se-une-al-mundo-del-polo-y-presenta-la-nueva-ram-dakota\\\/\",\"url\":\"https:\\\/\\\/autofans.com.ar\\\/index.php\\\/2026\\\/01\\\/19\\\/ram-se-une-al-mundo-del-polo-y-presenta-la-nueva-ram-dakota\\\/\",\"name\":\"RAM se une al mundo del polo y presenta la nueva RAM Dakota -\",\"isPartOf\":{\"@id\":\"https:\\\/\\\/autofans.com.ar\\\/#website\"},\"primaryImageOfPage\":{\"@id\":\"https:\\\/\\\/autofans.com.ar\\\/index.php\\\/2026\\\/01\\\/19\\\/ram-se-une-al-mundo-del-polo-y-presenta-la-nueva-ram-dakota\\\/#primaryimage\"},\"image\":{\"@id\":\"https:\\\/\\\/autofans.com.ar\\\/index.php\\\/2026\\\/01\\\/19\\\/ram-se-une-al-mundo-del-polo-y-presenta-la-nueva-ram-dakota\\\/#primaryimage\"},\"thumbnailUrl\":\"https:\\\/\\\/autofans.com.ar\\\/wp-content\\\/uploads\\\/2026\\\/01\\\/ram-5.jpg\",\"datePublished\":\"2026-01-19T16:51:59+00:00\",\"author\":{\"@id\":\"https:\\\/\\\/autofans.com.ar\\\/#\\\/schema\\\/person\\\/4a8dda0b6df83ac3d6723e921274c2aa\"},\"description\":\"RAM estren\u00f3 un nuevo cap\u00edtulo de DOERS, protagonizado por Adolfo Cambiaso. La figura m\u00e1xima del polo mundial y creador de La Dolfina...\",\"breadcrumb\":{\"@id\":\"https:\\\/\\\/autofans.com.ar\\\/index.php\\\/2026\\\/01\\\/19\\\/ram-se-une-al-mundo-del-polo-y-presenta-la-nueva-ram-dakota\\\/#breadcrumb\"},\"inLanguage\":\"es\",\"potentialAction\":[{\"@type\":\"ReadAction\",\"target\":[\"https:\\\/\\\/autofans.com.ar\\\/index.php\\\/2026\\\/01\\\/19\\\/ram-se-une-al-mundo-del-polo-y-presenta-la-nueva-ram-dakota\\\/\"]}]},{\"@type\":\"ImageObject\",\"inLanguage\":\"es\",\"@id\":\"https:\\\/\\\/autofans.com.ar\\\/index.php\\\/2026\\\/01\\\/19\\\/ram-se-une-al-mundo-del-polo-y-presenta-la-nueva-ram-dakota\\\/#primaryimage\",\"url\":\"https:\\\/\\\/autofans.com.ar\\\/wp-content\\\/uploads\\\/2026\\\/01\\\/ram-5.jpg\",\"contentUrl\":\"https:\\\/\\\/autofans.com.ar\\\/wp-content\\\/uploads\\\/2026\\\/01\\\/ram-5.jpg\",\"width\":1000,\"height\":667,\"caption\":\"RAM\"},{\"@type\":\"BreadcrumbList\",\"@id\":\"https:\\\/\\\/autofans.com.ar\\\/index.php\\\/2026\\\/01\\\/19\\\/ram-se-une-al-mundo-del-polo-y-presenta-la-nueva-ram-dakota\\\/#breadcrumb\",\"itemListElement\":[{\"@type\":\"ListItem\",\"position\":1,\"name\":\"Inicio\",\"item\":\"https:\\\/\\\/autofans.com.ar\\\/\"},{\"@type\":\"ListItem\",\"position\":2,\"name\":\"RAM se une al mundo del polo y presenta la nueva RAM Dakota\"}]},{\"@type\":\"WebSite\",\"@id\":\"https:\\\/\\\/autofans.com.ar\\\/#website\",\"url\":\"https:\\\/\\\/autofans.com.ar\\\/\",\"name\":\"\",\"description\":\"El multimedio referente de la industria automotriz\",\"potentialAction\":[{\"@type\":\"SearchAction\",\"target\":{\"@type\":\"EntryPoint\",\"urlTemplate\":\"https:\\\/\\\/autofans.com.ar\\\/?s={search_term_string}\"},\"query-input\":{\"@type\":\"PropertyValueSpecification\",\"valueRequired\":true,\"valueName\":\"search_term_string\"}}],\"inLanguage\":\"es\"},{\"@type\":\"Person\",\"@id\":\"https:\\\/\\\/autofans.com.ar\\\/#\\\/schema\\\/person\\\/4a8dda0b6df83ac3d6723e921274c2aa\",\"name\":\"Alejandro Gabriel Rosito\",\"image\":{\"@type\":\"ImageObject\",\"inLanguage\":\"es\",\"@id\":\"https:\\\/\\\/secure.gravatar.com\\\/avatar\\\/16c5dda1489adfc62618084dcbb91cffd879c374b13fe5dd8e44ed6733852c88?s=96&d=mm&r=g\",\"url\":\"https:\\\/\\\/secure.gravatar.com\\\/avatar\\\/16c5dda1489adfc62618084dcbb91cffd879c374b13fe5dd8e44ed6733852c88?s=96&d=mm&r=g\",\"contentUrl\":\"https:\\\/\\\/secure.gravatar.com\\\/avatar\\\/16c5dda1489adfc62618084dcbb91cffd879c374b13fe5dd8e44ed6733852c88?s=96&d=mm&r=g\",\"caption\":\"Alejandro Gabriel Rosito\"},\"url\":\"https:\\\/\\\/autofans.com.ar\\\/index.php\\\/author\\\/gabrielr\\\/\"}]}<\/script>\n<!-- \/ Yoast SEO plugin. -->","yoast_head_json":{"title":"RAM se une al mundo del polo y presenta la nueva RAM Dakota -","description":"RAM estren\u00f3 un nuevo cap\u00edtulo de DOERS, protagonizado por Adolfo Cambiaso. La figura m\u00e1xima del polo mundial y creador de La Dolfina...","robots":{"index":"index","follow":"follow","max-snippet":"max-snippet:-1","max-image-preview":"max-image-preview:large","max-video-preview":"max-video-preview:-1"},"canonical":"https:\/\/autofans.com.ar\/index.php\/2026\/01\/19\/ram-se-une-al-mundo-del-polo-y-presenta-la-nueva-ram-dakota\/","og_locale":"es_ES","og_type":"article","og_title":"RAM se une al mundo del polo y presenta la nueva RAM Dakota -","og_description":"RAM estren\u00f3 un nuevo cap\u00edtulo de DOERS, protagonizado por Adolfo Cambiaso. La figura m\u00e1xima del polo mundial y creador de La Dolfina...","og_url":"https:\/\/autofans.com.ar\/index.php\/2026\/01\/19\/ram-se-une-al-mundo-del-polo-y-presenta-la-nueva-ram-dakota\/","article_published_time":"2026-01-19T16:51:59+00:00","og_image":[{"width":1000,"height":667,"url":"https:\/\/autofans.com.ar\/wp-content\/uploads\/2026\/01\/ram-5.jpg","type":"image\/jpeg"}],"author":"Alejandro Gabriel Rosito","twitter_card":"summary_large_image","twitter_misc":{"Escrito por":"Alejandro Gabriel Rosito","Tiempo de lectura":"2 minutos"},"schema":{"@context":"https:\/\/schema.org","@graph":[{"@type":"Article","@id":"https:\/\/autofans.com.ar\/index.php\/2026\/01\/19\/ram-se-une-al-mundo-del-polo-y-presenta-la-nueva-ram-dakota\/#article","isPartOf":{"@id":"https:\/\/autofans.com.ar\/index.php\/2026\/01\/19\/ram-se-une-al-mundo-del-polo-y-presenta-la-nueva-ram-dakota\/"},"author":{"name":"Alejandro Gabriel Rosito","@id":"https:\/\/autofans.com.ar\/#\/schema\/person\/4a8dda0b6df83ac3d6723e921274c2aa"},"headline":"RAM se une al mundo del polo y presenta la nueva RAM Dakota","datePublished":"2026-01-19T16:51:59+00:00","mainEntityOfPage":{"@id":"https:\/\/autofans.com.ar\/index.php\/2026\/01\/19\/ram-se-une-al-mundo-del-polo-y-presenta-la-nueva-ram-dakota\/"},"wordCount":445,"image":{"@id":"https:\/\/autofans.com.ar\/index.php\/2026\/01\/19\/ram-se-une-al-mundo-del-polo-y-presenta-la-nueva-ram-dakota\/#primaryimage"},"thumbnailUrl":"https:\/\/autofans.com.ar\/wp-content\/uploads\/2026\/01\/ram-5.jpg","keywords":["Adolfo Cambiaso","Argentina","branded content","Dakota","DOERS","La Dolfina","Lanzamiento","Pick-up","Polo","RAM","Togetherwith","veh\u00edculo"],"articleSection":["LANZAMIENTOS","PICK UPs, UTILITARIOS Y OTROS"],"inLanguage":"es"},{"@type":"WebPage","@id":"https:\/\/autofans.com.ar\/index.php\/2026\/01\/19\/ram-se-une-al-mundo-del-polo-y-presenta-la-nueva-ram-dakota\/","url":"https:\/\/autofans.com.ar\/index.php\/2026\/01\/19\/ram-se-une-al-mundo-del-polo-y-presenta-la-nueva-ram-dakota\/","name":"RAM se une al mundo del polo y presenta la nueva RAM Dakota -","isPartOf":{"@id":"https:\/\/autofans.com.ar\/#website"},"primaryImageOfPage":{"@id":"https:\/\/autofans.com.ar\/index.php\/2026\/01\/19\/ram-se-une-al-mundo-del-polo-y-presenta-la-nueva-ram-dakota\/#primaryimage"},"image":{"@id":"https:\/\/autofans.com.ar\/index.php\/2026\/01\/19\/ram-se-une-al-mundo-del-polo-y-presenta-la-nueva-ram-dakota\/#primaryimage"},"thumbnailUrl":"https:\/\/autofans.com.ar\/wp-content\/uploads\/2026\/01\/ram-5.jpg","datePublished":"2026-01-19T16:51:59+00:00","author":{"@id":"https:\/\/autofans.com.ar\/#\/schema\/person\/4a8dda0b6df83ac3d6723e921274c2aa"},"description":"RAM estren\u00f3 un nuevo cap\u00edtulo de DOERS, protagonizado por Adolfo Cambiaso. La figura m\u00e1xima del polo mundial y creador de La Dolfina...","breadcrumb":{"@id":"https:\/\/autofans.com.ar\/index.php\/2026\/01\/19\/ram-se-une-al-mundo-del-polo-y-presenta-la-nueva-ram-dakota\/#breadcrumb"},"inLanguage":"es","potentialAction":[{"@type":"ReadAction","target":["https:\/\/autofans.com.ar\/index.php\/2026\/01\/19\/ram-se-une-al-mundo-del-polo-y-presenta-la-nueva-ram-dakota\/"]}]},{"@type":"ImageObject","inLanguage":"es","@id":"https:\/\/autofans.com.ar\/index.php\/2026\/01\/19\/ram-se-une-al-mundo-del-polo-y-presenta-la-nueva-ram-dakota\/#primaryimage","url":"https:\/\/autofans.com.ar\/wp-content\/uploads\/2026\/01\/ram-5.jpg","contentUrl":"https:\/\/autofans.com.ar\/wp-content\/uploads\/2026\/01\/ram-5.jpg","width":1000,"height":667,"caption":"RAM"},{"@type":"BreadcrumbList","@id":"https:\/\/autofans.com.ar\/index.php\/2026\/01\/19\/ram-se-une-al-mundo-del-polo-y-presenta-la-nueva-ram-dakota\/#breadcrumb","itemListElement":[{"@type":"ListItem","position":1,"name":"Inicio","item":"https:\/\/autofans.com.ar\/"},{"@type":"ListItem","position":2,"name":"RAM se une al mundo del polo y presenta la nueva RAM Dakota"}]},{"@type":"WebSite","@id":"https:\/\/autofans.com.ar\/#website","url":"https:\/\/autofans.com.ar\/","name":"","description":"El multimedio referente de la industria automotriz","potentialAction":[{"@type":"SearchAction","target":{"@type":"EntryPoint","urlTemplate":"https:\/\/autofans.com.ar\/?s={search_term_string}"},"query-input":{"@type":"PropertyValueSpecification","valueRequired":true,"valueName":"search_term_string"}}],"inLanguage":"es"},{"@type":"Person","@id":"https:\/\/autofans.com.ar\/#\/schema\/person\/4a8dda0b6df83ac3d6723e921274c2aa","name":"Alejandro Gabriel Rosito","image":{"@type":"ImageObject","inLanguage":"es","@id":"https:\/\/secure.gravatar.com\/avatar\/16c5dda1489adfc62618084dcbb91cffd879c374b13fe5dd8e44ed6733852c88?s=96&d=mm&r=g","url":"https:\/\/secure.gravatar.com\/avatar\/16c5dda1489adfc62618084dcbb91cffd879c374b13fe5dd8e44ed6733852c88?s=96&d=mm&r=g","contentUrl":"https:\/\/secure.gravatar.com\/avatar\/16c5dda1489adfc62618084dcbb91cffd879c374b13fe5dd8e44ed6733852c88?s=96&d=mm&r=g","caption":"Alejandro Gabriel Rosito"},"url":"https:\/\/autofans.com.ar\/index.php\/author\/gabrielr\/"}]}},"featured_image_urls":{"full":["https:\/\/autofans.com.ar\/wp-content\/uploads\/2026\/01\/ram-5.jpg",1000,667,false],"thumbnail":["https:\/\/autofans.com.ar\/wp-content\/uploads\/2026\/01\/ram-5-150x150.jpg",150,150,true],"medium":["https:\/\/autofans.com.ar\/wp-content\/uploads\/2026\/01\/ram-5-300x200.jpg",300,200,true],"medium_large":["https:\/\/autofans.com.ar\/wp-content\/uploads\/2026\/01\/ram-5-768x512.jpg",640,427,true],"large":["https:\/\/autofans.com.ar\/wp-content\/uploads\/2026\/01\/ram-5.jpg",640,427,false],"1536x1536":["https:\/\/autofans.com.ar\/wp-content\/uploads\/2026\/01\/ram-5.jpg",1000,667,false],"2048x2048":["https:\/\/autofans.com.ar\/wp-content\/uploads\/2026\/01\/ram-5.jpg",1000,667,false],"covernews-featured":["https:\/\/autofans.com.ar\/wp-content\/uploads\/2026\/01\/ram-5.jpg",1000,667,false],"covernews-medium":["https:\/\/autofans.com.ar\/wp-content\/uploads\/2026\/01\/ram-5-540x340.jpg",540,340,true]},"author_info":{"display_name":"Alejandro Gabriel Rosito","author_link":"https:\/\/autofans.com.ar\/index.php\/author\/gabrielr\/"},"category_info":"<a href=\"https:\/\/autofans.com.ar\/index.php\/category\/lanzamientos\/\" rel=\"category tag\">LANZAMIENTOS<\/a> <a href=\"https:\/\/autofans.com.ar\/index.php\/category\/noticias\/otros\/\" rel=\"category tag\">PICK UPs, UTILITARIOS Y OTROS<\/a>","tag_info":"PICK UPs, UTILITARIOS Y OTROS","comment_count":0,"_links":{"self":[{"href":"https:\/\/autofans.com.ar\/index.php\/wp-json\/wp\/v2\/posts\/15701","targetHints":{"allow":["GET"]}}],"collection":[{"href":"https:\/\/autofans.com.ar\/index.php\/wp-json\/wp\/v2\/posts"}],"about":[{"href":"https:\/\/autofans.com.ar\/index.php\/wp-json\/wp\/v2\/types\/post"}],"author":[{"embeddable":true,"href":"https:\/\/autofans.com.ar\/index.php\/wp-json\/wp\/v2\/users\/2"}],"replies":[{"embeddable":true,"href":"https:\/\/autofans.com.ar\/index.php\/wp-json\/wp\/v2\/comments?post=15701"}],"version-history":[{"count":7,"href":"https:\/\/autofans.com.ar\/index.php\/wp-json\/wp\/v2\/posts\/15701\/revisions"}],"predecessor-version":[{"id":15714,"href":"https:\/\/autofans.com.ar\/index.php\/wp-json\/wp\/v2\/posts\/15701\/revisions\/15714"}],"wp:featuredmedia":[{"embeddable":true,"href":"https:\/\/autofans.com.ar\/index.php\/wp-json\/wp\/v2\/media\/15702"}],"wp:attachment":[{"href":"https:\/\/autofans.com.ar\/index.php\/wp-json\/wp\/v2\/media?parent=15701"}],"wp:term":[{"taxonomy":"category","embeddable":true,"href":"https:\/\/autofans.com.ar\/index.php\/wp-json\/wp\/v2\/categories?post=15701"},{"taxonomy":"post_tag","embeddable":true,"href":"https:\/\/autofans.com.ar\/index.php\/wp-json\/wp\/v2\/tags?post=15701"}],"curies":[{"name":"wp","href":"https:\/\/api.w.org\/{rel}","templated":true}]}}