{"id":15715,"date":"2026-01-19T19:49:05","date_gmt":"2026-01-19T22:49:05","guid":{"rendered":"https:\/\/autofans.com.ar\/?p=15715"},"modified":"2026-01-19T19:49:05","modified_gmt":"2026-01-19T22:49:05","slug":"ds-automobiles-se-suma-como-socio-principal-al-equipo-frances-del-sailgp","status":"publish","type":"post","link":"https:\/\/autofans.com.ar\/index.php\/2026\/01\/19\/ds-automobiles-se-suma-como-socio-principal-al-equipo-frances-del-sailgp\/","title":{"rendered":"DS Automobiles se suma como socio principal al equipo franc\u00e9s del SailGP"},"content":{"rendered":"<p class=\"ds-markdown-paragraph\">DS Automobiles inicia un nuevo cap\u00edtulo. La marca acaba de firmar una alianza estrat\u00e9gica con el France SailGP Team, que pasar\u00e1 a llamarse DS Automobiles SailGP Team France. Este movimiento representa una primicia: es la primera vez que un fabricante de autos alcanza este nivel de asociaci\u00f3n con un equipo dentro de esta competencia.<\/p>\n<p class=\"ds-markdown-paragraph\">El anuncio llega en un momento clave, mientras DS Automobiles prepara el lanzamiento de tres nuevos modelos en un plazo de 18 meses. La alianza deportiva refuerza su desarrollo y proyecci\u00f3n internacional.<\/p>\n<p>&nbsp;<\/p>\n<h2 class=\"ds-markdown-paragraph\">Un proyecto franc\u00e9s con ambici\u00f3n global<\/h2>\n<p class=\"ds-markdown-paragraph\">Desde 2024, el equipo es gestionado por K-Challenge con una visi\u00f3n de futuro. La incorporaci\u00f3n de DS Automobiles como socio principal consolida un colectivo que ya incluye a ALL Accor, el Grupo L\u2019Or\u00e9al y Leyton. Juntos, comparten el objetivo de construir un sistema deportivo de alto rendimiento y generador de valor.<\/p>\n<p class=\"ds-markdown-paragraph\">La asociaci\u00f3n se basa en valores comunes: excelencia, rendimiento y eficiencia. El equipo se posiciona as\u00ed en la vanguardia de una nueva generaci\u00f3n de deporte, donde la tecnolog\u00eda y la responsabilidad ambiental son pilares fundamentales.<\/p>\n<p>&nbsp;<\/p>\n<p><img fetchpriority=\"high\" decoding=\"async\" class=\"aligncenter wp-image-15722 size-full\" src=\"https:\/\/autofans.com.ar\/wp-content\/uploads\/2026\/01\/ds-4.jpg\" alt=\"\" width=\"1000\" height=\"667\" srcset=\"https:\/\/autofans.com.ar\/wp-content\/uploads\/2026\/01\/ds-4.jpg 1000w, https:\/\/autofans.com.ar\/wp-content\/uploads\/2026\/01\/ds-4-300x200.jpg 300w, https:\/\/autofans.com.ar\/wp-content\/uploads\/2026\/01\/ds-4-768x512.jpg 768w\" sizes=\"(max-width: 1000px) 100vw, 1000px\" \/><\/p>\n<p>&nbsp;<\/p>\n<p class=\"ds-markdown-paragraph\">El SailGP no es una regata convencional. Es un campeonato global donde compiten naciones en catamaranes F50 id\u00e9nticos, embarcaciones que pueden superar los 100 km\/h. Para DS Automobiles, este entorno es el escenario perfecto.<\/p>\n<p class=\"ds-markdown-paragraph\">La marca ve en la competici\u00f3n un acelerador de innovaci\u00f3n tecnol\u00f3gica, una filosof\u00eda que ya aplica desde su ingreso a la F\u00f3rmula E en 2015. Los aprendizajes en condiciones l\u00edmite se transfieren luego al desarrollo de sus veh\u00edculos de producci\u00f3n.<\/p>\n<p>&nbsp;<\/p>\n<blockquote>\n<p style=\"text-align: center;\">\u201cEstoy encantado con esta asociaci\u00f3n entre DS Automobiles y el SailGP Team France, que comparten la misma ambici\u00f3n: llevar la Excelencia Francesa al m\u00e1s alto nivel a trav\u00e9s de la tecnolog\u00eda y la innovaci\u00f3n.\u201d<br \/>\nXavier PEUGEOT, CEO de DS Automobiles<\/p>\n<\/blockquote>\n<p>&nbsp;<\/p>\n<p>&nbsp;<\/p>\n<h2 class=\"ds-markdown-paragraph\">Eficiencia y sustentabilidad, el verdadero desaf\u00edo<\/h2>\n<p>&nbsp;<\/p>\n<p><img decoding=\"async\" class=\"aligncenter wp-image-15725 size-full\" src=\"https:\/\/autofans.com.ar\/wp-content\/uploads\/2026\/01\/ds-1.jpg\" alt=\"\" width=\"1000\" height=\"667\" srcset=\"https:\/\/autofans.com.ar\/wp-content\/uploads\/2026\/01\/ds-1.jpg 1000w, https:\/\/autofans.com.ar\/wp-content\/uploads\/2026\/01\/ds-1-300x200.jpg 300w, https:\/\/autofans.com.ar\/wp-content\/uploads\/2026\/01\/ds-1-768x512.jpg 768w\" sizes=\"(max-width: 1000px) 100vw, 1000px\" \/><\/p>\n<p>&nbsp;<\/p>\n<p>&nbsp;<\/p>\n<p class=\"ds-markdown-paragraph\">En el SailGP, el impacto ambiental es central. Existe incluso la Impact League, una competencia paralela que eval\u00faa y premia las pr\u00e1cticas sostenibles de cada equipo. Este aspecto resuena con el compromiso de DS Automobiles y con la visi\u00f3n de K-Challenge, que impulsa la descarbonizaci\u00f3n del sector mar\u00edtimo desde su LAB de innovaci\u00f3n.<\/p>\n<p>&nbsp;<\/p>\n<blockquote>\n<p style=\"text-align: center;\">\u201cCon DS Automobiles compartimos la misma cultura de exigencia, audacia y atenci\u00f3n al detalle. Esta alianza como title partner fortalece un proyecto franc\u00e9s con identidad propia, concebido para rendir de manera sostenible y sostener una fuerte ambici\u00f3n deportiva.\u201d<br \/>\nStephan KANDLER, CEO de K-Challenge<\/p>\n<\/blockquote>\n<p>&nbsp;<\/p>\n<h2 class=\"ds-markdown-paragraph\">El calendario 2026 y el equipo franc\u00e9s<\/h2>\n<p>La temporada 2026 del SailGP es la m\u00e1s extensa hasta ahora, con 13 eventos en cinco continentes. El estreno ser\u00e1 el 17 de enero en Perth, Australia. All\u00ed, el F50 franc\u00e9s y todo el equipo lucir\u00e1n por primera vez los colores de DS Automobiles.<\/p>\n<p>&nbsp;<\/p>\n<p><img decoding=\"async\" class=\"aligncenter wp-image-15723 size-full\" src=\"https:\/\/autofans.com.ar\/wp-content\/uploads\/2026\/01\/ds-3.jpg\" alt=\"\" width=\"1000\" height=\"667\" srcset=\"https:\/\/autofans.com.ar\/wp-content\/uploads\/2026\/01\/ds-3.jpg 1000w, https:\/\/autofans.com.ar\/wp-content\/uploads\/2026\/01\/ds-3-300x200.jpg 300w, https:\/\/autofans.com.ar\/wp-content\/uploads\/2026\/01\/ds-3-768x512.jpg 768w\" sizes=\"(max-width: 1000px) 100vw, 1000px\" \/><\/p>\n<p>&nbsp;<\/p>\n<p class=\"ds-markdown-paragraph\">El equipo, con presencia desde la primera temporada, est\u00e1 comandado por Quentin Delapierre y contar\u00e1 con seis atletas a bordo. Su objetivo es claro: competir al m\u00e1s alto nivel, tanto en la regata como en el desaf\u00edo sustentable de la Impact League.<\/p>\n<p>&nbsp;<\/p>\n<p>&nbsp;<\/p>\n<p>&nbsp;<\/p>\n<p><i>Para enterarte de m\u00e1s novedades, no dejes de leer\u00a0<\/i><a href=\"https:\/\/autofans.thebrandsoup.com\/\"><i>nuestras notas<\/i><\/a><i>, de ver\u00a0<\/i><a href=\"https:\/\/www.youtube.com\/channel\/UCgAC8UGHZYbT6P7PpmVnP7g\"><i>AUTOFANS TV<\/i><\/a><i>\u00a0en nuestro\u00a0canal de Youtube. Adem\u00e1s seguinos en\u00a0<\/i><a href=\"https:\/\/www.instagram.com\/autofanstv\/\"><i>INSTAGRAM<\/i><\/a><i> y <\/i><a href=\"https:\/\/www.facebook.com\/autofansmas\/\"><i>FACEBOOK<\/i><\/a><i> para no perderte nada sobre las novedades del segmento automotor de Argentina y el mundo.<\/i><\/p>\n","protected":false},"excerpt":{"rendered":"<p>DS Automobiles inicia un nuevo cap\u00edtulo. La marca acaba de firmar una alianza estrat\u00e9gica con&#8230;<\/p>\n","protected":false},"author":2,"featured_media":15724,"comment_status":"closed","ping_status":"closed","sticky":false,"template":"","format":"standard","meta":{"footnotes":""},"categories":[127,16],"tags":[8267,1342,8262,8263,8264,545,8261,8266,380,8265,8268,379,8259,513,8260],"class_list":["post-15715","post","type-post","status-publish","format-standard","has-post-thumbnail","hentry","category-deporte","category-noticias","tag-alianza-deportiva","tag-alto-rendimiento","tag-catamaran-f50","tag-competicion-vela","tag-deporte-extremo","tag-ds-automobiles","tag-francia","tag-impact-league","tag-innovacion-tecnologica","tag-k-challenge","tag-marca-premium","tag-movilidad-electrica","tag-sailgp","tag-sustentabilidad","tag-title-partner"],"yoast_head":"<!-- This site is optimized with the Yoast SEO plugin v27.5 - https:\/\/yoast.com\/product\/yoast-seo-wordpress\/ -->\n<title>DS Automobiles se suma como socio principal al equipo franc\u00e9s del SailGP -<\/title>\n<meta name=\"description\" content=\"DS Automobiles inicia un nuevo cap\u00edtulo. La marca acaba de firmar una alianza estrat\u00e9gica con el France SailGP Team...\" \/>\n<meta name=\"robots\" content=\"index, follow, max-snippet:-1, max-image-preview:large, max-video-preview:-1\" \/>\n<link rel=\"canonical\" href=\"https:\/\/autofans.com.ar\/index.php\/2026\/01\/19\/ds-automobiles-se-suma-como-socio-principal-al-equipo-frances-del-sailgp\/\" \/>\n<meta property=\"og:locale\" content=\"es_ES\" \/>\n<meta property=\"og:type\" content=\"article\" \/>\n<meta property=\"og:title\" content=\"DS Automobiles se suma como socio principal al equipo franc\u00e9s del SailGP -\" \/>\n<meta property=\"og:description\" content=\"DS Automobiles inicia un nuevo cap\u00edtulo. La marca acaba de firmar una alianza estrat\u00e9gica con el France SailGP Team...\" \/>\n<meta property=\"og:url\" content=\"https:\/\/autofans.com.ar\/index.php\/2026\/01\/19\/ds-automobiles-se-suma-como-socio-principal-al-equipo-frances-del-sailgp\/\" \/>\n<meta property=\"article:published_time\" content=\"2026-01-19T22:49:05+00:00\" \/>\n<meta property=\"og:image\" content=\"https:\/\/autofans.com.ar\/wp-content\/uploads\/2026\/01\/ds-2.jpg\" \/>\n\t<meta property=\"og:image:width\" content=\"1000\" \/>\n\t<meta property=\"og:image:height\" content=\"667\" \/>\n\t<meta property=\"og:image:type\" content=\"image\/jpeg\" \/>\n<meta name=\"author\" content=\"Alejandro Gabriel Rosito\" \/>\n<meta name=\"twitter:card\" content=\"summary_large_image\" \/>\n<meta name=\"twitter:label1\" content=\"Escrito por\" \/>\n\t<meta name=\"twitter:data1\" content=\"Alejandro Gabriel Rosito\" \/>\n\t<meta name=\"twitter:label2\" content=\"Tiempo de lectura\" \/>\n\t<meta name=\"twitter:data2\" content=\"3 minutos\" \/>\n<script type=\"application\/ld+json\" class=\"yoast-schema-graph\">{\"@context\":\"https:\\\/\\\/schema.org\",\"@graph\":[{\"@type\":\"Article\",\"@id\":\"https:\\\/\\\/autofans.com.ar\\\/index.php\\\/2026\\\/01\\\/19\\\/ds-automobiles-se-suma-como-socio-principal-al-equipo-frances-del-sailgp\\\/#article\",\"isPartOf\":{\"@id\":\"https:\\\/\\\/autofans.com.ar\\\/index.php\\\/2026\\\/01\\\/19\\\/ds-automobiles-se-suma-como-socio-principal-al-equipo-frances-del-sailgp\\\/\"},\"author\":{\"name\":\"Alejandro Gabriel Rosito\",\"@id\":\"https:\\\/\\\/autofans.com.ar\\\/#\\\/schema\\\/person\\\/4a8dda0b6df83ac3d6723e921274c2aa\"},\"headline\":\"DS Automobiles se suma como socio principal al equipo franc\u00e9s del SailGP\",\"datePublished\":\"2026-01-19T22:49:05+00:00\",\"mainEntityOfPage\":{\"@id\":\"https:\\\/\\\/autofans.com.ar\\\/index.php\\\/2026\\\/01\\\/19\\\/ds-automobiles-se-suma-como-socio-principal-al-equipo-frances-del-sailgp\\\/\"},\"wordCount\":596,\"image\":{\"@id\":\"https:\\\/\\\/autofans.com.ar\\\/index.php\\\/2026\\\/01\\\/19\\\/ds-automobiles-se-suma-como-socio-principal-al-equipo-frances-del-sailgp\\\/#primaryimage\"},\"thumbnailUrl\":\"https:\\\/\\\/autofans.com.ar\\\/wp-content\\\/uploads\\\/2026\\\/01\\\/ds-2.jpg\",\"keywords\":[\"alianza deportiva\",\"alto rendimiento\",\"catamar\u00e1n F50\",\"competici\u00f3n vela\",\"deporte extremo\",\"DS Automobiles\",\"Francia\",\"Impact League\",\"innovaci\u00f3n tecnol\u00f3gica\",\"K-Challenge\",\"marca premium\",\"movilidad el\u00e9ctrica\",\"SailGP\",\"sustentabilidad\",\"title partner\"],\"articleSection\":[\"DEPORTE MOTOR\",\"NOTICIAS\"],\"inLanguage\":\"es\"},{\"@type\":\"WebPage\",\"@id\":\"https:\\\/\\\/autofans.com.ar\\\/index.php\\\/2026\\\/01\\\/19\\\/ds-automobiles-se-suma-como-socio-principal-al-equipo-frances-del-sailgp\\\/\",\"url\":\"https:\\\/\\\/autofans.com.ar\\\/index.php\\\/2026\\\/01\\\/19\\\/ds-automobiles-se-suma-como-socio-principal-al-equipo-frances-del-sailgp\\\/\",\"name\":\"DS Automobiles se suma como socio principal al equipo franc\u00e9s del SailGP -\",\"isPartOf\":{\"@id\":\"https:\\\/\\\/autofans.com.ar\\\/#website\"},\"primaryImageOfPage\":{\"@id\":\"https:\\\/\\\/autofans.com.ar\\\/index.php\\\/2026\\\/01\\\/19\\\/ds-automobiles-se-suma-como-socio-principal-al-equipo-frances-del-sailgp\\\/#primaryimage\"},\"image\":{\"@id\":\"https:\\\/\\\/autofans.com.ar\\\/index.php\\\/2026\\\/01\\\/19\\\/ds-automobiles-se-suma-como-socio-principal-al-equipo-frances-del-sailgp\\\/#primaryimage\"},\"thumbnailUrl\":\"https:\\\/\\\/autofans.com.ar\\\/wp-content\\\/uploads\\\/2026\\\/01\\\/ds-2.jpg\",\"datePublished\":\"2026-01-19T22:49:05+00:00\",\"author\":{\"@id\":\"https:\\\/\\\/autofans.com.ar\\\/#\\\/schema\\\/person\\\/4a8dda0b6df83ac3d6723e921274c2aa\"},\"description\":\"DS Automobiles inicia un nuevo cap\u00edtulo. La marca acaba de firmar una alianza estrat\u00e9gica con el France SailGP Team...\",\"breadcrumb\":{\"@id\":\"https:\\\/\\\/autofans.com.ar\\\/index.php\\\/2026\\\/01\\\/19\\\/ds-automobiles-se-suma-como-socio-principal-al-equipo-frances-del-sailgp\\\/#breadcrumb\"},\"inLanguage\":\"es\",\"potentialAction\":[{\"@type\":\"ReadAction\",\"target\":[\"https:\\\/\\\/autofans.com.ar\\\/index.php\\\/2026\\\/01\\\/19\\\/ds-automobiles-se-suma-como-socio-principal-al-equipo-frances-del-sailgp\\\/\"]}]},{\"@type\":\"ImageObject\",\"inLanguage\":\"es\",\"@id\":\"https:\\\/\\\/autofans.com.ar\\\/index.php\\\/2026\\\/01\\\/19\\\/ds-automobiles-se-suma-como-socio-principal-al-equipo-frances-del-sailgp\\\/#primaryimage\",\"url\":\"https:\\\/\\\/autofans.com.ar\\\/wp-content\\\/uploads\\\/2026\\\/01\\\/ds-2.jpg\",\"contentUrl\":\"https:\\\/\\\/autofans.com.ar\\\/wp-content\\\/uploads\\\/2026\\\/01\\\/ds-2.jpg\",\"width\":1000,\"height\":667},{\"@type\":\"BreadcrumbList\",\"@id\":\"https:\\\/\\\/autofans.com.ar\\\/index.php\\\/2026\\\/01\\\/19\\\/ds-automobiles-se-suma-como-socio-principal-al-equipo-frances-del-sailgp\\\/#breadcrumb\",\"itemListElement\":[{\"@type\":\"ListItem\",\"position\":1,\"name\":\"Inicio\",\"item\":\"https:\\\/\\\/autofans.com.ar\\\/\"},{\"@type\":\"ListItem\",\"position\":2,\"name\":\"DS Automobiles se suma como socio principal al equipo franc\u00e9s del SailGP\"}]},{\"@type\":\"WebSite\",\"@id\":\"https:\\\/\\\/autofans.com.ar\\\/#website\",\"url\":\"https:\\\/\\\/autofans.com.ar\\\/\",\"name\":\"\",\"description\":\"El multimedio referente de la industria automotriz\",\"potentialAction\":[{\"@type\":\"SearchAction\",\"target\":{\"@type\":\"EntryPoint\",\"urlTemplate\":\"https:\\\/\\\/autofans.com.ar\\\/?s={search_term_string}\"},\"query-input\":{\"@type\":\"PropertyValueSpecification\",\"valueRequired\":true,\"valueName\":\"search_term_string\"}}],\"inLanguage\":\"es\"},{\"@type\":\"Person\",\"@id\":\"https:\\\/\\\/autofans.com.ar\\\/#\\\/schema\\\/person\\\/4a8dda0b6df83ac3d6723e921274c2aa\",\"name\":\"Alejandro Gabriel Rosito\",\"image\":{\"@type\":\"ImageObject\",\"inLanguage\":\"es\",\"@id\":\"https:\\\/\\\/secure.gravatar.com\\\/avatar\\\/16c5dda1489adfc62618084dcbb91cffd879c374b13fe5dd8e44ed6733852c88?s=96&d=mm&r=g\",\"url\":\"https:\\\/\\\/secure.gravatar.com\\\/avatar\\\/16c5dda1489adfc62618084dcbb91cffd879c374b13fe5dd8e44ed6733852c88?s=96&d=mm&r=g\",\"contentUrl\":\"https:\\\/\\\/secure.gravatar.com\\\/avatar\\\/16c5dda1489adfc62618084dcbb91cffd879c374b13fe5dd8e44ed6733852c88?s=96&d=mm&r=g\",\"caption\":\"Alejandro Gabriel Rosito\"},\"url\":\"https:\\\/\\\/autofans.com.ar\\\/index.php\\\/author\\\/gabrielr\\\/\"}]}<\/script>\n<!-- \/ Yoast SEO plugin. -->","yoast_head_json":{"title":"DS Automobiles se suma como socio principal al equipo franc\u00e9s del SailGP -","description":"DS Automobiles inicia un nuevo cap\u00edtulo. La marca acaba de firmar una alianza estrat\u00e9gica con el France SailGP Team...","robots":{"index":"index","follow":"follow","max-snippet":"max-snippet:-1","max-image-preview":"max-image-preview:large","max-video-preview":"max-video-preview:-1"},"canonical":"https:\/\/autofans.com.ar\/index.php\/2026\/01\/19\/ds-automobiles-se-suma-como-socio-principal-al-equipo-frances-del-sailgp\/","og_locale":"es_ES","og_type":"article","og_title":"DS Automobiles se suma como socio principal al equipo franc\u00e9s del SailGP -","og_description":"DS Automobiles inicia un nuevo cap\u00edtulo. La marca acaba de firmar una alianza estrat\u00e9gica con el France SailGP Team...","og_url":"https:\/\/autofans.com.ar\/index.php\/2026\/01\/19\/ds-automobiles-se-suma-como-socio-principal-al-equipo-frances-del-sailgp\/","article_published_time":"2026-01-19T22:49:05+00:00","og_image":[{"width":1000,"height":667,"url":"https:\/\/autofans.com.ar\/wp-content\/uploads\/2026\/01\/ds-2.jpg","type":"image\/jpeg"}],"author":"Alejandro Gabriel Rosito","twitter_card":"summary_large_image","twitter_misc":{"Escrito por":"Alejandro Gabriel Rosito","Tiempo de lectura":"3 minutos"},"schema":{"@context":"https:\/\/schema.org","@graph":[{"@type":"Article","@id":"https:\/\/autofans.com.ar\/index.php\/2026\/01\/19\/ds-automobiles-se-suma-como-socio-principal-al-equipo-frances-del-sailgp\/#article","isPartOf":{"@id":"https:\/\/autofans.com.ar\/index.php\/2026\/01\/19\/ds-automobiles-se-suma-como-socio-principal-al-equipo-frances-del-sailgp\/"},"author":{"name":"Alejandro Gabriel Rosito","@id":"https:\/\/autofans.com.ar\/#\/schema\/person\/4a8dda0b6df83ac3d6723e921274c2aa"},"headline":"DS Automobiles se suma como socio principal al equipo franc\u00e9s del SailGP","datePublished":"2026-01-19T22:49:05+00:00","mainEntityOfPage":{"@id":"https:\/\/autofans.com.ar\/index.php\/2026\/01\/19\/ds-automobiles-se-suma-como-socio-principal-al-equipo-frances-del-sailgp\/"},"wordCount":596,"image":{"@id":"https:\/\/autofans.com.ar\/index.php\/2026\/01\/19\/ds-automobiles-se-suma-como-socio-principal-al-equipo-frances-del-sailgp\/#primaryimage"},"thumbnailUrl":"https:\/\/autofans.com.ar\/wp-content\/uploads\/2026\/01\/ds-2.jpg","keywords":["alianza deportiva","alto rendimiento","catamar\u00e1n F50","competici\u00f3n vela","deporte extremo","DS Automobiles","Francia","Impact League","innovaci\u00f3n tecnol\u00f3gica","K-Challenge","marca premium","movilidad el\u00e9ctrica","SailGP","sustentabilidad","title partner"],"articleSection":["DEPORTE MOTOR","NOTICIAS"],"inLanguage":"es"},{"@type":"WebPage","@id":"https:\/\/autofans.com.ar\/index.php\/2026\/01\/19\/ds-automobiles-se-suma-como-socio-principal-al-equipo-frances-del-sailgp\/","url":"https:\/\/autofans.com.ar\/index.php\/2026\/01\/19\/ds-automobiles-se-suma-como-socio-principal-al-equipo-frances-del-sailgp\/","name":"DS Automobiles se suma como socio principal al equipo franc\u00e9s del SailGP -","isPartOf":{"@id":"https:\/\/autofans.com.ar\/#website"},"primaryImageOfPage":{"@id":"https:\/\/autofans.com.ar\/index.php\/2026\/01\/19\/ds-automobiles-se-suma-como-socio-principal-al-equipo-frances-del-sailgp\/#primaryimage"},"image":{"@id":"https:\/\/autofans.com.ar\/index.php\/2026\/01\/19\/ds-automobiles-se-suma-como-socio-principal-al-equipo-frances-del-sailgp\/#primaryimage"},"thumbnailUrl":"https:\/\/autofans.com.ar\/wp-content\/uploads\/2026\/01\/ds-2.jpg","datePublished":"2026-01-19T22:49:05+00:00","author":{"@id":"https:\/\/autofans.com.ar\/#\/schema\/person\/4a8dda0b6df83ac3d6723e921274c2aa"},"description":"DS Automobiles inicia un nuevo cap\u00edtulo. La marca acaba de firmar una alianza estrat\u00e9gica con el France SailGP Team...","breadcrumb":{"@id":"https:\/\/autofans.com.ar\/index.php\/2026\/01\/19\/ds-automobiles-se-suma-como-socio-principal-al-equipo-frances-del-sailgp\/#breadcrumb"},"inLanguage":"es","potentialAction":[{"@type":"ReadAction","target":["https:\/\/autofans.com.ar\/index.php\/2026\/01\/19\/ds-automobiles-se-suma-como-socio-principal-al-equipo-frances-del-sailgp\/"]}]},{"@type":"ImageObject","inLanguage":"es","@id":"https:\/\/autofans.com.ar\/index.php\/2026\/01\/19\/ds-automobiles-se-suma-como-socio-principal-al-equipo-frances-del-sailgp\/#primaryimage","url":"https:\/\/autofans.com.ar\/wp-content\/uploads\/2026\/01\/ds-2.jpg","contentUrl":"https:\/\/autofans.com.ar\/wp-content\/uploads\/2026\/01\/ds-2.jpg","width":1000,"height":667},{"@type":"BreadcrumbList","@id":"https:\/\/autofans.com.ar\/index.php\/2026\/01\/19\/ds-automobiles-se-suma-como-socio-principal-al-equipo-frances-del-sailgp\/#breadcrumb","itemListElement":[{"@type":"ListItem","position":1,"name":"Inicio","item":"https:\/\/autofans.com.ar\/"},{"@type":"ListItem","position":2,"name":"DS Automobiles se suma como socio principal al equipo franc\u00e9s del SailGP"}]},{"@type":"WebSite","@id":"https:\/\/autofans.com.ar\/#website","url":"https:\/\/autofans.com.ar\/","name":"","description":"El multimedio referente de la industria automotriz","potentialAction":[{"@type":"SearchAction","target":{"@type":"EntryPoint","urlTemplate":"https:\/\/autofans.com.ar\/?s={search_term_string}"},"query-input":{"@type":"PropertyValueSpecification","valueRequired":true,"valueName":"search_term_string"}}],"inLanguage":"es"},{"@type":"Person","@id":"https:\/\/autofans.com.ar\/#\/schema\/person\/4a8dda0b6df83ac3d6723e921274c2aa","name":"Alejandro Gabriel Rosito","image":{"@type":"ImageObject","inLanguage":"es","@id":"https:\/\/secure.gravatar.com\/avatar\/16c5dda1489adfc62618084dcbb91cffd879c374b13fe5dd8e44ed6733852c88?s=96&d=mm&r=g","url":"https:\/\/secure.gravatar.com\/avatar\/16c5dda1489adfc62618084dcbb91cffd879c374b13fe5dd8e44ed6733852c88?s=96&d=mm&r=g","contentUrl":"https:\/\/secure.gravatar.com\/avatar\/16c5dda1489adfc62618084dcbb91cffd879c374b13fe5dd8e44ed6733852c88?s=96&d=mm&r=g","caption":"Alejandro Gabriel Rosito"},"url":"https:\/\/autofans.com.ar\/index.php\/author\/gabrielr\/"}]}},"featured_image_urls":{"full":["https:\/\/autofans.com.ar\/wp-content\/uploads\/2026\/01\/ds-2.jpg",1000,667,false],"thumbnail":["https:\/\/autofans.com.ar\/wp-content\/uploads\/2026\/01\/ds-2-150x150.jpg",150,150,true],"medium":["https:\/\/autofans.com.ar\/wp-content\/uploads\/2026\/01\/ds-2-300x200.jpg",300,200,true],"medium_large":["https:\/\/autofans.com.ar\/wp-content\/uploads\/2026\/01\/ds-2-768x512.jpg",640,427,true],"large":["https:\/\/autofans.com.ar\/wp-content\/uploads\/2026\/01\/ds-2.jpg",640,427,false],"1536x1536":["https:\/\/autofans.com.ar\/wp-content\/uploads\/2026\/01\/ds-2.jpg",1000,667,false],"2048x2048":["https:\/\/autofans.com.ar\/wp-content\/uploads\/2026\/01\/ds-2.jpg",1000,667,false],"covernews-featured":["https:\/\/autofans.com.ar\/wp-content\/uploads\/2026\/01\/ds-2.jpg",1000,667,false],"covernews-medium":["https:\/\/autofans.com.ar\/wp-content\/uploads\/2026\/01\/ds-2-540x340.jpg",540,340,true]},"author_info":{"display_name":"Alejandro Gabriel Rosito","author_link":"https:\/\/autofans.com.ar\/index.php\/author\/gabrielr\/"},"category_info":"<a href=\"https:\/\/autofans.com.ar\/index.php\/category\/noticias\/deporte\/\" rel=\"category tag\">DEPORTE MOTOR<\/a> <a href=\"https:\/\/autofans.com.ar\/index.php\/category\/noticias\/\" rel=\"category tag\">NOTICIAS<\/a>","tag_info":"NOTICIAS","comment_count":0,"_links":{"self":[{"href":"https:\/\/autofans.com.ar\/index.php\/wp-json\/wp\/v2\/posts\/15715","targetHints":{"allow":["GET"]}}],"collection":[{"href":"https:\/\/autofans.com.ar\/index.php\/wp-json\/wp\/v2\/posts"}],"about":[{"href":"https:\/\/autofans.com.ar\/index.php\/wp-json\/wp\/v2\/types\/post"}],"author":[{"embeddable":true,"href":"https:\/\/autofans.com.ar\/index.php\/wp-json\/wp\/v2\/users\/2"}],"replies":[{"embeddable":true,"href":"https:\/\/autofans.com.ar\/index.php\/wp-json\/wp\/v2\/comments?post=15715"}],"version-history":[{"count":4,"href":"https:\/\/autofans.com.ar\/index.php\/wp-json\/wp\/v2\/posts\/15715\/revisions"}],"predecessor-version":[{"id":15729,"href":"https:\/\/autofans.com.ar\/index.php\/wp-json\/wp\/v2\/posts\/15715\/revisions\/15729"}],"wp:featuredmedia":[{"embeddable":true,"href":"https:\/\/autofans.com.ar\/index.php\/wp-json\/wp\/v2\/media\/15724"}],"wp:attachment":[{"href":"https:\/\/autofans.com.ar\/index.php\/wp-json\/wp\/v2\/media?parent=15715"}],"wp:term":[{"taxonomy":"category","embeddable":true,"href":"https:\/\/autofans.com.ar\/index.php\/wp-json\/wp\/v2\/categories?post=15715"},{"taxonomy":"post_tag","embeddable":true,"href":"https:\/\/autofans.com.ar\/index.php\/wp-json\/wp\/v2\/tags?post=15715"}],"curies":[{"name":"wp","href":"https:\/\/api.w.org\/{rel}","templated":true}]}}