{"id":15748,"date":"2026-01-20T17:06:09","date_gmt":"2026-01-20T20:06:09","guid":{"rendered":"https:\/\/autofans.com.ar\/?p=15748"},"modified":"2026-01-20T17:06:09","modified_gmt":"2026-01-20T20:06:09","slug":"autos-con-menos-carbono-el-plan-de-mercedes-benz","status":"publish","type":"post","link":"https:\/\/autofans.com.ar\/index.php\/2026\/01\/20\/autos-con-menos-carbono-el-plan-de-mercedes-benz\/","title":{"rendered":"Autos con menos carbono, el plan de Mercedes-Benz"},"content":{"rendered":"<p class=\"ds-markdown-paragraph\">Mercedes-Benz lanz\u00f3 en Argentina su programa tecnol\u00f3gico Tomorrow XX. La iniciativa se centra en reducir la huella de carbono y aumentar la circularidad de los veh\u00edculos, desde la etapa de dise\u00f1o hasta el final de su vida \u00fatil.<\/p>\n<p class=\"ds-markdown-paragraph\">El objetivo es claro: repensar c\u00f3mo se fabrican los autos. Para lograrlo, la marca ya tiene en desarrollo m\u00e1s de 40 componentes y materiales que buscan ser m\u00e1s sustentables. La meta es que, juntos, reduzcan significativamente las emisiones de CO\u2082 en los futuros modelos de producci\u00f3n en serie.<\/p>\n<p>&nbsp;<\/p>\n<h2 class=\"ds-markdown-paragraph\">Un faro que cambia las reglas del juego<\/h2>\n<p>&nbsp;<\/p>\n<div id='gallery-1' class='gallery galleryid-15748 gallery-columns-2 gallery-size-full'><figure class='gallery-item'>\n\t\t\t<div class='gallery-icon landscape'>\n\t\t\t\t<a href='https:\/\/autofans.com.ar\/index.php\/2026\/01\/20\/autos-con-menos-carbono-el-plan-de-mercedes-benz\/mercedes-4-35\/'><img loading=\"lazy\" width=\"1000\" height=\"667\" src=\"https:\/\/autofans.com.ar\/wp-content\/uploads\/2026\/01\/mercedes-4.jpg\" class=\"attachment-full size-full\" alt=\"Mercedes-Benz\" srcset=\"https:\/\/autofans.com.ar\/wp-content\/uploads\/2026\/01\/mercedes-4.jpg 1000w, https:\/\/autofans.com.ar\/wp-content\/uploads\/2026\/01\/mercedes-4-300x200.jpg 300w, https:\/\/autofans.com.ar\/wp-content\/uploads\/2026\/01\/mercedes-4-768x512.jpg 768w\" sizes=\"auto, (max-width: 1000px) 100vw, 1000px\" loading=\"lazy\" decoding=\"async\" \/><\/a>\n\t\t\t<\/div><\/figure><figure class='gallery-item'>\n\t\t\t<div class='gallery-icon landscape'>\n\t\t\t\t<a href='https:\/\/autofans.com.ar\/index.php\/2026\/01\/20\/autos-con-menos-carbono-el-plan-de-mercedes-benz\/mercedes-5-17\/'><img loading=\"lazy\" width=\"1000\" height=\"667\" src=\"https:\/\/autofans.com.ar\/wp-content\/uploads\/2026\/01\/mercedes-5.jpg\" class=\"attachment-full size-full\" alt=\"Mercedes-Benz\" srcset=\"https:\/\/autofans.com.ar\/wp-content\/uploads\/2026\/01\/mercedes-5.jpg 1000w, https:\/\/autofans.com.ar\/wp-content\/uploads\/2026\/01\/mercedes-5-300x200.jpg 300w, https:\/\/autofans.com.ar\/wp-content\/uploads\/2026\/01\/mercedes-5-768x512.jpg 768w\" sizes=\"auto, (max-width: 1000px) 100vw, 1000px\" loading=\"lazy\" decoding=\"async\" \/><\/a>\n\t\t\t<\/div><\/figure>\n\t\t<\/div>\n\n<p>&nbsp;<\/p>\n<p>&nbsp;<\/p>\n<p class=\"ds-markdown-paragraph\">Un ejemplo concreto es un prototipo de faro reciclable. A diferencia de los actuales, que suelen ir pegados, este nuevo dise\u00f1o une sus partes con tornillos. Esto permite desarmarlo f\u00e1cilmente para reparar solo una pieza da\u00f1ada, como una lente rota por una piedra, sin descartar toda la unidad. Adem\u00e1s, al estar hecho con monomateriales, su reciclaje es m\u00e1s eficiente. Este cambio podr\u00eda casi duplicar el uso de materiales reciclados y reducir a la mitad las emisiones de carbono del componente.<\/p>\n<p>&nbsp;<\/p>\n<h2 class=\"ds-markdown-paragraph\">El desaf\u00edo de los pl\u00e1sticos y la bater\u00eda<\/h2>\n<p class=\"ds-markdown-paragraph\">En un auto moderno de la marca hay alrededor de 250 kilos de pl\u00e1sticos, muchos de ellos dif\u00edciles de reciclar. El programa Tomorrow XX acelera el uso de monomateriales y la sustituci\u00f3n de recursos primarios por reciclados.<\/p>\n<p>&nbsp;<\/p>\n<p><img fetchpriority=\"high\" decoding=\"async\" class=\"aligncenter wp-image-15756 size-full\" src=\"https:\/\/autofans.com.ar\/wp-content\/uploads\/2026\/01\/mercedes-8.jpg\" alt=\"Mercedes-Benz\" width=\"1000\" height=\"667\" srcset=\"https:\/\/autofans.com.ar\/wp-content\/uploads\/2026\/01\/mercedes-8.jpg 1000w, https:\/\/autofans.com.ar\/wp-content\/uploads\/2026\/01\/mercedes-8-300x200.jpg 300w, https:\/\/autofans.com.ar\/wp-content\/uploads\/2026\/01\/mercedes-8-768x512.jpg 768w\" sizes=\"(max-width: 1000px) 100vw, 1000px\" \/><\/p>\n<p>&nbsp;<\/p>\n<p class=\"ds-markdown-paragraph\">La bater\u00eda, el componente con mayor huella de carbono en un el\u00e9ctrico, es otra prioridad. Mercedes-Benz exige a sus proveedores de celdas el uso de energ\u00eda verde en la producci\u00f3n y avanza en el reciclaje integral. En Alemania, construye una planta piloto para recuperar materiales de las bater\u00edas y cerrar ese ciclo.<\/p>\n<p>&nbsp;<\/p>\n<h2 class=\"ds-markdown-paragraph\">Redise\u00f1ar componentes para ahorrar recursos<\/h2>\n<p>La innovaci\u00f3n tambi\u00e9n llega a piezas ocultas. Por ejemplo, se est\u00e1 probando un nuevo material para el soporte de la consola central, que reemplazar\u00eda una costosa fundici\u00f3n de magnesio. Esto reducir\u00eda la huella de carbono y el costo, sin comprometer la seguridad.<\/p>\n<p>&nbsp;<\/p>\n<div id='gallery-2' class='gallery galleryid-15748 gallery-columns-2 gallery-size-full'><figure class='gallery-item'>\n\t\t\t<div class='gallery-icon landscape'>\n\t\t\t\t<a href='https:\/\/autofans.com.ar\/index.php\/2026\/01\/20\/autos-con-menos-carbono-el-plan-de-mercedes-benz\/mercedes-2-73\/'><img loading=\"lazy\" width=\"1000\" height=\"667\" src=\"https:\/\/autofans.com.ar\/wp-content\/uploads\/2026\/01\/mercedes-2-1.jpg\" class=\"attachment-full size-full\" alt=\"Mercedes-Benz\" srcset=\"https:\/\/autofans.com.ar\/wp-content\/uploads\/2026\/01\/mercedes-2-1.jpg 1000w, https:\/\/autofans.com.ar\/wp-content\/uploads\/2026\/01\/mercedes-2-1-300x200.jpg 300w, https:\/\/autofans.com.ar\/wp-content\/uploads\/2026\/01\/mercedes-2-1-768x512.jpg 768w\" sizes=\"auto, (max-width: 1000px) 100vw, 1000px\" loading=\"lazy\" decoding=\"async\" \/><\/a>\n\t\t\t<\/div><\/figure><figure class='gallery-item'>\n\t\t\t<div class='gallery-icon landscape'>\n\t\t\t\t<a href='https:\/\/autofans.com.ar\/index.php\/2026\/01\/20\/autos-con-menos-carbono-el-plan-de-mercedes-benz\/mercedes-1-71\/'><img loading=\"lazy\" width=\"1000\" height=\"667\" src=\"https:\/\/autofans.com.ar\/wp-content\/uploads\/2026\/01\/mercedes-1-1.jpg\" class=\"attachment-full size-full\" alt=\"Mercedes-Benz\" srcset=\"https:\/\/autofans.com.ar\/wp-content\/uploads\/2026\/01\/mercedes-1-1.jpg 1000w, https:\/\/autofans.com.ar\/wp-content\/uploads\/2026\/01\/mercedes-1-1-300x200.jpg 300w, https:\/\/autofans.com.ar\/wp-content\/uploads\/2026\/01\/mercedes-1-1-768x512.jpg 768w\" sizes=\"auto, (max-width: 1000px) 100vw, 1000px\" loading=\"lazy\" decoding=\"async\" \/><\/a>\n\t\t\t<\/div><\/figure>\n\t\t<\/div>\n\n<p>&nbsp;<\/p>\n<p class=\"ds-markdown-paragraph\">Este replanteo integral permite a la empresa usar menos materias primas, mejorar la eficiencia energ\u00e9tica en sus plantas y mantener una tasa de reciclaje cercana al 100% en la producci\u00f3n. El enfoque busca que los autos de hoy sean la fuente de materiales para los autos del ma\u00f1ana.<\/p>\n<p>&nbsp;<\/p>\n<p>&nbsp;<\/p>\n<p>&nbsp;<\/p>\n<p><i>Para enterarte de m\u00e1s novedades, no dejes de leer\u00a0<\/i><a href=\"https:\/\/autofans.thebrandsoup.com\/\"><i>nuestras notas<\/i><\/a><i>, de ver\u00a0<\/i><a href=\"https:\/\/www.youtube.com\/channel\/UCgAC8UGHZYbT6P7PpmVnP7g\"><i>AUTOFANS TV<\/i><\/a><i>\u00a0en nuestro\u00a0canal de Youtube. Adem\u00e1s seguinos en\u00a0<\/i><a href=\"https:\/\/www.instagram.com\/autofanstv\/\"><i>INSTAGRAM<\/i><\/a><i> y <\/i><a href=\"https:\/\/www.facebook.com\/autofansmas\/\"><i>FACEBOOK<\/i><\/a><i> para no perderte nada sobre las novedades del segmento automotor de Argentina y el mundo.<\/i><\/p>\n","protected":false},"excerpt":{"rendered":"<p>Mercedes-Benz lanz\u00f3 en Argentina su programa tecnol\u00f3gico Tomorrow XX. La iniciativa se centra en reducir&#8230;<\/p>\n","protected":false},"author":2,"featured_media":15749,"comment_status":"closed","ping_status":"closed","sticky":false,"template":"","format":"standard","meta":{"footnotes":""},"categories":[218,16],"tags":[4842,8277,960,1741,886,7343,364,379,8278,8276],"class_list":["post-15748","post","type-post","status-publish","format-standard","has-post-thumbnail","hentry","category-autotecno","category-noticias","tag-autos-sustentables","tag-descarbonizacion-automotriz","tag-economia-circular","tag-huella-de-carbono","tag-innovacion-automotriz","tag-materiales-reciclados","tag-mercedes-benz","tag-movilidad-electrica","tag-reciclaje-de-baterias","tag-tomorrow-xx"],"yoast_head":"<!-- This site is optimized with the Yoast SEO plugin v27.5 - https:\/\/yoast.com\/product\/yoast-seo-wordpress\/ -->\n<title>Autos con menos carbono, el plan de Mercedes-Benz -<\/title>\n<meta name=\"description\" content=\"Mercedes-Benz lanz\u00f3 en Argentina su programa tecnol\u00f3gico Tomorrow XX. La iniciativa se centra en reducir la huella de carbono...\" \/>\n<meta name=\"robots\" content=\"index, follow, max-snippet:-1, max-image-preview:large, max-video-preview:-1\" \/>\n<link rel=\"canonical\" href=\"https:\/\/autofans.com.ar\/index.php\/2026\/01\/20\/autos-con-menos-carbono-el-plan-de-mercedes-benz\/\" \/>\n<meta property=\"og:locale\" content=\"es_ES\" \/>\n<meta property=\"og:type\" content=\"article\" \/>\n<meta property=\"og:title\" content=\"Autos con menos carbono, el plan de Mercedes-Benz -\" \/>\n<meta property=\"og:description\" content=\"Mercedes-Benz lanz\u00f3 en Argentina su programa tecnol\u00f3gico Tomorrow XX. La iniciativa se centra en reducir la huella de carbono...\" \/>\n<meta property=\"og:url\" content=\"https:\/\/autofans.com.ar\/index.php\/2026\/01\/20\/autos-con-menos-carbono-el-plan-de-mercedes-benz\/\" \/>\n<meta property=\"article:published_time\" content=\"2026-01-20T20:06:09+00:00\" \/>\n<meta property=\"og:image\" content=\"https:\/\/autofans.com.ar\/wp-content\/uploads\/2026\/01\/mercedes-7.jpg\" \/>\n\t<meta property=\"og:image:width\" content=\"1000\" \/>\n\t<meta property=\"og:image:height\" content=\"667\" \/>\n\t<meta property=\"og:image:type\" content=\"image\/jpeg\" \/>\n<meta name=\"author\" content=\"Alejandro Gabriel Rosito\" \/>\n<meta name=\"twitter:card\" content=\"summary_large_image\" \/>\n<meta name=\"twitter:label1\" content=\"Escrito por\" \/>\n\t<meta name=\"twitter:data1\" content=\"Alejandro Gabriel Rosito\" \/>\n\t<meta name=\"twitter:label2\" content=\"Tiempo de lectura\" \/>\n\t<meta name=\"twitter:data2\" content=\"3 minutos\" \/>\n<script type=\"application\/ld+json\" class=\"yoast-schema-graph\">{\"@context\":\"https:\\\/\\\/schema.org\",\"@graph\":[{\"@type\":\"Article\",\"@id\":\"https:\\\/\\\/autofans.com.ar\\\/index.php\\\/2026\\\/01\\\/20\\\/autos-con-menos-carbono-el-plan-de-mercedes-benz\\\/#article\",\"isPartOf\":{\"@id\":\"https:\\\/\\\/autofans.com.ar\\\/index.php\\\/2026\\\/01\\\/20\\\/autos-con-menos-carbono-el-plan-de-mercedes-benz\\\/\"},\"author\":{\"name\":\"Alejandro Gabriel Rosito\",\"@id\":\"https:\\\/\\\/autofans.com.ar\\\/#\\\/schema\\\/person\\\/4a8dda0b6df83ac3d6723e921274c2aa\"},\"headline\":\"Autos con menos carbono, el plan de Mercedes-Benz\",\"datePublished\":\"2026-01-20T20:06:09+00:00\",\"mainEntityOfPage\":{\"@id\":\"https:\\\/\\\/autofans.com.ar\\\/index.php\\\/2026\\\/01\\\/20\\\/autos-con-menos-carbono-el-plan-de-mercedes-benz\\\/\"},\"wordCount\":470,\"image\":{\"@id\":\"https:\\\/\\\/autofans.com.ar\\\/index.php\\\/2026\\\/01\\\/20\\\/autos-con-menos-carbono-el-plan-de-mercedes-benz\\\/#primaryimage\"},\"thumbnailUrl\":\"https:\\\/\\\/autofans.com.ar\\\/wp-content\\\/uploads\\\/2026\\\/01\\\/mercedes-7.jpg\",\"keywords\":[\"autos sustentables\",\"descarbonizaci\u00f3n automotriz\",\"Econom\u00eda Circular\",\"huella de carbono\",\"Innovaci\u00f3n automotriz\",\"materiales reciclados\",\"Mercedes-Benz\",\"movilidad el\u00e9ctrica\",\"reciclaje de bater\u00edas\",\"Tomorrow XX\"],\"articleSection\":[\"AUTOTECNO\",\"NOTICIAS\"],\"inLanguage\":\"es\"},{\"@type\":\"WebPage\",\"@id\":\"https:\\\/\\\/autofans.com.ar\\\/index.php\\\/2026\\\/01\\\/20\\\/autos-con-menos-carbono-el-plan-de-mercedes-benz\\\/\",\"url\":\"https:\\\/\\\/autofans.com.ar\\\/index.php\\\/2026\\\/01\\\/20\\\/autos-con-menos-carbono-el-plan-de-mercedes-benz\\\/\",\"name\":\"Autos con menos carbono, el plan de Mercedes-Benz -\",\"isPartOf\":{\"@id\":\"https:\\\/\\\/autofans.com.ar\\\/#website\"},\"primaryImageOfPage\":{\"@id\":\"https:\\\/\\\/autofans.com.ar\\\/index.php\\\/2026\\\/01\\\/20\\\/autos-con-menos-carbono-el-plan-de-mercedes-benz\\\/#primaryimage\"},\"image\":{\"@id\":\"https:\\\/\\\/autofans.com.ar\\\/index.php\\\/2026\\\/01\\\/20\\\/autos-con-menos-carbono-el-plan-de-mercedes-benz\\\/#primaryimage\"},\"thumbnailUrl\":\"https:\\\/\\\/autofans.com.ar\\\/wp-content\\\/uploads\\\/2026\\\/01\\\/mercedes-7.jpg\",\"datePublished\":\"2026-01-20T20:06:09+00:00\",\"author\":{\"@id\":\"https:\\\/\\\/autofans.com.ar\\\/#\\\/schema\\\/person\\\/4a8dda0b6df83ac3d6723e921274c2aa\"},\"description\":\"Mercedes-Benz lanz\u00f3 en Argentina su programa tecnol\u00f3gico Tomorrow XX. La iniciativa se centra en reducir la huella de carbono...\",\"breadcrumb\":{\"@id\":\"https:\\\/\\\/autofans.com.ar\\\/index.php\\\/2026\\\/01\\\/20\\\/autos-con-menos-carbono-el-plan-de-mercedes-benz\\\/#breadcrumb\"},\"inLanguage\":\"es\",\"potentialAction\":[{\"@type\":\"ReadAction\",\"target\":[\"https:\\\/\\\/autofans.com.ar\\\/index.php\\\/2026\\\/01\\\/20\\\/autos-con-menos-carbono-el-plan-de-mercedes-benz\\\/\"]}]},{\"@type\":\"ImageObject\",\"inLanguage\":\"es\",\"@id\":\"https:\\\/\\\/autofans.com.ar\\\/index.php\\\/2026\\\/01\\\/20\\\/autos-con-menos-carbono-el-plan-de-mercedes-benz\\\/#primaryimage\",\"url\":\"https:\\\/\\\/autofans.com.ar\\\/wp-content\\\/uploads\\\/2026\\\/01\\\/mercedes-7.jpg\",\"contentUrl\":\"https:\\\/\\\/autofans.com.ar\\\/wp-content\\\/uploads\\\/2026\\\/01\\\/mercedes-7.jpg\",\"width\":1000,\"height\":667,\"caption\":\"Mercedes-Benz\"},{\"@type\":\"BreadcrumbList\",\"@id\":\"https:\\\/\\\/autofans.com.ar\\\/index.php\\\/2026\\\/01\\\/20\\\/autos-con-menos-carbono-el-plan-de-mercedes-benz\\\/#breadcrumb\",\"itemListElement\":[{\"@type\":\"ListItem\",\"position\":1,\"name\":\"Inicio\",\"item\":\"https:\\\/\\\/autofans.com.ar\\\/\"},{\"@type\":\"ListItem\",\"position\":2,\"name\":\"Autos con menos carbono, el plan de Mercedes-Benz\"}]},{\"@type\":\"WebSite\",\"@id\":\"https:\\\/\\\/autofans.com.ar\\\/#website\",\"url\":\"https:\\\/\\\/autofans.com.ar\\\/\",\"name\":\"\",\"description\":\"El multimedio referente de la industria automotriz\",\"potentialAction\":[{\"@type\":\"SearchAction\",\"target\":{\"@type\":\"EntryPoint\",\"urlTemplate\":\"https:\\\/\\\/autofans.com.ar\\\/?s={search_term_string}\"},\"query-input\":{\"@type\":\"PropertyValueSpecification\",\"valueRequired\":true,\"valueName\":\"search_term_string\"}}],\"inLanguage\":\"es\"},{\"@type\":\"Person\",\"@id\":\"https:\\\/\\\/autofans.com.ar\\\/#\\\/schema\\\/person\\\/4a8dda0b6df83ac3d6723e921274c2aa\",\"name\":\"Alejandro Gabriel Rosito\",\"image\":{\"@type\":\"ImageObject\",\"inLanguage\":\"es\",\"@id\":\"https:\\\/\\\/secure.gravatar.com\\\/avatar\\\/16c5dda1489adfc62618084dcbb91cffd879c374b13fe5dd8e44ed6733852c88?s=96&d=mm&r=g\",\"url\":\"https:\\\/\\\/secure.gravatar.com\\\/avatar\\\/16c5dda1489adfc62618084dcbb91cffd879c374b13fe5dd8e44ed6733852c88?s=96&d=mm&r=g\",\"contentUrl\":\"https:\\\/\\\/secure.gravatar.com\\\/avatar\\\/16c5dda1489adfc62618084dcbb91cffd879c374b13fe5dd8e44ed6733852c88?s=96&d=mm&r=g\",\"caption\":\"Alejandro Gabriel Rosito\"},\"url\":\"https:\\\/\\\/autofans.com.ar\\\/index.php\\\/author\\\/gabrielr\\\/\"}]}<\/script>\n<!-- \/ Yoast SEO plugin. -->","yoast_head_json":{"title":"Autos con menos carbono, el plan de Mercedes-Benz -","description":"Mercedes-Benz lanz\u00f3 en Argentina su programa tecnol\u00f3gico Tomorrow XX. La iniciativa se centra en reducir la huella de carbono...","robots":{"index":"index","follow":"follow","max-snippet":"max-snippet:-1","max-image-preview":"max-image-preview:large","max-video-preview":"max-video-preview:-1"},"canonical":"https:\/\/autofans.com.ar\/index.php\/2026\/01\/20\/autos-con-menos-carbono-el-plan-de-mercedes-benz\/","og_locale":"es_ES","og_type":"article","og_title":"Autos con menos carbono, el plan de Mercedes-Benz -","og_description":"Mercedes-Benz lanz\u00f3 en Argentina su programa tecnol\u00f3gico Tomorrow XX. La iniciativa se centra en reducir la huella de carbono...","og_url":"https:\/\/autofans.com.ar\/index.php\/2026\/01\/20\/autos-con-menos-carbono-el-plan-de-mercedes-benz\/","article_published_time":"2026-01-20T20:06:09+00:00","og_image":[{"width":1000,"height":667,"url":"https:\/\/autofans.com.ar\/wp-content\/uploads\/2026\/01\/mercedes-7.jpg","type":"image\/jpeg"}],"author":"Alejandro Gabriel Rosito","twitter_card":"summary_large_image","twitter_misc":{"Escrito por":"Alejandro Gabriel Rosito","Tiempo de lectura":"3 minutos"},"schema":{"@context":"https:\/\/schema.org","@graph":[{"@type":"Article","@id":"https:\/\/autofans.com.ar\/index.php\/2026\/01\/20\/autos-con-menos-carbono-el-plan-de-mercedes-benz\/#article","isPartOf":{"@id":"https:\/\/autofans.com.ar\/index.php\/2026\/01\/20\/autos-con-menos-carbono-el-plan-de-mercedes-benz\/"},"author":{"name":"Alejandro Gabriel Rosito","@id":"https:\/\/autofans.com.ar\/#\/schema\/person\/4a8dda0b6df83ac3d6723e921274c2aa"},"headline":"Autos con menos carbono, el plan de Mercedes-Benz","datePublished":"2026-01-20T20:06:09+00:00","mainEntityOfPage":{"@id":"https:\/\/autofans.com.ar\/index.php\/2026\/01\/20\/autos-con-menos-carbono-el-plan-de-mercedes-benz\/"},"wordCount":470,"image":{"@id":"https:\/\/autofans.com.ar\/index.php\/2026\/01\/20\/autos-con-menos-carbono-el-plan-de-mercedes-benz\/#primaryimage"},"thumbnailUrl":"https:\/\/autofans.com.ar\/wp-content\/uploads\/2026\/01\/mercedes-7.jpg","keywords":["autos sustentables","descarbonizaci\u00f3n automotriz","Econom\u00eda Circular","huella de carbono","Innovaci\u00f3n automotriz","materiales reciclados","Mercedes-Benz","movilidad el\u00e9ctrica","reciclaje de bater\u00edas","Tomorrow XX"],"articleSection":["AUTOTECNO","NOTICIAS"],"inLanguage":"es"},{"@type":"WebPage","@id":"https:\/\/autofans.com.ar\/index.php\/2026\/01\/20\/autos-con-menos-carbono-el-plan-de-mercedes-benz\/","url":"https:\/\/autofans.com.ar\/index.php\/2026\/01\/20\/autos-con-menos-carbono-el-plan-de-mercedes-benz\/","name":"Autos con menos carbono, el plan de Mercedes-Benz -","isPartOf":{"@id":"https:\/\/autofans.com.ar\/#website"},"primaryImageOfPage":{"@id":"https:\/\/autofans.com.ar\/index.php\/2026\/01\/20\/autos-con-menos-carbono-el-plan-de-mercedes-benz\/#primaryimage"},"image":{"@id":"https:\/\/autofans.com.ar\/index.php\/2026\/01\/20\/autos-con-menos-carbono-el-plan-de-mercedes-benz\/#primaryimage"},"thumbnailUrl":"https:\/\/autofans.com.ar\/wp-content\/uploads\/2026\/01\/mercedes-7.jpg","datePublished":"2026-01-20T20:06:09+00:00","author":{"@id":"https:\/\/autofans.com.ar\/#\/schema\/person\/4a8dda0b6df83ac3d6723e921274c2aa"},"description":"Mercedes-Benz lanz\u00f3 en Argentina su programa tecnol\u00f3gico Tomorrow XX. La iniciativa se centra en reducir la huella de carbono...","breadcrumb":{"@id":"https:\/\/autofans.com.ar\/index.php\/2026\/01\/20\/autos-con-menos-carbono-el-plan-de-mercedes-benz\/#breadcrumb"},"inLanguage":"es","potentialAction":[{"@type":"ReadAction","target":["https:\/\/autofans.com.ar\/index.php\/2026\/01\/20\/autos-con-menos-carbono-el-plan-de-mercedes-benz\/"]}]},{"@type":"ImageObject","inLanguage":"es","@id":"https:\/\/autofans.com.ar\/index.php\/2026\/01\/20\/autos-con-menos-carbono-el-plan-de-mercedes-benz\/#primaryimage","url":"https:\/\/autofans.com.ar\/wp-content\/uploads\/2026\/01\/mercedes-7.jpg","contentUrl":"https:\/\/autofans.com.ar\/wp-content\/uploads\/2026\/01\/mercedes-7.jpg","width":1000,"height":667,"caption":"Mercedes-Benz"},{"@type":"BreadcrumbList","@id":"https:\/\/autofans.com.ar\/index.php\/2026\/01\/20\/autos-con-menos-carbono-el-plan-de-mercedes-benz\/#breadcrumb","itemListElement":[{"@type":"ListItem","position":1,"name":"Inicio","item":"https:\/\/autofans.com.ar\/"},{"@type":"ListItem","position":2,"name":"Autos con menos carbono, el plan de Mercedes-Benz"}]},{"@type":"WebSite","@id":"https:\/\/autofans.com.ar\/#website","url":"https:\/\/autofans.com.ar\/","name":"","description":"El multimedio referente de la industria automotriz","potentialAction":[{"@type":"SearchAction","target":{"@type":"EntryPoint","urlTemplate":"https:\/\/autofans.com.ar\/?s={search_term_string}"},"query-input":{"@type":"PropertyValueSpecification","valueRequired":true,"valueName":"search_term_string"}}],"inLanguage":"es"},{"@type":"Person","@id":"https:\/\/autofans.com.ar\/#\/schema\/person\/4a8dda0b6df83ac3d6723e921274c2aa","name":"Alejandro Gabriel Rosito","image":{"@type":"ImageObject","inLanguage":"es","@id":"https:\/\/secure.gravatar.com\/avatar\/16c5dda1489adfc62618084dcbb91cffd879c374b13fe5dd8e44ed6733852c88?s=96&d=mm&r=g","url":"https:\/\/secure.gravatar.com\/avatar\/16c5dda1489adfc62618084dcbb91cffd879c374b13fe5dd8e44ed6733852c88?s=96&d=mm&r=g","contentUrl":"https:\/\/secure.gravatar.com\/avatar\/16c5dda1489adfc62618084dcbb91cffd879c374b13fe5dd8e44ed6733852c88?s=96&d=mm&r=g","caption":"Alejandro Gabriel Rosito"},"url":"https:\/\/autofans.com.ar\/index.php\/author\/gabrielr\/"}]}},"featured_image_urls":{"full":["https:\/\/autofans.com.ar\/wp-content\/uploads\/2026\/01\/mercedes-7.jpg",1000,667,false],"thumbnail":["https:\/\/autofans.com.ar\/wp-content\/uploads\/2026\/01\/mercedes-7-150x150.jpg",150,150,true],"medium":["https:\/\/autofans.com.ar\/wp-content\/uploads\/2026\/01\/mercedes-7-300x200.jpg",300,200,true],"medium_large":["https:\/\/autofans.com.ar\/wp-content\/uploads\/2026\/01\/mercedes-7-768x512.jpg",640,427,true],"large":["https:\/\/autofans.com.ar\/wp-content\/uploads\/2026\/01\/mercedes-7.jpg",640,427,false],"1536x1536":["https:\/\/autofans.com.ar\/wp-content\/uploads\/2026\/01\/mercedes-7.jpg",1000,667,false],"2048x2048":["https:\/\/autofans.com.ar\/wp-content\/uploads\/2026\/01\/mercedes-7.jpg",1000,667,false],"covernews-featured":["https:\/\/autofans.com.ar\/wp-content\/uploads\/2026\/01\/mercedes-7.jpg",1000,667,false],"covernews-medium":["https:\/\/autofans.com.ar\/wp-content\/uploads\/2026\/01\/mercedes-7-540x340.jpg",540,340,true]},"author_info":{"display_name":"Alejandro Gabriel Rosito","author_link":"https:\/\/autofans.com.ar\/index.php\/author\/gabrielr\/"},"category_info":"<a href=\"https:\/\/autofans.com.ar\/index.php\/category\/noticias\/autotecno\/\" rel=\"category tag\">AUTOTECNO<\/a> <a href=\"https:\/\/autofans.com.ar\/index.php\/category\/noticias\/\" rel=\"category tag\">NOTICIAS<\/a>","tag_info":"NOTICIAS","comment_count":0,"_links":{"self":[{"href":"https:\/\/autofans.com.ar\/index.php\/wp-json\/wp\/v2\/posts\/15748","targetHints":{"allow":["GET"]}}],"collection":[{"href":"https:\/\/autofans.com.ar\/index.php\/wp-json\/wp\/v2\/posts"}],"about":[{"href":"https:\/\/autofans.com.ar\/index.php\/wp-json\/wp\/v2\/types\/post"}],"author":[{"embeddable":true,"href":"https:\/\/autofans.com.ar\/index.php\/wp-json\/wp\/v2\/users\/2"}],"replies":[{"embeddable":true,"href":"https:\/\/autofans.com.ar\/index.php\/wp-json\/wp\/v2\/comments?post=15748"}],"version-history":[{"count":3,"href":"https:\/\/autofans.com.ar\/index.php\/wp-json\/wp\/v2\/posts\/15748\/revisions"}],"predecessor-version":[{"id":15759,"href":"https:\/\/autofans.com.ar\/index.php\/wp-json\/wp\/v2\/posts\/15748\/revisions\/15759"}],"wp:featuredmedia":[{"embeddable":true,"href":"https:\/\/autofans.com.ar\/index.php\/wp-json\/wp\/v2\/media\/15749"}],"wp:attachment":[{"href":"https:\/\/autofans.com.ar\/index.php\/wp-json\/wp\/v2\/media?parent=15748"}],"wp:term":[{"taxonomy":"category","embeddable":true,"href":"https:\/\/autofans.com.ar\/index.php\/wp-json\/wp\/v2\/categories?post=15748"},{"taxonomy":"post_tag","embeddable":true,"href":"https:\/\/autofans.com.ar\/index.php\/wp-json\/wp\/v2\/tags?post=15748"}],"curies":[{"name":"wp","href":"https:\/\/api.w.org\/{rel}","templated":true}]}}