{"id":1576,"date":"2023-04-14T20:47:50","date_gmt":"2023-04-14T23:47:50","guid":{"rendered":"https:\/\/autofans.com.ar\/?p=1576"},"modified":"2023-04-14T20:47:50","modified_gmt":"2023-04-14T23:47:50","slug":"autofans-tv-estrena-renovado-su-temporada-16-sabado-15-a-las-21-hs","status":"publish","type":"post","link":"https:\/\/autofans.com.ar\/index.php\/2023\/04\/14\/autofans-tv-estrena-renovado-su-temporada-16-sabado-15-a-las-21-hs\/","title":{"rendered":"AUTOFANS TV estrena renovado su temporada #16 &#8211; S\u00e1bado 15 a las 21 hs"},"content":{"rendered":"<p>Sin lugar a dudas podemos decir que AUTOFANS TV ya es un cl\u00e1sico de los programas de TV sobre la industria automotriz local e internacional.<br \/>\nLa gran noticia es que este s\u00e1bado pr\u00f3ximo (15 de Abril de 2023) se estrena la nueva temporada de AUTOFANS TV con un programa renovado, nuevo equipo y muchas novedades que a continuaci\u00f3n te contamos.<\/p>\n<p>&nbsp;<\/p>\n<h2>AUTOFANS TV TEMPORADA 16\u00b0<\/h2>\n<p>ESTRENO S\u00c1BADO 15\/04\/2023 a las 21 hs. A diferencia de las anteriores temporadas adem\u00e1s de poder ver el programa en la se\u00f1al de cable METRO, tambi\u00e9n podr\u00e1s verlo v\u00eda streaming en nuestro CANAL DE YOUTUBE,\u00a0 y en los lives de INTAGRAM y FACEBOOOK de AUTOFANS+ , como parte de la nueva estrategia que la marca inaugura tambi\u00e9n a partir de este a\u00f1o en medios digitales.<\/p>\n<p>A continuaci\u00f3n te dejamos un detalle de las plataformas donde podr\u00e1s ver a partir de este s\u00e1bado, todas las semanas nuestro programa.<\/p>\n<ul>\n<li>\u00a0Canal METRO <em>(Canal 8 de Cablevisi\u00f3n, Canal 803 de Flow, Canal 413 de Telered Digital, Canal 511 de Telecentro Digital y repetidoras del interior y exterior del pa\u00eds) Podr\u00e1s ver los programas ESTRENO todos los s\u00e1bados a las 21 hs y con repeticiones los d\u00edas Domingos 15:30 hs. y los Viernes 20 hs.<\/em><\/li>\n<\/ul>\n<p>&nbsp;<\/p>\n<ul>\n<li>VIA STREAMING en nuestro <strong><a href=\"https:\/\/www.youtube.com\/channel\/UCgAC8UGHZYbT6P7PpmVnP7g\" target=\"_blank\" rel=\"noopener\">Canal de YOUTUBE<\/a> <\/strong>los s\u00e1bados a las 21 hs. <em>(Suscribite al canal y toc\u00e1 la campanita para recibir las novedades)<\/em><\/li>\n<\/ul>\n<p>&nbsp;<\/p>\n<ul>\n<li>En nuestras redes sociales <strong><a href=\"https:\/\/www.instagram.com\/autofanstv\/\" target=\"_blank\" rel=\"noopener\">INSTAGRAM LIVE<\/a><\/strong> y <a href=\"https:\/\/www.facebook.com\/autofansmas\/\" target=\"_blank\" rel=\"noopener\"><strong>FACEBOOK LIVE<\/strong><\/a> los s\u00e1bados a las 21 hs.<\/li>\n<\/ul>\n<p>&nbsp;<\/p>\n<p>Adem\u00e1s, luego de cada estreno, podr\u00e1s visitar nuestro <strong><a href=\"https:\/\/www.youtube.com\/channel\/UCgAC8UGHZYbT6P7PpmVnP7g\" target=\"_blank\" rel=\"noopener\">Canal de YOUTUBE<\/a> <\/strong> y nuestra totalmente nueva <strong><a href=\"https:\/\/autofans.com.ar\/\" target=\"_blank\" rel=\"noopener\">p\u00e1gina web<\/a><\/strong> para poder ver los contenidos del programa, ya sea en forma completa o eligiendo las secciones de tu inter\u00e9s en la secci\u00f3n del men\u00fa web \u00abAUTOFANS TV\u00bb.<\/p>\n<p>Como ver\u00e1s, nuestra idea es que puedas disfrutar lo mejor de la industria automotriz nacional e internacional de la manera que m\u00e1s te guste y pudiendo elegir que tipo de contenidos te gustan.<\/p>\n<p>Durante este a\u00f1o iremos teniendo muchas m\u00e1s novedades para vos y para los referentes de la industria. Si sos un apasionado como nosotros de todo lo que sea mobilidad y novedades del mercado automotriz, no dejes de seguirnos en nuestros canales digitales.<\/p>\n<p>Para transmitirnos tus comentarios u opiniones respecto del nuevo AUTOFANS+ pod\u00e9s escribirnos a <a href=\"mailto:contacto@autofans.com.ar\" target=\"_blank\" rel=\"noopener\">contacto@autofans.com.ar<\/a>\u00a0 que te responderemos a la brevedad.<\/p>\n<p>Por \u00faltimo y para que vayas entrando en calor, te dejamos el video de la nueva apertura del programa. \u00bfTe gusta? Comentanos&#8230;<\/p>\n<p><iframe title=\"INTRO PROGRAMA AUTOFANS TV 2023\" width=\"640\" height=\"360\" src=\"https:\/\/www.youtube.com\/embed\/lD2HISQbdi0?feature=oembed\" frameborder=\"0\" allow=\"accelerometer; autoplay; clipboard-write; encrypted-media; gyroscope; picture-in-picture; web-share\" referrerpolicy=\"strict-origin-when-cross-origin\" allowfullscreen><\/iframe><\/p>\n<p>Gracias por elegirnos, esperamos que disfrutes todo lo nuevo de nuestra temporada 16\u00b0.<\/p>\n<p>&nbsp;<\/p>\n<p><i>Para enterarte de m\u00e1s novedades, no dejes de leer\u00a0<\/i><a href=\"https:\/\/autofans.thebrandsoup.com\/\"><i>nuestras notas<\/i><\/a><i>, de ver<\/i><b><i>\u00a0<\/i><\/b><a href=\"https:\/\/www.youtube.com\/channel\/UCgAC8UGHZYbT6P7PpmVnP7g\"><b><i>AUTOFANS TV<\/i><\/b><\/a><b><i>\u00a0<\/i><\/b><i>en nuestro\u00a0canal de Youtube. Adem\u00e1s seguinos en\u00a0<\/i><a href=\"https:\/\/www.instagram.com\/autofanstv\/\"><i>INSTAGRAM<\/i><\/a><i>\u00a0y\u00a0<\/i><a href=\"https:\/\/www.facebook.com\/autofansmas\/\"><i>FACEBOOK<\/i><\/a><i>\u00a0para no perderte nada sobre las novedades del segmento automotor de Argentina y el mundo.<\/i><\/p>\n<p>&nbsp;<\/p>\n","protected":false},"excerpt":{"rendered":"<p>Sin lugar a dudas podemos decir que AUTOFANS TV ya es un cl\u00e1sico de los&#8230;<\/p>\n","protected":false},"author":1,"featured_media":1577,"comment_status":"closed","ping_status":"closed","sticky":false,"template":"","format":"standard","meta":{"footnotes":""},"categories":[13,1,16],"tags":[79,81,707,83,703,306,708,704,706,709,705],"class_list":["post-1576","post","type-post","status-publish","format-standard","has-post-thumbnail","hentry","category-autofans-tv","category-lanzamientos","category-noticias","tag-autofans-tv","tag-autofans","tag-canal-de-youtube","tag-estreno","tag-industria-automotrriz","tag-novedad","tag-nueva-temporada","tag-progrrama-de-tv","tag-redes-sociales","tag-streaming","tag-web-de-autos"],"yoast_head":"<!-- This site is optimized with the Yoast SEO plugin v27.5 - https:\/\/yoast.com\/product\/yoast-seo-wordpress\/ -->\n<title>AUTOFANS TV estrena renovado su temporada #16 - S\u00e1bado 15 a las 21 hs<\/title>\n<meta name=\"description\" content=\"Este s\u00e1bado 15 de Abril se estrena la nueva temporada de AUTOFANS TV, con un programa renovado, nuevo equipo y muchas novedades m\u00e1s...\" \/>\n<meta name=\"robots\" content=\"index, follow, max-snippet:-1, max-image-preview:large, max-video-preview:-1\" \/>\n<link rel=\"canonical\" href=\"https:\/\/autofans.com.ar\/index.php\/2023\/04\/14\/autofans-tv-estrena-renovado-su-temporada-16-sabado-15-a-las-21-hs\/\" \/>\n<meta property=\"og:locale\" content=\"es_ES\" \/>\n<meta property=\"og:type\" content=\"article\" \/>\n<meta property=\"og:title\" content=\"AUTOFANS TV estrena renovado su temporada #16 - S\u00e1bado 15 a las 21 hs\" \/>\n<meta property=\"og:description\" content=\"Este s\u00e1bado 15 de Abril se estrena la nueva temporada de AUTOFANS TV, con un programa renovado, nuevo equipo y muchas novedades m\u00e1s...\" \/>\n<meta property=\"og:url\" content=\"https:\/\/autofans.com.ar\/index.php\/2023\/04\/14\/autofans-tv-estrena-renovado-su-temporada-16-sabado-15-a-las-21-hs\/\" \/>\n<meta property=\"article:published_time\" content=\"2023-04-14T23:47:50+00:00\" \/>\n<meta property=\"og:image\" content=\"https:\/\/autofans.com.ar\/wp-content\/uploads\/2023\/04\/AutofansTV_T16-jpg.webp\" \/>\n\t<meta property=\"og:image:width\" content=\"1000\" \/>\n\t<meta property=\"og:image:height\" content=\"667\" \/>\n\t<meta property=\"og:image:type\" content=\"image\/jpeg\" \/>\n<meta name=\"author\" content=\"AleCAF\" \/>\n<meta name=\"twitter:card\" content=\"summary_large_image\" \/>\n<meta name=\"twitter:label1\" content=\"Escrito por\" \/>\n\t<meta name=\"twitter:data1\" content=\"AleCAF\" \/>\n\t<meta name=\"twitter:label2\" content=\"Tiempo de lectura\" \/>\n\t<meta name=\"twitter:data2\" content=\"3 minutos\" \/>\n<script type=\"application\/ld+json\" class=\"yoast-schema-graph\">{\"@context\":\"https:\\\/\\\/schema.org\",\"@graph\":[{\"@type\":\"Article\",\"@id\":\"https:\\\/\\\/autofans.com.ar\\\/index.php\\\/2023\\\/04\\\/14\\\/autofans-tv-estrena-renovado-su-temporada-16-sabado-15-a-las-21-hs\\\/#article\",\"isPartOf\":{\"@id\":\"https:\\\/\\\/autofans.com.ar\\\/index.php\\\/2023\\\/04\\\/14\\\/autofans-tv-estrena-renovado-su-temporada-16-sabado-15-a-las-21-hs\\\/\"},\"author\":{\"name\":\"AleCAF\",\"@id\":\"https:\\\/\\\/autofans.com.ar\\\/#\\\/schema\\\/person\\\/4f260a29da3cfebb7f29121591a73481\"},\"headline\":\"AUTOFANS TV estrena renovado su temporada #16 &#8211; S\u00e1bado 15 a las 21 hs\",\"datePublished\":\"2023-04-14T23:47:50+00:00\",\"mainEntityOfPage\":{\"@id\":\"https:\\\/\\\/autofans.com.ar\\\/index.php\\\/2023\\\/04\\\/14\\\/autofans-tv-estrena-renovado-su-temporada-16-sabado-15-a-las-21-hs\\\/\"},\"wordCount\":502,\"image\":{\"@id\":\"https:\\\/\\\/autofans.com.ar\\\/index.php\\\/2023\\\/04\\\/14\\\/autofans-tv-estrena-renovado-su-temporada-16-sabado-15-a-las-21-hs\\\/#primaryimage\"},\"thumbnailUrl\":\"https:\\\/\\\/autofans.com.ar\\\/wp-content\\\/uploads\\\/2023\\\/04\\\/AutofansTV_T16-jpg.webp\",\"keywords\":[\"AutoFans TV\",\"AutoFans+\",\"Canal de Youtube\",\"Estreno\",\"Industria Automotrriz\",\"Novedad\",\"Nueva Temporada\",\"Progrrama de TV\",\"Redes Sociales\",\"Streaming\",\"Web de autos\"],\"articleSection\":[\"AUTOFANS TV\",\"LANZAMIENTOS\",\"NOTICIAS\"],\"inLanguage\":\"es\"},{\"@type\":\"WebPage\",\"@id\":\"https:\\\/\\\/autofans.com.ar\\\/index.php\\\/2023\\\/04\\\/14\\\/autofans-tv-estrena-renovado-su-temporada-16-sabado-15-a-las-21-hs\\\/\",\"url\":\"https:\\\/\\\/autofans.com.ar\\\/index.php\\\/2023\\\/04\\\/14\\\/autofans-tv-estrena-renovado-su-temporada-16-sabado-15-a-las-21-hs\\\/\",\"name\":\"AUTOFANS TV estrena renovado su temporada #16 - S\u00e1bado 15 a las 21 hs\",\"isPartOf\":{\"@id\":\"https:\\\/\\\/autofans.com.ar\\\/#website\"},\"primaryImageOfPage\":{\"@id\":\"https:\\\/\\\/autofans.com.ar\\\/index.php\\\/2023\\\/04\\\/14\\\/autofans-tv-estrena-renovado-su-temporada-16-sabado-15-a-las-21-hs\\\/#primaryimage\"},\"image\":{\"@id\":\"https:\\\/\\\/autofans.com.ar\\\/index.php\\\/2023\\\/04\\\/14\\\/autofans-tv-estrena-renovado-su-temporada-16-sabado-15-a-las-21-hs\\\/#primaryimage\"},\"thumbnailUrl\":\"https:\\\/\\\/autofans.com.ar\\\/wp-content\\\/uploads\\\/2023\\\/04\\\/AutofansTV_T16-jpg.webp\",\"datePublished\":\"2023-04-14T23:47:50+00:00\",\"author\":{\"@id\":\"https:\\\/\\\/autofans.com.ar\\\/#\\\/schema\\\/person\\\/4f260a29da3cfebb7f29121591a73481\"},\"description\":\"Este s\u00e1bado 15 de Abril se estrena la nueva temporada de AUTOFANS TV, con un programa renovado, nuevo equipo y muchas novedades m\u00e1s...\",\"breadcrumb\":{\"@id\":\"https:\\\/\\\/autofans.com.ar\\\/index.php\\\/2023\\\/04\\\/14\\\/autofans-tv-estrena-renovado-su-temporada-16-sabado-15-a-las-21-hs\\\/#breadcrumb\"},\"inLanguage\":\"es\",\"potentialAction\":[{\"@type\":\"ReadAction\",\"target\":[\"https:\\\/\\\/autofans.com.ar\\\/index.php\\\/2023\\\/04\\\/14\\\/autofans-tv-estrena-renovado-su-temporada-16-sabado-15-a-las-21-hs\\\/\"]}]},{\"@type\":\"ImageObject\",\"inLanguage\":\"es\",\"@id\":\"https:\\\/\\\/autofans.com.ar\\\/index.php\\\/2023\\\/04\\\/14\\\/autofans-tv-estrena-renovado-su-temporada-16-sabado-15-a-las-21-hs\\\/#primaryimage\",\"url\":\"https:\\\/\\\/autofans.com.ar\\\/wp-content\\\/uploads\\\/2023\\\/04\\\/AutofansTV_T16-jpg.webp\",\"contentUrl\":\"https:\\\/\\\/autofans.com.ar\\\/wp-content\\\/uploads\\\/2023\\\/04\\\/AutofansTV_T16-jpg.webp\",\"width\":1000,\"height\":667,\"caption\":\"Autofans TV\"},{\"@type\":\"BreadcrumbList\",\"@id\":\"https:\\\/\\\/autofans.com.ar\\\/index.php\\\/2023\\\/04\\\/14\\\/autofans-tv-estrena-renovado-su-temporada-16-sabado-15-a-las-21-hs\\\/#breadcrumb\",\"itemListElement\":[{\"@type\":\"ListItem\",\"position\":1,\"name\":\"Inicio\",\"item\":\"https:\\\/\\\/autofans.com.ar\\\/\"},{\"@type\":\"ListItem\",\"position\":2,\"name\":\"AUTOFANS TV estrena renovado su temporada #16 &#8211; S\u00e1bado 15 a las 21 hs\"}]},{\"@type\":\"WebSite\",\"@id\":\"https:\\\/\\\/autofans.com.ar\\\/#website\",\"url\":\"https:\\\/\\\/autofans.com.ar\\\/\",\"name\":\"\",\"description\":\"El multimedio referente de la industria automotriz\",\"potentialAction\":[{\"@type\":\"SearchAction\",\"target\":{\"@type\":\"EntryPoint\",\"urlTemplate\":\"https:\\\/\\\/autofans.com.ar\\\/?s={search_term_string}\"},\"query-input\":{\"@type\":\"PropertyValueSpecification\",\"valueRequired\":true,\"valueName\":\"search_term_string\"}}],\"inLanguage\":\"es\"},{\"@type\":\"Person\",\"@id\":\"https:\\\/\\\/autofans.com.ar\\\/#\\\/schema\\\/person\\\/4f260a29da3cfebb7f29121591a73481\",\"name\":\"AleCAF\",\"image\":{\"@type\":\"ImageObject\",\"inLanguage\":\"es\",\"@id\":\"https:\\\/\\\/secure.gravatar.com\\\/avatar\\\/959b1ac26ee9dfc67318763f0a21a739fce256ee110a46fe86a2957f5568f27e?s=96&d=mm&r=g\",\"url\":\"https:\\\/\\\/secure.gravatar.com\\\/avatar\\\/959b1ac26ee9dfc67318763f0a21a739fce256ee110a46fe86a2957f5568f27e?s=96&d=mm&r=g\",\"contentUrl\":\"https:\\\/\\\/secure.gravatar.com\\\/avatar\\\/959b1ac26ee9dfc67318763f0a21a739fce256ee110a46fe86a2957f5568f27e?s=96&d=mm&r=g\",\"caption\":\"AleCAF\"},\"description\":\"Se trata del sitio web del multimedio Autofans, dedicado a informar las novedades y tendencias del segmento automotor nacional e internacional. El multimedio est\u00e1 conformado por Autofans web, Autofans TV (Programa), Youtube, Intagram y Facebook\",\"sameAs\":[\"https:\\\/\\\/autofans.com.ar\"],\"url\":\"https:\\\/\\\/autofans.com.ar\\\/index.php\\\/author\\\/alecampolieto\\\/\"}]}<\/script>\n<!-- \/ Yoast SEO plugin. -->","yoast_head_json":{"title":"AUTOFANS TV estrena renovado su temporada #16 - S\u00e1bado 15 a las 21 hs","description":"Este s\u00e1bado 15 de Abril se estrena la nueva temporada de AUTOFANS TV, con un programa renovado, nuevo equipo y muchas novedades m\u00e1s...","robots":{"index":"index","follow":"follow","max-snippet":"max-snippet:-1","max-image-preview":"max-image-preview:large","max-video-preview":"max-video-preview:-1"},"canonical":"https:\/\/autofans.com.ar\/index.php\/2023\/04\/14\/autofans-tv-estrena-renovado-su-temporada-16-sabado-15-a-las-21-hs\/","og_locale":"es_ES","og_type":"article","og_title":"AUTOFANS TV estrena renovado su temporada #16 - S\u00e1bado 15 a las 21 hs","og_description":"Este s\u00e1bado 15 de Abril se estrena la nueva temporada de AUTOFANS TV, con un programa renovado, nuevo equipo y muchas novedades m\u00e1s...","og_url":"https:\/\/autofans.com.ar\/index.php\/2023\/04\/14\/autofans-tv-estrena-renovado-su-temporada-16-sabado-15-a-las-21-hs\/","article_published_time":"2023-04-14T23:47:50+00:00","og_image":[{"width":1000,"height":667,"url":"https:\/\/autofans.com.ar\/wp-content\/uploads\/2023\/04\/AutofansTV_T16-jpg.webp","type":"image\/jpeg"}],"author":"AleCAF","twitter_card":"summary_large_image","twitter_misc":{"Escrito por":"AleCAF","Tiempo de lectura":"3 minutos"},"schema":{"@context":"https:\/\/schema.org","@graph":[{"@type":"Article","@id":"https:\/\/autofans.com.ar\/index.php\/2023\/04\/14\/autofans-tv-estrena-renovado-su-temporada-16-sabado-15-a-las-21-hs\/#article","isPartOf":{"@id":"https:\/\/autofans.com.ar\/index.php\/2023\/04\/14\/autofans-tv-estrena-renovado-su-temporada-16-sabado-15-a-las-21-hs\/"},"author":{"name":"AleCAF","@id":"https:\/\/autofans.com.ar\/#\/schema\/person\/4f260a29da3cfebb7f29121591a73481"},"headline":"AUTOFANS TV estrena renovado su temporada #16 &#8211; S\u00e1bado 15 a las 21 hs","datePublished":"2023-04-14T23:47:50+00:00","mainEntityOfPage":{"@id":"https:\/\/autofans.com.ar\/index.php\/2023\/04\/14\/autofans-tv-estrena-renovado-su-temporada-16-sabado-15-a-las-21-hs\/"},"wordCount":502,"image":{"@id":"https:\/\/autofans.com.ar\/index.php\/2023\/04\/14\/autofans-tv-estrena-renovado-su-temporada-16-sabado-15-a-las-21-hs\/#primaryimage"},"thumbnailUrl":"https:\/\/autofans.com.ar\/wp-content\/uploads\/2023\/04\/AutofansTV_T16-jpg.webp","keywords":["AutoFans TV","AutoFans+","Canal de Youtube","Estreno","Industria Automotrriz","Novedad","Nueva Temporada","Progrrama de TV","Redes Sociales","Streaming","Web de autos"],"articleSection":["AUTOFANS TV","LANZAMIENTOS","NOTICIAS"],"inLanguage":"es"},{"@type":"WebPage","@id":"https:\/\/autofans.com.ar\/index.php\/2023\/04\/14\/autofans-tv-estrena-renovado-su-temporada-16-sabado-15-a-las-21-hs\/","url":"https:\/\/autofans.com.ar\/index.php\/2023\/04\/14\/autofans-tv-estrena-renovado-su-temporada-16-sabado-15-a-las-21-hs\/","name":"AUTOFANS TV estrena renovado su temporada #16 - S\u00e1bado 15 a las 21 hs","isPartOf":{"@id":"https:\/\/autofans.com.ar\/#website"},"primaryImageOfPage":{"@id":"https:\/\/autofans.com.ar\/index.php\/2023\/04\/14\/autofans-tv-estrena-renovado-su-temporada-16-sabado-15-a-las-21-hs\/#primaryimage"},"image":{"@id":"https:\/\/autofans.com.ar\/index.php\/2023\/04\/14\/autofans-tv-estrena-renovado-su-temporada-16-sabado-15-a-las-21-hs\/#primaryimage"},"thumbnailUrl":"https:\/\/autofans.com.ar\/wp-content\/uploads\/2023\/04\/AutofansTV_T16-jpg.webp","datePublished":"2023-04-14T23:47:50+00:00","author":{"@id":"https:\/\/autofans.com.ar\/#\/schema\/person\/4f260a29da3cfebb7f29121591a73481"},"description":"Este s\u00e1bado 15 de Abril se estrena la nueva temporada de AUTOFANS TV, con un programa renovado, nuevo equipo y muchas novedades m\u00e1s...","breadcrumb":{"@id":"https:\/\/autofans.com.ar\/index.php\/2023\/04\/14\/autofans-tv-estrena-renovado-su-temporada-16-sabado-15-a-las-21-hs\/#breadcrumb"},"inLanguage":"es","potentialAction":[{"@type":"ReadAction","target":["https:\/\/autofans.com.ar\/index.php\/2023\/04\/14\/autofans-tv-estrena-renovado-su-temporada-16-sabado-15-a-las-21-hs\/"]}]},{"@type":"ImageObject","inLanguage":"es","@id":"https:\/\/autofans.com.ar\/index.php\/2023\/04\/14\/autofans-tv-estrena-renovado-su-temporada-16-sabado-15-a-las-21-hs\/#primaryimage","url":"https:\/\/autofans.com.ar\/wp-content\/uploads\/2023\/04\/AutofansTV_T16-jpg.webp","contentUrl":"https:\/\/autofans.com.ar\/wp-content\/uploads\/2023\/04\/AutofansTV_T16-jpg.webp","width":1000,"height":667,"caption":"Autofans TV"},{"@type":"BreadcrumbList","@id":"https:\/\/autofans.com.ar\/index.php\/2023\/04\/14\/autofans-tv-estrena-renovado-su-temporada-16-sabado-15-a-las-21-hs\/#breadcrumb","itemListElement":[{"@type":"ListItem","position":1,"name":"Inicio","item":"https:\/\/autofans.com.ar\/"},{"@type":"ListItem","position":2,"name":"AUTOFANS TV estrena renovado su temporada #16 &#8211; S\u00e1bado 15 a las 21 hs"}]},{"@type":"WebSite","@id":"https:\/\/autofans.com.ar\/#website","url":"https:\/\/autofans.com.ar\/","name":"","description":"El multimedio referente de la industria automotriz","potentialAction":[{"@type":"SearchAction","target":{"@type":"EntryPoint","urlTemplate":"https:\/\/autofans.com.ar\/?s={search_term_string}"},"query-input":{"@type":"PropertyValueSpecification","valueRequired":true,"valueName":"search_term_string"}}],"inLanguage":"es"},{"@type":"Person","@id":"https:\/\/autofans.com.ar\/#\/schema\/person\/4f260a29da3cfebb7f29121591a73481","name":"AleCAF","image":{"@type":"ImageObject","inLanguage":"es","@id":"https:\/\/secure.gravatar.com\/avatar\/959b1ac26ee9dfc67318763f0a21a739fce256ee110a46fe86a2957f5568f27e?s=96&d=mm&r=g","url":"https:\/\/secure.gravatar.com\/avatar\/959b1ac26ee9dfc67318763f0a21a739fce256ee110a46fe86a2957f5568f27e?s=96&d=mm&r=g","contentUrl":"https:\/\/secure.gravatar.com\/avatar\/959b1ac26ee9dfc67318763f0a21a739fce256ee110a46fe86a2957f5568f27e?s=96&d=mm&r=g","caption":"AleCAF"},"description":"Se trata del sitio web del multimedio Autofans, dedicado a informar las novedades y tendencias del segmento automotor nacional e internacional. El multimedio est\u00e1 conformado por Autofans web, Autofans TV (Programa), Youtube, Intagram y Facebook","sameAs":["https:\/\/autofans.com.ar"],"url":"https:\/\/autofans.com.ar\/index.php\/author\/alecampolieto\/"}]}},"featured_image_urls":{"full":["https:\/\/autofans.com.ar\/wp-content\/uploads\/2023\/04\/AutofansTV_T16-jpg.webp",1000,667,false],"thumbnail":["https:\/\/autofans.com.ar\/wp-content\/uploads\/2023\/04\/AutofansTV_T16-150x150.webp",150,150,true],"medium":["https:\/\/autofans.com.ar\/wp-content\/uploads\/2023\/04\/AutofansTV_T16-300x200.webp",300,200,true],"medium_large":["https:\/\/autofans.com.ar\/wp-content\/uploads\/2023\/04\/AutofansTV_T16-768x512.webp",640,427,true],"large":["https:\/\/autofans.com.ar\/wp-content\/uploads\/2023\/04\/AutofansTV_T16-jpg.webp",640,427,false],"1536x1536":["https:\/\/autofans.com.ar\/wp-content\/uploads\/2023\/04\/AutofansTV_T16-jpg.webp",1000,667,false],"2048x2048":["https:\/\/autofans.com.ar\/wp-content\/uploads\/2023\/04\/AutofansTV_T16-jpg.webp",1000,667,false],"covernews-featured":["https:\/\/autofans.com.ar\/wp-content\/uploads\/2023\/04\/AutofansTV_T16-jpg.webp",1000,667,false],"covernews-medium":["https:\/\/autofans.com.ar\/wp-content\/uploads\/2023\/04\/AutofansTV_T16-540x340.webp",540,340,true]},"author_info":{"display_name":"AleCAF","author_link":"https:\/\/autofans.com.ar\/index.php\/author\/alecampolieto\/"},"category_info":"<a href=\"https:\/\/autofans.com.ar\/index.php\/category\/autofans-tv\/\" rel=\"category tag\">AUTOFANS TV<\/a> <a href=\"https:\/\/autofans.com.ar\/index.php\/category\/lanzamientos\/\" rel=\"category tag\">LANZAMIENTOS<\/a> <a href=\"https:\/\/autofans.com.ar\/index.php\/category\/noticias\/\" rel=\"category tag\">NOTICIAS<\/a>","tag_info":"NOTICIAS","comment_count":0,"_links":{"self":[{"href":"https:\/\/autofans.com.ar\/index.php\/wp-json\/wp\/v2\/posts\/1576","targetHints":{"allow":["GET"]}}],"collection":[{"href":"https:\/\/autofans.com.ar\/index.php\/wp-json\/wp\/v2\/posts"}],"about":[{"href":"https:\/\/autofans.com.ar\/index.php\/wp-json\/wp\/v2\/types\/post"}],"author":[{"embeddable":true,"href":"https:\/\/autofans.com.ar\/index.php\/wp-json\/wp\/v2\/users\/1"}],"replies":[{"embeddable":true,"href":"https:\/\/autofans.com.ar\/index.php\/wp-json\/wp\/v2\/comments?post=1576"}],"version-history":[{"count":1,"href":"https:\/\/autofans.com.ar\/index.php\/wp-json\/wp\/v2\/posts\/1576\/revisions"}],"predecessor-version":[{"id":1578,"href":"https:\/\/autofans.com.ar\/index.php\/wp-json\/wp\/v2\/posts\/1576\/revisions\/1578"}],"wp:featuredmedia":[{"embeddable":true,"href":"https:\/\/autofans.com.ar\/index.php\/wp-json\/wp\/v2\/media\/1577"}],"wp:attachment":[{"href":"https:\/\/autofans.com.ar\/index.php\/wp-json\/wp\/v2\/media?parent=1576"}],"wp:term":[{"taxonomy":"category","embeddable":true,"href":"https:\/\/autofans.com.ar\/index.php\/wp-json\/wp\/v2\/categories?post=1576"},{"taxonomy":"post_tag","embeddable":true,"href":"https:\/\/autofans.com.ar\/index.php\/wp-json\/wp\/v2\/tags?post=1576"}],"curies":[{"name":"wp","href":"https:\/\/api.w.org\/{rel}","templated":true}]}}