{"id":15762,"date":"2026-01-21T13:31:28","date_gmt":"2026-01-21T16:31:28","guid":{"rendered":"https:\/\/autofans.com.ar\/?p=15762"},"modified":"2026-01-21T13:31:28","modified_gmt":"2026-01-21T16:31:28","slug":"luciano-benavides-y-ktm-la-dupla-imbatible-del-dakar","status":"publish","type":"post","link":"https:\/\/autofans.com.ar\/index.php\/2026\/01\/21\/luciano-benavides-y-ktm-la-dupla-imbatible-del-dakar\/","title":{"rendered":"Luciano Benavides y KTM, la dupla imbatible del Dakar"},"content":{"rendered":"<p class=\"ds-markdown-paragraph\">El Rally Dakar 2026 ya tiene un nuevo due\u00f1o en la categor\u00eda motos. Luciano Benavides, piloto oficial del equipo Red Bull KTM Factory Racing, levant\u00f3 el Trofeo Touareg tras una competencia \u00e9pica de 13 etapas en Arabia Saudita. La victoria se defini\u00f3 en el \u00faltimo kil\u00f3metro, con una diferencia final de apenas dos segundos, marcando un cierre hist\u00f3rico.<\/p>\n<p>&nbsp;<\/p>\n<h2 class=\"ds-markdown-paragraph\">Un recibimiento de campe\u00f3n en Buenos Aires<\/h2>\n<p>&nbsp;<\/p>\n<figure id=\"attachment_15764\" aria-describedby=\"caption-attachment-15764\" style=\"width: 1000px\" class=\"wp-caption aligncenter\"><img fetchpriority=\"high\" decoding=\"async\" class=\"wp-image-15764 size-full\" src=\"https:\/\/autofans.com.ar\/wp-content\/uploads\/2026\/01\/ktm-4.jpg\" alt=\"ktm\" width=\"1000\" height=\"667\" srcset=\"https:\/\/autofans.com.ar\/wp-content\/uploads\/2026\/01\/ktm-4.jpg 1000w, https:\/\/autofans.com.ar\/wp-content\/uploads\/2026\/01\/ktm-4-300x200.jpg 300w, https:\/\/autofans.com.ar\/wp-content\/uploads\/2026\/01\/ktm-4-768x512.jpg 768w\" sizes=\"(max-width: 1000px) 100vw, 1000px\" \/><figcaption id=\"caption-attachment-15764\" class=\"wp-caption-text\">Luciano Benavides ganador del Dakar 2026 conferencia de prensa en KTM Argentina<\/figcaption><\/figure>\n<p>&nbsp;<\/p>\n<p class=\"ds-markdown-paragraph\">De regreso en Argentina, Benavides fue recibido en las oficinas de KTM Argentina, parte del Grupo Simpa, representante oficial de la marca desde 2008. En una conferencia de prensa, el piloto de 30 a\u00f1os comparti\u00f3 los detalles de una campa\u00f1a inteligente y llena de sacrificio. \u00abEs un sue\u00f1o hecho realidad. Ganar por tan poco habla de lo exigente que fue. Siento un orgullo enorme por representar al pa\u00eds en lo m\u00e1s alto\u00bb, expres\u00f3 Luciano.<\/p>\n<p>&nbsp;<\/p>\n<h2 class=\"ds-markdown-paragraph\">La estrategia que coron\u00f3 a un campe\u00f3n<\/h2>\n<p>&nbsp;<\/p>\n<figure id=\"attachment_15767\" aria-describedby=\"caption-attachment-15767\" style=\"width: 1000px\" class=\"wp-caption aligncenter\"><img decoding=\"async\" class=\"wp-image-15767 size-full\" src=\"https:\/\/autofans.com.ar\/wp-content\/uploads\/2026\/01\/ktm-1.jpg\" alt=\"ktm\" width=\"1000\" height=\"667\" srcset=\"https:\/\/autofans.com.ar\/wp-content\/uploads\/2026\/01\/ktm-1.jpg 1000w, https:\/\/autofans.com.ar\/wp-content\/uploads\/2026\/01\/ktm-1-300x200.jpg 300w, https:\/\/autofans.com.ar\/wp-content\/uploads\/2026\/01\/ktm-1-768x512.jpg 768w\" sizes=\"(max-width: 1000px) 100vw, 1000px\" \/><figcaption id=\"caption-attachment-15767\" class=\"wp-caption-text\">Luciano y Kevin Benavides conferencia de prensa en KTM Argentina<\/figcaption><\/figure>\n<p>&nbsp;<\/p>\n<p class=\"ds-markdown-paragraph\">El Dakar 2026, con casi 5.000 km cronometrados, exigi\u00f3 precisi\u00f3n y resistencia. La estrategia de Benavides se bas\u00f3 en tres pilares:<\/p>\n<ul>\n<li>\n<p class=\"ds-markdown-paragraph\">Consistencia inicial: Se mantuvo en los primeros puestos durante la primera semana, priorizando la navegaci\u00f3n sin errores.<\/p>\n<\/li>\n<li>\n<p class=\"ds-markdown-paragraph\">Ataque en la etapa cr\u00edtica: En los d\u00edas centrales, descont\u00f3 tiempo en terrenos complejos, afirm\u00e1ndose como candidato al t\u00edtulo.<\/p>\n<\/li>\n<li>\n<p class=\"ds-markdown-paragraph\">Ag\u00f3nica definici\u00f3n: Sostuvo un ritmo impecable hasta el final, en una de las definiciones m\u00e1s ajustadas de la historia de la categor\u00eda.<\/p>\n<\/li>\n<\/ul>\n<p>&nbsp;<\/p>\n<h2 class=\"ds-markdown-paragraph\">Un hecho in\u00e9dito: los hermanos Benavides ganadores<\/h2>\n<p>&nbsp;<\/p>\n<figure id=\"attachment_15763\" aria-describedby=\"caption-attachment-15763\" style=\"width: 1000px\" class=\"wp-caption aligncenter\"><img decoding=\"async\" class=\"wp-image-15763 size-full\" src=\"https:\/\/autofans.com.ar\/wp-content\/uploads\/2026\/01\/ktm-5.jpg\" alt=\"ktm\" width=\"1000\" height=\"667\" srcset=\"https:\/\/autofans.com.ar\/wp-content\/uploads\/2026\/01\/ktm-5.jpg 1000w, https:\/\/autofans.com.ar\/wp-content\/uploads\/2026\/01\/ktm-5-300x200.jpg 300w, https:\/\/autofans.com.ar\/wp-content\/uploads\/2026\/01\/ktm-5-768x512.jpg 768w\" sizes=\"(max-width: 1000px) 100vw, 1000px\" \/><figcaption id=\"caption-attachment-15763\" class=\"wp-caption-text\">Luciano y Kevin Benavides conferencia de prensa en KTM Argentina<\/figcaption><\/figure>\n<p>&nbsp;<\/p>\n<p class=\"ds-markdown-paragraph\">Esta edici\u00f3n qued\u00f3 marcada por un evento sin precedentes. En la etapa 7, tanto Luciano (en la categor\u00eda motos) como su hermano Kevin (en la categor\u00eda donde compiti\u00f3) salieron victoriosos. Un cap\u00edtulo \u00fanico para una familia que transform\u00f3 el sue\u00f1o de correr en un legado de campeones. Kevin, recordemos, fue campe\u00f3n del Dakar en 2021 y 2023.<\/p>\n<p>&nbsp;<\/p>\n<h2 class=\"ds-markdown-paragraph\">KTM, una m\u00e1quina de ganar<\/h2>\n<p>&nbsp;<\/p>\n<figure id=\"attachment_15766\" aria-describedby=\"caption-attachment-15766\" style=\"width: 1000px\" class=\"wp-caption aligncenter\"><img loading=\"lazy\" decoding=\"async\" class=\"wp-image-15766 size-full\" src=\"https:\/\/autofans.com.ar\/wp-content\/uploads\/2026\/01\/ktm-2.jpg\" alt=\"ktm\" width=\"1000\" height=\"667\" srcset=\"https:\/\/autofans.com.ar\/wp-content\/uploads\/2026\/01\/ktm-2.jpg 1000w, https:\/\/autofans.com.ar\/wp-content\/uploads\/2026\/01\/ktm-2-300x200.jpg 300w, https:\/\/autofans.com.ar\/wp-content\/uploads\/2026\/01\/ktm-2-768x512.jpg 768w\" sizes=\"(max-width: 1000px) 100vw, 1000px\" \/><figcaption id=\"caption-attachment-15766\" class=\"wp-caption-text\">Luciano Benavides ganador del Dakar 2026 conferencia de prensa en KTM Argentina<\/figcaption><\/figure>\n<p>&nbsp;<\/p>\n<p class=\"ds-markdown-paragraph\">La victoria de Luciano Benavides representa el t\u00edtulo n\u00famero 21 para la escuder\u00eda oficial KTM en las 27 ediciones que ha disputado. Este resultado reafirma el dominio de la marca en el rally raid m\u00e1s exigente del mundo y destaca su compromiso con la innovaci\u00f3n y el alto rendimiento. Para el motociclismo argentino, es la confirmaci\u00f3n de una generaci\u00f3n dorada que domina los caminos m\u00e1s dif\u00edciles del planeta.<\/p>\n<p>&nbsp;<\/p>\n<p>&nbsp;<\/p>\n<p>&nbsp;<\/p>\n<p><i>Para enterarte de m\u00e1s novedades, no dejes de leer\u00a0<\/i><a href=\"https:\/\/autofans.thebrandsoup.com\/\"><i>nuestras notas<\/i><\/a><i>, de ver\u00a0<\/i><a href=\"https:\/\/www.youtube.com\/channel\/UCgAC8UGHZYbT6P7PpmVnP7g\"><i>AUTOFANS TV<\/i><\/a><i>\u00a0en nuestro\u00a0canal de Youtube. Adem\u00e1s seguinos en\u00a0<\/i><a href=\"https:\/\/www.instagram.com\/autofanstv\/\"><i>INSTAGRAM<\/i><\/a><i> y <\/i><a href=\"https:\/\/www.facebook.com\/autofansmas\/\"><i>FACEBOOK<\/i><\/a><i> para no perderte nada sobre las novedades del segmento automotor de Argentina y el mundo.<\/i><\/p>\n","protected":false},"excerpt":{"rendered":"<p>El Rally Dakar 2026 ya tiene un nuevo due\u00f1o en la categor\u00eda motos. Luciano Benavides,&#8230;<\/p>\n","protected":false},"author":2,"featured_media":15765,"comment_status":"closed","ping_status":"closed","sticky":false,"template":"","format":"standard","meta":{"footnotes":""},"categories":[127,4,16],"tags":[8281,8282,246,8283,1941,8280,8095,8279,2140,301],"class_list":["post-15762","post","type-post","status-publish","format-standard","has-post-thumbnail","hentry","category-deporte","category-motos","category-noticias","tag-campeon-dakar-motos","tag-dakar-2026-resultados","tag-grupo-simpa","tag-kevin-benavides","tag-ktm-argentina","tag-luciano-benavides","tag-motociclismo-argentino","tag-rally-dakar-2026","tag-rally-raid","tag-red-bull-ktm-factory-racing"],"yoast_head":"<!-- This site is optimized with the Yoast SEO plugin v27.5 - https:\/\/yoast.com\/product\/yoast-seo-wordpress\/ -->\n<title>Luciano Benavides y KTM, la dupla imbatible del Dakar -<\/title>\n<meta name=\"description\" content=\"El Rally Dakar 2026 ya tiene un nuevo due\u00f1o en la categor\u00eda motos. Luciano Benavides, piloto oficial del equipo Red Bull KTM Factory Racing..\" \/>\n<meta name=\"robots\" content=\"index, follow, max-snippet:-1, max-image-preview:large, max-video-preview:-1\" \/>\n<link rel=\"canonical\" href=\"https:\/\/autofans.com.ar\/index.php\/2026\/01\/21\/luciano-benavides-y-ktm-la-dupla-imbatible-del-dakar\/\" \/>\n<meta property=\"og:locale\" content=\"es_ES\" \/>\n<meta property=\"og:type\" content=\"article\" \/>\n<meta property=\"og:title\" content=\"Luciano Benavides y KTM, la dupla imbatible del Dakar -\" \/>\n<meta property=\"og:description\" content=\"El Rally Dakar 2026 ya tiene un nuevo due\u00f1o en la categor\u00eda motos. Luciano Benavides, piloto oficial del equipo Red Bull KTM Factory Racing..\" \/>\n<meta property=\"og:url\" content=\"https:\/\/autofans.com.ar\/index.php\/2026\/01\/21\/luciano-benavides-y-ktm-la-dupla-imbatible-del-dakar\/\" \/>\n<meta property=\"article:published_time\" content=\"2026-01-21T16:31:28+00:00\" \/>\n<meta property=\"og:image\" content=\"https:\/\/autofans.com.ar\/wp-content\/uploads\/2026\/01\/ktm-3.jpg\" \/>\n\t<meta property=\"og:image:width\" content=\"1000\" \/>\n\t<meta property=\"og:image:height\" content=\"667\" \/>\n\t<meta property=\"og:image:type\" content=\"image\/jpeg\" \/>\n<meta name=\"author\" content=\"Alejandro Gabriel Rosito\" \/>\n<meta name=\"twitter:card\" content=\"summary_large_image\" \/>\n<meta name=\"twitter:label1\" content=\"Escrito por\" \/>\n\t<meta name=\"twitter:data1\" content=\"Alejandro Gabriel Rosito\" \/>\n\t<meta name=\"twitter:label2\" content=\"Tiempo de lectura\" \/>\n\t<meta name=\"twitter:data2\" content=\"4 minutos\" \/>\n<script type=\"application\/ld+json\" class=\"yoast-schema-graph\">{\"@context\":\"https:\\\/\\\/schema.org\",\"@graph\":[{\"@type\":\"Article\",\"@id\":\"https:\\\/\\\/autofans.com.ar\\\/index.php\\\/2026\\\/01\\\/21\\\/luciano-benavides-y-ktm-la-dupla-imbatible-del-dakar\\\/#article\",\"isPartOf\":{\"@id\":\"https:\\\/\\\/autofans.com.ar\\\/index.php\\\/2026\\\/01\\\/21\\\/luciano-benavides-y-ktm-la-dupla-imbatible-del-dakar\\\/\"},\"author\":{\"name\":\"Alejandro Gabriel Rosito\",\"@id\":\"https:\\\/\\\/autofans.com.ar\\\/#\\\/schema\\\/person\\\/4a8dda0b6df83ac3d6723e921274c2aa\"},\"headline\":\"Luciano Benavides y KTM, la dupla imbatible del Dakar\",\"datePublished\":\"2026-01-21T16:31:28+00:00\",\"mainEntityOfPage\":{\"@id\":\"https:\\\/\\\/autofans.com.ar\\\/index.php\\\/2026\\\/01\\\/21\\\/luciano-benavides-y-ktm-la-dupla-imbatible-del-dakar\\\/\"},\"wordCount\":526,\"image\":{\"@id\":\"https:\\\/\\\/autofans.com.ar\\\/index.php\\\/2026\\\/01\\\/21\\\/luciano-benavides-y-ktm-la-dupla-imbatible-del-dakar\\\/#primaryimage\"},\"thumbnailUrl\":\"https:\\\/\\\/autofans.com.ar\\\/wp-content\\\/uploads\\\/2026\\\/01\\\/ktm-3.jpg\",\"keywords\":[\"campe\u00f3n Dakar motos\",\"Dakar 2026 resultados\",\"Grupo Simpa\",\"Kevin Benavides\",\"KTM Argentina\",\"Luciano Benavides\",\"motociclismo argentino\",\"Rally Dakar 2026\",\"Rally Raid\",\"Red Bull KTM Factory Racing\"],\"articleSection\":[\"DEPORTE MOTOR\",\"MOTOS\",\"NOTICIAS\"],\"inLanguage\":\"es\"},{\"@type\":\"WebPage\",\"@id\":\"https:\\\/\\\/autofans.com.ar\\\/index.php\\\/2026\\\/01\\\/21\\\/luciano-benavides-y-ktm-la-dupla-imbatible-del-dakar\\\/\",\"url\":\"https:\\\/\\\/autofans.com.ar\\\/index.php\\\/2026\\\/01\\\/21\\\/luciano-benavides-y-ktm-la-dupla-imbatible-del-dakar\\\/\",\"name\":\"Luciano Benavides y KTM, la dupla imbatible del Dakar -\",\"isPartOf\":{\"@id\":\"https:\\\/\\\/autofans.com.ar\\\/#website\"},\"primaryImageOfPage\":{\"@id\":\"https:\\\/\\\/autofans.com.ar\\\/index.php\\\/2026\\\/01\\\/21\\\/luciano-benavides-y-ktm-la-dupla-imbatible-del-dakar\\\/#primaryimage\"},\"image\":{\"@id\":\"https:\\\/\\\/autofans.com.ar\\\/index.php\\\/2026\\\/01\\\/21\\\/luciano-benavides-y-ktm-la-dupla-imbatible-del-dakar\\\/#primaryimage\"},\"thumbnailUrl\":\"https:\\\/\\\/autofans.com.ar\\\/wp-content\\\/uploads\\\/2026\\\/01\\\/ktm-3.jpg\",\"datePublished\":\"2026-01-21T16:31:28+00:00\",\"author\":{\"@id\":\"https:\\\/\\\/autofans.com.ar\\\/#\\\/schema\\\/person\\\/4a8dda0b6df83ac3d6723e921274c2aa\"},\"description\":\"El Rally Dakar 2026 ya tiene un nuevo due\u00f1o en la categor\u00eda motos. Luciano Benavides, piloto oficial del equipo Red Bull KTM Factory Racing..\",\"breadcrumb\":{\"@id\":\"https:\\\/\\\/autofans.com.ar\\\/index.php\\\/2026\\\/01\\\/21\\\/luciano-benavides-y-ktm-la-dupla-imbatible-del-dakar\\\/#breadcrumb\"},\"inLanguage\":\"es\",\"potentialAction\":[{\"@type\":\"ReadAction\",\"target\":[\"https:\\\/\\\/autofans.com.ar\\\/index.php\\\/2026\\\/01\\\/21\\\/luciano-benavides-y-ktm-la-dupla-imbatible-del-dakar\\\/\"]}]},{\"@type\":\"ImageObject\",\"inLanguage\":\"es\",\"@id\":\"https:\\\/\\\/autofans.com.ar\\\/index.php\\\/2026\\\/01\\\/21\\\/luciano-benavides-y-ktm-la-dupla-imbatible-del-dakar\\\/#primaryimage\",\"url\":\"https:\\\/\\\/autofans.com.ar\\\/wp-content\\\/uploads\\\/2026\\\/01\\\/ktm-3.jpg\",\"contentUrl\":\"https:\\\/\\\/autofans.com.ar\\\/wp-content\\\/uploads\\\/2026\\\/01\\\/ktm-3.jpg\",\"width\":1000,\"height\":667,\"caption\":\"ktm\"},{\"@type\":\"BreadcrumbList\",\"@id\":\"https:\\\/\\\/autofans.com.ar\\\/index.php\\\/2026\\\/01\\\/21\\\/luciano-benavides-y-ktm-la-dupla-imbatible-del-dakar\\\/#breadcrumb\",\"itemListElement\":[{\"@type\":\"ListItem\",\"position\":1,\"name\":\"Inicio\",\"item\":\"https:\\\/\\\/autofans.com.ar\\\/\"},{\"@type\":\"ListItem\",\"position\":2,\"name\":\"Luciano Benavides y KTM, la dupla imbatible del Dakar\"}]},{\"@type\":\"WebSite\",\"@id\":\"https:\\\/\\\/autofans.com.ar\\\/#website\",\"url\":\"https:\\\/\\\/autofans.com.ar\\\/\",\"name\":\"\",\"description\":\"El multimedio referente de la industria automotriz\",\"potentialAction\":[{\"@type\":\"SearchAction\",\"target\":{\"@type\":\"EntryPoint\",\"urlTemplate\":\"https:\\\/\\\/autofans.com.ar\\\/?s={search_term_string}\"},\"query-input\":{\"@type\":\"PropertyValueSpecification\",\"valueRequired\":true,\"valueName\":\"search_term_string\"}}],\"inLanguage\":\"es\"},{\"@type\":\"Person\",\"@id\":\"https:\\\/\\\/autofans.com.ar\\\/#\\\/schema\\\/person\\\/4a8dda0b6df83ac3d6723e921274c2aa\",\"name\":\"Alejandro Gabriel Rosito\",\"image\":{\"@type\":\"ImageObject\",\"inLanguage\":\"es\",\"@id\":\"https:\\\/\\\/secure.gravatar.com\\\/avatar\\\/16c5dda1489adfc62618084dcbb91cffd879c374b13fe5dd8e44ed6733852c88?s=96&d=mm&r=g\",\"url\":\"https:\\\/\\\/secure.gravatar.com\\\/avatar\\\/16c5dda1489adfc62618084dcbb91cffd879c374b13fe5dd8e44ed6733852c88?s=96&d=mm&r=g\",\"contentUrl\":\"https:\\\/\\\/secure.gravatar.com\\\/avatar\\\/16c5dda1489adfc62618084dcbb91cffd879c374b13fe5dd8e44ed6733852c88?s=96&d=mm&r=g\",\"caption\":\"Alejandro Gabriel Rosito\"},\"url\":\"https:\\\/\\\/autofans.com.ar\\\/index.php\\\/author\\\/gabrielr\\\/\"}]}<\/script>\n<!-- \/ Yoast SEO plugin. -->","yoast_head_json":{"title":"Luciano Benavides y KTM, la dupla imbatible del Dakar -","description":"El Rally Dakar 2026 ya tiene un nuevo due\u00f1o en la categor\u00eda motos. Luciano Benavides, piloto oficial del equipo Red Bull KTM Factory Racing..","robots":{"index":"index","follow":"follow","max-snippet":"max-snippet:-1","max-image-preview":"max-image-preview:large","max-video-preview":"max-video-preview:-1"},"canonical":"https:\/\/autofans.com.ar\/index.php\/2026\/01\/21\/luciano-benavides-y-ktm-la-dupla-imbatible-del-dakar\/","og_locale":"es_ES","og_type":"article","og_title":"Luciano Benavides y KTM, la dupla imbatible del Dakar -","og_description":"El Rally Dakar 2026 ya tiene un nuevo due\u00f1o en la categor\u00eda motos. Luciano Benavides, piloto oficial del equipo Red Bull KTM Factory Racing..","og_url":"https:\/\/autofans.com.ar\/index.php\/2026\/01\/21\/luciano-benavides-y-ktm-la-dupla-imbatible-del-dakar\/","article_published_time":"2026-01-21T16:31:28+00:00","og_image":[{"width":1000,"height":667,"url":"https:\/\/autofans.com.ar\/wp-content\/uploads\/2026\/01\/ktm-3.jpg","type":"image\/jpeg"}],"author":"Alejandro Gabriel Rosito","twitter_card":"summary_large_image","twitter_misc":{"Escrito por":"Alejandro Gabriel Rosito","Tiempo de lectura":"4 minutos"},"schema":{"@context":"https:\/\/schema.org","@graph":[{"@type":"Article","@id":"https:\/\/autofans.com.ar\/index.php\/2026\/01\/21\/luciano-benavides-y-ktm-la-dupla-imbatible-del-dakar\/#article","isPartOf":{"@id":"https:\/\/autofans.com.ar\/index.php\/2026\/01\/21\/luciano-benavides-y-ktm-la-dupla-imbatible-del-dakar\/"},"author":{"name":"Alejandro Gabriel Rosito","@id":"https:\/\/autofans.com.ar\/#\/schema\/person\/4a8dda0b6df83ac3d6723e921274c2aa"},"headline":"Luciano Benavides y KTM, la dupla imbatible del Dakar","datePublished":"2026-01-21T16:31:28+00:00","mainEntityOfPage":{"@id":"https:\/\/autofans.com.ar\/index.php\/2026\/01\/21\/luciano-benavides-y-ktm-la-dupla-imbatible-del-dakar\/"},"wordCount":526,"image":{"@id":"https:\/\/autofans.com.ar\/index.php\/2026\/01\/21\/luciano-benavides-y-ktm-la-dupla-imbatible-del-dakar\/#primaryimage"},"thumbnailUrl":"https:\/\/autofans.com.ar\/wp-content\/uploads\/2026\/01\/ktm-3.jpg","keywords":["campe\u00f3n Dakar motos","Dakar 2026 resultados","Grupo Simpa","Kevin Benavides","KTM Argentina","Luciano Benavides","motociclismo argentino","Rally Dakar 2026","Rally Raid","Red Bull KTM Factory Racing"],"articleSection":["DEPORTE MOTOR","MOTOS","NOTICIAS"],"inLanguage":"es"},{"@type":"WebPage","@id":"https:\/\/autofans.com.ar\/index.php\/2026\/01\/21\/luciano-benavides-y-ktm-la-dupla-imbatible-del-dakar\/","url":"https:\/\/autofans.com.ar\/index.php\/2026\/01\/21\/luciano-benavides-y-ktm-la-dupla-imbatible-del-dakar\/","name":"Luciano Benavides y KTM, la dupla imbatible del Dakar -","isPartOf":{"@id":"https:\/\/autofans.com.ar\/#website"},"primaryImageOfPage":{"@id":"https:\/\/autofans.com.ar\/index.php\/2026\/01\/21\/luciano-benavides-y-ktm-la-dupla-imbatible-del-dakar\/#primaryimage"},"image":{"@id":"https:\/\/autofans.com.ar\/index.php\/2026\/01\/21\/luciano-benavides-y-ktm-la-dupla-imbatible-del-dakar\/#primaryimage"},"thumbnailUrl":"https:\/\/autofans.com.ar\/wp-content\/uploads\/2026\/01\/ktm-3.jpg","datePublished":"2026-01-21T16:31:28+00:00","author":{"@id":"https:\/\/autofans.com.ar\/#\/schema\/person\/4a8dda0b6df83ac3d6723e921274c2aa"},"description":"El Rally Dakar 2026 ya tiene un nuevo due\u00f1o en la categor\u00eda motos. Luciano Benavides, piloto oficial del equipo Red Bull KTM Factory Racing..","breadcrumb":{"@id":"https:\/\/autofans.com.ar\/index.php\/2026\/01\/21\/luciano-benavides-y-ktm-la-dupla-imbatible-del-dakar\/#breadcrumb"},"inLanguage":"es","potentialAction":[{"@type":"ReadAction","target":["https:\/\/autofans.com.ar\/index.php\/2026\/01\/21\/luciano-benavides-y-ktm-la-dupla-imbatible-del-dakar\/"]}]},{"@type":"ImageObject","inLanguage":"es","@id":"https:\/\/autofans.com.ar\/index.php\/2026\/01\/21\/luciano-benavides-y-ktm-la-dupla-imbatible-del-dakar\/#primaryimage","url":"https:\/\/autofans.com.ar\/wp-content\/uploads\/2026\/01\/ktm-3.jpg","contentUrl":"https:\/\/autofans.com.ar\/wp-content\/uploads\/2026\/01\/ktm-3.jpg","width":1000,"height":667,"caption":"ktm"},{"@type":"BreadcrumbList","@id":"https:\/\/autofans.com.ar\/index.php\/2026\/01\/21\/luciano-benavides-y-ktm-la-dupla-imbatible-del-dakar\/#breadcrumb","itemListElement":[{"@type":"ListItem","position":1,"name":"Inicio","item":"https:\/\/autofans.com.ar\/"},{"@type":"ListItem","position":2,"name":"Luciano Benavides y KTM, la dupla imbatible del Dakar"}]},{"@type":"WebSite","@id":"https:\/\/autofans.com.ar\/#website","url":"https:\/\/autofans.com.ar\/","name":"","description":"El multimedio referente de la industria automotriz","potentialAction":[{"@type":"SearchAction","target":{"@type":"EntryPoint","urlTemplate":"https:\/\/autofans.com.ar\/?s={search_term_string}"},"query-input":{"@type":"PropertyValueSpecification","valueRequired":true,"valueName":"search_term_string"}}],"inLanguage":"es"},{"@type":"Person","@id":"https:\/\/autofans.com.ar\/#\/schema\/person\/4a8dda0b6df83ac3d6723e921274c2aa","name":"Alejandro Gabriel Rosito","image":{"@type":"ImageObject","inLanguage":"es","@id":"https:\/\/secure.gravatar.com\/avatar\/16c5dda1489adfc62618084dcbb91cffd879c374b13fe5dd8e44ed6733852c88?s=96&d=mm&r=g","url":"https:\/\/secure.gravatar.com\/avatar\/16c5dda1489adfc62618084dcbb91cffd879c374b13fe5dd8e44ed6733852c88?s=96&d=mm&r=g","contentUrl":"https:\/\/secure.gravatar.com\/avatar\/16c5dda1489adfc62618084dcbb91cffd879c374b13fe5dd8e44ed6733852c88?s=96&d=mm&r=g","caption":"Alejandro Gabriel Rosito"},"url":"https:\/\/autofans.com.ar\/index.php\/author\/gabrielr\/"}]}},"featured_image_urls":{"full":["https:\/\/autofans.com.ar\/wp-content\/uploads\/2026\/01\/ktm-3.jpg",1000,667,false],"thumbnail":["https:\/\/autofans.com.ar\/wp-content\/uploads\/2026\/01\/ktm-3-150x150.jpg",150,150,true],"medium":["https:\/\/autofans.com.ar\/wp-content\/uploads\/2026\/01\/ktm-3-300x200.jpg",300,200,true],"medium_large":["https:\/\/autofans.com.ar\/wp-content\/uploads\/2026\/01\/ktm-3-768x512.jpg",640,427,true],"large":["https:\/\/autofans.com.ar\/wp-content\/uploads\/2026\/01\/ktm-3.jpg",640,427,false],"1536x1536":["https:\/\/autofans.com.ar\/wp-content\/uploads\/2026\/01\/ktm-3.jpg",1000,667,false],"2048x2048":["https:\/\/autofans.com.ar\/wp-content\/uploads\/2026\/01\/ktm-3.jpg",1000,667,false],"covernews-featured":["https:\/\/autofans.com.ar\/wp-content\/uploads\/2026\/01\/ktm-3.jpg",1000,667,false],"covernews-medium":["https:\/\/autofans.com.ar\/wp-content\/uploads\/2026\/01\/ktm-3-540x340.jpg",540,340,true]},"author_info":{"display_name":"Alejandro Gabriel Rosito","author_link":"https:\/\/autofans.com.ar\/index.php\/author\/gabrielr\/"},"category_info":"<a href=\"https:\/\/autofans.com.ar\/index.php\/category\/noticias\/deporte\/\" rel=\"category tag\">DEPORTE MOTOR<\/a> <a href=\"https:\/\/autofans.com.ar\/index.php\/category\/noticias\/motos\/\" rel=\"category tag\">MOTOS<\/a> <a href=\"https:\/\/autofans.com.ar\/index.php\/category\/noticias\/\" rel=\"category tag\">NOTICIAS<\/a>","tag_info":"NOTICIAS","comment_count":0,"_links":{"self":[{"href":"https:\/\/autofans.com.ar\/index.php\/wp-json\/wp\/v2\/posts\/15762","targetHints":{"allow":["GET"]}}],"collection":[{"href":"https:\/\/autofans.com.ar\/index.php\/wp-json\/wp\/v2\/posts"}],"about":[{"href":"https:\/\/autofans.com.ar\/index.php\/wp-json\/wp\/v2\/types\/post"}],"author":[{"embeddable":true,"href":"https:\/\/autofans.com.ar\/index.php\/wp-json\/wp\/v2\/users\/2"}],"replies":[{"embeddable":true,"href":"https:\/\/autofans.com.ar\/index.php\/wp-json\/wp\/v2\/comments?post=15762"}],"version-history":[{"count":1,"href":"https:\/\/autofans.com.ar\/index.php\/wp-json\/wp\/v2\/posts\/15762\/revisions"}],"predecessor-version":[{"id":15768,"href":"https:\/\/autofans.com.ar\/index.php\/wp-json\/wp\/v2\/posts\/15762\/revisions\/15768"}],"wp:featuredmedia":[{"embeddable":true,"href":"https:\/\/autofans.com.ar\/index.php\/wp-json\/wp\/v2\/media\/15765"}],"wp:attachment":[{"href":"https:\/\/autofans.com.ar\/index.php\/wp-json\/wp\/v2\/media?parent=15762"}],"wp:term":[{"taxonomy":"category","embeddable":true,"href":"https:\/\/autofans.com.ar\/index.php\/wp-json\/wp\/v2\/categories?post=15762"},{"taxonomy":"post_tag","embeddable":true,"href":"https:\/\/autofans.com.ar\/index.php\/wp-json\/wp\/v2\/tags?post=15762"}],"curies":[{"name":"wp","href":"https:\/\/api.w.org\/{rel}","templated":true}]}}