{"id":15770,"date":"2026-01-21T18:14:08","date_gmt":"2026-01-21T21:14:08","guid":{"rendered":"https:\/\/autofans.com.ar\/?p=15770"},"modified":"2026-01-21T18:14:08","modified_gmt":"2026-01-21T21:14:08","slug":"el-team-audi-revolut-f1-presento-su-r26","status":"publish","type":"post","link":"https:\/\/autofans.com.ar\/index.php\/2026\/01\/21\/el-team-audi-revolut-f1-presento-su-r26\/","title":{"rendered":"El Team Audi Revolut F1 Present\u00f3 su R26"},"content":{"rendered":"<p class=\"ds-markdown-paragraph\">El equipo Audi Revolut F1 Team hizo su presentaci\u00f3n oficial en el escenario mundial. El evento, realizado en la planta industrial Kraftwerk de Berl\u00edn, marc\u00f3 el inicio de su camino en el Campeonato Mundial de F\u00f3rmula 1.<\/p>\n<p class=\"ds-markdown-paragraph\">La elecci\u00f3n de Berl\u00edn no fue casual. La ciudad, un n\u00facleo de innovaci\u00f3n y cultura, refleja la intenci\u00f3n del equipo de conectar con un p\u00fablico m\u00e1s amplio, trascendiendo el c\u00edrculo habitual del automovilismo.<\/p>\n<p>&nbsp;<\/p>\n<blockquote>\n<p style=\"text-align: center;\">Antoine Le Nel, Director de Crecimiento y Marketing del Socio Titular Revolut, dijo: \u201cEl lanzamiento del equipo Audi Revolut F1 es un momento trascendental antes de una temporada de cambios que promete ser enorme para el deporte. La revelaci\u00f3n de hoy del dise\u00f1o es una clara representaci\u00f3n f\u00edsica del encaje perfecto de la marca Revolut con el equipo. Hace una d\u00e9cada, Revolut era el nuevo jugador con una gran ambici\u00f3n de desafiar a gigantes establecidos. Habiendo superado ya los 70 millones de clientes a nivel mundial, estamos emocionados de embarcarnos en este viaje con el equipo y llevar nuestro impulso a la parrilla. Los aficionados pueden esperar que Revolut aporte su ADN de hacer las cosas de manera diferente al deporte y, tras bambalinas, estaremos ampliamente integrados en las operaciones financieras del equipo.\u201d<\/p>\n<\/blockquote>\n<p>&nbsp;<\/p>\n<h2 class=\"ds-markdown-paragraph\">El Audi R26, dise\u00f1o t\u00e9cnico y emocional<\/h2>\n<p class=\"ds-markdown-paragraph\">El coraz\u00f3n del lanzamiento fue la revelaci\u00f3n del monoplaza R26. Su dise\u00f1o aplica la nueva filosof\u00eda de Audi: clara, t\u00e9cnica e inteligente. Combina un acabado en Titanio con Fibra de Carbono vista, acentos en Rojo Lava y los ic\u00f3nicos anillos de la marca. Esta identidad visual se extiende a toda la presencia del equipo, desde la indumentaria del personal hasta el dise\u00f1o del garaje.<\/p>\n<p>&nbsp;<\/p>\n<p><img fetchpriority=\"high\" decoding=\"async\" class=\"aligncenter wp-image-15771 size-full\" src=\"https:\/\/autofans.com.ar\/wp-content\/uploads\/2026\/01\/audi-4.jpg\" alt=\"Audi Revolut\" width=\"1000\" height=\"667\" srcset=\"https:\/\/autofans.com.ar\/wp-content\/uploads\/2026\/01\/audi-4.jpg 1000w, https:\/\/autofans.com.ar\/wp-content\/uploads\/2026\/01\/audi-4-300x200.jpg 300w, https:\/\/autofans.com.ar\/wp-content\/uploads\/2026\/01\/audi-4-768x512.jpg 768w\" sizes=\"(max-width: 1000px) 100vw, 1000px\" \/><\/p>\n<p>&nbsp;<\/p>\n<p class=\"ds-markdown-paragraph\">Revolut, como Socio Titular, comparte la mentalidad de innovar. La firma de tecnolog\u00eda financiera ya mostr\u00f3 en Berl\u00edn una activaci\u00f3n donde los invitados pod\u00edan personalizar su tarjeta Revolut. Prometen m\u00e1s acciones disruptivas a partir del primer Gran Premio en Melbourne.<\/p>\n<p>&nbsp;<\/p>\n<blockquote>\n<p style=\"text-align: center;\">\u201cHoy marca m\u00e1s que un lanzamiento; marca la declaraci\u00f3n p\u00fablica de una nueva era para Audi,\u201d explic\u00f3 Gernot D\u00f6llner, CEO de AUDI AG y Presidente del Consejo de Administraci\u00f3n de Audi Motorsport AG. \u201cLa F\u00f3rmula 1 es el escenario m\u00e1s exigente en el mundo del automovilismo, y estamos aqu\u00ed no solo para competir, sino para definir el futuro de &#8216;Vorsprung durch Technik.&#8217; Este proyecto es un catalizador para toda nuestra compa\u00f1\u00eda, un s\u00edmbolo de nuestra transformaci\u00f3n hacia una cultura m\u00e1s orientada al rendimiento, eficiente e innovadora. Nuestra filosof\u00eda es de compromiso absoluto y a largo plazo. Entendemos que el \u00e9xito en la F\u00f3rmula 1 exige una perseverancia incansable y el equipo Audi Revolut F1 no est\u00e1 aqu\u00ed para rellenar; nuestro objetivo es luchar por el Campeonato Mundial para 2030.\u201d<\/p>\n<\/blockquote>\n<p>&nbsp;<\/p>\n<h2 class=\"ds-markdown-paragraph\">La Indumentaria, c\u00f3digo de vestir en pista y fuera<\/h2>\n<p>&nbsp;<\/p>\n<p><img decoding=\"async\" class=\"aligncenter wp-image-15772 size-full\" src=\"https:\/\/autofans.com.ar\/wp-content\/uploads\/2026\/01\/audi-3.jpg\" alt=\"Audi Revolut\" width=\"1000\" height=\"667\" srcset=\"https:\/\/autofans.com.ar\/wp-content\/uploads\/2026\/01\/audi-3.jpg 1000w, https:\/\/autofans.com.ar\/wp-content\/uploads\/2026\/01\/audi-3-300x200.jpg 300w, https:\/\/autofans.com.ar\/wp-content\/uploads\/2026\/01\/audi-3-768x512.jpg 768w\" sizes=\"(max-width: 1000px) 100vw, 1000px\" \/><\/p>\n<p>&nbsp;<\/p>\n<p class=\"ds-markdown-paragraph\">Junto al coche, se present\u00f3 la colecci\u00f3n de ropa oficial, codesarrollada con adidas. La l\u00ednea traslada los principios de dise\u00f1o del R26 al vestuario del equipo, buscando una imagen unificada. La colecci\u00f3n estar\u00e1 disponible globalmente desde el 19 de febrero a trav\u00e9s de una nueva plataforma de e-commerce, con pago v\u00eda Revolut Pay, y en tiendas adidas seleccionadas.<\/p>\n<p>&nbsp;<\/p>\n<blockquote>\n<p style=\"text-align: center;\">\u00abLa decisi\u00f3n estrat\u00e9gica de ingresar a la F\u00f3rmula 1 como un equipo de f\u00e1brica completo es nuestro mayor activo,\u00bb dijo Mattia Binotto, Jefe del Proyecto Audi F1. \u00abHemos pasado los \u00faltimos a\u00f1os construyendo meticulosamente no solo una unidad de potencia en Neuburg, sino sentando las bases para una organizaci\u00f3n t\u00e9cnica que une nuestro desarrollo de chasis en Hinwil y Bicester. Esta integraci\u00f3n perfecta nos da un control total sobre nuestro destino, eliminando compromisos y permitiendo un nivel de agilidad e innovaci\u00f3n que es esencial para el \u00e9xito. Esto es lo que hace que el equipo Audi Revolut F1 sea una visi\u00f3n, controlando cada variable desde el bloque motor hasta el aler\u00f3n delantero. Esta es la base sobre la que se construyen los campeonatos.\u00bb<\/p>\n<\/blockquote>\n<p>&nbsp;<\/p>\n<h2 class=\"ds-markdown-paragraph\">La Estructura, liderazgo con experiencia<\/h2>\n<p>&nbsp;<\/p>\n<p><img decoding=\"async\" class=\"aligncenter wp-image-15774 size-full\" src=\"https:\/\/autofans.com.ar\/wp-content\/uploads\/2026\/01\/audi-1.jpg\" alt=\"Audi Revolut\" width=\"1000\" height=\"667\" srcset=\"https:\/\/autofans.com.ar\/wp-content\/uploads\/2026\/01\/audi-1.jpg 1000w, https:\/\/autofans.com.ar\/wp-content\/uploads\/2026\/01\/audi-1-300x200.jpg 300w, https:\/\/autofans.com.ar\/wp-content\/uploads\/2026\/01\/audi-1-768x512.jpg 768w\" sizes=\"(max-width: 1000px) 100vw, 1000px\" \/><\/p>\n<p>&nbsp;<\/p>\n<p class=\"ds-markdown-paragraph\">El proyecto se sostiene sobre una estructura unificada liderada por Mattia Binotto y Jonathan Wheatley, quienes delinearon la visi\u00f3n t\u00e9cnica y operativa del equipo. Los pilotos oficiales, Nico Hulkenberg y Gabriel Bortoleto, fueron los encargados de modelar la nueva indumentaria durante la presentaci\u00f3n.<\/p>\n<p class=\"ds-markdown-paragraph\">Para que los aficionados vivan la experiencia, el espacio de Kraftwerk en Berl\u00edn abrir\u00e1 sus puertas este 21 de enero mediante un sorteo previo.<\/p>\n<p>&nbsp;<\/p>\n<p>&nbsp;<\/p>\n<p>&nbsp;<\/p>\n<p><i>Para enterarte de m\u00e1s novedades, no dejes de leer\u00a0<\/i><a href=\"https:\/\/autofans.thebrandsoup.com\/\"><i>nuestras notas<\/i><\/a><i>, de ver\u00a0<\/i><a href=\"https:\/\/www.youtube.com\/channel\/UCgAC8UGHZYbT6P7PpmVnP7g\"><i>AUTOFANS TV<\/i><\/a><i>\u00a0en nuestro\u00a0canal de Youtube. Adem\u00e1s seguinos en\u00a0<\/i><a href=\"https:\/\/www.instagram.com\/autofanstv\/\"><i>INSTAGRAM<\/i><\/a><i> y <\/i><a href=\"https:\/\/www.facebook.com\/autofansmas\/\"><i>FACEBOOK<\/i><\/a><i> para no perderte nada sobre las novedades del segmento automotor de Argentina y el mundo.<\/i><\/p>\n","protected":false},"excerpt":{"rendered":"<p>El equipo Audi Revolut F1 Team hizo su presentaci\u00f3n oficial en el escenario mundial. El&#8230;<\/p>\n","protected":false},"author":2,"featured_media":15773,"comment_status":"closed","ping_status":"closed","sticky":false,"template":"","format":"standard","meta":{"footnotes":""},"categories":[127,16],"tags":[8292,8284,8288,8286,8287,8291,8289,8290,3985,8285],"class_list":["post-15770","post","type-post","status-publish","format-standard","has-post-thumbnail","hentry","category-deporte","category-noticias","tag-adidas-f1","tag-audi-f1","tag-audi-r26","tag-audi-revolut-f1-team","tag-formula-1-2026","tag-gabriel-bortoleto","tag-lanzamiento-equipo-f1","tag-mattia-binotto","tag-nico-hulkenberg","tag-revolut-f1"],"yoast_head":"<!-- This site is optimized with the Yoast SEO plugin v27.5 - https:\/\/yoast.com\/product\/yoast-seo-wordpress\/ -->\n<title>El Team Audi Revolut F1 Present\u00f3 su R26 -<\/title>\n<meta name=\"description\" content=\"El equipo Audi Revolut F1 Team hizo su presentaci\u00f3n oficial en el escenario mundial. El evento, realizado en la planta industrial Kraftwerk..\" \/>\n<meta name=\"robots\" content=\"index, follow, max-snippet:-1, max-image-preview:large, max-video-preview:-1\" \/>\n<link rel=\"canonical\" href=\"https:\/\/autofans.com.ar\/index.php\/2026\/01\/21\/el-team-audi-revolut-f1-presento-su-r26\/\" \/>\n<meta property=\"og:locale\" content=\"es_ES\" \/>\n<meta property=\"og:type\" content=\"article\" \/>\n<meta property=\"og:title\" content=\"El Team Audi Revolut F1 Present\u00f3 su R26 -\" \/>\n<meta property=\"og:description\" content=\"El equipo Audi Revolut F1 Team hizo su presentaci\u00f3n oficial en el escenario mundial. El evento, realizado en la planta industrial Kraftwerk..\" \/>\n<meta property=\"og:url\" content=\"https:\/\/autofans.com.ar\/index.php\/2026\/01\/21\/el-team-audi-revolut-f1-presento-su-r26\/\" \/>\n<meta property=\"article:published_time\" content=\"2026-01-21T21:14:08+00:00\" \/>\n<meta property=\"og:image\" content=\"https:\/\/autofans.com.ar\/wp-content\/uploads\/2026\/01\/audi-2.jpg\" \/>\n\t<meta property=\"og:image:width\" content=\"1000\" \/>\n\t<meta property=\"og:image:height\" content=\"667\" \/>\n\t<meta property=\"og:image:type\" content=\"image\/jpeg\" \/>\n<meta name=\"author\" content=\"Alejandro Gabriel Rosito\" \/>\n<meta name=\"twitter:card\" content=\"summary_large_image\" \/>\n<meta name=\"twitter:label1\" content=\"Escrito por\" \/>\n\t<meta name=\"twitter:data1\" content=\"Alejandro Gabriel Rosito\" \/>\n\t<meta name=\"twitter:label2\" content=\"Tiempo de lectura\" \/>\n\t<meta name=\"twitter:data2\" content=\"3 minutos\" \/>\n<script type=\"application\/ld+json\" class=\"yoast-schema-graph\">{\"@context\":\"https:\\\/\\\/schema.org\",\"@graph\":[{\"@type\":\"Article\",\"@id\":\"https:\\\/\\\/autofans.com.ar\\\/index.php\\\/2026\\\/01\\\/21\\\/el-team-audi-revolut-f1-presento-su-r26\\\/#article\",\"isPartOf\":{\"@id\":\"https:\\\/\\\/autofans.com.ar\\\/index.php\\\/2026\\\/01\\\/21\\\/el-team-audi-revolut-f1-presento-su-r26\\\/\"},\"author\":{\"name\":\"Alejandro Gabriel Rosito\",\"@id\":\"https:\\\/\\\/autofans.com.ar\\\/#\\\/schema\\\/person\\\/4a8dda0b6df83ac3d6723e921274c2aa\"},\"headline\":\"El Team Audi Revolut F1 Present\u00f3 su R26\",\"datePublished\":\"2026-01-21T21:14:08+00:00\",\"mainEntityOfPage\":{\"@id\":\"https:\\\/\\\/autofans.com.ar\\\/index.php\\\/2026\\\/01\\\/21\\\/el-team-audi-revolut-f1-presento-su-r26\\\/\"},\"wordCount\":829,\"image\":{\"@id\":\"https:\\\/\\\/autofans.com.ar\\\/index.php\\\/2026\\\/01\\\/21\\\/el-team-audi-revolut-f1-presento-su-r26\\\/#primaryimage\"},\"thumbnailUrl\":\"https:\\\/\\\/autofans.com.ar\\\/wp-content\\\/uploads\\\/2026\\\/01\\\/audi-2.jpg\",\"keywords\":[\"adidas F1\",\"Audi F1\",\"Audi R26\",\"Audi Revolut F1 Team\",\"F\u00f3rmula 1 2026\",\"Gabriel Bortoleto\",\"lanzamiento equipo F1\",\"Mattia Binotto\",\"Nico H\u00fclkenberg\",\"Revolut F1\"],\"articleSection\":[\"DEPORTE MOTOR\",\"NOTICIAS\"],\"inLanguage\":\"es\"},{\"@type\":\"WebPage\",\"@id\":\"https:\\\/\\\/autofans.com.ar\\\/index.php\\\/2026\\\/01\\\/21\\\/el-team-audi-revolut-f1-presento-su-r26\\\/\",\"url\":\"https:\\\/\\\/autofans.com.ar\\\/index.php\\\/2026\\\/01\\\/21\\\/el-team-audi-revolut-f1-presento-su-r26\\\/\",\"name\":\"El Team Audi Revolut F1 Present\u00f3 su R26 -\",\"isPartOf\":{\"@id\":\"https:\\\/\\\/autofans.com.ar\\\/#website\"},\"primaryImageOfPage\":{\"@id\":\"https:\\\/\\\/autofans.com.ar\\\/index.php\\\/2026\\\/01\\\/21\\\/el-team-audi-revolut-f1-presento-su-r26\\\/#primaryimage\"},\"image\":{\"@id\":\"https:\\\/\\\/autofans.com.ar\\\/index.php\\\/2026\\\/01\\\/21\\\/el-team-audi-revolut-f1-presento-su-r26\\\/#primaryimage\"},\"thumbnailUrl\":\"https:\\\/\\\/autofans.com.ar\\\/wp-content\\\/uploads\\\/2026\\\/01\\\/audi-2.jpg\",\"datePublished\":\"2026-01-21T21:14:08+00:00\",\"author\":{\"@id\":\"https:\\\/\\\/autofans.com.ar\\\/#\\\/schema\\\/person\\\/4a8dda0b6df83ac3d6723e921274c2aa\"},\"description\":\"El equipo Audi Revolut F1 Team hizo su presentaci\u00f3n oficial en el escenario mundial. El evento, realizado en la planta industrial Kraftwerk..\",\"breadcrumb\":{\"@id\":\"https:\\\/\\\/autofans.com.ar\\\/index.php\\\/2026\\\/01\\\/21\\\/el-team-audi-revolut-f1-presento-su-r26\\\/#breadcrumb\"},\"inLanguage\":\"es\",\"potentialAction\":[{\"@type\":\"ReadAction\",\"target\":[\"https:\\\/\\\/autofans.com.ar\\\/index.php\\\/2026\\\/01\\\/21\\\/el-team-audi-revolut-f1-presento-su-r26\\\/\"]}]},{\"@type\":\"ImageObject\",\"inLanguage\":\"es\",\"@id\":\"https:\\\/\\\/autofans.com.ar\\\/index.php\\\/2026\\\/01\\\/21\\\/el-team-audi-revolut-f1-presento-su-r26\\\/#primaryimage\",\"url\":\"https:\\\/\\\/autofans.com.ar\\\/wp-content\\\/uploads\\\/2026\\\/01\\\/audi-2.jpg\",\"contentUrl\":\"https:\\\/\\\/autofans.com.ar\\\/wp-content\\\/uploads\\\/2026\\\/01\\\/audi-2.jpg\",\"width\":1000,\"height\":667,\"caption\":\"Audi Revolut\"},{\"@type\":\"BreadcrumbList\",\"@id\":\"https:\\\/\\\/autofans.com.ar\\\/index.php\\\/2026\\\/01\\\/21\\\/el-team-audi-revolut-f1-presento-su-r26\\\/#breadcrumb\",\"itemListElement\":[{\"@type\":\"ListItem\",\"position\":1,\"name\":\"Inicio\",\"item\":\"https:\\\/\\\/autofans.com.ar\\\/\"},{\"@type\":\"ListItem\",\"position\":2,\"name\":\"El Team Audi Revolut F1 Present\u00f3 su R26\"}]},{\"@type\":\"WebSite\",\"@id\":\"https:\\\/\\\/autofans.com.ar\\\/#website\",\"url\":\"https:\\\/\\\/autofans.com.ar\\\/\",\"name\":\"\",\"description\":\"El multimedio referente de la industria automotriz\",\"potentialAction\":[{\"@type\":\"SearchAction\",\"target\":{\"@type\":\"EntryPoint\",\"urlTemplate\":\"https:\\\/\\\/autofans.com.ar\\\/?s={search_term_string}\"},\"query-input\":{\"@type\":\"PropertyValueSpecification\",\"valueRequired\":true,\"valueName\":\"search_term_string\"}}],\"inLanguage\":\"es\"},{\"@type\":\"Person\",\"@id\":\"https:\\\/\\\/autofans.com.ar\\\/#\\\/schema\\\/person\\\/4a8dda0b6df83ac3d6723e921274c2aa\",\"name\":\"Alejandro Gabriel Rosito\",\"image\":{\"@type\":\"ImageObject\",\"inLanguage\":\"es\",\"@id\":\"https:\\\/\\\/secure.gravatar.com\\\/avatar\\\/16c5dda1489adfc62618084dcbb91cffd879c374b13fe5dd8e44ed6733852c88?s=96&d=mm&r=g\",\"url\":\"https:\\\/\\\/secure.gravatar.com\\\/avatar\\\/16c5dda1489adfc62618084dcbb91cffd879c374b13fe5dd8e44ed6733852c88?s=96&d=mm&r=g\",\"contentUrl\":\"https:\\\/\\\/secure.gravatar.com\\\/avatar\\\/16c5dda1489adfc62618084dcbb91cffd879c374b13fe5dd8e44ed6733852c88?s=96&d=mm&r=g\",\"caption\":\"Alejandro Gabriel Rosito\"},\"url\":\"https:\\\/\\\/autofans.com.ar\\\/index.php\\\/author\\\/gabrielr\\\/\"}]}<\/script>\n<!-- \/ Yoast SEO plugin. -->","yoast_head_json":{"title":"El Team Audi Revolut F1 Present\u00f3 su R26 -","description":"El equipo Audi Revolut F1 Team hizo su presentaci\u00f3n oficial en el escenario mundial. El evento, realizado en la planta industrial Kraftwerk..","robots":{"index":"index","follow":"follow","max-snippet":"max-snippet:-1","max-image-preview":"max-image-preview:large","max-video-preview":"max-video-preview:-1"},"canonical":"https:\/\/autofans.com.ar\/index.php\/2026\/01\/21\/el-team-audi-revolut-f1-presento-su-r26\/","og_locale":"es_ES","og_type":"article","og_title":"El Team Audi Revolut F1 Present\u00f3 su R26 -","og_description":"El equipo Audi Revolut F1 Team hizo su presentaci\u00f3n oficial en el escenario mundial. El evento, realizado en la planta industrial Kraftwerk..","og_url":"https:\/\/autofans.com.ar\/index.php\/2026\/01\/21\/el-team-audi-revolut-f1-presento-su-r26\/","article_published_time":"2026-01-21T21:14:08+00:00","og_image":[{"width":1000,"height":667,"url":"https:\/\/autofans.com.ar\/wp-content\/uploads\/2026\/01\/audi-2.jpg","type":"image\/jpeg"}],"author":"Alejandro Gabriel Rosito","twitter_card":"summary_large_image","twitter_misc":{"Escrito por":"Alejandro Gabriel Rosito","Tiempo de lectura":"3 minutos"},"schema":{"@context":"https:\/\/schema.org","@graph":[{"@type":"Article","@id":"https:\/\/autofans.com.ar\/index.php\/2026\/01\/21\/el-team-audi-revolut-f1-presento-su-r26\/#article","isPartOf":{"@id":"https:\/\/autofans.com.ar\/index.php\/2026\/01\/21\/el-team-audi-revolut-f1-presento-su-r26\/"},"author":{"name":"Alejandro Gabriel Rosito","@id":"https:\/\/autofans.com.ar\/#\/schema\/person\/4a8dda0b6df83ac3d6723e921274c2aa"},"headline":"El Team Audi Revolut F1 Present\u00f3 su R26","datePublished":"2026-01-21T21:14:08+00:00","mainEntityOfPage":{"@id":"https:\/\/autofans.com.ar\/index.php\/2026\/01\/21\/el-team-audi-revolut-f1-presento-su-r26\/"},"wordCount":829,"image":{"@id":"https:\/\/autofans.com.ar\/index.php\/2026\/01\/21\/el-team-audi-revolut-f1-presento-su-r26\/#primaryimage"},"thumbnailUrl":"https:\/\/autofans.com.ar\/wp-content\/uploads\/2026\/01\/audi-2.jpg","keywords":["adidas F1","Audi F1","Audi R26","Audi Revolut F1 Team","F\u00f3rmula 1 2026","Gabriel Bortoleto","lanzamiento equipo F1","Mattia Binotto","Nico H\u00fclkenberg","Revolut F1"],"articleSection":["DEPORTE MOTOR","NOTICIAS"],"inLanguage":"es"},{"@type":"WebPage","@id":"https:\/\/autofans.com.ar\/index.php\/2026\/01\/21\/el-team-audi-revolut-f1-presento-su-r26\/","url":"https:\/\/autofans.com.ar\/index.php\/2026\/01\/21\/el-team-audi-revolut-f1-presento-su-r26\/","name":"El Team Audi Revolut F1 Present\u00f3 su R26 -","isPartOf":{"@id":"https:\/\/autofans.com.ar\/#website"},"primaryImageOfPage":{"@id":"https:\/\/autofans.com.ar\/index.php\/2026\/01\/21\/el-team-audi-revolut-f1-presento-su-r26\/#primaryimage"},"image":{"@id":"https:\/\/autofans.com.ar\/index.php\/2026\/01\/21\/el-team-audi-revolut-f1-presento-su-r26\/#primaryimage"},"thumbnailUrl":"https:\/\/autofans.com.ar\/wp-content\/uploads\/2026\/01\/audi-2.jpg","datePublished":"2026-01-21T21:14:08+00:00","author":{"@id":"https:\/\/autofans.com.ar\/#\/schema\/person\/4a8dda0b6df83ac3d6723e921274c2aa"},"description":"El equipo Audi Revolut F1 Team hizo su presentaci\u00f3n oficial en el escenario mundial. El evento, realizado en la planta industrial Kraftwerk..","breadcrumb":{"@id":"https:\/\/autofans.com.ar\/index.php\/2026\/01\/21\/el-team-audi-revolut-f1-presento-su-r26\/#breadcrumb"},"inLanguage":"es","potentialAction":[{"@type":"ReadAction","target":["https:\/\/autofans.com.ar\/index.php\/2026\/01\/21\/el-team-audi-revolut-f1-presento-su-r26\/"]}]},{"@type":"ImageObject","inLanguage":"es","@id":"https:\/\/autofans.com.ar\/index.php\/2026\/01\/21\/el-team-audi-revolut-f1-presento-su-r26\/#primaryimage","url":"https:\/\/autofans.com.ar\/wp-content\/uploads\/2026\/01\/audi-2.jpg","contentUrl":"https:\/\/autofans.com.ar\/wp-content\/uploads\/2026\/01\/audi-2.jpg","width":1000,"height":667,"caption":"Audi Revolut"},{"@type":"BreadcrumbList","@id":"https:\/\/autofans.com.ar\/index.php\/2026\/01\/21\/el-team-audi-revolut-f1-presento-su-r26\/#breadcrumb","itemListElement":[{"@type":"ListItem","position":1,"name":"Inicio","item":"https:\/\/autofans.com.ar\/"},{"@type":"ListItem","position":2,"name":"El Team Audi Revolut F1 Present\u00f3 su R26"}]},{"@type":"WebSite","@id":"https:\/\/autofans.com.ar\/#website","url":"https:\/\/autofans.com.ar\/","name":"","description":"El multimedio referente de la industria automotriz","potentialAction":[{"@type":"SearchAction","target":{"@type":"EntryPoint","urlTemplate":"https:\/\/autofans.com.ar\/?s={search_term_string}"},"query-input":{"@type":"PropertyValueSpecification","valueRequired":true,"valueName":"search_term_string"}}],"inLanguage":"es"},{"@type":"Person","@id":"https:\/\/autofans.com.ar\/#\/schema\/person\/4a8dda0b6df83ac3d6723e921274c2aa","name":"Alejandro Gabriel Rosito","image":{"@type":"ImageObject","inLanguage":"es","@id":"https:\/\/secure.gravatar.com\/avatar\/16c5dda1489adfc62618084dcbb91cffd879c374b13fe5dd8e44ed6733852c88?s=96&d=mm&r=g","url":"https:\/\/secure.gravatar.com\/avatar\/16c5dda1489adfc62618084dcbb91cffd879c374b13fe5dd8e44ed6733852c88?s=96&d=mm&r=g","contentUrl":"https:\/\/secure.gravatar.com\/avatar\/16c5dda1489adfc62618084dcbb91cffd879c374b13fe5dd8e44ed6733852c88?s=96&d=mm&r=g","caption":"Alejandro Gabriel Rosito"},"url":"https:\/\/autofans.com.ar\/index.php\/author\/gabrielr\/"}]}},"featured_image_urls":{"full":["https:\/\/autofans.com.ar\/wp-content\/uploads\/2026\/01\/audi-2.jpg",1000,667,false],"thumbnail":["https:\/\/autofans.com.ar\/wp-content\/uploads\/2026\/01\/audi-2-150x150.jpg",150,150,true],"medium":["https:\/\/autofans.com.ar\/wp-content\/uploads\/2026\/01\/audi-2-300x200.jpg",300,200,true],"medium_large":["https:\/\/autofans.com.ar\/wp-content\/uploads\/2026\/01\/audi-2-768x512.jpg",640,427,true],"large":["https:\/\/autofans.com.ar\/wp-content\/uploads\/2026\/01\/audi-2.jpg",640,427,false],"1536x1536":["https:\/\/autofans.com.ar\/wp-content\/uploads\/2026\/01\/audi-2.jpg",1000,667,false],"2048x2048":["https:\/\/autofans.com.ar\/wp-content\/uploads\/2026\/01\/audi-2.jpg",1000,667,false],"covernews-featured":["https:\/\/autofans.com.ar\/wp-content\/uploads\/2026\/01\/audi-2.jpg",1000,667,false],"covernews-medium":["https:\/\/autofans.com.ar\/wp-content\/uploads\/2026\/01\/audi-2-540x340.jpg",540,340,true]},"author_info":{"display_name":"Alejandro Gabriel Rosito","author_link":"https:\/\/autofans.com.ar\/index.php\/author\/gabrielr\/"},"category_info":"<a href=\"https:\/\/autofans.com.ar\/index.php\/category\/noticias\/deporte\/\" rel=\"category tag\">DEPORTE MOTOR<\/a> <a href=\"https:\/\/autofans.com.ar\/index.php\/category\/noticias\/\" rel=\"category tag\">NOTICIAS<\/a>","tag_info":"NOTICIAS","comment_count":0,"_links":{"self":[{"href":"https:\/\/autofans.com.ar\/index.php\/wp-json\/wp\/v2\/posts\/15770","targetHints":{"allow":["GET"]}}],"collection":[{"href":"https:\/\/autofans.com.ar\/index.php\/wp-json\/wp\/v2\/posts"}],"about":[{"href":"https:\/\/autofans.com.ar\/index.php\/wp-json\/wp\/v2\/types\/post"}],"author":[{"embeddable":true,"href":"https:\/\/autofans.com.ar\/index.php\/wp-json\/wp\/v2\/users\/2"}],"replies":[{"embeddable":true,"href":"https:\/\/autofans.com.ar\/index.php\/wp-json\/wp\/v2\/comments?post=15770"}],"version-history":[{"count":1,"href":"https:\/\/autofans.com.ar\/index.php\/wp-json\/wp\/v2\/posts\/15770\/revisions"}],"predecessor-version":[{"id":15775,"href":"https:\/\/autofans.com.ar\/index.php\/wp-json\/wp\/v2\/posts\/15770\/revisions\/15775"}],"wp:featuredmedia":[{"embeddable":true,"href":"https:\/\/autofans.com.ar\/index.php\/wp-json\/wp\/v2\/media\/15773"}],"wp:attachment":[{"href":"https:\/\/autofans.com.ar\/index.php\/wp-json\/wp\/v2\/media?parent=15770"}],"wp:term":[{"taxonomy":"category","embeddable":true,"href":"https:\/\/autofans.com.ar\/index.php\/wp-json\/wp\/v2\/categories?post=15770"},{"taxonomy":"post_tag","embeddable":true,"href":"https:\/\/autofans.com.ar\/index.php\/wp-json\/wp\/v2\/tags?post=15770"}],"curies":[{"name":"wp","href":"https:\/\/api.w.org\/{rel}","templated":true}]}}