{"id":15776,"date":"2026-01-22T14:15:27","date_gmt":"2026-01-22T17:15:27","guid":{"rendered":"https:\/\/autofans.com.ar\/?p=15776"},"modified":"2026-01-22T14:15:27","modified_gmt":"2026-01-22T17:15:27","slug":"ds-automobiles-presenta-el-adn-creativo-de-su-design-center","status":"publish","type":"post","link":"https:\/\/autofans.com.ar\/index.php\/2026\/01\/22\/ds-automobiles-presenta-el-adn-creativo-de-su-design-center\/","title":{"rendered":"DS Automobiles presenta el ADN creativo de su Design Center"},"content":{"rendered":"<p class=\"ds-markdown-paragraph\">En el DS Automobiles Design Center, ubicado en V\u00e9lizy, cerca de Par\u00eds, se concibe el futuro del lujo sobre ruedas. Este espacio es el n\u00facleo creativo donde dise\u00f1adores, modeladores y expertos en color materializan la visi\u00f3n de la marca.<\/p>\n<p>&nbsp;<\/p>\n<h2>Arte y tecnolog\u00eda, as\u00ed nace un DS<\/h2>\n<p>&nbsp;<\/p>\n<div id='gallery-1' class='gallery galleryid-15776 gallery-columns-2 gallery-size-full'><figure class='gallery-item'>\n\t\t\t<div class='gallery-icon landscape'>\n\t\t\t\t<a href='https:\/\/autofans.com.ar\/index.php\/2026\/01\/22\/ds-automobiles-presenta-el-adn-creativo-de-su-design-center\/ds-2-12\/'><img loading=\"lazy\" width=\"1000\" height=\"667\" src=\"https:\/\/autofans.com.ar\/wp-content\/uploads\/2026\/01\/ds-2-1.jpg\" class=\"attachment-full size-full\" alt=\"DS\" srcset=\"https:\/\/autofans.com.ar\/wp-content\/uploads\/2026\/01\/ds-2-1.jpg 1000w, https:\/\/autofans.com.ar\/wp-content\/uploads\/2026\/01\/ds-2-1-300x200.jpg 300w, https:\/\/autofans.com.ar\/wp-content\/uploads\/2026\/01\/ds-2-1-768x512.jpg 768w\" sizes=\"auto, (max-width: 1000px) 100vw, 1000px\" loading=\"lazy\" decoding=\"async\" \/><\/a>\n\t\t\t<\/div><\/figure><figure class='gallery-item'>\n\t\t\t<div class='gallery-icon landscape'>\n\t\t\t\t<a href='https:\/\/autofans.com.ar\/index.php\/2026\/01\/22\/ds-automobiles-presenta-el-adn-creativo-de-su-design-center\/ds-3-12\/'><img loading=\"lazy\" width=\"1000\" height=\"667\" src=\"https:\/\/autofans.com.ar\/wp-content\/uploads\/2026\/01\/ds-3-1.jpg\" class=\"attachment-full size-full\" alt=\"DS\" aria-describedby=\"gallery-1-15781\" srcset=\"https:\/\/autofans.com.ar\/wp-content\/uploads\/2026\/01\/ds-3-1.jpg 1000w, https:\/\/autofans.com.ar\/wp-content\/uploads\/2026\/01\/ds-3-1-300x200.jpg 300w, https:\/\/autofans.com.ar\/wp-content\/uploads\/2026\/01\/ds-3-1-768x512.jpg 768w\" sizes=\"auto, (max-width: 1000px) 100vw, 1000px\" loading=\"lazy\" decoding=\"async\" \/><\/a>\n\t\t\t<\/div>\n\t\t\t\t<figcaption class='wp-caption-text gallery-caption' id='gallery-1-15781'>\n\t\t\t\tFr\u00e9d\u00e9ric Soubirou, Head of Exterior Design\n\t\t\t\t<\/figcaption><\/figure>\n\t\t<\/div>\n\n<p>&nbsp;<\/p>\n<p class=\"ds-markdown-paragraph\">El proceso inicia con un concepto art\u00edstico. Luego, se transforma en formas y vol\u00famenes mediante t\u00e9cnicas artesanales integradas con herramientas digitales de vanguardia. El objetivo es claro: vehicular la audacia y el refinamiento del lujo parisino.<\/p>\n<p class=\"ds-markdown-paragraph\">Fr\u00e9d\u00e9ric Soubirou, responsable de Dise\u00f1o Exterior, explica c\u00f3mo los concept cars sentaron las bases para los modelos actuales. Cada l\u00ednea, cada proporci\u00f3n y cada detalle responden a una premisa: expresar car\u00e1cter y sofisticaci\u00f3n con una perspectiva \u00fanica.<\/p>\n<p>&nbsp;<\/p>\n<h2>Dise\u00f1ando el futuro, el ADN para la pr\u00f3xima generaci\u00f3n<\/h2>\n<p>&nbsp;<\/p>\n<div id='gallery-2' class='gallery galleryid-15776 gallery-columns-3 gallery-size-full'><figure class='gallery-item'>\n\t\t\t<div class='gallery-icon landscape'>\n\t\t\t\t<a href='https:\/\/autofans.com.ar\/index.php\/2026\/01\/22\/ds-automobiles-presenta-el-adn-creativo-de-su-design-center\/ds-8\/'><img loading=\"lazy\" width=\"1000\" height=\"667\" src=\"https:\/\/autofans.com.ar\/wp-content\/uploads\/2026\/01\/ds-8.jpg\" class=\"attachment-full size-full\" alt=\"ds-8\" srcset=\"https:\/\/autofans.com.ar\/wp-content\/uploads\/2026\/01\/ds-8.jpg 1000w, https:\/\/autofans.com.ar\/wp-content\/uploads\/2026\/01\/ds-8-300x200.jpg 300w, https:\/\/autofans.com.ar\/wp-content\/uploads\/2026\/01\/ds-8-768x512.jpg 768w\" sizes=\"auto, (max-width: 1000px) 100vw, 1000px\" loading=\"lazy\" decoding=\"async\" \/><\/a>\n\t\t\t<\/div><\/figure><figure class='gallery-item'>\n\t\t\t<div class='gallery-icon landscape'>\n\t\t\t\t<a href='https:\/\/autofans.com.ar\/index.php\/2026\/01\/22\/ds-automobiles-presenta-el-adn-creativo-de-su-design-center\/ds-7-2\/'><img loading=\"lazy\" width=\"1000\" height=\"667\" src=\"https:\/\/autofans.com.ar\/wp-content\/uploads\/2026\/01\/ds-7.jpg\" class=\"attachment-full size-full\" alt=\"DS\" srcset=\"https:\/\/autofans.com.ar\/wp-content\/uploads\/2026\/01\/ds-7.jpg 1000w, https:\/\/autofans.com.ar\/wp-content\/uploads\/2026\/01\/ds-7-300x200.jpg 300w, https:\/\/autofans.com.ar\/wp-content\/uploads\/2026\/01\/ds-7-768x512.jpg 768w\" sizes=\"auto, (max-width: 1000px) 100vw, 1000px\" loading=\"lazy\" decoding=\"async\" \/><\/a>\n\t\t\t<\/div><\/figure><figure class='gallery-item'>\n\t\t\t<div class='gallery-icon landscape'>\n\t\t\t\t<a href='https:\/\/autofans.com.ar\/index.php\/2026\/01\/22\/ds-automobiles-presenta-el-adn-creativo-de-su-design-center\/ds-6-5\/'><img loading=\"lazy\" width=\"1000\" height=\"667\" src=\"https:\/\/autofans.com.ar\/wp-content\/uploads\/2026\/01\/ds-6.jpg\" class=\"attachment-full size-full\" alt=\"DS\" srcset=\"https:\/\/autofans.com.ar\/wp-content\/uploads\/2026\/01\/ds-6.jpg 1000w, https:\/\/autofans.com.ar\/wp-content\/uploads\/2026\/01\/ds-6-300x200.jpg 300w, https:\/\/autofans.com.ar\/wp-content\/uploads\/2026\/01\/ds-6-768x512.jpg 768w\" sizes=\"auto, (max-width: 1000px) 100vw, 1000px\" loading=\"lazy\" decoding=\"async\" \/><\/a>\n\t\t\t<\/div><\/figure>\n\t\t<\/div>\n\n<p>&nbsp;<\/p>\n<p class=\"ds-markdown-paragraph\">El trabajo del centro no solo mira al presente. Define los c\u00f3digos est\u00e9ticos que guiar\u00e1n los pr\u00f3ximos lanzamientos de DS, llevando la herencia del lujo franc\u00e9s hacia nuevos horizontes. La silueta, la iluminaci\u00f3n y el tratamiento de superficies son elementos clave en esta narrativa de dise\u00f1o.<\/p>\n<p class=\"ds-markdown-paragraph\">Este enfoque asegura que cada veh\u00edculo sea m\u00e1s que un medio de transporte. Es una pieza con identidad propia, resultado de un meticuloso proceso creativo que fusiona arte, artesan\u00eda e innovaci\u00f3n tecnol\u00f3gica.<\/p>\n<p>&nbsp;<\/p>\n<p>&nbsp;<\/p>\n<p>&nbsp;<\/p>\n<p><i>Para enterarte de m\u00e1s novedades, no dejes de leer\u00a0<\/i><a href=\"https:\/\/autofans.thebrandsoup.com\/\"><i>nuestras notas<\/i><\/a><i>, de ver\u00a0<\/i><a href=\"https:\/\/www.youtube.com\/channel\/UCgAC8UGHZYbT6P7PpmVnP7g\"><i>AUTOFANS TV<\/i><\/a><i>\u00a0en nuestro\u00a0canal de Youtube. Adem\u00e1s seguinos en\u00a0<\/i><a href=\"https:\/\/www.instagram.com\/autofanstv\/\"><i>INSTAGRAM<\/i><\/a><i> y <\/i><a href=\"https:\/\/www.facebook.com\/autofansmas\/\"><i>FACEBOOK<\/i><\/a><i> para no perderte nada sobre las novedades del segmento automotor de Argentina y el mundo.<\/i><\/p>\n","protected":false},"excerpt":{"rendered":"<p>En el DS Automobiles Design Center, ubicado en V\u00e9lizy, cerca de Par\u00eds, se concibe el&#8230;<\/p>\n","protected":false},"author":2,"featured_media":15783,"comment_status":"closed","ping_status":"closed","sticky":false,"template":"","format":"standard","meta":{"footnotes":""},"categories":[292,16],"tags":[8295,8296,8293,2309,8294,545,8297,3677],"class_list":["post-15776","post","type-post","status-publish","format-standard","has-post-thumbnail","hentry","category-empresas","category-noticias","tag-automoviles-premium","tag-concepto-cars","tag-design-center-velizy","tag-diseno-automotor","tag-diseno-exterior-vehiculos","tag-ds-automobiles","tag-frederic-soubirou","tag-lujo-frances"],"yoast_head":"<!-- This site is optimized with the Yoast SEO plugin v27.5 - https:\/\/yoast.com\/product\/yoast-seo-wordpress\/ -->\n<title>DS Automobiles presenta el ADN creativo de su Design Center -<\/title>\n<meta name=\"description\" content=\"En el DS Automobiles Design Center, ubicado en V\u00e9lizy, cerca de Par\u00eds, se concibe el futuro del lujo sobre ruedas. Este espacio es el n\u00facleo...\" \/>\n<meta name=\"robots\" content=\"index, follow, max-snippet:-1, max-image-preview:large, max-video-preview:-1\" \/>\n<link rel=\"canonical\" href=\"https:\/\/autofans.com.ar\/index.php\/2026\/01\/22\/ds-automobiles-presenta-el-adn-creativo-de-su-design-center\/\" \/>\n<meta property=\"og:locale\" content=\"es_ES\" \/>\n<meta property=\"og:type\" content=\"article\" \/>\n<meta property=\"og:title\" content=\"DS Automobiles presenta el ADN creativo de su Design Center -\" \/>\n<meta property=\"og:description\" content=\"En el DS Automobiles Design Center, ubicado en V\u00e9lizy, cerca de Par\u00eds, se concibe el futuro del lujo sobre ruedas. Este espacio es el n\u00facleo...\" \/>\n<meta property=\"og:url\" content=\"https:\/\/autofans.com.ar\/index.php\/2026\/01\/22\/ds-automobiles-presenta-el-adn-creativo-de-su-design-center\/\" \/>\n<meta property=\"article:published_time\" content=\"2026-01-22T17:15:27+00:00\" \/>\n<meta property=\"og:image\" content=\"https:\/\/autofans.com.ar\/wp-content\/uploads\/2026\/01\/ds-1-1.jpg\" \/>\n\t<meta property=\"og:image:width\" content=\"1000\" \/>\n\t<meta property=\"og:image:height\" content=\"667\" \/>\n\t<meta property=\"og:image:type\" content=\"image\/jpeg\" \/>\n<meta name=\"author\" content=\"Alejandro Gabriel Rosito\" \/>\n<meta name=\"twitter:card\" content=\"summary_large_image\" \/>\n<meta name=\"twitter:label1\" content=\"Escrito por\" \/>\n\t<meta name=\"twitter:data1\" content=\"Alejandro Gabriel Rosito\" \/>\n\t<meta name=\"twitter:label2\" content=\"Tiempo de lectura\" \/>\n\t<meta name=\"twitter:data2\" content=\"2 minutos\" \/>\n<script type=\"application\/ld+json\" class=\"yoast-schema-graph\">{\"@context\":\"https:\\\/\\\/schema.org\",\"@graph\":[{\"@type\":\"Article\",\"@id\":\"https:\\\/\\\/autofans.com.ar\\\/index.php\\\/2026\\\/01\\\/22\\\/ds-automobiles-presenta-el-adn-creativo-de-su-design-center\\\/#article\",\"isPartOf\":{\"@id\":\"https:\\\/\\\/autofans.com.ar\\\/index.php\\\/2026\\\/01\\\/22\\\/ds-automobiles-presenta-el-adn-creativo-de-su-design-center\\\/\"},\"author\":{\"name\":\"Alejandro Gabriel Rosito\",\"@id\":\"https:\\\/\\\/autofans.com.ar\\\/#\\\/schema\\\/person\\\/4a8dda0b6df83ac3d6723e921274c2aa\"},\"headline\":\"DS Automobiles presenta el ADN creativo de su Design Center\",\"datePublished\":\"2026-01-22T17:15:27+00:00\",\"mainEntityOfPage\":{\"@id\":\"https:\\\/\\\/autofans.com.ar\\\/index.php\\\/2026\\\/01\\\/22\\\/ds-automobiles-presenta-el-adn-creativo-de-su-design-center\\\/\"},\"wordCount\":309,\"image\":{\"@id\":\"https:\\\/\\\/autofans.com.ar\\\/index.php\\\/2026\\\/01\\\/22\\\/ds-automobiles-presenta-el-adn-creativo-de-su-design-center\\\/#primaryimage\"},\"thumbnailUrl\":\"https:\\\/\\\/autofans.com.ar\\\/wp-content\\\/uploads\\\/2026\\\/01\\\/ds-1-1.jpg\",\"keywords\":[\"autom\u00f3viles premium\",\"concepto cars\",\"Design Center V\u00e9lizy\",\"Dise\u00f1o automotor\",\"dise\u00f1o exterior vehiculos\",\"DS Automobiles\",\"Fr\u00e9d\u00e9ric Soubirou\",\"Lujo Franc\u00e9s\"],\"articleSection\":[\"EMPRESAS\",\"NOTICIAS\"],\"inLanguage\":\"es\"},{\"@type\":\"WebPage\",\"@id\":\"https:\\\/\\\/autofans.com.ar\\\/index.php\\\/2026\\\/01\\\/22\\\/ds-automobiles-presenta-el-adn-creativo-de-su-design-center\\\/\",\"url\":\"https:\\\/\\\/autofans.com.ar\\\/index.php\\\/2026\\\/01\\\/22\\\/ds-automobiles-presenta-el-adn-creativo-de-su-design-center\\\/\",\"name\":\"DS Automobiles presenta el ADN creativo de su Design Center -\",\"isPartOf\":{\"@id\":\"https:\\\/\\\/autofans.com.ar\\\/#website\"},\"primaryImageOfPage\":{\"@id\":\"https:\\\/\\\/autofans.com.ar\\\/index.php\\\/2026\\\/01\\\/22\\\/ds-automobiles-presenta-el-adn-creativo-de-su-design-center\\\/#primaryimage\"},\"image\":{\"@id\":\"https:\\\/\\\/autofans.com.ar\\\/index.php\\\/2026\\\/01\\\/22\\\/ds-automobiles-presenta-el-adn-creativo-de-su-design-center\\\/#primaryimage\"},\"thumbnailUrl\":\"https:\\\/\\\/autofans.com.ar\\\/wp-content\\\/uploads\\\/2026\\\/01\\\/ds-1-1.jpg\",\"datePublished\":\"2026-01-22T17:15:27+00:00\",\"author\":{\"@id\":\"https:\\\/\\\/autofans.com.ar\\\/#\\\/schema\\\/person\\\/4a8dda0b6df83ac3d6723e921274c2aa\"},\"description\":\"En el DS Automobiles Design Center, ubicado en V\u00e9lizy, cerca de Par\u00eds, se concibe el futuro del lujo sobre ruedas. Este espacio es el n\u00facleo...\",\"breadcrumb\":{\"@id\":\"https:\\\/\\\/autofans.com.ar\\\/index.php\\\/2026\\\/01\\\/22\\\/ds-automobiles-presenta-el-adn-creativo-de-su-design-center\\\/#breadcrumb\"},\"inLanguage\":\"es\",\"potentialAction\":[{\"@type\":\"ReadAction\",\"target\":[\"https:\\\/\\\/autofans.com.ar\\\/index.php\\\/2026\\\/01\\\/22\\\/ds-automobiles-presenta-el-adn-creativo-de-su-design-center\\\/\"]}]},{\"@type\":\"ImageObject\",\"inLanguage\":\"es\",\"@id\":\"https:\\\/\\\/autofans.com.ar\\\/index.php\\\/2026\\\/01\\\/22\\\/ds-automobiles-presenta-el-adn-creativo-de-su-design-center\\\/#primaryimage\",\"url\":\"https:\\\/\\\/autofans.com.ar\\\/wp-content\\\/uploads\\\/2026\\\/01\\\/ds-1-1.jpg\",\"contentUrl\":\"https:\\\/\\\/autofans.com.ar\\\/wp-content\\\/uploads\\\/2026\\\/01\\\/ds-1-1.jpg\",\"width\":1000,\"height\":667,\"caption\":\"DS\"},{\"@type\":\"BreadcrumbList\",\"@id\":\"https:\\\/\\\/autofans.com.ar\\\/index.php\\\/2026\\\/01\\\/22\\\/ds-automobiles-presenta-el-adn-creativo-de-su-design-center\\\/#breadcrumb\",\"itemListElement\":[{\"@type\":\"ListItem\",\"position\":1,\"name\":\"Inicio\",\"item\":\"https:\\\/\\\/autofans.com.ar\\\/\"},{\"@type\":\"ListItem\",\"position\":2,\"name\":\"DS Automobiles presenta el ADN creativo de su Design Center\"}]},{\"@type\":\"WebSite\",\"@id\":\"https:\\\/\\\/autofans.com.ar\\\/#website\",\"url\":\"https:\\\/\\\/autofans.com.ar\\\/\",\"name\":\"\",\"description\":\"El multimedio referente de la industria automotriz\",\"potentialAction\":[{\"@type\":\"SearchAction\",\"target\":{\"@type\":\"EntryPoint\",\"urlTemplate\":\"https:\\\/\\\/autofans.com.ar\\\/?s={search_term_string}\"},\"query-input\":{\"@type\":\"PropertyValueSpecification\",\"valueRequired\":true,\"valueName\":\"search_term_string\"}}],\"inLanguage\":\"es\"},{\"@type\":\"Person\",\"@id\":\"https:\\\/\\\/autofans.com.ar\\\/#\\\/schema\\\/person\\\/4a8dda0b6df83ac3d6723e921274c2aa\",\"name\":\"Alejandro Gabriel Rosito\",\"image\":{\"@type\":\"ImageObject\",\"inLanguage\":\"es\",\"@id\":\"https:\\\/\\\/secure.gravatar.com\\\/avatar\\\/16c5dda1489adfc62618084dcbb91cffd879c374b13fe5dd8e44ed6733852c88?s=96&d=mm&r=g\",\"url\":\"https:\\\/\\\/secure.gravatar.com\\\/avatar\\\/16c5dda1489adfc62618084dcbb91cffd879c374b13fe5dd8e44ed6733852c88?s=96&d=mm&r=g\",\"contentUrl\":\"https:\\\/\\\/secure.gravatar.com\\\/avatar\\\/16c5dda1489adfc62618084dcbb91cffd879c374b13fe5dd8e44ed6733852c88?s=96&d=mm&r=g\",\"caption\":\"Alejandro Gabriel Rosito\"},\"url\":\"https:\\\/\\\/autofans.com.ar\\\/index.php\\\/author\\\/gabrielr\\\/\"}]}<\/script>\n<!-- \/ Yoast SEO plugin. -->","yoast_head_json":{"title":"DS Automobiles presenta el ADN creativo de su Design Center -","description":"En el DS Automobiles Design Center, ubicado en V\u00e9lizy, cerca de Par\u00eds, se concibe el futuro del lujo sobre ruedas. Este espacio es el n\u00facleo...","robots":{"index":"index","follow":"follow","max-snippet":"max-snippet:-1","max-image-preview":"max-image-preview:large","max-video-preview":"max-video-preview:-1"},"canonical":"https:\/\/autofans.com.ar\/index.php\/2026\/01\/22\/ds-automobiles-presenta-el-adn-creativo-de-su-design-center\/","og_locale":"es_ES","og_type":"article","og_title":"DS Automobiles presenta el ADN creativo de su Design Center -","og_description":"En el DS Automobiles Design Center, ubicado en V\u00e9lizy, cerca de Par\u00eds, se concibe el futuro del lujo sobre ruedas. Este espacio es el n\u00facleo...","og_url":"https:\/\/autofans.com.ar\/index.php\/2026\/01\/22\/ds-automobiles-presenta-el-adn-creativo-de-su-design-center\/","article_published_time":"2026-01-22T17:15:27+00:00","og_image":[{"width":1000,"height":667,"url":"https:\/\/autofans.com.ar\/wp-content\/uploads\/2026\/01\/ds-1-1.jpg","type":"image\/jpeg"}],"author":"Alejandro Gabriel Rosito","twitter_card":"summary_large_image","twitter_misc":{"Escrito por":"Alejandro Gabriel Rosito","Tiempo de lectura":"2 minutos"},"schema":{"@context":"https:\/\/schema.org","@graph":[{"@type":"Article","@id":"https:\/\/autofans.com.ar\/index.php\/2026\/01\/22\/ds-automobiles-presenta-el-adn-creativo-de-su-design-center\/#article","isPartOf":{"@id":"https:\/\/autofans.com.ar\/index.php\/2026\/01\/22\/ds-automobiles-presenta-el-adn-creativo-de-su-design-center\/"},"author":{"name":"Alejandro Gabriel Rosito","@id":"https:\/\/autofans.com.ar\/#\/schema\/person\/4a8dda0b6df83ac3d6723e921274c2aa"},"headline":"DS Automobiles presenta el ADN creativo de su Design Center","datePublished":"2026-01-22T17:15:27+00:00","mainEntityOfPage":{"@id":"https:\/\/autofans.com.ar\/index.php\/2026\/01\/22\/ds-automobiles-presenta-el-adn-creativo-de-su-design-center\/"},"wordCount":309,"image":{"@id":"https:\/\/autofans.com.ar\/index.php\/2026\/01\/22\/ds-automobiles-presenta-el-adn-creativo-de-su-design-center\/#primaryimage"},"thumbnailUrl":"https:\/\/autofans.com.ar\/wp-content\/uploads\/2026\/01\/ds-1-1.jpg","keywords":["autom\u00f3viles premium","concepto cars","Design Center V\u00e9lizy","Dise\u00f1o automotor","dise\u00f1o exterior vehiculos","DS Automobiles","Fr\u00e9d\u00e9ric Soubirou","Lujo Franc\u00e9s"],"articleSection":["EMPRESAS","NOTICIAS"],"inLanguage":"es"},{"@type":"WebPage","@id":"https:\/\/autofans.com.ar\/index.php\/2026\/01\/22\/ds-automobiles-presenta-el-adn-creativo-de-su-design-center\/","url":"https:\/\/autofans.com.ar\/index.php\/2026\/01\/22\/ds-automobiles-presenta-el-adn-creativo-de-su-design-center\/","name":"DS Automobiles presenta el ADN creativo de su Design Center -","isPartOf":{"@id":"https:\/\/autofans.com.ar\/#website"},"primaryImageOfPage":{"@id":"https:\/\/autofans.com.ar\/index.php\/2026\/01\/22\/ds-automobiles-presenta-el-adn-creativo-de-su-design-center\/#primaryimage"},"image":{"@id":"https:\/\/autofans.com.ar\/index.php\/2026\/01\/22\/ds-automobiles-presenta-el-adn-creativo-de-su-design-center\/#primaryimage"},"thumbnailUrl":"https:\/\/autofans.com.ar\/wp-content\/uploads\/2026\/01\/ds-1-1.jpg","datePublished":"2026-01-22T17:15:27+00:00","author":{"@id":"https:\/\/autofans.com.ar\/#\/schema\/person\/4a8dda0b6df83ac3d6723e921274c2aa"},"description":"En el DS Automobiles Design Center, ubicado en V\u00e9lizy, cerca de Par\u00eds, se concibe el futuro del lujo sobre ruedas. Este espacio es el n\u00facleo...","breadcrumb":{"@id":"https:\/\/autofans.com.ar\/index.php\/2026\/01\/22\/ds-automobiles-presenta-el-adn-creativo-de-su-design-center\/#breadcrumb"},"inLanguage":"es","potentialAction":[{"@type":"ReadAction","target":["https:\/\/autofans.com.ar\/index.php\/2026\/01\/22\/ds-automobiles-presenta-el-adn-creativo-de-su-design-center\/"]}]},{"@type":"ImageObject","inLanguage":"es","@id":"https:\/\/autofans.com.ar\/index.php\/2026\/01\/22\/ds-automobiles-presenta-el-adn-creativo-de-su-design-center\/#primaryimage","url":"https:\/\/autofans.com.ar\/wp-content\/uploads\/2026\/01\/ds-1-1.jpg","contentUrl":"https:\/\/autofans.com.ar\/wp-content\/uploads\/2026\/01\/ds-1-1.jpg","width":1000,"height":667,"caption":"DS"},{"@type":"BreadcrumbList","@id":"https:\/\/autofans.com.ar\/index.php\/2026\/01\/22\/ds-automobiles-presenta-el-adn-creativo-de-su-design-center\/#breadcrumb","itemListElement":[{"@type":"ListItem","position":1,"name":"Inicio","item":"https:\/\/autofans.com.ar\/"},{"@type":"ListItem","position":2,"name":"DS Automobiles presenta el ADN creativo de su Design Center"}]},{"@type":"WebSite","@id":"https:\/\/autofans.com.ar\/#website","url":"https:\/\/autofans.com.ar\/","name":"","description":"El multimedio referente de la industria automotriz","potentialAction":[{"@type":"SearchAction","target":{"@type":"EntryPoint","urlTemplate":"https:\/\/autofans.com.ar\/?s={search_term_string}"},"query-input":{"@type":"PropertyValueSpecification","valueRequired":true,"valueName":"search_term_string"}}],"inLanguage":"es"},{"@type":"Person","@id":"https:\/\/autofans.com.ar\/#\/schema\/person\/4a8dda0b6df83ac3d6723e921274c2aa","name":"Alejandro Gabriel Rosito","image":{"@type":"ImageObject","inLanguage":"es","@id":"https:\/\/secure.gravatar.com\/avatar\/16c5dda1489adfc62618084dcbb91cffd879c374b13fe5dd8e44ed6733852c88?s=96&d=mm&r=g","url":"https:\/\/secure.gravatar.com\/avatar\/16c5dda1489adfc62618084dcbb91cffd879c374b13fe5dd8e44ed6733852c88?s=96&d=mm&r=g","contentUrl":"https:\/\/secure.gravatar.com\/avatar\/16c5dda1489adfc62618084dcbb91cffd879c374b13fe5dd8e44ed6733852c88?s=96&d=mm&r=g","caption":"Alejandro Gabriel Rosito"},"url":"https:\/\/autofans.com.ar\/index.php\/author\/gabrielr\/"}]}},"featured_image_urls":{"full":["https:\/\/autofans.com.ar\/wp-content\/uploads\/2026\/01\/ds-1-1.jpg",1000,667,false],"thumbnail":["https:\/\/autofans.com.ar\/wp-content\/uploads\/2026\/01\/ds-1-1-150x150.jpg",150,150,true],"medium":["https:\/\/autofans.com.ar\/wp-content\/uploads\/2026\/01\/ds-1-1-300x200.jpg",300,200,true],"medium_large":["https:\/\/autofans.com.ar\/wp-content\/uploads\/2026\/01\/ds-1-1-768x512.jpg",640,427,true],"large":["https:\/\/autofans.com.ar\/wp-content\/uploads\/2026\/01\/ds-1-1.jpg",640,427,false],"1536x1536":["https:\/\/autofans.com.ar\/wp-content\/uploads\/2026\/01\/ds-1-1.jpg",1000,667,false],"2048x2048":["https:\/\/autofans.com.ar\/wp-content\/uploads\/2026\/01\/ds-1-1.jpg",1000,667,false],"covernews-featured":["https:\/\/autofans.com.ar\/wp-content\/uploads\/2026\/01\/ds-1-1.jpg",1000,667,false],"covernews-medium":["https:\/\/autofans.com.ar\/wp-content\/uploads\/2026\/01\/ds-1-1-540x340.jpg",540,340,true]},"author_info":{"display_name":"Alejandro Gabriel Rosito","author_link":"https:\/\/autofans.com.ar\/index.php\/author\/gabrielr\/"},"category_info":"<a href=\"https:\/\/autofans.com.ar\/index.php\/category\/noticias\/empresas\/\" rel=\"category tag\">EMPRESAS<\/a> <a href=\"https:\/\/autofans.com.ar\/index.php\/category\/noticias\/\" rel=\"category tag\">NOTICIAS<\/a>","tag_info":"NOTICIAS","comment_count":0,"_links":{"self":[{"href":"https:\/\/autofans.com.ar\/index.php\/wp-json\/wp\/v2\/posts\/15776","targetHints":{"allow":["GET"]}}],"collection":[{"href":"https:\/\/autofans.com.ar\/index.php\/wp-json\/wp\/v2\/posts"}],"about":[{"href":"https:\/\/autofans.com.ar\/index.php\/wp-json\/wp\/v2\/types\/post"}],"author":[{"embeddable":true,"href":"https:\/\/autofans.com.ar\/index.php\/wp-json\/wp\/v2\/users\/2"}],"replies":[{"embeddable":true,"href":"https:\/\/autofans.com.ar\/index.php\/wp-json\/wp\/v2\/comments?post=15776"}],"version-history":[{"count":1,"href":"https:\/\/autofans.com.ar\/index.php\/wp-json\/wp\/v2\/posts\/15776\/revisions"}],"predecessor-version":[{"id":15785,"href":"https:\/\/autofans.com.ar\/index.php\/wp-json\/wp\/v2\/posts\/15776\/revisions\/15785"}],"wp:featuredmedia":[{"embeddable":true,"href":"https:\/\/autofans.com.ar\/index.php\/wp-json\/wp\/v2\/media\/15783"}],"wp:attachment":[{"href":"https:\/\/autofans.com.ar\/index.php\/wp-json\/wp\/v2\/media?parent=15776"}],"wp:term":[{"taxonomy":"category","embeddable":true,"href":"https:\/\/autofans.com.ar\/index.php\/wp-json\/wp\/v2\/categories?post=15776"},{"taxonomy":"post_tag","embeddable":true,"href":"https:\/\/autofans.com.ar\/index.php\/wp-json\/wp\/v2\/tags?post=15776"}],"curies":[{"name":"wp","href":"https:\/\/api.w.org\/{rel}","templated":true}]}}