{"id":15786,"date":"2026-01-22T17:53:46","date_gmt":"2026-01-22T20:53:46","guid":{"rendered":"https:\/\/autofans.com.ar\/?p=15786"},"modified":"2026-01-22T17:53:46","modified_gmt":"2026-01-22T20:53:46","slug":"asi-es-el-bugatti-fkp-hommage-el-tributo-al-veyron-y-a-ferdinand-piech","status":"publish","type":"post","link":"https:\/\/autofans.com.ar\/index.php\/2026\/01\/22\/asi-es-el-bugatti-fkp-hommage-el-tributo-al-veyron-y-a-ferdinand-piech\/","title":{"rendered":"As\u00ed es el Bugatti FKP Hommage, el tributo al Veyron y a Ferdinand Pi\u00ebch"},"content":{"rendered":"<p class=\"ds-markdown-paragraph\">Bugatti ya entreg\u00f3 la segunda creaci\u00f3n de su exclusivo Programme Solitaire. Se llama FKP Hommage, un ejemplar \u00fanico que es un homenaje rodante al legendario Veyron y a Ferdinand Karl Pi\u00ebch, el visionario que lo hizo realidad.<\/p>\n<p>&nbsp;<\/p>\n<h2>Tecnolog\u00eda de \u00daltima Generaci\u00f3n con Alma Retro<\/h2>\n<p class=\"ds-markdown-paragraph\">Este modelo se construye sobre el chasis W16 y utiliza el motor del Chiron Super Sport. Con turbos m\u00e1s grandes, mejor refrigeraci\u00f3n y una caja de cambios robustecida, desarrolla 1.600 caballos de fuerza. La carrocer\u00eda, completamente redise\u00f1ada, evoca las l\u00edneas redondeadas del Veyron pero con un lenguaje moderno, visible en detalles como sus finos faros lineales.<\/p>\n<p>&nbsp;<\/p>\n<div id='gallery-1' class='gallery galleryid-15786 gallery-columns-2 gallery-size-full'><figure class='gallery-item'>\n\t\t\t<div class='gallery-icon landscape'>\n\t\t\t\t<a href='https:\/\/autofans.com.ar\/index.php\/2026\/01\/22\/asi-es-el-bugatti-fkp-hommage-el-tributo-al-veyron-y-a-ferdinand-piech\/bugati-5\/'><img loading=\"lazy\" width=\"1000\" height=\"667\" src=\"https:\/\/autofans.com.ar\/wp-content\/uploads\/2026\/01\/bugati-5.jpg\" class=\"attachment-full size-full\" alt=\"Bugatti\" srcset=\"https:\/\/autofans.com.ar\/wp-content\/uploads\/2026\/01\/bugati-5.jpg 1000w, https:\/\/autofans.com.ar\/wp-content\/uploads\/2026\/01\/bugati-5-300x200.jpg 300w, https:\/\/autofans.com.ar\/wp-content\/uploads\/2026\/01\/bugati-5-768x512.jpg 768w\" sizes=\"auto, (max-width: 1000px) 100vw, 1000px\" loading=\"lazy\" decoding=\"async\" \/><\/a>\n\t\t\t<\/div><\/figure><figure class='gallery-item'>\n\t\t\t<div class='gallery-icon landscape'>\n\t\t\t\t<a href='https:\/\/autofans.com.ar\/index.php\/2026\/01\/22\/asi-es-el-bugatti-fkp-hommage-el-tributo-al-veyron-y-a-ferdinand-piech\/bugati-4\/'><img loading=\"lazy\" width=\"1000\" height=\"667\" src=\"https:\/\/autofans.com.ar\/wp-content\/uploads\/2026\/01\/bugati-4.jpg\" class=\"attachment-full size-full\" alt=\"Bugatti\" srcset=\"https:\/\/autofans.com.ar\/wp-content\/uploads\/2026\/01\/bugati-4.jpg 1000w, https:\/\/autofans.com.ar\/wp-content\/uploads\/2026\/01\/bugati-4-300x200.jpg 300w, https:\/\/autofans.com.ar\/wp-content\/uploads\/2026\/01\/bugati-4-768x512.jpg 768w\" sizes=\"auto, (max-width: 1000px) 100vw, 1000px\" loading=\"lazy\" decoding=\"async\" \/><\/a>\n\t\t\t<\/div><\/figure>\n\t\t<\/div>\n\n<p>&nbsp;<\/p>\n<p class=\"ds-markdown-paragraph\">El exterior luce un color rojo logrado con una base plateada y barniz tintado. Los paneles negros son de fibra de carbono vista, replicando el esquema bicolor del original. Monta llantas de 20 pulgadas delante y 21 atr\u00e1s.<\/p>\n<p>&nbsp;<\/p>\n<h2 class=\"ds-markdown-paragraph\">Interior con detalles de colecci\u00f3n<\/h2>\n<p>&nbsp;<\/p>\n<div id='gallery-2' class='gallery galleryid-15786 gallery-columns-2 gallery-size-full'><figure class='gallery-item'>\n\t\t\t<div class='gallery-icon landscape'>\n\t\t\t\t<a href='https:\/\/autofans.com.ar\/index.php\/2026\/01\/22\/asi-es-el-bugatti-fkp-hommage-el-tributo-al-veyron-y-a-ferdinand-piech\/bugati-6\/'><img loading=\"lazy\" width=\"1000\" height=\"667\" src=\"https:\/\/autofans.com.ar\/wp-content\/uploads\/2026\/01\/bugati-6.jpg\" class=\"attachment-full size-full\" alt=\"Bugatti\" srcset=\"https:\/\/autofans.com.ar\/wp-content\/uploads\/2026\/01\/bugati-6.jpg 1000w, https:\/\/autofans.com.ar\/wp-content\/uploads\/2026\/01\/bugati-6-300x200.jpg 300w, https:\/\/autofans.com.ar\/wp-content\/uploads\/2026\/01\/bugati-6-768x512.jpg 768w\" sizes=\"auto, (max-width: 1000px) 100vw, 1000px\" loading=\"lazy\" decoding=\"async\" \/><\/a>\n\t\t\t<\/div><\/figure><figure class='gallery-item'>\n\t\t\t<div class='gallery-icon landscape'>\n\t\t\t\t<a href='https:\/\/autofans.com.ar\/index.php\/2026\/01\/22\/asi-es-el-bugatti-fkp-hommage-el-tributo-al-veyron-y-a-ferdinand-piech\/bugati-7\/'><img loading=\"lazy\" width=\"1000\" height=\"667\" src=\"https:\/\/autofans.com.ar\/wp-content\/uploads\/2026\/01\/bugati-7.jpg\" class=\"attachment-full size-full\" alt=\"Bugatti\" srcset=\"https:\/\/autofans.com.ar\/wp-content\/uploads\/2026\/01\/bugati-7.jpg 1000w, https:\/\/autofans.com.ar\/wp-content\/uploads\/2026\/01\/bugati-7-300x200.jpg 300w, https:\/\/autofans.com.ar\/wp-content\/uploads\/2026\/01\/bugati-7-768x512.jpg 768w\" sizes=\"auto, (max-width: 1000px) 100vw, 1000px\" loading=\"lazy\" decoding=\"async\" \/><\/a>\n\t\t\t<\/div><\/figure>\n\t\t<\/div>\n\n<p>&nbsp;<\/p>\n<p class=\"ds-markdown-paragraph\">Dentro del habit\u00e1culo, el tributo contin\u00faa. Se incorpor\u00f3 un volante circular espec\u00edfico, id\u00e9ntico al del Veyron de 2005. La consola central fue mecanizada a partir de un bloque macizo de aluminio. El salpicadero integra un reloj exclusivo Audemars Piguet Royal Oak Tourbillon de 41 mil\u00edmetros.<\/p>\n<p>&nbsp;<\/p>\n<h2 class=\"ds-markdown-paragraph\">Un programa sobre la personalizaci\u00f3n premium<\/h2>\n<p>El FKP Hommage es el segundo one-off del Programme Solitaire, que se posiciona por encima del servicio Sur Mesure de Bugatti. Este programa planea producir solo dos veh\u00edculos al a\u00f1o. El primero fue el Brouillard, presentado en 2023.<\/p>\n<p>&nbsp;<\/p>\n<div id='gallery-3' class='gallery galleryid-15786 gallery-columns-2 gallery-size-full'><figure class='gallery-item'>\n\t\t\t<div class='gallery-icon landscape'>\n\t\t\t\t<a href='https:\/\/autofans.com.ar\/index.php\/2026\/01\/22\/asi-es-el-bugatti-fkp-hommage-el-tributo-al-veyron-y-a-ferdinand-piech\/bugati-1\/'><img loading=\"lazy\" width=\"1000\" height=\"667\" src=\"https:\/\/autofans.com.ar\/wp-content\/uploads\/2026\/01\/bugati-1.jpg\" class=\"attachment-full size-full\" alt=\"Bugatti\" srcset=\"https:\/\/autofans.com.ar\/wp-content\/uploads\/2026\/01\/bugati-1.jpg 1000w, https:\/\/autofans.com.ar\/wp-content\/uploads\/2026\/01\/bugati-1-300x200.jpg 300w, https:\/\/autofans.com.ar\/wp-content\/uploads\/2026\/01\/bugati-1-768x512.jpg 768w\" sizes=\"auto, (max-width: 1000px) 100vw, 1000px\" loading=\"lazy\" decoding=\"async\" \/><\/a>\n\t\t\t<\/div><\/figure><figure class='gallery-item'>\n\t\t\t<div class='gallery-icon landscape'>\n\t\t\t\t<a href='https:\/\/autofans.com.ar\/index.php\/2026\/01\/22\/asi-es-el-bugatti-fkp-hommage-el-tributo-al-veyron-y-a-ferdinand-piech\/bugati-2\/'><img loading=\"lazy\" width=\"1000\" height=\"667\" src=\"https:\/\/autofans.com.ar\/wp-content\/uploads\/2026\/01\/bugati-2.jpg\" class=\"attachment-full size-full\" alt=\"Bugatti\" srcset=\"https:\/\/autofans.com.ar\/wp-content\/uploads\/2026\/01\/bugati-2.jpg 1000w, https:\/\/autofans.com.ar\/wp-content\/uploads\/2026\/01\/bugati-2-300x200.jpg 300w, https:\/\/autofans.com.ar\/wp-content\/uploads\/2026\/01\/bugati-2-768x512.jpg 768w\" sizes=\"auto, (max-width: 1000px) 100vw, 1000px\" loading=\"lazy\" decoding=\"async\" \/><\/a>\n\t\t\t<\/div><\/figure>\n\t\t<\/div>\n\n<p>&nbsp;<\/p>\n<p class=\"ds-markdown-paragraph\">El Veyron, que debut\u00f3 hace dos d\u00e9cadas impulsado por la determinaci\u00f3n de Pi\u00ebch, marc\u00f3 un antes y un despu\u00e9s con sus 1.001 CV, tracci\u00f3n integral y una velocidad m\u00e1xima de 407 km\/h. Este nuevo tributo lleva ese legado al extremo.<\/p>\n<p>&nbsp;<\/p>\n<p>&nbsp;<\/p>\n<p>&nbsp;<\/p>\n<p><i>Para enterarte de m\u00e1s novedades, no dejes de leer\u00a0<\/i><a href=\"https:\/\/autofans.thebrandsoup.com\/\"><i>nuestras notas<\/i><\/a><i>, de ver\u00a0<\/i><a href=\"https:\/\/www.youtube.com\/channel\/UCgAC8UGHZYbT6P7PpmVnP7g\"><i>AUTOFANS TV<\/i><\/a><i>\u00a0en nuestro\u00a0canal de Youtube. Adem\u00e1s seguinos en\u00a0<\/i><a href=\"https:\/\/www.instagram.com\/autofanstv\/\"><i>INSTAGRAM<\/i><\/a><i> y <\/i><a href=\"https:\/\/www.facebook.com\/autofansmas\/\"><i>FACEBOOK<\/i><\/a><i> para no perderte nada sobre las novedades del segmento automotor de Argentina y el mundo.<\/i><\/p>\n","protected":false},"excerpt":{"rendered":"<p>Bugatti ya entreg\u00f3 la segunda creaci\u00f3n de su exclusivo Programme Solitaire. Se llama FKP Hommage,&#8230;<\/p>\n","protected":false},"author":2,"featured_media":15791,"comment_status":"closed","ping_status":"closed","sticky":false,"template":"","format":"standard","meta":{"footnotes":""},"categories":[3,16],"tags":[8304,8305,8306,8298,8299,8300,8302,8303,8301],"class_list":["post-15786","post","type-post","status-publish","format-standard","has-post-thumbnail","hentry","category-autos","category-noticias","tag-1600-cv","tag-auto-exclusivo","tag-bugatti-argentina","tag-bugatti-fkp-hommage","tag-bugatti-veyron","tag-ferdinand-karl-piech","tag-hiperdeportivo-one-off","tag-motor-w16","tag-programa-solitaire"],"yoast_head":"<!-- This site is optimized with the Yoast SEO plugin v27.5 - https:\/\/yoast.com\/product\/yoast-seo-wordpress\/ -->\n<title>As\u00ed es el Bugatti FKP Hommage, el tributo al Veyron y a Ferdinand Pi\u00ebch -<\/title>\n<meta name=\"description\" content=\"Bugatti ya entreg\u00f3 la segunda creaci\u00f3n de su exclusivo Programme Solitaire. Se llama FKP Hommage, un homenaje rodante al legendario Veyron...\" \/>\n<meta name=\"robots\" content=\"index, follow, max-snippet:-1, max-image-preview:large, max-video-preview:-1\" \/>\n<link rel=\"canonical\" href=\"https:\/\/autofans.com.ar\/index.php\/2026\/01\/22\/asi-es-el-bugatti-fkp-hommage-el-tributo-al-veyron-y-a-ferdinand-piech\/\" \/>\n<meta property=\"og:locale\" content=\"es_ES\" \/>\n<meta property=\"og:type\" content=\"article\" \/>\n<meta property=\"og:title\" content=\"As\u00ed es el Bugatti FKP Hommage, el tributo al Veyron y a Ferdinand Pi\u00ebch -\" \/>\n<meta property=\"og:description\" content=\"Bugatti ya entreg\u00f3 la segunda creaci\u00f3n de su exclusivo Programme Solitaire. Se llama FKP Hommage, un homenaje rodante al legendario Veyron...\" \/>\n<meta property=\"og:url\" content=\"https:\/\/autofans.com.ar\/index.php\/2026\/01\/22\/asi-es-el-bugatti-fkp-hommage-el-tributo-al-veyron-y-a-ferdinand-piech\/\" \/>\n<meta property=\"article:published_time\" content=\"2026-01-22T20:53:46+00:00\" \/>\n<meta property=\"og:image\" content=\"https:\/\/autofans.com.ar\/wp-content\/uploads\/2026\/01\/bugati-3.jpg\" \/>\n\t<meta property=\"og:image:width\" content=\"1000\" \/>\n\t<meta property=\"og:image:height\" content=\"667\" \/>\n\t<meta property=\"og:image:type\" content=\"image\/jpeg\" \/>\n<meta name=\"author\" content=\"Alejandro Gabriel Rosito\" \/>\n<meta name=\"twitter:card\" content=\"summary_large_image\" \/>\n<meta name=\"twitter:label1\" content=\"Escrito por\" \/>\n\t<meta name=\"twitter:data1\" content=\"Alejandro Gabriel Rosito\" \/>\n\t<meta name=\"twitter:label2\" content=\"Tiempo de lectura\" \/>\n\t<meta name=\"twitter:data2\" content=\"2 minutos\" \/>\n<script type=\"application\/ld+json\" class=\"yoast-schema-graph\">{\"@context\":\"https:\\\/\\\/schema.org\",\"@graph\":[{\"@type\":\"Article\",\"@id\":\"https:\\\/\\\/autofans.com.ar\\\/index.php\\\/2026\\\/01\\\/22\\\/asi-es-el-bugatti-fkp-hommage-el-tributo-al-veyron-y-a-ferdinand-piech\\\/#article\",\"isPartOf\":{\"@id\":\"https:\\\/\\\/autofans.com.ar\\\/index.php\\\/2026\\\/01\\\/22\\\/asi-es-el-bugatti-fkp-hommage-el-tributo-al-veyron-y-a-ferdinand-piech\\\/\"},\"author\":{\"name\":\"Alejandro Gabriel Rosito\",\"@id\":\"https:\\\/\\\/autofans.com.ar\\\/#\\\/schema\\\/person\\\/4a8dda0b6df83ac3d6723e921274c2aa\"},\"headline\":\"As\u00ed es el Bugatti FKP Hommage, el tributo al Veyron y a Ferdinand Pi\u00ebch\",\"datePublished\":\"2026-01-22T20:53:46+00:00\",\"mainEntityOfPage\":{\"@id\":\"https:\\\/\\\/autofans.com.ar\\\/index.php\\\/2026\\\/01\\\/22\\\/asi-es-el-bugatti-fkp-hommage-el-tributo-al-veyron-y-a-ferdinand-piech\\\/\"},\"wordCount\":375,\"image\":{\"@id\":\"https:\\\/\\\/autofans.com.ar\\\/index.php\\\/2026\\\/01\\\/22\\\/asi-es-el-bugatti-fkp-hommage-el-tributo-al-veyron-y-a-ferdinand-piech\\\/#primaryimage\"},\"thumbnailUrl\":\"https:\\\/\\\/autofans.com.ar\\\/wp-content\\\/uploads\\\/2026\\\/01\\\/bugati-3.jpg\",\"keywords\":[\"1600 CV\",\"auto exclusivo\",\"Bugatti Argentina\",\"Bugatti FKP Hommage\",\"Bugatti Veyron\",\"Ferdinand Karl Pi\u00ebch\",\"hiperdeportivo one-off\",\"motor W16\",\"Programa Solitaire\"],\"articleSection\":[\"AUTOS y SUV\",\"NOTICIAS\"],\"inLanguage\":\"es\"},{\"@type\":\"WebPage\",\"@id\":\"https:\\\/\\\/autofans.com.ar\\\/index.php\\\/2026\\\/01\\\/22\\\/asi-es-el-bugatti-fkp-hommage-el-tributo-al-veyron-y-a-ferdinand-piech\\\/\",\"url\":\"https:\\\/\\\/autofans.com.ar\\\/index.php\\\/2026\\\/01\\\/22\\\/asi-es-el-bugatti-fkp-hommage-el-tributo-al-veyron-y-a-ferdinand-piech\\\/\",\"name\":\"As\u00ed es el Bugatti FKP Hommage, el tributo al Veyron y a Ferdinand Pi\u00ebch -\",\"isPartOf\":{\"@id\":\"https:\\\/\\\/autofans.com.ar\\\/#website\"},\"primaryImageOfPage\":{\"@id\":\"https:\\\/\\\/autofans.com.ar\\\/index.php\\\/2026\\\/01\\\/22\\\/asi-es-el-bugatti-fkp-hommage-el-tributo-al-veyron-y-a-ferdinand-piech\\\/#primaryimage\"},\"image\":{\"@id\":\"https:\\\/\\\/autofans.com.ar\\\/index.php\\\/2026\\\/01\\\/22\\\/asi-es-el-bugatti-fkp-hommage-el-tributo-al-veyron-y-a-ferdinand-piech\\\/#primaryimage\"},\"thumbnailUrl\":\"https:\\\/\\\/autofans.com.ar\\\/wp-content\\\/uploads\\\/2026\\\/01\\\/bugati-3.jpg\",\"datePublished\":\"2026-01-22T20:53:46+00:00\",\"author\":{\"@id\":\"https:\\\/\\\/autofans.com.ar\\\/#\\\/schema\\\/person\\\/4a8dda0b6df83ac3d6723e921274c2aa\"},\"description\":\"Bugatti ya entreg\u00f3 la segunda creaci\u00f3n de su exclusivo Programme Solitaire. Se llama FKP Hommage, un homenaje rodante al legendario Veyron...\",\"breadcrumb\":{\"@id\":\"https:\\\/\\\/autofans.com.ar\\\/index.php\\\/2026\\\/01\\\/22\\\/asi-es-el-bugatti-fkp-hommage-el-tributo-al-veyron-y-a-ferdinand-piech\\\/#breadcrumb\"},\"inLanguage\":\"es\",\"potentialAction\":[{\"@type\":\"ReadAction\",\"target\":[\"https:\\\/\\\/autofans.com.ar\\\/index.php\\\/2026\\\/01\\\/22\\\/asi-es-el-bugatti-fkp-hommage-el-tributo-al-veyron-y-a-ferdinand-piech\\\/\"]}]},{\"@type\":\"ImageObject\",\"inLanguage\":\"es\",\"@id\":\"https:\\\/\\\/autofans.com.ar\\\/index.php\\\/2026\\\/01\\\/22\\\/asi-es-el-bugatti-fkp-hommage-el-tributo-al-veyron-y-a-ferdinand-piech\\\/#primaryimage\",\"url\":\"https:\\\/\\\/autofans.com.ar\\\/wp-content\\\/uploads\\\/2026\\\/01\\\/bugati-3.jpg\",\"contentUrl\":\"https:\\\/\\\/autofans.com.ar\\\/wp-content\\\/uploads\\\/2026\\\/01\\\/bugati-3.jpg\",\"width\":1000,\"height\":667,\"caption\":\"Bugatti\"},{\"@type\":\"BreadcrumbList\",\"@id\":\"https:\\\/\\\/autofans.com.ar\\\/index.php\\\/2026\\\/01\\\/22\\\/asi-es-el-bugatti-fkp-hommage-el-tributo-al-veyron-y-a-ferdinand-piech\\\/#breadcrumb\",\"itemListElement\":[{\"@type\":\"ListItem\",\"position\":1,\"name\":\"Inicio\",\"item\":\"https:\\\/\\\/autofans.com.ar\\\/\"},{\"@type\":\"ListItem\",\"position\":2,\"name\":\"As\u00ed es el Bugatti FKP Hommage, el tributo al Veyron y a Ferdinand Pi\u00ebch\"}]},{\"@type\":\"WebSite\",\"@id\":\"https:\\\/\\\/autofans.com.ar\\\/#website\",\"url\":\"https:\\\/\\\/autofans.com.ar\\\/\",\"name\":\"\",\"description\":\"El multimedio referente de la industria automotriz\",\"potentialAction\":[{\"@type\":\"SearchAction\",\"target\":{\"@type\":\"EntryPoint\",\"urlTemplate\":\"https:\\\/\\\/autofans.com.ar\\\/?s={search_term_string}\"},\"query-input\":{\"@type\":\"PropertyValueSpecification\",\"valueRequired\":true,\"valueName\":\"search_term_string\"}}],\"inLanguage\":\"es\"},{\"@type\":\"Person\",\"@id\":\"https:\\\/\\\/autofans.com.ar\\\/#\\\/schema\\\/person\\\/4a8dda0b6df83ac3d6723e921274c2aa\",\"name\":\"Alejandro Gabriel Rosito\",\"image\":{\"@type\":\"ImageObject\",\"inLanguage\":\"es\",\"@id\":\"https:\\\/\\\/secure.gravatar.com\\\/avatar\\\/16c5dda1489adfc62618084dcbb91cffd879c374b13fe5dd8e44ed6733852c88?s=96&d=mm&r=g\",\"url\":\"https:\\\/\\\/secure.gravatar.com\\\/avatar\\\/16c5dda1489adfc62618084dcbb91cffd879c374b13fe5dd8e44ed6733852c88?s=96&d=mm&r=g\",\"contentUrl\":\"https:\\\/\\\/secure.gravatar.com\\\/avatar\\\/16c5dda1489adfc62618084dcbb91cffd879c374b13fe5dd8e44ed6733852c88?s=96&d=mm&r=g\",\"caption\":\"Alejandro Gabriel Rosito\"},\"url\":\"https:\\\/\\\/autofans.com.ar\\\/index.php\\\/author\\\/gabrielr\\\/\"}]}<\/script>\n<!-- \/ Yoast SEO plugin. -->","yoast_head_json":{"title":"As\u00ed es el Bugatti FKP Hommage, el tributo al Veyron y a Ferdinand Pi\u00ebch -","description":"Bugatti ya entreg\u00f3 la segunda creaci\u00f3n de su exclusivo Programme Solitaire. Se llama FKP Hommage, un homenaje rodante al legendario Veyron...","robots":{"index":"index","follow":"follow","max-snippet":"max-snippet:-1","max-image-preview":"max-image-preview:large","max-video-preview":"max-video-preview:-1"},"canonical":"https:\/\/autofans.com.ar\/index.php\/2026\/01\/22\/asi-es-el-bugatti-fkp-hommage-el-tributo-al-veyron-y-a-ferdinand-piech\/","og_locale":"es_ES","og_type":"article","og_title":"As\u00ed es el Bugatti FKP Hommage, el tributo al Veyron y a Ferdinand Pi\u00ebch -","og_description":"Bugatti ya entreg\u00f3 la segunda creaci\u00f3n de su exclusivo Programme Solitaire. Se llama FKP Hommage, un homenaje rodante al legendario Veyron...","og_url":"https:\/\/autofans.com.ar\/index.php\/2026\/01\/22\/asi-es-el-bugatti-fkp-hommage-el-tributo-al-veyron-y-a-ferdinand-piech\/","article_published_time":"2026-01-22T20:53:46+00:00","og_image":[{"width":1000,"height":667,"url":"https:\/\/autofans.com.ar\/wp-content\/uploads\/2026\/01\/bugati-3.jpg","type":"image\/jpeg"}],"author":"Alejandro Gabriel Rosito","twitter_card":"summary_large_image","twitter_misc":{"Escrito por":"Alejandro Gabriel Rosito","Tiempo de lectura":"2 minutos"},"schema":{"@context":"https:\/\/schema.org","@graph":[{"@type":"Article","@id":"https:\/\/autofans.com.ar\/index.php\/2026\/01\/22\/asi-es-el-bugatti-fkp-hommage-el-tributo-al-veyron-y-a-ferdinand-piech\/#article","isPartOf":{"@id":"https:\/\/autofans.com.ar\/index.php\/2026\/01\/22\/asi-es-el-bugatti-fkp-hommage-el-tributo-al-veyron-y-a-ferdinand-piech\/"},"author":{"name":"Alejandro Gabriel Rosito","@id":"https:\/\/autofans.com.ar\/#\/schema\/person\/4a8dda0b6df83ac3d6723e921274c2aa"},"headline":"As\u00ed es el Bugatti FKP Hommage, el tributo al Veyron y a Ferdinand Pi\u00ebch","datePublished":"2026-01-22T20:53:46+00:00","mainEntityOfPage":{"@id":"https:\/\/autofans.com.ar\/index.php\/2026\/01\/22\/asi-es-el-bugatti-fkp-hommage-el-tributo-al-veyron-y-a-ferdinand-piech\/"},"wordCount":375,"image":{"@id":"https:\/\/autofans.com.ar\/index.php\/2026\/01\/22\/asi-es-el-bugatti-fkp-hommage-el-tributo-al-veyron-y-a-ferdinand-piech\/#primaryimage"},"thumbnailUrl":"https:\/\/autofans.com.ar\/wp-content\/uploads\/2026\/01\/bugati-3.jpg","keywords":["1600 CV","auto exclusivo","Bugatti Argentina","Bugatti FKP Hommage","Bugatti Veyron","Ferdinand Karl Pi\u00ebch","hiperdeportivo one-off","motor W16","Programa Solitaire"],"articleSection":["AUTOS y SUV","NOTICIAS"],"inLanguage":"es"},{"@type":"WebPage","@id":"https:\/\/autofans.com.ar\/index.php\/2026\/01\/22\/asi-es-el-bugatti-fkp-hommage-el-tributo-al-veyron-y-a-ferdinand-piech\/","url":"https:\/\/autofans.com.ar\/index.php\/2026\/01\/22\/asi-es-el-bugatti-fkp-hommage-el-tributo-al-veyron-y-a-ferdinand-piech\/","name":"As\u00ed es el Bugatti FKP Hommage, el tributo al Veyron y a Ferdinand Pi\u00ebch -","isPartOf":{"@id":"https:\/\/autofans.com.ar\/#website"},"primaryImageOfPage":{"@id":"https:\/\/autofans.com.ar\/index.php\/2026\/01\/22\/asi-es-el-bugatti-fkp-hommage-el-tributo-al-veyron-y-a-ferdinand-piech\/#primaryimage"},"image":{"@id":"https:\/\/autofans.com.ar\/index.php\/2026\/01\/22\/asi-es-el-bugatti-fkp-hommage-el-tributo-al-veyron-y-a-ferdinand-piech\/#primaryimage"},"thumbnailUrl":"https:\/\/autofans.com.ar\/wp-content\/uploads\/2026\/01\/bugati-3.jpg","datePublished":"2026-01-22T20:53:46+00:00","author":{"@id":"https:\/\/autofans.com.ar\/#\/schema\/person\/4a8dda0b6df83ac3d6723e921274c2aa"},"description":"Bugatti ya entreg\u00f3 la segunda creaci\u00f3n de su exclusivo Programme Solitaire. Se llama FKP Hommage, un homenaje rodante al legendario Veyron...","breadcrumb":{"@id":"https:\/\/autofans.com.ar\/index.php\/2026\/01\/22\/asi-es-el-bugatti-fkp-hommage-el-tributo-al-veyron-y-a-ferdinand-piech\/#breadcrumb"},"inLanguage":"es","potentialAction":[{"@type":"ReadAction","target":["https:\/\/autofans.com.ar\/index.php\/2026\/01\/22\/asi-es-el-bugatti-fkp-hommage-el-tributo-al-veyron-y-a-ferdinand-piech\/"]}]},{"@type":"ImageObject","inLanguage":"es","@id":"https:\/\/autofans.com.ar\/index.php\/2026\/01\/22\/asi-es-el-bugatti-fkp-hommage-el-tributo-al-veyron-y-a-ferdinand-piech\/#primaryimage","url":"https:\/\/autofans.com.ar\/wp-content\/uploads\/2026\/01\/bugati-3.jpg","contentUrl":"https:\/\/autofans.com.ar\/wp-content\/uploads\/2026\/01\/bugati-3.jpg","width":1000,"height":667,"caption":"Bugatti"},{"@type":"BreadcrumbList","@id":"https:\/\/autofans.com.ar\/index.php\/2026\/01\/22\/asi-es-el-bugatti-fkp-hommage-el-tributo-al-veyron-y-a-ferdinand-piech\/#breadcrumb","itemListElement":[{"@type":"ListItem","position":1,"name":"Inicio","item":"https:\/\/autofans.com.ar\/"},{"@type":"ListItem","position":2,"name":"As\u00ed es el Bugatti FKP Hommage, el tributo al Veyron y a Ferdinand Pi\u00ebch"}]},{"@type":"WebSite","@id":"https:\/\/autofans.com.ar\/#website","url":"https:\/\/autofans.com.ar\/","name":"","description":"El multimedio referente de la industria automotriz","potentialAction":[{"@type":"SearchAction","target":{"@type":"EntryPoint","urlTemplate":"https:\/\/autofans.com.ar\/?s={search_term_string}"},"query-input":{"@type":"PropertyValueSpecification","valueRequired":true,"valueName":"search_term_string"}}],"inLanguage":"es"},{"@type":"Person","@id":"https:\/\/autofans.com.ar\/#\/schema\/person\/4a8dda0b6df83ac3d6723e921274c2aa","name":"Alejandro Gabriel Rosito","image":{"@type":"ImageObject","inLanguage":"es","@id":"https:\/\/secure.gravatar.com\/avatar\/16c5dda1489adfc62618084dcbb91cffd879c374b13fe5dd8e44ed6733852c88?s=96&d=mm&r=g","url":"https:\/\/secure.gravatar.com\/avatar\/16c5dda1489adfc62618084dcbb91cffd879c374b13fe5dd8e44ed6733852c88?s=96&d=mm&r=g","contentUrl":"https:\/\/secure.gravatar.com\/avatar\/16c5dda1489adfc62618084dcbb91cffd879c374b13fe5dd8e44ed6733852c88?s=96&d=mm&r=g","caption":"Alejandro Gabriel Rosito"},"url":"https:\/\/autofans.com.ar\/index.php\/author\/gabrielr\/"}]}},"featured_image_urls":{"full":["https:\/\/autofans.com.ar\/wp-content\/uploads\/2026\/01\/bugati-3.jpg",1000,667,false],"thumbnail":["https:\/\/autofans.com.ar\/wp-content\/uploads\/2026\/01\/bugati-3-150x150.jpg",150,150,true],"medium":["https:\/\/autofans.com.ar\/wp-content\/uploads\/2026\/01\/bugati-3-300x200.jpg",300,200,true],"medium_large":["https:\/\/autofans.com.ar\/wp-content\/uploads\/2026\/01\/bugati-3-768x512.jpg",640,427,true],"large":["https:\/\/autofans.com.ar\/wp-content\/uploads\/2026\/01\/bugati-3.jpg",640,427,false],"1536x1536":["https:\/\/autofans.com.ar\/wp-content\/uploads\/2026\/01\/bugati-3.jpg",1000,667,false],"2048x2048":["https:\/\/autofans.com.ar\/wp-content\/uploads\/2026\/01\/bugati-3.jpg",1000,667,false],"covernews-featured":["https:\/\/autofans.com.ar\/wp-content\/uploads\/2026\/01\/bugati-3.jpg",1000,667,false],"covernews-medium":["https:\/\/autofans.com.ar\/wp-content\/uploads\/2026\/01\/bugati-3-540x340.jpg",540,340,true]},"author_info":{"display_name":"Alejandro Gabriel Rosito","author_link":"https:\/\/autofans.com.ar\/index.php\/author\/gabrielr\/"},"category_info":"<a href=\"https:\/\/autofans.com.ar\/index.php\/category\/noticias\/autos\/\" rel=\"category tag\">AUTOS y SUV<\/a> <a href=\"https:\/\/autofans.com.ar\/index.php\/category\/noticias\/\" rel=\"category tag\">NOTICIAS<\/a>","tag_info":"NOTICIAS","comment_count":0,"_links":{"self":[{"href":"https:\/\/autofans.com.ar\/index.php\/wp-json\/wp\/v2\/posts\/15786","targetHints":{"allow":["GET"]}}],"collection":[{"href":"https:\/\/autofans.com.ar\/index.php\/wp-json\/wp\/v2\/posts"}],"about":[{"href":"https:\/\/autofans.com.ar\/index.php\/wp-json\/wp\/v2\/types\/post"}],"author":[{"embeddable":true,"href":"https:\/\/autofans.com.ar\/index.php\/wp-json\/wp\/v2\/users\/2"}],"replies":[{"embeddable":true,"href":"https:\/\/autofans.com.ar\/index.php\/wp-json\/wp\/v2\/comments?post=15786"}],"version-history":[{"count":5,"href":"https:\/\/autofans.com.ar\/index.php\/wp-json\/wp\/v2\/posts\/15786\/revisions"}],"predecessor-version":[{"id":15798,"href":"https:\/\/autofans.com.ar\/index.php\/wp-json\/wp\/v2\/posts\/15786\/revisions\/15798"}],"wp:featuredmedia":[{"embeddable":true,"href":"https:\/\/autofans.com.ar\/index.php\/wp-json\/wp\/v2\/media\/15791"}],"wp:attachment":[{"href":"https:\/\/autofans.com.ar\/index.php\/wp-json\/wp\/v2\/media?parent=15786"}],"wp:term":[{"taxonomy":"category","embeddable":true,"href":"https:\/\/autofans.com.ar\/index.php\/wp-json\/wp\/v2\/categories?post=15786"},{"taxonomy":"post_tag","embeddable":true,"href":"https:\/\/autofans.com.ar\/index.php\/wp-json\/wp\/v2\/tags?post=15786"}],"curies":[{"name":"wp","href":"https:\/\/api.w.org\/{rel}","templated":true}]}}