{"id":15836,"date":"2026-01-26T16:56:44","date_gmt":"2026-01-26T19:56:44","guid":{"rendered":"https:\/\/autofans.com.ar\/?p=15836"},"modified":"2026-01-26T16:56:44","modified_gmt":"2026-01-26T19:56:44","slug":"honda-wr-v-el-nuevo-suv-compacto-que-llega-a-argentina","status":"publish","type":"post","link":"https:\/\/autofans.com.ar\/index.php\/2026\/01\/26\/honda-wr-v-el-nuevo-suv-compacto-que-llega-a-argentina\/","title":{"rendered":"Honda WR-V, el nuevo SUV compacto que llega a Argentina"},"content":{"rendered":"<p class=\"ds-markdown-paragraph\">Honda confirm\u00f3 la llegada oficial de la WR-V a la Argentina. Este SUV compacto, fabricado en Brasil, se posiciona como el veh\u00edculo de ingreso a la marca y ampl\u00eda su familia de utilitarios en el pa\u00eds.<\/p>\n<p>&nbsp;<\/p>\n<h2 class=\"ds-markdown-paragraph\">Motorizaci\u00f3n y performance<\/h2>\n<p class=\"ds-markdown-paragraph\">El modelo cuenta con un motor naftero 1.5 litros i-VTEC de 16 v\u00e1lvulas. Desarrolla 121 caballos de fuerza y un torque de 14.8 kgm. Viene asociado a una transmisi\u00f3n autom\u00e1tica CVT con levas detr\u00e1s del volante (paddle shift), enfocada en el manejo urbano.<\/p>\n<p>&nbsp;<\/p>\n<p><img fetchpriority=\"high\" decoding=\"async\" class=\"aligncenter wp-image-15839 size-full\" src=\"https:\/\/autofans.com.ar\/wp-content\/uploads\/2026\/01\/honda-3.jpg\" alt=\"Honda WR-V\" width=\"1000\" height=\"667\" srcset=\"https:\/\/autofans.com.ar\/wp-content\/uploads\/2026\/01\/honda-3.jpg 1000w, https:\/\/autofans.com.ar\/wp-content\/uploads\/2026\/01\/honda-3-300x200.jpg 300w, https:\/\/autofans.com.ar\/wp-content\/uploads\/2026\/01\/honda-3-768x512.jpg 768w\" sizes=\"(max-width: 1000px) 100vw, 1000px\" \/><\/p>\n<p>&nbsp;<\/p>\n<p class=\"ds-markdown-paragraph\">Durante la etapa de preventa, su valor fue de $39.990.000. Honda ofrece una cobertura de 5 a\u00f1os o 150.000 kil\u00f3metros (lo que suceda primero) para este lanzamiento.<\/p>\n<p>&nbsp;<\/p>\n<h2 class=\"ds-markdown-paragraph\">Equipamiento de seguridad, un punto fuerte<\/h2>\n<p>&nbsp;<\/p>\n<div id='gallery-1' class='gallery galleryid-15836 gallery-columns-2 gallery-size-full'><figure class='gallery-item'>\n\t\t\t<div class='gallery-icon landscape'>\n\t\t\t\t<a href='https:\/\/autofans.com.ar\/index.php\/2026\/01\/26\/honda-wr-v-el-nuevo-suv-compacto-que-llega-a-argentina\/honda-4-16\/'><img loading=\"lazy\" width=\"1000\" height=\"667\" src=\"https:\/\/autofans.com.ar\/wp-content\/uploads\/2026\/01\/honda-4.jpg\" class=\"attachment-full size-full\" alt=\"Honda WR-V\" srcset=\"https:\/\/autofans.com.ar\/wp-content\/uploads\/2026\/01\/honda-4.jpg 1000w, https:\/\/autofans.com.ar\/wp-content\/uploads\/2026\/01\/honda-4-300x200.jpg 300w, https:\/\/autofans.com.ar\/wp-content\/uploads\/2026\/01\/honda-4-768x512.jpg 768w\" sizes=\"auto, (max-width: 1000px) 100vw, 1000px\" loading=\"lazy\" decoding=\"async\" \/><\/a>\n\t\t\t<\/div><\/figure><figure class='gallery-item'>\n\t\t\t<div class='gallery-icon landscape'>\n\t\t\t\t<a href='https:\/\/autofans.com.ar\/index.php\/2026\/01\/26\/honda-wr-v-el-nuevo-suv-compacto-que-llega-a-argentina\/honda-5-9\/'><img loading=\"lazy\" width=\"1000\" height=\"667\" src=\"https:\/\/autofans.com.ar\/wp-content\/uploads\/2026\/01\/honda-5.jpg\" class=\"attachment-full size-full\" alt=\"Honda WR-V\" srcset=\"https:\/\/autofans.com.ar\/wp-content\/uploads\/2026\/01\/honda-5.jpg 1000w, https:\/\/autofans.com.ar\/wp-content\/uploads\/2026\/01\/honda-5-300x200.jpg 300w, https:\/\/autofans.com.ar\/wp-content\/uploads\/2026\/01\/honda-5-768x512.jpg 768w\" sizes=\"auto, (max-width: 1000px) 100vw, 1000px\" loading=\"lazy\" decoding=\"async\" \/><\/a>\n\t\t\t<\/div><\/figure>\n\t\t<\/div>\n\n<p>&nbsp;<\/p>\n<p class=\"ds-markdown-paragraph\">La seguridad es uno de los pilares del modelo. Incluye seis airbags, asistente de arranque en pendiente, c\u00e1mara de visi\u00f3n trasera con tres \u00e1ngulos y sensores de estacionamiento. Adem\u00e1s, incorpora el sistema Honda SENSING\u00ae con luces altas autom\u00e1ticas, control de crucero adaptativo, frenado aut\u00f3nomo de emergencia, asistente de carril y alerta de cambio involuntario de senda.<\/p>\n<p>&nbsp;<\/p>\n<h2 class=\"ds-markdown-paragraph\">Espacio interior y capacidad del ba\u00fal<\/h2>\n<p class=\"ds-markdown-paragraph\">Con medidas de 4.3 metros de largo, la WR-V ofrece una distancia entre ejes de 2.6 m. Su capacidad de carga es de 458 litros, una cifma destacada dentro del segmento de SUV compactos.<\/p>\n<p>&nbsp;<\/p>\n<p><img decoding=\"async\" class=\"aligncenter wp-image-15841 size-full\" src=\"https:\/\/autofans.com.ar\/wp-content\/uploads\/2026\/01\/honda-1.jpg\" alt=\"Honda WR-V\" width=\"1000\" height=\"667\" srcset=\"https:\/\/autofans.com.ar\/wp-content\/uploads\/2026\/01\/honda-1.jpg 1000w, https:\/\/autofans.com.ar\/wp-content\/uploads\/2026\/01\/honda-1-300x200.jpg 300w, https:\/\/autofans.com.ar\/wp-content\/uploads\/2026\/01\/honda-1-768x512.jpg 768w\" sizes=\"(max-width: 1000px) 100vw, 1000px\" \/><\/p>\n<p>&nbsp;<\/p>\n<p class=\"ds-markdown-paragraph\">En el interior se encuentra una pantalla multimedia de 10.25 pulgadas, climatizador autom\u00e1tico, cargador inal\u00e1mbrico y ventilaci\u00f3n para las plazas traseras. Las llantas son de 17 pulgadas en dise\u00f1o doble tono. Est\u00e1 disponible en cuatro colores: blanco, plateado, gris y azul, todos con interior en cuero ecol\u00f3gico negro.<\/p>\n<p class=\"ds-markdown-paragraph\">Con este estreno, la gama de utilitarios de la marca queda conformada por cuatro modelos: WR-V, HR-V, ZR-V y CR-V. La estrategia apunta a cubrir diferentes necesidades y presupuestos dentro de un mercado en crecimiento.<\/p>\n<p>&nbsp;<\/p>\n<p>&nbsp;<\/p>\n<p>&nbsp;<\/p>\n<p>&nbsp;<\/p>\n<p><i>Para enterarte de m\u00e1s novedades, no dejes de leer\u00a0<\/i><a href=\"https:\/\/autofans.thebrandsoup.com\/\"><i>nuestras notas<\/i><\/a><i>, de ver\u00a0<\/i><a href=\"https:\/\/www.youtube.com\/channel\/UCgAC8UGHZYbT6P7PpmVnP7g\"><i>AUTOFANS TV<\/i><\/a><i>\u00a0en nuestro\u00a0canal de Youtube. Adem\u00e1s seguinos en\u00a0<\/i><a href=\"https:\/\/www.instagram.com\/autofanstv\/\"><i>INSTAGRAM<\/i><\/a><i> y <\/i><a href=\"https:\/\/www.facebook.com\/autofansmas\/\"><i>FACEBOOK<\/i><\/a><i> para no perderte nada sobre las novedades del segmento automotor de Argentina y el mundo.<\/i><\/p>\n","protected":false},"excerpt":{"rendered":"<p>Honda confirm\u00f3 la llegada oficial de la WR-V a la Argentina. Este SUV compacto, fabricado&#8230;<\/p>\n","protected":false},"author":2,"featured_media":15840,"comment_status":"closed","ping_status":"closed","sticky":false,"template":"","format":"standard","meta":{"footnotes":""},"categories":[8,1],"tags":[8329,140,2834,7278,7652,8330,3380,7085],"class_list":["post-15836","post","type-post","status-publish","format-standard","has-post-thumbnail","hentry","category-autos-y-suv","category-lanzamientos","tag-etiquetas-seo-meta-keywords-honda-wr-v-argentina","tag-honda-argentina","tag-honda-sensing","tag-lanzamiento-2024","tag-motor-1-5-i-vtec","tag-precio-honda-wr-v","tag-suv-compacto","tag-suv-familiar"],"yoast_head":"<!-- This site is optimized with the Yoast SEO plugin v27.5 - https:\/\/yoast.com\/product\/yoast-seo-wordpress\/ -->\n<title>Honda WR-V, el nuevo SUV compacto que llega a Argentina -<\/title>\n<meta name=\"description\" content=\"Honda Motor de Argentina lanzo oficialmente la nueva WR-V, un SUV compacto que se convierte en el modelo de entrada de la marca en el pa\u00eds...\" \/>\n<meta name=\"robots\" content=\"index, follow, max-snippet:-1, max-image-preview:large, max-video-preview:-1\" \/>\n<link rel=\"canonical\" href=\"https:\/\/autofans.com.ar\/index.php\/2026\/01\/26\/honda-wr-v-el-nuevo-suv-compacto-que-llega-a-argentina\/\" \/>\n<meta property=\"og:locale\" content=\"es_ES\" \/>\n<meta property=\"og:type\" content=\"article\" \/>\n<meta property=\"og:title\" content=\"Honda WR-V, el nuevo SUV compacto que llega a Argentina -\" \/>\n<meta property=\"og:description\" content=\"Honda Motor de Argentina lanzo oficialmente la nueva WR-V, un SUV compacto que se convierte en el modelo de entrada de la marca en el pa\u00eds...\" \/>\n<meta property=\"og:url\" content=\"https:\/\/autofans.com.ar\/index.php\/2026\/01\/26\/honda-wr-v-el-nuevo-suv-compacto-que-llega-a-argentina\/\" \/>\n<meta property=\"article:published_time\" content=\"2026-01-26T19:56:44+00:00\" \/>\n<meta property=\"og:image\" content=\"https:\/\/autofans.com.ar\/wp-content\/uploads\/2026\/01\/honda-2.jpg\" \/>\n\t<meta property=\"og:image:width\" content=\"1000\" \/>\n\t<meta property=\"og:image:height\" content=\"667\" \/>\n\t<meta property=\"og:image:type\" content=\"image\/jpeg\" \/>\n<meta name=\"author\" content=\"Alejandro Gabriel Rosito\" \/>\n<meta name=\"twitter:card\" content=\"summary_large_image\" \/>\n<meta name=\"twitter:label1\" content=\"Escrito por\" \/>\n\t<meta name=\"twitter:data1\" content=\"Alejandro Gabriel Rosito\" \/>\n\t<meta name=\"twitter:label2\" content=\"Tiempo de lectura\" \/>\n\t<meta name=\"twitter:data2\" content=\"3 minutos\" \/>\n<script type=\"application\/ld+json\" class=\"yoast-schema-graph\">{\"@context\":\"https:\\\/\\\/schema.org\",\"@graph\":[{\"@type\":\"Article\",\"@id\":\"https:\\\/\\\/autofans.com.ar\\\/index.php\\\/2026\\\/01\\\/26\\\/honda-wr-v-el-nuevo-suv-compacto-que-llega-a-argentina\\\/#article\",\"isPartOf\":{\"@id\":\"https:\\\/\\\/autofans.com.ar\\\/index.php\\\/2026\\\/01\\\/26\\\/honda-wr-v-el-nuevo-suv-compacto-que-llega-a-argentina\\\/\"},\"author\":{\"name\":\"Alejandro Gabriel Rosito\",\"@id\":\"https:\\\/\\\/autofans.com.ar\\\/#\\\/schema\\\/person\\\/4a8dda0b6df83ac3d6723e921274c2aa\"},\"headline\":\"Honda WR-V, el nuevo SUV compacto que llega a Argentina\",\"datePublished\":\"2026-01-26T19:56:44+00:00\",\"mainEntityOfPage\":{\"@id\":\"https:\\\/\\\/autofans.com.ar\\\/index.php\\\/2026\\\/01\\\/26\\\/honda-wr-v-el-nuevo-suv-compacto-que-llega-a-argentina\\\/\"},\"wordCount\":374,\"image\":{\"@id\":\"https:\\\/\\\/autofans.com.ar\\\/index.php\\\/2026\\\/01\\\/26\\\/honda-wr-v-el-nuevo-suv-compacto-que-llega-a-argentina\\\/#primaryimage\"},\"thumbnailUrl\":\"https:\\\/\\\/autofans.com.ar\\\/wp-content\\\/uploads\\\/2026\\\/01\\\/honda-2.jpg\",\"keywords\":[\"Etiquetas SEO (meta keywords): Honda WR-V Argentina\",\"Honda Argentina\",\"Honda Sensing\",\"lanzamiento 2024\",\"motor 1.5 i-VTEC\",\"precio Honda WR-V\",\"SUV compacto\",\"SUV familiar\"],\"articleSection\":[\"Autos y SUV\",\"LANZAMIENTOS\"],\"inLanguage\":\"es\"},{\"@type\":\"WebPage\",\"@id\":\"https:\\\/\\\/autofans.com.ar\\\/index.php\\\/2026\\\/01\\\/26\\\/honda-wr-v-el-nuevo-suv-compacto-que-llega-a-argentina\\\/\",\"url\":\"https:\\\/\\\/autofans.com.ar\\\/index.php\\\/2026\\\/01\\\/26\\\/honda-wr-v-el-nuevo-suv-compacto-que-llega-a-argentina\\\/\",\"name\":\"Honda WR-V, el nuevo SUV compacto que llega a Argentina -\",\"isPartOf\":{\"@id\":\"https:\\\/\\\/autofans.com.ar\\\/#website\"},\"primaryImageOfPage\":{\"@id\":\"https:\\\/\\\/autofans.com.ar\\\/index.php\\\/2026\\\/01\\\/26\\\/honda-wr-v-el-nuevo-suv-compacto-que-llega-a-argentina\\\/#primaryimage\"},\"image\":{\"@id\":\"https:\\\/\\\/autofans.com.ar\\\/index.php\\\/2026\\\/01\\\/26\\\/honda-wr-v-el-nuevo-suv-compacto-que-llega-a-argentina\\\/#primaryimage\"},\"thumbnailUrl\":\"https:\\\/\\\/autofans.com.ar\\\/wp-content\\\/uploads\\\/2026\\\/01\\\/honda-2.jpg\",\"datePublished\":\"2026-01-26T19:56:44+00:00\",\"author\":{\"@id\":\"https:\\\/\\\/autofans.com.ar\\\/#\\\/schema\\\/person\\\/4a8dda0b6df83ac3d6723e921274c2aa\"},\"description\":\"Honda Motor de Argentina lanzo oficialmente la nueva WR-V, un SUV compacto que se convierte en el modelo de entrada de la marca en el pa\u00eds...\",\"breadcrumb\":{\"@id\":\"https:\\\/\\\/autofans.com.ar\\\/index.php\\\/2026\\\/01\\\/26\\\/honda-wr-v-el-nuevo-suv-compacto-que-llega-a-argentina\\\/#breadcrumb\"},\"inLanguage\":\"es\",\"potentialAction\":[{\"@type\":\"ReadAction\",\"target\":[\"https:\\\/\\\/autofans.com.ar\\\/index.php\\\/2026\\\/01\\\/26\\\/honda-wr-v-el-nuevo-suv-compacto-que-llega-a-argentina\\\/\"]}]},{\"@type\":\"ImageObject\",\"inLanguage\":\"es\",\"@id\":\"https:\\\/\\\/autofans.com.ar\\\/index.php\\\/2026\\\/01\\\/26\\\/honda-wr-v-el-nuevo-suv-compacto-que-llega-a-argentina\\\/#primaryimage\",\"url\":\"https:\\\/\\\/autofans.com.ar\\\/wp-content\\\/uploads\\\/2026\\\/01\\\/honda-2.jpg\",\"contentUrl\":\"https:\\\/\\\/autofans.com.ar\\\/wp-content\\\/uploads\\\/2026\\\/01\\\/honda-2.jpg\",\"width\":1000,\"height\":667,\"caption\":\"Honda WR-V\"},{\"@type\":\"BreadcrumbList\",\"@id\":\"https:\\\/\\\/autofans.com.ar\\\/index.php\\\/2026\\\/01\\\/26\\\/honda-wr-v-el-nuevo-suv-compacto-que-llega-a-argentina\\\/#breadcrumb\",\"itemListElement\":[{\"@type\":\"ListItem\",\"position\":1,\"name\":\"Inicio\",\"item\":\"https:\\\/\\\/autofans.com.ar\\\/\"},{\"@type\":\"ListItem\",\"position\":2,\"name\":\"Honda WR-V, el nuevo SUV compacto que llega a Argentina\"}]},{\"@type\":\"WebSite\",\"@id\":\"https:\\\/\\\/autofans.com.ar\\\/#website\",\"url\":\"https:\\\/\\\/autofans.com.ar\\\/\",\"name\":\"\",\"description\":\"El multimedio referente de la industria automotriz\",\"potentialAction\":[{\"@type\":\"SearchAction\",\"target\":{\"@type\":\"EntryPoint\",\"urlTemplate\":\"https:\\\/\\\/autofans.com.ar\\\/?s={search_term_string}\"},\"query-input\":{\"@type\":\"PropertyValueSpecification\",\"valueRequired\":true,\"valueName\":\"search_term_string\"}}],\"inLanguage\":\"es\"},{\"@type\":\"Person\",\"@id\":\"https:\\\/\\\/autofans.com.ar\\\/#\\\/schema\\\/person\\\/4a8dda0b6df83ac3d6723e921274c2aa\",\"name\":\"Alejandro Gabriel Rosito\",\"image\":{\"@type\":\"ImageObject\",\"inLanguage\":\"es\",\"@id\":\"https:\\\/\\\/secure.gravatar.com\\\/avatar\\\/16c5dda1489adfc62618084dcbb91cffd879c374b13fe5dd8e44ed6733852c88?s=96&d=mm&r=g\",\"url\":\"https:\\\/\\\/secure.gravatar.com\\\/avatar\\\/16c5dda1489adfc62618084dcbb91cffd879c374b13fe5dd8e44ed6733852c88?s=96&d=mm&r=g\",\"contentUrl\":\"https:\\\/\\\/secure.gravatar.com\\\/avatar\\\/16c5dda1489adfc62618084dcbb91cffd879c374b13fe5dd8e44ed6733852c88?s=96&d=mm&r=g\",\"caption\":\"Alejandro Gabriel Rosito\"},\"url\":\"https:\\\/\\\/autofans.com.ar\\\/index.php\\\/author\\\/gabrielr\\\/\"}]}<\/script>\n<!-- \/ Yoast SEO plugin. -->","yoast_head_json":{"title":"Honda WR-V, el nuevo SUV compacto que llega a Argentina -","description":"Honda Motor de Argentina lanzo oficialmente la nueva WR-V, un SUV compacto que se convierte en el modelo de entrada de la marca en el pa\u00eds...","robots":{"index":"index","follow":"follow","max-snippet":"max-snippet:-1","max-image-preview":"max-image-preview:large","max-video-preview":"max-video-preview:-1"},"canonical":"https:\/\/autofans.com.ar\/index.php\/2026\/01\/26\/honda-wr-v-el-nuevo-suv-compacto-que-llega-a-argentina\/","og_locale":"es_ES","og_type":"article","og_title":"Honda WR-V, el nuevo SUV compacto que llega a Argentina -","og_description":"Honda Motor de Argentina lanzo oficialmente la nueva WR-V, un SUV compacto que se convierte en el modelo de entrada de la marca en el pa\u00eds...","og_url":"https:\/\/autofans.com.ar\/index.php\/2026\/01\/26\/honda-wr-v-el-nuevo-suv-compacto-que-llega-a-argentina\/","article_published_time":"2026-01-26T19:56:44+00:00","og_image":[{"width":1000,"height":667,"url":"https:\/\/autofans.com.ar\/wp-content\/uploads\/2026\/01\/honda-2.jpg","type":"image\/jpeg"}],"author":"Alejandro Gabriel Rosito","twitter_card":"summary_large_image","twitter_misc":{"Escrito por":"Alejandro Gabriel Rosito","Tiempo de lectura":"3 minutos"},"schema":{"@context":"https:\/\/schema.org","@graph":[{"@type":"Article","@id":"https:\/\/autofans.com.ar\/index.php\/2026\/01\/26\/honda-wr-v-el-nuevo-suv-compacto-que-llega-a-argentina\/#article","isPartOf":{"@id":"https:\/\/autofans.com.ar\/index.php\/2026\/01\/26\/honda-wr-v-el-nuevo-suv-compacto-que-llega-a-argentina\/"},"author":{"name":"Alejandro Gabriel Rosito","@id":"https:\/\/autofans.com.ar\/#\/schema\/person\/4a8dda0b6df83ac3d6723e921274c2aa"},"headline":"Honda WR-V, el nuevo SUV compacto que llega a Argentina","datePublished":"2026-01-26T19:56:44+00:00","mainEntityOfPage":{"@id":"https:\/\/autofans.com.ar\/index.php\/2026\/01\/26\/honda-wr-v-el-nuevo-suv-compacto-que-llega-a-argentina\/"},"wordCount":374,"image":{"@id":"https:\/\/autofans.com.ar\/index.php\/2026\/01\/26\/honda-wr-v-el-nuevo-suv-compacto-que-llega-a-argentina\/#primaryimage"},"thumbnailUrl":"https:\/\/autofans.com.ar\/wp-content\/uploads\/2026\/01\/honda-2.jpg","keywords":["Etiquetas SEO (meta keywords): Honda WR-V Argentina","Honda Argentina","Honda Sensing","lanzamiento 2024","motor 1.5 i-VTEC","precio Honda WR-V","SUV compacto","SUV familiar"],"articleSection":["Autos y SUV","LANZAMIENTOS"],"inLanguage":"es"},{"@type":"WebPage","@id":"https:\/\/autofans.com.ar\/index.php\/2026\/01\/26\/honda-wr-v-el-nuevo-suv-compacto-que-llega-a-argentina\/","url":"https:\/\/autofans.com.ar\/index.php\/2026\/01\/26\/honda-wr-v-el-nuevo-suv-compacto-que-llega-a-argentina\/","name":"Honda WR-V, el nuevo SUV compacto que llega a Argentina -","isPartOf":{"@id":"https:\/\/autofans.com.ar\/#website"},"primaryImageOfPage":{"@id":"https:\/\/autofans.com.ar\/index.php\/2026\/01\/26\/honda-wr-v-el-nuevo-suv-compacto-que-llega-a-argentina\/#primaryimage"},"image":{"@id":"https:\/\/autofans.com.ar\/index.php\/2026\/01\/26\/honda-wr-v-el-nuevo-suv-compacto-que-llega-a-argentina\/#primaryimage"},"thumbnailUrl":"https:\/\/autofans.com.ar\/wp-content\/uploads\/2026\/01\/honda-2.jpg","datePublished":"2026-01-26T19:56:44+00:00","author":{"@id":"https:\/\/autofans.com.ar\/#\/schema\/person\/4a8dda0b6df83ac3d6723e921274c2aa"},"description":"Honda Motor de Argentina lanzo oficialmente la nueva WR-V, un SUV compacto que se convierte en el modelo de entrada de la marca en el pa\u00eds...","breadcrumb":{"@id":"https:\/\/autofans.com.ar\/index.php\/2026\/01\/26\/honda-wr-v-el-nuevo-suv-compacto-que-llega-a-argentina\/#breadcrumb"},"inLanguage":"es","potentialAction":[{"@type":"ReadAction","target":["https:\/\/autofans.com.ar\/index.php\/2026\/01\/26\/honda-wr-v-el-nuevo-suv-compacto-que-llega-a-argentina\/"]}]},{"@type":"ImageObject","inLanguage":"es","@id":"https:\/\/autofans.com.ar\/index.php\/2026\/01\/26\/honda-wr-v-el-nuevo-suv-compacto-que-llega-a-argentina\/#primaryimage","url":"https:\/\/autofans.com.ar\/wp-content\/uploads\/2026\/01\/honda-2.jpg","contentUrl":"https:\/\/autofans.com.ar\/wp-content\/uploads\/2026\/01\/honda-2.jpg","width":1000,"height":667,"caption":"Honda WR-V"},{"@type":"BreadcrumbList","@id":"https:\/\/autofans.com.ar\/index.php\/2026\/01\/26\/honda-wr-v-el-nuevo-suv-compacto-que-llega-a-argentina\/#breadcrumb","itemListElement":[{"@type":"ListItem","position":1,"name":"Inicio","item":"https:\/\/autofans.com.ar\/"},{"@type":"ListItem","position":2,"name":"Honda WR-V, el nuevo SUV compacto que llega a Argentina"}]},{"@type":"WebSite","@id":"https:\/\/autofans.com.ar\/#website","url":"https:\/\/autofans.com.ar\/","name":"","description":"El multimedio referente de la industria automotriz","potentialAction":[{"@type":"SearchAction","target":{"@type":"EntryPoint","urlTemplate":"https:\/\/autofans.com.ar\/?s={search_term_string}"},"query-input":{"@type":"PropertyValueSpecification","valueRequired":true,"valueName":"search_term_string"}}],"inLanguage":"es"},{"@type":"Person","@id":"https:\/\/autofans.com.ar\/#\/schema\/person\/4a8dda0b6df83ac3d6723e921274c2aa","name":"Alejandro Gabriel Rosito","image":{"@type":"ImageObject","inLanguage":"es","@id":"https:\/\/secure.gravatar.com\/avatar\/16c5dda1489adfc62618084dcbb91cffd879c374b13fe5dd8e44ed6733852c88?s=96&d=mm&r=g","url":"https:\/\/secure.gravatar.com\/avatar\/16c5dda1489adfc62618084dcbb91cffd879c374b13fe5dd8e44ed6733852c88?s=96&d=mm&r=g","contentUrl":"https:\/\/secure.gravatar.com\/avatar\/16c5dda1489adfc62618084dcbb91cffd879c374b13fe5dd8e44ed6733852c88?s=96&d=mm&r=g","caption":"Alejandro Gabriel Rosito"},"url":"https:\/\/autofans.com.ar\/index.php\/author\/gabrielr\/"}]}},"featured_image_urls":{"full":["https:\/\/autofans.com.ar\/wp-content\/uploads\/2026\/01\/honda-2.jpg",1000,667,false],"thumbnail":["https:\/\/autofans.com.ar\/wp-content\/uploads\/2026\/01\/honda-2-150x150.jpg",150,150,true],"medium":["https:\/\/autofans.com.ar\/wp-content\/uploads\/2026\/01\/honda-2-300x200.jpg",300,200,true],"medium_large":["https:\/\/autofans.com.ar\/wp-content\/uploads\/2026\/01\/honda-2-768x512.jpg",640,427,true],"large":["https:\/\/autofans.com.ar\/wp-content\/uploads\/2026\/01\/honda-2.jpg",640,427,false],"1536x1536":["https:\/\/autofans.com.ar\/wp-content\/uploads\/2026\/01\/honda-2.jpg",1000,667,false],"2048x2048":["https:\/\/autofans.com.ar\/wp-content\/uploads\/2026\/01\/honda-2.jpg",1000,667,false],"covernews-featured":["https:\/\/autofans.com.ar\/wp-content\/uploads\/2026\/01\/honda-2.jpg",1000,667,false],"covernews-medium":["https:\/\/autofans.com.ar\/wp-content\/uploads\/2026\/01\/honda-2-540x340.jpg",540,340,true]},"author_info":{"display_name":"Alejandro Gabriel Rosito","author_link":"https:\/\/autofans.com.ar\/index.php\/author\/gabrielr\/"},"category_info":"<a href=\"https:\/\/autofans.com.ar\/index.php\/category\/lanzamientos\/autos-y-suv\/\" rel=\"category tag\">Autos y SUV<\/a> <a href=\"https:\/\/autofans.com.ar\/index.php\/category\/lanzamientos\/\" rel=\"category tag\">LANZAMIENTOS<\/a>","tag_info":"LANZAMIENTOS","comment_count":0,"_links":{"self":[{"href":"https:\/\/autofans.com.ar\/index.php\/wp-json\/wp\/v2\/posts\/15836","targetHints":{"allow":["GET"]}}],"collection":[{"href":"https:\/\/autofans.com.ar\/index.php\/wp-json\/wp\/v2\/posts"}],"about":[{"href":"https:\/\/autofans.com.ar\/index.php\/wp-json\/wp\/v2\/types\/post"}],"author":[{"embeddable":true,"href":"https:\/\/autofans.com.ar\/index.php\/wp-json\/wp\/v2\/users\/2"}],"replies":[{"embeddable":true,"href":"https:\/\/autofans.com.ar\/index.php\/wp-json\/wp\/v2\/comments?post=15836"}],"version-history":[{"count":2,"href":"https:\/\/autofans.com.ar\/index.php\/wp-json\/wp\/v2\/posts\/15836\/revisions"}],"predecessor-version":[{"id":15843,"href":"https:\/\/autofans.com.ar\/index.php\/wp-json\/wp\/v2\/posts\/15836\/revisions\/15843"}],"wp:featuredmedia":[{"embeddable":true,"href":"https:\/\/autofans.com.ar\/index.php\/wp-json\/wp\/v2\/media\/15840"}],"wp:attachment":[{"href":"https:\/\/autofans.com.ar\/index.php\/wp-json\/wp\/v2\/media?parent=15836"}],"wp:term":[{"taxonomy":"category","embeddable":true,"href":"https:\/\/autofans.com.ar\/index.php\/wp-json\/wp\/v2\/categories?post=15836"},{"taxonomy":"post_tag","embeddable":true,"href":"https:\/\/autofans.com.ar\/index.php\/wp-json\/wp\/v2\/tags?post=15836"}],"curies":[{"name":"wp","href":"https:\/\/api.w.org\/{rel}","templated":true}]}}