{"id":15845,"date":"2026-01-27T14:08:09","date_gmt":"2026-01-27T17:08:09","guid":{"rendered":"https:\/\/autofans.com.ar\/?p=15845"},"modified":"2026-01-27T14:08:09","modified_gmt":"2026-01-27T17:08:09","slug":"kawasaki-teryx5-h2-con-250-hp-llega-a-la-argentina","status":"publish","type":"post","link":"https:\/\/autofans.com.ar\/index.php\/2026\/01\/27\/kawasaki-teryx5-h2-con-250-hp-llega-a-la-argentina\/","title":{"rendered":"Kawasaki Teryx5 H2 con 250 HP llega a la Argentina"},"content":{"rendered":"<p class=\"ds-markdown-paragraph\">Kawasaki, de la mano de su representante oficial Grupo Corven, present\u00f3 en el pa\u00eds el Teryx5 H2. El lanzamiento oficial se realiz\u00f3 durante un evento en el Enduro del Verano Beach Club de Pinamar, que tambi\u00e9n sirvi\u00f3 para inaugurar el parador de verano de la marca.<\/p>\n<p class=\"ds-markdown-paragraph\">El modelo llega para posicionarse como el m\u00e1s potente de su segmento en el mercado local. Se integra a la l\u00ednea Teryx, reconocida a nivel global.<\/p>\n<p>&nbsp;<\/p>\n<h2 class=\"ds-markdown-paragraph\">Motor y desempe\u00f1o, coraz\u00f3n de superdeportiva<\/h2>\n<p class=\"ds-markdown-paragraph\">La clave est\u00e1 bajo el cap\u00f3: un motor sobrealimentado de 999 cm\u00b3, derivado de la plataforma Ninja H2. Desarrolla 250 hp y un par de 198,3 Nm, lo que le permite alcanzar velocidades cercanas a los 165 km\/h.<\/p>\n<p>&nbsp;<\/p>\n<div id='gallery-1' class='gallery galleryid-15845 gallery-columns-2 gallery-size-full'><figure class='gallery-item'>\n\t\t\t<div class='gallery-icon landscape'>\n\t\t\t\t<a href='https:\/\/autofans.com.ar\/index.php\/2026\/01\/27\/kawasaki-teryx5-h2-con-250-hp-llega-a-la-argentina\/kawa-1-2\/'><img loading=\"lazy\" width=\"1000\" height=\"667\" src=\"https:\/\/autofans.com.ar\/wp-content\/uploads\/2026\/01\/kawa-1.jpg\" class=\"attachment-full size-full\" alt=\"Kawasaki\" srcset=\"https:\/\/autofans.com.ar\/wp-content\/uploads\/2026\/01\/kawa-1.jpg 1000w, https:\/\/autofans.com.ar\/wp-content\/uploads\/2026\/01\/kawa-1-300x200.jpg 300w, https:\/\/autofans.com.ar\/wp-content\/uploads\/2026\/01\/kawa-1-768x512.jpg 768w\" sizes=\"auto, (max-width: 1000px) 100vw, 1000px\" loading=\"lazy\" decoding=\"async\" \/><\/a>\n\t\t\t<\/div><\/figure><figure class='gallery-item'>\n\t\t\t<div class='gallery-icon landscape'>\n\t\t\t\t<a href='https:\/\/autofans.com.ar\/index.php\/2026\/01\/27\/kawasaki-teryx5-h2-con-250-hp-llega-a-la-argentina\/kawa-2-2\/'><img loading=\"lazy\" width=\"1000\" height=\"667\" src=\"https:\/\/autofans.com.ar\/wp-content\/uploads\/2026\/01\/kawa-2.jpg\" class=\"attachment-full size-full\" alt=\"Kawasaki\" srcset=\"https:\/\/autofans.com.ar\/wp-content\/uploads\/2026\/01\/kawa-2.jpg 1000w, https:\/\/autofans.com.ar\/wp-content\/uploads\/2026\/01\/kawa-2-300x200.jpg 300w, https:\/\/autofans.com.ar\/wp-content\/uploads\/2026\/01\/kawa-2-768x512.jpg 768w\" sizes=\"auto, (max-width: 1000px) 100vw, 1000px\" loading=\"lazy\" decoding=\"async\" \/><\/a>\n\t\t\t<\/div><\/figure>\n\t\t<\/div>\n\n<p>&nbsp;<\/p>\n<p class=\"ds-markdown-paragraph\">La potencia se gestiona mediante una transmisi\u00f3n CVT robusta, dise\u00f1ada para un uso exigente. El sistema de tracci\u00f3n permite elegir entre 2WD y 4WD, con bloqueo electr\u00f3nico del diferencial delantero. Adem\u00e1s, incluye tres modos de conducci\u00f3n (Full, Mid, Low) para adaptar la entrega de fuerza al terreno.<\/p>\n<p>&nbsp;<\/p>\n<h2 class=\"ds-markdown-paragraph\">Chasis y suspensi\u00f3n, control para la potencia<\/h2>\n<p>&nbsp;<\/p>\n<p><img fetchpriority=\"high\" decoding=\"async\" class=\"aligncenter wp-image-15850 size-full\" src=\"https:\/\/autofans.com.ar\/wp-content\/uploads\/2026\/01\/kawa-4.jpg\" alt=\"Kawasaki\" width=\"1000\" height=\"667\" srcset=\"https:\/\/autofans.com.ar\/wp-content\/uploads\/2026\/01\/kawa-4.jpg 1000w, https:\/\/autofans.com.ar\/wp-content\/uploads\/2026\/01\/kawa-4-300x200.jpg 300w, https:\/\/autofans.com.ar\/wp-content\/uploads\/2026\/01\/kawa-4-768x512.jpg 768w\" sizes=\"(max-width: 1000px) 100vw, 1000px\" \/><\/p>\n<p>&nbsp;<\/p>\n<p class=\"ds-markdown-paragraph\">Para dominar tanta potencia, el Teryx5 H2 cuenta con un chasis de alta rigidez y una batalla larga. La suspensi\u00f3n de largo recorrido utiliza amortiguadores FOX con control electr\u00f3nico (KECS), que ajustan la respuesta en tiempo real seg\u00fan el terreno.<\/p>\n<p class=\"ds-markdown-paragraph\">La direcci\u00f3n es asistida el\u00e9ctricamente y variable con la velocidad. Los frenos son a disco en las cuatro ruedas, complementados por un sistema de freno motor.<\/p>\n<p>&nbsp;<\/p>\n<h2 class=\"ds-markdown-paragraph\">Confort y tecnolog\u00eda para cinco pasajeros<\/h2>\n<p class=\"ds-markdown-paragraph\">Este UTV ofrece capacidad para cinco personas. La cabina prioriza el espacio interior, con asientos delanteros tipo bucket y un banco trasero para tres ocupantes. Todos llevan cinturones de seguridad de cuatro puntos.<\/p>\n<p class=\"ds-markdown-paragraph\">En el apartado tecnol\u00f3gico, incluye un panel de instrumentos digital TFT de 7 pulgadas y un sistema Garmin TREAD de 10 pulgadas con navegaci\u00f3n off-road y audio.<\/p>\n<p>&nbsp;<\/p>\n<div id='gallery-2' class='gallery galleryid-15845 gallery-columns-2 gallery-size-full'><figure class='gallery-item'>\n\t\t\t<div class='gallery-icon landscape'>\n\t\t\t\t<a href='https:\/\/autofans.com.ar\/index.php\/2026\/01\/27\/kawasaki-teryx5-h2-con-250-hp-llega-a-la-argentina\/kawa-3-2\/'><img loading=\"lazy\" width=\"1000\" height=\"667\" src=\"https:\/\/autofans.com.ar\/wp-content\/uploads\/2026\/01\/kawa-3.jpg\" class=\"attachment-full size-full\" alt=\"Kawasaki\" srcset=\"https:\/\/autofans.com.ar\/wp-content\/uploads\/2026\/01\/kawa-3.jpg 1000w, https:\/\/autofans.com.ar\/wp-content\/uploads\/2026\/01\/kawa-3-300x200.jpg 300w, https:\/\/autofans.com.ar\/wp-content\/uploads\/2026\/01\/kawa-3-768x512.jpg 768w\" sizes=\"auto, (max-width: 1000px) 100vw, 1000px\" loading=\"lazy\" decoding=\"async\" \/><\/a>\n\t\t\t<\/div><\/figure><figure class='gallery-item'>\n\t\t\t<div class='gallery-icon landscape'>\n\t\t\t\t<a href='https:\/\/autofans.com.ar\/index.php\/2026\/01\/27\/kawasaki-teryx5-h2-con-250-hp-llega-a-la-argentina\/kawa-7\/'><img loading=\"lazy\" width=\"1000\" height=\"667\" src=\"https:\/\/autofans.com.ar\/wp-content\/uploads\/2026\/01\/kawa-7.jpg\" class=\"attachment-full size-full\" alt=\"Kawasaki\" srcset=\"https:\/\/autofans.com.ar\/wp-content\/uploads\/2026\/01\/kawa-7.jpg 1000w, https:\/\/autofans.com.ar\/wp-content\/uploads\/2026\/01\/kawa-7-300x200.jpg 300w, https:\/\/autofans.com.ar\/wp-content\/uploads\/2026\/01\/kawa-7-768x512.jpg 768w\" sizes=\"auto, (max-width: 1000px) 100vw, 1000px\" loading=\"lazy\" decoding=\"async\" \/><\/a>\n\t\t\t<\/div><\/figure>\n\t\t<\/div>\n\n<p>&nbsp;<\/p>\n<p class=\"ds-markdown-paragraph\">El dise\u00f1o mantiene la identidad robusta de la familia Teryx, con un frontal ancho y un escape doble que subrayan su car\u00e1cter deportivo. El color de lanzamiento es verde Kawasaki.<\/p>\n<p class=\"ds-markdown-paragraph\">El Teryx5 H2 ya se encuentra disponible en los concesionarios oficiales: Kawasaki Madero y Kawasaki Grupo Jack.<\/p>\n<p>&nbsp;<\/p>\n<p>&nbsp;<\/p>\n<p>&nbsp;<\/p>\n<p><i>Para enterarte de m\u00e1s novedades, no dejes de leer\u00a0<\/i><a href=\"https:\/\/autofans.thebrandsoup.com\/\"><i>nuestras notas<\/i><\/a><i>, de ver\u00a0<\/i><a href=\"https:\/\/www.youtube.com\/channel\/UCgAC8UGHZYbT6P7PpmVnP7g\"><i>AUTOFANS TV<\/i><\/a><i>\u00a0en nuestro\u00a0canal de Youtube. Adem\u00e1s seguinos en\u00a0<\/i><a href=\"https:\/\/www.instagram.com\/autofanstv\/\"><i>INSTAGRAM<\/i><\/a><i> y <\/i><a href=\"https:\/\/www.facebook.com\/autofansmas\/\"><i>FACEBOOK<\/i><\/a><i> para no perderte nada sobre las novedades del segmento automotor de Argentina y el mundo.<\/i><\/p>\n","protected":false},"excerpt":{"rendered":"<p>Kawasaki, de la mano de su representante oficial Grupo Corven, present\u00f3 en el pa\u00eds el&#8230;<\/p>\n","protected":false},"author":2,"featured_media":15848,"comment_status":"closed","ping_status":"closed","sticky":false,"template":"","format":"standard","meta":{"footnotes":""},"categories":[1,4],"tags":[8335,582,8336,8338,3358,7819,8331,1134,8333,8337,8332,8334],"class_list":["post-15845","post","type-post","status-publish","format-standard","has-post-thumbnail","hentry","category-lanzamientos","category-motos","tag-250-caballos","tag-aventura","tag-cinco-plazas","tag-dunas","tag-grupo-corven","tag-kawasaki-argentina","tag-kawasaki-teryx5-h2","tag-off-road","tag-side-by-side-deportivo","tag-teryx","tag-utv-argentina","tag-vehiculo-off-road"],"yoast_head":"<!-- This site is optimized with the Yoast SEO plugin v27.5 - https:\/\/yoast.com\/product\/yoast-seo-wordpress\/ -->\n<title>Kawasaki Teryx5 H2 con 250 HP llega a la Argentina -<\/title>\n<meta name=\"description\" content=\"Kawasaki, de la mano de su representante oficial Grupo Corven, present\u00f3 en el pa\u00eds el Teryx5 H2, en el evento en el Enduro del Verano Beach..\" \/>\n<meta name=\"robots\" content=\"index, follow, max-snippet:-1, max-image-preview:large, max-video-preview:-1\" \/>\n<link rel=\"canonical\" href=\"https:\/\/autofans.com.ar\/index.php\/2026\/01\/27\/kawasaki-teryx5-h2-con-250-hp-llega-a-la-argentina\/\" \/>\n<meta property=\"og:locale\" content=\"es_ES\" \/>\n<meta property=\"og:type\" content=\"article\" \/>\n<meta property=\"og:title\" content=\"Kawasaki Teryx5 H2 con 250 HP llega a la Argentina -\" \/>\n<meta property=\"og:description\" content=\"Kawasaki, de la mano de su representante oficial Grupo Corven, present\u00f3 en el pa\u00eds el Teryx5 H2, en el evento en el Enduro del Verano Beach..\" \/>\n<meta property=\"og:url\" content=\"https:\/\/autofans.com.ar\/index.php\/2026\/01\/27\/kawasaki-teryx5-h2-con-250-hp-llega-a-la-argentina\/\" \/>\n<meta property=\"article:published_time\" content=\"2026-01-27T17:08:09+00:00\" \/>\n<meta property=\"og:image\" content=\"https:\/\/autofans.com.ar\/wp-content\/uploads\/2026\/01\/kawa-6.jpg\" \/>\n\t<meta property=\"og:image:width\" content=\"1000\" \/>\n\t<meta property=\"og:image:height\" content=\"667\" \/>\n\t<meta property=\"og:image:type\" content=\"image\/jpeg\" \/>\n<meta name=\"author\" content=\"Alejandro Gabriel Rosito\" \/>\n<meta name=\"twitter:card\" content=\"summary_large_image\" \/>\n<meta name=\"twitter:label1\" content=\"Escrito por\" \/>\n\t<meta name=\"twitter:data1\" content=\"Alejandro Gabriel Rosito\" \/>\n\t<meta name=\"twitter:label2\" content=\"Tiempo de lectura\" \/>\n\t<meta name=\"twitter:data2\" content=\"3 minutos\" \/>\n<script type=\"application\/ld+json\" class=\"yoast-schema-graph\">{\"@context\":\"https:\\\/\\\/schema.org\",\"@graph\":[{\"@type\":\"Article\",\"@id\":\"https:\\\/\\\/autofans.com.ar\\\/index.php\\\/2026\\\/01\\\/27\\\/kawasaki-teryx5-h2-con-250-hp-llega-a-la-argentina\\\/#article\",\"isPartOf\":{\"@id\":\"https:\\\/\\\/autofans.com.ar\\\/index.php\\\/2026\\\/01\\\/27\\\/kawasaki-teryx5-h2-con-250-hp-llega-a-la-argentina\\\/\"},\"author\":{\"name\":\"Alejandro Gabriel Rosito\",\"@id\":\"https:\\\/\\\/autofans.com.ar\\\/#\\\/schema\\\/person\\\/4a8dda0b6df83ac3d6723e921274c2aa\"},\"headline\":\"Kawasaki Teryx5 H2 con 250 HP llega a la Argentina\",\"datePublished\":\"2026-01-27T17:08:09+00:00\",\"mainEntityOfPage\":{\"@id\":\"https:\\\/\\\/autofans.com.ar\\\/index.php\\\/2026\\\/01\\\/27\\\/kawasaki-teryx5-h2-con-250-hp-llega-a-la-argentina\\\/\"},\"wordCount\":441,\"image\":{\"@id\":\"https:\\\/\\\/autofans.com.ar\\\/index.php\\\/2026\\\/01\\\/27\\\/kawasaki-teryx5-h2-con-250-hp-llega-a-la-argentina\\\/#primaryimage\"},\"thumbnailUrl\":\"https:\\\/\\\/autofans.com.ar\\\/wp-content\\\/uploads\\\/2026\\\/01\\\/kawa-6.jpg\",\"keywords\":[\"250 caballos\",\"aventura\",\"cinco plazas\",\"dunas\",\"Grupo Corven\",\"Kawasaki Argentina\",\"Kawasaki Teryx5 H2\",\"off-road\",\"side-by-side deportivo\",\"Teryx\",\"UTV Argentina\",\"vehiculo off-road\"],\"articleSection\":[\"LANZAMIENTOS\",\"MOTOS\"],\"inLanguage\":\"es\"},{\"@type\":\"WebPage\",\"@id\":\"https:\\\/\\\/autofans.com.ar\\\/index.php\\\/2026\\\/01\\\/27\\\/kawasaki-teryx5-h2-con-250-hp-llega-a-la-argentina\\\/\",\"url\":\"https:\\\/\\\/autofans.com.ar\\\/index.php\\\/2026\\\/01\\\/27\\\/kawasaki-teryx5-h2-con-250-hp-llega-a-la-argentina\\\/\",\"name\":\"Kawasaki Teryx5 H2 con 250 HP llega a la Argentina -\",\"isPartOf\":{\"@id\":\"https:\\\/\\\/autofans.com.ar\\\/#website\"},\"primaryImageOfPage\":{\"@id\":\"https:\\\/\\\/autofans.com.ar\\\/index.php\\\/2026\\\/01\\\/27\\\/kawasaki-teryx5-h2-con-250-hp-llega-a-la-argentina\\\/#primaryimage\"},\"image\":{\"@id\":\"https:\\\/\\\/autofans.com.ar\\\/index.php\\\/2026\\\/01\\\/27\\\/kawasaki-teryx5-h2-con-250-hp-llega-a-la-argentina\\\/#primaryimage\"},\"thumbnailUrl\":\"https:\\\/\\\/autofans.com.ar\\\/wp-content\\\/uploads\\\/2026\\\/01\\\/kawa-6.jpg\",\"datePublished\":\"2026-01-27T17:08:09+00:00\",\"author\":{\"@id\":\"https:\\\/\\\/autofans.com.ar\\\/#\\\/schema\\\/person\\\/4a8dda0b6df83ac3d6723e921274c2aa\"},\"description\":\"Kawasaki, de la mano de su representante oficial Grupo Corven, present\u00f3 en el pa\u00eds el Teryx5 H2, en el evento en el Enduro del Verano Beach..\",\"breadcrumb\":{\"@id\":\"https:\\\/\\\/autofans.com.ar\\\/index.php\\\/2026\\\/01\\\/27\\\/kawasaki-teryx5-h2-con-250-hp-llega-a-la-argentina\\\/#breadcrumb\"},\"inLanguage\":\"es\",\"potentialAction\":[{\"@type\":\"ReadAction\",\"target\":[\"https:\\\/\\\/autofans.com.ar\\\/index.php\\\/2026\\\/01\\\/27\\\/kawasaki-teryx5-h2-con-250-hp-llega-a-la-argentina\\\/\"]}]},{\"@type\":\"ImageObject\",\"inLanguage\":\"es\",\"@id\":\"https:\\\/\\\/autofans.com.ar\\\/index.php\\\/2026\\\/01\\\/27\\\/kawasaki-teryx5-h2-con-250-hp-llega-a-la-argentina\\\/#primaryimage\",\"url\":\"https:\\\/\\\/autofans.com.ar\\\/wp-content\\\/uploads\\\/2026\\\/01\\\/kawa-6.jpg\",\"contentUrl\":\"https:\\\/\\\/autofans.com.ar\\\/wp-content\\\/uploads\\\/2026\\\/01\\\/kawa-6.jpg\",\"width\":1000,\"height\":667,\"caption\":\"Kawasaki\"},{\"@type\":\"BreadcrumbList\",\"@id\":\"https:\\\/\\\/autofans.com.ar\\\/index.php\\\/2026\\\/01\\\/27\\\/kawasaki-teryx5-h2-con-250-hp-llega-a-la-argentina\\\/#breadcrumb\",\"itemListElement\":[{\"@type\":\"ListItem\",\"position\":1,\"name\":\"Inicio\",\"item\":\"https:\\\/\\\/autofans.com.ar\\\/\"},{\"@type\":\"ListItem\",\"position\":2,\"name\":\"Kawasaki Teryx5 H2 con 250 HP llega a la Argentina\"}]},{\"@type\":\"WebSite\",\"@id\":\"https:\\\/\\\/autofans.com.ar\\\/#website\",\"url\":\"https:\\\/\\\/autofans.com.ar\\\/\",\"name\":\"\",\"description\":\"El multimedio referente de la industria automotriz\",\"potentialAction\":[{\"@type\":\"SearchAction\",\"target\":{\"@type\":\"EntryPoint\",\"urlTemplate\":\"https:\\\/\\\/autofans.com.ar\\\/?s={search_term_string}\"},\"query-input\":{\"@type\":\"PropertyValueSpecification\",\"valueRequired\":true,\"valueName\":\"search_term_string\"}}],\"inLanguage\":\"es\"},{\"@type\":\"Person\",\"@id\":\"https:\\\/\\\/autofans.com.ar\\\/#\\\/schema\\\/person\\\/4a8dda0b6df83ac3d6723e921274c2aa\",\"name\":\"Alejandro Gabriel Rosito\",\"image\":{\"@type\":\"ImageObject\",\"inLanguage\":\"es\",\"@id\":\"https:\\\/\\\/secure.gravatar.com\\\/avatar\\\/16c5dda1489adfc62618084dcbb91cffd879c374b13fe5dd8e44ed6733852c88?s=96&d=mm&r=g\",\"url\":\"https:\\\/\\\/secure.gravatar.com\\\/avatar\\\/16c5dda1489adfc62618084dcbb91cffd879c374b13fe5dd8e44ed6733852c88?s=96&d=mm&r=g\",\"contentUrl\":\"https:\\\/\\\/secure.gravatar.com\\\/avatar\\\/16c5dda1489adfc62618084dcbb91cffd879c374b13fe5dd8e44ed6733852c88?s=96&d=mm&r=g\",\"caption\":\"Alejandro Gabriel Rosito\"},\"url\":\"https:\\\/\\\/autofans.com.ar\\\/index.php\\\/author\\\/gabrielr\\\/\"}]}<\/script>\n<!-- \/ Yoast SEO plugin. -->","yoast_head_json":{"title":"Kawasaki Teryx5 H2 con 250 HP llega a la Argentina -","description":"Kawasaki, de la mano de su representante oficial Grupo Corven, present\u00f3 en el pa\u00eds el Teryx5 H2, en el evento en el Enduro del Verano Beach..","robots":{"index":"index","follow":"follow","max-snippet":"max-snippet:-1","max-image-preview":"max-image-preview:large","max-video-preview":"max-video-preview:-1"},"canonical":"https:\/\/autofans.com.ar\/index.php\/2026\/01\/27\/kawasaki-teryx5-h2-con-250-hp-llega-a-la-argentina\/","og_locale":"es_ES","og_type":"article","og_title":"Kawasaki Teryx5 H2 con 250 HP llega a la Argentina -","og_description":"Kawasaki, de la mano de su representante oficial Grupo Corven, present\u00f3 en el pa\u00eds el Teryx5 H2, en el evento en el Enduro del Verano Beach..","og_url":"https:\/\/autofans.com.ar\/index.php\/2026\/01\/27\/kawasaki-teryx5-h2-con-250-hp-llega-a-la-argentina\/","article_published_time":"2026-01-27T17:08:09+00:00","og_image":[{"width":1000,"height":667,"url":"https:\/\/autofans.com.ar\/wp-content\/uploads\/2026\/01\/kawa-6.jpg","type":"image\/jpeg"}],"author":"Alejandro Gabriel Rosito","twitter_card":"summary_large_image","twitter_misc":{"Escrito por":"Alejandro Gabriel Rosito","Tiempo de lectura":"3 minutos"},"schema":{"@context":"https:\/\/schema.org","@graph":[{"@type":"Article","@id":"https:\/\/autofans.com.ar\/index.php\/2026\/01\/27\/kawasaki-teryx5-h2-con-250-hp-llega-a-la-argentina\/#article","isPartOf":{"@id":"https:\/\/autofans.com.ar\/index.php\/2026\/01\/27\/kawasaki-teryx5-h2-con-250-hp-llega-a-la-argentina\/"},"author":{"name":"Alejandro Gabriel Rosito","@id":"https:\/\/autofans.com.ar\/#\/schema\/person\/4a8dda0b6df83ac3d6723e921274c2aa"},"headline":"Kawasaki Teryx5 H2 con 250 HP llega a la Argentina","datePublished":"2026-01-27T17:08:09+00:00","mainEntityOfPage":{"@id":"https:\/\/autofans.com.ar\/index.php\/2026\/01\/27\/kawasaki-teryx5-h2-con-250-hp-llega-a-la-argentina\/"},"wordCount":441,"image":{"@id":"https:\/\/autofans.com.ar\/index.php\/2026\/01\/27\/kawasaki-teryx5-h2-con-250-hp-llega-a-la-argentina\/#primaryimage"},"thumbnailUrl":"https:\/\/autofans.com.ar\/wp-content\/uploads\/2026\/01\/kawa-6.jpg","keywords":["250 caballos","aventura","cinco plazas","dunas","Grupo Corven","Kawasaki Argentina","Kawasaki Teryx5 H2","off-road","side-by-side deportivo","Teryx","UTV Argentina","vehiculo off-road"],"articleSection":["LANZAMIENTOS","MOTOS"],"inLanguage":"es"},{"@type":"WebPage","@id":"https:\/\/autofans.com.ar\/index.php\/2026\/01\/27\/kawasaki-teryx5-h2-con-250-hp-llega-a-la-argentina\/","url":"https:\/\/autofans.com.ar\/index.php\/2026\/01\/27\/kawasaki-teryx5-h2-con-250-hp-llega-a-la-argentina\/","name":"Kawasaki Teryx5 H2 con 250 HP llega a la Argentina -","isPartOf":{"@id":"https:\/\/autofans.com.ar\/#website"},"primaryImageOfPage":{"@id":"https:\/\/autofans.com.ar\/index.php\/2026\/01\/27\/kawasaki-teryx5-h2-con-250-hp-llega-a-la-argentina\/#primaryimage"},"image":{"@id":"https:\/\/autofans.com.ar\/index.php\/2026\/01\/27\/kawasaki-teryx5-h2-con-250-hp-llega-a-la-argentina\/#primaryimage"},"thumbnailUrl":"https:\/\/autofans.com.ar\/wp-content\/uploads\/2026\/01\/kawa-6.jpg","datePublished":"2026-01-27T17:08:09+00:00","author":{"@id":"https:\/\/autofans.com.ar\/#\/schema\/person\/4a8dda0b6df83ac3d6723e921274c2aa"},"description":"Kawasaki, de la mano de su representante oficial Grupo Corven, present\u00f3 en el pa\u00eds el Teryx5 H2, en el evento en el Enduro del Verano Beach..","breadcrumb":{"@id":"https:\/\/autofans.com.ar\/index.php\/2026\/01\/27\/kawasaki-teryx5-h2-con-250-hp-llega-a-la-argentina\/#breadcrumb"},"inLanguage":"es","potentialAction":[{"@type":"ReadAction","target":["https:\/\/autofans.com.ar\/index.php\/2026\/01\/27\/kawasaki-teryx5-h2-con-250-hp-llega-a-la-argentina\/"]}]},{"@type":"ImageObject","inLanguage":"es","@id":"https:\/\/autofans.com.ar\/index.php\/2026\/01\/27\/kawasaki-teryx5-h2-con-250-hp-llega-a-la-argentina\/#primaryimage","url":"https:\/\/autofans.com.ar\/wp-content\/uploads\/2026\/01\/kawa-6.jpg","contentUrl":"https:\/\/autofans.com.ar\/wp-content\/uploads\/2026\/01\/kawa-6.jpg","width":1000,"height":667,"caption":"Kawasaki"},{"@type":"BreadcrumbList","@id":"https:\/\/autofans.com.ar\/index.php\/2026\/01\/27\/kawasaki-teryx5-h2-con-250-hp-llega-a-la-argentina\/#breadcrumb","itemListElement":[{"@type":"ListItem","position":1,"name":"Inicio","item":"https:\/\/autofans.com.ar\/"},{"@type":"ListItem","position":2,"name":"Kawasaki Teryx5 H2 con 250 HP llega a la Argentina"}]},{"@type":"WebSite","@id":"https:\/\/autofans.com.ar\/#website","url":"https:\/\/autofans.com.ar\/","name":"","description":"El multimedio referente de la industria automotriz","potentialAction":[{"@type":"SearchAction","target":{"@type":"EntryPoint","urlTemplate":"https:\/\/autofans.com.ar\/?s={search_term_string}"},"query-input":{"@type":"PropertyValueSpecification","valueRequired":true,"valueName":"search_term_string"}}],"inLanguage":"es"},{"@type":"Person","@id":"https:\/\/autofans.com.ar\/#\/schema\/person\/4a8dda0b6df83ac3d6723e921274c2aa","name":"Alejandro Gabriel Rosito","image":{"@type":"ImageObject","inLanguage":"es","@id":"https:\/\/secure.gravatar.com\/avatar\/16c5dda1489adfc62618084dcbb91cffd879c374b13fe5dd8e44ed6733852c88?s=96&d=mm&r=g","url":"https:\/\/secure.gravatar.com\/avatar\/16c5dda1489adfc62618084dcbb91cffd879c374b13fe5dd8e44ed6733852c88?s=96&d=mm&r=g","contentUrl":"https:\/\/secure.gravatar.com\/avatar\/16c5dda1489adfc62618084dcbb91cffd879c374b13fe5dd8e44ed6733852c88?s=96&d=mm&r=g","caption":"Alejandro Gabriel Rosito"},"url":"https:\/\/autofans.com.ar\/index.php\/author\/gabrielr\/"}]}},"featured_image_urls":{"full":["https:\/\/autofans.com.ar\/wp-content\/uploads\/2026\/01\/kawa-6.jpg",1000,667,false],"thumbnail":["https:\/\/autofans.com.ar\/wp-content\/uploads\/2026\/01\/kawa-6-150x150.jpg",150,150,true],"medium":["https:\/\/autofans.com.ar\/wp-content\/uploads\/2026\/01\/kawa-6-300x200.jpg",300,200,true],"medium_large":["https:\/\/autofans.com.ar\/wp-content\/uploads\/2026\/01\/kawa-6-768x512.jpg",640,427,true],"large":["https:\/\/autofans.com.ar\/wp-content\/uploads\/2026\/01\/kawa-6.jpg",640,427,false],"1536x1536":["https:\/\/autofans.com.ar\/wp-content\/uploads\/2026\/01\/kawa-6.jpg",1000,667,false],"2048x2048":["https:\/\/autofans.com.ar\/wp-content\/uploads\/2026\/01\/kawa-6.jpg",1000,667,false],"covernews-featured":["https:\/\/autofans.com.ar\/wp-content\/uploads\/2026\/01\/kawa-6.jpg",1000,667,false],"covernews-medium":["https:\/\/autofans.com.ar\/wp-content\/uploads\/2026\/01\/kawa-6-540x340.jpg",540,340,true]},"author_info":{"display_name":"Alejandro Gabriel Rosito","author_link":"https:\/\/autofans.com.ar\/index.php\/author\/gabrielr\/"},"category_info":"<a href=\"https:\/\/autofans.com.ar\/index.php\/category\/lanzamientos\/\" rel=\"category tag\">LANZAMIENTOS<\/a> <a href=\"https:\/\/autofans.com.ar\/index.php\/category\/noticias\/motos\/\" rel=\"category tag\">MOTOS<\/a>","tag_info":"MOTOS","comment_count":0,"_links":{"self":[{"href":"https:\/\/autofans.com.ar\/index.php\/wp-json\/wp\/v2\/posts\/15845","targetHints":{"allow":["GET"]}}],"collection":[{"href":"https:\/\/autofans.com.ar\/index.php\/wp-json\/wp\/v2\/posts"}],"about":[{"href":"https:\/\/autofans.com.ar\/index.php\/wp-json\/wp\/v2\/types\/post"}],"author":[{"embeddable":true,"href":"https:\/\/autofans.com.ar\/index.php\/wp-json\/wp\/v2\/users\/2"}],"replies":[{"embeddable":true,"href":"https:\/\/autofans.com.ar\/index.php\/wp-json\/wp\/v2\/comments?post=15845"}],"version-history":[{"count":3,"href":"https:\/\/autofans.com.ar\/index.php\/wp-json\/wp\/v2\/posts\/15845\/revisions"}],"predecessor-version":[{"id":15856,"href":"https:\/\/autofans.com.ar\/index.php\/wp-json\/wp\/v2\/posts\/15845\/revisions\/15856"}],"wp:featuredmedia":[{"embeddable":true,"href":"https:\/\/autofans.com.ar\/index.php\/wp-json\/wp\/v2\/media\/15848"}],"wp:attachment":[{"href":"https:\/\/autofans.com.ar\/index.php\/wp-json\/wp\/v2\/media?parent=15845"}],"wp:term":[{"taxonomy":"category","embeddable":true,"href":"https:\/\/autofans.com.ar\/index.php\/wp-json\/wp\/v2\/categories?post=15845"},{"taxonomy":"post_tag","embeddable":true,"href":"https:\/\/autofans.com.ar\/index.php\/wp-json\/wp\/v2\/tags?post=15845"}],"curies":[{"name":"wp","href":"https:\/\/api.w.org\/{rel}","templated":true}]}}