{"id":15893,"date":"2026-01-29T18:46:20","date_gmt":"2026-01-29T21:46:20","guid":{"rendered":"https:\/\/autofans.com.ar\/?p=15893"},"modified":"2026-01-29T18:50:36","modified_gmt":"2026-01-29T21:50:36","slug":"argentina-impulsa-las-ventas-regionales-de-volkswagen-camiones-y-buses","status":"publish","type":"post","link":"https:\/\/autofans.com.ar\/index.php\/2026\/01\/29\/argentina-impulsa-las-ventas-regionales-de-volkswagen-camiones-y-buses\/","title":{"rendered":"Argentina impulsa las ventas regionales de Volkswagen Camiones y Buses"},"content":{"rendered":"<p class=\"ds-markdown-paragraph\">Volkswagen Camiones y Buses ratific\u00f3 en 2025 la importancia estrat\u00e9gica de la Argentina dentro de su operaci\u00f3n global. El pa\u00eds se consolid\u00f3 como su principal mercado en volumen de ventas fuera de Brasil, con una comercializaci\u00f3n total de 2.182 unidades durante el a\u00f1o. Esta cifra representa un incremento del 12% con respecto al desempe\u00f1o de 2024.<\/p>\n<p>&nbsp;<\/p>\n<h2 class=\"ds-markdown-paragraph\">La apuesta por la producci\u00f3n local en Argentina<\/h2>\n<p>&nbsp;<\/p>\n<p><img fetchpriority=\"high\" decoding=\"async\" class=\"aligncenter wp-image-15894 size-full\" src=\"https:\/\/autofans.com.ar\/wp-content\/uploads\/2026\/01\/vw-6.jpg\" alt=\"Volkswagen Camiones y Buses\" width=\"1000\" height=\"667\" srcset=\"https:\/\/autofans.com.ar\/wp-content\/uploads\/2026\/01\/vw-6.jpg 1000w, https:\/\/autofans.com.ar\/wp-content\/uploads\/2026\/01\/vw-6-300x200.jpg 300w, https:\/\/autofans.com.ar\/wp-content\/uploads\/2026\/01\/vw-6-768x512.jpg 768w\" sizes=\"(max-width: 1000px) 100vw, 1000px\" \/><\/p>\n<p>&nbsp;<\/p>\n<p class=\"ds-markdown-paragraph\">El ejecutivo de la firma, Federico Ojanguren, vincul\u00f3 este desempe\u00f1o directamente con la capacidad de fabricaci\u00f3n en el pa\u00eds. \u201cLa producci\u00f3n en Argentina nos permiti\u00f3 acompa\u00f1ar el crecimiento del mercado\u201d, afirm\u00f3. Adem\u00e1s, se\u00f1al\u00f3 que la marca gana terreno entre los usuarios, quienes encuentran en el portfolio \u201cuna l\u00ednea s\u00faper completa que ofrece opciones para todas las necesidades\u201d. Este portfolio combina modelos de fabricaci\u00f3n nacional con unidades importadas desde el complejo industrial de Resende, en Brasil.<\/p>\n<p>&nbsp;<\/p>\n<blockquote>\n<p style=\"text-align: center;\">\u201cLa producci\u00f3n de camiones y buses en C\u00f3rdoba, iniciada en 2024, tuvo un impacto directo en nuestros negocios en el mercado argentino, con cerca de 2.000 veh\u00edculos comercializados el a\u00f1o pasado. Un avance significativo frente a las casi 600 unidades alcanzadas en 2023\u201d, afirm\u00f3 Ricardo Alouche, vicepresidente de Ventas, Marketing y Posventa de VWCO.<\/p>\n<\/blockquote>\n<p>&nbsp;<\/p>\n<h2 class=\"ds-markdown-paragraph\">Una red de ventas y una planta con peso propio<\/h2>\n<p>&nbsp;<\/p>\n<div id='gallery-1' class='gallery galleryid-15893 gallery-columns-2 gallery-size-full'><figure class='gallery-item'>\n\t\t\t<div class='gallery-icon landscape'>\n\t\t\t\t<a href='https:\/\/autofans.com.ar\/index.php\/2026\/01\/29\/argentina-impulsa-las-ventas-regionales-de-volkswagen-camiones-y-buses\/vw-2-16\/'><img loading=\"lazy\" width=\"1000\" height=\"667\" src=\"https:\/\/autofans.com.ar\/wp-content\/uploads\/2026\/01\/vw-2.jpg\" class=\"attachment-full size-full\" alt=\"Volkswagen Camiones y Buses\" srcset=\"https:\/\/autofans.com.ar\/wp-content\/uploads\/2026\/01\/vw-2.jpg 1000w, https:\/\/autofans.com.ar\/wp-content\/uploads\/2026\/01\/vw-2-300x200.jpg 300w, https:\/\/autofans.com.ar\/wp-content\/uploads\/2026\/01\/vw-2-768x512.jpg 768w\" sizes=\"auto, (max-width: 1000px) 100vw, 1000px\" loading=\"lazy\" decoding=\"async\" \/><\/a>\n\t\t\t<\/div><\/figure><figure class='gallery-item'>\n\t\t\t<div class='gallery-icon landscape'>\n\t\t\t\t<a href='https:\/\/autofans.com.ar\/index.php\/2026\/01\/29\/argentina-impulsa-las-ventas-regionales-de-volkswagen-camiones-y-buses\/vw-3-17\/'><img loading=\"lazy\" width=\"1000\" height=\"667\" src=\"https:\/\/autofans.com.ar\/wp-content\/uploads\/2026\/01\/vw-3.jpg\" class=\"attachment-full size-full\" alt=\"Volkswagen Camiones y Buses\" srcset=\"https:\/\/autofans.com.ar\/wp-content\/uploads\/2026\/01\/vw-3.jpg 1000w, https:\/\/autofans.com.ar\/wp-content\/uploads\/2026\/01\/vw-3-300x200.jpg 300w, https:\/\/autofans.com.ar\/wp-content\/uploads\/2026\/01\/vw-3-768x512.jpg 768w\" sizes=\"auto, (max-width: 1000px) 100vw, 1000px\" loading=\"lazy\" decoding=\"async\" \/><\/a>\n\t\t\t<\/div><\/figure>\n\t\t<\/div>\n\n<p>&nbsp;<\/p>\n<p class=\"ds-markdown-paragraph\">La operaci\u00f3n de Volkswagen Camiones y Buses en el pa\u00eds acumula m\u00e1s de 25 a\u00f1os de historia. Cuenta con la segunda red de concesionarios m\u00e1s extensa fuera de Brasil, integrada por 13 concesionarias y 16 puntos de venta distribuidos en todo el territorio. La infraestructura local se complementa con una l\u00ednea de montaje de 15.000 metros cuadrados dedicada a la producci\u00f3n de camiones y chasis para buses.<\/p>\n<p>&nbsp;<\/p>\n<blockquote>\n<p style=\"text-align: center;\">Por su parte, Federico Ojanguren, Gerente General de la divisi\u00f3n Volkswagen Camiones y Buses en Argentina, destac\u00f3 la fabricaci\u00f3n local, asegurando que \u201cla producci\u00f3n en nuestro pa\u00eds nos permiti\u00f3 acompa\u00f1ar el crecimiento del mercado\u201d. Adem\u00e1s, sostuvo que \u201ccada vez son m\u00e1s los usuarios que piensan en un cami\u00f3n Volkswagen, con una l\u00ednea s\u00faper completa que ofrece opciones para todas las necesidades\u201d.<\/p>\n<\/blockquote>\n<p>&nbsp;<\/p>\n<h2 class=\"ds-markdown-paragraph\">Los otros mercados fuertes de la regi\u00f3n<\/h2>\n<p>&nbsp;<\/p>\n<p><img decoding=\"async\" class=\"aligncenter wp-image-15899 size-full\" src=\"https:\/\/autofans.com.ar\/wp-content\/uploads\/2026\/01\/vw-1.jpg\" alt=\"Volkswagen Camiones y Buses\" width=\"1000\" height=\"667\" srcset=\"https:\/\/autofans.com.ar\/wp-content\/uploads\/2026\/01\/vw-1.jpg 1000w, https:\/\/autofans.com.ar\/wp-content\/uploads\/2026\/01\/vw-1-300x200.jpg 300w, https:\/\/autofans.com.ar\/wp-content\/uploads\/2026\/01\/vw-1-768x512.jpg 768w\" sizes=\"(max-width: 1000px) 100vw, 1000px\" \/><\/p>\n<p>&nbsp;<\/p>\n<p class=\"ds-markdown-paragraph\">M\u00e1s all\u00e1 del liderazgo argentino, la marca registr\u00f3 un desempe\u00f1o s\u00f3lido en otros pa\u00edses de la regi\u00f3n durante 2025. Los principales mercados de exportaci\u00f3n fueron M\u00e9xico, con 1.868 unidades entregadas; Chile, con 1.251 veh\u00edculos; y Per\u00fa, con 503 unidades comercializadas. Este panorama refuerza la posici\u00f3n de Am\u00e9rica Latina como un pilar fundamental para Volkswagen Camiones y Buses.<\/p>\n<p>&nbsp;<\/p>\n<p>&nbsp;<\/p>\n<p>&nbsp;<\/p>\n<p><i>Para enterarte de m\u00e1s novedades, no dejes de leer\u00a0<\/i><a href=\"https:\/\/autofans.thebrandsoup.com\/\"><i>nuestras notas<\/i><\/a><i>, de ver\u00a0<\/i><a href=\"https:\/\/www.youtube.com\/channel\/UCgAC8UGHZYbT6P7PpmVnP7g\"><i>AUTOFANS TV<\/i><\/a><i>\u00a0en nuestro\u00a0canal de Youtube. Adem\u00e1s seguinos en\u00a0<\/i><a href=\"https:\/\/www.instagram.com\/autofanstv\/\"><i>INSTAGRAM<\/i><\/a><i> y <\/i><a href=\"https:\/\/www.facebook.com\/autofansmas\/\"><i>FACEBOOK<\/i><\/a><i> para no perderte nada sobre las novedades del segmento automotor de Argentina y el mundo.<\/i><\/p>\n","protected":false},"excerpt":{"rendered":"<p>Volkswagen Camiones y Buses ratific\u00f3 en 2025 la importancia estrat\u00e9gica de la Argentina dentro de&#8230;<\/p>\n","protected":false},"author":2,"featured_media":15896,"comment_status":"closed","ping_status":"closed","sticky":false,"template":"","format":"standard","meta":{"footnotes":""},"categories":[16,10],"tags":[4504,8362,1908,898,8361,8360,2573],"class_list":["post-15893","post","type-post","status-publish","format-standard","has-post-thumbnail","hentry","category-noticias","category-utilitarios-y-pesados-lanzamientos","tag-camiones-argentina","tag-concesionarios-camiones","tag-mercado-automotor-argentino","tag-produccion-nacional","tag-ventas-camiones-2025","tag-volkswagen-buses","tag-volkswagen-camiones"],"yoast_head":"<!-- This site is optimized with the Yoast SEO plugin v27.5 - https:\/\/yoast.com\/product\/yoast-seo-wordpress\/ -->\n<title>Argentina impulsa las ventas regionales de Volkswagen Camiones y Buses -<\/title>\n<meta name=\"description\" content=\"Volkswagen Camiones y Buses ratific\u00f3 en 2025 la importancia estrat\u00e9gica de la Argentina dentro de su operaci\u00f3n global...\" \/>\n<meta name=\"robots\" content=\"index, follow, max-snippet:-1, max-image-preview:large, max-video-preview:-1\" \/>\n<link rel=\"canonical\" href=\"https:\/\/autofans.com.ar\/index.php\/2026\/01\/29\/argentina-impulsa-las-ventas-regionales-de-volkswagen-camiones-y-buses\/\" \/>\n<meta property=\"og:locale\" content=\"es_ES\" \/>\n<meta property=\"og:type\" content=\"article\" \/>\n<meta property=\"og:title\" content=\"Argentina impulsa las ventas regionales de Volkswagen Camiones y Buses -\" \/>\n<meta property=\"og:description\" content=\"Volkswagen Camiones y Buses ratific\u00f3 en 2025 la importancia estrat\u00e9gica de la Argentina dentro de su operaci\u00f3n global...\" \/>\n<meta property=\"og:url\" content=\"https:\/\/autofans.com.ar\/index.php\/2026\/01\/29\/argentina-impulsa-las-ventas-regionales-de-volkswagen-camiones-y-buses\/\" \/>\n<meta property=\"article:published_time\" content=\"2026-01-29T21:46:20+00:00\" \/>\n<meta property=\"article:modified_time\" content=\"2026-01-29T21:50:36+00:00\" \/>\n<meta property=\"og:image\" content=\"https:\/\/autofans.com.ar\/wp-content\/uploads\/2026\/01\/vw-4.jpg\" \/>\n\t<meta property=\"og:image:width\" content=\"1000\" \/>\n\t<meta property=\"og:image:height\" content=\"667\" \/>\n\t<meta property=\"og:image:type\" content=\"image\/jpeg\" \/>\n<meta name=\"author\" content=\"Alejandro Gabriel Rosito\" \/>\n<meta name=\"twitter:card\" content=\"summary_large_image\" \/>\n<meta name=\"twitter:label1\" content=\"Escrito por\" \/>\n\t<meta name=\"twitter:data1\" content=\"Alejandro Gabriel Rosito\" \/>\n\t<meta name=\"twitter:label2\" content=\"Tiempo de lectura\" \/>\n\t<meta name=\"twitter:data2\" content=\"3 minutos\" \/>\n<script type=\"application\/ld+json\" class=\"yoast-schema-graph\">{\"@context\":\"https:\\\/\\\/schema.org\",\"@graph\":[{\"@type\":\"Article\",\"@id\":\"https:\\\/\\\/autofans.com.ar\\\/index.php\\\/2026\\\/01\\\/29\\\/argentina-impulsa-las-ventas-regionales-de-volkswagen-camiones-y-buses\\\/#article\",\"isPartOf\":{\"@id\":\"https:\\\/\\\/autofans.com.ar\\\/index.php\\\/2026\\\/01\\\/29\\\/argentina-impulsa-las-ventas-regionales-de-volkswagen-camiones-y-buses\\\/\"},\"author\":{\"name\":\"Alejandro Gabriel Rosito\",\"@id\":\"https:\\\/\\\/autofans.com.ar\\\/#\\\/schema\\\/person\\\/4a8dda0b6df83ac3d6723e921274c2aa\"},\"headline\":\"Argentina impulsa las ventas regionales de Volkswagen Camiones y Buses\",\"datePublished\":\"2026-01-29T21:46:20+00:00\",\"dateModified\":\"2026-01-29T21:50:36+00:00\",\"mainEntityOfPage\":{\"@id\":\"https:\\\/\\\/autofans.com.ar\\\/index.php\\\/2026\\\/01\\\/29\\\/argentina-impulsa-las-ventas-regionales-de-volkswagen-camiones-y-buses\\\/\"},\"wordCount\":500,\"image\":{\"@id\":\"https:\\\/\\\/autofans.com.ar\\\/index.php\\\/2026\\\/01\\\/29\\\/argentina-impulsa-las-ventas-regionales-de-volkswagen-camiones-y-buses\\\/#primaryimage\"},\"thumbnailUrl\":\"https:\\\/\\\/autofans.com.ar\\\/wp-content\\\/uploads\\\/2026\\\/01\\\/vw-4.jpg\",\"keywords\":[\"camiones Argentina\",\"concesionarios camiones\",\"mercado automotor argentino\",\"producci\u00f3n nacional\",\"ventas camiones 2025\",\"Volkswagen Buses\",\"Volkswagen Camiones\"],\"articleSection\":[\"NOTICIAS\",\"Pick Ups, Utilitarios y Pesados\"],\"inLanguage\":\"es\"},{\"@type\":\"WebPage\",\"@id\":\"https:\\\/\\\/autofans.com.ar\\\/index.php\\\/2026\\\/01\\\/29\\\/argentina-impulsa-las-ventas-regionales-de-volkswagen-camiones-y-buses\\\/\",\"url\":\"https:\\\/\\\/autofans.com.ar\\\/index.php\\\/2026\\\/01\\\/29\\\/argentina-impulsa-las-ventas-regionales-de-volkswagen-camiones-y-buses\\\/\",\"name\":\"Argentina impulsa las ventas regionales de Volkswagen Camiones y Buses -\",\"isPartOf\":{\"@id\":\"https:\\\/\\\/autofans.com.ar\\\/#website\"},\"primaryImageOfPage\":{\"@id\":\"https:\\\/\\\/autofans.com.ar\\\/index.php\\\/2026\\\/01\\\/29\\\/argentina-impulsa-las-ventas-regionales-de-volkswagen-camiones-y-buses\\\/#primaryimage\"},\"image\":{\"@id\":\"https:\\\/\\\/autofans.com.ar\\\/index.php\\\/2026\\\/01\\\/29\\\/argentina-impulsa-las-ventas-regionales-de-volkswagen-camiones-y-buses\\\/#primaryimage\"},\"thumbnailUrl\":\"https:\\\/\\\/autofans.com.ar\\\/wp-content\\\/uploads\\\/2026\\\/01\\\/vw-4.jpg\",\"datePublished\":\"2026-01-29T21:46:20+00:00\",\"dateModified\":\"2026-01-29T21:50:36+00:00\",\"author\":{\"@id\":\"https:\\\/\\\/autofans.com.ar\\\/#\\\/schema\\\/person\\\/4a8dda0b6df83ac3d6723e921274c2aa\"},\"description\":\"Volkswagen Camiones y Buses ratific\u00f3 en 2025 la importancia estrat\u00e9gica de la Argentina dentro de su operaci\u00f3n global...\",\"breadcrumb\":{\"@id\":\"https:\\\/\\\/autofans.com.ar\\\/index.php\\\/2026\\\/01\\\/29\\\/argentina-impulsa-las-ventas-regionales-de-volkswagen-camiones-y-buses\\\/#breadcrumb\"},\"inLanguage\":\"es\",\"potentialAction\":[{\"@type\":\"ReadAction\",\"target\":[\"https:\\\/\\\/autofans.com.ar\\\/index.php\\\/2026\\\/01\\\/29\\\/argentina-impulsa-las-ventas-regionales-de-volkswagen-camiones-y-buses\\\/\"]}]},{\"@type\":\"ImageObject\",\"inLanguage\":\"es\",\"@id\":\"https:\\\/\\\/autofans.com.ar\\\/index.php\\\/2026\\\/01\\\/29\\\/argentina-impulsa-las-ventas-regionales-de-volkswagen-camiones-y-buses\\\/#primaryimage\",\"url\":\"https:\\\/\\\/autofans.com.ar\\\/wp-content\\\/uploads\\\/2026\\\/01\\\/vw-4.jpg\",\"contentUrl\":\"https:\\\/\\\/autofans.com.ar\\\/wp-content\\\/uploads\\\/2026\\\/01\\\/vw-4.jpg\",\"width\":1000,\"height\":667,\"caption\":\"Volkswagen Camiones y Buses\"},{\"@type\":\"BreadcrumbList\",\"@id\":\"https:\\\/\\\/autofans.com.ar\\\/index.php\\\/2026\\\/01\\\/29\\\/argentina-impulsa-las-ventas-regionales-de-volkswagen-camiones-y-buses\\\/#breadcrumb\",\"itemListElement\":[{\"@type\":\"ListItem\",\"position\":1,\"name\":\"Inicio\",\"item\":\"https:\\\/\\\/autofans.com.ar\\\/\"},{\"@type\":\"ListItem\",\"position\":2,\"name\":\"Argentina impulsa las ventas regionales de Volkswagen Camiones y Buses\"}]},{\"@type\":\"WebSite\",\"@id\":\"https:\\\/\\\/autofans.com.ar\\\/#website\",\"url\":\"https:\\\/\\\/autofans.com.ar\\\/\",\"name\":\"\",\"description\":\"El multimedio referente de la industria automotriz\",\"potentialAction\":[{\"@type\":\"SearchAction\",\"target\":{\"@type\":\"EntryPoint\",\"urlTemplate\":\"https:\\\/\\\/autofans.com.ar\\\/?s={search_term_string}\"},\"query-input\":{\"@type\":\"PropertyValueSpecification\",\"valueRequired\":true,\"valueName\":\"search_term_string\"}}],\"inLanguage\":\"es\"},{\"@type\":\"Person\",\"@id\":\"https:\\\/\\\/autofans.com.ar\\\/#\\\/schema\\\/person\\\/4a8dda0b6df83ac3d6723e921274c2aa\",\"name\":\"Alejandro Gabriel Rosito\",\"image\":{\"@type\":\"ImageObject\",\"inLanguage\":\"es\",\"@id\":\"https:\\\/\\\/secure.gravatar.com\\\/avatar\\\/16c5dda1489adfc62618084dcbb91cffd879c374b13fe5dd8e44ed6733852c88?s=96&d=mm&r=g\",\"url\":\"https:\\\/\\\/secure.gravatar.com\\\/avatar\\\/16c5dda1489adfc62618084dcbb91cffd879c374b13fe5dd8e44ed6733852c88?s=96&d=mm&r=g\",\"contentUrl\":\"https:\\\/\\\/secure.gravatar.com\\\/avatar\\\/16c5dda1489adfc62618084dcbb91cffd879c374b13fe5dd8e44ed6733852c88?s=96&d=mm&r=g\",\"caption\":\"Alejandro Gabriel Rosito\"},\"url\":\"https:\\\/\\\/autofans.com.ar\\\/index.php\\\/author\\\/gabrielr\\\/\"}]}<\/script>\n<!-- \/ Yoast SEO plugin. -->","yoast_head_json":{"title":"Argentina impulsa las ventas regionales de Volkswagen Camiones y Buses -","description":"Volkswagen Camiones y Buses ratific\u00f3 en 2025 la importancia estrat\u00e9gica de la Argentina dentro de su operaci\u00f3n global...","robots":{"index":"index","follow":"follow","max-snippet":"max-snippet:-1","max-image-preview":"max-image-preview:large","max-video-preview":"max-video-preview:-1"},"canonical":"https:\/\/autofans.com.ar\/index.php\/2026\/01\/29\/argentina-impulsa-las-ventas-regionales-de-volkswagen-camiones-y-buses\/","og_locale":"es_ES","og_type":"article","og_title":"Argentina impulsa las ventas regionales de Volkswagen Camiones y Buses -","og_description":"Volkswagen Camiones y Buses ratific\u00f3 en 2025 la importancia estrat\u00e9gica de la Argentina dentro de su operaci\u00f3n global...","og_url":"https:\/\/autofans.com.ar\/index.php\/2026\/01\/29\/argentina-impulsa-las-ventas-regionales-de-volkswagen-camiones-y-buses\/","article_published_time":"2026-01-29T21:46:20+00:00","article_modified_time":"2026-01-29T21:50:36+00:00","og_image":[{"width":1000,"height":667,"url":"https:\/\/autofans.com.ar\/wp-content\/uploads\/2026\/01\/vw-4.jpg","type":"image\/jpeg"}],"author":"Alejandro Gabriel Rosito","twitter_card":"summary_large_image","twitter_misc":{"Escrito por":"Alejandro Gabriel Rosito","Tiempo de lectura":"3 minutos"},"schema":{"@context":"https:\/\/schema.org","@graph":[{"@type":"Article","@id":"https:\/\/autofans.com.ar\/index.php\/2026\/01\/29\/argentina-impulsa-las-ventas-regionales-de-volkswagen-camiones-y-buses\/#article","isPartOf":{"@id":"https:\/\/autofans.com.ar\/index.php\/2026\/01\/29\/argentina-impulsa-las-ventas-regionales-de-volkswagen-camiones-y-buses\/"},"author":{"name":"Alejandro Gabriel Rosito","@id":"https:\/\/autofans.com.ar\/#\/schema\/person\/4a8dda0b6df83ac3d6723e921274c2aa"},"headline":"Argentina impulsa las ventas regionales de Volkswagen Camiones y Buses","datePublished":"2026-01-29T21:46:20+00:00","dateModified":"2026-01-29T21:50:36+00:00","mainEntityOfPage":{"@id":"https:\/\/autofans.com.ar\/index.php\/2026\/01\/29\/argentina-impulsa-las-ventas-regionales-de-volkswagen-camiones-y-buses\/"},"wordCount":500,"image":{"@id":"https:\/\/autofans.com.ar\/index.php\/2026\/01\/29\/argentina-impulsa-las-ventas-regionales-de-volkswagen-camiones-y-buses\/#primaryimage"},"thumbnailUrl":"https:\/\/autofans.com.ar\/wp-content\/uploads\/2026\/01\/vw-4.jpg","keywords":["camiones Argentina","concesionarios camiones","mercado automotor argentino","producci\u00f3n nacional","ventas camiones 2025","Volkswagen Buses","Volkswagen Camiones"],"articleSection":["NOTICIAS","Pick Ups, Utilitarios y Pesados"],"inLanguage":"es"},{"@type":"WebPage","@id":"https:\/\/autofans.com.ar\/index.php\/2026\/01\/29\/argentina-impulsa-las-ventas-regionales-de-volkswagen-camiones-y-buses\/","url":"https:\/\/autofans.com.ar\/index.php\/2026\/01\/29\/argentina-impulsa-las-ventas-regionales-de-volkswagen-camiones-y-buses\/","name":"Argentina impulsa las ventas regionales de Volkswagen Camiones y Buses -","isPartOf":{"@id":"https:\/\/autofans.com.ar\/#website"},"primaryImageOfPage":{"@id":"https:\/\/autofans.com.ar\/index.php\/2026\/01\/29\/argentina-impulsa-las-ventas-regionales-de-volkswagen-camiones-y-buses\/#primaryimage"},"image":{"@id":"https:\/\/autofans.com.ar\/index.php\/2026\/01\/29\/argentina-impulsa-las-ventas-regionales-de-volkswagen-camiones-y-buses\/#primaryimage"},"thumbnailUrl":"https:\/\/autofans.com.ar\/wp-content\/uploads\/2026\/01\/vw-4.jpg","datePublished":"2026-01-29T21:46:20+00:00","dateModified":"2026-01-29T21:50:36+00:00","author":{"@id":"https:\/\/autofans.com.ar\/#\/schema\/person\/4a8dda0b6df83ac3d6723e921274c2aa"},"description":"Volkswagen Camiones y Buses ratific\u00f3 en 2025 la importancia estrat\u00e9gica de la Argentina dentro de su operaci\u00f3n global...","breadcrumb":{"@id":"https:\/\/autofans.com.ar\/index.php\/2026\/01\/29\/argentina-impulsa-las-ventas-regionales-de-volkswagen-camiones-y-buses\/#breadcrumb"},"inLanguage":"es","potentialAction":[{"@type":"ReadAction","target":["https:\/\/autofans.com.ar\/index.php\/2026\/01\/29\/argentina-impulsa-las-ventas-regionales-de-volkswagen-camiones-y-buses\/"]}]},{"@type":"ImageObject","inLanguage":"es","@id":"https:\/\/autofans.com.ar\/index.php\/2026\/01\/29\/argentina-impulsa-las-ventas-regionales-de-volkswagen-camiones-y-buses\/#primaryimage","url":"https:\/\/autofans.com.ar\/wp-content\/uploads\/2026\/01\/vw-4.jpg","contentUrl":"https:\/\/autofans.com.ar\/wp-content\/uploads\/2026\/01\/vw-4.jpg","width":1000,"height":667,"caption":"Volkswagen Camiones y Buses"},{"@type":"BreadcrumbList","@id":"https:\/\/autofans.com.ar\/index.php\/2026\/01\/29\/argentina-impulsa-las-ventas-regionales-de-volkswagen-camiones-y-buses\/#breadcrumb","itemListElement":[{"@type":"ListItem","position":1,"name":"Inicio","item":"https:\/\/autofans.com.ar\/"},{"@type":"ListItem","position":2,"name":"Argentina impulsa las ventas regionales de Volkswagen Camiones y Buses"}]},{"@type":"WebSite","@id":"https:\/\/autofans.com.ar\/#website","url":"https:\/\/autofans.com.ar\/","name":"","description":"El multimedio referente de la industria automotriz","potentialAction":[{"@type":"SearchAction","target":{"@type":"EntryPoint","urlTemplate":"https:\/\/autofans.com.ar\/?s={search_term_string}"},"query-input":{"@type":"PropertyValueSpecification","valueRequired":true,"valueName":"search_term_string"}}],"inLanguage":"es"},{"@type":"Person","@id":"https:\/\/autofans.com.ar\/#\/schema\/person\/4a8dda0b6df83ac3d6723e921274c2aa","name":"Alejandro Gabriel Rosito","image":{"@type":"ImageObject","inLanguage":"es","@id":"https:\/\/secure.gravatar.com\/avatar\/16c5dda1489adfc62618084dcbb91cffd879c374b13fe5dd8e44ed6733852c88?s=96&d=mm&r=g","url":"https:\/\/secure.gravatar.com\/avatar\/16c5dda1489adfc62618084dcbb91cffd879c374b13fe5dd8e44ed6733852c88?s=96&d=mm&r=g","contentUrl":"https:\/\/secure.gravatar.com\/avatar\/16c5dda1489adfc62618084dcbb91cffd879c374b13fe5dd8e44ed6733852c88?s=96&d=mm&r=g","caption":"Alejandro Gabriel Rosito"},"url":"https:\/\/autofans.com.ar\/index.php\/author\/gabrielr\/"}]}},"featured_image_urls":{"full":["https:\/\/autofans.com.ar\/wp-content\/uploads\/2026\/01\/vw-4.jpg",1000,667,false],"thumbnail":["https:\/\/autofans.com.ar\/wp-content\/uploads\/2026\/01\/vw-4-150x150.jpg",150,150,true],"medium":["https:\/\/autofans.com.ar\/wp-content\/uploads\/2026\/01\/vw-4-300x200.jpg",300,200,true],"medium_large":["https:\/\/autofans.com.ar\/wp-content\/uploads\/2026\/01\/vw-4-768x512.jpg",640,427,true],"large":["https:\/\/autofans.com.ar\/wp-content\/uploads\/2026\/01\/vw-4.jpg",640,427,false],"1536x1536":["https:\/\/autofans.com.ar\/wp-content\/uploads\/2026\/01\/vw-4.jpg",1000,667,false],"2048x2048":["https:\/\/autofans.com.ar\/wp-content\/uploads\/2026\/01\/vw-4.jpg",1000,667,false],"covernews-featured":["https:\/\/autofans.com.ar\/wp-content\/uploads\/2026\/01\/vw-4.jpg",1000,667,false],"covernews-medium":["https:\/\/autofans.com.ar\/wp-content\/uploads\/2026\/01\/vw-4-540x340.jpg",540,340,true]},"author_info":{"display_name":"Alejandro Gabriel Rosito","author_link":"https:\/\/autofans.com.ar\/index.php\/author\/gabrielr\/"},"category_info":"<a href=\"https:\/\/autofans.com.ar\/index.php\/category\/noticias\/\" rel=\"category tag\">NOTICIAS<\/a> <a href=\"https:\/\/autofans.com.ar\/index.php\/category\/lanzamientos\/utilitarios-y-pesados-lanzamientos\/\" rel=\"category tag\">Pick Ups, Utilitarios y Pesados<\/a>","tag_info":"Pick Ups, Utilitarios y Pesados","comment_count":0,"_links":{"self":[{"href":"https:\/\/autofans.com.ar\/index.php\/wp-json\/wp\/v2\/posts\/15893","targetHints":{"allow":["GET"]}}],"collection":[{"href":"https:\/\/autofans.com.ar\/index.php\/wp-json\/wp\/v2\/posts"}],"about":[{"href":"https:\/\/autofans.com.ar\/index.php\/wp-json\/wp\/v2\/types\/post"}],"author":[{"embeddable":true,"href":"https:\/\/autofans.com.ar\/index.php\/wp-json\/wp\/v2\/users\/2"}],"replies":[{"embeddable":true,"href":"https:\/\/autofans.com.ar\/index.php\/wp-json\/wp\/v2\/comments?post=15893"}],"version-history":[{"count":3,"href":"https:\/\/autofans.com.ar\/index.php\/wp-json\/wp\/v2\/posts\/15893\/revisions"}],"predecessor-version":[{"id":15902,"href":"https:\/\/autofans.com.ar\/index.php\/wp-json\/wp\/v2\/posts\/15893\/revisions\/15902"}],"wp:featuredmedia":[{"embeddable":true,"href":"https:\/\/autofans.com.ar\/index.php\/wp-json\/wp\/v2\/media\/15896"}],"wp:attachment":[{"href":"https:\/\/autofans.com.ar\/index.php\/wp-json\/wp\/v2\/media?parent=15893"}],"wp:term":[{"taxonomy":"category","embeddable":true,"href":"https:\/\/autofans.com.ar\/index.php\/wp-json\/wp\/v2\/categories?post=15893"},{"taxonomy":"post_tag","embeddable":true,"href":"https:\/\/autofans.com.ar\/index.php\/wp-json\/wp\/v2\/tags?post=15893"}],"curies":[{"name":"wp","href":"https:\/\/api.w.org\/{rel}","templated":true}]}}