{"id":15903,"date":"2026-01-29T19:55:26","date_gmt":"2026-01-29T22:55:26","guid":{"rendered":"https:\/\/autofans.com.ar\/?p=15903"},"modified":"2026-01-29T19:55:26","modified_gmt":"2026-01-29T22:55:26","slug":"costa-galana-instala-cargadores-para-autos-electricos","status":"publish","type":"post","link":"https:\/\/autofans.com.ar\/index.php\/2026\/01\/29\/costa-galana-instala-cargadores-para-autos-electricos\/","title":{"rendered":"Costa Galana instala cargadores para autos el\u00e9ctricos"},"content":{"rendered":"<p class=\"ds-markdown-paragraph\">En Mar del Plata, el Hotel Costa Galana avanza en su propuesta de servicios con una novedad concreta: la instalaci\u00f3n de una central de carga para autos el\u00e9ctricos. Esta iniciativa est\u00e1 disponible para todos sus hu\u00e9spedes.<\/p>\n<p>&nbsp;<\/p>\n<h2>Desarrollo conjunto para una costa sustentable<\/h2>\n<p class=\"ds-markdown-paragraph\">La medida se enmarca en el crecimiento de la movilidad el\u00e9ctrica en el pa\u00eds. El objetivo es ofrecer una soluci\u00f3n pr\u00e1ctica que combine tecnolog\u00eda, confort y un enfoque responsable con el medio ambiente. Los due\u00f1os de autos 100% el\u00e9ctricos e h\u00edbridos enchufables ahora pueden gestionar la recarga de sus veh\u00edculos durante la estad\u00eda.<\/p>\n<p>&nbsp;<\/p>\n<p><img fetchpriority=\"high\" decoding=\"async\" class=\"aligncenter wp-image-15904 size-full\" src=\"https:\/\/autofans.com.ar\/wp-content\/uploads\/2026\/01\/renault-4.jpg\" alt=\"Costa Galana\" width=\"1000\" height=\"667\" srcset=\"https:\/\/autofans.com.ar\/wp-content\/uploads\/2026\/01\/renault-4.jpg 1000w, https:\/\/autofans.com.ar\/wp-content\/uploads\/2026\/01\/renault-4-300x200.jpg 300w, https:\/\/autofans.com.ar\/wp-content\/uploads\/2026\/01\/renault-4-768x512.jpg 768w\" sizes=\"(max-width: 1000px) 100vw, 1000px\" \/><\/p>\n<p>&nbsp;<\/p>\n<p class=\"ds-markdown-paragraph\">El proyecto se realiz\u00f3 junto a Electrostock MDP, socio estrat\u00e9gico que facilit\u00f3 el acceso al cargador y don\u00f3 el equipo. Esta alianza permiti\u00f3 materializar una propuesta que apunta al desarrollo de infraestructura sustentable en la ciudad.<\/p>\n<p>&nbsp;<\/p>\n<h2 class=\"ds-markdown-paragraph\">M\u00e1s que un cargador, una experiencia renovada<\/h2>\n<p class=\"ds-markdown-paragraph\">Esta incorporaci\u00f3n se suma a una serie de mejoras en el establecimiento. Para esta temporada, el hotel reinaugur\u00f3 60 habitaciones y suites con un redise\u00f1o total de sus ba\u00f1os y un estilo interior m\u00e1s contempor\u00e1neo, manteniendo la calidad de los materiales.<\/p>\n<p>&nbsp;<\/p>\n<p><img decoding=\"async\" class=\"aligncenter wp-image-15905 size-full\" src=\"https:\/\/autofans.com.ar\/wp-content\/uploads\/2026\/01\/renault-3.jpg\" alt=\"Costa Galana\" width=\"1000\" height=\"667\" srcset=\"https:\/\/autofans.com.ar\/wp-content\/uploads\/2026\/01\/renault-3.jpg 1000w, https:\/\/autofans.com.ar\/wp-content\/uploads\/2026\/01\/renault-3-300x200.jpg 300w, https:\/\/autofans.com.ar\/wp-content\/uploads\/2026\/01\/renault-3-768x512.jpg 768w\" sizes=\"(max-width: 1000px) 100vw, 1000px\" \/><\/p>\n<p>&nbsp;<\/p>\n<p class=\"ds-markdown-paragraph\">Ubicado en Boulevard Patricio Peralta Ramos, en Playa Grande, el Costa Galana cuenta con 186 habitaciones. Su propuesta para hu\u00e9spedes incluye desayuno buffet, acceso al Estado Puro SPA con vista al mar, gimnasio y un Miniclub para ni\u00f1os.<\/p>\n<p>&nbsp;<\/p>\n<h2 class=\"ds-markdown-paragraph\">Servicios destacados para el verano<\/h2>\n<p class=\"ds-markdown-paragraph\">Durante la temporada estival, el hotel despliega su Costa Galana Beach Life, un beach club en Playa Grande con alquiler de carpas y sombrillas, y piscina con servicio. Para llegar all\u00ed, los hu\u00e9spedes cuentan con un traslado en veh\u00edculos h\u00edbridos con recogida en la puerta del hotel.<\/p>\n<p>&nbsp;<\/p>\n<p><img decoding=\"async\" class=\"aligncenter wp-image-15906 size-full\" src=\"https:\/\/autofans.com.ar\/wp-content\/uploads\/2026\/01\/renault-2.jpg\" alt=\"Costa Galana\" width=\"1000\" height=\"667\" srcset=\"https:\/\/autofans.com.ar\/wp-content\/uploads\/2026\/01\/renault-2.jpg 1000w, https:\/\/autofans.com.ar\/wp-content\/uploads\/2026\/01\/renault-2-300x200.jpg 300w, https:\/\/autofans.com.ar\/wp-content\/uploads\/2026\/01\/renault-2-768x512.jpg 768w\" sizes=\"(max-width: 1000px) 100vw, 1000px\" \/><\/p>\n<p>&nbsp;<\/p>\n<p class=\"ds-markdown-paragraph\">Con estas acciones, el Hotel Costa Galana consolida su perfil como un lugar que piensa en las nuevas formas de viajar, ideal para escapadas en familia, con amigos, en pareja o para viajes de trabajo.<\/p>\n<p>&nbsp;<\/p>\n<p>&nbsp;<\/p>\n<p>&nbsp;<\/p>\n<p><i>Para enterarte de m\u00e1s novedades, no dejes de leer\u00a0<\/i><a href=\"https:\/\/autofans.thebrandsoup.com\/\"><i>nuestras notas<\/i><\/a><i>, de ver\u00a0<\/i><a href=\"https:\/\/www.youtube.com\/channel\/UCgAC8UGHZYbT6P7PpmVnP7g\"><i>AUTOFANS TV<\/i><\/a><i>\u00a0en nuestro\u00a0canal de Youtube. Adem\u00e1s seguinos en\u00a0<\/i><a href=\"https:\/\/www.instagram.com\/autofanstv\/\"><i>INSTAGRAM<\/i><\/a><i> y <\/i><a href=\"https:\/\/www.facebook.com\/autofansmas\/\"><i>FACEBOOK<\/i><\/a><i> para no perderte nada sobre las novedades del segmento automotor de Argentina y el mundo.<\/i><\/p>\n","protected":false},"excerpt":{"rendered":"<p>En Mar del Plata, el Hotel Costa Galana avanza en su propuesta de servicios con&#8230;<\/p>\n","protected":false},"author":2,"featured_media":15907,"comment_status":"closed","ping_status":"closed","sticky":false,"template":"","format":"standard","meta":{"footnotes":""},"categories":[341,16],"tags":[4180,21,8364,8363,8367,8368,8365,8366],"class_list":["post-15903","post","type-post","status-publish","format-standard","has-post-thumbnail","hentry","category-hibridos-y-electricos","category-noticias","tag-autos-electricos-argentina","tag-beach-club","tag-carga-auto-electrico-mar-del-plata","tag-clave-principales-hotel-costa-galana","tag-estadia-mar-del-plata","tag-hotel-5-estrellas","tag-hotel-playa-grande","tag-hotel-sustentable"],"yoast_head":"<!-- This site is optimized with the Yoast SEO plugin v27.5 - https:\/\/yoast.com\/product\/yoast-seo-wordpress\/ -->\n<title>Costa Galana instala cargadores para autos el\u00e9ctricos -<\/title>\n<meta name=\"description\" content=\"En Mar del Plata, el Hotel Costa Galana avanza en su propuesta de servicios con una novedad concreta: la instalaci\u00f3n de una central de carga.\" \/>\n<meta name=\"robots\" content=\"index, follow, max-snippet:-1, max-image-preview:large, max-video-preview:-1\" \/>\n<link rel=\"canonical\" href=\"https:\/\/autofans.com.ar\/index.php\/2026\/01\/29\/costa-galana-instala-cargadores-para-autos-electricos\/\" \/>\n<meta property=\"og:locale\" content=\"es_ES\" \/>\n<meta property=\"og:type\" content=\"article\" \/>\n<meta property=\"og:title\" content=\"Costa Galana instala cargadores para autos el\u00e9ctricos -\" \/>\n<meta property=\"og:description\" content=\"En Mar del Plata, el Hotel Costa Galana avanza en su propuesta de servicios con una novedad concreta: la instalaci\u00f3n de una central de carga.\" \/>\n<meta property=\"og:url\" content=\"https:\/\/autofans.com.ar\/index.php\/2026\/01\/29\/costa-galana-instala-cargadores-para-autos-electricos\/\" \/>\n<meta property=\"article:published_time\" content=\"2026-01-29T22:55:26+00:00\" \/>\n<meta property=\"og:image\" content=\"https:\/\/autofans.com.ar\/wp-content\/uploads\/2026\/01\/renault-1.jpg\" \/>\n\t<meta property=\"og:image:width\" content=\"1000\" \/>\n\t<meta property=\"og:image:height\" content=\"667\" \/>\n\t<meta property=\"og:image:type\" content=\"image\/jpeg\" \/>\n<meta name=\"author\" content=\"Alejandro Gabriel Rosito\" \/>\n<meta name=\"twitter:card\" content=\"summary_large_image\" \/>\n<meta name=\"twitter:label1\" content=\"Escrito por\" \/>\n\t<meta name=\"twitter:data1\" content=\"Alejandro Gabriel Rosito\" \/>\n\t<meta name=\"twitter:label2\" content=\"Tiempo de lectura\" \/>\n\t<meta name=\"twitter:data2\" content=\"3 minutos\" \/>\n<script type=\"application\/ld+json\" class=\"yoast-schema-graph\">{\"@context\":\"https:\\\/\\\/schema.org\",\"@graph\":[{\"@type\":\"Article\",\"@id\":\"https:\\\/\\\/autofans.com.ar\\\/index.php\\\/2026\\\/01\\\/29\\\/costa-galana-instala-cargadores-para-autos-electricos\\\/#article\",\"isPartOf\":{\"@id\":\"https:\\\/\\\/autofans.com.ar\\\/index.php\\\/2026\\\/01\\\/29\\\/costa-galana-instala-cargadores-para-autos-electricos\\\/\"},\"author\":{\"name\":\"Alejandro Gabriel Rosito\",\"@id\":\"https:\\\/\\\/autofans.com.ar\\\/#\\\/schema\\\/person\\\/4a8dda0b6df83ac3d6723e921274c2aa\"},\"headline\":\"Costa Galana instala cargadores para autos el\u00e9ctricos\",\"datePublished\":\"2026-01-29T22:55:26+00:00\",\"mainEntityOfPage\":{\"@id\":\"https:\\\/\\\/autofans.com.ar\\\/index.php\\\/2026\\\/01\\\/29\\\/costa-galana-instala-cargadores-para-autos-electricos\\\/\"},\"wordCount\":389,\"image\":{\"@id\":\"https:\\\/\\\/autofans.com.ar\\\/index.php\\\/2026\\\/01\\\/29\\\/costa-galana-instala-cargadores-para-autos-electricos\\\/#primaryimage\"},\"thumbnailUrl\":\"https:\\\/\\\/autofans.com.ar\\\/wp-content\\\/uploads\\\/2026\\\/01\\\/renault-1.jpg\",\"keywords\":[\"autos el\u00e9ctricos Argentina\",\"Beach Club\",\"carga auto el\u00e9ctrico mar del plata\",\"Clave Principales: hotel costa galana\",\"estad\u00eda mar del plata\",\"hotel 5 estrellas.\",\"hotel playa grande\",\"hotel sustentable\"],\"articleSection\":[\"HIBRIDOS, ELECTRICOS y otros\",\"NOTICIAS\"],\"inLanguage\":\"es\"},{\"@type\":\"WebPage\",\"@id\":\"https:\\\/\\\/autofans.com.ar\\\/index.php\\\/2026\\\/01\\\/29\\\/costa-galana-instala-cargadores-para-autos-electricos\\\/\",\"url\":\"https:\\\/\\\/autofans.com.ar\\\/index.php\\\/2026\\\/01\\\/29\\\/costa-galana-instala-cargadores-para-autos-electricos\\\/\",\"name\":\"Costa Galana instala cargadores para autos el\u00e9ctricos -\",\"isPartOf\":{\"@id\":\"https:\\\/\\\/autofans.com.ar\\\/#website\"},\"primaryImageOfPage\":{\"@id\":\"https:\\\/\\\/autofans.com.ar\\\/index.php\\\/2026\\\/01\\\/29\\\/costa-galana-instala-cargadores-para-autos-electricos\\\/#primaryimage\"},\"image\":{\"@id\":\"https:\\\/\\\/autofans.com.ar\\\/index.php\\\/2026\\\/01\\\/29\\\/costa-galana-instala-cargadores-para-autos-electricos\\\/#primaryimage\"},\"thumbnailUrl\":\"https:\\\/\\\/autofans.com.ar\\\/wp-content\\\/uploads\\\/2026\\\/01\\\/renault-1.jpg\",\"datePublished\":\"2026-01-29T22:55:26+00:00\",\"author\":{\"@id\":\"https:\\\/\\\/autofans.com.ar\\\/#\\\/schema\\\/person\\\/4a8dda0b6df83ac3d6723e921274c2aa\"},\"description\":\"En Mar del Plata, el Hotel Costa Galana avanza en su propuesta de servicios con una novedad concreta: la instalaci\u00f3n de una central de carga.\",\"breadcrumb\":{\"@id\":\"https:\\\/\\\/autofans.com.ar\\\/index.php\\\/2026\\\/01\\\/29\\\/costa-galana-instala-cargadores-para-autos-electricos\\\/#breadcrumb\"},\"inLanguage\":\"es\",\"potentialAction\":[{\"@type\":\"ReadAction\",\"target\":[\"https:\\\/\\\/autofans.com.ar\\\/index.php\\\/2026\\\/01\\\/29\\\/costa-galana-instala-cargadores-para-autos-electricos\\\/\"]}]},{\"@type\":\"ImageObject\",\"inLanguage\":\"es\",\"@id\":\"https:\\\/\\\/autofans.com.ar\\\/index.php\\\/2026\\\/01\\\/29\\\/costa-galana-instala-cargadores-para-autos-electricos\\\/#primaryimage\",\"url\":\"https:\\\/\\\/autofans.com.ar\\\/wp-content\\\/uploads\\\/2026\\\/01\\\/renault-1.jpg\",\"contentUrl\":\"https:\\\/\\\/autofans.com.ar\\\/wp-content\\\/uploads\\\/2026\\\/01\\\/renault-1.jpg\",\"width\":1000,\"height\":667,\"caption\":\"Costa Galana\"},{\"@type\":\"BreadcrumbList\",\"@id\":\"https:\\\/\\\/autofans.com.ar\\\/index.php\\\/2026\\\/01\\\/29\\\/costa-galana-instala-cargadores-para-autos-electricos\\\/#breadcrumb\",\"itemListElement\":[{\"@type\":\"ListItem\",\"position\":1,\"name\":\"Inicio\",\"item\":\"https:\\\/\\\/autofans.com.ar\\\/\"},{\"@type\":\"ListItem\",\"position\":2,\"name\":\"Costa Galana instala cargadores para autos el\u00e9ctricos\"}]},{\"@type\":\"WebSite\",\"@id\":\"https:\\\/\\\/autofans.com.ar\\\/#website\",\"url\":\"https:\\\/\\\/autofans.com.ar\\\/\",\"name\":\"\",\"description\":\"El multimedio referente de la industria automotriz\",\"potentialAction\":[{\"@type\":\"SearchAction\",\"target\":{\"@type\":\"EntryPoint\",\"urlTemplate\":\"https:\\\/\\\/autofans.com.ar\\\/?s={search_term_string}\"},\"query-input\":{\"@type\":\"PropertyValueSpecification\",\"valueRequired\":true,\"valueName\":\"search_term_string\"}}],\"inLanguage\":\"es\"},{\"@type\":\"Person\",\"@id\":\"https:\\\/\\\/autofans.com.ar\\\/#\\\/schema\\\/person\\\/4a8dda0b6df83ac3d6723e921274c2aa\",\"name\":\"Alejandro Gabriel Rosito\",\"image\":{\"@type\":\"ImageObject\",\"inLanguage\":\"es\",\"@id\":\"https:\\\/\\\/secure.gravatar.com\\\/avatar\\\/16c5dda1489adfc62618084dcbb91cffd879c374b13fe5dd8e44ed6733852c88?s=96&d=mm&r=g\",\"url\":\"https:\\\/\\\/secure.gravatar.com\\\/avatar\\\/16c5dda1489adfc62618084dcbb91cffd879c374b13fe5dd8e44ed6733852c88?s=96&d=mm&r=g\",\"contentUrl\":\"https:\\\/\\\/secure.gravatar.com\\\/avatar\\\/16c5dda1489adfc62618084dcbb91cffd879c374b13fe5dd8e44ed6733852c88?s=96&d=mm&r=g\",\"caption\":\"Alejandro Gabriel Rosito\"},\"url\":\"https:\\\/\\\/autofans.com.ar\\\/index.php\\\/author\\\/gabrielr\\\/\"}]}<\/script>\n<!-- \/ Yoast SEO plugin. -->","yoast_head_json":{"title":"Costa Galana instala cargadores para autos el\u00e9ctricos -","description":"En Mar del Plata, el Hotel Costa Galana avanza en su propuesta de servicios con una novedad concreta: la instalaci\u00f3n de una central de carga.","robots":{"index":"index","follow":"follow","max-snippet":"max-snippet:-1","max-image-preview":"max-image-preview:large","max-video-preview":"max-video-preview:-1"},"canonical":"https:\/\/autofans.com.ar\/index.php\/2026\/01\/29\/costa-galana-instala-cargadores-para-autos-electricos\/","og_locale":"es_ES","og_type":"article","og_title":"Costa Galana instala cargadores para autos el\u00e9ctricos -","og_description":"En Mar del Plata, el Hotel Costa Galana avanza en su propuesta de servicios con una novedad concreta: la instalaci\u00f3n de una central de carga.","og_url":"https:\/\/autofans.com.ar\/index.php\/2026\/01\/29\/costa-galana-instala-cargadores-para-autos-electricos\/","article_published_time":"2026-01-29T22:55:26+00:00","og_image":[{"width":1000,"height":667,"url":"https:\/\/autofans.com.ar\/wp-content\/uploads\/2026\/01\/renault-1.jpg","type":"image\/jpeg"}],"author":"Alejandro Gabriel Rosito","twitter_card":"summary_large_image","twitter_misc":{"Escrito por":"Alejandro Gabriel Rosito","Tiempo de lectura":"3 minutos"},"schema":{"@context":"https:\/\/schema.org","@graph":[{"@type":"Article","@id":"https:\/\/autofans.com.ar\/index.php\/2026\/01\/29\/costa-galana-instala-cargadores-para-autos-electricos\/#article","isPartOf":{"@id":"https:\/\/autofans.com.ar\/index.php\/2026\/01\/29\/costa-galana-instala-cargadores-para-autos-electricos\/"},"author":{"name":"Alejandro Gabriel Rosito","@id":"https:\/\/autofans.com.ar\/#\/schema\/person\/4a8dda0b6df83ac3d6723e921274c2aa"},"headline":"Costa Galana instala cargadores para autos el\u00e9ctricos","datePublished":"2026-01-29T22:55:26+00:00","mainEntityOfPage":{"@id":"https:\/\/autofans.com.ar\/index.php\/2026\/01\/29\/costa-galana-instala-cargadores-para-autos-electricos\/"},"wordCount":389,"image":{"@id":"https:\/\/autofans.com.ar\/index.php\/2026\/01\/29\/costa-galana-instala-cargadores-para-autos-electricos\/#primaryimage"},"thumbnailUrl":"https:\/\/autofans.com.ar\/wp-content\/uploads\/2026\/01\/renault-1.jpg","keywords":["autos el\u00e9ctricos Argentina","Beach Club","carga auto el\u00e9ctrico mar del plata","Clave Principales: hotel costa galana","estad\u00eda mar del plata","hotel 5 estrellas.","hotel playa grande","hotel sustentable"],"articleSection":["HIBRIDOS, ELECTRICOS y otros","NOTICIAS"],"inLanguage":"es"},{"@type":"WebPage","@id":"https:\/\/autofans.com.ar\/index.php\/2026\/01\/29\/costa-galana-instala-cargadores-para-autos-electricos\/","url":"https:\/\/autofans.com.ar\/index.php\/2026\/01\/29\/costa-galana-instala-cargadores-para-autos-electricos\/","name":"Costa Galana instala cargadores para autos el\u00e9ctricos -","isPartOf":{"@id":"https:\/\/autofans.com.ar\/#website"},"primaryImageOfPage":{"@id":"https:\/\/autofans.com.ar\/index.php\/2026\/01\/29\/costa-galana-instala-cargadores-para-autos-electricos\/#primaryimage"},"image":{"@id":"https:\/\/autofans.com.ar\/index.php\/2026\/01\/29\/costa-galana-instala-cargadores-para-autos-electricos\/#primaryimage"},"thumbnailUrl":"https:\/\/autofans.com.ar\/wp-content\/uploads\/2026\/01\/renault-1.jpg","datePublished":"2026-01-29T22:55:26+00:00","author":{"@id":"https:\/\/autofans.com.ar\/#\/schema\/person\/4a8dda0b6df83ac3d6723e921274c2aa"},"description":"En Mar del Plata, el Hotel Costa Galana avanza en su propuesta de servicios con una novedad concreta: la instalaci\u00f3n de una central de carga.","breadcrumb":{"@id":"https:\/\/autofans.com.ar\/index.php\/2026\/01\/29\/costa-galana-instala-cargadores-para-autos-electricos\/#breadcrumb"},"inLanguage":"es","potentialAction":[{"@type":"ReadAction","target":["https:\/\/autofans.com.ar\/index.php\/2026\/01\/29\/costa-galana-instala-cargadores-para-autos-electricos\/"]}]},{"@type":"ImageObject","inLanguage":"es","@id":"https:\/\/autofans.com.ar\/index.php\/2026\/01\/29\/costa-galana-instala-cargadores-para-autos-electricos\/#primaryimage","url":"https:\/\/autofans.com.ar\/wp-content\/uploads\/2026\/01\/renault-1.jpg","contentUrl":"https:\/\/autofans.com.ar\/wp-content\/uploads\/2026\/01\/renault-1.jpg","width":1000,"height":667,"caption":"Costa Galana"},{"@type":"BreadcrumbList","@id":"https:\/\/autofans.com.ar\/index.php\/2026\/01\/29\/costa-galana-instala-cargadores-para-autos-electricos\/#breadcrumb","itemListElement":[{"@type":"ListItem","position":1,"name":"Inicio","item":"https:\/\/autofans.com.ar\/"},{"@type":"ListItem","position":2,"name":"Costa Galana instala cargadores para autos el\u00e9ctricos"}]},{"@type":"WebSite","@id":"https:\/\/autofans.com.ar\/#website","url":"https:\/\/autofans.com.ar\/","name":"","description":"El multimedio referente de la industria automotriz","potentialAction":[{"@type":"SearchAction","target":{"@type":"EntryPoint","urlTemplate":"https:\/\/autofans.com.ar\/?s={search_term_string}"},"query-input":{"@type":"PropertyValueSpecification","valueRequired":true,"valueName":"search_term_string"}}],"inLanguage":"es"},{"@type":"Person","@id":"https:\/\/autofans.com.ar\/#\/schema\/person\/4a8dda0b6df83ac3d6723e921274c2aa","name":"Alejandro Gabriel Rosito","image":{"@type":"ImageObject","inLanguage":"es","@id":"https:\/\/secure.gravatar.com\/avatar\/16c5dda1489adfc62618084dcbb91cffd879c374b13fe5dd8e44ed6733852c88?s=96&d=mm&r=g","url":"https:\/\/secure.gravatar.com\/avatar\/16c5dda1489adfc62618084dcbb91cffd879c374b13fe5dd8e44ed6733852c88?s=96&d=mm&r=g","contentUrl":"https:\/\/secure.gravatar.com\/avatar\/16c5dda1489adfc62618084dcbb91cffd879c374b13fe5dd8e44ed6733852c88?s=96&d=mm&r=g","caption":"Alejandro Gabriel Rosito"},"url":"https:\/\/autofans.com.ar\/index.php\/author\/gabrielr\/"}]}},"featured_image_urls":{"full":["https:\/\/autofans.com.ar\/wp-content\/uploads\/2026\/01\/renault-1.jpg",1000,667,false],"thumbnail":["https:\/\/autofans.com.ar\/wp-content\/uploads\/2026\/01\/renault-1-150x150.jpg",150,150,true],"medium":["https:\/\/autofans.com.ar\/wp-content\/uploads\/2026\/01\/renault-1-300x200.jpg",300,200,true],"medium_large":["https:\/\/autofans.com.ar\/wp-content\/uploads\/2026\/01\/renault-1-768x512.jpg",640,427,true],"large":["https:\/\/autofans.com.ar\/wp-content\/uploads\/2026\/01\/renault-1.jpg",640,427,false],"1536x1536":["https:\/\/autofans.com.ar\/wp-content\/uploads\/2026\/01\/renault-1.jpg",1000,667,false],"2048x2048":["https:\/\/autofans.com.ar\/wp-content\/uploads\/2026\/01\/renault-1.jpg",1000,667,false],"covernews-featured":["https:\/\/autofans.com.ar\/wp-content\/uploads\/2026\/01\/renault-1.jpg",1000,667,false],"covernews-medium":["https:\/\/autofans.com.ar\/wp-content\/uploads\/2026\/01\/renault-1-540x340.jpg",540,340,true]},"author_info":{"display_name":"Alejandro Gabriel Rosito","author_link":"https:\/\/autofans.com.ar\/index.php\/author\/gabrielr\/"},"category_info":"<a href=\"https:\/\/autofans.com.ar\/index.php\/category\/noticias\/hibridos-y-electricos\/\" rel=\"category tag\">HIBRIDOS, ELECTRICOS y otros<\/a> <a href=\"https:\/\/autofans.com.ar\/index.php\/category\/noticias\/\" rel=\"category tag\">NOTICIAS<\/a>","tag_info":"NOTICIAS","comment_count":0,"_links":{"self":[{"href":"https:\/\/autofans.com.ar\/index.php\/wp-json\/wp\/v2\/posts\/15903","targetHints":{"allow":["GET"]}}],"collection":[{"href":"https:\/\/autofans.com.ar\/index.php\/wp-json\/wp\/v2\/posts"}],"about":[{"href":"https:\/\/autofans.com.ar\/index.php\/wp-json\/wp\/v2\/types\/post"}],"author":[{"embeddable":true,"href":"https:\/\/autofans.com.ar\/index.php\/wp-json\/wp\/v2\/users\/2"}],"replies":[{"embeddable":true,"href":"https:\/\/autofans.com.ar\/index.php\/wp-json\/wp\/v2\/comments?post=15903"}],"version-history":[{"count":1,"href":"https:\/\/autofans.com.ar\/index.php\/wp-json\/wp\/v2\/posts\/15903\/revisions"}],"predecessor-version":[{"id":15910,"href":"https:\/\/autofans.com.ar\/index.php\/wp-json\/wp\/v2\/posts\/15903\/revisions\/15910"}],"wp:featuredmedia":[{"embeddable":true,"href":"https:\/\/autofans.com.ar\/index.php\/wp-json\/wp\/v2\/media\/15907"}],"wp:attachment":[{"href":"https:\/\/autofans.com.ar\/index.php\/wp-json\/wp\/v2\/media?parent=15903"}],"wp:term":[{"taxonomy":"category","embeddable":true,"href":"https:\/\/autofans.com.ar\/index.php\/wp-json\/wp\/v2\/categories?post=15903"},{"taxonomy":"post_tag","embeddable":true,"href":"https:\/\/autofans.com.ar\/index.php\/wp-json\/wp\/v2\/tags?post=15903"}],"curies":[{"name":"wp","href":"https:\/\/api.w.org\/{rel}","templated":true}]}}