{"id":16304,"date":"2026-03-03T18:44:12","date_gmt":"2026-03-03T21:44:12","guid":{"rendered":"https:\/\/autofans.com.ar\/?p=16304"},"modified":"2026-03-03T18:44:12","modified_gmt":"2026-03-03T21:44:12","slug":"kia-seltos-por-dentro-pantalla-gigante-y-baul-enorme","status":"publish","type":"post","link":"https:\/\/autofans.com.ar\/index.php\/2026\/03\/03\/kia-seltos-por-dentro-pantalla-gigante-y-baul-enorme\/","title":{"rendered":"Kia Seltos por dentro, pantalla gigante y ba\u00fal enorme"},"content":{"rendered":"<p class=\"ds-markdown-paragraph\">Kia ya calienta motores con lo que ser\u00e1 una de las novedades del a\u00f1o. Se trata del Seltos, un SUV compacto que en el plano local se ubicar\u00e1 por debajo del Sportage, ofreciendo una propuesta equilibrada en tecnolog\u00eda y espacio a un precio m\u00e1s accesible.<\/p>\n<p class=\"ds-markdown-paragraph\">Con 4,43 metros de largo, el Seltos llega para competir en uno de los segmentos m\u00e1s peleados del mercado. Pero m\u00e1s all\u00e1 de su silueta moderna, la verdadera estrella est\u00e1 adentro: un interior pensado para digitalizar la experiencia de manejo sin descuidar la comodidad de toda la familia.<\/p>\n<p>&nbsp;<\/p>\n<h2 class=\"ds-markdown-paragraph\">Una cabina que es una pantalla<\/h2>\n<p class=\"ds-markdown-paragraph\">Lo primero que salta a la vista al sentarse al volante es la gran pantalla panor\u00e1mica de 30 pulgadas que atraviesa el salpicadero. Detr\u00e1s de ese \u00fanico vidrio se esconden en realidad tres monitores: dos de 12,3 pulgadas para el cuadro de instrumentos y la multimedia, y uno de 5 pulgadas dedicado exclusivamente al climatizador.<\/p>\n<p>&nbsp;<\/p>\n<p><img fetchpriority=\"high\" decoding=\"async\" class=\"aligncenter wp-image-16306 size-full\" src=\"https:\/\/autofans.com.ar\/wp-content\/uploads\/2026\/03\/kia-3.jpg\" alt=\"Kia Seltos\" width=\"1000\" height=\"667\" srcset=\"https:\/\/autofans.com.ar\/wp-content\/uploads\/2026\/03\/kia-3.jpg 1000w, https:\/\/autofans.com.ar\/wp-content\/uploads\/2026\/03\/kia-3-300x200.jpg 300w, https:\/\/autofans.com.ar\/wp-content\/uploads\/2026\/03\/kia-3-768x512.jpg 768w\" sizes=\"(max-width: 1000px) 100vw, 1000px\" \/><\/p>\n<p>&nbsp;<\/p>\n<p class=\"ds-markdown-paragraph\">A pesar de esta apuesta por lo digital, Kia no se colg\u00f3. Los ingenieros mantuvieron botones f\u00edsicos para las funciones b\u00e1sicas del clima, la navegaci\u00f3n y el equipo de audio, un det\u00f3nque que se agradece para no sacar los ojos del camino. El sistema, adem\u00e1s, se actualiza de manera remota (over-the-air) e incluye un asistente de voz con ChatGPT, permitiendo un di\u00e1logo m\u00e1s fluido con el auto. Para completar la parafernalia tecnol\u00f3gica, hay un Head-up Display con proyecci\u00f3n de 12 pulgadas en el parabrisas.<\/p>\n<p>&nbsp;<\/p>\n<h2 class=\"ds-markdown-paragraph\">Pr\u00e1ctico por donde se lo mire<\/h2>\n<p class=\"ds-markdown-paragraph\">La marca coreana movi\u00f3 el selector del cambio autom\u00e1tico a la columna de direcci\u00f3n. \u00bfEl objetivo? Liberar espacio en la consola central, que ahora luce un enorme hueco portaobjetos. Ese detalle, sumado a las l\u00edneas diagonales en las puertas (un gui\u00f1o al dise\u00f1o exterior) y los nuevos tiradores con forma de anillo, mejoran la ergonom\u00eda diaria.<\/p>\n<p>&nbsp;<\/p>\n<p><img decoding=\"async\" class=\"aligncenter wp-image-16308 size-full\" src=\"https:\/\/autofans.com.ar\/wp-content\/uploads\/2026\/03\/kia-1.jpg\" alt=\"Kia Seltos\" width=\"1000\" height=\"667\" srcset=\"https:\/\/autofans.com.ar\/wp-content\/uploads\/2026\/03\/kia-1.jpg 1000w, https:\/\/autofans.com.ar\/wp-content\/uploads\/2026\/03\/kia-1-300x200.jpg 300w, https:\/\/autofans.com.ar\/wp-content\/uploads\/2026\/03\/kia-1-768x512.jpg 768w\" sizes=\"(max-width: 1000px) 100vw, 1000px\" \/><\/p>\n<p>&nbsp;<\/p>\n<p class=\"ds-markdown-paragraph\">La calidad percibida es correcta, con materiales razonables y buenos ajustes. Para crear ambiente, la iluminaci\u00f3n interior personalizable en 64 colores y el gran techo panor\u00e1mico le aportan una cuota de refinamiento al habit\u00e1culo.<\/p>\n<p>&nbsp;<\/p>\n<h2 class=\"ds-markdown-paragraph\">Pensado para los de atr\u00e1s y el equipaje<\/h2>\n<p class=\"ds-markdown-paragraph\">Si el auto va a ser usado por la familia, las plazas traseras son clave. Ac\u00e1, los asientos tienen respaldos reclinables en 24 grados (12 para adelante y 12 para atr\u00e1s), un game changer para viajes largos. El espacio para las piernas y la altura al techo est\u00e1n dentro de los par\u00e1metros esperables para un SUV compacto.<\/p>\n<p>&nbsp;<\/p>\n<p><img decoding=\"async\" class=\"aligncenter wp-image-16307 size-full\" src=\"https:\/\/autofans.com.ar\/wp-content\/uploads\/2026\/03\/kia-2.jpg\" alt=\"Kia Seltos\" width=\"1000\" height=\"667\" srcset=\"https:\/\/autofans.com.ar\/wp-content\/uploads\/2026\/03\/kia-2.jpg 1000w, https:\/\/autofans.com.ar\/wp-content\/uploads\/2026\/03\/kia-2-300x200.jpg 300w, https:\/\/autofans.com.ar\/wp-content\/uploads\/2026\/03\/kia-2-768x512.jpg 768w\" sizes=\"(max-width: 1000px) 100vw, 1000px\" \/><\/p>\n<p>&nbsp;<\/p>\n<p class=\"ds-markdown-paragraph\">Punto alto para el ba\u00fal: declara 536 litros de capacidad m\u00ednima, una cifra que lo deja muy cerca del Sportage y le saca ventaja a su hermano menor, el Niro. El compartimiento se puede organizar en dos niveles e incluye ganchos para colgar bolsas, ideal para el supermercado o para asegurar objetos sueltos. Para los ocupantes, no faltan las USB-C, con una especialmente ubicada en el respaldo del asiento del acompa\u00f1ante. La llave digital, por su parte, permite abrir y arrancar el auto con el celular.<\/p>\n<p>&nbsp;<\/p>\n<p>&nbsp;<\/p>\n<p>&nbsp;<\/p>\n<p><i>Para enterarte de m\u00e1s novedades, no dejes de leer\u00a0<\/i><a href=\"https:\/\/autofans.thebrandsoup.com\/\"><i>nuestras notas<\/i><\/a><i>, de ver\u00a0<\/i><a href=\"https:\/\/www.youtube.com\/channel\/UCgAC8UGHZYbT6P7PpmVnP7g\"><i>AUTOFANS TV<\/i><\/a><i>\u00a0en nuestro\u00a0canal de Youtube. Adem\u00e1s seguinos en\u00a0<\/i><a href=\"https:\/\/www.instagram.com\/autofanstv\/\"><i>INSTAGRAM<\/i><\/a><i> y <\/i><a href=\"https:\/\/www.facebook.com\/autofansmas\/\"><i>FACEBOOK<\/i><\/a><i> para no perderte nada sobre las novedades del segmento automotor de Argentina y el mundo.<\/i><\/p>\n","protected":false},"excerpt":{"rendered":"<p>Kia ya calienta motores con lo que ser\u00e1 una de las novedades del a\u00f1o. Se&#8230;<\/p>\n","protected":false},"author":2,"featured_media":16305,"comment_status":"closed","ping_status":"closed","sticky":false,"template":"","format":"standard","meta":{"footnotes":""},"categories":[3,16],"tags":[7320,507,8057,8645,8649,8648,8647,8650,8646,719],"class_list":["post-16304","post","type-post","status-publish","format-standard","has-post-thumbnail","hentry","category-autos","category-noticias","tag-auto-familiar","tag-autos-0km","tag-kia-seltos-2026","tag-kia-seltos-interior","tag-kia-seltos-maletero","tag-kia-seltos-precio","tag-lanzamiento-kia-argentina","tag-prueba-kia-seltos","tag-suv-compacto-kia","tag-tecnologia-automotriz"],"yoast_head":"<!-- This site is optimized with the Yoast SEO plugin v27.5 - https:\/\/yoast.com\/product\/yoast-seo-wordpress\/ -->\n<title>Kia Seltos por dentro, pantalla gigante y ba\u00fal enorme -<\/title>\n<meta name=\"description\" content=\"Kia ya calienta motores se trata del Seltos, un SUV compacto que en el plano local se ubicar\u00e1 por debajo del Sportage...\" \/>\n<meta name=\"robots\" content=\"index, follow, max-snippet:-1, max-image-preview:large, max-video-preview:-1\" \/>\n<link rel=\"canonical\" href=\"https:\/\/autofans.com.ar\/index.php\/2026\/03\/03\/kia-seltos-por-dentro-pantalla-gigante-y-baul-enorme\/\" \/>\n<meta property=\"og:locale\" content=\"es_ES\" \/>\n<meta property=\"og:type\" content=\"article\" \/>\n<meta property=\"og:title\" content=\"Kia Seltos por dentro, pantalla gigante y ba\u00fal enorme -\" \/>\n<meta property=\"og:description\" content=\"Kia ya calienta motores se trata del Seltos, un SUV compacto que en el plano local se ubicar\u00e1 por debajo del Sportage...\" \/>\n<meta property=\"og:url\" content=\"https:\/\/autofans.com.ar\/index.php\/2026\/03\/03\/kia-seltos-por-dentro-pantalla-gigante-y-baul-enorme\/\" \/>\n<meta property=\"article:published_time\" content=\"2026-03-03T21:44:12+00:00\" \/>\n<meta property=\"og:image\" content=\"https:\/\/autofans.com.ar\/wp-content\/uploads\/2026\/03\/kia-4.jpg\" \/>\n\t<meta property=\"og:image:width\" content=\"1000\" \/>\n\t<meta property=\"og:image:height\" content=\"667\" \/>\n\t<meta property=\"og:image:type\" content=\"image\/jpeg\" \/>\n<meta name=\"author\" content=\"Alejandro Gabriel Rosito\" \/>\n<meta name=\"twitter:card\" content=\"summary_large_image\" \/>\n<meta name=\"twitter:label1\" content=\"Escrito por\" \/>\n\t<meta name=\"twitter:data1\" content=\"Alejandro Gabriel Rosito\" \/>\n\t<meta name=\"twitter:label2\" content=\"Tiempo de lectura\" \/>\n\t<meta name=\"twitter:data2\" content=\"4 minutos\" \/>\n<script type=\"application\/ld+json\" class=\"yoast-schema-graph\">{\"@context\":\"https:\\\/\\\/schema.org\",\"@graph\":[{\"@type\":\"Article\",\"@id\":\"https:\\\/\\\/autofans.com.ar\\\/index.php\\\/2026\\\/03\\\/03\\\/kia-seltos-por-dentro-pantalla-gigante-y-baul-enorme\\\/#article\",\"isPartOf\":{\"@id\":\"https:\\\/\\\/autofans.com.ar\\\/index.php\\\/2026\\\/03\\\/03\\\/kia-seltos-por-dentro-pantalla-gigante-y-baul-enorme\\\/\"},\"author\":{\"name\":\"Alejandro Gabriel Rosito\",\"@id\":\"https:\\\/\\\/autofans.com.ar\\\/#\\\/schema\\\/person\\\/4a8dda0b6df83ac3d6723e921274c2aa\"},\"headline\":\"Kia Seltos por dentro, pantalla gigante y ba\u00fal enorme\",\"datePublished\":\"2026-03-03T21:44:12+00:00\",\"mainEntityOfPage\":{\"@id\":\"https:\\\/\\\/autofans.com.ar\\\/index.php\\\/2026\\\/03\\\/03\\\/kia-seltos-por-dentro-pantalla-gigante-y-baul-enorme\\\/\"},\"wordCount\":573,\"image\":{\"@id\":\"https:\\\/\\\/autofans.com.ar\\\/index.php\\\/2026\\\/03\\\/03\\\/kia-seltos-por-dentro-pantalla-gigante-y-baul-enorme\\\/#primaryimage\"},\"thumbnailUrl\":\"https:\\\/\\\/autofans.com.ar\\\/wp-content\\\/uploads\\\/2026\\\/03\\\/kia-4.jpg\",\"keywords\":[\"auto familiar\",\"autos 0KM\",\"Kia Seltos 2026\",\"Kia Seltos interior\",\"Kia Seltos maletero\",\"Kia Seltos precio\",\"lanzamiento Kia Argentina\",\"prueba Kia Seltos\",\"SUV compacto Kia\",\"Tecnolog\u00eda automotriz\"],\"articleSection\":[\"AUTOS y SUV\",\"NOTICIAS\"],\"inLanguage\":\"es\"},{\"@type\":\"WebPage\",\"@id\":\"https:\\\/\\\/autofans.com.ar\\\/index.php\\\/2026\\\/03\\\/03\\\/kia-seltos-por-dentro-pantalla-gigante-y-baul-enorme\\\/\",\"url\":\"https:\\\/\\\/autofans.com.ar\\\/index.php\\\/2026\\\/03\\\/03\\\/kia-seltos-por-dentro-pantalla-gigante-y-baul-enorme\\\/\",\"name\":\"Kia Seltos por dentro, pantalla gigante y ba\u00fal enorme -\",\"isPartOf\":{\"@id\":\"https:\\\/\\\/autofans.com.ar\\\/#website\"},\"primaryImageOfPage\":{\"@id\":\"https:\\\/\\\/autofans.com.ar\\\/index.php\\\/2026\\\/03\\\/03\\\/kia-seltos-por-dentro-pantalla-gigante-y-baul-enorme\\\/#primaryimage\"},\"image\":{\"@id\":\"https:\\\/\\\/autofans.com.ar\\\/index.php\\\/2026\\\/03\\\/03\\\/kia-seltos-por-dentro-pantalla-gigante-y-baul-enorme\\\/#primaryimage\"},\"thumbnailUrl\":\"https:\\\/\\\/autofans.com.ar\\\/wp-content\\\/uploads\\\/2026\\\/03\\\/kia-4.jpg\",\"datePublished\":\"2026-03-03T21:44:12+00:00\",\"author\":{\"@id\":\"https:\\\/\\\/autofans.com.ar\\\/#\\\/schema\\\/person\\\/4a8dda0b6df83ac3d6723e921274c2aa\"},\"description\":\"Kia ya calienta motores se trata del Seltos, un SUV compacto que en el plano local se ubicar\u00e1 por debajo del Sportage...\",\"breadcrumb\":{\"@id\":\"https:\\\/\\\/autofans.com.ar\\\/index.php\\\/2026\\\/03\\\/03\\\/kia-seltos-por-dentro-pantalla-gigante-y-baul-enorme\\\/#breadcrumb\"},\"inLanguage\":\"es\",\"potentialAction\":[{\"@type\":\"ReadAction\",\"target\":[\"https:\\\/\\\/autofans.com.ar\\\/index.php\\\/2026\\\/03\\\/03\\\/kia-seltos-por-dentro-pantalla-gigante-y-baul-enorme\\\/\"]}]},{\"@type\":\"ImageObject\",\"inLanguage\":\"es\",\"@id\":\"https:\\\/\\\/autofans.com.ar\\\/index.php\\\/2026\\\/03\\\/03\\\/kia-seltos-por-dentro-pantalla-gigante-y-baul-enorme\\\/#primaryimage\",\"url\":\"https:\\\/\\\/autofans.com.ar\\\/wp-content\\\/uploads\\\/2026\\\/03\\\/kia-4.jpg\",\"contentUrl\":\"https:\\\/\\\/autofans.com.ar\\\/wp-content\\\/uploads\\\/2026\\\/03\\\/kia-4.jpg\",\"width\":1000,\"height\":667,\"caption\":\"Kia Seltos\"},{\"@type\":\"BreadcrumbList\",\"@id\":\"https:\\\/\\\/autofans.com.ar\\\/index.php\\\/2026\\\/03\\\/03\\\/kia-seltos-por-dentro-pantalla-gigante-y-baul-enorme\\\/#breadcrumb\",\"itemListElement\":[{\"@type\":\"ListItem\",\"position\":1,\"name\":\"Inicio\",\"item\":\"https:\\\/\\\/autofans.com.ar\\\/\"},{\"@type\":\"ListItem\",\"position\":2,\"name\":\"Kia Seltos por dentro, pantalla gigante y ba\u00fal enorme\"}]},{\"@type\":\"WebSite\",\"@id\":\"https:\\\/\\\/autofans.com.ar\\\/#website\",\"url\":\"https:\\\/\\\/autofans.com.ar\\\/\",\"name\":\"\",\"description\":\"El multimedio referente de la industria automotriz\",\"potentialAction\":[{\"@type\":\"SearchAction\",\"target\":{\"@type\":\"EntryPoint\",\"urlTemplate\":\"https:\\\/\\\/autofans.com.ar\\\/?s={search_term_string}\"},\"query-input\":{\"@type\":\"PropertyValueSpecification\",\"valueRequired\":true,\"valueName\":\"search_term_string\"}}],\"inLanguage\":\"es\"},{\"@type\":\"Person\",\"@id\":\"https:\\\/\\\/autofans.com.ar\\\/#\\\/schema\\\/person\\\/4a8dda0b6df83ac3d6723e921274c2aa\",\"name\":\"Alejandro Gabriel Rosito\",\"image\":{\"@type\":\"ImageObject\",\"inLanguage\":\"es\",\"@id\":\"https:\\\/\\\/secure.gravatar.com\\\/avatar\\\/16c5dda1489adfc62618084dcbb91cffd879c374b13fe5dd8e44ed6733852c88?s=96&d=mm&r=g\",\"url\":\"https:\\\/\\\/secure.gravatar.com\\\/avatar\\\/16c5dda1489adfc62618084dcbb91cffd879c374b13fe5dd8e44ed6733852c88?s=96&d=mm&r=g\",\"contentUrl\":\"https:\\\/\\\/secure.gravatar.com\\\/avatar\\\/16c5dda1489adfc62618084dcbb91cffd879c374b13fe5dd8e44ed6733852c88?s=96&d=mm&r=g\",\"caption\":\"Alejandro Gabriel Rosito\"},\"url\":\"https:\\\/\\\/autofans.com.ar\\\/index.php\\\/author\\\/gabrielr\\\/\"}]}<\/script>\n<!-- \/ Yoast SEO plugin. -->","yoast_head_json":{"title":"Kia Seltos por dentro, pantalla gigante y ba\u00fal enorme -","description":"Kia ya calienta motores se trata del Seltos, un SUV compacto que en el plano local se ubicar\u00e1 por debajo del Sportage...","robots":{"index":"index","follow":"follow","max-snippet":"max-snippet:-1","max-image-preview":"max-image-preview:large","max-video-preview":"max-video-preview:-1"},"canonical":"https:\/\/autofans.com.ar\/index.php\/2026\/03\/03\/kia-seltos-por-dentro-pantalla-gigante-y-baul-enorme\/","og_locale":"es_ES","og_type":"article","og_title":"Kia Seltos por dentro, pantalla gigante y ba\u00fal enorme -","og_description":"Kia ya calienta motores se trata del Seltos, un SUV compacto que en el plano local se ubicar\u00e1 por debajo del Sportage...","og_url":"https:\/\/autofans.com.ar\/index.php\/2026\/03\/03\/kia-seltos-por-dentro-pantalla-gigante-y-baul-enorme\/","article_published_time":"2026-03-03T21:44:12+00:00","og_image":[{"width":1000,"height":667,"url":"https:\/\/autofans.com.ar\/wp-content\/uploads\/2026\/03\/kia-4.jpg","type":"image\/jpeg"}],"author":"Alejandro Gabriel Rosito","twitter_card":"summary_large_image","twitter_misc":{"Escrito por":"Alejandro Gabriel Rosito","Tiempo de lectura":"4 minutos"},"schema":{"@context":"https:\/\/schema.org","@graph":[{"@type":"Article","@id":"https:\/\/autofans.com.ar\/index.php\/2026\/03\/03\/kia-seltos-por-dentro-pantalla-gigante-y-baul-enorme\/#article","isPartOf":{"@id":"https:\/\/autofans.com.ar\/index.php\/2026\/03\/03\/kia-seltos-por-dentro-pantalla-gigante-y-baul-enorme\/"},"author":{"name":"Alejandro Gabriel Rosito","@id":"https:\/\/autofans.com.ar\/#\/schema\/person\/4a8dda0b6df83ac3d6723e921274c2aa"},"headline":"Kia Seltos por dentro, pantalla gigante y ba\u00fal enorme","datePublished":"2026-03-03T21:44:12+00:00","mainEntityOfPage":{"@id":"https:\/\/autofans.com.ar\/index.php\/2026\/03\/03\/kia-seltos-por-dentro-pantalla-gigante-y-baul-enorme\/"},"wordCount":573,"image":{"@id":"https:\/\/autofans.com.ar\/index.php\/2026\/03\/03\/kia-seltos-por-dentro-pantalla-gigante-y-baul-enorme\/#primaryimage"},"thumbnailUrl":"https:\/\/autofans.com.ar\/wp-content\/uploads\/2026\/03\/kia-4.jpg","keywords":["auto familiar","autos 0KM","Kia Seltos 2026","Kia Seltos interior","Kia Seltos maletero","Kia Seltos precio","lanzamiento Kia Argentina","prueba Kia Seltos","SUV compacto Kia","Tecnolog\u00eda automotriz"],"articleSection":["AUTOS y SUV","NOTICIAS"],"inLanguage":"es"},{"@type":"WebPage","@id":"https:\/\/autofans.com.ar\/index.php\/2026\/03\/03\/kia-seltos-por-dentro-pantalla-gigante-y-baul-enorme\/","url":"https:\/\/autofans.com.ar\/index.php\/2026\/03\/03\/kia-seltos-por-dentro-pantalla-gigante-y-baul-enorme\/","name":"Kia Seltos por dentro, pantalla gigante y ba\u00fal enorme -","isPartOf":{"@id":"https:\/\/autofans.com.ar\/#website"},"primaryImageOfPage":{"@id":"https:\/\/autofans.com.ar\/index.php\/2026\/03\/03\/kia-seltos-por-dentro-pantalla-gigante-y-baul-enorme\/#primaryimage"},"image":{"@id":"https:\/\/autofans.com.ar\/index.php\/2026\/03\/03\/kia-seltos-por-dentro-pantalla-gigante-y-baul-enorme\/#primaryimage"},"thumbnailUrl":"https:\/\/autofans.com.ar\/wp-content\/uploads\/2026\/03\/kia-4.jpg","datePublished":"2026-03-03T21:44:12+00:00","author":{"@id":"https:\/\/autofans.com.ar\/#\/schema\/person\/4a8dda0b6df83ac3d6723e921274c2aa"},"description":"Kia ya calienta motores se trata del Seltos, un SUV compacto que en el plano local se ubicar\u00e1 por debajo del Sportage...","breadcrumb":{"@id":"https:\/\/autofans.com.ar\/index.php\/2026\/03\/03\/kia-seltos-por-dentro-pantalla-gigante-y-baul-enorme\/#breadcrumb"},"inLanguage":"es","potentialAction":[{"@type":"ReadAction","target":["https:\/\/autofans.com.ar\/index.php\/2026\/03\/03\/kia-seltos-por-dentro-pantalla-gigante-y-baul-enorme\/"]}]},{"@type":"ImageObject","inLanguage":"es","@id":"https:\/\/autofans.com.ar\/index.php\/2026\/03\/03\/kia-seltos-por-dentro-pantalla-gigante-y-baul-enorme\/#primaryimage","url":"https:\/\/autofans.com.ar\/wp-content\/uploads\/2026\/03\/kia-4.jpg","contentUrl":"https:\/\/autofans.com.ar\/wp-content\/uploads\/2026\/03\/kia-4.jpg","width":1000,"height":667,"caption":"Kia Seltos"},{"@type":"BreadcrumbList","@id":"https:\/\/autofans.com.ar\/index.php\/2026\/03\/03\/kia-seltos-por-dentro-pantalla-gigante-y-baul-enorme\/#breadcrumb","itemListElement":[{"@type":"ListItem","position":1,"name":"Inicio","item":"https:\/\/autofans.com.ar\/"},{"@type":"ListItem","position":2,"name":"Kia Seltos por dentro, pantalla gigante y ba\u00fal enorme"}]},{"@type":"WebSite","@id":"https:\/\/autofans.com.ar\/#website","url":"https:\/\/autofans.com.ar\/","name":"","description":"El multimedio referente de la industria automotriz","potentialAction":[{"@type":"SearchAction","target":{"@type":"EntryPoint","urlTemplate":"https:\/\/autofans.com.ar\/?s={search_term_string}"},"query-input":{"@type":"PropertyValueSpecification","valueRequired":true,"valueName":"search_term_string"}}],"inLanguage":"es"},{"@type":"Person","@id":"https:\/\/autofans.com.ar\/#\/schema\/person\/4a8dda0b6df83ac3d6723e921274c2aa","name":"Alejandro Gabriel Rosito","image":{"@type":"ImageObject","inLanguage":"es","@id":"https:\/\/secure.gravatar.com\/avatar\/16c5dda1489adfc62618084dcbb91cffd879c374b13fe5dd8e44ed6733852c88?s=96&d=mm&r=g","url":"https:\/\/secure.gravatar.com\/avatar\/16c5dda1489adfc62618084dcbb91cffd879c374b13fe5dd8e44ed6733852c88?s=96&d=mm&r=g","contentUrl":"https:\/\/secure.gravatar.com\/avatar\/16c5dda1489adfc62618084dcbb91cffd879c374b13fe5dd8e44ed6733852c88?s=96&d=mm&r=g","caption":"Alejandro Gabriel Rosito"},"url":"https:\/\/autofans.com.ar\/index.php\/author\/gabrielr\/"}]}},"featured_image_urls":{"full":["https:\/\/autofans.com.ar\/wp-content\/uploads\/2026\/03\/kia-4.jpg",1000,667,false],"thumbnail":["https:\/\/autofans.com.ar\/wp-content\/uploads\/2026\/03\/kia-4-150x150.jpg",150,150,true],"medium":["https:\/\/autofans.com.ar\/wp-content\/uploads\/2026\/03\/kia-4-300x200.jpg",300,200,true],"medium_large":["https:\/\/autofans.com.ar\/wp-content\/uploads\/2026\/03\/kia-4-768x512.jpg",640,427,true],"large":["https:\/\/autofans.com.ar\/wp-content\/uploads\/2026\/03\/kia-4.jpg",640,427,false],"1536x1536":["https:\/\/autofans.com.ar\/wp-content\/uploads\/2026\/03\/kia-4.jpg",1000,667,false],"2048x2048":["https:\/\/autofans.com.ar\/wp-content\/uploads\/2026\/03\/kia-4.jpg",1000,667,false],"covernews-featured":["https:\/\/autofans.com.ar\/wp-content\/uploads\/2026\/03\/kia-4.jpg",1000,667,false],"covernews-medium":["https:\/\/autofans.com.ar\/wp-content\/uploads\/2026\/03\/kia-4-540x340.jpg",540,340,true]},"author_info":{"display_name":"Alejandro Gabriel Rosito","author_link":"https:\/\/autofans.com.ar\/index.php\/author\/gabrielr\/"},"category_info":"<a href=\"https:\/\/autofans.com.ar\/index.php\/category\/noticias\/autos\/\" rel=\"category tag\">AUTOS y SUV<\/a> <a href=\"https:\/\/autofans.com.ar\/index.php\/category\/noticias\/\" rel=\"category tag\">NOTICIAS<\/a>","tag_info":"NOTICIAS","comment_count":0,"_links":{"self":[{"href":"https:\/\/autofans.com.ar\/index.php\/wp-json\/wp\/v2\/posts\/16304","targetHints":{"allow":["GET"]}}],"collection":[{"href":"https:\/\/autofans.com.ar\/index.php\/wp-json\/wp\/v2\/posts"}],"about":[{"href":"https:\/\/autofans.com.ar\/index.php\/wp-json\/wp\/v2\/types\/post"}],"author":[{"embeddable":true,"href":"https:\/\/autofans.com.ar\/index.php\/wp-json\/wp\/v2\/users\/2"}],"replies":[{"embeddable":true,"href":"https:\/\/autofans.com.ar\/index.php\/wp-json\/wp\/v2\/comments?post=16304"}],"version-history":[{"count":1,"href":"https:\/\/autofans.com.ar\/index.php\/wp-json\/wp\/v2\/posts\/16304\/revisions"}],"predecessor-version":[{"id":16309,"href":"https:\/\/autofans.com.ar\/index.php\/wp-json\/wp\/v2\/posts\/16304\/revisions\/16309"}],"wp:featuredmedia":[{"embeddable":true,"href":"https:\/\/autofans.com.ar\/index.php\/wp-json\/wp\/v2\/media\/16305"}],"wp:attachment":[{"href":"https:\/\/autofans.com.ar\/index.php\/wp-json\/wp\/v2\/media?parent=16304"}],"wp:term":[{"taxonomy":"category","embeddable":true,"href":"https:\/\/autofans.com.ar\/index.php\/wp-json\/wp\/v2\/categories?post=16304"},{"taxonomy":"post_tag","embeddable":true,"href":"https:\/\/autofans.com.ar\/index.php\/wp-json\/wp\/v2\/tags?post=16304"}],"curies":[{"name":"wp","href":"https:\/\/api.w.org\/{rel}","templated":true}]}}