{"id":16352,"date":"2026-03-09T20:14:38","date_gmt":"2026-03-09T23:14:38","guid":{"rendered":"https:\/\/autofans.com.ar\/?p=16352"},"modified":"2026-03-09T20:14:38","modified_gmt":"2026-03-09T23:14:38","slug":"la-nueva-generacion-del-honda-insight-es-un-electrico-con-formato-suv","status":"publish","type":"post","link":"https:\/\/autofans.com.ar\/index.php\/2026\/03\/09\/la-nueva-generacion-del-honda-insight-es-un-electrico-con-formato-suv\/","title":{"rendered":"La nueva generaci\u00f3n del Honda Insight es un el\u00e9ctrico con formato SUV"},"content":{"rendered":"<p class=\"ds-markdown-paragraph\">Despu\u00e9s de cuatro a\u00f1os de ausencia, Honda resucita uno de sus nombres m\u00e1s emblem\u00e1ticos: el Insight. Pero los fan\u00e1ticos de la marca japonesa se van a llevar una gran sorpresa. El pionero de la hibridaci\u00f3n, que en sus inicios fue un cup\u00e9 y luego mut\u00f3 a sed\u00e1n, regresa en un formato completamente distinto: el de un SUV compacto 100% el\u00e9ctrico.<\/p>\n<p>&nbsp;<\/p>\n<h2>El Honda Insight se olvida del Prius y renace como SUV a bater\u00eda<\/h2>\n<p>&nbsp;<\/p>\n<p><img fetchpriority=\"high\" decoding=\"async\" class=\"aligncenter wp-image-16358 size-full\" src=\"https:\/\/autofans.com.ar\/wp-content\/uploads\/2026\/03\/honda-4.jpg\" alt=\"Honda\" width=\"1000\" height=\"667\" srcset=\"https:\/\/autofans.com.ar\/wp-content\/uploads\/2026\/03\/honda-4.jpg 1000w, https:\/\/autofans.com.ar\/wp-content\/uploads\/2026\/03\/honda-4-300x200.jpg 300w, https:\/\/autofans.com.ar\/wp-content\/uploads\/2026\/03\/honda-4-768x512.jpg 768w\" sizes=\"(max-width: 1000px) 100vw, 1000px\" \/><\/p>\n<p>&nbsp;<\/p>\n<p class=\"ds-markdown-paragraph\">La noticia marca un quiebre total con su historia. El nuevo Insight ya no viene a competir con el Toyota Prius, su rival hist\u00f3rico. Directamente, cambia las reglas del juego al eliminar por completo el motor de combusti\u00f3n. Ahora es un veh\u00edculo el\u00e9ctrico (EV) con un dise\u00f1o de crossover que rompe con la est\u00e9tica m\u00e1s tradicional de la marca.<\/p>\n<p>&nbsp;<\/p>\n<h2 class=\"ds-markdown-paragraph\">Un aire muy familiar (chino)<\/h2>\n<p class=\"ds-markdown-paragraph\">A simple vista, el auto llama la atenci\u00f3n por sus l\u00edneas modernas. Los faros y pilotos con forma de bumer\u00e1n y las tiras de luz delanteras y traseras lo ponen a tono con las tendencias actuales. Sin embargo, al observarlo con detenimiento, las similitudes con otros modelos son inevitables.<\/p>\n<p>&nbsp;<\/p>\n<div id='gallery-1' class='gallery galleryid-16352 gallery-columns-2 gallery-size-full'><figure class='gallery-item'>\n\t\t\t<div class='gallery-icon landscape'>\n\t\t\t\t<a href='https:\/\/autofans.com.ar\/index.php\/2026\/03\/09\/la-nueva-generacion-del-honda-insight-es-un-electrico-con-formato-suv\/honda-7-3\/'><img loading=\"lazy\" width=\"1000\" height=\"667\" src=\"https:\/\/autofans.com.ar\/wp-content\/uploads\/2026\/03\/honda-7.jpg\" class=\"attachment-full size-full\" alt=\"Honda\" srcset=\"https:\/\/autofans.com.ar\/wp-content\/uploads\/2026\/03\/honda-7.jpg 1000w, https:\/\/autofans.com.ar\/wp-content\/uploads\/2026\/03\/honda-7-300x200.jpg 300w, https:\/\/autofans.com.ar\/wp-content\/uploads\/2026\/03\/honda-7-768x512.jpg 768w\" sizes=\"auto, (max-width: 1000px) 100vw, 1000px\" loading=\"lazy\" decoding=\"async\" \/><\/a>\n\t\t\t<\/div><\/figure><figure class='gallery-item'>\n\t\t\t<div class='gallery-icon landscape'>\n\t\t\t\t<a href='https:\/\/autofans.com.ar\/index.php\/2026\/03\/09\/la-nueva-generacion-del-honda-insight-es-un-electrico-con-formato-suv\/honda-8-3\/'><img loading=\"lazy\" width=\"1000\" height=\"667\" src=\"https:\/\/autofans.com.ar\/wp-content\/uploads\/2026\/03\/honda-8.jpg\" class=\"attachment-full size-full\" alt=\"Honda\" srcset=\"https:\/\/autofans.com.ar\/wp-content\/uploads\/2026\/03\/honda-8.jpg 1000w, https:\/\/autofans.com.ar\/wp-content\/uploads\/2026\/03\/honda-8-300x200.jpg 300w, https:\/\/autofans.com.ar\/wp-content\/uploads\/2026\/03\/honda-8-768x512.jpg 768w\" sizes=\"auto, (max-width: 1000px) 100vw, 1000px\" loading=\"lazy\" decoding=\"async\" \/><\/a>\n\t\t\t<\/div><\/figure>\n\t\t<\/div>\n\n<p>&nbsp;<\/p>\n<p class=\"ds-markdown-paragraph\">El nuevo Insight guarda un parecido m\u00e1s que casual con el Honda e:NS2, un crossover el\u00e9ctrico que la <em>joint venture<\/em> de la marca con Dongfeng Motor ya vende en China desde 2024. De hecho, la comparaci\u00f3n va m\u00e1s all\u00e1 de lo est\u00e9tico. Las im\u00e1genes del interior revelan un calco: el tablero, la pantalla t\u00e1ctil flotante de 12,8 pulgadas y la ausencia de botones f\u00edsicos para la climatizaci\u00f3n son id\u00e9nticos.<\/p>\n<p>&nbsp;<\/p>\n<h2 class=\"ds-markdown-paragraph\">Tecnolog\u00eda y prestaciones con sello oriental<\/h2>\n<p class=\"ds-markdown-paragraph\">Honda no dio todos los detalles t\u00e9cnicos, pero s\u00ed confirm\u00f3 una autonom\u00eda superior a los 500 kil\u00f3metros bajo el ciclo WLTC. Tambi\u00e9n habl\u00f3 de un motor el\u00e9ctrico que entrega un par de 310 Nm y la inclusi\u00f3n de un modo Sport con sonidos aumentados para una experiencia m\u00e1s \u00abpicante\u00bb.<\/p>\n<p class=\"ds-markdown-paragraph\">Si miramos la ficha del e:NS2, el hermano chino, encontramos los datos que faltan: un motor delantero de 201 CV y una bater\u00eda de 68,8 kWh que, en el ciclo CLTC (el usado en China), homologa 545 km de autonom\u00eda. No es casualidad que las cifras de par coincidan al pie de la letra.<\/p>\n<p>&nbsp;<\/p>\n<div id='gallery-2' class='gallery galleryid-16352 gallery-columns-3 gallery-size-full'><figure class='gallery-item'>\n\t\t\t<div class='gallery-icon landscape'>\n\t\t\t\t<a href='https:\/\/autofans.com.ar\/index.php\/2026\/03\/09\/la-nueva-generacion-del-honda-insight-es-un-electrico-con-formato-suv\/honda-1-21\/'><img loading=\"lazy\" width=\"1000\" height=\"667\" src=\"https:\/\/autofans.com.ar\/wp-content\/uploads\/2026\/03\/honda-1.jpg\" class=\"attachment-full size-full\" alt=\"Honda\" srcset=\"https:\/\/autofans.com.ar\/wp-content\/uploads\/2026\/03\/honda-1.jpg 1000w, https:\/\/autofans.com.ar\/wp-content\/uploads\/2026\/03\/honda-1-300x200.jpg 300w, https:\/\/autofans.com.ar\/wp-content\/uploads\/2026\/03\/honda-1-768x512.jpg 768w\" sizes=\"auto, (max-width: 1000px) 100vw, 1000px\" loading=\"lazy\" decoding=\"async\" \/><\/a>\n\t\t\t<\/div><\/figure><figure class='gallery-item'>\n\t\t\t<div class='gallery-icon landscape'>\n\t\t\t\t<a href='https:\/\/autofans.com.ar\/index.php\/2026\/03\/09\/la-nueva-generacion-del-honda-insight-es-un-electrico-con-formato-suv\/honda-2-21\/'><img loading=\"lazy\" width=\"1000\" height=\"667\" src=\"https:\/\/autofans.com.ar\/wp-content\/uploads\/2026\/03\/honda-2.jpg\" class=\"attachment-full size-full\" alt=\"Honda\" srcset=\"https:\/\/autofans.com.ar\/wp-content\/uploads\/2026\/03\/honda-2.jpg 1000w, https:\/\/autofans.com.ar\/wp-content\/uploads\/2026\/03\/honda-2-300x200.jpg 300w, https:\/\/autofans.com.ar\/wp-content\/uploads\/2026\/03\/honda-2-768x512.jpg 768w\" sizes=\"auto, (max-width: 1000px) 100vw, 1000px\" loading=\"lazy\" decoding=\"async\" \/><\/a>\n\t\t\t<\/div><\/figure><figure class='gallery-item'>\n\t\t\t<div class='gallery-icon landscape'>\n\t\t\t\t<a href='https:\/\/autofans.com.ar\/index.php\/2026\/03\/09\/la-nueva-generacion-del-honda-insight-es-un-electrico-con-formato-suv\/honda-3-21\/'><img loading=\"lazy\" width=\"1000\" height=\"667\" src=\"https:\/\/autofans.com.ar\/wp-content\/uploads\/2026\/03\/honda-3.jpg\" class=\"attachment-full size-full\" alt=\"Honda\" srcset=\"https:\/\/autofans.com.ar\/wp-content\/uploads\/2026\/03\/honda-3.jpg 1000w, https:\/\/autofans.com.ar\/wp-content\/uploads\/2026\/03\/honda-3-300x200.jpg 300w, https:\/\/autofans.com.ar\/wp-content\/uploads\/2026\/03\/honda-3-768x512.jpg 768w\" sizes=\"auto, (max-width: 1000px) 100vw, 1000px\" loading=\"lazy\" decoding=\"async\" \/><\/a>\n\t\t\t<\/div><\/figure>\n\t\t<\/div>\n\n<p>&nbsp;<\/p>\n<p class=\"ds-markdown-paragraph\">El equipamiento, como suele pasar en los veh\u00edculos desarrollados para el mercado asi\u00e1tico, es generoso. El Insight 2026 incluye butacas delanteras con ajuste el\u00e9ctrico y ventilaci\u00f3n, volante calefaccionado, equipo de sonido Bose con 12 parlantes, Head-up Display y hasta un dispensador de perfume. Detalles como la c\u00e1mara frontal con grabaci\u00f3n integrada (\u00fatil para siniestros) o los asientos traseros reclinables completan un paquete muy atractivo.<\/p>\n<p class=\"ds-markdown-paragraph\">El nuevo Honda Insight se lanzar\u00e1 en Jap\u00f3n durante la primavera boreal. La marca tiene previsto comenzar a recibir reservas desde el pr\u00f3ximo 19 de marzo. Habr\u00e1 que esperar para ver si esta nueva identidad, nacida en China, llegar\u00e1 a otros mercados o se quedar\u00e1 solo en el asi\u00e1tico.<\/p>\n<p>&nbsp;<\/p>\n<p>&nbsp;<\/p>\n<p>&nbsp;<\/p>\n<p><i>Para enterarte de m\u00e1s novedades, no dejes de leer\u00a0<\/i><a href=\"https:\/\/autofans.thebrandsoup.com\/\"><i>nuestras notas<\/i><\/a><i>, de ver\u00a0<\/i><a href=\"https:\/\/www.youtube.com\/channel\/UCgAC8UGHZYbT6P7PpmVnP7g\"><i>AUTOFANS TV<\/i><\/a><i>\u00a0en nuestro\u00a0canal de Youtube. Adem\u00e1s seguinos en\u00a0<\/i><a href=\"https:\/\/www.instagram.com\/autofanstv\/\"><i>INSTAGRAM<\/i><\/a><i> y <\/i><a href=\"https:\/\/www.facebook.com\/autofansmas\/\"><i>FACEBOOK<\/i><\/a><i> para no perderte nada sobre las novedades del segmento automotor de Argentina y el mundo.<\/i><\/p>\n","protected":false},"excerpt":{"rendered":"<p>Despu\u00e9s de cuatro a\u00f1os de ausencia, Honda resucita uno de sus nombres m\u00e1s emblem\u00e1ticos: el&#8230;<\/p>\n","protected":false},"author":2,"featured_media":16356,"comment_status":"closed","ping_status":"closed","sticky":false,"template":"","format":"standard","meta":{"footnotes":""},"categories":[341,16],"tags":[8693,8696,8689,8694,8690,8687,8688,8695,8692,8691],"class_list":["post-16352","post","type-post","status-publish","format-standard","has-post-thumbnail","hentry","category-hibridos-y-electricos","category-noticias","tag-auto-electrico-japones","tag-autonomia-honda-insight","tag-crossover-electrico-honda","tag-honda-china","tag-honda-ens2","tag-honda-insight-2026","tag-honda-insight-nuevo","tag-honda-insight-precio","tag-lanzamientos-honda","tag-suv-electrico-honda"],"yoast_head":"<!-- This site is optimized with the Yoast SEO plugin v27.4 - https:\/\/yoast.com\/product\/yoast-seo-wordpress\/ -->\n<title>La nueva generaci\u00f3n del Honda Insight es un el\u00e9ctrico con formato SUV -<\/title>\n<meta name=\"description\" content=\"Honda resucita uno de sus nombres m\u00e1s emblem\u00e1ticos: el Insight. Pero los fan\u00e1ticos de la marca japonesa se van a llevar una gran sorpresa...\" \/>\n<meta name=\"robots\" content=\"index, follow, max-snippet:-1, max-image-preview:large, max-video-preview:-1\" \/>\n<link rel=\"canonical\" href=\"https:\/\/autofans.com.ar\/index.php\/2026\/03\/09\/la-nueva-generacion-del-honda-insight-es-un-electrico-con-formato-suv\/\" \/>\n<meta property=\"og:locale\" content=\"es_ES\" \/>\n<meta property=\"og:type\" content=\"article\" \/>\n<meta property=\"og:title\" content=\"La nueva generaci\u00f3n del Honda Insight es un el\u00e9ctrico con formato SUV -\" \/>\n<meta property=\"og:description\" content=\"Honda resucita uno de sus nombres m\u00e1s emblem\u00e1ticos: el Insight. Pero los fan\u00e1ticos de la marca japonesa se van a llevar una gran sorpresa...\" \/>\n<meta property=\"og:url\" content=\"https:\/\/autofans.com.ar\/index.php\/2026\/03\/09\/la-nueva-generacion-del-honda-insight-es-un-electrico-con-formato-suv\/\" \/>\n<meta property=\"article:published_time\" content=\"2026-03-09T23:14:38+00:00\" \/>\n<meta property=\"og:image\" content=\"https:\/\/autofans.com.ar\/wp-content\/uploads\/2026\/03\/honda-6.jpg\" \/>\n\t<meta property=\"og:image:width\" content=\"1000\" \/>\n\t<meta property=\"og:image:height\" content=\"667\" \/>\n\t<meta property=\"og:image:type\" content=\"image\/jpeg\" \/>\n<meta name=\"author\" content=\"Alejandro Gabriel Rosito\" \/>\n<meta name=\"twitter:card\" content=\"summary_large_image\" \/>\n<meta name=\"twitter:label1\" content=\"Escrito por\" \/>\n\t<meta name=\"twitter:data1\" content=\"Alejandro Gabriel Rosito\" \/>\n\t<meta name=\"twitter:label2\" content=\"Tiempo de lectura\" \/>\n\t<meta name=\"twitter:data2\" content=\"3 minutos\" \/>\n<script type=\"application\/ld+json\" class=\"yoast-schema-graph\">{\"@context\":\"https:\\\/\\\/schema.org\",\"@graph\":[{\"@type\":\"Article\",\"@id\":\"https:\\\/\\\/autofans.com.ar\\\/index.php\\\/2026\\\/03\\\/09\\\/la-nueva-generacion-del-honda-insight-es-un-electrico-con-formato-suv\\\/#article\",\"isPartOf\":{\"@id\":\"https:\\\/\\\/autofans.com.ar\\\/index.php\\\/2026\\\/03\\\/09\\\/la-nueva-generacion-del-honda-insight-es-un-electrico-con-formato-suv\\\/\"},\"author\":{\"name\":\"Alejandro Gabriel Rosito\",\"@id\":\"https:\\\/\\\/autofans.com.ar\\\/#\\\/schema\\\/person\\\/4a8dda0b6df83ac3d6723e921274c2aa\"},\"headline\":\"La nueva generaci\u00f3n del Honda Insight es un el\u00e9ctrico con formato SUV\",\"datePublished\":\"2026-03-09T23:14:38+00:00\",\"mainEntityOfPage\":{\"@id\":\"https:\\\/\\\/autofans.com.ar\\\/index.php\\\/2026\\\/03\\\/09\\\/la-nueva-generacion-del-honda-insight-es-un-electrico-con-formato-suv\\\/\"},\"wordCount\":594,\"image\":{\"@id\":\"https:\\\/\\\/autofans.com.ar\\\/index.php\\\/2026\\\/03\\\/09\\\/la-nueva-generacion-del-honda-insight-es-un-electrico-con-formato-suv\\\/#primaryimage\"},\"thumbnailUrl\":\"https:\\\/\\\/autofans.com.ar\\\/wp-content\\\/uploads\\\/2026\\\/03\\\/honda-6.jpg\",\"keywords\":[\"auto el\u00e9ctrico japon\u00e9s\",\"autonom\u00eda Honda Insight\",\"crossover el\u00e9ctrico Honda\",\"Honda China\",\"Honda e:NS2\",\"Honda Insight 2026\",\"Honda Insight nuevo\",\"Honda Insight precio\",\"lanzamientos Honda\",\"SUV el\u00e9ctrico Honda\"],\"articleSection\":[\"HIBRIDOS, ELECTRICOS y otros\",\"NOTICIAS\"],\"inLanguage\":\"es\"},{\"@type\":\"WebPage\",\"@id\":\"https:\\\/\\\/autofans.com.ar\\\/index.php\\\/2026\\\/03\\\/09\\\/la-nueva-generacion-del-honda-insight-es-un-electrico-con-formato-suv\\\/\",\"url\":\"https:\\\/\\\/autofans.com.ar\\\/index.php\\\/2026\\\/03\\\/09\\\/la-nueva-generacion-del-honda-insight-es-un-electrico-con-formato-suv\\\/\",\"name\":\"La nueva generaci\u00f3n del Honda Insight es un el\u00e9ctrico con formato SUV -\",\"isPartOf\":{\"@id\":\"https:\\\/\\\/autofans.com.ar\\\/#website\"},\"primaryImageOfPage\":{\"@id\":\"https:\\\/\\\/autofans.com.ar\\\/index.php\\\/2026\\\/03\\\/09\\\/la-nueva-generacion-del-honda-insight-es-un-electrico-con-formato-suv\\\/#primaryimage\"},\"image\":{\"@id\":\"https:\\\/\\\/autofans.com.ar\\\/index.php\\\/2026\\\/03\\\/09\\\/la-nueva-generacion-del-honda-insight-es-un-electrico-con-formato-suv\\\/#primaryimage\"},\"thumbnailUrl\":\"https:\\\/\\\/autofans.com.ar\\\/wp-content\\\/uploads\\\/2026\\\/03\\\/honda-6.jpg\",\"datePublished\":\"2026-03-09T23:14:38+00:00\",\"author\":{\"@id\":\"https:\\\/\\\/autofans.com.ar\\\/#\\\/schema\\\/person\\\/4a8dda0b6df83ac3d6723e921274c2aa\"},\"description\":\"Honda resucita uno de sus nombres m\u00e1s emblem\u00e1ticos: el Insight. Pero los fan\u00e1ticos de la marca japonesa se van a llevar una gran sorpresa...\",\"breadcrumb\":{\"@id\":\"https:\\\/\\\/autofans.com.ar\\\/index.php\\\/2026\\\/03\\\/09\\\/la-nueva-generacion-del-honda-insight-es-un-electrico-con-formato-suv\\\/#breadcrumb\"},\"inLanguage\":\"es\",\"potentialAction\":[{\"@type\":\"ReadAction\",\"target\":[\"https:\\\/\\\/autofans.com.ar\\\/index.php\\\/2026\\\/03\\\/09\\\/la-nueva-generacion-del-honda-insight-es-un-electrico-con-formato-suv\\\/\"]}]},{\"@type\":\"ImageObject\",\"inLanguage\":\"es\",\"@id\":\"https:\\\/\\\/autofans.com.ar\\\/index.php\\\/2026\\\/03\\\/09\\\/la-nueva-generacion-del-honda-insight-es-un-electrico-con-formato-suv\\\/#primaryimage\",\"url\":\"https:\\\/\\\/autofans.com.ar\\\/wp-content\\\/uploads\\\/2026\\\/03\\\/honda-6.jpg\",\"contentUrl\":\"https:\\\/\\\/autofans.com.ar\\\/wp-content\\\/uploads\\\/2026\\\/03\\\/honda-6.jpg\",\"width\":1000,\"height\":667,\"caption\":\"Honda\"},{\"@type\":\"BreadcrumbList\",\"@id\":\"https:\\\/\\\/autofans.com.ar\\\/index.php\\\/2026\\\/03\\\/09\\\/la-nueva-generacion-del-honda-insight-es-un-electrico-con-formato-suv\\\/#breadcrumb\",\"itemListElement\":[{\"@type\":\"ListItem\",\"position\":1,\"name\":\"Inicio\",\"item\":\"https:\\\/\\\/autofans.com.ar\\\/\"},{\"@type\":\"ListItem\",\"position\":2,\"name\":\"La nueva generaci\u00f3n del Honda Insight es un el\u00e9ctrico con formato SUV\"}]},{\"@type\":\"WebSite\",\"@id\":\"https:\\\/\\\/autofans.com.ar\\\/#website\",\"url\":\"https:\\\/\\\/autofans.com.ar\\\/\",\"name\":\"\",\"description\":\"El multimedio referente de la industria automotriz\",\"potentialAction\":[{\"@type\":\"SearchAction\",\"target\":{\"@type\":\"EntryPoint\",\"urlTemplate\":\"https:\\\/\\\/autofans.com.ar\\\/?s={search_term_string}\"},\"query-input\":{\"@type\":\"PropertyValueSpecification\",\"valueRequired\":true,\"valueName\":\"search_term_string\"}}],\"inLanguage\":\"es\"},{\"@type\":\"Person\",\"@id\":\"https:\\\/\\\/autofans.com.ar\\\/#\\\/schema\\\/person\\\/4a8dda0b6df83ac3d6723e921274c2aa\",\"name\":\"Alejandro Gabriel Rosito\",\"image\":{\"@type\":\"ImageObject\",\"inLanguage\":\"es\",\"@id\":\"https:\\\/\\\/secure.gravatar.com\\\/avatar\\\/16c5dda1489adfc62618084dcbb91cffd879c374b13fe5dd8e44ed6733852c88?s=96&d=mm&r=g\",\"url\":\"https:\\\/\\\/secure.gravatar.com\\\/avatar\\\/16c5dda1489adfc62618084dcbb91cffd879c374b13fe5dd8e44ed6733852c88?s=96&d=mm&r=g\",\"contentUrl\":\"https:\\\/\\\/secure.gravatar.com\\\/avatar\\\/16c5dda1489adfc62618084dcbb91cffd879c374b13fe5dd8e44ed6733852c88?s=96&d=mm&r=g\",\"caption\":\"Alejandro Gabriel Rosito\"},\"url\":\"https:\\\/\\\/autofans.com.ar\\\/index.php\\\/author\\\/gabrielr\\\/\"}]}<\/script>\n<!-- \/ Yoast SEO plugin. -->","yoast_head_json":{"title":"La nueva generaci\u00f3n del Honda Insight es un el\u00e9ctrico con formato SUV -","description":"Honda resucita uno de sus nombres m\u00e1s emblem\u00e1ticos: el Insight. Pero los fan\u00e1ticos de la marca japonesa se van a llevar una gran sorpresa...","robots":{"index":"index","follow":"follow","max-snippet":"max-snippet:-1","max-image-preview":"max-image-preview:large","max-video-preview":"max-video-preview:-1"},"canonical":"https:\/\/autofans.com.ar\/index.php\/2026\/03\/09\/la-nueva-generacion-del-honda-insight-es-un-electrico-con-formato-suv\/","og_locale":"es_ES","og_type":"article","og_title":"La nueva generaci\u00f3n del Honda Insight es un el\u00e9ctrico con formato SUV -","og_description":"Honda resucita uno de sus nombres m\u00e1s emblem\u00e1ticos: el Insight. Pero los fan\u00e1ticos de la marca japonesa se van a llevar una gran sorpresa...","og_url":"https:\/\/autofans.com.ar\/index.php\/2026\/03\/09\/la-nueva-generacion-del-honda-insight-es-un-electrico-con-formato-suv\/","article_published_time":"2026-03-09T23:14:38+00:00","og_image":[{"width":1000,"height":667,"url":"https:\/\/autofans.com.ar\/wp-content\/uploads\/2026\/03\/honda-6.jpg","type":"image\/jpeg"}],"author":"Alejandro Gabriel Rosito","twitter_card":"summary_large_image","twitter_misc":{"Escrito por":"Alejandro Gabriel Rosito","Tiempo de lectura":"3 minutos"},"schema":{"@context":"https:\/\/schema.org","@graph":[{"@type":"Article","@id":"https:\/\/autofans.com.ar\/index.php\/2026\/03\/09\/la-nueva-generacion-del-honda-insight-es-un-electrico-con-formato-suv\/#article","isPartOf":{"@id":"https:\/\/autofans.com.ar\/index.php\/2026\/03\/09\/la-nueva-generacion-del-honda-insight-es-un-electrico-con-formato-suv\/"},"author":{"name":"Alejandro Gabriel Rosito","@id":"https:\/\/autofans.com.ar\/#\/schema\/person\/4a8dda0b6df83ac3d6723e921274c2aa"},"headline":"La nueva generaci\u00f3n del Honda Insight es un el\u00e9ctrico con formato SUV","datePublished":"2026-03-09T23:14:38+00:00","mainEntityOfPage":{"@id":"https:\/\/autofans.com.ar\/index.php\/2026\/03\/09\/la-nueva-generacion-del-honda-insight-es-un-electrico-con-formato-suv\/"},"wordCount":594,"image":{"@id":"https:\/\/autofans.com.ar\/index.php\/2026\/03\/09\/la-nueva-generacion-del-honda-insight-es-un-electrico-con-formato-suv\/#primaryimage"},"thumbnailUrl":"https:\/\/autofans.com.ar\/wp-content\/uploads\/2026\/03\/honda-6.jpg","keywords":["auto el\u00e9ctrico japon\u00e9s","autonom\u00eda Honda Insight","crossover el\u00e9ctrico Honda","Honda China","Honda e:NS2","Honda Insight 2026","Honda Insight nuevo","Honda Insight precio","lanzamientos Honda","SUV el\u00e9ctrico Honda"],"articleSection":["HIBRIDOS, ELECTRICOS y otros","NOTICIAS"],"inLanguage":"es"},{"@type":"WebPage","@id":"https:\/\/autofans.com.ar\/index.php\/2026\/03\/09\/la-nueva-generacion-del-honda-insight-es-un-electrico-con-formato-suv\/","url":"https:\/\/autofans.com.ar\/index.php\/2026\/03\/09\/la-nueva-generacion-del-honda-insight-es-un-electrico-con-formato-suv\/","name":"La nueva generaci\u00f3n del Honda Insight es un el\u00e9ctrico con formato SUV -","isPartOf":{"@id":"https:\/\/autofans.com.ar\/#website"},"primaryImageOfPage":{"@id":"https:\/\/autofans.com.ar\/index.php\/2026\/03\/09\/la-nueva-generacion-del-honda-insight-es-un-electrico-con-formato-suv\/#primaryimage"},"image":{"@id":"https:\/\/autofans.com.ar\/index.php\/2026\/03\/09\/la-nueva-generacion-del-honda-insight-es-un-electrico-con-formato-suv\/#primaryimage"},"thumbnailUrl":"https:\/\/autofans.com.ar\/wp-content\/uploads\/2026\/03\/honda-6.jpg","datePublished":"2026-03-09T23:14:38+00:00","author":{"@id":"https:\/\/autofans.com.ar\/#\/schema\/person\/4a8dda0b6df83ac3d6723e921274c2aa"},"description":"Honda resucita uno de sus nombres m\u00e1s emblem\u00e1ticos: el Insight. Pero los fan\u00e1ticos de la marca japonesa se van a llevar una gran sorpresa...","breadcrumb":{"@id":"https:\/\/autofans.com.ar\/index.php\/2026\/03\/09\/la-nueva-generacion-del-honda-insight-es-un-electrico-con-formato-suv\/#breadcrumb"},"inLanguage":"es","potentialAction":[{"@type":"ReadAction","target":["https:\/\/autofans.com.ar\/index.php\/2026\/03\/09\/la-nueva-generacion-del-honda-insight-es-un-electrico-con-formato-suv\/"]}]},{"@type":"ImageObject","inLanguage":"es","@id":"https:\/\/autofans.com.ar\/index.php\/2026\/03\/09\/la-nueva-generacion-del-honda-insight-es-un-electrico-con-formato-suv\/#primaryimage","url":"https:\/\/autofans.com.ar\/wp-content\/uploads\/2026\/03\/honda-6.jpg","contentUrl":"https:\/\/autofans.com.ar\/wp-content\/uploads\/2026\/03\/honda-6.jpg","width":1000,"height":667,"caption":"Honda"},{"@type":"BreadcrumbList","@id":"https:\/\/autofans.com.ar\/index.php\/2026\/03\/09\/la-nueva-generacion-del-honda-insight-es-un-electrico-con-formato-suv\/#breadcrumb","itemListElement":[{"@type":"ListItem","position":1,"name":"Inicio","item":"https:\/\/autofans.com.ar\/"},{"@type":"ListItem","position":2,"name":"La nueva generaci\u00f3n del Honda Insight es un el\u00e9ctrico con formato SUV"}]},{"@type":"WebSite","@id":"https:\/\/autofans.com.ar\/#website","url":"https:\/\/autofans.com.ar\/","name":"","description":"El multimedio referente de la industria automotriz","potentialAction":[{"@type":"SearchAction","target":{"@type":"EntryPoint","urlTemplate":"https:\/\/autofans.com.ar\/?s={search_term_string}"},"query-input":{"@type":"PropertyValueSpecification","valueRequired":true,"valueName":"search_term_string"}}],"inLanguage":"es"},{"@type":"Person","@id":"https:\/\/autofans.com.ar\/#\/schema\/person\/4a8dda0b6df83ac3d6723e921274c2aa","name":"Alejandro Gabriel Rosito","image":{"@type":"ImageObject","inLanguage":"es","@id":"https:\/\/secure.gravatar.com\/avatar\/16c5dda1489adfc62618084dcbb91cffd879c374b13fe5dd8e44ed6733852c88?s=96&d=mm&r=g","url":"https:\/\/secure.gravatar.com\/avatar\/16c5dda1489adfc62618084dcbb91cffd879c374b13fe5dd8e44ed6733852c88?s=96&d=mm&r=g","contentUrl":"https:\/\/secure.gravatar.com\/avatar\/16c5dda1489adfc62618084dcbb91cffd879c374b13fe5dd8e44ed6733852c88?s=96&d=mm&r=g","caption":"Alejandro Gabriel Rosito"},"url":"https:\/\/autofans.com.ar\/index.php\/author\/gabrielr\/"}]}},"featured_image_urls":{"full":["https:\/\/autofans.com.ar\/wp-content\/uploads\/2026\/03\/honda-6.jpg",1000,667,false],"thumbnail":["https:\/\/autofans.com.ar\/wp-content\/uploads\/2026\/03\/honda-6-150x150.jpg",150,150,true],"medium":["https:\/\/autofans.com.ar\/wp-content\/uploads\/2026\/03\/honda-6-300x200.jpg",300,200,true],"medium_large":["https:\/\/autofans.com.ar\/wp-content\/uploads\/2026\/03\/honda-6-768x512.jpg",640,427,true],"large":["https:\/\/autofans.com.ar\/wp-content\/uploads\/2026\/03\/honda-6.jpg",640,427,false],"1536x1536":["https:\/\/autofans.com.ar\/wp-content\/uploads\/2026\/03\/honda-6.jpg",1000,667,false],"2048x2048":["https:\/\/autofans.com.ar\/wp-content\/uploads\/2026\/03\/honda-6.jpg",1000,667,false],"covernews-featured":["https:\/\/autofans.com.ar\/wp-content\/uploads\/2026\/03\/honda-6.jpg",1000,667,false],"covernews-medium":["https:\/\/autofans.com.ar\/wp-content\/uploads\/2026\/03\/honda-6-540x340.jpg",540,340,true]},"author_info":{"display_name":"Alejandro Gabriel Rosito","author_link":"https:\/\/autofans.com.ar\/index.php\/author\/gabrielr\/"},"category_info":"<a href=\"https:\/\/autofans.com.ar\/index.php\/category\/noticias\/hibridos-y-electricos\/\" rel=\"category tag\">HIBRIDOS, ELECTRICOS y otros<\/a> <a href=\"https:\/\/autofans.com.ar\/index.php\/category\/noticias\/\" rel=\"category tag\">NOTICIAS<\/a>","tag_info":"NOTICIAS","comment_count":0,"_links":{"self":[{"href":"https:\/\/autofans.com.ar\/index.php\/wp-json\/wp\/v2\/posts\/16352","targetHints":{"allow":["GET"]}}],"collection":[{"href":"https:\/\/autofans.com.ar\/index.php\/wp-json\/wp\/v2\/posts"}],"about":[{"href":"https:\/\/autofans.com.ar\/index.php\/wp-json\/wp\/v2\/types\/post"}],"author":[{"embeddable":true,"href":"https:\/\/autofans.com.ar\/index.php\/wp-json\/wp\/v2\/users\/2"}],"replies":[{"embeddable":true,"href":"https:\/\/autofans.com.ar\/index.php\/wp-json\/wp\/v2\/comments?post=16352"}],"version-history":[{"count":2,"href":"https:\/\/autofans.com.ar\/index.php\/wp-json\/wp\/v2\/posts\/16352\/revisions"}],"predecessor-version":[{"id":16362,"href":"https:\/\/autofans.com.ar\/index.php\/wp-json\/wp\/v2\/posts\/16352\/revisions\/16362"}],"wp:featuredmedia":[{"embeddable":true,"href":"https:\/\/autofans.com.ar\/index.php\/wp-json\/wp\/v2\/media\/16356"}],"wp:attachment":[{"href":"https:\/\/autofans.com.ar\/index.php\/wp-json\/wp\/v2\/media?parent=16352"}],"wp:term":[{"taxonomy":"category","embeddable":true,"href":"https:\/\/autofans.com.ar\/index.php\/wp-json\/wp\/v2\/categories?post=16352"},{"taxonomy":"post_tag","embeddable":true,"href":"https:\/\/autofans.com.ar\/index.php\/wp-json\/wp\/v2\/tags?post=16352"}],"curies":[{"name":"wp","href":"https:\/\/api.w.org\/{rel}","templated":true}]}}