{"id":16363,"date":"2026-03-10T12:52:53","date_gmt":"2026-03-10T15:52:53","guid":{"rendered":"https:\/\/autofans.com.ar\/?p=16363"},"modified":"2026-03-10T12:52:53","modified_gmt":"2026-03-10T15:52:53","slug":"bmw-group-y-un-verano-a-puro-privilegio-en-la-costa","status":"publish","type":"post","link":"https:\/\/autofans.com.ar\/index.php\/2026\/03\/10\/bmw-group-y-un-verano-a-puro-privilegio-en-la-costa\/","title":{"rendered":"BMW Group y un verano a puro privilegio en la costa"},"content":{"rendered":"<p class=\"ds-markdown-paragraph\">El verano no solo fue sin\u00f3nimo de sol y playa para BMW Group Argentina. La compa\u00f1\u00eda aprovech\u00f3 la temporada para acercarse a sus clientes con una agenda de eventos que combin\u00f3 gastronom\u00eda de alto nivel, m\u00fasica en vivo y la exhibici\u00f3n de su portafolio m\u00e1s potente. Lejos de limitarse a las tradicionales pruebas de manejo \u2014de las que concret\u00f3 m\u00e1s de 250\u2014, la firma alemana apost\u00f3 por encuentros cuidados al detalle en locaciones sofisticadas de la costa atl\u00e1ntica y Punta del Este.<\/p>\n<p>&nbsp;<\/p>\n<h2>Atardeceres sobre la Pen\u00ednsula<\/h2>\n<p>&nbsp;<\/p>\n<p><img fetchpriority=\"high\" decoding=\"async\" class=\"aligncenter wp-image-16365 size-full\" src=\"https:\/\/autofans.com.ar\/wp-content\/uploads\/2026\/03\/bmw-6.jpg\" alt=\"BMW Group\" width=\"1000\" height=\"667\" srcset=\"https:\/\/autofans.com.ar\/wp-content\/uploads\/2026\/03\/bmw-6.jpg 1000w, https:\/\/autofans.com.ar\/wp-content\/uploads\/2026\/03\/bmw-6-300x200.jpg 300w, https:\/\/autofans.com.ar\/wp-content\/uploads\/2026\/03\/bmw-6-768x512.jpg 768w\" sizes=\"(max-width: 1000px) 100vw, 1000px\" \/><\/p>\n<p>&nbsp;<\/p>\n<p class=\"ds-markdown-paragraph\">El primer hito de la temporada tuvo lugar en Punta del Este. Sobre el jard\u00edn de la joyer\u00eda Casa EVE, m\u00e1s de 90 invitados fueron parte de una velada que combin\u00f3 la ca\u00edda del sol con una propuesta gastron\u00f3mica de primer nivel. La cita no solo sirvi\u00f3 para compartir la pasi\u00f3n por la innovaci\u00f3n automotriz, sino que tambi\u00e9n permiti\u00f3 observar de cerca modelos como la BMW X7 y el revolucionario BMW M5. Entre los asistentes se encontraban Nicol\u00e1s Pieres y Beltr\u00e1n Laulh\u00e9, figuras del equipo de polo La Zeta Kazak, patrocinado por la marca.<\/p>\n<p>&nbsp;<\/p>\n<h2>Almuerzo en Jos\u00e9 Ignacio con vista al agua y m\u00fasica en vivo<\/h2>\n<p>&nbsp;<\/p>\n<div id='gallery-1' class='gallery galleryid-16363 gallery-columns-2 gallery-size-full'><figure class='gallery-item'>\n\t\t\t<div class='gallery-icon landscape'>\n\t\t\t\t<a href='https:\/\/autofans.com.ar\/index.php\/2026\/03\/10\/bmw-group-y-un-verano-a-puro-privilegio-en-la-costa\/bmw-2-36\/'><img loading=\"lazy\" width=\"1000\" height=\"667\" src=\"https:\/\/autofans.com.ar\/wp-content\/uploads\/2026\/03\/bmw-2.jpg\" class=\"attachment-full size-full\" alt=\"BMW Group\" srcset=\"https:\/\/autofans.com.ar\/wp-content\/uploads\/2026\/03\/bmw-2.jpg 1000w, https:\/\/autofans.com.ar\/wp-content\/uploads\/2026\/03\/bmw-2-300x200.jpg 300w, https:\/\/autofans.com.ar\/wp-content\/uploads\/2026\/03\/bmw-2-768x512.jpg 768w\" sizes=\"auto, (max-width: 1000px) 100vw, 1000px\" loading=\"lazy\" decoding=\"async\" \/><\/a>\n\t\t\t<\/div><\/figure><figure class='gallery-item'>\n\t\t\t<div class='gallery-icon landscape'>\n\t\t\t\t<a href='https:\/\/autofans.com.ar\/index.php\/2026\/03\/10\/bmw-group-y-un-verano-a-puro-privilegio-en-la-costa\/bmw-5-27\/'><img loading=\"lazy\" width=\"1000\" height=\"667\" src=\"https:\/\/autofans.com.ar\/wp-content\/uploads\/2026\/03\/bmw-5.jpg\" class=\"attachment-full size-full\" alt=\"BMW Group\" srcset=\"https:\/\/autofans.com.ar\/wp-content\/uploads\/2026\/03\/bmw-5.jpg 1000w, https:\/\/autofans.com.ar\/wp-content\/uploads\/2026\/03\/bmw-5-300x200.jpg 300w, https:\/\/autofans.com.ar\/wp-content\/uploads\/2026\/03\/bmw-5-768x512.jpg 768w\" sizes=\"auto, (max-width: 1000px) 100vw, 1000px\" loading=\"lazy\" decoding=\"async\" \/><\/a>\n\t\t\t<\/div><\/figure>\n\t\t<\/div>\n\n<p>&nbsp;<\/p>\n<p class=\"ds-markdown-paragraph\">En Jos\u00e9 Ignacio, la propuesta fue m\u00e1s relajada pero igual de exclusiva. Godai Reserve, el desarrollo inmobiliario frente a la laguna, fue el escenario elegido para montar un corredor de test-drives rodeado por los modelos BMW X. All\u00ed, clientes y directivos de concesionarios compartieron un almuerzo al aire libre con men\u00fa del restaurante Marismo. La banda de sonido la puso Fabi\u00e1n Von Quintiero, m\u00fasico con pasado en Soda Stereo y Ratones Paranoicos, que toc\u00f3 en vivo mientras se cocinaba a las brasas.<\/p>\n<p>&nbsp;<\/p>\n<h2>Cena en Caril\u00f3 con sello de La Cabrera<\/h2>\n<p class=\"ds-markdown-paragraph\">El broche de oro lleg\u00f3 en Caril\u00f3. En el Restaurant Zur, dentro del hist\u00f3rico Parador Divisadero, se arm\u00f3 una cena \u00edntima para clientes, medios y creadores de contenido. Los platos estuvieron a cargo de Gast\u00f3n Riveira, creador de La Cabrera, que prepar\u00f3 una experiencia de tres pasos con foco en la parrilla. La noche sirvi\u00f3 para cerrar la temporada junto a representantes de BMW Group y su red de concesionarios, en un ambiente distendido pero con la calidad que distingue a la marca.<\/p>\n<p>&nbsp;<\/p>\n<div id='gallery-2' class='gallery galleryid-16363 gallery-columns-2 gallery-size-full'><figure class='gallery-item'>\n\t\t\t<div class='gallery-icon landscape'>\n\t\t\t\t<a href='https:\/\/autofans.com.ar\/index.php\/2026\/03\/10\/bmw-group-y-un-verano-a-puro-privilegio-en-la-costa\/bmw-3-36\/'><img loading=\"lazy\" width=\"1000\" height=\"667\" src=\"https:\/\/autofans.com.ar\/wp-content\/uploads\/2026\/03\/bmw-3.jpg\" class=\"attachment-full size-full\" alt=\"BMW Group\" srcset=\"https:\/\/autofans.com.ar\/wp-content\/uploads\/2026\/03\/bmw-3.jpg 1000w, https:\/\/autofans.com.ar\/wp-content\/uploads\/2026\/03\/bmw-3-300x200.jpg 300w, https:\/\/autofans.com.ar\/wp-content\/uploads\/2026\/03\/bmw-3-768x512.jpg 768w\" sizes=\"auto, (max-width: 1000px) 100vw, 1000px\" loading=\"lazy\" decoding=\"async\" \/><\/a>\n\t\t\t<\/div><\/figure><figure class='gallery-item'>\n\t\t\t<div class='gallery-icon landscape'>\n\t\t\t\t<a href='https:\/\/autofans.com.ar\/index.php\/2026\/03\/10\/bmw-group-y-un-verano-a-puro-privilegio-en-la-costa\/bmw-1-36\/'><img loading=\"lazy\" width=\"1000\" height=\"667\" src=\"https:\/\/autofans.com.ar\/wp-content\/uploads\/2026\/03\/bmw-1.jpg\" class=\"attachment-full size-full\" alt=\"BMW Group\" srcset=\"https:\/\/autofans.com.ar\/wp-content\/uploads\/2026\/03\/bmw-1.jpg 1000w, https:\/\/autofans.com.ar\/wp-content\/uploads\/2026\/03\/bmw-1-300x200.jpg 300w, https:\/\/autofans.com.ar\/wp-content\/uploads\/2026\/03\/bmw-1-768x512.jpg 768w\" sizes=\"auto, (max-width: 1000px) 100vw, 1000px\" loading=\"lazy\" decoding=\"async\" \/><\/a>\n\t\t\t<\/div><\/figure>\n\t\t<\/div>\n\n<p>&nbsp;<\/p>\n<p class=\"ds-markdown-paragraph\">Con estos encuentros, BMW Group despidi\u00f3 el verano habiendo acercado su gama de modelos a un p\u00fablico selecto, en entornos pensados para generar cercan\u00eda y reforzar la relaci\u00f3n m\u00e1s all\u00e1 del veh\u00edculo.<\/p>\n<p>&nbsp;<\/p>\n<p>&nbsp;<\/p>\n<p>&nbsp;<\/p>\n<p>&nbsp;<\/p>\n<p><i>Para enterarte de m\u00e1s novedades, no dejes de leer\u00a0<\/i><a href=\"https:\/\/autofans.thebrandsoup.com\/\"><i>nuestras notas<\/i><\/a><i>, de ver\u00a0<\/i><a href=\"https:\/\/www.youtube.com\/channel\/UCgAC8UGHZYbT6P7PpmVnP7g\"><i>AUTOFANS TV<\/i><\/a><i>\u00a0en nuestro\u00a0canal de Youtube. Adem\u00e1s seguinos en\u00a0<\/i><a href=\"https:\/\/www.instagram.com\/autofanstv\/\"><i>INSTAGRAM<\/i><\/a><i> y <\/i><a href=\"https:\/\/www.facebook.com\/autofansmas\/\"><i>FACEBOOK<\/i><\/a><i> para no perderte nada sobre las novedades del segmento automotor de Argentina y el mundo.<\/i><\/p>\n","protected":false},"excerpt":{"rendered":"<p>El verano no solo fue sin\u00f3nimo de sol y playa para BMW Group Argentina. La&#8230;<\/p>\n","protected":false},"author":2,"featured_media":16367,"comment_status":"closed","ping_status":"closed","sticky":false,"template":"","format":"standard","meta":{"footnotes":""},"categories":[6,16],"tags":[8702,2360,8701,8705,8707,8700,8704,8697,8699,8703,8706,8698],"class_list":["post-16363","post","type-post","status-publish","format-standard","has-post-thumbnail","hentry","category-bizstyle","category-noticias","tag-bmw-carilo","tag-bmw-group-argentina","tag-bmw-jose-ignacio","tag-bmw-m5-argentina","tag-bmw-motorrad-experiencias","tag-bmw-punta-del-este","tag-bmw-x7-argentina","tag-eventos-exclusivos-bmw","tag-experiencias-premium-automotrices","tag-lanzamientos-bmw-argentina","tag-mini-verano","tag-test-drives-bmw-verano"],"yoast_head":"<!-- This site is optimized with the Yoast SEO plugin v27.4 - https:\/\/yoast.com\/product\/yoast-seo-wordpress\/ -->\n<title>BMW Group y un verano a puro privilegio en la costa -<\/title>\n<meta name=\"description\" content=\"El verano no solo fue sin\u00f3nimo de sol y playa para BMW Group Argentina. La compa\u00f1\u00eda aprovech\u00f3 la temporada para acercarse a sus clientes...\" \/>\n<meta name=\"robots\" content=\"index, follow, max-snippet:-1, max-image-preview:large, max-video-preview:-1\" \/>\n<link rel=\"canonical\" href=\"https:\/\/autofans.com.ar\/index.php\/2026\/03\/10\/bmw-group-y-un-verano-a-puro-privilegio-en-la-costa\/\" \/>\n<meta property=\"og:locale\" content=\"es_ES\" \/>\n<meta property=\"og:type\" content=\"article\" \/>\n<meta property=\"og:title\" content=\"BMW Group y un verano a puro privilegio en la costa -\" \/>\n<meta property=\"og:description\" content=\"El verano no solo fue sin\u00f3nimo de sol y playa para BMW Group Argentina. La compa\u00f1\u00eda aprovech\u00f3 la temporada para acercarse a sus clientes...\" \/>\n<meta property=\"og:url\" content=\"https:\/\/autofans.com.ar\/index.php\/2026\/03\/10\/bmw-group-y-un-verano-a-puro-privilegio-en-la-costa\/\" \/>\n<meta property=\"article:published_time\" content=\"2026-03-10T15:52:53+00:00\" \/>\n<meta property=\"og:image\" content=\"https:\/\/autofans.com.ar\/wp-content\/uploads\/2026\/03\/bmw-4.jpg\" \/>\n\t<meta property=\"og:image:width\" content=\"1000\" \/>\n\t<meta property=\"og:image:height\" content=\"667\" \/>\n\t<meta property=\"og:image:type\" content=\"image\/jpeg\" \/>\n<meta name=\"author\" content=\"Alejandro Gabriel Rosito\" \/>\n<meta name=\"twitter:card\" content=\"summary_large_image\" \/>\n<meta name=\"twitter:label1\" content=\"Escrito por\" \/>\n\t<meta name=\"twitter:data1\" content=\"Alejandro Gabriel Rosito\" \/>\n\t<meta name=\"twitter:label2\" content=\"Tiempo de lectura\" \/>\n\t<meta name=\"twitter:data2\" content=\"3 minutos\" \/>\n<script type=\"application\/ld+json\" class=\"yoast-schema-graph\">{\"@context\":\"https:\\\/\\\/schema.org\",\"@graph\":[{\"@type\":\"Article\",\"@id\":\"https:\\\/\\\/autofans.com.ar\\\/index.php\\\/2026\\\/03\\\/10\\\/bmw-group-y-un-verano-a-puro-privilegio-en-la-costa\\\/#article\",\"isPartOf\":{\"@id\":\"https:\\\/\\\/autofans.com.ar\\\/index.php\\\/2026\\\/03\\\/10\\\/bmw-group-y-un-verano-a-puro-privilegio-en-la-costa\\\/\"},\"author\":{\"name\":\"Alejandro Gabriel Rosito\",\"@id\":\"https:\\\/\\\/autofans.com.ar\\\/#\\\/schema\\\/person\\\/4a8dda0b6df83ac3d6723e921274c2aa\"},\"headline\":\"BMW Group y un verano a puro privilegio en la costa\",\"datePublished\":\"2026-03-10T15:52:53+00:00\",\"mainEntityOfPage\":{\"@id\":\"https:\\\/\\\/autofans.com.ar\\\/index.php\\\/2026\\\/03\\\/10\\\/bmw-group-y-un-verano-a-puro-privilegio-en-la-costa\\\/\"},\"wordCount\":502,\"image\":{\"@id\":\"https:\\\/\\\/autofans.com.ar\\\/index.php\\\/2026\\\/03\\\/10\\\/bmw-group-y-un-verano-a-puro-privilegio-en-la-costa\\\/#primaryimage\"},\"thumbnailUrl\":\"https:\\\/\\\/autofans.com.ar\\\/wp-content\\\/uploads\\\/2026\\\/03\\\/bmw-4.jpg\",\"keywords\":[\"BMW Caril\u00f3\",\"BMW Group Argentina\",\"BMW Jos\u00e9 Ignacio\",\"BMW M5 Argentina\",\"BMW Motorrad experiencias\",\"BMW Punta del Este\",\"BMW X7 Argentina\",\"eventos exclusivos BMW\",\"experiencias premium automotrices\",\"lanzamientos BMW Argentina\",\"MINI verano\",\"test-drives BMW verano\"],\"articleSection\":[\"BIZSTYLE\",\"NOTICIAS\"],\"inLanguage\":\"es\"},{\"@type\":\"WebPage\",\"@id\":\"https:\\\/\\\/autofans.com.ar\\\/index.php\\\/2026\\\/03\\\/10\\\/bmw-group-y-un-verano-a-puro-privilegio-en-la-costa\\\/\",\"url\":\"https:\\\/\\\/autofans.com.ar\\\/index.php\\\/2026\\\/03\\\/10\\\/bmw-group-y-un-verano-a-puro-privilegio-en-la-costa\\\/\",\"name\":\"BMW Group y un verano a puro privilegio en la costa -\",\"isPartOf\":{\"@id\":\"https:\\\/\\\/autofans.com.ar\\\/#website\"},\"primaryImageOfPage\":{\"@id\":\"https:\\\/\\\/autofans.com.ar\\\/index.php\\\/2026\\\/03\\\/10\\\/bmw-group-y-un-verano-a-puro-privilegio-en-la-costa\\\/#primaryimage\"},\"image\":{\"@id\":\"https:\\\/\\\/autofans.com.ar\\\/index.php\\\/2026\\\/03\\\/10\\\/bmw-group-y-un-verano-a-puro-privilegio-en-la-costa\\\/#primaryimage\"},\"thumbnailUrl\":\"https:\\\/\\\/autofans.com.ar\\\/wp-content\\\/uploads\\\/2026\\\/03\\\/bmw-4.jpg\",\"datePublished\":\"2026-03-10T15:52:53+00:00\",\"author\":{\"@id\":\"https:\\\/\\\/autofans.com.ar\\\/#\\\/schema\\\/person\\\/4a8dda0b6df83ac3d6723e921274c2aa\"},\"description\":\"El verano no solo fue sin\u00f3nimo de sol y playa para BMW Group Argentina. La compa\u00f1\u00eda aprovech\u00f3 la temporada para acercarse a sus clientes...\",\"breadcrumb\":{\"@id\":\"https:\\\/\\\/autofans.com.ar\\\/index.php\\\/2026\\\/03\\\/10\\\/bmw-group-y-un-verano-a-puro-privilegio-en-la-costa\\\/#breadcrumb\"},\"inLanguage\":\"es\",\"potentialAction\":[{\"@type\":\"ReadAction\",\"target\":[\"https:\\\/\\\/autofans.com.ar\\\/index.php\\\/2026\\\/03\\\/10\\\/bmw-group-y-un-verano-a-puro-privilegio-en-la-costa\\\/\"]}]},{\"@type\":\"ImageObject\",\"inLanguage\":\"es\",\"@id\":\"https:\\\/\\\/autofans.com.ar\\\/index.php\\\/2026\\\/03\\\/10\\\/bmw-group-y-un-verano-a-puro-privilegio-en-la-costa\\\/#primaryimage\",\"url\":\"https:\\\/\\\/autofans.com.ar\\\/wp-content\\\/uploads\\\/2026\\\/03\\\/bmw-4.jpg\",\"contentUrl\":\"https:\\\/\\\/autofans.com.ar\\\/wp-content\\\/uploads\\\/2026\\\/03\\\/bmw-4.jpg\",\"width\":1000,\"height\":667,\"caption\":\"BMW Group\"},{\"@type\":\"BreadcrumbList\",\"@id\":\"https:\\\/\\\/autofans.com.ar\\\/index.php\\\/2026\\\/03\\\/10\\\/bmw-group-y-un-verano-a-puro-privilegio-en-la-costa\\\/#breadcrumb\",\"itemListElement\":[{\"@type\":\"ListItem\",\"position\":1,\"name\":\"Inicio\",\"item\":\"https:\\\/\\\/autofans.com.ar\\\/\"},{\"@type\":\"ListItem\",\"position\":2,\"name\":\"BMW Group y un verano a puro privilegio en la costa\"}]},{\"@type\":\"WebSite\",\"@id\":\"https:\\\/\\\/autofans.com.ar\\\/#website\",\"url\":\"https:\\\/\\\/autofans.com.ar\\\/\",\"name\":\"\",\"description\":\"El multimedio referente de la industria automotriz\",\"potentialAction\":[{\"@type\":\"SearchAction\",\"target\":{\"@type\":\"EntryPoint\",\"urlTemplate\":\"https:\\\/\\\/autofans.com.ar\\\/?s={search_term_string}\"},\"query-input\":{\"@type\":\"PropertyValueSpecification\",\"valueRequired\":true,\"valueName\":\"search_term_string\"}}],\"inLanguage\":\"es\"},{\"@type\":\"Person\",\"@id\":\"https:\\\/\\\/autofans.com.ar\\\/#\\\/schema\\\/person\\\/4a8dda0b6df83ac3d6723e921274c2aa\",\"name\":\"Alejandro Gabriel Rosito\",\"image\":{\"@type\":\"ImageObject\",\"inLanguage\":\"es\",\"@id\":\"https:\\\/\\\/secure.gravatar.com\\\/avatar\\\/16c5dda1489adfc62618084dcbb91cffd879c374b13fe5dd8e44ed6733852c88?s=96&d=mm&r=g\",\"url\":\"https:\\\/\\\/secure.gravatar.com\\\/avatar\\\/16c5dda1489adfc62618084dcbb91cffd879c374b13fe5dd8e44ed6733852c88?s=96&d=mm&r=g\",\"contentUrl\":\"https:\\\/\\\/secure.gravatar.com\\\/avatar\\\/16c5dda1489adfc62618084dcbb91cffd879c374b13fe5dd8e44ed6733852c88?s=96&d=mm&r=g\",\"caption\":\"Alejandro Gabriel Rosito\"},\"url\":\"https:\\\/\\\/autofans.com.ar\\\/index.php\\\/author\\\/gabrielr\\\/\"}]}<\/script>\n<!-- \/ Yoast SEO plugin. -->","yoast_head_json":{"title":"BMW Group y un verano a puro privilegio en la costa -","description":"El verano no solo fue sin\u00f3nimo de sol y playa para BMW Group Argentina. La compa\u00f1\u00eda aprovech\u00f3 la temporada para acercarse a sus clientes...","robots":{"index":"index","follow":"follow","max-snippet":"max-snippet:-1","max-image-preview":"max-image-preview:large","max-video-preview":"max-video-preview:-1"},"canonical":"https:\/\/autofans.com.ar\/index.php\/2026\/03\/10\/bmw-group-y-un-verano-a-puro-privilegio-en-la-costa\/","og_locale":"es_ES","og_type":"article","og_title":"BMW Group y un verano a puro privilegio en la costa -","og_description":"El verano no solo fue sin\u00f3nimo de sol y playa para BMW Group Argentina. La compa\u00f1\u00eda aprovech\u00f3 la temporada para acercarse a sus clientes...","og_url":"https:\/\/autofans.com.ar\/index.php\/2026\/03\/10\/bmw-group-y-un-verano-a-puro-privilegio-en-la-costa\/","article_published_time":"2026-03-10T15:52:53+00:00","og_image":[{"width":1000,"height":667,"url":"https:\/\/autofans.com.ar\/wp-content\/uploads\/2026\/03\/bmw-4.jpg","type":"image\/jpeg"}],"author":"Alejandro Gabriel Rosito","twitter_card":"summary_large_image","twitter_misc":{"Escrito por":"Alejandro Gabriel Rosito","Tiempo de lectura":"3 minutos"},"schema":{"@context":"https:\/\/schema.org","@graph":[{"@type":"Article","@id":"https:\/\/autofans.com.ar\/index.php\/2026\/03\/10\/bmw-group-y-un-verano-a-puro-privilegio-en-la-costa\/#article","isPartOf":{"@id":"https:\/\/autofans.com.ar\/index.php\/2026\/03\/10\/bmw-group-y-un-verano-a-puro-privilegio-en-la-costa\/"},"author":{"name":"Alejandro Gabriel Rosito","@id":"https:\/\/autofans.com.ar\/#\/schema\/person\/4a8dda0b6df83ac3d6723e921274c2aa"},"headline":"BMW Group y un verano a puro privilegio en la costa","datePublished":"2026-03-10T15:52:53+00:00","mainEntityOfPage":{"@id":"https:\/\/autofans.com.ar\/index.php\/2026\/03\/10\/bmw-group-y-un-verano-a-puro-privilegio-en-la-costa\/"},"wordCount":502,"image":{"@id":"https:\/\/autofans.com.ar\/index.php\/2026\/03\/10\/bmw-group-y-un-verano-a-puro-privilegio-en-la-costa\/#primaryimage"},"thumbnailUrl":"https:\/\/autofans.com.ar\/wp-content\/uploads\/2026\/03\/bmw-4.jpg","keywords":["BMW Caril\u00f3","BMW Group Argentina","BMW Jos\u00e9 Ignacio","BMW M5 Argentina","BMW Motorrad experiencias","BMW Punta del Este","BMW X7 Argentina","eventos exclusivos BMW","experiencias premium automotrices","lanzamientos BMW Argentina","MINI verano","test-drives BMW verano"],"articleSection":["BIZSTYLE","NOTICIAS"],"inLanguage":"es"},{"@type":"WebPage","@id":"https:\/\/autofans.com.ar\/index.php\/2026\/03\/10\/bmw-group-y-un-verano-a-puro-privilegio-en-la-costa\/","url":"https:\/\/autofans.com.ar\/index.php\/2026\/03\/10\/bmw-group-y-un-verano-a-puro-privilegio-en-la-costa\/","name":"BMW Group y un verano a puro privilegio en la costa -","isPartOf":{"@id":"https:\/\/autofans.com.ar\/#website"},"primaryImageOfPage":{"@id":"https:\/\/autofans.com.ar\/index.php\/2026\/03\/10\/bmw-group-y-un-verano-a-puro-privilegio-en-la-costa\/#primaryimage"},"image":{"@id":"https:\/\/autofans.com.ar\/index.php\/2026\/03\/10\/bmw-group-y-un-verano-a-puro-privilegio-en-la-costa\/#primaryimage"},"thumbnailUrl":"https:\/\/autofans.com.ar\/wp-content\/uploads\/2026\/03\/bmw-4.jpg","datePublished":"2026-03-10T15:52:53+00:00","author":{"@id":"https:\/\/autofans.com.ar\/#\/schema\/person\/4a8dda0b6df83ac3d6723e921274c2aa"},"description":"El verano no solo fue sin\u00f3nimo de sol y playa para BMW Group Argentina. La compa\u00f1\u00eda aprovech\u00f3 la temporada para acercarse a sus clientes...","breadcrumb":{"@id":"https:\/\/autofans.com.ar\/index.php\/2026\/03\/10\/bmw-group-y-un-verano-a-puro-privilegio-en-la-costa\/#breadcrumb"},"inLanguage":"es","potentialAction":[{"@type":"ReadAction","target":["https:\/\/autofans.com.ar\/index.php\/2026\/03\/10\/bmw-group-y-un-verano-a-puro-privilegio-en-la-costa\/"]}]},{"@type":"ImageObject","inLanguage":"es","@id":"https:\/\/autofans.com.ar\/index.php\/2026\/03\/10\/bmw-group-y-un-verano-a-puro-privilegio-en-la-costa\/#primaryimage","url":"https:\/\/autofans.com.ar\/wp-content\/uploads\/2026\/03\/bmw-4.jpg","contentUrl":"https:\/\/autofans.com.ar\/wp-content\/uploads\/2026\/03\/bmw-4.jpg","width":1000,"height":667,"caption":"BMW Group"},{"@type":"BreadcrumbList","@id":"https:\/\/autofans.com.ar\/index.php\/2026\/03\/10\/bmw-group-y-un-verano-a-puro-privilegio-en-la-costa\/#breadcrumb","itemListElement":[{"@type":"ListItem","position":1,"name":"Inicio","item":"https:\/\/autofans.com.ar\/"},{"@type":"ListItem","position":2,"name":"BMW Group y un verano a puro privilegio en la costa"}]},{"@type":"WebSite","@id":"https:\/\/autofans.com.ar\/#website","url":"https:\/\/autofans.com.ar\/","name":"","description":"El multimedio referente de la industria automotriz","potentialAction":[{"@type":"SearchAction","target":{"@type":"EntryPoint","urlTemplate":"https:\/\/autofans.com.ar\/?s={search_term_string}"},"query-input":{"@type":"PropertyValueSpecification","valueRequired":true,"valueName":"search_term_string"}}],"inLanguage":"es"},{"@type":"Person","@id":"https:\/\/autofans.com.ar\/#\/schema\/person\/4a8dda0b6df83ac3d6723e921274c2aa","name":"Alejandro Gabriel Rosito","image":{"@type":"ImageObject","inLanguage":"es","@id":"https:\/\/secure.gravatar.com\/avatar\/16c5dda1489adfc62618084dcbb91cffd879c374b13fe5dd8e44ed6733852c88?s=96&d=mm&r=g","url":"https:\/\/secure.gravatar.com\/avatar\/16c5dda1489adfc62618084dcbb91cffd879c374b13fe5dd8e44ed6733852c88?s=96&d=mm&r=g","contentUrl":"https:\/\/secure.gravatar.com\/avatar\/16c5dda1489adfc62618084dcbb91cffd879c374b13fe5dd8e44ed6733852c88?s=96&d=mm&r=g","caption":"Alejandro Gabriel Rosito"},"url":"https:\/\/autofans.com.ar\/index.php\/author\/gabrielr\/"}]}},"featured_image_urls":{"full":["https:\/\/autofans.com.ar\/wp-content\/uploads\/2026\/03\/bmw-4.jpg",1000,667,false],"thumbnail":["https:\/\/autofans.com.ar\/wp-content\/uploads\/2026\/03\/bmw-4-150x150.jpg",150,150,true],"medium":["https:\/\/autofans.com.ar\/wp-content\/uploads\/2026\/03\/bmw-4-300x200.jpg",300,200,true],"medium_large":["https:\/\/autofans.com.ar\/wp-content\/uploads\/2026\/03\/bmw-4-768x512.jpg",640,427,true],"large":["https:\/\/autofans.com.ar\/wp-content\/uploads\/2026\/03\/bmw-4.jpg",640,427,false],"1536x1536":["https:\/\/autofans.com.ar\/wp-content\/uploads\/2026\/03\/bmw-4.jpg",1000,667,false],"2048x2048":["https:\/\/autofans.com.ar\/wp-content\/uploads\/2026\/03\/bmw-4.jpg",1000,667,false],"covernews-featured":["https:\/\/autofans.com.ar\/wp-content\/uploads\/2026\/03\/bmw-4.jpg",1000,667,false],"covernews-medium":["https:\/\/autofans.com.ar\/wp-content\/uploads\/2026\/03\/bmw-4-540x340.jpg",540,340,true]},"author_info":{"display_name":"Alejandro Gabriel Rosito","author_link":"https:\/\/autofans.com.ar\/index.php\/author\/gabrielr\/"},"category_info":"<a href=\"https:\/\/autofans.com.ar\/index.php\/category\/noticias\/bizstyle\/\" rel=\"category tag\">BIZSTYLE<\/a> <a href=\"https:\/\/autofans.com.ar\/index.php\/category\/noticias\/\" rel=\"category tag\">NOTICIAS<\/a>","tag_info":"NOTICIAS","comment_count":0,"_links":{"self":[{"href":"https:\/\/autofans.com.ar\/index.php\/wp-json\/wp\/v2\/posts\/16363","targetHints":{"allow":["GET"]}}],"collection":[{"href":"https:\/\/autofans.com.ar\/index.php\/wp-json\/wp\/v2\/posts"}],"about":[{"href":"https:\/\/autofans.com.ar\/index.php\/wp-json\/wp\/v2\/types\/post"}],"author":[{"embeddable":true,"href":"https:\/\/autofans.com.ar\/index.php\/wp-json\/wp\/v2\/users\/2"}],"replies":[{"embeddable":true,"href":"https:\/\/autofans.com.ar\/index.php\/wp-json\/wp\/v2\/comments?post=16363"}],"version-history":[{"count":2,"href":"https:\/\/autofans.com.ar\/index.php\/wp-json\/wp\/v2\/posts\/16363\/revisions"}],"predecessor-version":[{"id":16371,"href":"https:\/\/autofans.com.ar\/index.php\/wp-json\/wp\/v2\/posts\/16363\/revisions\/16371"}],"wp:featuredmedia":[{"embeddable":true,"href":"https:\/\/autofans.com.ar\/index.php\/wp-json\/wp\/v2\/media\/16367"}],"wp:attachment":[{"href":"https:\/\/autofans.com.ar\/index.php\/wp-json\/wp\/v2\/media?parent=16363"}],"wp:term":[{"taxonomy":"category","embeddable":true,"href":"https:\/\/autofans.com.ar\/index.php\/wp-json\/wp\/v2\/categories?post=16363"},{"taxonomy":"post_tag","embeddable":true,"href":"https:\/\/autofans.com.ar\/index.php\/wp-json\/wp\/v2\/tags?post=16363"}],"curies":[{"name":"wp","href":"https:\/\/api.w.org\/{rel}","templated":true}]}}