{"id":16372,"date":"2026-03-10T18:31:42","date_gmt":"2026-03-10T21:31:42","guid":{"rendered":"https:\/\/autofans.com.ar\/?p=16372"},"modified":"2026-03-10T18:31:42","modified_gmt":"2026-03-10T21:31:42","slug":"premio-internacional-para-el-nissan-leaf-electrico","status":"publish","type":"post","link":"https:\/\/autofans.com.ar\/index.php\/2026\/03\/10\/premio-internacional-para-el-nissan-leaf-electrico\/","title":{"rendered":"Premio internacional para el Nissan LEAF el\u00e9ctrico"},"content":{"rendered":"<p class=\"ds-markdown-paragraph\">El nuevo Nissan LEAF recibi\u00f3 el premio Women\u2019s World Car of the Year 2026 (WWCOTY) en la categor\u00eda general. El reconocimiento lo otorga un jurado integrado exclusivamente por 86 periodistas automotrices de m\u00e1s de 50 pa\u00edses y es uno de los m\u00e1s importantes de la industria por su enfoque en la experiencia de uso real.<\/p>\n<p class=\"ds-markdown-paragraph\">El modelo japon\u00e9s ya hab\u00eda sido elegido como el mejor auto compacto a principios de a\u00f1o, pero ahora se qued\u00f3 con el galard\u00f3n m\u00e1s importante de la terna. El LEAF compiti\u00f3 contra otros 55 veh\u00edculos y logr\u00f3 imponerse por su equilibrio entre tecnolog\u00eda, seguridad y facilidad de manejo.<\/p>\n<p>&nbsp;<\/p>\n<h2 class=\"ds-markdown-paragraph\">Un pionero que se reinvent\u00f3<\/h2>\n<p class=\"ds-markdown-paragraph\">La historia del LEAF arranc\u00f3 en 2010, cuando Nissan lanz\u00f3 la primera generaci\u00f3n pensando en un mercado masivo. Fue el primer el\u00e9ctrico que no apuntaba a un nicho exclusivo, sino a cualquier conductor. M\u00e1s de 15 a\u00f1os despu\u00e9s, la tercera generaci\u00f3n lleg\u00f3 para mejorar esa f\u00f3rmula.<\/p>\n<p>&nbsp;<\/p>\n<p><img fetchpriority=\"high\" decoding=\"async\" class=\"aligncenter wp-image-16373 size-full\" src=\"https:\/\/autofans.com.ar\/wp-content\/uploads\/2026\/03\/nissan-6.jpg\" alt=\"Nissan\" width=\"1000\" height=\"667\" srcset=\"https:\/\/autofans.com.ar\/wp-content\/uploads\/2026\/03\/nissan-6.jpg 1000w, https:\/\/autofans.com.ar\/wp-content\/uploads\/2026\/03\/nissan-6-300x200.jpg 300w, https:\/\/autofans.com.ar\/wp-content\/uploads\/2026\/03\/nissan-6-768x512.jpg 768w\" sizes=\"(max-width: 1000px) 100vw, 1000px\" \/><\/p>\n<p>&nbsp;<\/p>\n<p class=\"ds-markdown-paragraph\">Entre lo que m\u00e1s valor\u00f3 el jurado aparece el dise\u00f1o renovado, m\u00e1s estilizado que el de sus versiones anteriores, y una autonom\u00eda que lo adapta mejor a las exigencias del uso cotidiano. A eso se suma la tecnolog\u00eda intuitiva a bordo, pensada para facilitar la experiencia del conductor sin distracciones.<\/p>\n<p>&nbsp;<\/p>\n<h2 class=\"ds-markdown-paragraph\">El voto de las especialistas<\/h2>\n<p class=\"ds-markdown-paragraph\">El Women\u2019s World Car of the Year se diferencia de otros premios porque pone el foco en lo que realmente importa al manejar todos los d\u00edas: seguridad, confort, facilidad de uso y bajo impacto ambiental. No vota el p\u00fablico ni las marcas, sino un panel de expertas que prueban cada modelo en contextos reales.<\/p>\n<p>&nbsp;<\/p>\n<div id='gallery-1' class='gallery galleryid-16372 gallery-columns-3 gallery-size-full'><figure class='gallery-item'>\n\t\t\t<div class='gallery-icon landscape'>\n\t\t\t\t<a href='https:\/\/autofans.com.ar\/index.php\/2026\/03\/10\/premio-internacional-para-el-nissan-leaf-electrico\/nissan-4-43\/'><img loading=\"lazy\" width=\"1000\" height=\"667\" src=\"https:\/\/autofans.com.ar\/wp-content\/uploads\/2026\/03\/nissan-4.jpg\" class=\"attachment-full size-full\" alt=\"Nissan\" srcset=\"https:\/\/autofans.com.ar\/wp-content\/uploads\/2026\/03\/nissan-4.jpg 1000w, https:\/\/autofans.com.ar\/wp-content\/uploads\/2026\/03\/nissan-4-300x200.jpg 300w, https:\/\/autofans.com.ar\/wp-content\/uploads\/2026\/03\/nissan-4-768x512.jpg 768w\" sizes=\"auto, (max-width: 1000px) 100vw, 1000px\" loading=\"lazy\" decoding=\"async\" \/><\/a>\n\t\t\t<\/div><\/figure><figure class='gallery-item'>\n\t\t\t<div class='gallery-icon landscape'>\n\t\t\t\t<a href='https:\/\/autofans.com.ar\/index.php\/2026\/03\/10\/premio-internacional-para-el-nissan-leaf-electrico\/nissan-3-62\/'><img loading=\"lazy\" width=\"1000\" height=\"667\" src=\"https:\/\/autofans.com.ar\/wp-content\/uploads\/2026\/03\/nissan-3.jpg\" class=\"attachment-full size-full\" alt=\"Nissan\" srcset=\"https:\/\/autofans.com.ar\/wp-content\/uploads\/2026\/03\/nissan-3.jpg 1000w, https:\/\/autofans.com.ar\/wp-content\/uploads\/2026\/03\/nissan-3-300x200.jpg 300w, https:\/\/autofans.com.ar\/wp-content\/uploads\/2026\/03\/nissan-3-768x512.jpg 768w\" sizes=\"auto, (max-width: 1000px) 100vw, 1000px\" loading=\"lazy\" decoding=\"async\" \/><\/a>\n\t\t\t<\/div><\/figure><figure class='gallery-item'>\n\t\t\t<div class='gallery-icon landscape'>\n\t\t\t\t<a href='https:\/\/autofans.com.ar\/index.php\/2026\/03\/10\/premio-internacional-para-el-nissan-leaf-electrico\/nissan-2-73\/'><img loading=\"lazy\" width=\"1000\" height=\"667\" src=\"https:\/\/autofans.com.ar\/wp-content\/uploads\/2026\/03\/nissan-2.jpg\" class=\"attachment-full size-full\" alt=\"Nissan\" srcset=\"https:\/\/autofans.com.ar\/wp-content\/uploads\/2026\/03\/nissan-2.jpg 1000w, https:\/\/autofans.com.ar\/wp-content\/uploads\/2026\/03\/nissan-2-300x200.jpg 300w, https:\/\/autofans.com.ar\/wp-content\/uploads\/2026\/03\/nissan-2-768x512.jpg 768w\" sizes=\"auto, (max-width: 1000px) 100vw, 1000px\" loading=\"lazy\" decoding=\"async\" \/><\/a>\n\t\t\t<\/div><\/figure>\n\t\t<\/div>\n\n<p>&nbsp;<\/p>\n<p class=\"ds-markdown-paragraph\">En esta edici\u00f3n, el Nissan LEAF convenci\u00f3 por ser un el\u00e9ctrico realista. El veredicto lo defini\u00f3 como un veh\u00edculo que combina un desempe\u00f1o avanzado con una conducci\u00f3n simple y agradable, ideal para la ciudad y la ruta sin vueltas.<\/p>\n<p>&nbsp;<\/p>\n<p>&nbsp;<\/p>\n<p>&nbsp;<\/p>\n<p><i>Para enterarte de m\u00e1s novedades, no dejes de leer\u00a0<\/i><a href=\"https:\/\/autofans.thebrandsoup.com\/\"><i>nuestras notas<\/i><\/a><i>, de ver\u00a0<\/i><a href=\"https:\/\/www.youtube.com\/channel\/UCgAC8UGHZYbT6P7PpmVnP7g\"><i>AUTOFANS TV<\/i><\/a><i>\u00a0en nuestro\u00a0canal de Youtube. Adem\u00e1s seguinos en\u00a0<\/i><a href=\"https:\/\/www.instagram.com\/autofanstv\/\"><i>INSTAGRAM<\/i><\/a><i> y <\/i><a href=\"https:\/\/www.facebook.com\/autofansmas\/\"><i>FACEBOOK<\/i><\/a><i> para no perderte nada sobre las novedades del segmento automotor de Argentina y el mundo.<\/i><\/p>\n","protected":false},"excerpt":{"rendered":"<p>El nuevo Nissan LEAF recibi\u00f3 el premio Women\u2019s World Car of the Year 2026 (WWCOTY)&#8230;<\/p>\n","protected":false},"author":2,"featured_media":16378,"comment_status":"closed","ping_status":"closed","sticky":false,"template":"","format":"standard","meta":{"footnotes":""},"categories":[371,16],"tags":[8709,8710,440,379,46,2592,4438,8708],"class_list":["post-16372","post","type-post","status-publish","format-standard","has-post-thumbnail","hentry","category-hibridos-electricos-y","category-noticias","tag-auto-del-ano-mujeres","tag-autos-compactos-2026","tag-autos-electricos","tag-movilidad-electrica","tag-nissan-argentina","tag-nissan-leaf","tag-premios-automotrices","tag-wwcoty-2026"],"yoast_head":"<!-- This site is optimized with the Yoast SEO plugin v27.4 - https:\/\/yoast.com\/product\/yoast-seo-wordpress\/ -->\n<title>Premio internacional para el Nissan LEAF el\u00e9ctrico -<\/title>\n<meta name=\"description\" content=\"Nissan se qued\u00f3 con el galard\u00f3n m\u00e1ximo del Women\u2019s World Car of the Year. El jurado, compuesto por periodistas de 50 pa\u00edses...\" \/>\n<meta name=\"robots\" content=\"index, follow, max-snippet:-1, max-image-preview:large, max-video-preview:-1\" \/>\n<link rel=\"canonical\" href=\"https:\/\/autofans.com.ar\/index.php\/2026\/03\/10\/premio-internacional-para-el-nissan-leaf-electrico\/\" \/>\n<meta property=\"og:locale\" content=\"es_ES\" \/>\n<meta property=\"og:type\" content=\"article\" \/>\n<meta property=\"og:title\" content=\"Premio internacional para el Nissan LEAF el\u00e9ctrico -\" \/>\n<meta property=\"og:description\" content=\"Nissan se qued\u00f3 con el galard\u00f3n m\u00e1ximo del Women\u2019s World Car of the Year. El jurado, compuesto por periodistas de 50 pa\u00edses...\" \/>\n<meta property=\"og:url\" content=\"https:\/\/autofans.com.ar\/index.php\/2026\/03\/10\/premio-internacional-para-el-nissan-leaf-electrico\/\" \/>\n<meta property=\"article:published_time\" content=\"2026-03-10T21:31:42+00:00\" \/>\n<meta property=\"og:image\" content=\"https:\/\/autofans.com.ar\/wp-content\/uploads\/2026\/03\/nissan-1.jpg\" \/>\n\t<meta property=\"og:image:width\" content=\"1000\" \/>\n\t<meta property=\"og:image:height\" content=\"667\" \/>\n\t<meta property=\"og:image:type\" content=\"image\/jpeg\" \/>\n<meta name=\"author\" content=\"Alejandro Gabriel Rosito\" \/>\n<meta name=\"twitter:card\" content=\"summary_large_image\" \/>\n<meta name=\"twitter:label1\" content=\"Escrito por\" \/>\n\t<meta name=\"twitter:data1\" content=\"Alejandro Gabriel Rosito\" \/>\n\t<meta name=\"twitter:label2\" content=\"Tiempo de lectura\" \/>\n\t<meta name=\"twitter:data2\" content=\"2 minutos\" \/>\n<script type=\"application\/ld+json\" class=\"yoast-schema-graph\">{\"@context\":\"https:\\\/\\\/schema.org\",\"@graph\":[{\"@type\":\"Article\",\"@id\":\"https:\\\/\\\/autofans.com.ar\\\/index.php\\\/2026\\\/03\\\/10\\\/premio-internacional-para-el-nissan-leaf-electrico\\\/#article\",\"isPartOf\":{\"@id\":\"https:\\\/\\\/autofans.com.ar\\\/index.php\\\/2026\\\/03\\\/10\\\/premio-internacional-para-el-nissan-leaf-electrico\\\/\"},\"author\":{\"name\":\"Alejandro Gabriel Rosito\",\"@id\":\"https:\\\/\\\/autofans.com.ar\\\/#\\\/schema\\\/person\\\/4a8dda0b6df83ac3d6723e921274c2aa\"},\"headline\":\"Premio internacional para el Nissan LEAF el\u00e9ctrico\",\"datePublished\":\"2026-03-10T21:31:42+00:00\",\"mainEntityOfPage\":{\"@id\":\"https:\\\/\\\/autofans.com.ar\\\/index.php\\\/2026\\\/03\\\/10\\\/premio-internacional-para-el-nissan-leaf-electrico\\\/\"},\"wordCount\":392,\"image\":{\"@id\":\"https:\\\/\\\/autofans.com.ar\\\/index.php\\\/2026\\\/03\\\/10\\\/premio-internacional-para-el-nissan-leaf-electrico\\\/#primaryimage\"},\"thumbnailUrl\":\"https:\\\/\\\/autofans.com.ar\\\/wp-content\\\/uploads\\\/2026\\\/03\\\/nissan-1.jpg\",\"keywords\":[\"Auto del A\u00f1o mujeres\",\"autos compactos 2026\",\"autos el\u00e9ctricos\",\"movilidad el\u00e9ctrica\",\"Nissan Argentina\",\"Nissan LEAF\",\"premios automotrices\",\"WWCOTY 2026\"],\"articleSection\":[\"H\u00edbridos, El\u00e9ctricos y +\",\"NOTICIAS\"],\"inLanguage\":\"es\"},{\"@type\":\"WebPage\",\"@id\":\"https:\\\/\\\/autofans.com.ar\\\/index.php\\\/2026\\\/03\\\/10\\\/premio-internacional-para-el-nissan-leaf-electrico\\\/\",\"url\":\"https:\\\/\\\/autofans.com.ar\\\/index.php\\\/2026\\\/03\\\/10\\\/premio-internacional-para-el-nissan-leaf-electrico\\\/\",\"name\":\"Premio internacional para el Nissan LEAF el\u00e9ctrico -\",\"isPartOf\":{\"@id\":\"https:\\\/\\\/autofans.com.ar\\\/#website\"},\"primaryImageOfPage\":{\"@id\":\"https:\\\/\\\/autofans.com.ar\\\/index.php\\\/2026\\\/03\\\/10\\\/premio-internacional-para-el-nissan-leaf-electrico\\\/#primaryimage\"},\"image\":{\"@id\":\"https:\\\/\\\/autofans.com.ar\\\/index.php\\\/2026\\\/03\\\/10\\\/premio-internacional-para-el-nissan-leaf-electrico\\\/#primaryimage\"},\"thumbnailUrl\":\"https:\\\/\\\/autofans.com.ar\\\/wp-content\\\/uploads\\\/2026\\\/03\\\/nissan-1.jpg\",\"datePublished\":\"2026-03-10T21:31:42+00:00\",\"author\":{\"@id\":\"https:\\\/\\\/autofans.com.ar\\\/#\\\/schema\\\/person\\\/4a8dda0b6df83ac3d6723e921274c2aa\"},\"description\":\"Nissan se qued\u00f3 con el galard\u00f3n m\u00e1ximo del Women\u2019s World Car of the Year. El jurado, compuesto por periodistas de 50 pa\u00edses...\",\"breadcrumb\":{\"@id\":\"https:\\\/\\\/autofans.com.ar\\\/index.php\\\/2026\\\/03\\\/10\\\/premio-internacional-para-el-nissan-leaf-electrico\\\/#breadcrumb\"},\"inLanguage\":\"es\",\"potentialAction\":[{\"@type\":\"ReadAction\",\"target\":[\"https:\\\/\\\/autofans.com.ar\\\/index.php\\\/2026\\\/03\\\/10\\\/premio-internacional-para-el-nissan-leaf-electrico\\\/\"]}]},{\"@type\":\"ImageObject\",\"inLanguage\":\"es\",\"@id\":\"https:\\\/\\\/autofans.com.ar\\\/index.php\\\/2026\\\/03\\\/10\\\/premio-internacional-para-el-nissan-leaf-electrico\\\/#primaryimage\",\"url\":\"https:\\\/\\\/autofans.com.ar\\\/wp-content\\\/uploads\\\/2026\\\/03\\\/nissan-1.jpg\",\"contentUrl\":\"https:\\\/\\\/autofans.com.ar\\\/wp-content\\\/uploads\\\/2026\\\/03\\\/nissan-1.jpg\",\"width\":1000,\"height\":667,\"caption\":\"Nissan\"},{\"@type\":\"BreadcrumbList\",\"@id\":\"https:\\\/\\\/autofans.com.ar\\\/index.php\\\/2026\\\/03\\\/10\\\/premio-internacional-para-el-nissan-leaf-electrico\\\/#breadcrumb\",\"itemListElement\":[{\"@type\":\"ListItem\",\"position\":1,\"name\":\"Inicio\",\"item\":\"https:\\\/\\\/autofans.com.ar\\\/\"},{\"@type\":\"ListItem\",\"position\":2,\"name\":\"Premio internacional para el Nissan LEAF el\u00e9ctrico\"}]},{\"@type\":\"WebSite\",\"@id\":\"https:\\\/\\\/autofans.com.ar\\\/#website\",\"url\":\"https:\\\/\\\/autofans.com.ar\\\/\",\"name\":\"\",\"description\":\"El multimedio referente de la industria automotriz\",\"potentialAction\":[{\"@type\":\"SearchAction\",\"target\":{\"@type\":\"EntryPoint\",\"urlTemplate\":\"https:\\\/\\\/autofans.com.ar\\\/?s={search_term_string}\"},\"query-input\":{\"@type\":\"PropertyValueSpecification\",\"valueRequired\":true,\"valueName\":\"search_term_string\"}}],\"inLanguage\":\"es\"},{\"@type\":\"Person\",\"@id\":\"https:\\\/\\\/autofans.com.ar\\\/#\\\/schema\\\/person\\\/4a8dda0b6df83ac3d6723e921274c2aa\",\"name\":\"Alejandro Gabriel Rosito\",\"image\":{\"@type\":\"ImageObject\",\"inLanguage\":\"es\",\"@id\":\"https:\\\/\\\/secure.gravatar.com\\\/avatar\\\/16c5dda1489adfc62618084dcbb91cffd879c374b13fe5dd8e44ed6733852c88?s=96&d=mm&r=g\",\"url\":\"https:\\\/\\\/secure.gravatar.com\\\/avatar\\\/16c5dda1489adfc62618084dcbb91cffd879c374b13fe5dd8e44ed6733852c88?s=96&d=mm&r=g\",\"contentUrl\":\"https:\\\/\\\/secure.gravatar.com\\\/avatar\\\/16c5dda1489adfc62618084dcbb91cffd879c374b13fe5dd8e44ed6733852c88?s=96&d=mm&r=g\",\"caption\":\"Alejandro Gabriel Rosito\"},\"url\":\"https:\\\/\\\/autofans.com.ar\\\/index.php\\\/author\\\/gabrielr\\\/\"}]}<\/script>\n<!-- \/ Yoast SEO plugin. -->","yoast_head_json":{"title":"Premio internacional para el Nissan LEAF el\u00e9ctrico -","description":"Nissan se qued\u00f3 con el galard\u00f3n m\u00e1ximo del Women\u2019s World Car of the Year. El jurado, compuesto por periodistas de 50 pa\u00edses...","robots":{"index":"index","follow":"follow","max-snippet":"max-snippet:-1","max-image-preview":"max-image-preview:large","max-video-preview":"max-video-preview:-1"},"canonical":"https:\/\/autofans.com.ar\/index.php\/2026\/03\/10\/premio-internacional-para-el-nissan-leaf-electrico\/","og_locale":"es_ES","og_type":"article","og_title":"Premio internacional para el Nissan LEAF el\u00e9ctrico -","og_description":"Nissan se qued\u00f3 con el galard\u00f3n m\u00e1ximo del Women\u2019s World Car of the Year. El jurado, compuesto por periodistas de 50 pa\u00edses...","og_url":"https:\/\/autofans.com.ar\/index.php\/2026\/03\/10\/premio-internacional-para-el-nissan-leaf-electrico\/","article_published_time":"2026-03-10T21:31:42+00:00","og_image":[{"width":1000,"height":667,"url":"https:\/\/autofans.com.ar\/wp-content\/uploads\/2026\/03\/nissan-1.jpg","type":"image\/jpeg"}],"author":"Alejandro Gabriel Rosito","twitter_card":"summary_large_image","twitter_misc":{"Escrito por":"Alejandro Gabriel Rosito","Tiempo de lectura":"2 minutos"},"schema":{"@context":"https:\/\/schema.org","@graph":[{"@type":"Article","@id":"https:\/\/autofans.com.ar\/index.php\/2026\/03\/10\/premio-internacional-para-el-nissan-leaf-electrico\/#article","isPartOf":{"@id":"https:\/\/autofans.com.ar\/index.php\/2026\/03\/10\/premio-internacional-para-el-nissan-leaf-electrico\/"},"author":{"name":"Alejandro Gabriel Rosito","@id":"https:\/\/autofans.com.ar\/#\/schema\/person\/4a8dda0b6df83ac3d6723e921274c2aa"},"headline":"Premio internacional para el Nissan LEAF el\u00e9ctrico","datePublished":"2026-03-10T21:31:42+00:00","mainEntityOfPage":{"@id":"https:\/\/autofans.com.ar\/index.php\/2026\/03\/10\/premio-internacional-para-el-nissan-leaf-electrico\/"},"wordCount":392,"image":{"@id":"https:\/\/autofans.com.ar\/index.php\/2026\/03\/10\/premio-internacional-para-el-nissan-leaf-electrico\/#primaryimage"},"thumbnailUrl":"https:\/\/autofans.com.ar\/wp-content\/uploads\/2026\/03\/nissan-1.jpg","keywords":["Auto del A\u00f1o mujeres","autos compactos 2026","autos el\u00e9ctricos","movilidad el\u00e9ctrica","Nissan Argentina","Nissan LEAF","premios automotrices","WWCOTY 2026"],"articleSection":["H\u00edbridos, El\u00e9ctricos y +","NOTICIAS"],"inLanguage":"es"},{"@type":"WebPage","@id":"https:\/\/autofans.com.ar\/index.php\/2026\/03\/10\/premio-internacional-para-el-nissan-leaf-electrico\/","url":"https:\/\/autofans.com.ar\/index.php\/2026\/03\/10\/premio-internacional-para-el-nissan-leaf-electrico\/","name":"Premio internacional para el Nissan LEAF el\u00e9ctrico -","isPartOf":{"@id":"https:\/\/autofans.com.ar\/#website"},"primaryImageOfPage":{"@id":"https:\/\/autofans.com.ar\/index.php\/2026\/03\/10\/premio-internacional-para-el-nissan-leaf-electrico\/#primaryimage"},"image":{"@id":"https:\/\/autofans.com.ar\/index.php\/2026\/03\/10\/premio-internacional-para-el-nissan-leaf-electrico\/#primaryimage"},"thumbnailUrl":"https:\/\/autofans.com.ar\/wp-content\/uploads\/2026\/03\/nissan-1.jpg","datePublished":"2026-03-10T21:31:42+00:00","author":{"@id":"https:\/\/autofans.com.ar\/#\/schema\/person\/4a8dda0b6df83ac3d6723e921274c2aa"},"description":"Nissan se qued\u00f3 con el galard\u00f3n m\u00e1ximo del Women\u2019s World Car of the Year. El jurado, compuesto por periodistas de 50 pa\u00edses...","breadcrumb":{"@id":"https:\/\/autofans.com.ar\/index.php\/2026\/03\/10\/premio-internacional-para-el-nissan-leaf-electrico\/#breadcrumb"},"inLanguage":"es","potentialAction":[{"@type":"ReadAction","target":["https:\/\/autofans.com.ar\/index.php\/2026\/03\/10\/premio-internacional-para-el-nissan-leaf-electrico\/"]}]},{"@type":"ImageObject","inLanguage":"es","@id":"https:\/\/autofans.com.ar\/index.php\/2026\/03\/10\/premio-internacional-para-el-nissan-leaf-electrico\/#primaryimage","url":"https:\/\/autofans.com.ar\/wp-content\/uploads\/2026\/03\/nissan-1.jpg","contentUrl":"https:\/\/autofans.com.ar\/wp-content\/uploads\/2026\/03\/nissan-1.jpg","width":1000,"height":667,"caption":"Nissan"},{"@type":"BreadcrumbList","@id":"https:\/\/autofans.com.ar\/index.php\/2026\/03\/10\/premio-internacional-para-el-nissan-leaf-electrico\/#breadcrumb","itemListElement":[{"@type":"ListItem","position":1,"name":"Inicio","item":"https:\/\/autofans.com.ar\/"},{"@type":"ListItem","position":2,"name":"Premio internacional para el Nissan LEAF el\u00e9ctrico"}]},{"@type":"WebSite","@id":"https:\/\/autofans.com.ar\/#website","url":"https:\/\/autofans.com.ar\/","name":"","description":"El multimedio referente de la industria automotriz","potentialAction":[{"@type":"SearchAction","target":{"@type":"EntryPoint","urlTemplate":"https:\/\/autofans.com.ar\/?s={search_term_string}"},"query-input":{"@type":"PropertyValueSpecification","valueRequired":true,"valueName":"search_term_string"}}],"inLanguage":"es"},{"@type":"Person","@id":"https:\/\/autofans.com.ar\/#\/schema\/person\/4a8dda0b6df83ac3d6723e921274c2aa","name":"Alejandro Gabriel Rosito","image":{"@type":"ImageObject","inLanguage":"es","@id":"https:\/\/secure.gravatar.com\/avatar\/16c5dda1489adfc62618084dcbb91cffd879c374b13fe5dd8e44ed6733852c88?s=96&d=mm&r=g","url":"https:\/\/secure.gravatar.com\/avatar\/16c5dda1489adfc62618084dcbb91cffd879c374b13fe5dd8e44ed6733852c88?s=96&d=mm&r=g","contentUrl":"https:\/\/secure.gravatar.com\/avatar\/16c5dda1489adfc62618084dcbb91cffd879c374b13fe5dd8e44ed6733852c88?s=96&d=mm&r=g","caption":"Alejandro Gabriel Rosito"},"url":"https:\/\/autofans.com.ar\/index.php\/author\/gabrielr\/"}]}},"featured_image_urls":{"full":["https:\/\/autofans.com.ar\/wp-content\/uploads\/2026\/03\/nissan-1.jpg",1000,667,false],"thumbnail":["https:\/\/autofans.com.ar\/wp-content\/uploads\/2026\/03\/nissan-1-150x150.jpg",150,150,true],"medium":["https:\/\/autofans.com.ar\/wp-content\/uploads\/2026\/03\/nissan-1-300x200.jpg",300,200,true],"medium_large":["https:\/\/autofans.com.ar\/wp-content\/uploads\/2026\/03\/nissan-1-768x512.jpg",640,427,true],"large":["https:\/\/autofans.com.ar\/wp-content\/uploads\/2026\/03\/nissan-1.jpg",640,427,false],"1536x1536":["https:\/\/autofans.com.ar\/wp-content\/uploads\/2026\/03\/nissan-1.jpg",1000,667,false],"2048x2048":["https:\/\/autofans.com.ar\/wp-content\/uploads\/2026\/03\/nissan-1.jpg",1000,667,false],"covernews-featured":["https:\/\/autofans.com.ar\/wp-content\/uploads\/2026\/03\/nissan-1.jpg",1000,667,false],"covernews-medium":["https:\/\/autofans.com.ar\/wp-content\/uploads\/2026\/03\/nissan-1-540x340.jpg",540,340,true]},"author_info":{"display_name":"Alejandro Gabriel Rosito","author_link":"https:\/\/autofans.com.ar\/index.php\/author\/gabrielr\/"},"category_info":"<a href=\"https:\/\/autofans.com.ar\/index.php\/category\/lanzamientos\/hibridos-electricos-y\/\" rel=\"category tag\">H\u00edbridos, El\u00e9ctricos y +<\/a> <a href=\"https:\/\/autofans.com.ar\/index.php\/category\/noticias\/\" rel=\"category tag\">NOTICIAS<\/a>","tag_info":"NOTICIAS","comment_count":0,"_links":{"self":[{"href":"https:\/\/autofans.com.ar\/index.php\/wp-json\/wp\/v2\/posts\/16372","targetHints":{"allow":["GET"]}}],"collection":[{"href":"https:\/\/autofans.com.ar\/index.php\/wp-json\/wp\/v2\/posts"}],"about":[{"href":"https:\/\/autofans.com.ar\/index.php\/wp-json\/wp\/v2\/types\/post"}],"author":[{"embeddable":true,"href":"https:\/\/autofans.com.ar\/index.php\/wp-json\/wp\/v2\/users\/2"}],"replies":[{"embeddable":true,"href":"https:\/\/autofans.com.ar\/index.php\/wp-json\/wp\/v2\/comments?post=16372"}],"version-history":[{"count":1,"href":"https:\/\/autofans.com.ar\/index.php\/wp-json\/wp\/v2\/posts\/16372\/revisions"}],"predecessor-version":[{"id":16379,"href":"https:\/\/autofans.com.ar\/index.php\/wp-json\/wp\/v2\/posts\/16372\/revisions\/16379"}],"wp:featuredmedia":[{"embeddable":true,"href":"https:\/\/autofans.com.ar\/index.php\/wp-json\/wp\/v2\/media\/16378"}],"wp:attachment":[{"href":"https:\/\/autofans.com.ar\/index.php\/wp-json\/wp\/v2\/media?parent=16372"}],"wp:term":[{"taxonomy":"category","embeddable":true,"href":"https:\/\/autofans.com.ar\/index.php\/wp-json\/wp\/v2\/categories?post=16372"},{"taxonomy":"post_tag","embeddable":true,"href":"https:\/\/autofans.com.ar\/index.php\/wp-json\/wp\/v2\/tags?post=16372"}],"curies":[{"name":"wp","href":"https:\/\/api.w.org\/{rel}","templated":true}]}}