{"id":16380,"date":"2026-03-10T19:14:50","date_gmt":"2026-03-10T22:14:50","guid":{"rendered":"https:\/\/autofans.com.ar\/?p=16380"},"modified":"2026-03-10T19:14:50","modified_gmt":"2026-03-10T22:14:50","slug":"mercedes-benz-clase-s-2026-el-lujo-con-inteligencia-artificial","status":"publish","type":"post","link":"https:\/\/autofans.com.ar\/index.php\/2026\/03\/10\/mercedes-benz-clase-s-2026-el-lujo-con-inteligencia-artificial\/","title":{"rendered":"Mercedes-Benz Clase S 2026, el lujo con inteligencia artificial"},"content":{"rendered":"<p class=\"ds-markdown-paragraph\">El Mercedes-Benz Clase S 2026 acaba de recibir una actualizaci\u00f3n que redefine el concepto de lujo sobre ruedas. La berlina alemana evoluciona su habit\u00e1culo fusionando la artesan\u00eda tradicional con lo \u00faltimo en digitalizaci\u00f3n, dando como resultado un espacio que sus creadores definen como \u00abun aut\u00e9ntico sal\u00f3n sobre ruedas\u00bb.<\/p>\n<p>&nbsp;<\/p>\n<h2 class=\"ds-markdown-paragraph\">La nueva MBUX Superscreen domina el lujo digital<\/h2>\n<p class=\"ds-markdown-paragraph\">El elemento central del redise\u00f1o es la pantalla MBUX Superscreen, que llega de serie en toda la gama. Se trata de una superficie acristalada continua que integra tres displays: la pantalla central de 14,4 pulgadas, una para el acompa\u00f1ante de 12,3 pulgadas y el cuadro de instrumentos digital de 12,3 pulgadas, este \u00faltimo disponible con efecto tridimensional. El conjunto parece flotar sobre los revestimientos del salpicadero, creando un efecto esc\u00e9nico minimalista.<\/p>\n<p>&nbsp;<\/p>\n<div id='gallery-1' class='gallery galleryid-16380 gallery-columns-2 gallery-size-full'><figure class='gallery-item'>\n\t\t\t<div class='gallery-icon landscape'>\n\t\t\t\t<a href='https:\/\/autofans.com.ar\/index.php\/2026\/03\/10\/mercedes-benz-clase-s-2026-el-lujo-con-inteligencia-artificial\/mb-4\/'><img loading=\"lazy\" width=\"1000\" height=\"667\" src=\"https:\/\/autofans.com.ar\/wp-content\/uploads\/2026\/03\/mb-4.jpg\" class=\"attachment-full size-full\" alt=\"Mercedes-Benz\" srcset=\"https:\/\/autofans.com.ar\/wp-content\/uploads\/2026\/03\/mb-4.jpg 1000w, https:\/\/autofans.com.ar\/wp-content\/uploads\/2026\/03\/mb-4-300x200.jpg 300w, https:\/\/autofans.com.ar\/wp-content\/uploads\/2026\/03\/mb-4-768x512.jpg 768w\" sizes=\"auto, (max-width: 1000px) 100vw, 1000px\" loading=\"lazy\" decoding=\"async\" \/><\/a>\n\t\t\t<\/div><\/figure><figure class='gallery-item'>\n\t\t\t<div class='gallery-icon landscape'>\n\t\t\t\t<a href='https:\/\/autofans.com.ar\/index.php\/2026\/03\/10\/mercedes-benz-clase-s-2026-el-lujo-con-inteligencia-artificial\/mb-2\/'><img loading=\"lazy\" width=\"1000\" height=\"667\" src=\"https:\/\/autofans.com.ar\/wp-content\/uploads\/2026\/03\/mb-2.jpg\" class=\"attachment-full size-full\" alt=\"Mercedes-Benz\" srcset=\"https:\/\/autofans.com.ar\/wp-content\/uploads\/2026\/03\/mb-2.jpg 1000w, https:\/\/autofans.com.ar\/wp-content\/uploads\/2026\/03\/mb-2-300x200.jpg 300w, https:\/\/autofans.com.ar\/wp-content\/uploads\/2026\/03\/mb-2-768x512.jpg 768w\" sizes=\"auto, (max-width: 1000px) 100vw, 1000px\" loading=\"lazy\" decoding=\"async\" \/><\/a>\n\t\t\t<\/div><\/figure>\n\t\t<\/div>\n\n<p>&nbsp;<\/p>\n<p class=\"ds-markdown-paragraph\">Detr\u00e1s de esta interfaz funciona el MB.OS, el nuevo sistema operativo propietario de Mercedes-Benz. Act\u00faa como el cerebro del veh\u00edculo integrando infoentretenimiento, asistencias a la conducci\u00f3n y din\u00e1mica de marcha en un \u00fanico ecosistema conectado a la nube y actualizable por aire (OTA). La cuarta generaci\u00f3n del sistema MBUX incorpora una interfaz Zero Layer. Esto simplifica la navegaci\u00f3n y un asistente &#8216;Hey Mercedes&#8217; evolucionado con inteligencia artificial generativa, capaz de mantener di\u00e1logos naturales y contextuales.<\/p>\n<p class=\"ds-markdown-paragraph\">En contraste con tanta digitalizaci\u00f3n, el volante multifunci\u00f3n recupera mandos f\u00edsicos: incluye levas para el control de crucero y el limitador, m\u00e1s una rueda para regular el volumen.<\/p>\n<p>&nbsp;<\/p>\n<h2 class=\"ds-markdown-paragraph\">Materiales que abrazan y tecnolog\u00eda que envuelve<\/h2>\n<p class=\"ds-markdown-paragraph\">Mercedes-Benz aplica su filosof\u00eda &#8216;Welcome home&#8217; combinando lujo anal\u00f3gico con innovaci\u00f3n. Las nuevas inserciones de madera, disponibles en roble de poro abierto y nogal en espiga, se complementan con revestimientos actualizados y una iluminaci\u00f3n ambiental avanzada que permite personalizar colores y escenograf\u00edas.<\/p>\n<p>&nbsp;<\/p>\n<div id='gallery-2' class='gallery galleryid-16380 gallery-columns-2 gallery-size-full'><figure class='gallery-item'>\n\t\t\t<div class='gallery-icon landscape'>\n\t\t\t\t<a href='https:\/\/autofans.com.ar\/index.php\/2026\/03\/10\/mercedes-benz-clase-s-2026-el-lujo-con-inteligencia-artificial\/mb-5\/'><img loading=\"lazy\" width=\"1000\" height=\"667\" src=\"https:\/\/autofans.com.ar\/wp-content\/uploads\/2026\/03\/mb-5.jpg\" class=\"attachment-full size-full\" alt=\"Mercedes-Benz\" srcset=\"https:\/\/autofans.com.ar\/wp-content\/uploads\/2026\/03\/mb-5.jpg 1000w, https:\/\/autofans.com.ar\/wp-content\/uploads\/2026\/03\/mb-5-300x200.jpg 300w, https:\/\/autofans.com.ar\/wp-content\/uploads\/2026\/03\/mb-5-768x512.jpg 768w\" sizes=\"auto, (max-width: 1000px) 100vw, 1000px\" loading=\"lazy\" decoding=\"async\" \/><\/a>\n\t\t\t<\/div><\/figure><figure class='gallery-item'>\n\t\t\t<div class='gallery-icon landscape'>\n\t\t\t\t<a href='https:\/\/autofans.com.ar\/index.php\/2026\/03\/10\/mercedes-benz-clase-s-2026-el-lujo-con-inteligencia-artificial\/mb-3\/'><img loading=\"lazy\" width=\"1000\" height=\"667\" src=\"https:\/\/autofans.com.ar\/wp-content\/uploads\/2026\/03\/mb-3.jpg\" class=\"attachment-full size-full\" alt=\"Mercedes-Benz\" srcset=\"https:\/\/autofans.com.ar\/wp-content\/uploads\/2026\/03\/mb-3.jpg 1000w, https:\/\/autofans.com.ar\/wp-content\/uploads\/2026\/03\/mb-3-300x200.jpg 300w, https:\/\/autofans.com.ar\/wp-content\/uploads\/2026\/03\/mb-3-768x512.jpg 768w\" sizes=\"auto, (max-width: 1000px) 100vw, 1000px\" loading=\"lazy\" decoding=\"async\" \/><\/a>\n\t\t\t<\/div><\/figure>\n\t\t<\/div>\n\n<p>&nbsp;<\/p>\n<p class=\"ds-markdown-paragraph\">Una de las novedades m\u00e1s llamativas son los cinturones de seguridad calefactables, que alcanzan los 44 \u00b0C para mayor confort en climas fr\u00edos. El sistema Digital Vent Control orienta el\u00e9ctricamente las salidas de aire de la climatizaci\u00f3n, mientras que el Energizing Air Control filtra e ioniza el aire neutralizando part\u00edculas finas PM2,5.<\/p>\n<p class=\"ds-markdown-paragraph\">Para los amantes del audio, el sistema opcional Burmester High-End 4D Surround incorpora 39 altavoces con 1690 W de potencia y compatibilidad con Dolby Atmos. Los actuadores integrados en los respaldos transforman la m\u00fasica en vibraciones perceptibles, ampliando la experiencia sensorial.<\/p>\n<p>&nbsp;<\/p>\n<h2 class=\"ds-markdown-paragraph\">La experiencia trasera, oficina o sala de cine<\/h2>\n<p class=\"ds-markdown-paragraph\">Los pasajeros de las plazas traseras disfrutan de asientos ajustables el\u00e9ctricamente que pueden incorporar pantallas de 13,1 pulgadas, mesas plegables y mandos a distancia MBUX espec\u00edficos. Una funci\u00f3n especialmente pensada para ejecutivos permite participar en videoconferencias a trav\u00e9s de plataformas como Teams o Zoom utilizando las c\u00e1maras HD integradas.<\/p>\n<p>&nbsp;<\/p>\n<p><img fetchpriority=\"high\" decoding=\"async\" class=\"aligncenter wp-image-16381 size-full\" src=\"https:\/\/autofans.com.ar\/wp-content\/uploads\/2026\/03\/mb-7.jpg\" alt=\"Mercedes-Benz\" width=\"1000\" height=\"667\" srcset=\"https:\/\/autofans.com.ar\/wp-content\/uploads\/2026\/03\/mb-7.jpg 1000w, https:\/\/autofans.com.ar\/wp-content\/uploads\/2026\/03\/mb-7-300x200.jpg 300w, https:\/\/autofans.com.ar\/wp-content\/uploads\/2026\/03\/mb-7-768x512.jpg 768w\" sizes=\"(max-width: 1000px) 100vw, 1000px\" \/><\/p>\n<p>&nbsp;<\/p>\n<p class=\"ds-markdown-paragraph\">El espacio para piernas y hombros sigue siendo referencia en el segmento, con un asiento trasero amplio y altamente personalizable. En cuanto al maletero, mantiene una capacidad de 550 litros con una forma regular que facilita la carga.<\/p>\n<p>&nbsp;<\/p>\n<p>&nbsp;<\/p>\n<p>&nbsp;<\/p>\n<p><i>Para enterarte de m\u00e1s novedades, no dejes de leer\u00a0<\/i><a href=\"https:\/\/autofans.thebrandsoup.com\/\"><i>nuestras notas<\/i><\/a><i>, de ver\u00a0<\/i><a href=\"https:\/\/www.youtube.com\/channel\/UCgAC8UGHZYbT6P7PpmVnP7g\"><i>AUTOFANS TV<\/i><\/a><i>\u00a0en nuestro\u00a0canal de Youtube. Adem\u00e1s seguinos en\u00a0<\/i><a href=\"https:\/\/www.instagram.com\/autofanstv\/\"><i>INSTAGRAM<\/i><\/a><i> y <\/i><a href=\"https:\/\/www.facebook.com\/autofansmas\/\"><i>FACEBOOK<\/i><\/a><i> para no perderte nada sobre las novedades del segmento automotor de Argentina y el mundo.<\/i><\/p>\n","protected":false},"excerpt":{"rendered":"<p>El Mercedes-Benz Clase S 2026 acaba de recibir una actualizaci\u00f3n que redefine el concepto de&#8230;<\/p>\n","protected":false},"author":2,"featured_media":16387,"comment_status":"closed","ping_status":"closed","sticky":false,"template":"","format":"standard","meta":{"footnotes":""},"categories":[218,16],"tags":[8713,8671,8715,8714,8712,2674,8391,17,8711,3234],"class_list":["post-16380","post","type-post","status-publish","format-standard","has-post-thumbnail","hentry","category-autotecno","category-noticias","tag-autos-de-lujo-2026","tag-berlina-de-lujo","tag-burmester-39-altavoces","tag-cinturones-calefactables","tag-clase-s-actualizacion","tag-lujo-automotriz","tag-mbux-superscreen","tag-mercedes-benz-argentina","tag-mercedes-benz-clase-s-2026","tag-sistema-operativo-mb-os"],"yoast_head":"<!-- This site is optimized with the Yoast SEO plugin v27.4 - https:\/\/yoast.com\/product\/yoast-seo-wordpress\/ -->\n<title>Mercedes-Benz Clase S 2026, el lujo con inteligencia artificial -<\/title>\n<meta name=\"description\" content=\"El Mercedes-Benz Clase S 2026 acaba de recibir una actualizaci\u00f3n que redefine el concepto de lujo sobre ruedas. La berlina alemana evoluciona\" \/>\n<meta name=\"robots\" content=\"index, follow, max-snippet:-1, max-image-preview:large, max-video-preview:-1\" \/>\n<link rel=\"canonical\" href=\"https:\/\/autofans.com.ar\/index.php\/2026\/03\/10\/mercedes-benz-clase-s-2026-el-lujo-con-inteligencia-artificial\/\" \/>\n<meta property=\"og:locale\" content=\"es_ES\" \/>\n<meta property=\"og:type\" content=\"article\" \/>\n<meta property=\"og:title\" content=\"Mercedes-Benz Clase S 2026, el lujo con inteligencia artificial -\" \/>\n<meta property=\"og:description\" content=\"El Mercedes-Benz Clase S 2026 acaba de recibir una actualizaci\u00f3n que redefine el concepto de lujo sobre ruedas. La berlina alemana evoluciona\" \/>\n<meta property=\"og:url\" content=\"https:\/\/autofans.com.ar\/index.php\/2026\/03\/10\/mercedes-benz-clase-s-2026-el-lujo-con-inteligencia-artificial\/\" \/>\n<meta property=\"article:published_time\" content=\"2026-03-10T22:14:50+00:00\" \/>\n<meta property=\"og:image\" content=\"https:\/\/autofans.com.ar\/wp-content\/uploads\/2026\/03\/mb-1.jpg\" \/>\n\t<meta property=\"og:image:width\" content=\"1000\" \/>\n\t<meta property=\"og:image:height\" content=\"667\" \/>\n\t<meta property=\"og:image:type\" content=\"image\/jpeg\" \/>\n<meta name=\"author\" content=\"Alejandro Gabriel Rosito\" \/>\n<meta name=\"twitter:card\" content=\"summary_large_image\" \/>\n<meta name=\"twitter:label1\" content=\"Escrito por\" \/>\n\t<meta name=\"twitter:data1\" content=\"Alejandro Gabriel Rosito\" \/>\n\t<meta name=\"twitter:label2\" content=\"Tiempo de lectura\" \/>\n\t<meta name=\"twitter:data2\" content=\"3 minutos\" \/>\n<script type=\"application\/ld+json\" class=\"yoast-schema-graph\">{\"@context\":\"https:\\\/\\\/schema.org\",\"@graph\":[{\"@type\":\"Article\",\"@id\":\"https:\\\/\\\/autofans.com.ar\\\/index.php\\\/2026\\\/03\\\/10\\\/mercedes-benz-clase-s-2026-el-lujo-con-inteligencia-artificial\\\/#article\",\"isPartOf\":{\"@id\":\"https:\\\/\\\/autofans.com.ar\\\/index.php\\\/2026\\\/03\\\/10\\\/mercedes-benz-clase-s-2026-el-lujo-con-inteligencia-artificial\\\/\"},\"author\":{\"name\":\"Alejandro Gabriel Rosito\",\"@id\":\"https:\\\/\\\/autofans.com.ar\\\/#\\\/schema\\\/person\\\/4a8dda0b6df83ac3d6723e921274c2aa\"},\"headline\":\"Mercedes-Benz Clase S 2026, el lujo con inteligencia artificial\",\"datePublished\":\"2026-03-10T22:14:50+00:00\",\"mainEntityOfPage\":{\"@id\":\"https:\\\/\\\/autofans.com.ar\\\/index.php\\\/2026\\\/03\\\/10\\\/mercedes-benz-clase-s-2026-el-lujo-con-inteligencia-artificial\\\/\"},\"wordCount\":570,\"image\":{\"@id\":\"https:\\\/\\\/autofans.com.ar\\\/index.php\\\/2026\\\/03\\\/10\\\/mercedes-benz-clase-s-2026-el-lujo-con-inteligencia-artificial\\\/#primaryimage\"},\"thumbnailUrl\":\"https:\\\/\\\/autofans.com.ar\\\/wp-content\\\/uploads\\\/2026\\\/03\\\/mb-1.jpg\",\"keywords\":[\"autos de lujo 2026\",\"berlina de lujo\",\"Burmester 39 altavoces\",\"cinturones calefactables\",\"Clase S actualizaci\u00f3n\",\"lujo automotriz\",\"MBUX Superscreen\",\"Mercedes Benz Argentina\",\"Mercedes-Benz Clase S 2026\",\"Sistema Operativo MB.OS\"],\"articleSection\":[\"AUTOTECNO\",\"NOTICIAS\"],\"inLanguage\":\"es\"},{\"@type\":\"WebPage\",\"@id\":\"https:\\\/\\\/autofans.com.ar\\\/index.php\\\/2026\\\/03\\\/10\\\/mercedes-benz-clase-s-2026-el-lujo-con-inteligencia-artificial\\\/\",\"url\":\"https:\\\/\\\/autofans.com.ar\\\/index.php\\\/2026\\\/03\\\/10\\\/mercedes-benz-clase-s-2026-el-lujo-con-inteligencia-artificial\\\/\",\"name\":\"Mercedes-Benz Clase S 2026, el lujo con inteligencia artificial -\",\"isPartOf\":{\"@id\":\"https:\\\/\\\/autofans.com.ar\\\/#website\"},\"primaryImageOfPage\":{\"@id\":\"https:\\\/\\\/autofans.com.ar\\\/index.php\\\/2026\\\/03\\\/10\\\/mercedes-benz-clase-s-2026-el-lujo-con-inteligencia-artificial\\\/#primaryimage\"},\"image\":{\"@id\":\"https:\\\/\\\/autofans.com.ar\\\/index.php\\\/2026\\\/03\\\/10\\\/mercedes-benz-clase-s-2026-el-lujo-con-inteligencia-artificial\\\/#primaryimage\"},\"thumbnailUrl\":\"https:\\\/\\\/autofans.com.ar\\\/wp-content\\\/uploads\\\/2026\\\/03\\\/mb-1.jpg\",\"datePublished\":\"2026-03-10T22:14:50+00:00\",\"author\":{\"@id\":\"https:\\\/\\\/autofans.com.ar\\\/#\\\/schema\\\/person\\\/4a8dda0b6df83ac3d6723e921274c2aa\"},\"description\":\"El Mercedes-Benz Clase S 2026 acaba de recibir una actualizaci\u00f3n que redefine el concepto de lujo sobre ruedas. La berlina alemana evoluciona\",\"breadcrumb\":{\"@id\":\"https:\\\/\\\/autofans.com.ar\\\/index.php\\\/2026\\\/03\\\/10\\\/mercedes-benz-clase-s-2026-el-lujo-con-inteligencia-artificial\\\/#breadcrumb\"},\"inLanguage\":\"es\",\"potentialAction\":[{\"@type\":\"ReadAction\",\"target\":[\"https:\\\/\\\/autofans.com.ar\\\/index.php\\\/2026\\\/03\\\/10\\\/mercedes-benz-clase-s-2026-el-lujo-con-inteligencia-artificial\\\/\"]}]},{\"@type\":\"ImageObject\",\"inLanguage\":\"es\",\"@id\":\"https:\\\/\\\/autofans.com.ar\\\/index.php\\\/2026\\\/03\\\/10\\\/mercedes-benz-clase-s-2026-el-lujo-con-inteligencia-artificial\\\/#primaryimage\",\"url\":\"https:\\\/\\\/autofans.com.ar\\\/wp-content\\\/uploads\\\/2026\\\/03\\\/mb-1.jpg\",\"contentUrl\":\"https:\\\/\\\/autofans.com.ar\\\/wp-content\\\/uploads\\\/2026\\\/03\\\/mb-1.jpg\",\"width\":1000,\"height\":667,\"caption\":\"Mercedes-Benz\"},{\"@type\":\"BreadcrumbList\",\"@id\":\"https:\\\/\\\/autofans.com.ar\\\/index.php\\\/2026\\\/03\\\/10\\\/mercedes-benz-clase-s-2026-el-lujo-con-inteligencia-artificial\\\/#breadcrumb\",\"itemListElement\":[{\"@type\":\"ListItem\",\"position\":1,\"name\":\"Inicio\",\"item\":\"https:\\\/\\\/autofans.com.ar\\\/\"},{\"@type\":\"ListItem\",\"position\":2,\"name\":\"Mercedes-Benz Clase S 2026, el lujo con inteligencia artificial\"}]},{\"@type\":\"WebSite\",\"@id\":\"https:\\\/\\\/autofans.com.ar\\\/#website\",\"url\":\"https:\\\/\\\/autofans.com.ar\\\/\",\"name\":\"\",\"description\":\"El multimedio referente de la industria automotriz\",\"potentialAction\":[{\"@type\":\"SearchAction\",\"target\":{\"@type\":\"EntryPoint\",\"urlTemplate\":\"https:\\\/\\\/autofans.com.ar\\\/?s={search_term_string}\"},\"query-input\":{\"@type\":\"PropertyValueSpecification\",\"valueRequired\":true,\"valueName\":\"search_term_string\"}}],\"inLanguage\":\"es\"},{\"@type\":\"Person\",\"@id\":\"https:\\\/\\\/autofans.com.ar\\\/#\\\/schema\\\/person\\\/4a8dda0b6df83ac3d6723e921274c2aa\",\"name\":\"Alejandro Gabriel Rosito\",\"image\":{\"@type\":\"ImageObject\",\"inLanguage\":\"es\",\"@id\":\"https:\\\/\\\/secure.gravatar.com\\\/avatar\\\/16c5dda1489adfc62618084dcbb91cffd879c374b13fe5dd8e44ed6733852c88?s=96&d=mm&r=g\",\"url\":\"https:\\\/\\\/secure.gravatar.com\\\/avatar\\\/16c5dda1489adfc62618084dcbb91cffd879c374b13fe5dd8e44ed6733852c88?s=96&d=mm&r=g\",\"contentUrl\":\"https:\\\/\\\/secure.gravatar.com\\\/avatar\\\/16c5dda1489adfc62618084dcbb91cffd879c374b13fe5dd8e44ed6733852c88?s=96&d=mm&r=g\",\"caption\":\"Alejandro Gabriel Rosito\"},\"url\":\"https:\\\/\\\/autofans.com.ar\\\/index.php\\\/author\\\/gabrielr\\\/\"}]}<\/script>\n<!-- \/ Yoast SEO plugin. -->","yoast_head_json":{"title":"Mercedes-Benz Clase S 2026, el lujo con inteligencia artificial -","description":"El Mercedes-Benz Clase S 2026 acaba de recibir una actualizaci\u00f3n que redefine el concepto de lujo sobre ruedas. La berlina alemana evoluciona","robots":{"index":"index","follow":"follow","max-snippet":"max-snippet:-1","max-image-preview":"max-image-preview:large","max-video-preview":"max-video-preview:-1"},"canonical":"https:\/\/autofans.com.ar\/index.php\/2026\/03\/10\/mercedes-benz-clase-s-2026-el-lujo-con-inteligencia-artificial\/","og_locale":"es_ES","og_type":"article","og_title":"Mercedes-Benz Clase S 2026, el lujo con inteligencia artificial -","og_description":"El Mercedes-Benz Clase S 2026 acaba de recibir una actualizaci\u00f3n que redefine el concepto de lujo sobre ruedas. La berlina alemana evoluciona","og_url":"https:\/\/autofans.com.ar\/index.php\/2026\/03\/10\/mercedes-benz-clase-s-2026-el-lujo-con-inteligencia-artificial\/","article_published_time":"2026-03-10T22:14:50+00:00","og_image":[{"width":1000,"height":667,"url":"https:\/\/autofans.com.ar\/wp-content\/uploads\/2026\/03\/mb-1.jpg","type":"image\/jpeg"}],"author":"Alejandro Gabriel Rosito","twitter_card":"summary_large_image","twitter_misc":{"Escrito por":"Alejandro Gabriel Rosito","Tiempo de lectura":"3 minutos"},"schema":{"@context":"https:\/\/schema.org","@graph":[{"@type":"Article","@id":"https:\/\/autofans.com.ar\/index.php\/2026\/03\/10\/mercedes-benz-clase-s-2026-el-lujo-con-inteligencia-artificial\/#article","isPartOf":{"@id":"https:\/\/autofans.com.ar\/index.php\/2026\/03\/10\/mercedes-benz-clase-s-2026-el-lujo-con-inteligencia-artificial\/"},"author":{"name":"Alejandro Gabriel Rosito","@id":"https:\/\/autofans.com.ar\/#\/schema\/person\/4a8dda0b6df83ac3d6723e921274c2aa"},"headline":"Mercedes-Benz Clase S 2026, el lujo con inteligencia artificial","datePublished":"2026-03-10T22:14:50+00:00","mainEntityOfPage":{"@id":"https:\/\/autofans.com.ar\/index.php\/2026\/03\/10\/mercedes-benz-clase-s-2026-el-lujo-con-inteligencia-artificial\/"},"wordCount":570,"image":{"@id":"https:\/\/autofans.com.ar\/index.php\/2026\/03\/10\/mercedes-benz-clase-s-2026-el-lujo-con-inteligencia-artificial\/#primaryimage"},"thumbnailUrl":"https:\/\/autofans.com.ar\/wp-content\/uploads\/2026\/03\/mb-1.jpg","keywords":["autos de lujo 2026","berlina de lujo","Burmester 39 altavoces","cinturones calefactables","Clase S actualizaci\u00f3n","lujo automotriz","MBUX Superscreen","Mercedes Benz Argentina","Mercedes-Benz Clase S 2026","Sistema Operativo MB.OS"],"articleSection":["AUTOTECNO","NOTICIAS"],"inLanguage":"es"},{"@type":"WebPage","@id":"https:\/\/autofans.com.ar\/index.php\/2026\/03\/10\/mercedes-benz-clase-s-2026-el-lujo-con-inteligencia-artificial\/","url":"https:\/\/autofans.com.ar\/index.php\/2026\/03\/10\/mercedes-benz-clase-s-2026-el-lujo-con-inteligencia-artificial\/","name":"Mercedes-Benz Clase S 2026, el lujo con inteligencia artificial -","isPartOf":{"@id":"https:\/\/autofans.com.ar\/#website"},"primaryImageOfPage":{"@id":"https:\/\/autofans.com.ar\/index.php\/2026\/03\/10\/mercedes-benz-clase-s-2026-el-lujo-con-inteligencia-artificial\/#primaryimage"},"image":{"@id":"https:\/\/autofans.com.ar\/index.php\/2026\/03\/10\/mercedes-benz-clase-s-2026-el-lujo-con-inteligencia-artificial\/#primaryimage"},"thumbnailUrl":"https:\/\/autofans.com.ar\/wp-content\/uploads\/2026\/03\/mb-1.jpg","datePublished":"2026-03-10T22:14:50+00:00","author":{"@id":"https:\/\/autofans.com.ar\/#\/schema\/person\/4a8dda0b6df83ac3d6723e921274c2aa"},"description":"El Mercedes-Benz Clase S 2026 acaba de recibir una actualizaci\u00f3n que redefine el concepto de lujo sobre ruedas. La berlina alemana evoluciona","breadcrumb":{"@id":"https:\/\/autofans.com.ar\/index.php\/2026\/03\/10\/mercedes-benz-clase-s-2026-el-lujo-con-inteligencia-artificial\/#breadcrumb"},"inLanguage":"es","potentialAction":[{"@type":"ReadAction","target":["https:\/\/autofans.com.ar\/index.php\/2026\/03\/10\/mercedes-benz-clase-s-2026-el-lujo-con-inteligencia-artificial\/"]}]},{"@type":"ImageObject","inLanguage":"es","@id":"https:\/\/autofans.com.ar\/index.php\/2026\/03\/10\/mercedes-benz-clase-s-2026-el-lujo-con-inteligencia-artificial\/#primaryimage","url":"https:\/\/autofans.com.ar\/wp-content\/uploads\/2026\/03\/mb-1.jpg","contentUrl":"https:\/\/autofans.com.ar\/wp-content\/uploads\/2026\/03\/mb-1.jpg","width":1000,"height":667,"caption":"Mercedes-Benz"},{"@type":"BreadcrumbList","@id":"https:\/\/autofans.com.ar\/index.php\/2026\/03\/10\/mercedes-benz-clase-s-2026-el-lujo-con-inteligencia-artificial\/#breadcrumb","itemListElement":[{"@type":"ListItem","position":1,"name":"Inicio","item":"https:\/\/autofans.com.ar\/"},{"@type":"ListItem","position":2,"name":"Mercedes-Benz Clase S 2026, el lujo con inteligencia artificial"}]},{"@type":"WebSite","@id":"https:\/\/autofans.com.ar\/#website","url":"https:\/\/autofans.com.ar\/","name":"","description":"El multimedio referente de la industria automotriz","potentialAction":[{"@type":"SearchAction","target":{"@type":"EntryPoint","urlTemplate":"https:\/\/autofans.com.ar\/?s={search_term_string}"},"query-input":{"@type":"PropertyValueSpecification","valueRequired":true,"valueName":"search_term_string"}}],"inLanguage":"es"},{"@type":"Person","@id":"https:\/\/autofans.com.ar\/#\/schema\/person\/4a8dda0b6df83ac3d6723e921274c2aa","name":"Alejandro Gabriel Rosito","image":{"@type":"ImageObject","inLanguage":"es","@id":"https:\/\/secure.gravatar.com\/avatar\/16c5dda1489adfc62618084dcbb91cffd879c374b13fe5dd8e44ed6733852c88?s=96&d=mm&r=g","url":"https:\/\/secure.gravatar.com\/avatar\/16c5dda1489adfc62618084dcbb91cffd879c374b13fe5dd8e44ed6733852c88?s=96&d=mm&r=g","contentUrl":"https:\/\/secure.gravatar.com\/avatar\/16c5dda1489adfc62618084dcbb91cffd879c374b13fe5dd8e44ed6733852c88?s=96&d=mm&r=g","caption":"Alejandro Gabriel Rosito"},"url":"https:\/\/autofans.com.ar\/index.php\/author\/gabrielr\/"}]}},"featured_image_urls":{"full":["https:\/\/autofans.com.ar\/wp-content\/uploads\/2026\/03\/mb-1.jpg",1000,667,false],"thumbnail":["https:\/\/autofans.com.ar\/wp-content\/uploads\/2026\/03\/mb-1-150x150.jpg",150,150,true],"medium":["https:\/\/autofans.com.ar\/wp-content\/uploads\/2026\/03\/mb-1-300x200.jpg",300,200,true],"medium_large":["https:\/\/autofans.com.ar\/wp-content\/uploads\/2026\/03\/mb-1-768x512.jpg",640,427,true],"large":["https:\/\/autofans.com.ar\/wp-content\/uploads\/2026\/03\/mb-1.jpg",640,427,false],"1536x1536":["https:\/\/autofans.com.ar\/wp-content\/uploads\/2026\/03\/mb-1.jpg",1000,667,false],"2048x2048":["https:\/\/autofans.com.ar\/wp-content\/uploads\/2026\/03\/mb-1.jpg",1000,667,false],"covernews-featured":["https:\/\/autofans.com.ar\/wp-content\/uploads\/2026\/03\/mb-1.jpg",1000,667,false],"covernews-medium":["https:\/\/autofans.com.ar\/wp-content\/uploads\/2026\/03\/mb-1-540x340.jpg",540,340,true]},"author_info":{"display_name":"Alejandro Gabriel Rosito","author_link":"https:\/\/autofans.com.ar\/index.php\/author\/gabrielr\/"},"category_info":"<a href=\"https:\/\/autofans.com.ar\/index.php\/category\/noticias\/autotecno\/\" rel=\"category tag\">AUTOTECNO<\/a> <a href=\"https:\/\/autofans.com.ar\/index.php\/category\/noticias\/\" rel=\"category tag\">NOTICIAS<\/a>","tag_info":"NOTICIAS","comment_count":0,"_links":{"self":[{"href":"https:\/\/autofans.com.ar\/index.php\/wp-json\/wp\/v2\/posts\/16380","targetHints":{"allow":["GET"]}}],"collection":[{"href":"https:\/\/autofans.com.ar\/index.php\/wp-json\/wp\/v2\/posts"}],"about":[{"href":"https:\/\/autofans.com.ar\/index.php\/wp-json\/wp\/v2\/types\/post"}],"author":[{"embeddable":true,"href":"https:\/\/autofans.com.ar\/index.php\/wp-json\/wp\/v2\/users\/2"}],"replies":[{"embeddable":true,"href":"https:\/\/autofans.com.ar\/index.php\/wp-json\/wp\/v2\/comments?post=16380"}],"version-history":[{"count":3,"href":"https:\/\/autofans.com.ar\/index.php\/wp-json\/wp\/v2\/posts\/16380\/revisions"}],"predecessor-version":[{"id":16391,"href":"https:\/\/autofans.com.ar\/index.php\/wp-json\/wp\/v2\/posts\/16380\/revisions\/16391"}],"wp:featuredmedia":[{"embeddable":true,"href":"https:\/\/autofans.com.ar\/index.php\/wp-json\/wp\/v2\/media\/16387"}],"wp:attachment":[{"href":"https:\/\/autofans.com.ar\/index.php\/wp-json\/wp\/v2\/media?parent=16380"}],"wp:term":[{"taxonomy":"category","embeddable":true,"href":"https:\/\/autofans.com.ar\/index.php\/wp-json\/wp\/v2\/categories?post=16380"},{"taxonomy":"post_tag","embeddable":true,"href":"https:\/\/autofans.com.ar\/index.php\/wp-json\/wp\/v2\/tags?post=16380"}],"curies":[{"name":"wp","href":"https:\/\/api.w.org\/{rel}","templated":true}]}}