{"id":16403,"date":"2026-03-11T20:29:52","date_gmt":"2026-03-11T23:29:52","guid":{"rendered":"https:\/\/autofans.com.ar\/?p=16403"},"modified":"2026-03-11T20:29:52","modified_gmt":"2026-03-11T23:29:52","slug":"nueva-ranger-asi-es-la-apuesta-de-ford-para-el-trabajo-rural","status":"publish","type":"post","link":"https:\/\/autofans.com.ar\/index.php\/2026\/03\/11\/nueva-ranger-asi-es-la-apuesta-de-ford-para-el-trabajo-rural\/","title":{"rendered":"Nueva Ranger, as\u00ed es la apuesta de Ford para el trabajo rural"},"content":{"rendered":"<p class=\"ds-markdown-paragraph\">En el arranque de Expoagro 2026 edici\u00f3n YPF Agro, Ford Argentina present\u00f3 su apuesta fuerte para el segmento de los veh\u00edculos de trabajo. La firma del \u00f3valo devel\u00f3 cinco nuevas versiones de la Ranger, una l\u00ednea dise\u00f1ada para enfrentar las exigencias de la tarea agropecuaria.<\/p>\n<p>&nbsp;<\/p>\n<blockquote>\n<p style=\"text-align: center;\">\u201cEstamos hablando de cinco versiones nuevas: cabina simple en versi\u00f3n 4\u00d72 y 4\u00d74; chasis en la opci\u00f3n 4\u00d74, y dos nuevas de cabina doble con caja autom\u00e1tica, 4\u00d72 y 4\u00d74\u201d, detall\u00f3 Gaston Galdeano, gerente de Operaciones de Ford Pro, la divisi\u00f3n de veh\u00edculos comerciales de la firma, en la que los detalles de dise\u00f1o siguen priorizando la utilidad de todas sus caracter\u00edsticas.<\/p>\n<p style=\"text-align: center;\">Galdeano destac\u00f3 que con este anuncio se est\u00e1n ofreciendo nuevas alternativas pensadas en las necesidades de sus clientes. \u201cDesde que se lanz\u00f3 en 2023, la Ford Ranger no se encontraba en versiones de cabina simple, lo que cambia notoriamente con este nuevo paso de la compa\u00f1\u00eda. Creemos que tenemos una oportunidad dentro de un segmento de pickups del que hasta ahora no est\u00e1bamos participando\u201d, agreg\u00f3.<\/p>\n<\/blockquote>\n<p>&nbsp;<\/p>\n<h2>M\u00e1s capacidad y tecnolog\u00eda<\/h2>\n<p>&nbsp;<\/p>\n<p><img fetchpriority=\"high\" decoding=\"async\" class=\"aligncenter wp-image-16407 size-full\" src=\"https:\/\/autofans.com.ar\/wp-content\/uploads\/2026\/03\/ford-1-1.jpg\" alt=\"Ford\" width=\"1000\" height=\"667\" srcset=\"https:\/\/autofans.com.ar\/wp-content\/uploads\/2026\/03\/ford-1-1.jpg 1000w, https:\/\/autofans.com.ar\/wp-content\/uploads\/2026\/03\/ford-1-1-300x200.jpg 300w, https:\/\/autofans.com.ar\/wp-content\/uploads\/2026\/03\/ford-1-1-768x512.jpg 768w\" sizes=\"(max-width: 1000px) 100vw, 1000px\" \/><\/p>\n<p>&nbsp;<\/p>\n<p class=\"ds-markdown-paragraph\">Las nuevas incorporaciones a la familia XL llegan con el objetivo de renovar la flota del campo. Seg\u00fan explicaron desde la compa\u00f1\u00eda, las pick-ups fueron pensadas para \u201cla vida en el trabajo\u201d, un concepto que en la pr\u00e1ctica se traduce en mayor capacidad de almacenamiento y tecnolog\u00eda embarcada para facilitar las largas jornadas en el establecimiento o en el traslado de insumos y herramientas.<\/p>\n<p>&nbsp;<\/p>\n<blockquote>\n<p class=\"ds-markdown-paragraph\" style=\"text-align: center;\">Durante el evento, Florencia Kasparas, gerente regional de Ventas de Ford Argentina, destac\u00f3 la relevancia de participar en una muestra que concentra a los principales actores del sector. \u201cPara nosotros es fundamental presentar estos productos en Expoagro, porque nos permite conectar directamente con el p\u00fablico agropecuario\u201d, se\u00f1al\u00f3.<\/p>\n<\/blockquote>\n<p>&nbsp;<\/p>\n<h2>Ford lanza un plan de pago para renovar las pick-ups del agro<\/h2>\n<p class=\"ds-markdown-paragraph\">Adem\u00e1s de la renovaci\u00f3n de la l\u00ednea, la automotriz anunci\u00f3 un plan de financiaci\u00f3n orientado espec\u00edficamente a este segmento. La medida busca facilitar el acceso a las nuevas unidades en un contexto donde la actualizaci\u00f3n del parque automotor es clave para la eficiencia de las explotaciones.<\/p>\n<p>&nbsp;<\/p>\n<p><img decoding=\"async\" class=\"aligncenter wp-image-16405 size-full\" src=\"https:\/\/autofans.com.ar\/wp-content\/uploads\/2026\/03\/ford-3-1.jpg\" alt=\"Ford\" width=\"1000\" height=\"667\" srcset=\"https:\/\/autofans.com.ar\/wp-content\/uploads\/2026\/03\/ford-3-1.jpg 1000w, https:\/\/autofans.com.ar\/wp-content\/uploads\/2026\/03\/ford-3-1-300x200.jpg 300w, https:\/\/autofans.com.ar\/wp-content\/uploads\/2026\/03\/ford-3-1-768x512.jpg 768w\" sizes=\"(max-width: 1000px) 100vw, 1000px\" \/><\/p>\n<p>&nbsp;<\/p>\n<p class=\"ds-markdown-paragraph\"><a href=\"https:\/\/autofans.com.ar\/index.php\/2026\/03\/05\/la-ford-f-150-celebra-49-anos-y-lo-festeja-en-argentina\/\" target=\"_blank\" rel=\"noopener\">Con esta movida, Ford<\/a> no solo celebra dos d\u00e9cadas de presencia ininterrumpida en la exposici\u00f3n, sino que tambi\u00e9n refuerza su posicionamiento en un mercado donde la pick-up sigue siendo una herramienta de trabajo esencial.<\/p>\n<p>&nbsp;<\/p>\n<blockquote>\n<p style=\"text-align: center;\">La nueva l\u00ednea presentada incluye facilidades para su adquisici\u00f3n. Hasta fines del mes de abril, las cinco nuevas versiones de la Ranger tendr\u00e1n financiaciones \u201ca tasa cero, de 12 meses para las versiones cabina doble y 24 meses para las versiones cabina simple, que dan la posibilidad de financiar hasta 18 millones de pesos para las cabina doble y 25 millones para las cabina simple\u201d, detall\u00f3 Galdeano al tiempo que agreg\u00f3 \u201cesto implica la cobertura de m\u00e1s de un 50% del valor del veh\u00edculo, seg\u00fan el modelo seleccionado\u201d.<\/p>\n<\/blockquote>\n<p>&nbsp;<\/p>\n<blockquote>\n<p style=\"text-align: center;\">\u201cEstamos m\u00e1s que orgullosos de estar ac\u00e1 y seguir apoyando a la expo de manera sostenida durante 20 a\u00f1os, as\u00ed que por supuesto, reconfirmamos nuestro compromiso con Expoagro, con el agro, y con la industria de trabajo. Siempre ofreciendo propuestas de valor para los clientes\u201d, declar\u00f3 Kasparas.<\/p>\n<p style=\"text-align: center;\">En el mismo sentido, remarc\u00f3 el compromiso de Ford con la agroindustria y con el pa\u00eds en general: \u201cLa Ranger es producci\u00f3n nacional, con lo cual apostamos a la industria local ya desde ese lugar, desde el punto de partida de que lo producimos ac\u00e1, en Argentina\u201d.<\/p>\n<\/blockquote>\n<div class=\"row pt-5\">\n<div class=\"col-md-6 caja-descargas\">\n<p>&nbsp;<\/p>\n<\/div>\n<\/div>\n<p>&nbsp;<\/p>\n<p>&nbsp;<\/p>\n<p><i>Para enterarte de m\u00e1s novedades, no dejes de leer\u00a0<\/i><a href=\"https:\/\/autofans.thebrandsoup.com\/\"><i>nuestras notas<\/i><\/a><i>, de ver\u00a0<\/i><a href=\"https:\/\/www.youtube.com\/channel\/UCgAC8UGHZYbT6P7PpmVnP7g\"><i>AUTOFANS TV<\/i><\/a><i>\u00a0en nuestro\u00a0canal de Youtube. Adem\u00e1s seguinos en\u00a0<\/i><a href=\"https:\/\/www.instagram.com\/autofanstv\/\"><i>INSTAGRAM<\/i><\/a><i> y <\/i><a href=\"https:\/\/www.facebook.com\/autofansmas\/\"><i>FACEBOOK<\/i><\/a><i> para no perderte nada sobre las novedades del segmento automotor de Argentina y el mundo.<\/i><\/p>\n","protected":false},"excerpt":{"rendered":"<p>En el arranque de Expoagro 2026 edici\u00f3n YPF Agro, Ford Argentina present\u00f3 su apuesta fuerte&#8230;<\/p>\n","protected":false},"author":2,"featured_media":16406,"comment_status":"closed","ping_status":"closed","sticky":false,"template":"","format":"standard","meta":{"footnotes":""},"categories":[16,5],"tags":[8731,8716,8727,8728,8730,6856,8725,8724,8729,8726],"class_list":["post-16403","post","type-post","status-publish","format-standard","has-post-thumbnail","hentry","category-noticias","category-otros","tag-camionetas-para-trabajo","tag-expoagro-2026","tag-financiacion-agro","tag-florencia-kasparas","tag-ford-argentina-noticias","tag-ford-ranger","tag-lanzamientos-ford-argentina","tag-pick-ups-para-el-campo","tag-renovacion-flota-rural","tag-vehiculos-agropecuarios"],"yoast_head":"<!-- This site is optimized with the Yoast SEO plugin v27.4 - https:\/\/yoast.com\/product\/yoast-seo-wordpress\/ -->\n<title>Nueva Ranger, as\u00ed es la apuesta de Ford para el trabajo rural -<\/title>\n<meta name=\"robots\" content=\"index, follow, max-snippet:-1, max-image-preview:large, max-video-preview:-1\" \/>\n<link rel=\"canonical\" href=\"https:\/\/autofans.com.ar\/index.php\/2026\/03\/11\/nueva-ranger-asi-es-la-apuesta-de-ford-para-el-trabajo-rural\/\" \/>\n<meta property=\"og:locale\" content=\"es_ES\" \/>\n<meta property=\"og:type\" content=\"article\" \/>\n<meta property=\"og:title\" content=\"Nueva Ranger, as\u00ed es la apuesta de Ford para el trabajo rural -\" \/>\n<meta property=\"og:description\" content=\"En el arranque de Expoagro 2026 edici\u00f3n YPF Agro, Ford Argentina present\u00f3 su apuesta fuerte...\" \/>\n<meta property=\"og:url\" content=\"https:\/\/autofans.com.ar\/index.php\/2026\/03\/11\/nueva-ranger-asi-es-la-apuesta-de-ford-para-el-trabajo-rural\/\" \/>\n<meta property=\"article:published_time\" content=\"2026-03-11T23:29:52+00:00\" \/>\n<meta property=\"og:image\" content=\"https:\/\/autofans.com.ar\/wp-content\/uploads\/2026\/03\/ford-2-1.jpg\" \/>\n\t<meta property=\"og:image:width\" content=\"1000\" \/>\n\t<meta property=\"og:image:height\" content=\"667\" \/>\n\t<meta property=\"og:image:type\" content=\"image\/jpeg\" \/>\n<meta name=\"author\" content=\"Alejandro Gabriel Rosito\" \/>\n<meta name=\"twitter:card\" content=\"summary_large_image\" \/>\n<meta name=\"twitter:label1\" content=\"Escrito por\" \/>\n\t<meta name=\"twitter:data1\" content=\"Alejandro Gabriel Rosito\" \/>\n\t<meta name=\"twitter:label2\" content=\"Tiempo de lectura\" \/>\n\t<meta name=\"twitter:data2\" content=\"2 minutos\" \/>\n<script type=\"application\/ld+json\" class=\"yoast-schema-graph\">{\"@context\":\"https:\\\/\\\/schema.org\",\"@graph\":[{\"@type\":\"Article\",\"@id\":\"https:\\\/\\\/autofans.com.ar\\\/index.php\\\/2026\\\/03\\\/11\\\/nueva-ranger-asi-es-la-apuesta-de-ford-para-el-trabajo-rural\\\/#article\",\"isPartOf\":{\"@id\":\"https:\\\/\\\/autofans.com.ar\\\/index.php\\\/2026\\\/03\\\/11\\\/nueva-ranger-asi-es-la-apuesta-de-ford-para-el-trabajo-rural\\\/\"},\"author\":{\"name\":\"Alejandro Gabriel Rosito\",\"@id\":\"https:\\\/\\\/autofans.com.ar\\\/#\\\/schema\\\/person\\\/4a8dda0b6df83ac3d6723e921274c2aa\"},\"headline\":\"Nueva Ranger, as\u00ed es la apuesta de Ford para el trabajo rural\",\"datePublished\":\"2026-03-11T23:29:52+00:00\",\"mainEntityOfPage\":{\"@id\":\"https:\\\/\\\/autofans.com.ar\\\/index.php\\\/2026\\\/03\\\/11\\\/nueva-ranger-asi-es-la-apuesta-de-ford-para-el-trabajo-rural\\\/\"},\"wordCount\":657,\"image\":{\"@id\":\"https:\\\/\\\/autofans.com.ar\\\/index.php\\\/2026\\\/03\\\/11\\\/nueva-ranger-asi-es-la-apuesta-de-ford-para-el-trabajo-rural\\\/#primaryimage\"},\"thumbnailUrl\":\"https:\\\/\\\/autofans.com.ar\\\/wp-content\\\/uploads\\\/2026\\\/03\\\/ford-2-1.jpg\",\"keywords\":[\"camionetas para trabajo\",\"Expoagro 2026\",\"financiaci\u00f3n agro\",\"Florencia Kasparas\",\"Ford Argentina noticias\",\"Ford Ranger\",\"lanzamientos Ford Argentina\",\"pick-ups para el campo\",\"renovaci\u00f3n flota rural\",\"veh\u00edculos agropecuarios\"],\"articleSection\":[\"NOTICIAS\",\"PICK UPs, UTILITARIOS Y OTROS\"],\"inLanguage\":\"es\"},{\"@type\":\"WebPage\",\"@id\":\"https:\\\/\\\/autofans.com.ar\\\/index.php\\\/2026\\\/03\\\/11\\\/nueva-ranger-asi-es-la-apuesta-de-ford-para-el-trabajo-rural\\\/\",\"url\":\"https:\\\/\\\/autofans.com.ar\\\/index.php\\\/2026\\\/03\\\/11\\\/nueva-ranger-asi-es-la-apuesta-de-ford-para-el-trabajo-rural\\\/\",\"name\":\"Nueva Ranger, as\u00ed es la apuesta de Ford para el trabajo rural -\",\"isPartOf\":{\"@id\":\"https:\\\/\\\/autofans.com.ar\\\/#website\"},\"primaryImageOfPage\":{\"@id\":\"https:\\\/\\\/autofans.com.ar\\\/index.php\\\/2026\\\/03\\\/11\\\/nueva-ranger-asi-es-la-apuesta-de-ford-para-el-trabajo-rural\\\/#primaryimage\"},\"image\":{\"@id\":\"https:\\\/\\\/autofans.com.ar\\\/index.php\\\/2026\\\/03\\\/11\\\/nueva-ranger-asi-es-la-apuesta-de-ford-para-el-trabajo-rural\\\/#primaryimage\"},\"thumbnailUrl\":\"https:\\\/\\\/autofans.com.ar\\\/wp-content\\\/uploads\\\/2026\\\/03\\\/ford-2-1.jpg\",\"datePublished\":\"2026-03-11T23:29:52+00:00\",\"author\":{\"@id\":\"https:\\\/\\\/autofans.com.ar\\\/#\\\/schema\\\/person\\\/4a8dda0b6df83ac3d6723e921274c2aa\"},\"breadcrumb\":{\"@id\":\"https:\\\/\\\/autofans.com.ar\\\/index.php\\\/2026\\\/03\\\/11\\\/nueva-ranger-asi-es-la-apuesta-de-ford-para-el-trabajo-rural\\\/#breadcrumb\"},\"inLanguage\":\"es\",\"potentialAction\":[{\"@type\":\"ReadAction\",\"target\":[\"https:\\\/\\\/autofans.com.ar\\\/index.php\\\/2026\\\/03\\\/11\\\/nueva-ranger-asi-es-la-apuesta-de-ford-para-el-trabajo-rural\\\/\"]}]},{\"@type\":\"ImageObject\",\"inLanguage\":\"es\",\"@id\":\"https:\\\/\\\/autofans.com.ar\\\/index.php\\\/2026\\\/03\\\/11\\\/nueva-ranger-asi-es-la-apuesta-de-ford-para-el-trabajo-rural\\\/#primaryimage\",\"url\":\"https:\\\/\\\/autofans.com.ar\\\/wp-content\\\/uploads\\\/2026\\\/03\\\/ford-2-1.jpg\",\"contentUrl\":\"https:\\\/\\\/autofans.com.ar\\\/wp-content\\\/uploads\\\/2026\\\/03\\\/ford-2-1.jpg\",\"width\":1000,\"height\":667,\"caption\":\"Ford\"},{\"@type\":\"BreadcrumbList\",\"@id\":\"https:\\\/\\\/autofans.com.ar\\\/index.php\\\/2026\\\/03\\\/11\\\/nueva-ranger-asi-es-la-apuesta-de-ford-para-el-trabajo-rural\\\/#breadcrumb\",\"itemListElement\":[{\"@type\":\"ListItem\",\"position\":1,\"name\":\"Inicio\",\"item\":\"https:\\\/\\\/autofans.com.ar\\\/\"},{\"@type\":\"ListItem\",\"position\":2,\"name\":\"Nueva Ranger, as\u00ed es la apuesta de Ford para el trabajo rural\"}]},{\"@type\":\"WebSite\",\"@id\":\"https:\\\/\\\/autofans.com.ar\\\/#website\",\"url\":\"https:\\\/\\\/autofans.com.ar\\\/\",\"name\":\"\",\"description\":\"El multimedio referente de la industria automotriz\",\"potentialAction\":[{\"@type\":\"SearchAction\",\"target\":{\"@type\":\"EntryPoint\",\"urlTemplate\":\"https:\\\/\\\/autofans.com.ar\\\/?s={search_term_string}\"},\"query-input\":{\"@type\":\"PropertyValueSpecification\",\"valueRequired\":true,\"valueName\":\"search_term_string\"}}],\"inLanguage\":\"es\"},{\"@type\":\"Person\",\"@id\":\"https:\\\/\\\/autofans.com.ar\\\/#\\\/schema\\\/person\\\/4a8dda0b6df83ac3d6723e921274c2aa\",\"name\":\"Alejandro Gabriel Rosito\",\"image\":{\"@type\":\"ImageObject\",\"inLanguage\":\"es\",\"@id\":\"https:\\\/\\\/secure.gravatar.com\\\/avatar\\\/16c5dda1489adfc62618084dcbb91cffd879c374b13fe5dd8e44ed6733852c88?s=96&d=mm&r=g\",\"url\":\"https:\\\/\\\/secure.gravatar.com\\\/avatar\\\/16c5dda1489adfc62618084dcbb91cffd879c374b13fe5dd8e44ed6733852c88?s=96&d=mm&r=g\",\"contentUrl\":\"https:\\\/\\\/secure.gravatar.com\\\/avatar\\\/16c5dda1489adfc62618084dcbb91cffd879c374b13fe5dd8e44ed6733852c88?s=96&d=mm&r=g\",\"caption\":\"Alejandro Gabriel Rosito\"},\"url\":\"https:\\\/\\\/autofans.com.ar\\\/index.php\\\/author\\\/gabrielr\\\/\"}]}<\/script>\n<!-- \/ Yoast SEO plugin. -->","yoast_head_json":{"title":"Nueva Ranger, as\u00ed es la apuesta de Ford para el trabajo rural -","robots":{"index":"index","follow":"follow","max-snippet":"max-snippet:-1","max-image-preview":"max-image-preview:large","max-video-preview":"max-video-preview:-1"},"canonical":"https:\/\/autofans.com.ar\/index.php\/2026\/03\/11\/nueva-ranger-asi-es-la-apuesta-de-ford-para-el-trabajo-rural\/","og_locale":"es_ES","og_type":"article","og_title":"Nueva Ranger, as\u00ed es la apuesta de Ford para el trabajo rural -","og_description":"En el arranque de Expoagro 2026 edici\u00f3n YPF Agro, Ford Argentina present\u00f3 su apuesta fuerte...","og_url":"https:\/\/autofans.com.ar\/index.php\/2026\/03\/11\/nueva-ranger-asi-es-la-apuesta-de-ford-para-el-trabajo-rural\/","article_published_time":"2026-03-11T23:29:52+00:00","og_image":[{"width":1000,"height":667,"url":"https:\/\/autofans.com.ar\/wp-content\/uploads\/2026\/03\/ford-2-1.jpg","type":"image\/jpeg"}],"author":"Alejandro Gabriel Rosito","twitter_card":"summary_large_image","twitter_misc":{"Escrito por":"Alejandro Gabriel Rosito","Tiempo de lectura":"2 minutos"},"schema":{"@context":"https:\/\/schema.org","@graph":[{"@type":"Article","@id":"https:\/\/autofans.com.ar\/index.php\/2026\/03\/11\/nueva-ranger-asi-es-la-apuesta-de-ford-para-el-trabajo-rural\/#article","isPartOf":{"@id":"https:\/\/autofans.com.ar\/index.php\/2026\/03\/11\/nueva-ranger-asi-es-la-apuesta-de-ford-para-el-trabajo-rural\/"},"author":{"name":"Alejandro Gabriel Rosito","@id":"https:\/\/autofans.com.ar\/#\/schema\/person\/4a8dda0b6df83ac3d6723e921274c2aa"},"headline":"Nueva Ranger, as\u00ed es la apuesta de Ford para el trabajo rural","datePublished":"2026-03-11T23:29:52+00:00","mainEntityOfPage":{"@id":"https:\/\/autofans.com.ar\/index.php\/2026\/03\/11\/nueva-ranger-asi-es-la-apuesta-de-ford-para-el-trabajo-rural\/"},"wordCount":657,"image":{"@id":"https:\/\/autofans.com.ar\/index.php\/2026\/03\/11\/nueva-ranger-asi-es-la-apuesta-de-ford-para-el-trabajo-rural\/#primaryimage"},"thumbnailUrl":"https:\/\/autofans.com.ar\/wp-content\/uploads\/2026\/03\/ford-2-1.jpg","keywords":["camionetas para trabajo","Expoagro 2026","financiaci\u00f3n agro","Florencia Kasparas","Ford Argentina noticias","Ford Ranger","lanzamientos Ford Argentina","pick-ups para el campo","renovaci\u00f3n flota rural","veh\u00edculos agropecuarios"],"articleSection":["NOTICIAS","PICK UPs, UTILITARIOS Y OTROS"],"inLanguage":"es"},{"@type":"WebPage","@id":"https:\/\/autofans.com.ar\/index.php\/2026\/03\/11\/nueva-ranger-asi-es-la-apuesta-de-ford-para-el-trabajo-rural\/","url":"https:\/\/autofans.com.ar\/index.php\/2026\/03\/11\/nueva-ranger-asi-es-la-apuesta-de-ford-para-el-trabajo-rural\/","name":"Nueva Ranger, as\u00ed es la apuesta de Ford para el trabajo rural -","isPartOf":{"@id":"https:\/\/autofans.com.ar\/#website"},"primaryImageOfPage":{"@id":"https:\/\/autofans.com.ar\/index.php\/2026\/03\/11\/nueva-ranger-asi-es-la-apuesta-de-ford-para-el-trabajo-rural\/#primaryimage"},"image":{"@id":"https:\/\/autofans.com.ar\/index.php\/2026\/03\/11\/nueva-ranger-asi-es-la-apuesta-de-ford-para-el-trabajo-rural\/#primaryimage"},"thumbnailUrl":"https:\/\/autofans.com.ar\/wp-content\/uploads\/2026\/03\/ford-2-1.jpg","datePublished":"2026-03-11T23:29:52+00:00","author":{"@id":"https:\/\/autofans.com.ar\/#\/schema\/person\/4a8dda0b6df83ac3d6723e921274c2aa"},"breadcrumb":{"@id":"https:\/\/autofans.com.ar\/index.php\/2026\/03\/11\/nueva-ranger-asi-es-la-apuesta-de-ford-para-el-trabajo-rural\/#breadcrumb"},"inLanguage":"es","potentialAction":[{"@type":"ReadAction","target":["https:\/\/autofans.com.ar\/index.php\/2026\/03\/11\/nueva-ranger-asi-es-la-apuesta-de-ford-para-el-trabajo-rural\/"]}]},{"@type":"ImageObject","inLanguage":"es","@id":"https:\/\/autofans.com.ar\/index.php\/2026\/03\/11\/nueva-ranger-asi-es-la-apuesta-de-ford-para-el-trabajo-rural\/#primaryimage","url":"https:\/\/autofans.com.ar\/wp-content\/uploads\/2026\/03\/ford-2-1.jpg","contentUrl":"https:\/\/autofans.com.ar\/wp-content\/uploads\/2026\/03\/ford-2-1.jpg","width":1000,"height":667,"caption":"Ford"},{"@type":"BreadcrumbList","@id":"https:\/\/autofans.com.ar\/index.php\/2026\/03\/11\/nueva-ranger-asi-es-la-apuesta-de-ford-para-el-trabajo-rural\/#breadcrumb","itemListElement":[{"@type":"ListItem","position":1,"name":"Inicio","item":"https:\/\/autofans.com.ar\/"},{"@type":"ListItem","position":2,"name":"Nueva Ranger, as\u00ed es la apuesta de Ford para el trabajo rural"}]},{"@type":"WebSite","@id":"https:\/\/autofans.com.ar\/#website","url":"https:\/\/autofans.com.ar\/","name":"","description":"El multimedio referente de la industria automotriz","potentialAction":[{"@type":"SearchAction","target":{"@type":"EntryPoint","urlTemplate":"https:\/\/autofans.com.ar\/?s={search_term_string}"},"query-input":{"@type":"PropertyValueSpecification","valueRequired":true,"valueName":"search_term_string"}}],"inLanguage":"es"},{"@type":"Person","@id":"https:\/\/autofans.com.ar\/#\/schema\/person\/4a8dda0b6df83ac3d6723e921274c2aa","name":"Alejandro Gabriel Rosito","image":{"@type":"ImageObject","inLanguage":"es","@id":"https:\/\/secure.gravatar.com\/avatar\/16c5dda1489adfc62618084dcbb91cffd879c374b13fe5dd8e44ed6733852c88?s=96&d=mm&r=g","url":"https:\/\/secure.gravatar.com\/avatar\/16c5dda1489adfc62618084dcbb91cffd879c374b13fe5dd8e44ed6733852c88?s=96&d=mm&r=g","contentUrl":"https:\/\/secure.gravatar.com\/avatar\/16c5dda1489adfc62618084dcbb91cffd879c374b13fe5dd8e44ed6733852c88?s=96&d=mm&r=g","caption":"Alejandro Gabriel Rosito"},"url":"https:\/\/autofans.com.ar\/index.php\/author\/gabrielr\/"}]}},"featured_image_urls":{"full":["https:\/\/autofans.com.ar\/wp-content\/uploads\/2026\/03\/ford-2-1.jpg",1000,667,false],"thumbnail":["https:\/\/autofans.com.ar\/wp-content\/uploads\/2026\/03\/ford-2-1-150x150.jpg",150,150,true],"medium":["https:\/\/autofans.com.ar\/wp-content\/uploads\/2026\/03\/ford-2-1-300x200.jpg",300,200,true],"medium_large":["https:\/\/autofans.com.ar\/wp-content\/uploads\/2026\/03\/ford-2-1-768x512.jpg",640,427,true],"large":["https:\/\/autofans.com.ar\/wp-content\/uploads\/2026\/03\/ford-2-1.jpg",640,427,false],"1536x1536":["https:\/\/autofans.com.ar\/wp-content\/uploads\/2026\/03\/ford-2-1.jpg",1000,667,false],"2048x2048":["https:\/\/autofans.com.ar\/wp-content\/uploads\/2026\/03\/ford-2-1.jpg",1000,667,false],"covernews-featured":["https:\/\/autofans.com.ar\/wp-content\/uploads\/2026\/03\/ford-2-1.jpg",1000,667,false],"covernews-medium":["https:\/\/autofans.com.ar\/wp-content\/uploads\/2026\/03\/ford-2-1-540x340.jpg",540,340,true]},"author_info":{"display_name":"Alejandro Gabriel Rosito","author_link":"https:\/\/autofans.com.ar\/index.php\/author\/gabrielr\/"},"category_info":"<a href=\"https:\/\/autofans.com.ar\/index.php\/category\/noticias\/\" rel=\"category tag\">NOTICIAS<\/a> <a href=\"https:\/\/autofans.com.ar\/index.php\/category\/noticias\/otros\/\" rel=\"category tag\">PICK UPs, UTILITARIOS Y OTROS<\/a>","tag_info":"PICK UPs, UTILITARIOS Y OTROS","comment_count":0,"_links":{"self":[{"href":"https:\/\/autofans.com.ar\/index.php\/wp-json\/wp\/v2\/posts\/16403","targetHints":{"allow":["GET"]}}],"collection":[{"href":"https:\/\/autofans.com.ar\/index.php\/wp-json\/wp\/v2\/posts"}],"about":[{"href":"https:\/\/autofans.com.ar\/index.php\/wp-json\/wp\/v2\/types\/post"}],"author":[{"embeddable":true,"href":"https:\/\/autofans.com.ar\/index.php\/wp-json\/wp\/v2\/users\/2"}],"replies":[{"embeddable":true,"href":"https:\/\/autofans.com.ar\/index.php\/wp-json\/wp\/v2\/comments?post=16403"}],"version-history":[{"count":3,"href":"https:\/\/autofans.com.ar\/index.php\/wp-json\/wp\/v2\/posts\/16403\/revisions"}],"predecessor-version":[{"id":16409,"href":"https:\/\/autofans.com.ar\/index.php\/wp-json\/wp\/v2\/posts\/16403\/revisions\/16409"}],"wp:featuredmedia":[{"embeddable":true,"href":"https:\/\/autofans.com.ar\/index.php\/wp-json\/wp\/v2\/media\/16406"}],"wp:attachment":[{"href":"https:\/\/autofans.com.ar\/index.php\/wp-json\/wp\/v2\/media?parent=16403"}],"wp:term":[{"taxonomy":"category","embeddable":true,"href":"https:\/\/autofans.com.ar\/index.php\/wp-json\/wp\/v2\/categories?post=16403"},{"taxonomy":"post_tag","embeddable":true,"href":"https:\/\/autofans.com.ar\/index.php\/wp-json\/wp\/v2\/tags?post=16403"}],"curies":[{"name":"wp","href":"https:\/\/api.w.org\/{rel}","templated":true}]}}