{"id":16410,"date":"2026-03-12T15:57:34","date_gmt":"2026-03-12T18:57:34","guid":{"rendered":"https:\/\/autofans.com.ar\/?p=16410"},"modified":"2026-03-12T15:57:34","modified_gmt":"2026-03-12T18:57:34","slug":"nuevo-mini-countryman-diesel","status":"publish","type":"post","link":"https:\/\/autofans.com.ar\/index.php\/2026\/03\/12\/nuevo-mini-countryman-diesel\/","title":{"rendered":"Nuevo MINI Countryman di\u00e9sel"},"content":{"rendered":"<p class=\"ds-markdown-paragraph\">BMW Group Argentina confirm\u00f3 la llegada al mercado local de una nueva variante para el MINI Countryman. Se trata de la versi\u00f3n D Essential, que se convierte en la opci\u00f3n m\u00e1s accesible de la gama gracias a un precio de lanzamiento de USD 43.500.<\/p>\n<p>&nbsp;<\/p>\n<h2>El MINI, tecnolog\u00eda MHEV<\/h2>\n<p>&nbsp;<\/p>\n<div id='gallery-1' class='gallery galleryid-16410 gallery-columns-2 gallery-size-full'><figure class='gallery-item'>\n\t\t\t<div class='gallery-icon landscape'>\n\t\t\t\t<a href='https:\/\/autofans.com.ar\/index.php\/2026\/03\/12\/nuevo-mini-countryman-diesel\/mini-4-3\/'><img loading=\"lazy\" width=\"1000\" height=\"667\" src=\"https:\/\/autofans.com.ar\/wp-content\/uploads\/2026\/03\/mini-4.jpg\" class=\"attachment-full size-full\" alt=\"MINI\" srcset=\"https:\/\/autofans.com.ar\/wp-content\/uploads\/2026\/03\/mini-4.jpg 1000w, https:\/\/autofans.com.ar\/wp-content\/uploads\/2026\/03\/mini-4-300x200.jpg 300w, https:\/\/autofans.com.ar\/wp-content\/uploads\/2026\/03\/mini-4-768x512.jpg 768w\" sizes=\"auto, (max-width: 1000px) 100vw, 1000px\" loading=\"lazy\" decoding=\"async\" \/><\/a>\n\t\t\t<\/div><\/figure><figure class='gallery-item'>\n\t\t\t<div class='gallery-icon landscape'>\n\t\t\t\t<a href='https:\/\/autofans.com.ar\/index.php\/2026\/03\/12\/nuevo-mini-countryman-diesel\/mini-5-3\/'><img loading=\"lazy\" width=\"1000\" height=\"667\" src=\"https:\/\/autofans.com.ar\/wp-content\/uploads\/2026\/03\/mini-5.jpg\" class=\"attachment-full size-full\" alt=\"MINI\" srcset=\"https:\/\/autofans.com.ar\/wp-content\/uploads\/2026\/03\/mini-5.jpg 1000w, https:\/\/autofans.com.ar\/wp-content\/uploads\/2026\/03\/mini-5-300x200.jpg 300w, https:\/\/autofans.com.ar\/wp-content\/uploads\/2026\/03\/mini-5-768x512.jpg 768w\" sizes=\"auto, (max-width: 1000px) 100vw, 1000px\" loading=\"lazy\" decoding=\"async\" \/><\/a>\n\t\t\t<\/div><\/figure>\n\t\t<\/div>\n\n<p>&nbsp;<\/p>\n<p class=\"ds-markdown-paragraph\">La novedad est\u00e1 en el motor. Este Countryman incorpora un impulsor di\u00e9sel de cuatro cilindros y dos litros con tecnolog\u00eda MHEV (Mild-Hybrid) de 48V. El sistema entrega una potencia combinada de 163 hp y un torque de 400 Nm, lo que lo posiciona como una alternativa eficiente tanto para la ruta como para el uso diario en ciudad. La caja es autom\u00e1tica Steptronic de doble embrague y siete velocidades.<\/p>\n<p>&nbsp;<\/p>\n<div style=\"display: flex; justify-content: center; width: 100%;\">\n<div style=\"display: flex; align-items: center; justify-content: space-between; background: #f7f7f7; padding: 8px 40px; border-radius: 0px; box-shadow: 0 4px 10px rgba(0, 0, 0, 0.08); margin: 16px 0; max-width: 700px; width: 100%;\">\n<div style=\"flex: 1;\"><a style=\"font-size: 16px; color: #a90606; font-weight: bold; text-decoration: none;\" href=\"https:\/\/autofans.com.ar\/wp-content\/uploads\/2026\/03\/Ficha_tecnica_MINI_Countryman_D_Essential.pdf\" target=\"_blank\" rel=\"noopener\"><br \/>\n\u2192 Ficha T\u00e9cnica MINI Countryman<br \/>\n<\/a><\/div>\n<div style=\"margin-left: 30px;\"><img fetchpriority=\"high\" decoding=\"async\" class=\"alignright\" style=\"height: 18px; width: auto;\" src=\"https:\/\/autofans.com.ar\/wp-content\/uploads\/2023\/02\/Autofans_600x102_150px5.png\" alt=\"Logo Autofans\" width=\"1200\" height=\"137\" \/><\/div>\n<\/div>\n<\/div>\n<p>&nbsp;<\/p>\n<h2>No es un h\u00edbrido com\u00fan, as\u00ed asiste el motor el\u00e9ctrico al nuevo di\u00e9sel de MINI<\/h2>\n<p>&nbsp;<\/p>\n<p><img decoding=\"async\" class=\"aligncenter wp-image-16416 size-full\" src=\"https:\/\/autofans.com.ar\/wp-content\/uploads\/2026\/03\/mini-3.jpg\" alt=\"MINI\" width=\"1000\" height=\"667\" srcset=\"https:\/\/autofans.com.ar\/wp-content\/uploads\/2026\/03\/mini-3.jpg 1000w, https:\/\/autofans.com.ar\/wp-content\/uploads\/2026\/03\/mini-3-300x200.jpg 300w, https:\/\/autofans.com.ar\/wp-content\/uploads\/2026\/03\/mini-3-768x512.jpg 768w\" sizes=\"(max-width: 1000px) 100vw, 1000px\" \/><\/p>\n<p>&nbsp;<\/p>\n<p class=\"ds-markdown-paragraph\">Un punto clave de esta motorizaci\u00f3n es el peque\u00f1o motor el\u00e9ctrico de 48V integrado en la transmisi\u00f3n. Su funci\u00f3n no es mover el auto por s\u00ed solo, sino recuperar energ\u00eda durante las frenadas y asistir al motor t\u00e9rmico en las salidas y bajas revoluciones. Aporta 20 hp extra en esos momentos, mejora la respuesta del acelerador y ayuda a reducir el consumo de combustible, especialmente en trayectos largos.<\/p>\n<p>&nbsp;<\/p>\n<h2>La pantalla circular que conquista en el nuevo MINI Countryman<\/h2>\n<p>En cuanto al equipamiento, el Countryman D Essential no escatima en detalles de la marca. Viene de serie con llantas de 17 pulgadas, faros full LED y la llamativa pantalla central OLED de 240 mm (MINI Interaction Unit), desde donde se controla todo el sistema de infoentretenimiento. Tambi\u00e9n incluye los servicios remotos de MINI Connected.<\/p>\n<p>&nbsp;<\/p>\n<div id='gallery-2' class='gallery galleryid-16410 gallery-columns-2 gallery-size-full'><figure class='gallery-item'>\n\t\t\t<div class='gallery-icon landscape'>\n\t\t\t\t<a href='https:\/\/autofans.com.ar\/index.php\/2026\/03\/12\/nuevo-mini-countryman-diesel\/mini-1-4\/'><img loading=\"lazy\" width=\"1000\" height=\"667\" src=\"https:\/\/autofans.com.ar\/wp-content\/uploads\/2026\/03\/mini-1.jpg\" class=\"attachment-full size-full\" alt=\"MINI\" srcset=\"https:\/\/autofans.com.ar\/wp-content\/uploads\/2026\/03\/mini-1.jpg 1000w, https:\/\/autofans.com.ar\/wp-content\/uploads\/2026\/03\/mini-1-300x200.jpg 300w, https:\/\/autofans.com.ar\/wp-content\/uploads\/2026\/03\/mini-1-768x512.jpg 768w\" sizes=\"auto, (max-width: 1000px) 100vw, 1000px\" loading=\"lazy\" decoding=\"async\" \/><\/a>\n\t\t\t<\/div><\/figure><figure class='gallery-item'>\n\t\t\t<div class='gallery-icon landscape'>\n\t\t\t\t<a href='https:\/\/autofans.com.ar\/index.php\/2026\/03\/12\/nuevo-mini-countryman-diesel\/mini-2-4\/'><img loading=\"lazy\" width=\"1000\" height=\"667\" src=\"https:\/\/autofans.com.ar\/wp-content\/uploads\/2026\/03\/mini-2.jpg\" class=\"attachment-full size-full\" alt=\"MINI\" srcset=\"https:\/\/autofans.com.ar\/wp-content\/uploads\/2026\/03\/mini-2.jpg 1000w, https:\/\/autofans.com.ar\/wp-content\/uploads\/2026\/03\/mini-2-300x200.jpg 300w, https:\/\/autofans.com.ar\/wp-content\/uploads\/2026\/03\/mini-2-768x512.jpg 768w\" sizes=\"auto, (max-width: 1000px) 100vw, 1000px\" loading=\"lazy\" decoding=\"async\" \/><\/a>\n\t\t\t<\/div><\/figure>\n\t\t<\/div>\n\n<p>&nbsp;<\/p>\n<p class=\"ds-markdown-paragraph\">Con el lanzamiento de esta variante di\u00e9sel, la familia Countryman queda conformada de la siguiente manera:<\/p>\n<ul>\n<li>\n<p class=\"ds-markdown-paragraph\">MINI Countryman D Essential: USD 43.500<\/p>\n<\/li>\n<li>\n<p class=\"ds-markdown-paragraph\">MINI Countryman C Classic: USD 54.900<\/p>\n<\/li>\n<li>\n<p class=\"ds-markdown-paragraph\">MINI Countryman S All4 Classic Confort: USD 59.900<\/p>\n<\/li>\n<li>\n<p class=\"ds-markdown-paragraph\">MINI Countryman S All4 Favoured: USD 65.900<\/p>\n<\/li>\n<\/ul>\n<p class=\"ds-markdown-paragraph\">Todas las versiones cuentan con una garant\u00eda de 3 a\u00f1os o 200.000 kil\u00f3metros.<\/p>\n<p class=\"ds-markdown-paragraph\">El nuevo Countryman D Essential apuesta por un perfil m\u00e1s racional sin perder la esencia de la marca. Es, como indica la propaganda, un auto pensado para quienes se suben por primera vez a un MINI, pero con argumentos de sobra para quedarse.<\/p>\n<p>&nbsp;<\/p>\n<p>&nbsp;<\/p>\n<p>&nbsp;<\/p>\n<p><i>Para enterarte de m\u00e1s novedades, no dejes de leer\u00a0<\/i><a href=\"https:\/\/autofans.thebrandsoup.com\/\"><i>nuestras notas<\/i><\/a><i>, de ver\u00a0<\/i><a href=\"https:\/\/www.youtube.com\/channel\/UCgAC8UGHZYbT6P7PpmVnP7g\"><i>AUTOFANS TV<\/i><\/a><i>\u00a0en nuestro\u00a0canal de Youtube. Adem\u00e1s seguinos en\u00a0<\/i><a href=\"https:\/\/www.instagram.com\/autofanstv\/\"><i>INSTAGRAM<\/i><\/a><i> y <\/i><a href=\"https:\/\/www.facebook.com\/autofansmas\/\"><i>FACEBOOK<\/i><\/a><i> para no perderte nada sobre las novedades del segmento automotor de Argentina y el mundo.<\/i><\/p>\n","protected":false},"excerpt":{"rendered":"<p>BMW Group Argentina confirm\u00f3 la llegada al mercado local de una nueva variante para el&#8230;<\/p>\n","protected":false},"author":2,"featured_media":16413,"comment_status":"closed","ping_status":"closed","sticky":false,"template":"","format":"standard","meta":{"footnotes":""},"categories":[3,1],"tags":[8737,2360,8733,8732,8736,8734,8735],"class_list":["post-16410","post","type-post","status-publish","format-standard","has-post-thumbnail","hentry","category-autos","category-lanzamientos","tag-autos-0km-argentina","tag-bmw-group-argentina","tag-lanzamiento-mini-argentina-2026","tag-mini-countryman-d-essential-argentina","tag-mini-countryman-entrada-de-gama","tag-mini-countryman-precio-argentina","tag-suv-dieseel-mild-hybrid"],"yoast_head":"<!-- This site is optimized with the Yoast SEO plugin v27.5 - https:\/\/yoast.com\/product\/yoast-seo-wordpress\/ -->\n<title>Nuevo MINI Countryman di\u00e9sel -<\/title>\n<meta name=\"description\" content=\"BMW Group Argentina confirm\u00f3 la llegada al mercado local de una nueva variante para el MINI Countryman. Se trata de la versi\u00f3n D Essential...\" \/>\n<meta name=\"robots\" content=\"index, follow, max-snippet:-1, max-image-preview:large, max-video-preview:-1\" \/>\n<link rel=\"canonical\" href=\"https:\/\/autofans.com.ar\/index.php\/2026\/03\/12\/nuevo-mini-countryman-diesel\/\" \/>\n<meta property=\"og:locale\" content=\"es_ES\" \/>\n<meta property=\"og:type\" content=\"article\" \/>\n<meta property=\"og:title\" content=\"Nuevo MINI Countryman di\u00e9sel -\" \/>\n<meta property=\"og:description\" content=\"BMW Group Argentina confirm\u00f3 la llegada al mercado local de una nueva variante para el MINI Countryman. Se trata de la versi\u00f3n D Essential...\" \/>\n<meta property=\"og:url\" content=\"https:\/\/autofans.com.ar\/index.php\/2026\/03\/12\/nuevo-mini-countryman-diesel\/\" \/>\n<meta property=\"article:published_time\" content=\"2026-03-12T18:57:34+00:00\" \/>\n<meta property=\"og:image\" content=\"https:\/\/autofans.com.ar\/wp-content\/uploads\/2026\/03\/mini-6.jpg\" \/>\n\t<meta property=\"og:image:width\" content=\"1000\" \/>\n\t<meta property=\"og:image:height\" content=\"667\" \/>\n\t<meta property=\"og:image:type\" content=\"image\/jpeg\" \/>\n<meta name=\"author\" content=\"Alejandro Gabriel Rosito\" \/>\n<meta name=\"twitter:card\" content=\"summary_large_image\" \/>\n<meta name=\"twitter:label1\" content=\"Escrito por\" \/>\n\t<meta name=\"twitter:data1\" content=\"Alejandro Gabriel Rosito\" \/>\n\t<meta name=\"twitter:label2\" content=\"Tiempo de lectura\" \/>\n\t<meta name=\"twitter:data2\" content=\"3 minutos\" \/>\n<script type=\"application\/ld+json\" class=\"yoast-schema-graph\">{\"@context\":\"https:\\\/\\\/schema.org\",\"@graph\":[{\"@type\":\"Article\",\"@id\":\"https:\\\/\\\/autofans.com.ar\\\/index.php\\\/2026\\\/03\\\/12\\\/nuevo-mini-countryman-diesel\\\/#article\",\"isPartOf\":{\"@id\":\"https:\\\/\\\/autofans.com.ar\\\/index.php\\\/2026\\\/03\\\/12\\\/nuevo-mini-countryman-diesel\\\/\"},\"author\":{\"name\":\"Alejandro Gabriel Rosito\",\"@id\":\"https:\\\/\\\/autofans.com.ar\\\/#\\\/schema\\\/person\\\/4a8dda0b6df83ac3d6723e921274c2aa\"},\"headline\":\"Nuevo MINI Countryman di\u00e9sel\",\"datePublished\":\"2026-03-12T18:57:34+00:00\",\"mainEntityOfPage\":{\"@id\":\"https:\\\/\\\/autofans.com.ar\\\/index.php\\\/2026\\\/03\\\/12\\\/nuevo-mini-countryman-diesel\\\/\"},\"wordCount\":452,\"image\":{\"@id\":\"https:\\\/\\\/autofans.com.ar\\\/index.php\\\/2026\\\/03\\\/12\\\/nuevo-mini-countryman-diesel\\\/#primaryimage\"},\"thumbnailUrl\":\"https:\\\/\\\/autofans.com.ar\\\/wp-content\\\/uploads\\\/2026\\\/03\\\/mini-6.jpg\",\"keywords\":[\"autos 0km Argentina\",\"BMW Group Argentina\",\"lanzamiento MINI Argentina 2026\",\"MINI Countryman D Essential Argentina\",\"MINI Countryman entrada de gama\",\"MINI Countryman precio Argentina\",\"SUV di\u00e9seel mild-hybrid\"],\"articleSection\":[\"AUTOS y SUV\",\"LANZAMIENTOS\"],\"inLanguage\":\"es\"},{\"@type\":\"WebPage\",\"@id\":\"https:\\\/\\\/autofans.com.ar\\\/index.php\\\/2026\\\/03\\\/12\\\/nuevo-mini-countryman-diesel\\\/\",\"url\":\"https:\\\/\\\/autofans.com.ar\\\/index.php\\\/2026\\\/03\\\/12\\\/nuevo-mini-countryman-diesel\\\/\",\"name\":\"Nuevo MINI Countryman di\u00e9sel -\",\"isPartOf\":{\"@id\":\"https:\\\/\\\/autofans.com.ar\\\/#website\"},\"primaryImageOfPage\":{\"@id\":\"https:\\\/\\\/autofans.com.ar\\\/index.php\\\/2026\\\/03\\\/12\\\/nuevo-mini-countryman-diesel\\\/#primaryimage\"},\"image\":{\"@id\":\"https:\\\/\\\/autofans.com.ar\\\/index.php\\\/2026\\\/03\\\/12\\\/nuevo-mini-countryman-diesel\\\/#primaryimage\"},\"thumbnailUrl\":\"https:\\\/\\\/autofans.com.ar\\\/wp-content\\\/uploads\\\/2026\\\/03\\\/mini-6.jpg\",\"datePublished\":\"2026-03-12T18:57:34+00:00\",\"author\":{\"@id\":\"https:\\\/\\\/autofans.com.ar\\\/#\\\/schema\\\/person\\\/4a8dda0b6df83ac3d6723e921274c2aa\"},\"description\":\"BMW Group Argentina confirm\u00f3 la llegada al mercado local de una nueva variante para el MINI Countryman. Se trata de la versi\u00f3n D Essential...\",\"breadcrumb\":{\"@id\":\"https:\\\/\\\/autofans.com.ar\\\/index.php\\\/2026\\\/03\\\/12\\\/nuevo-mini-countryman-diesel\\\/#breadcrumb\"},\"inLanguage\":\"es\",\"potentialAction\":[{\"@type\":\"ReadAction\",\"target\":[\"https:\\\/\\\/autofans.com.ar\\\/index.php\\\/2026\\\/03\\\/12\\\/nuevo-mini-countryman-diesel\\\/\"]}]},{\"@type\":\"ImageObject\",\"inLanguage\":\"es\",\"@id\":\"https:\\\/\\\/autofans.com.ar\\\/index.php\\\/2026\\\/03\\\/12\\\/nuevo-mini-countryman-diesel\\\/#primaryimage\",\"url\":\"https:\\\/\\\/autofans.com.ar\\\/wp-content\\\/uploads\\\/2026\\\/03\\\/mini-6.jpg\",\"contentUrl\":\"https:\\\/\\\/autofans.com.ar\\\/wp-content\\\/uploads\\\/2026\\\/03\\\/mini-6.jpg\",\"width\":1000,\"height\":667,\"caption\":\"MINI\"},{\"@type\":\"BreadcrumbList\",\"@id\":\"https:\\\/\\\/autofans.com.ar\\\/index.php\\\/2026\\\/03\\\/12\\\/nuevo-mini-countryman-diesel\\\/#breadcrumb\",\"itemListElement\":[{\"@type\":\"ListItem\",\"position\":1,\"name\":\"Inicio\",\"item\":\"https:\\\/\\\/autofans.com.ar\\\/\"},{\"@type\":\"ListItem\",\"position\":2,\"name\":\"Nuevo MINI Countryman di\u00e9sel\"}]},{\"@type\":\"WebSite\",\"@id\":\"https:\\\/\\\/autofans.com.ar\\\/#website\",\"url\":\"https:\\\/\\\/autofans.com.ar\\\/\",\"name\":\"\",\"description\":\"El multimedio referente de la industria automotriz\",\"potentialAction\":[{\"@type\":\"SearchAction\",\"target\":{\"@type\":\"EntryPoint\",\"urlTemplate\":\"https:\\\/\\\/autofans.com.ar\\\/?s={search_term_string}\"},\"query-input\":{\"@type\":\"PropertyValueSpecification\",\"valueRequired\":true,\"valueName\":\"search_term_string\"}}],\"inLanguage\":\"es\"},{\"@type\":\"Person\",\"@id\":\"https:\\\/\\\/autofans.com.ar\\\/#\\\/schema\\\/person\\\/4a8dda0b6df83ac3d6723e921274c2aa\",\"name\":\"Alejandro Gabriel Rosito\",\"image\":{\"@type\":\"ImageObject\",\"inLanguage\":\"es\",\"@id\":\"https:\\\/\\\/secure.gravatar.com\\\/avatar\\\/16c5dda1489adfc62618084dcbb91cffd879c374b13fe5dd8e44ed6733852c88?s=96&d=mm&r=g\",\"url\":\"https:\\\/\\\/secure.gravatar.com\\\/avatar\\\/16c5dda1489adfc62618084dcbb91cffd879c374b13fe5dd8e44ed6733852c88?s=96&d=mm&r=g\",\"contentUrl\":\"https:\\\/\\\/secure.gravatar.com\\\/avatar\\\/16c5dda1489adfc62618084dcbb91cffd879c374b13fe5dd8e44ed6733852c88?s=96&d=mm&r=g\",\"caption\":\"Alejandro Gabriel Rosito\"},\"url\":\"https:\\\/\\\/autofans.com.ar\\\/index.php\\\/author\\\/gabrielr\\\/\"}]}<\/script>\n<!-- \/ Yoast SEO plugin. -->","yoast_head_json":{"title":"Nuevo MINI Countryman di\u00e9sel -","description":"BMW Group Argentina confirm\u00f3 la llegada al mercado local de una nueva variante para el MINI Countryman. Se trata de la versi\u00f3n D Essential...","robots":{"index":"index","follow":"follow","max-snippet":"max-snippet:-1","max-image-preview":"max-image-preview:large","max-video-preview":"max-video-preview:-1"},"canonical":"https:\/\/autofans.com.ar\/index.php\/2026\/03\/12\/nuevo-mini-countryman-diesel\/","og_locale":"es_ES","og_type":"article","og_title":"Nuevo MINI Countryman di\u00e9sel -","og_description":"BMW Group Argentina confirm\u00f3 la llegada al mercado local de una nueva variante para el MINI Countryman. Se trata de la versi\u00f3n D Essential...","og_url":"https:\/\/autofans.com.ar\/index.php\/2026\/03\/12\/nuevo-mini-countryman-diesel\/","article_published_time":"2026-03-12T18:57:34+00:00","og_image":[{"width":1000,"height":667,"url":"https:\/\/autofans.com.ar\/wp-content\/uploads\/2026\/03\/mini-6.jpg","type":"image\/jpeg"}],"author":"Alejandro Gabriel Rosito","twitter_card":"summary_large_image","twitter_misc":{"Escrito por":"Alejandro Gabriel Rosito","Tiempo de lectura":"3 minutos"},"schema":{"@context":"https:\/\/schema.org","@graph":[{"@type":"Article","@id":"https:\/\/autofans.com.ar\/index.php\/2026\/03\/12\/nuevo-mini-countryman-diesel\/#article","isPartOf":{"@id":"https:\/\/autofans.com.ar\/index.php\/2026\/03\/12\/nuevo-mini-countryman-diesel\/"},"author":{"name":"Alejandro Gabriel Rosito","@id":"https:\/\/autofans.com.ar\/#\/schema\/person\/4a8dda0b6df83ac3d6723e921274c2aa"},"headline":"Nuevo MINI Countryman di\u00e9sel","datePublished":"2026-03-12T18:57:34+00:00","mainEntityOfPage":{"@id":"https:\/\/autofans.com.ar\/index.php\/2026\/03\/12\/nuevo-mini-countryman-diesel\/"},"wordCount":452,"image":{"@id":"https:\/\/autofans.com.ar\/index.php\/2026\/03\/12\/nuevo-mini-countryman-diesel\/#primaryimage"},"thumbnailUrl":"https:\/\/autofans.com.ar\/wp-content\/uploads\/2026\/03\/mini-6.jpg","keywords":["autos 0km Argentina","BMW Group Argentina","lanzamiento MINI Argentina 2026","MINI Countryman D Essential Argentina","MINI Countryman entrada de gama","MINI Countryman precio Argentina","SUV di\u00e9seel mild-hybrid"],"articleSection":["AUTOS y SUV","LANZAMIENTOS"],"inLanguage":"es"},{"@type":"WebPage","@id":"https:\/\/autofans.com.ar\/index.php\/2026\/03\/12\/nuevo-mini-countryman-diesel\/","url":"https:\/\/autofans.com.ar\/index.php\/2026\/03\/12\/nuevo-mini-countryman-diesel\/","name":"Nuevo MINI Countryman di\u00e9sel -","isPartOf":{"@id":"https:\/\/autofans.com.ar\/#website"},"primaryImageOfPage":{"@id":"https:\/\/autofans.com.ar\/index.php\/2026\/03\/12\/nuevo-mini-countryman-diesel\/#primaryimage"},"image":{"@id":"https:\/\/autofans.com.ar\/index.php\/2026\/03\/12\/nuevo-mini-countryman-diesel\/#primaryimage"},"thumbnailUrl":"https:\/\/autofans.com.ar\/wp-content\/uploads\/2026\/03\/mini-6.jpg","datePublished":"2026-03-12T18:57:34+00:00","author":{"@id":"https:\/\/autofans.com.ar\/#\/schema\/person\/4a8dda0b6df83ac3d6723e921274c2aa"},"description":"BMW Group Argentina confirm\u00f3 la llegada al mercado local de una nueva variante para el MINI Countryman. Se trata de la versi\u00f3n D Essential...","breadcrumb":{"@id":"https:\/\/autofans.com.ar\/index.php\/2026\/03\/12\/nuevo-mini-countryman-diesel\/#breadcrumb"},"inLanguage":"es","potentialAction":[{"@type":"ReadAction","target":["https:\/\/autofans.com.ar\/index.php\/2026\/03\/12\/nuevo-mini-countryman-diesel\/"]}]},{"@type":"ImageObject","inLanguage":"es","@id":"https:\/\/autofans.com.ar\/index.php\/2026\/03\/12\/nuevo-mini-countryman-diesel\/#primaryimage","url":"https:\/\/autofans.com.ar\/wp-content\/uploads\/2026\/03\/mini-6.jpg","contentUrl":"https:\/\/autofans.com.ar\/wp-content\/uploads\/2026\/03\/mini-6.jpg","width":1000,"height":667,"caption":"MINI"},{"@type":"BreadcrumbList","@id":"https:\/\/autofans.com.ar\/index.php\/2026\/03\/12\/nuevo-mini-countryman-diesel\/#breadcrumb","itemListElement":[{"@type":"ListItem","position":1,"name":"Inicio","item":"https:\/\/autofans.com.ar\/"},{"@type":"ListItem","position":2,"name":"Nuevo MINI Countryman di\u00e9sel"}]},{"@type":"WebSite","@id":"https:\/\/autofans.com.ar\/#website","url":"https:\/\/autofans.com.ar\/","name":"","description":"El multimedio referente de la industria automotriz","potentialAction":[{"@type":"SearchAction","target":{"@type":"EntryPoint","urlTemplate":"https:\/\/autofans.com.ar\/?s={search_term_string}"},"query-input":{"@type":"PropertyValueSpecification","valueRequired":true,"valueName":"search_term_string"}}],"inLanguage":"es"},{"@type":"Person","@id":"https:\/\/autofans.com.ar\/#\/schema\/person\/4a8dda0b6df83ac3d6723e921274c2aa","name":"Alejandro Gabriel Rosito","image":{"@type":"ImageObject","inLanguage":"es","@id":"https:\/\/secure.gravatar.com\/avatar\/16c5dda1489adfc62618084dcbb91cffd879c374b13fe5dd8e44ed6733852c88?s=96&d=mm&r=g","url":"https:\/\/secure.gravatar.com\/avatar\/16c5dda1489adfc62618084dcbb91cffd879c374b13fe5dd8e44ed6733852c88?s=96&d=mm&r=g","contentUrl":"https:\/\/secure.gravatar.com\/avatar\/16c5dda1489adfc62618084dcbb91cffd879c374b13fe5dd8e44ed6733852c88?s=96&d=mm&r=g","caption":"Alejandro Gabriel Rosito"},"url":"https:\/\/autofans.com.ar\/index.php\/author\/gabrielr\/"}]}},"featured_image_urls":{"full":["https:\/\/autofans.com.ar\/wp-content\/uploads\/2026\/03\/mini-6.jpg",1000,667,false],"thumbnail":["https:\/\/autofans.com.ar\/wp-content\/uploads\/2026\/03\/mini-6-150x150.jpg",150,150,true],"medium":["https:\/\/autofans.com.ar\/wp-content\/uploads\/2026\/03\/mini-6-300x200.jpg",300,200,true],"medium_large":["https:\/\/autofans.com.ar\/wp-content\/uploads\/2026\/03\/mini-6-768x512.jpg",640,427,true],"large":["https:\/\/autofans.com.ar\/wp-content\/uploads\/2026\/03\/mini-6.jpg",640,427,false],"1536x1536":["https:\/\/autofans.com.ar\/wp-content\/uploads\/2026\/03\/mini-6.jpg",1000,667,false],"2048x2048":["https:\/\/autofans.com.ar\/wp-content\/uploads\/2026\/03\/mini-6.jpg",1000,667,false],"covernews-featured":["https:\/\/autofans.com.ar\/wp-content\/uploads\/2026\/03\/mini-6.jpg",1000,667,false],"covernews-medium":["https:\/\/autofans.com.ar\/wp-content\/uploads\/2026\/03\/mini-6-540x340.jpg",540,340,true]},"author_info":{"display_name":"Alejandro Gabriel Rosito","author_link":"https:\/\/autofans.com.ar\/index.php\/author\/gabrielr\/"},"category_info":"<a href=\"https:\/\/autofans.com.ar\/index.php\/category\/noticias\/autos\/\" rel=\"category tag\">AUTOS y SUV<\/a> <a href=\"https:\/\/autofans.com.ar\/index.php\/category\/lanzamientos\/\" rel=\"category tag\">LANZAMIENTOS<\/a>","tag_info":"LANZAMIENTOS","comment_count":0,"_links":{"self":[{"href":"https:\/\/autofans.com.ar\/index.php\/wp-json\/wp\/v2\/posts\/16410","targetHints":{"allow":["GET"]}}],"collection":[{"href":"https:\/\/autofans.com.ar\/index.php\/wp-json\/wp\/v2\/posts"}],"about":[{"href":"https:\/\/autofans.com.ar\/index.php\/wp-json\/wp\/v2\/types\/post"}],"author":[{"embeddable":true,"href":"https:\/\/autofans.com.ar\/index.php\/wp-json\/wp\/v2\/users\/2"}],"replies":[{"embeddable":true,"href":"https:\/\/autofans.com.ar\/index.php\/wp-json\/wp\/v2\/comments?post=16410"}],"version-history":[{"count":5,"href":"https:\/\/autofans.com.ar\/index.php\/wp-json\/wp\/v2\/posts\/16410\/revisions"}],"predecessor-version":[{"id":16423,"href":"https:\/\/autofans.com.ar\/index.php\/wp-json\/wp\/v2\/posts\/16410\/revisions\/16423"}],"wp:featuredmedia":[{"embeddable":true,"href":"https:\/\/autofans.com.ar\/index.php\/wp-json\/wp\/v2\/media\/16413"}],"wp:attachment":[{"href":"https:\/\/autofans.com.ar\/index.php\/wp-json\/wp\/v2\/media?parent=16410"}],"wp:term":[{"taxonomy":"category","embeddable":true,"href":"https:\/\/autofans.com.ar\/index.php\/wp-json\/wp\/v2\/categories?post=16410"},{"taxonomy":"post_tag","embeddable":true,"href":"https:\/\/autofans.com.ar\/index.php\/wp-json\/wp\/v2\/tags?post=16410"}],"curies":[{"name":"wp","href":"https:\/\/api.w.org\/{rel}","templated":true}]}}