{"id":16424,"date":"2026-03-12T17:12:01","date_gmt":"2026-03-12T20:12:01","guid":{"rendered":"https:\/\/autofans.com.ar\/?p=16424"},"modified":"2026-03-12T17:12:01","modified_gmt":"2026-03-12T20:12:01","slug":"llega-el-ferrari-amalfi-spider","status":"publish","type":"post","link":"https:\/\/autofans.com.ar\/index.php\/2026\/03\/12\/llega-el-ferrari-amalfi-spider\/","title":{"rendered":"Llega el Ferrari Amalfi Spider"},"content":{"rendered":"<p class=\"ds-markdown-paragraph\">Ferrari ampl\u00eda su familia con el Amalfi Spider 2026, la versi\u00f3n sin techo r\u00edgido del coup\u00e9 que lleg\u00f3 hace unos meses al mercado. Este 2+2 descapotable apuesta por un motor V8 biturbo de 640 CV y un sistema de capota de lona de apertura autom\u00e1tica que transforma la silueta del veh\u00edculo en apenas 13,5 segundos.<\/p>\n<p class=\"ds-markdown-paragraph\">El dato m\u00e1s llamativo: cuando el techo se pliega, el conjunto gana proporciones caracter\u00edsticas que diferencian claramente al Spider de su hermano con coup\u00e9. Y lo hace sin perder esa l\u00ednea que identifica a la casa de Maranello.<\/p>\n<p>&nbsp;<\/p>\n<h2>Un motor V8 t\u00e9rmico que rinde 166 CV por litro<\/h2>\n<p class=\"ds-markdown-paragraph\">El coraz\u00f3n del Amalfi Spider es el bloque V8 biturbo de 3,9 litros de la familia F154e, completamente t\u00e9rmico y con una potencia espec\u00edfica de 166 CV\/litro. El conjunto pesa 1.556 kg, unos 80 kg m\u00e1s que la versi\u00f3n cerrada, pero mantiene prestaciones de alto nivel gracias a mejoras en la sobrealimentaci\u00f3n y nuevos \u00e1rboles de levas aligerados que redujeron 1,3 kg.<\/p>\n<p>&nbsp;<\/p>\n<div id='gallery-1' class='gallery galleryid-16424 gallery-columns-2 gallery-size-full'><figure class='gallery-item'>\n\t\t\t<div class='gallery-icon landscape'>\n\t\t\t\t<a href='https:\/\/autofans.com.ar\/index.php\/2026\/03\/12\/llega-el-ferrari-amalfi-spider\/porche-3-4\/'><img loading=\"lazy\" width=\"1000\" height=\"667\" src=\"https:\/\/autofans.com.ar\/wp-content\/uploads\/2026\/03\/porche-3.jpg\" class=\"attachment-full size-full\" alt=\"Ferrari\" srcset=\"https:\/\/autofans.com.ar\/wp-content\/uploads\/2026\/03\/porche-3.jpg 1000w, https:\/\/autofans.com.ar\/wp-content\/uploads\/2026\/03\/porche-3-300x200.jpg 300w, https:\/\/autofans.com.ar\/wp-content\/uploads\/2026\/03\/porche-3-768x512.jpg 768w\" sizes=\"auto, (max-width: 1000px) 100vw, 1000px\" loading=\"lazy\" decoding=\"async\" \/><\/a>\n\t\t\t<\/div><\/figure><figure class='gallery-item'>\n\t\t\t<div class='gallery-icon landscape'>\n\t\t\t\t<a href='https:\/\/autofans.com.ar\/index.php\/2026\/03\/12\/llega-el-ferrari-amalfi-spider\/porche-8-3\/'><img loading=\"lazy\" width=\"1000\" height=\"667\" src=\"https:\/\/autofans.com.ar\/wp-content\/uploads\/2026\/03\/porche-8.jpg\" class=\"attachment-full size-full\" alt=\"Ferrari\" srcset=\"https:\/\/autofans.com.ar\/wp-content\/uploads\/2026\/03\/porche-8.jpg 1000w, https:\/\/autofans.com.ar\/wp-content\/uploads\/2026\/03\/porche-8-300x200.jpg 300w, https:\/\/autofans.com.ar\/wp-content\/uploads\/2026\/03\/porche-8-768x512.jpg 768w\" sizes=\"auto, (max-width: 1000px) 100vw, 1000px\" loading=\"lazy\" decoding=\"async\" \/><\/a>\n\t\t\t<\/div><\/figure>\n\t\t<\/div>\n\n<p>&nbsp;<\/p>\n<p class=\"ds-markdown-paragraph\">La caja de cambios es de doble embrague en ba\u00f1o de aceite con ocho relaciones, la misma que utiliza el SF90 Stradale. El sistema ABS Evo viene del 296 GTB, con adaptaciones posteriores aplicadas en el Purosangue y el 12Cilindri.<\/p>\n<p class=\"ds-markdown-paragraph\">El Spider incorpora el Side Slip Control (SSC) en su versi\u00f3n 6.1, que coordina la direcci\u00f3n, la gesti\u00f3n del par y los movimientos verticales de la carrocer\u00eda para maximizar las prestaciones. El Manettino ofrece cinco posiciones: Wet, Comfort, Sport, Race y ESC-Off, para ajustar la intervenci\u00f3n del F1-Trac, la amortiguaci\u00f3n y el e-diff.<\/p>\n<p>&nbsp;<\/p>\n<h2>Aerodin\u00e1mica activa y deflector de viento<\/h2>\n<p class=\"ds-markdown-paragraph\">El estudio aerodin\u00e1mico fue clave en el desarrollo. En la zaga, un aler\u00f3n m\u00f3vil activo integrado en la cola genera hasta 110 kg de carga a 250 km\/h en modo High-Down-Force, con tres configuraciones posibles.<\/p>\n<p>&nbsp;<\/p>\n<div id='gallery-2' class='gallery galleryid-16424 gallery-columns-2 gallery-size-full'><figure class='gallery-item'>\n\t\t\t<div class='gallery-icon landscape'>\n\t\t\t\t<a href='https:\/\/autofans.com.ar\/index.php\/2026\/03\/12\/llega-el-ferrari-amalfi-spider\/porche-4-4\/'><img loading=\"lazy\" width=\"1000\" height=\"667\" src=\"https:\/\/autofans.com.ar\/wp-content\/uploads\/2026\/03\/porche-4.jpg\" class=\"attachment-full size-full\" alt=\"Ferrari\" srcset=\"https:\/\/autofans.com.ar\/wp-content\/uploads\/2026\/03\/porche-4.jpg 1000w, https:\/\/autofans.com.ar\/wp-content\/uploads\/2026\/03\/porche-4-300x200.jpg 300w, https:\/\/autofans.com.ar\/wp-content\/uploads\/2026\/03\/porche-4-768x512.jpg 768w\" sizes=\"auto, (max-width: 1000px) 100vw, 1000px\" loading=\"lazy\" decoding=\"async\" \/><\/a>\n\t\t\t<\/div><\/figure><figure class='gallery-item'>\n\t\t\t<div class='gallery-icon landscape'>\n\t\t\t\t<a href='https:\/\/autofans.com.ar\/index.php\/2026\/03\/12\/llega-el-ferrari-amalfi-spider\/porche-7-3\/'><img loading=\"lazy\" width=\"1000\" height=\"667\" src=\"https:\/\/autofans.com.ar\/wp-content\/uploads\/2026\/03\/porche-7.jpg\" class=\"attachment-full size-full\" alt=\"Ferrari\" srcset=\"https:\/\/autofans.com.ar\/wp-content\/uploads\/2026\/03\/porche-7.jpg 1000w, https:\/\/autofans.com.ar\/wp-content\/uploads\/2026\/03\/porche-7-300x200.jpg 300w, https:\/\/autofans.com.ar\/wp-content\/uploads\/2026\/03\/porche-7-768x512.jpg 768w\" sizes=\"auto, (max-width: 1000px) 100vw, 1000px\" loading=\"lazy\" decoding=\"async\" \/><\/a>\n\t\t\t<\/div><\/figure>\n\t\t<\/div>\n\n<p>&nbsp;<\/p>\n<p class=\"ds-markdown-paragraph\">Para viajar con la capota bajada, Ferrari incorpor\u00f3 un deflector de viento en el respaldo de los asientos traseros. Se extiende con un bot\u00f3n y reduce turbulencias y ruido, mejorando el confort de los pasajeros.<\/p>\n<p class=\"ds-markdown-paragraph\">La capota es de tejido de cinco capas con diferentes espesores ensamblados en formato s\u00e1ndwich, lo que adem\u00e1s de plegarse en un grosor de 220 mm, a\u00edsla los ruidos exteriores. La luneta trasera va integrada en el conjunto.<\/p>\n<p>&nbsp;<\/p>\n<h2>Interior minimalista con dos pantallas<\/h2>\n<p class=\"ds-markdown-paragraph\">El habit\u00e1culo apuesta por l\u00edneas limpias y soluciones contempor\u00e1neas. La consola central es un puente suspendido de aluminio, mientras que los paneles de las puertas toman inspiraci\u00f3n de las velas.<\/p>\n<p>&nbsp;<\/p>\n<div id='gallery-3' class='gallery galleryid-16424 gallery-columns-2 gallery-size-full'><figure class='gallery-item'>\n\t\t\t<div class='gallery-icon landscape'>\n\t\t\t\t<a href='https:\/\/autofans.com.ar\/index.php\/2026\/03\/12\/llega-el-ferrari-amalfi-spider\/porche-1-4\/'><img loading=\"lazy\" width=\"1000\" height=\"667\" src=\"https:\/\/autofans.com.ar\/wp-content\/uploads\/2026\/03\/porche-1.jpg\" class=\"attachment-full size-full\" alt=\"Ferrari\" srcset=\"https:\/\/autofans.com.ar\/wp-content\/uploads\/2026\/03\/porche-1.jpg 1000w, https:\/\/autofans.com.ar\/wp-content\/uploads\/2026\/03\/porche-1-300x200.jpg 300w, https:\/\/autofans.com.ar\/wp-content\/uploads\/2026\/03\/porche-1-768x512.jpg 768w\" sizes=\"auto, (max-width: 1000px) 100vw, 1000px\" loading=\"lazy\" decoding=\"async\" \/><\/a>\n\t\t\t<\/div><\/figure><figure class='gallery-item'>\n\t\t\t<div class='gallery-icon landscape'>\n\t\t\t\t<a href='https:\/\/autofans.com.ar\/index.php\/2026\/03\/12\/llega-el-ferrari-amalfi-spider\/porche-5-3\/'><img loading=\"lazy\" width=\"1000\" height=\"667\" src=\"https:\/\/autofans.com.ar\/wp-content\/uploads\/2026\/03\/porche-5.jpg\" class=\"attachment-full size-full\" alt=\"Ferrari\" srcset=\"https:\/\/autofans.com.ar\/wp-content\/uploads\/2026\/03\/porche-5.jpg 1000w, https:\/\/autofans.com.ar\/wp-content\/uploads\/2026\/03\/porche-5-300x200.jpg 300w, https:\/\/autofans.com.ar\/wp-content\/uploads\/2026\/03\/porche-5-768x512.jpg 768w\" sizes=\"auto, (max-width: 1000px) 100vw, 1000px\" loading=\"lazy\" decoding=\"async\" \/><\/a>\n\t\t\t<\/div><\/figure>\n\t\t<\/div>\n\n<p>&nbsp;<\/p>\n<p class=\"ds-markdown-paragraph\">La instrumentaci\u00f3n queda integrada en un cockpit monol\u00edtico que tambi\u00e9n contiene las salidas de aire. Dos pantallas adicionales gestionan el equipo multimedia y el entretenimiento del pasajero.<\/p>\n<p class=\"ds-markdown-paragraph\">El espacio de carga var\u00eda seg\u00fan la posici\u00f3n de la capota: con el techo puesto, el ba\u00fal ofrece 255 litros; cuando se pliega, baja a 172 litros.<\/p>\n<p>&nbsp;<\/p>\n<h2>Equipamiento ADAS completo<\/h2>\n<p class=\"ds-markdown-paragraph\">En seguridad y asistencia a la conducci\u00f3n, el Amalfi Spider incluye de serie control de crucero adaptativo, frenada autom\u00e1tica de emergencia, detector de \u00e1ngulo muerto, aviso y mantenimiento de carril, luces largas autom\u00e1ticas, reconocimiento de se\u00f1ales de tr\u00e1fico y detecci\u00f3n de fatiga.<\/p>\n<p>&nbsp;<\/p>\n<p><img fetchpriority=\"high\" decoding=\"async\" class=\"aligncenter wp-image-16433 size-full\" src=\"https:\/\/autofans.com.ar\/wp-content\/uploads\/2026\/03\/porche-9.jpg\" alt=\"Ferrari\" width=\"1000\" height=\"667\" srcset=\"https:\/\/autofans.com.ar\/wp-content\/uploads\/2026\/03\/porche-9.jpg 1000w, https:\/\/autofans.com.ar\/wp-content\/uploads\/2026\/03\/porche-9-300x200.jpg 300w, https:\/\/autofans.com.ar\/wp-content\/uploads\/2026\/03\/porche-9-768x512.jpg 768w\" sizes=\"(max-width: 1000px) 100vw, 1000px\" \/><\/p>\n<p>&nbsp;<\/p>\n<p class=\"ds-markdown-paragraph\">Como opciones, se pueden sumar la visi\u00f3n perif\u00e9rica (Surround View) y la alerta de tr\u00e1fico cruzado trasero.<\/p>\n<p class=\"ds-markdown-paragraph\">Ferrari ya abri\u00f3 los pedidos en Europa. El Amalfi Spider parte de los 270.000 euros en Italia, unos 30.000 euros m\u00e1s que la versi\u00f3n coup\u00e9. Las primeras entregas est\u00e1n previstas para los primeros meses de 2027.<\/p>\n<p>&nbsp;<\/p>\n<p>&nbsp;<\/p>\n<p>&nbsp;<\/p>\n<p>&nbsp;<\/p>\n<p><i>Para enterarte de m\u00e1s novedades, no dejes de leer\u00a0<\/i><a href=\"https:\/\/autofans.thebrandsoup.com\/\"><i>nuestras notas<\/i><\/a><i>, de ver\u00a0<\/i><a href=\"https:\/\/www.youtube.com\/channel\/UCgAC8UGHZYbT6P7PpmVnP7g\"><i>AUTOFANS TV<\/i><\/a><i>\u00a0en nuestro\u00a0canal de Youtube. Adem\u00e1s seguinos en\u00a0<\/i><a href=\"https:\/\/www.instagram.com\/autofanstv\/\"><i>INSTAGRAM<\/i><\/a><i> y <\/i><a href=\"https:\/\/www.facebook.com\/autofansmas\/\"><i>FACEBOOK<\/i><\/a><i> para no perderte nada sobre las novedades del segmento automotor de Argentina y el mundo.<\/i><\/p>\n","protected":false},"excerpt":{"rendered":"<p>Ferrari ampl\u00eda su familia con el Amalfi Spider 2026, la versi\u00f3n sin techo r\u00edgido del&#8230;<\/p>\n","protected":false},"author":2,"featured_media":16431,"comment_status":"closed","ping_status":"closed","sticky":false,"template":"","format":"standard","meta":{"footnotes":""},"categories":[8,1],"tags":[8744,8742,8738,8743,8739,8740,8741],"class_list":["post-16424","post","type-post","status-publish","format-standard","has-post-thumbnail","hentry","category-autos-y-suv","category-lanzamientos","tag-amalfi-spider-ficha-tecnica","tag-autos-deportivos-italianos","tag-ferrari-amalfi-spider-2026","tag-ferrari-capota-de-lana","tag-ferrari-descapotable-nuevo","tag-ferrari-v8-biturbo-precio","tag-lanzamiento-ferrari-2026"],"yoast_head":"<!-- This site is optimized with the Yoast SEO plugin v27.5 - https:\/\/yoast.com\/product\/yoast-seo-wordpress\/ -->\n<title>Llega el Ferrari Amalfi Spider -<\/title>\n<meta name=\"description\" content=\"Ferrari ampl\u00eda su familia con el Amalfi Spider 2026, la versi\u00f3n sin techo r\u00edgido del coup\u00e9 que lleg\u00f3 hace unos meses al mercado...\" \/>\n<meta name=\"robots\" content=\"index, follow, max-snippet:-1, max-image-preview:large, max-video-preview:-1\" \/>\n<link rel=\"canonical\" href=\"https:\/\/autofans.com.ar\/index.php\/2026\/03\/12\/llega-el-ferrari-amalfi-spider\/\" \/>\n<meta property=\"og:locale\" content=\"es_ES\" \/>\n<meta property=\"og:type\" content=\"article\" \/>\n<meta property=\"og:title\" content=\"Llega el Ferrari Amalfi Spider -\" \/>\n<meta property=\"og:description\" content=\"Ferrari ampl\u00eda su familia con el Amalfi Spider 2026, la versi\u00f3n sin techo r\u00edgido del coup\u00e9 que lleg\u00f3 hace unos meses al mercado...\" \/>\n<meta property=\"og:url\" content=\"https:\/\/autofans.com.ar\/index.php\/2026\/03\/12\/llega-el-ferrari-amalfi-spider\/\" \/>\n<meta property=\"article:published_time\" content=\"2026-03-12T20:12:01+00:00\" \/>\n<meta property=\"og:image\" content=\"https:\/\/autofans.com.ar\/wp-content\/uploads\/2026\/03\/porche-2.jpg\" \/>\n\t<meta property=\"og:image:width\" content=\"1000\" \/>\n\t<meta property=\"og:image:height\" content=\"667\" \/>\n\t<meta property=\"og:image:type\" content=\"image\/jpeg\" \/>\n<meta name=\"author\" content=\"Alejandro Gabriel Rosito\" \/>\n<meta name=\"twitter:card\" content=\"summary_large_image\" \/>\n<meta name=\"twitter:label1\" content=\"Escrito por\" \/>\n\t<meta name=\"twitter:data1\" content=\"Alejandro Gabriel Rosito\" \/>\n\t<meta name=\"twitter:label2\" content=\"Tiempo de lectura\" \/>\n\t<meta name=\"twitter:data2\" content=\"4 minutos\" \/>\n<script type=\"application\/ld+json\" class=\"yoast-schema-graph\">{\"@context\":\"https:\\\/\\\/schema.org\",\"@graph\":[{\"@type\":\"Article\",\"@id\":\"https:\\\/\\\/autofans.com.ar\\\/index.php\\\/2026\\\/03\\\/12\\\/llega-el-ferrari-amalfi-spider\\\/#article\",\"isPartOf\":{\"@id\":\"https:\\\/\\\/autofans.com.ar\\\/index.php\\\/2026\\\/03\\\/12\\\/llega-el-ferrari-amalfi-spider\\\/\"},\"author\":{\"name\":\"Alejandro Gabriel Rosito\",\"@id\":\"https:\\\/\\\/autofans.com.ar\\\/#\\\/schema\\\/person\\\/4a8dda0b6df83ac3d6723e921274c2aa\"},\"headline\":\"Llega el Ferrari Amalfi Spider\",\"datePublished\":\"2026-03-12T20:12:01+00:00\",\"mainEntityOfPage\":{\"@id\":\"https:\\\/\\\/autofans.com.ar\\\/index.php\\\/2026\\\/03\\\/12\\\/llega-el-ferrari-amalfi-spider\\\/\"},\"wordCount\":675,\"image\":{\"@id\":\"https:\\\/\\\/autofans.com.ar\\\/index.php\\\/2026\\\/03\\\/12\\\/llega-el-ferrari-amalfi-spider\\\/#primaryimage\"},\"thumbnailUrl\":\"https:\\\/\\\/autofans.com.ar\\\/wp-content\\\/uploads\\\/2026\\\/03\\\/porche-2.jpg\",\"keywords\":[\"Amalfi Spider ficha t\u00e9cnica\",\"autos deportivos italianos\",\"Ferrari Amalfi Spider 2026\",\"Ferrari capota de lana\",\"Ferrari descapotable nuevo\",\"Ferrari V8 biturbo precio\",\"lanzamiento Ferrari 2026\"],\"articleSection\":[\"Autos y SUV\",\"LANZAMIENTOS\"],\"inLanguage\":\"es\"},{\"@type\":\"WebPage\",\"@id\":\"https:\\\/\\\/autofans.com.ar\\\/index.php\\\/2026\\\/03\\\/12\\\/llega-el-ferrari-amalfi-spider\\\/\",\"url\":\"https:\\\/\\\/autofans.com.ar\\\/index.php\\\/2026\\\/03\\\/12\\\/llega-el-ferrari-amalfi-spider\\\/\",\"name\":\"Llega el Ferrari Amalfi Spider -\",\"isPartOf\":{\"@id\":\"https:\\\/\\\/autofans.com.ar\\\/#website\"},\"primaryImageOfPage\":{\"@id\":\"https:\\\/\\\/autofans.com.ar\\\/index.php\\\/2026\\\/03\\\/12\\\/llega-el-ferrari-amalfi-spider\\\/#primaryimage\"},\"image\":{\"@id\":\"https:\\\/\\\/autofans.com.ar\\\/index.php\\\/2026\\\/03\\\/12\\\/llega-el-ferrari-amalfi-spider\\\/#primaryimage\"},\"thumbnailUrl\":\"https:\\\/\\\/autofans.com.ar\\\/wp-content\\\/uploads\\\/2026\\\/03\\\/porche-2.jpg\",\"datePublished\":\"2026-03-12T20:12:01+00:00\",\"author\":{\"@id\":\"https:\\\/\\\/autofans.com.ar\\\/#\\\/schema\\\/person\\\/4a8dda0b6df83ac3d6723e921274c2aa\"},\"description\":\"Ferrari ampl\u00eda su familia con el Amalfi Spider 2026, la versi\u00f3n sin techo r\u00edgido del coup\u00e9 que lleg\u00f3 hace unos meses al mercado...\",\"breadcrumb\":{\"@id\":\"https:\\\/\\\/autofans.com.ar\\\/index.php\\\/2026\\\/03\\\/12\\\/llega-el-ferrari-amalfi-spider\\\/#breadcrumb\"},\"inLanguage\":\"es\",\"potentialAction\":[{\"@type\":\"ReadAction\",\"target\":[\"https:\\\/\\\/autofans.com.ar\\\/index.php\\\/2026\\\/03\\\/12\\\/llega-el-ferrari-amalfi-spider\\\/\"]}]},{\"@type\":\"ImageObject\",\"inLanguage\":\"es\",\"@id\":\"https:\\\/\\\/autofans.com.ar\\\/index.php\\\/2026\\\/03\\\/12\\\/llega-el-ferrari-amalfi-spider\\\/#primaryimage\",\"url\":\"https:\\\/\\\/autofans.com.ar\\\/wp-content\\\/uploads\\\/2026\\\/03\\\/porche-2.jpg\",\"contentUrl\":\"https:\\\/\\\/autofans.com.ar\\\/wp-content\\\/uploads\\\/2026\\\/03\\\/porche-2.jpg\",\"width\":1000,\"height\":667,\"caption\":\"Ferrari\"},{\"@type\":\"BreadcrumbList\",\"@id\":\"https:\\\/\\\/autofans.com.ar\\\/index.php\\\/2026\\\/03\\\/12\\\/llega-el-ferrari-amalfi-spider\\\/#breadcrumb\",\"itemListElement\":[{\"@type\":\"ListItem\",\"position\":1,\"name\":\"Inicio\",\"item\":\"https:\\\/\\\/autofans.com.ar\\\/\"},{\"@type\":\"ListItem\",\"position\":2,\"name\":\"Llega el Ferrari Amalfi Spider\"}]},{\"@type\":\"WebSite\",\"@id\":\"https:\\\/\\\/autofans.com.ar\\\/#website\",\"url\":\"https:\\\/\\\/autofans.com.ar\\\/\",\"name\":\"\",\"description\":\"El multimedio referente de la industria automotriz\",\"potentialAction\":[{\"@type\":\"SearchAction\",\"target\":{\"@type\":\"EntryPoint\",\"urlTemplate\":\"https:\\\/\\\/autofans.com.ar\\\/?s={search_term_string}\"},\"query-input\":{\"@type\":\"PropertyValueSpecification\",\"valueRequired\":true,\"valueName\":\"search_term_string\"}}],\"inLanguage\":\"es\"},{\"@type\":\"Person\",\"@id\":\"https:\\\/\\\/autofans.com.ar\\\/#\\\/schema\\\/person\\\/4a8dda0b6df83ac3d6723e921274c2aa\",\"name\":\"Alejandro Gabriel Rosito\",\"image\":{\"@type\":\"ImageObject\",\"inLanguage\":\"es\",\"@id\":\"https:\\\/\\\/secure.gravatar.com\\\/avatar\\\/16c5dda1489adfc62618084dcbb91cffd879c374b13fe5dd8e44ed6733852c88?s=96&d=mm&r=g\",\"url\":\"https:\\\/\\\/secure.gravatar.com\\\/avatar\\\/16c5dda1489adfc62618084dcbb91cffd879c374b13fe5dd8e44ed6733852c88?s=96&d=mm&r=g\",\"contentUrl\":\"https:\\\/\\\/secure.gravatar.com\\\/avatar\\\/16c5dda1489adfc62618084dcbb91cffd879c374b13fe5dd8e44ed6733852c88?s=96&d=mm&r=g\",\"caption\":\"Alejandro Gabriel Rosito\"},\"url\":\"https:\\\/\\\/autofans.com.ar\\\/index.php\\\/author\\\/gabrielr\\\/\"}]}<\/script>\n<!-- \/ Yoast SEO plugin. -->","yoast_head_json":{"title":"Llega el Ferrari Amalfi Spider -","description":"Ferrari ampl\u00eda su familia con el Amalfi Spider 2026, la versi\u00f3n sin techo r\u00edgido del coup\u00e9 que lleg\u00f3 hace unos meses al mercado...","robots":{"index":"index","follow":"follow","max-snippet":"max-snippet:-1","max-image-preview":"max-image-preview:large","max-video-preview":"max-video-preview:-1"},"canonical":"https:\/\/autofans.com.ar\/index.php\/2026\/03\/12\/llega-el-ferrari-amalfi-spider\/","og_locale":"es_ES","og_type":"article","og_title":"Llega el Ferrari Amalfi Spider -","og_description":"Ferrari ampl\u00eda su familia con el Amalfi Spider 2026, la versi\u00f3n sin techo r\u00edgido del coup\u00e9 que lleg\u00f3 hace unos meses al mercado...","og_url":"https:\/\/autofans.com.ar\/index.php\/2026\/03\/12\/llega-el-ferrari-amalfi-spider\/","article_published_time":"2026-03-12T20:12:01+00:00","og_image":[{"width":1000,"height":667,"url":"https:\/\/autofans.com.ar\/wp-content\/uploads\/2026\/03\/porche-2.jpg","type":"image\/jpeg"}],"author":"Alejandro Gabriel Rosito","twitter_card":"summary_large_image","twitter_misc":{"Escrito por":"Alejandro Gabriel Rosito","Tiempo de lectura":"4 minutos"},"schema":{"@context":"https:\/\/schema.org","@graph":[{"@type":"Article","@id":"https:\/\/autofans.com.ar\/index.php\/2026\/03\/12\/llega-el-ferrari-amalfi-spider\/#article","isPartOf":{"@id":"https:\/\/autofans.com.ar\/index.php\/2026\/03\/12\/llega-el-ferrari-amalfi-spider\/"},"author":{"name":"Alejandro Gabriel Rosito","@id":"https:\/\/autofans.com.ar\/#\/schema\/person\/4a8dda0b6df83ac3d6723e921274c2aa"},"headline":"Llega el Ferrari Amalfi Spider","datePublished":"2026-03-12T20:12:01+00:00","mainEntityOfPage":{"@id":"https:\/\/autofans.com.ar\/index.php\/2026\/03\/12\/llega-el-ferrari-amalfi-spider\/"},"wordCount":675,"image":{"@id":"https:\/\/autofans.com.ar\/index.php\/2026\/03\/12\/llega-el-ferrari-amalfi-spider\/#primaryimage"},"thumbnailUrl":"https:\/\/autofans.com.ar\/wp-content\/uploads\/2026\/03\/porche-2.jpg","keywords":["Amalfi Spider ficha t\u00e9cnica","autos deportivos italianos","Ferrari Amalfi Spider 2026","Ferrari capota de lana","Ferrari descapotable nuevo","Ferrari V8 biturbo precio","lanzamiento Ferrari 2026"],"articleSection":["Autos y SUV","LANZAMIENTOS"],"inLanguage":"es"},{"@type":"WebPage","@id":"https:\/\/autofans.com.ar\/index.php\/2026\/03\/12\/llega-el-ferrari-amalfi-spider\/","url":"https:\/\/autofans.com.ar\/index.php\/2026\/03\/12\/llega-el-ferrari-amalfi-spider\/","name":"Llega el Ferrari Amalfi Spider -","isPartOf":{"@id":"https:\/\/autofans.com.ar\/#website"},"primaryImageOfPage":{"@id":"https:\/\/autofans.com.ar\/index.php\/2026\/03\/12\/llega-el-ferrari-amalfi-spider\/#primaryimage"},"image":{"@id":"https:\/\/autofans.com.ar\/index.php\/2026\/03\/12\/llega-el-ferrari-amalfi-spider\/#primaryimage"},"thumbnailUrl":"https:\/\/autofans.com.ar\/wp-content\/uploads\/2026\/03\/porche-2.jpg","datePublished":"2026-03-12T20:12:01+00:00","author":{"@id":"https:\/\/autofans.com.ar\/#\/schema\/person\/4a8dda0b6df83ac3d6723e921274c2aa"},"description":"Ferrari ampl\u00eda su familia con el Amalfi Spider 2026, la versi\u00f3n sin techo r\u00edgido del coup\u00e9 que lleg\u00f3 hace unos meses al mercado...","breadcrumb":{"@id":"https:\/\/autofans.com.ar\/index.php\/2026\/03\/12\/llega-el-ferrari-amalfi-spider\/#breadcrumb"},"inLanguage":"es","potentialAction":[{"@type":"ReadAction","target":["https:\/\/autofans.com.ar\/index.php\/2026\/03\/12\/llega-el-ferrari-amalfi-spider\/"]}]},{"@type":"ImageObject","inLanguage":"es","@id":"https:\/\/autofans.com.ar\/index.php\/2026\/03\/12\/llega-el-ferrari-amalfi-spider\/#primaryimage","url":"https:\/\/autofans.com.ar\/wp-content\/uploads\/2026\/03\/porche-2.jpg","contentUrl":"https:\/\/autofans.com.ar\/wp-content\/uploads\/2026\/03\/porche-2.jpg","width":1000,"height":667,"caption":"Ferrari"},{"@type":"BreadcrumbList","@id":"https:\/\/autofans.com.ar\/index.php\/2026\/03\/12\/llega-el-ferrari-amalfi-spider\/#breadcrumb","itemListElement":[{"@type":"ListItem","position":1,"name":"Inicio","item":"https:\/\/autofans.com.ar\/"},{"@type":"ListItem","position":2,"name":"Llega el Ferrari Amalfi Spider"}]},{"@type":"WebSite","@id":"https:\/\/autofans.com.ar\/#website","url":"https:\/\/autofans.com.ar\/","name":"","description":"El multimedio referente de la industria automotriz","potentialAction":[{"@type":"SearchAction","target":{"@type":"EntryPoint","urlTemplate":"https:\/\/autofans.com.ar\/?s={search_term_string}"},"query-input":{"@type":"PropertyValueSpecification","valueRequired":true,"valueName":"search_term_string"}}],"inLanguage":"es"},{"@type":"Person","@id":"https:\/\/autofans.com.ar\/#\/schema\/person\/4a8dda0b6df83ac3d6723e921274c2aa","name":"Alejandro Gabriel Rosito","image":{"@type":"ImageObject","inLanguage":"es","@id":"https:\/\/secure.gravatar.com\/avatar\/16c5dda1489adfc62618084dcbb91cffd879c374b13fe5dd8e44ed6733852c88?s=96&d=mm&r=g","url":"https:\/\/secure.gravatar.com\/avatar\/16c5dda1489adfc62618084dcbb91cffd879c374b13fe5dd8e44ed6733852c88?s=96&d=mm&r=g","contentUrl":"https:\/\/secure.gravatar.com\/avatar\/16c5dda1489adfc62618084dcbb91cffd879c374b13fe5dd8e44ed6733852c88?s=96&d=mm&r=g","caption":"Alejandro Gabriel Rosito"},"url":"https:\/\/autofans.com.ar\/index.php\/author\/gabrielr\/"}]}},"featured_image_urls":{"full":["https:\/\/autofans.com.ar\/wp-content\/uploads\/2026\/03\/porche-2.jpg",1000,667,false],"thumbnail":["https:\/\/autofans.com.ar\/wp-content\/uploads\/2026\/03\/porche-2-150x150.jpg",150,150,true],"medium":["https:\/\/autofans.com.ar\/wp-content\/uploads\/2026\/03\/porche-2-300x200.jpg",300,200,true],"medium_large":["https:\/\/autofans.com.ar\/wp-content\/uploads\/2026\/03\/porche-2-768x512.jpg",640,427,true],"large":["https:\/\/autofans.com.ar\/wp-content\/uploads\/2026\/03\/porche-2.jpg",640,427,false],"1536x1536":["https:\/\/autofans.com.ar\/wp-content\/uploads\/2026\/03\/porche-2.jpg",1000,667,false],"2048x2048":["https:\/\/autofans.com.ar\/wp-content\/uploads\/2026\/03\/porche-2.jpg",1000,667,false],"covernews-featured":["https:\/\/autofans.com.ar\/wp-content\/uploads\/2026\/03\/porche-2.jpg",1000,667,false],"covernews-medium":["https:\/\/autofans.com.ar\/wp-content\/uploads\/2026\/03\/porche-2-540x340.jpg",540,340,true]},"author_info":{"display_name":"Alejandro Gabriel Rosito","author_link":"https:\/\/autofans.com.ar\/index.php\/author\/gabrielr\/"},"category_info":"<a href=\"https:\/\/autofans.com.ar\/index.php\/category\/lanzamientos\/autos-y-suv\/\" rel=\"category tag\">Autos y SUV<\/a> <a href=\"https:\/\/autofans.com.ar\/index.php\/category\/lanzamientos\/\" rel=\"category tag\">LANZAMIENTOS<\/a>","tag_info":"LANZAMIENTOS","comment_count":0,"_links":{"self":[{"href":"https:\/\/autofans.com.ar\/index.php\/wp-json\/wp\/v2\/posts\/16424","targetHints":{"allow":["GET"]}}],"collection":[{"href":"https:\/\/autofans.com.ar\/index.php\/wp-json\/wp\/v2\/posts"}],"about":[{"href":"https:\/\/autofans.com.ar\/index.php\/wp-json\/wp\/v2\/types\/post"}],"author":[{"embeddable":true,"href":"https:\/\/autofans.com.ar\/index.php\/wp-json\/wp\/v2\/users\/2"}],"replies":[{"embeddable":true,"href":"https:\/\/autofans.com.ar\/index.php\/wp-json\/wp\/v2\/comments?post=16424"}],"version-history":[{"count":1,"href":"https:\/\/autofans.com.ar\/index.php\/wp-json\/wp\/v2\/posts\/16424\/revisions"}],"predecessor-version":[{"id":16434,"href":"https:\/\/autofans.com.ar\/index.php\/wp-json\/wp\/v2\/posts\/16424\/revisions\/16434"}],"wp:featuredmedia":[{"embeddable":true,"href":"https:\/\/autofans.com.ar\/index.php\/wp-json\/wp\/v2\/media\/16431"}],"wp:attachment":[{"href":"https:\/\/autofans.com.ar\/index.php\/wp-json\/wp\/v2\/media?parent=16424"}],"wp:term":[{"taxonomy":"category","embeddable":true,"href":"https:\/\/autofans.com.ar\/index.php\/wp-json\/wp\/v2\/categories?post=16424"},{"taxonomy":"post_tag","embeddable":true,"href":"https:\/\/autofans.com.ar\/index.php\/wp-json\/wp\/v2\/tags?post=16424"}],"curies":[{"name":"wp","href":"https:\/\/api.w.org\/{rel}","templated":true}]}}