{"id":16440,"date":"2026-03-13T19:46:11","date_gmt":"2026-03-13T22:46:11","guid":{"rendered":"https:\/\/autofans.com.ar\/?p=16440"},"modified":"2026-03-13T19:46:11","modified_gmt":"2026-03-13T22:46:11","slug":"el-nuevo-audi-q3-ya-esta-en-la-argentina","status":"publish","type":"post","link":"https:\/\/autofans.com.ar\/index.php\/2026\/03\/13\/el-nuevo-audi-q3-ya-esta-en-la-argentina\/","title":{"rendered":"El nuevo Audi Q3 ya est\u00e1 en la Argentina"},"content":{"rendered":"<p class=\"ds-markdown-paragraph\">La cita para la presentaci\u00f3n oficial fue en el Audi Lounge de Buenos Aires, un evento que congreg\u00f3 a prensa, creadores de contenido y socios estrat\u00e9gicos. Para ambientar el lanzamiento, la marca apost\u00f3 por una propuesta inmersiva: una artista local intervino la fachada del edificio con una obra de street art inspirada en las l\u00edneas del veh\u00edculo, mientras una DJ puso la banda sonora de la noche. Pero la verdadera estrella se prob\u00f3 en la calle: los invitados recorrieron Barrio Parque al volante para experimentar la agilidad y el confort del modelo en un entorno urbano real.<\/p>\n<p>&nbsp;<\/p>\n<h2 class=\"ds-markdown-paragraph\">Motorizaci\u00f3n \u00fanica y versiones<\/h2>\n<p class=\"ds-markdown-paragraph\">Bajo el capot, la gama completa del nuevo Q3 mantiene un enfoque equilibrado. Todas las versiones que llegan al pa\u00eds est\u00e1n impulsadas por el motor 1.4 TFSI de 150 CV, acoplado a la transmisi\u00f3n autom\u00e1tica S tronic de doble embrague y siete velocidades. Una configuraci\u00f3n pensada para ofrecer respuesta tanto en el tr\u00e1nsito diario como en viajes por ruta, con consumos optimizados.<\/p>\n<p>&nbsp;<\/p>\n<p><img fetchpriority=\"high\" decoding=\"async\" class=\"aligncenter wp-image-16441 size-full\" src=\"https:\/\/autofans.com.ar\/wp-content\/uploads\/2026\/03\/audi-8.jpg\" alt=\"Audi\" width=\"1000\" height=\"667\" srcset=\"https:\/\/autofans.com.ar\/wp-content\/uploads\/2026\/03\/audi-8.jpg 1000w, https:\/\/autofans.com.ar\/wp-content\/uploads\/2026\/03\/audi-8-300x200.jpg 300w, https:\/\/autofans.com.ar\/wp-content\/uploads\/2026\/03\/audi-8-768x512.jpg 768w\" sizes=\"(max-width: 1000px) 100vw, 1000px\" \/><\/p>\n<p>&nbsp;<\/p>\n<p class=\"ds-markdown-paragraph\">La familia se compone de cuatro versiones:<\/p>\n<ul>\n<li>\n<p class=\"ds-markdown-paragraph\">Q3 Advanced<\/p>\n<\/li>\n<li>\n<p class=\"ds-markdown-paragraph\">Q3 Advanced Plus<\/p>\n<\/li>\n<li>\n<p class=\"ds-markdown-paragraph\">Q3 Sportback Advanced<\/p>\n<\/li>\n<li>\n<p class=\"ds-markdown-paragraph\">Q3 Sportback Advanced Plus<\/p>\n<\/li>\n<\/ul>\n<p>&nbsp;<\/p>\n<h2 class=\"ds-markdown-paragraph\">Dise\u00f1o, m\u00fasculo y silueta<\/h2>\n<p>&nbsp;<\/p>\n<div id='gallery-1' class='gallery galleryid-16440 gallery-columns-2 gallery-size-full'><figure class='gallery-item'>\n\t\t\t<div class='gallery-icon landscape'>\n\t\t\t\t<a href='https:\/\/autofans.com.ar\/index.php\/2026\/03\/13\/el-nuevo-audi-q3-ya-esta-en-la-argentina\/audi-2-19\/'><img loading=\"lazy\" width=\"1000\" height=\"667\" src=\"https:\/\/autofans.com.ar\/wp-content\/uploads\/2026\/03\/audi-2-1.jpg\" class=\"attachment-full size-full\" alt=\"Audi\" srcset=\"https:\/\/autofans.com.ar\/wp-content\/uploads\/2026\/03\/audi-2-1.jpg 1000w, https:\/\/autofans.com.ar\/wp-content\/uploads\/2026\/03\/audi-2-1-300x200.jpg 300w, https:\/\/autofans.com.ar\/wp-content\/uploads\/2026\/03\/audi-2-1-768x512.jpg 768w\" sizes=\"auto, (max-width: 1000px) 100vw, 1000px\" loading=\"lazy\" decoding=\"async\" \/><\/a>\n\t\t\t<\/div><\/figure><figure class='gallery-item'>\n\t\t\t<div class='gallery-icon landscape'>\n\t\t\t\t<a href='https:\/\/autofans.com.ar\/index.php\/2026\/03\/13\/el-nuevo-audi-q3-ya-esta-en-la-argentina\/audi-3-18\/'><img loading=\"lazy\" width=\"1000\" height=\"667\" src=\"https:\/\/autofans.com.ar\/wp-content\/uploads\/2026\/03\/audi-3-1.jpg\" class=\"attachment-full size-full\" alt=\"Audi\" srcset=\"https:\/\/autofans.com.ar\/wp-content\/uploads\/2026\/03\/audi-3-1.jpg 1000w, https:\/\/autofans.com.ar\/wp-content\/uploads\/2026\/03\/audi-3-1-300x200.jpg 300w, https:\/\/autofans.com.ar\/wp-content\/uploads\/2026\/03\/audi-3-1-768x512.jpg 768w\" sizes=\"auto, (max-width: 1000px) 100vw, 1000px\" loading=\"lazy\" decoding=\"async\" \/><\/a>\n\t\t\t<\/div><\/figure>\n\t\t<\/div>\n\n<p>&nbsp;<\/p>\n<p class=\"ds-markdown-paragraph\">Afuera, la tercera generaci\u00f3n del Q3 se muestra m\u00e1s imponente. Las l\u00edneas ganaron precisi\u00f3n y m\u00fasculo, acentuando la deportividad. La firma lum\u00ednica corre por cuenta de \u00f3pticas full LED Plus, con los anillos de Audi iluminados en el port\u00f3n. La variante Sportback, por su parte, se diferencia por la ca\u00edda del techo, que le otorga una silueta m\u00e1s estilizada y din\u00e1mica sin perder versatilidad.<\/p>\n<p>&nbsp;<\/p>\n<blockquote>\n<p style=\"text-align: center;\">\u201cEl Nuevo Audi Q3 viene a reforzar la etapa de evoluci\u00f3n que iniciamos con los \u00faltimos lanzamientos en Argentina. Este modelo refleja la direcci\u00f3n hacia la que avanzamos: m\u00e1s dise\u00f1o, m\u00e1s tecnolog\u00eda y una experiencia Audi cada vez m\u00e1s completa para nuestros clientes\u201d, explic\u00f3 Conrado Wittstatt, Gerente General de Audi Argentina.<\/p>\n<\/blockquote>\n<p>&nbsp;<\/p>\n<h2 class=\"ds-markdown-paragraph\">Un interior que apuesta a lo digital<\/h2>\n<p class=\"ds-markdown-paragraph\">El salto m\u00e1s grande est\u00e1 adentro. El protagonista es un nuevo display panor\u00e1mico curvado que integra el cuadro de instrumentos (Audi Virtual Cockpit Plus) y la pantalla central del sistema de infoentretenimiento, manejado por un sistema operativo basado en Android Automotive OS. La despedida de la cl\u00e1sica palanca de cambios tambi\u00e9n marca una \u00e9poca: su lugar lo ocupa una selectora m\u00e1s compacta detr\u00e1s del volante, liberando espacio y mejorando la ergonom\u00eda.<\/p>\n<p>&nbsp;<\/p>\n<p><img decoding=\"async\" class=\"aligncenter wp-image-16444 size-full\" src=\"https:\/\/autofans.com.ar\/wp-content\/uploads\/2026\/03\/audi-5-1.jpg\" alt=\"Audi\" width=\"1000\" height=\"667\" srcset=\"https:\/\/autofans.com.ar\/wp-content\/uploads\/2026\/03\/audi-5-1.jpg 1000w, https:\/\/autofans.com.ar\/wp-content\/uploads\/2026\/03\/audi-5-1-300x200.jpg 300w, https:\/\/autofans.com.ar\/wp-content\/uploads\/2026\/03\/audi-5-1-768x512.jpg 768w\" sizes=\"(max-width: 1000px) 100vw, 1000px\" \/><\/p>\n<p>&nbsp;<\/p>\n<p class=\"ds-markdown-paragraph\">El confort se completa con iluminaci\u00f3n ambiental configurable, cargador inal\u00e1mbrico de 15W con refrigeraci\u00f3n y vidrios con acristalamiento ac\u00fastico para un mejor aislamiento del sonido exterior.<\/p>\n<p>&nbsp;<\/p>\n<h2 class=\"ds-markdown-paragraph\">Equipamiento diferencial<\/h2>\n<p class=\"ds-markdown-paragraph\">Las diferencias entre las variantes Advanced y Advanced Plus se notan en el nivel de detalles. Las versiones de acceso suman techo panor\u00e1mico, asientos deportivos, port\u00f3n el\u00e9ctrico y un paquete de asistencias que incluye control crucero adaptativo y frenado autom\u00e1tico de emergencia.<\/p>\n<p class=\"ds-markdown-paragraph\">Al subir a las Advanced Plus, se incorpora el paquete WPZ. Esto significa un refuerzo en el perfil deportivo con suspensi\u00f3n espec\u00edfica, direcci\u00f3n progresiva, llantas de 19 pulgadas y tapizados de cuero con butacas el\u00e9ctricas y memoria. A esto se suma el asistente de punto ciego.<\/p>\n<p>&nbsp;<\/p>\n<div id='gallery-2' class='gallery galleryid-16440 gallery-columns-2 gallery-size-full'><figure class='gallery-item'>\n\t\t\t<div class='gallery-icon landscape'>\n\t\t\t\t<a href='https:\/\/autofans.com.ar\/index.php\/2026\/03\/13\/el-nuevo-audi-q3-ya-esta-en-la-argentina\/audi-7-2\/'><img loading=\"lazy\" width=\"1000\" height=\"667\" src=\"https:\/\/autofans.com.ar\/wp-content\/uploads\/2026\/03\/audi-7.jpg\" class=\"attachment-full size-full\" alt=\"Audi\" srcset=\"https:\/\/autofans.com.ar\/wp-content\/uploads\/2026\/03\/audi-7.jpg 1000w, https:\/\/autofans.com.ar\/wp-content\/uploads\/2026\/03\/audi-7-300x200.jpg 300w, https:\/\/autofans.com.ar\/wp-content\/uploads\/2026\/03\/audi-7-768x512.jpg 768w\" sizes=\"auto, (max-width: 1000px) 100vw, 1000px\" loading=\"lazy\" decoding=\"async\" \/><\/a>\n\t\t\t<\/div><\/figure><figure class='gallery-item'>\n\t\t\t<div class='gallery-icon landscape'>\n\t\t\t\t<a href='https:\/\/autofans.com.ar\/index.php\/2026\/03\/13\/el-nuevo-audi-q3-ya-esta-en-la-argentina\/audi-6-3\/'><img loading=\"lazy\" width=\"1000\" height=\"667\" src=\"https:\/\/autofans.com.ar\/wp-content\/uploads\/2026\/03\/audi-6-1.jpg\" class=\"attachment-full size-full\" alt=\"Audi\" srcset=\"https:\/\/autofans.com.ar\/wp-content\/uploads\/2026\/03\/audi-6-1.jpg 1000w, https:\/\/autofans.com.ar\/wp-content\/uploads\/2026\/03\/audi-6-1-300x200.jpg 300w, https:\/\/autofans.com.ar\/wp-content\/uploads\/2026\/03\/audi-6-1-768x512.jpg 768w\" sizes=\"auto, (max-width: 1000px) 100vw, 1000px\" loading=\"lazy\" decoding=\"async\" \/><\/a>\n\t\t\t<\/div><\/figure>\n\t\t<\/div>\n\n<p>&nbsp;<\/p>\n<p>&nbsp;<\/p>\n<p class=\"ds-markdown-paragraph\">En materia de seguridad, la nueva generaci\u00f3n equipa de serie m\u00faltiples asistentes electr\u00f3nicos. La direcci\u00f3n progresiva (presente en las Plus) mejora la maniobra a baja velocidad y aporta precisi\u00f3n en rutas r\u00e1pidas.<\/p>\n<p class=\"ds-markdown-paragraph\">En cuanto al ba\u00fal, el Q3 mantiene su esp\u00edritu pr\u00e1ctico. Ofrece 488 litros de capacidad, que pueden crecer hasta los 575 litros corriendo hacia adelante los asientos traseros. Con los respaldos abatidos, el volumen alcanza los 1.386 litros en el SUV y los 1.289 litros en el Sportback.<\/p>\n<p class=\"ds-markdown-paragraph\">La paleta de colores para la carrocer\u00eda incluye opciones como el Azul Navarra, Verde Salvia, Rojo Progresivo, Negro Mito o Blanco Arkona, entre otros.<\/p>\n<p class=\"ds-markdown-paragraph\">Quienes quieran conocerlo en persona ya pueden acercarse al Audi Lounge. Los test drives se coordinan a trav\u00e9s del WhatsApp +54 11 5328 4043 durante marzo y la primera semana de abril.<\/p>\n<p>&nbsp;<\/p>\n<p>&nbsp;<\/p>\n<p><i>Para enterarte de m\u00e1s novedades, no dejes de leer\u00a0<\/i><a href=\"https:\/\/autofans.thebrandsoup.com\/\"><i>nuestras notas<\/i><\/a><i>, de ver\u00a0<\/i><a href=\"https:\/\/www.youtube.com\/channel\/UCgAC8UGHZYbT6P7PpmVnP7g\"><i>AUTOFANS TV<\/i><\/a><i>\u00a0en nuestro\u00a0canal de Youtube. Adem\u00e1s seguinos en\u00a0<\/i><a href=\"https:\/\/www.instagram.com\/autofanstv\/\"><i>INSTAGRAM<\/i><\/a><i> y <\/i><a href=\"https:\/\/www.facebook.com\/autofansmas\/\"><i>FACEBOOK<\/i><\/a><i> para no perderte nada sobre las novedades del segmento automotor de Argentina y el mundo.<\/i><\/p>\n","protected":false},"excerpt":{"rendered":"<p>La cita para la presentaci\u00f3n oficial fue en el Audi Lounge de Buenos Aires, un&#8230;<\/p>\n","protected":false},"author":2,"featured_media":16442,"comment_status":"closed","ping_status":"closed","sticky":false,"template":"","format":"standard","meta":{"footnotes":""},"categories":[8,1],"tags":[8749,8746,8747,8752,8751,8750,8748,8745],"class_list":["post-16440","post","type-post","status-publish","format-standard","has-post-thumbnail","hentry","category-autos-y-suv","category-lanzamientos","tag-audi-q3-advanced-plus","tag-audi-q3-sportback-2024","tag-lanzamiento-audi-argentina","tag-motor-1-4-tfsi","tag-precios-audi-q3-argentina","tag-prueba-audi-q3","tag-suv-compacto-premium","tag-uevo-audi-q3-argentina"],"yoast_head":"<!-- This site is optimized with the Yoast SEO plugin v27.5 - https:\/\/yoast.com\/product\/yoast-seo-wordpress\/ -->\n<title>El nuevo Audi Q3 ya est\u00e1 en la Argentina -<\/title>\n<meta name=\"description\" content=\"En el Audi Lounge de Buenos Aires, se realizo un evento que congreg\u00f3 a prensa, creadores de contenido y socios estrat\u00e9gicos...\" \/>\n<meta name=\"robots\" content=\"index, follow, max-snippet:-1, max-image-preview:large, max-video-preview:-1\" \/>\n<link rel=\"canonical\" href=\"https:\/\/autofans.com.ar\/index.php\/2026\/03\/13\/el-nuevo-audi-q3-ya-esta-en-la-argentina\/\" \/>\n<meta property=\"og:locale\" content=\"es_ES\" \/>\n<meta property=\"og:type\" content=\"article\" \/>\n<meta property=\"og:title\" content=\"El nuevo Audi Q3 ya est\u00e1 en la Argentina -\" \/>\n<meta property=\"og:description\" content=\"En el Audi Lounge de Buenos Aires, se realizo un evento que congreg\u00f3 a prensa, creadores de contenido y socios estrat\u00e9gicos...\" \/>\n<meta property=\"og:url\" content=\"https:\/\/autofans.com.ar\/index.php\/2026\/03\/13\/el-nuevo-audi-q3-ya-esta-en-la-argentina\/\" \/>\n<meta property=\"article:published_time\" content=\"2026-03-13T22:46:11+00:00\" \/>\n<meta property=\"og:image\" content=\"https:\/\/autofans.com.ar\/wp-content\/uploads\/2026\/03\/audi-7.jpg\" \/>\n\t<meta property=\"og:image:width\" content=\"1000\" \/>\n\t<meta property=\"og:image:height\" content=\"667\" \/>\n\t<meta property=\"og:image:type\" content=\"image\/jpeg\" \/>\n<meta name=\"author\" content=\"Alejandro Gabriel Rosito\" \/>\n<meta name=\"twitter:card\" content=\"summary_large_image\" \/>\n<meta name=\"twitter:label1\" content=\"Escrito por\" \/>\n\t<meta name=\"twitter:data1\" content=\"Alejandro Gabriel Rosito\" \/>\n\t<meta name=\"twitter:label2\" content=\"Tiempo de lectura\" \/>\n\t<meta name=\"twitter:data2\" content=\"4 minutos\" \/>\n<script type=\"application\/ld+json\" class=\"yoast-schema-graph\">{\"@context\":\"https:\\\/\\\/schema.org\",\"@graph\":[{\"@type\":\"Article\",\"@id\":\"https:\\\/\\\/autofans.com.ar\\\/index.php\\\/2026\\\/03\\\/13\\\/el-nuevo-audi-q3-ya-esta-en-la-argentina\\\/#article\",\"isPartOf\":{\"@id\":\"https:\\\/\\\/autofans.com.ar\\\/index.php\\\/2026\\\/03\\\/13\\\/el-nuevo-audi-q3-ya-esta-en-la-argentina\\\/\"},\"author\":{\"name\":\"Alejandro Gabriel Rosito\",\"@id\":\"https:\\\/\\\/autofans.com.ar\\\/#\\\/schema\\\/person\\\/4a8dda0b6df83ac3d6723e921274c2aa\"},\"headline\":\"El nuevo Audi Q3 ya est\u00e1 en la Argentina\",\"datePublished\":\"2026-03-13T22:46:11+00:00\",\"mainEntityOfPage\":{\"@id\":\"https:\\\/\\\/autofans.com.ar\\\/index.php\\\/2026\\\/03\\\/13\\\/el-nuevo-audi-q3-ya-esta-en-la-argentina\\\/\"},\"wordCount\":758,\"image\":{\"@id\":\"https:\\\/\\\/autofans.com.ar\\\/index.php\\\/2026\\\/03\\\/13\\\/el-nuevo-audi-q3-ya-esta-en-la-argentina\\\/#primaryimage\"},\"thumbnailUrl\":\"https:\\\/\\\/autofans.com.ar\\\/wp-content\\\/uploads\\\/2026\\\/03\\\/audi-7.jpg\",\"keywords\":[\"Audi Q3 Advanced Plus\",\"Audi Q3 Sportback 2024\",\"lanzamiento Audi Argentina\",\"motor 1.4 TFSI.\",\"precios Audi Q3 Argentina\",\"prueba Audi Q3\",\"SUV compacto premium\",\"uevo Audi Q3 Argentina\"],\"articleSection\":[\"Autos y SUV\",\"LANZAMIENTOS\"],\"inLanguage\":\"es\"},{\"@type\":\"WebPage\",\"@id\":\"https:\\\/\\\/autofans.com.ar\\\/index.php\\\/2026\\\/03\\\/13\\\/el-nuevo-audi-q3-ya-esta-en-la-argentina\\\/\",\"url\":\"https:\\\/\\\/autofans.com.ar\\\/index.php\\\/2026\\\/03\\\/13\\\/el-nuevo-audi-q3-ya-esta-en-la-argentina\\\/\",\"name\":\"El nuevo Audi Q3 ya est\u00e1 en la Argentina -\",\"isPartOf\":{\"@id\":\"https:\\\/\\\/autofans.com.ar\\\/#website\"},\"primaryImageOfPage\":{\"@id\":\"https:\\\/\\\/autofans.com.ar\\\/index.php\\\/2026\\\/03\\\/13\\\/el-nuevo-audi-q3-ya-esta-en-la-argentina\\\/#primaryimage\"},\"image\":{\"@id\":\"https:\\\/\\\/autofans.com.ar\\\/index.php\\\/2026\\\/03\\\/13\\\/el-nuevo-audi-q3-ya-esta-en-la-argentina\\\/#primaryimage\"},\"thumbnailUrl\":\"https:\\\/\\\/autofans.com.ar\\\/wp-content\\\/uploads\\\/2026\\\/03\\\/audi-7.jpg\",\"datePublished\":\"2026-03-13T22:46:11+00:00\",\"author\":{\"@id\":\"https:\\\/\\\/autofans.com.ar\\\/#\\\/schema\\\/person\\\/4a8dda0b6df83ac3d6723e921274c2aa\"},\"description\":\"En el Audi Lounge de Buenos Aires, se realizo un evento que congreg\u00f3 a prensa, creadores de contenido y socios estrat\u00e9gicos...\",\"breadcrumb\":{\"@id\":\"https:\\\/\\\/autofans.com.ar\\\/index.php\\\/2026\\\/03\\\/13\\\/el-nuevo-audi-q3-ya-esta-en-la-argentina\\\/#breadcrumb\"},\"inLanguage\":\"es\",\"potentialAction\":[{\"@type\":\"ReadAction\",\"target\":[\"https:\\\/\\\/autofans.com.ar\\\/index.php\\\/2026\\\/03\\\/13\\\/el-nuevo-audi-q3-ya-esta-en-la-argentina\\\/\"]}]},{\"@type\":\"ImageObject\",\"inLanguage\":\"es\",\"@id\":\"https:\\\/\\\/autofans.com.ar\\\/index.php\\\/2026\\\/03\\\/13\\\/el-nuevo-audi-q3-ya-esta-en-la-argentina\\\/#primaryimage\",\"url\":\"https:\\\/\\\/autofans.com.ar\\\/wp-content\\\/uploads\\\/2026\\\/03\\\/audi-7.jpg\",\"contentUrl\":\"https:\\\/\\\/autofans.com.ar\\\/wp-content\\\/uploads\\\/2026\\\/03\\\/audi-7.jpg\",\"width\":1000,\"height\":667,\"caption\":\"Audi\"},{\"@type\":\"BreadcrumbList\",\"@id\":\"https:\\\/\\\/autofans.com.ar\\\/index.php\\\/2026\\\/03\\\/13\\\/el-nuevo-audi-q3-ya-esta-en-la-argentina\\\/#breadcrumb\",\"itemListElement\":[{\"@type\":\"ListItem\",\"position\":1,\"name\":\"Inicio\",\"item\":\"https:\\\/\\\/autofans.com.ar\\\/\"},{\"@type\":\"ListItem\",\"position\":2,\"name\":\"El nuevo Audi Q3 ya est\u00e1 en la Argentina\"}]},{\"@type\":\"WebSite\",\"@id\":\"https:\\\/\\\/autofans.com.ar\\\/#website\",\"url\":\"https:\\\/\\\/autofans.com.ar\\\/\",\"name\":\"\",\"description\":\"El multimedio referente de la industria automotriz\",\"potentialAction\":[{\"@type\":\"SearchAction\",\"target\":{\"@type\":\"EntryPoint\",\"urlTemplate\":\"https:\\\/\\\/autofans.com.ar\\\/?s={search_term_string}\"},\"query-input\":{\"@type\":\"PropertyValueSpecification\",\"valueRequired\":true,\"valueName\":\"search_term_string\"}}],\"inLanguage\":\"es\"},{\"@type\":\"Person\",\"@id\":\"https:\\\/\\\/autofans.com.ar\\\/#\\\/schema\\\/person\\\/4a8dda0b6df83ac3d6723e921274c2aa\",\"name\":\"Alejandro Gabriel Rosito\",\"image\":{\"@type\":\"ImageObject\",\"inLanguage\":\"es\",\"@id\":\"https:\\\/\\\/secure.gravatar.com\\\/avatar\\\/16c5dda1489adfc62618084dcbb91cffd879c374b13fe5dd8e44ed6733852c88?s=96&d=mm&r=g\",\"url\":\"https:\\\/\\\/secure.gravatar.com\\\/avatar\\\/16c5dda1489adfc62618084dcbb91cffd879c374b13fe5dd8e44ed6733852c88?s=96&d=mm&r=g\",\"contentUrl\":\"https:\\\/\\\/secure.gravatar.com\\\/avatar\\\/16c5dda1489adfc62618084dcbb91cffd879c374b13fe5dd8e44ed6733852c88?s=96&d=mm&r=g\",\"caption\":\"Alejandro Gabriel Rosito\"},\"url\":\"https:\\\/\\\/autofans.com.ar\\\/index.php\\\/author\\\/gabrielr\\\/\"}]}<\/script>\n<!-- \/ Yoast SEO plugin. -->","yoast_head_json":{"title":"El nuevo Audi Q3 ya est\u00e1 en la Argentina -","description":"En el Audi Lounge de Buenos Aires, se realizo un evento que congreg\u00f3 a prensa, creadores de contenido y socios estrat\u00e9gicos...","robots":{"index":"index","follow":"follow","max-snippet":"max-snippet:-1","max-image-preview":"max-image-preview:large","max-video-preview":"max-video-preview:-1"},"canonical":"https:\/\/autofans.com.ar\/index.php\/2026\/03\/13\/el-nuevo-audi-q3-ya-esta-en-la-argentina\/","og_locale":"es_ES","og_type":"article","og_title":"El nuevo Audi Q3 ya est\u00e1 en la Argentina -","og_description":"En el Audi Lounge de Buenos Aires, se realizo un evento que congreg\u00f3 a prensa, creadores de contenido y socios estrat\u00e9gicos...","og_url":"https:\/\/autofans.com.ar\/index.php\/2026\/03\/13\/el-nuevo-audi-q3-ya-esta-en-la-argentina\/","article_published_time":"2026-03-13T22:46:11+00:00","og_image":[{"width":1000,"height":667,"url":"https:\/\/autofans.com.ar\/wp-content\/uploads\/2026\/03\/audi-7.jpg","type":"image\/jpeg"}],"author":"Alejandro Gabriel Rosito","twitter_card":"summary_large_image","twitter_misc":{"Escrito por":"Alejandro Gabriel Rosito","Tiempo de lectura":"4 minutos"},"schema":{"@context":"https:\/\/schema.org","@graph":[{"@type":"Article","@id":"https:\/\/autofans.com.ar\/index.php\/2026\/03\/13\/el-nuevo-audi-q3-ya-esta-en-la-argentina\/#article","isPartOf":{"@id":"https:\/\/autofans.com.ar\/index.php\/2026\/03\/13\/el-nuevo-audi-q3-ya-esta-en-la-argentina\/"},"author":{"name":"Alejandro Gabriel Rosito","@id":"https:\/\/autofans.com.ar\/#\/schema\/person\/4a8dda0b6df83ac3d6723e921274c2aa"},"headline":"El nuevo Audi Q3 ya est\u00e1 en la Argentina","datePublished":"2026-03-13T22:46:11+00:00","mainEntityOfPage":{"@id":"https:\/\/autofans.com.ar\/index.php\/2026\/03\/13\/el-nuevo-audi-q3-ya-esta-en-la-argentina\/"},"wordCount":758,"image":{"@id":"https:\/\/autofans.com.ar\/index.php\/2026\/03\/13\/el-nuevo-audi-q3-ya-esta-en-la-argentina\/#primaryimage"},"thumbnailUrl":"https:\/\/autofans.com.ar\/wp-content\/uploads\/2026\/03\/audi-7.jpg","keywords":["Audi Q3 Advanced Plus","Audi Q3 Sportback 2024","lanzamiento Audi Argentina","motor 1.4 TFSI.","precios Audi Q3 Argentina","prueba Audi Q3","SUV compacto premium","uevo Audi Q3 Argentina"],"articleSection":["Autos y SUV","LANZAMIENTOS"],"inLanguage":"es"},{"@type":"WebPage","@id":"https:\/\/autofans.com.ar\/index.php\/2026\/03\/13\/el-nuevo-audi-q3-ya-esta-en-la-argentina\/","url":"https:\/\/autofans.com.ar\/index.php\/2026\/03\/13\/el-nuevo-audi-q3-ya-esta-en-la-argentina\/","name":"El nuevo Audi Q3 ya est\u00e1 en la Argentina -","isPartOf":{"@id":"https:\/\/autofans.com.ar\/#website"},"primaryImageOfPage":{"@id":"https:\/\/autofans.com.ar\/index.php\/2026\/03\/13\/el-nuevo-audi-q3-ya-esta-en-la-argentina\/#primaryimage"},"image":{"@id":"https:\/\/autofans.com.ar\/index.php\/2026\/03\/13\/el-nuevo-audi-q3-ya-esta-en-la-argentina\/#primaryimage"},"thumbnailUrl":"https:\/\/autofans.com.ar\/wp-content\/uploads\/2026\/03\/audi-7.jpg","datePublished":"2026-03-13T22:46:11+00:00","author":{"@id":"https:\/\/autofans.com.ar\/#\/schema\/person\/4a8dda0b6df83ac3d6723e921274c2aa"},"description":"En el Audi Lounge de Buenos Aires, se realizo un evento que congreg\u00f3 a prensa, creadores de contenido y socios estrat\u00e9gicos...","breadcrumb":{"@id":"https:\/\/autofans.com.ar\/index.php\/2026\/03\/13\/el-nuevo-audi-q3-ya-esta-en-la-argentina\/#breadcrumb"},"inLanguage":"es","potentialAction":[{"@type":"ReadAction","target":["https:\/\/autofans.com.ar\/index.php\/2026\/03\/13\/el-nuevo-audi-q3-ya-esta-en-la-argentina\/"]}]},{"@type":"ImageObject","inLanguage":"es","@id":"https:\/\/autofans.com.ar\/index.php\/2026\/03\/13\/el-nuevo-audi-q3-ya-esta-en-la-argentina\/#primaryimage","url":"https:\/\/autofans.com.ar\/wp-content\/uploads\/2026\/03\/audi-7.jpg","contentUrl":"https:\/\/autofans.com.ar\/wp-content\/uploads\/2026\/03\/audi-7.jpg","width":1000,"height":667,"caption":"Audi"},{"@type":"BreadcrumbList","@id":"https:\/\/autofans.com.ar\/index.php\/2026\/03\/13\/el-nuevo-audi-q3-ya-esta-en-la-argentina\/#breadcrumb","itemListElement":[{"@type":"ListItem","position":1,"name":"Inicio","item":"https:\/\/autofans.com.ar\/"},{"@type":"ListItem","position":2,"name":"El nuevo Audi Q3 ya est\u00e1 en la Argentina"}]},{"@type":"WebSite","@id":"https:\/\/autofans.com.ar\/#website","url":"https:\/\/autofans.com.ar\/","name":"","description":"El multimedio referente de la industria automotriz","potentialAction":[{"@type":"SearchAction","target":{"@type":"EntryPoint","urlTemplate":"https:\/\/autofans.com.ar\/?s={search_term_string}"},"query-input":{"@type":"PropertyValueSpecification","valueRequired":true,"valueName":"search_term_string"}}],"inLanguage":"es"},{"@type":"Person","@id":"https:\/\/autofans.com.ar\/#\/schema\/person\/4a8dda0b6df83ac3d6723e921274c2aa","name":"Alejandro Gabriel Rosito","image":{"@type":"ImageObject","inLanguage":"es","@id":"https:\/\/secure.gravatar.com\/avatar\/16c5dda1489adfc62618084dcbb91cffd879c374b13fe5dd8e44ed6733852c88?s=96&d=mm&r=g","url":"https:\/\/secure.gravatar.com\/avatar\/16c5dda1489adfc62618084dcbb91cffd879c374b13fe5dd8e44ed6733852c88?s=96&d=mm&r=g","contentUrl":"https:\/\/secure.gravatar.com\/avatar\/16c5dda1489adfc62618084dcbb91cffd879c374b13fe5dd8e44ed6733852c88?s=96&d=mm&r=g","caption":"Alejandro Gabriel Rosito"},"url":"https:\/\/autofans.com.ar\/index.php\/author\/gabrielr\/"}]}},"featured_image_urls":{"full":["https:\/\/autofans.com.ar\/wp-content\/uploads\/2026\/03\/audi-7.jpg",1000,667,false],"thumbnail":["https:\/\/autofans.com.ar\/wp-content\/uploads\/2026\/03\/audi-7-150x150.jpg",150,150,true],"medium":["https:\/\/autofans.com.ar\/wp-content\/uploads\/2026\/03\/audi-7-300x200.jpg",300,200,true],"medium_large":["https:\/\/autofans.com.ar\/wp-content\/uploads\/2026\/03\/audi-7-768x512.jpg",640,427,true],"large":["https:\/\/autofans.com.ar\/wp-content\/uploads\/2026\/03\/audi-7.jpg",640,427,false],"1536x1536":["https:\/\/autofans.com.ar\/wp-content\/uploads\/2026\/03\/audi-7.jpg",1000,667,false],"2048x2048":["https:\/\/autofans.com.ar\/wp-content\/uploads\/2026\/03\/audi-7.jpg",1000,667,false],"covernews-featured":["https:\/\/autofans.com.ar\/wp-content\/uploads\/2026\/03\/audi-7.jpg",1000,667,false],"covernews-medium":["https:\/\/autofans.com.ar\/wp-content\/uploads\/2026\/03\/audi-7-540x340.jpg",540,340,true]},"author_info":{"display_name":"Alejandro Gabriel Rosito","author_link":"https:\/\/autofans.com.ar\/index.php\/author\/gabrielr\/"},"category_info":"<a href=\"https:\/\/autofans.com.ar\/index.php\/category\/lanzamientos\/autos-y-suv\/\" rel=\"category tag\">Autos y SUV<\/a> <a href=\"https:\/\/autofans.com.ar\/index.php\/category\/lanzamientos\/\" rel=\"category tag\">LANZAMIENTOS<\/a>","tag_info":"LANZAMIENTOS","comment_count":0,"_links":{"self":[{"href":"https:\/\/autofans.com.ar\/index.php\/wp-json\/wp\/v2\/posts\/16440","targetHints":{"allow":["GET"]}}],"collection":[{"href":"https:\/\/autofans.com.ar\/index.php\/wp-json\/wp\/v2\/posts"}],"about":[{"href":"https:\/\/autofans.com.ar\/index.php\/wp-json\/wp\/v2\/types\/post"}],"author":[{"embeddable":true,"href":"https:\/\/autofans.com.ar\/index.php\/wp-json\/wp\/v2\/users\/2"}],"replies":[{"embeddable":true,"href":"https:\/\/autofans.com.ar\/index.php\/wp-json\/wp\/v2\/comments?post=16440"}],"version-history":[{"count":1,"href":"https:\/\/autofans.com.ar\/index.php\/wp-json\/wp\/v2\/posts\/16440\/revisions"}],"predecessor-version":[{"id":16449,"href":"https:\/\/autofans.com.ar\/index.php\/wp-json\/wp\/v2\/posts\/16440\/revisions\/16449"}],"wp:featuredmedia":[{"embeddable":true,"href":"https:\/\/autofans.com.ar\/index.php\/wp-json\/wp\/v2\/media\/16442"}],"wp:attachment":[{"href":"https:\/\/autofans.com.ar\/index.php\/wp-json\/wp\/v2\/media?parent=16440"}],"wp:term":[{"taxonomy":"category","embeddable":true,"href":"https:\/\/autofans.com.ar\/index.php\/wp-json\/wp\/v2\/categories?post=16440"},{"taxonomy":"post_tag","embeddable":true,"href":"https:\/\/autofans.com.ar\/index.php\/wp-json\/wp\/v2\/tags?post=16440"}],"curies":[{"name":"wp","href":"https:\/\/api.w.org\/{rel}","templated":true}]}}