{"id":16453,"date":"2026-03-16T14:43:56","date_gmt":"2026-03-16T17:43:56","guid":{"rendered":"https:\/\/autofans.com.ar\/?p=16453"},"modified":"2026-03-16T14:43:56","modified_gmt":"2026-03-16T17:43:56","slug":"grupo-antelo-desembarca-en-expoagro-con-dos-lanzamientos","status":"publish","type":"post","link":"https:\/\/autofans.com.ar\/index.php\/2026\/03\/16\/grupo-antelo-desembarca-en-expoagro-con-dos-lanzamientos\/","title":{"rendered":"Grupo Antelo desembarca en Expoagro con dos lanzamientos"},"content":{"rendered":"<p class=\"ds-markdown-paragraph\">Del 10 al 13 de marzo, San Nicol\u00e1s se convirti\u00f3 en el epicentro de la industria agroindustrial con una nueva edici\u00f3n de Expoagro. Y entre los protagonistas de esta edici\u00f3n 2026, Grupo Antelo se perfila como uno de los grandes animadores: la compa\u00f1\u00eda desembarcar\u00e1 con un stand de m\u00e1s de 9.000 metros cuadrados donde concentrar\u00e1 toda su oferta de veh\u00edculos, novedades de producto y una propuesta interactiva que promete ser uno de los puntos m\u00e1s convocantes de la muestra.<\/p>\n<p>&nbsp;<\/p>\n<h2>Dos modelos en avant premiere para el mercado argentino<\/h2>\n<p class=\"ds-markdown-paragraph\">La gran novedad que llevar\u00e1 el Grupo Antelo a Expoagro ser\u00e1 la presentaci\u00f3n anticipada de dos modelos que la automotriz Changan lanzar\u00e1 en Argentina durante 2026. Se trata del Eado Plus PHEV y el Deepal S05 PHEV, dos veh\u00edculos h\u00edbridos enchufables que refuerzan la apuesta del grupo por la electrificaci\u00f3n y la movilidad sustentable.<\/p>\n<p>&nbsp;<\/p>\n<p><img fetchpriority=\"high\" decoding=\"async\" class=\"wp-image-16454 size-full aligncenter\" src=\"https:\/\/autofans.com.ar\/wp-content\/uploads\/2026\/03\/foto-5.jpg\" alt=\"Grupo Antelo\" width=\"1000\" height=\"667\" srcset=\"https:\/\/autofans.com.ar\/wp-content\/uploads\/2026\/03\/foto-5.jpg 1000w, https:\/\/autofans.com.ar\/wp-content\/uploads\/2026\/03\/foto-5-300x200.jpg 300w, https:\/\/autofans.com.ar\/wp-content\/uploads\/2026\/03\/foto-5-768x512.jpg 768w\" sizes=\"(max-width: 1000px) 100vw, 1000px\" \/><\/p>\n<p>&nbsp;<\/p>\n<p class=\"ds-markdown-paragraph\">Changan Automobile, casa matriz de estos desarrollos, es uno de los fabricantes m\u00e1s grandes de China con m\u00e1s de 160 a\u00f1os de trayectoria industrial y 40 a\u00f1os de experiencia en la producci\u00f3n de veh\u00edculos. Deepal, por su parte, opera como su marca especializada en movilidad sostenible premium, con foco en modelos electrificados e h\u00edbridos enchufables.<\/p>\n<p>&nbsp;<\/p>\n<h2>Un recorrido por todas las marcas del grupo<\/h2>\n<p>&nbsp;<\/p>\n<p><img decoding=\"async\" class=\"aligncenter wp-image-16458 size-full\" src=\"https:\/\/autofans.com.ar\/wp-content\/uploads\/2026\/03\/foto-1.jpg\" alt=\"Grupo Antelo\" width=\"1000\" height=\"667\" srcset=\"https:\/\/autofans.com.ar\/wp-content\/uploads\/2026\/03\/foto-1.jpg 1000w, https:\/\/autofans.com.ar\/wp-content\/uploads\/2026\/03\/foto-1-300x200.jpg 300w, https:\/\/autofans.com.ar\/wp-content\/uploads\/2026\/03\/foto-1-768x512.jpg 768w\" sizes=\"(max-width: 1000px) 100vw, 1000px\" \/><\/p>\n<p>&nbsp;<\/p>\n<p class=\"ds-markdown-paragraph\">El stand contar\u00e1 con cuatro espacios diferenciados, uno para cada una de las firmas que Grupo Antelo representa en el pa\u00eds:<\/p>\n<ul>\n<li>\n<p class=\"ds-markdown-paragraph\">Mitsubishi expondr\u00e1 la pick up L200 di\u00e9sel y la SUV Outlander para siete pasajeros con motor naftero.<\/p>\n<\/li>\n<li>\n<p class=\"ds-markdown-paragraph\">GWM llevar\u00e1 toda su gama: Haval Jolion, H6 y H6GT en versiones h\u00edbridas y nafteras; la SUV off road Tank 300; el urbano el\u00e9ctrico Ora 3; y la pick up Poer con motor di\u00e9sel.<\/p>\n<\/li>\n<li>\n<p class=\"ds-markdown-paragraph\">Changan pondr\u00e1 el foco en el CS55 Plus h\u00edbrido enchufable, un modelo que combina tecnolog\u00eda y precio competitivo.<\/p>\n<\/li>\n<li>\n<p class=\"ds-markdown-paragraph\">JMEV estar\u00e1 presente con el Easy 3, el veh\u00edculo m\u00e1s accesible del mercado local en t\u00e9rminos de precio de entrada.<\/p>\n<\/li>\n<\/ul>\n<p class=\"ds-markdown-paragraph\">Adem\u00e1s de los veh\u00edculos, habr\u00e1 un sector dedicado a accesorios y repuestos, y personal del \u00e1rea de posventa atender\u00e1 consultas sobre mantenimiento y nuevas tecnolog\u00edas.<\/p>\n<p>&nbsp;<\/p>\n<h2>Pruebas en pista, off road y on road para experimentar en vivo<\/h2>\n<p>&nbsp;<\/p>\n<p><img decoding=\"async\" class=\"aligncenter wp-image-16455 size-full\" src=\"https:\/\/autofans.com.ar\/wp-content\/uploads\/2026\/03\/foto-4.jpg\" alt=\"Grupo Antelo\" width=\"1000\" height=\"667\" srcset=\"https:\/\/autofans.com.ar\/wp-content\/uploads\/2026\/03\/foto-4.jpg 1000w, https:\/\/autofans.com.ar\/wp-content\/uploads\/2026\/03\/foto-4-300x200.jpg 300w, https:\/\/autofans.com.ar\/wp-content\/uploads\/2026\/03\/foto-4-768x512.jpg 768w\" sizes=\"(max-width: 1000px) 100vw, 1000px\" \/><\/p>\n<p>&nbsp;<\/p>\n<p class=\"ds-markdown-paragraph\">Uno de los ejes de la participaci\u00f3n del grupo ser\u00e1 la posibilidad de probar los veh\u00edculos en movimiento. Para eso, la compa\u00f1\u00eda montar\u00e1 dos trazados especialmente dise\u00f1ados:<\/p>\n<ul>\n<li>\n<p class=\"ds-markdown-paragraph\">Una pista off road con m\u00e1s de diez obst\u00e1culos que permitir\u00e1n evaluar capacidades como vadeo, \u00e1ngulo de ataque, \u00e1ngulo ventral, \u00e1ngulo de salida y altura libre al suelo. Ideal para poner a prueba modelos como la Tank 300 o la L200.<\/p>\n<\/li>\n<li>\n<p class=\"ds-markdown-paragraph\">Una pista on road pensada para que los visitantes comprueban confort de marcha, aislamiento ac\u00fastico y el funcionamiento de los sistemas de infoentretenimiento y asistencia a la conducci\u00f3n.<\/p>\n<\/li>\n<\/ul>\n<p class=\"ds-markdown-paragraph\">La propuesta busca que los asistentes puedan experimentar de primera mano las prestaciones de cada modelo en condiciones reales, ya sea en terreno off road exigente o en un circuito que simula el uso diario en ruta y ciudad.<\/p>\n<p>&nbsp;<\/p>\n<h2>Financiaci\u00f3n exclusiva con el Banco Santander<\/h2>\n<p class=\"ds-markdown-paragraph\">Durante los cuatro d\u00edas de exposici\u00f3n, Grupo Antelo ofrecer\u00e1 condiciones especiales de financiamiento en acuerdo con el Banco Santander. La promoci\u00f3n aplicar\u00e1 para quienes se\u00f1en o concreten la compra de cualquier veh\u00edculo de las marcas comercializadas por el grupo en el marco de Expoagro 2026.<\/p>\n<p class=\"ds-markdown-paragraph\">La medida busca aprovechar el contexto de la muestra para facilitar el acceso a los modelos con beneficios que no estar\u00e1n disponibles en otros canales de venta.<\/p>\n<p>&nbsp;<\/p>\n<p><img loading=\"lazy\" decoding=\"async\" class=\"aligncenter wp-image-16456 size-full\" src=\"https:\/\/autofans.com.ar\/wp-content\/uploads\/2026\/03\/foto-3.jpg\" alt=\"Grupo Antelo\" width=\"1000\" height=\"667\" srcset=\"https:\/\/autofans.com.ar\/wp-content\/uploads\/2026\/03\/foto-3.jpg 1000w, https:\/\/autofans.com.ar\/wp-content\/uploads\/2026\/03\/foto-3-300x200.jpg 300w, https:\/\/autofans.com.ar\/wp-content\/uploads\/2026\/03\/foto-3-768x512.jpg 768w\" sizes=\"(max-width: 1000px) 100vw, 1000px\" \/><\/p>\n<p>&nbsp;<\/p>\n<p class=\"ds-markdown-paragraph\">Con esta participaci\u00f3n, la compa\u00f1\u00eda consolida su posicionamiento como uno de los principales actores de la importaci\u00f3n y distribuci\u00f3n automotriz en el Cono Sur. Adem\u00e1s de Argentina, el grupo opera en Uruguay y Paraguay, con estructura propia, log\u00edstica integrada y red de posventa.<\/p>\n<p class=\"ds-markdown-paragraph\">La propuesta para Expoagro 2026 combina producto, tecnolog\u00eda, experiencia de manejo y condiciones comerciales diferenciales, en un formato que busca acercar al p\u00fablico una visi\u00f3n integral del negocio automotriz: desde la exhibici\u00f3n est\u00e1tica hasta la prueba din\u00e1mica, pasando por el asesoramiento t\u00e9cnico y la posibilidad de concreci\u00f3n de compra en el mismo lugar.<\/p>\n<p>&nbsp;<\/p>\n<p>&nbsp;<\/p>\n<p>&nbsp;<\/p>\n<p><i>Para enterarte de m\u00e1s novedades, no dejes de leer\u00a0<\/i><a href=\"https:\/\/autofans.thebrandsoup.com\/\"><i>nuestras notas<\/i><\/a><i>, de ver\u00a0<\/i><a href=\"https:\/\/www.youtube.com\/channel\/UCgAC8UGHZYbT6P7PpmVnP7g\"><i>AUTOFANS TV<\/i><\/a><i>\u00a0en nuestro\u00a0canal de Youtube. Adem\u00e1s seguinos en\u00a0<\/i><a href=\"https:\/\/www.instagram.com\/autofanstv\/\"><i>INSTAGRAM<\/i><\/a><i> y <\/i><a href=\"https:\/\/www.facebook.com\/autofansmas\/\"><i>FACEBOOK<\/i><\/a><i> para no perderte nada sobre las novedades del segmento automotor de Argentina y el mundo.<\/i><\/p>\n","protected":false},"excerpt":{"rendered":"<p>Del 10 al 13 de marzo, San Nicol\u00e1s se convirti\u00f3 en el epicentro de la&#8230;<\/p>\n","protected":false},"author":2,"featured_media":16457,"comment_status":"closed","ping_status":"closed","sticky":false,"template":"","format":"standard","meta":{"footnotes":""},"categories":[8,1],"tags":[8755,8756,8757,8759,8753,8754,8760,8762,8758,8761],"class_list":["post-16453","post","type-post","status-publish","format-standard","has-post-thumbnail","hentry","category-autos-y-suv","category-lanzamientos","tag-changan-argentina-modelos","tag-deepal-s05-precio-argentina","tag-eado-plus-hibrido-enchufable","tag-financiacion-autos-expoagro","tag-grupo-antelo-expoagro-2026","tag-lanzamientos-autos-expoagro","tag-marcas-chinas-en-argentina","tag-pick-ups-medianas-argentina","tag-pista-de-pruebas-off-road","tag-suvs-hibridas-enchufables"],"yoast_head":"<!-- This site is optimized with the Yoast SEO plugin v27.5 - https:\/\/yoast.com\/product\/yoast-seo-wordpress\/ -->\n<title>Grupo Antelo desembarca en Expoagro con dos lanzamientos -<\/title>\n<meta name=\"description\" content=\"Entre los protagonistas de esta edici\u00f3n 2026 Grupo Antelo se perfila como uno de los grandes animadores la compa\u00f1\u00eda desembarcar\u00e1 con un stand\" \/>\n<meta name=\"robots\" content=\"index, follow, max-snippet:-1, max-image-preview:large, max-video-preview:-1\" \/>\n<link rel=\"canonical\" href=\"https:\/\/autofans.com.ar\/index.php\/2026\/03\/16\/grupo-antelo-desembarca-en-expoagro-con-dos-lanzamientos\/\" \/>\n<meta property=\"og:locale\" content=\"es_ES\" \/>\n<meta property=\"og:type\" content=\"article\" \/>\n<meta property=\"og:title\" content=\"Grupo Antelo desembarca en Expoagro con dos lanzamientos -\" \/>\n<meta property=\"og:description\" content=\"Entre los protagonistas de esta edici\u00f3n 2026 Grupo Antelo se perfila como uno de los grandes animadores la compa\u00f1\u00eda desembarcar\u00e1 con un stand\" \/>\n<meta property=\"og:url\" content=\"https:\/\/autofans.com.ar\/index.php\/2026\/03\/16\/grupo-antelo-desembarca-en-expoagro-con-dos-lanzamientos\/\" \/>\n<meta property=\"article:published_time\" content=\"2026-03-16T17:43:56+00:00\" \/>\n<meta property=\"og:image\" content=\"https:\/\/autofans.com.ar\/wp-content\/uploads\/2026\/03\/foto-2.jpg\" \/>\n\t<meta property=\"og:image:width\" content=\"1000\" \/>\n\t<meta property=\"og:image:height\" content=\"667\" \/>\n\t<meta property=\"og:image:type\" content=\"image\/jpeg\" \/>\n<meta name=\"author\" content=\"Alejandro Gabriel Rosito\" \/>\n<meta name=\"twitter:card\" content=\"summary_large_image\" \/>\n<meta name=\"twitter:label1\" content=\"Escrito por\" \/>\n\t<meta name=\"twitter:data1\" content=\"Alejandro Gabriel Rosito\" \/>\n\t<meta name=\"twitter:label2\" content=\"Tiempo de lectura\" \/>\n\t<meta name=\"twitter:data2\" content=\"5 minutos\" \/>\n<script type=\"application\/ld+json\" class=\"yoast-schema-graph\">{\"@context\":\"https:\\\/\\\/schema.org\",\"@graph\":[{\"@type\":\"Article\",\"@id\":\"https:\\\/\\\/autofans.com.ar\\\/index.php\\\/2026\\\/03\\\/16\\\/grupo-antelo-desembarca-en-expoagro-con-dos-lanzamientos\\\/#article\",\"isPartOf\":{\"@id\":\"https:\\\/\\\/autofans.com.ar\\\/index.php\\\/2026\\\/03\\\/16\\\/grupo-antelo-desembarca-en-expoagro-con-dos-lanzamientos\\\/\"},\"author\":{\"name\":\"Alejandro Gabriel Rosito\",\"@id\":\"https:\\\/\\\/autofans.com.ar\\\/#\\\/schema\\\/person\\\/4a8dda0b6df83ac3d6723e921274c2aa\"},\"headline\":\"Grupo Antelo desembarca en Expoagro con dos lanzamientos\",\"datePublished\":\"2026-03-16T17:43:56+00:00\",\"mainEntityOfPage\":{\"@id\":\"https:\\\/\\\/autofans.com.ar\\\/index.php\\\/2026\\\/03\\\/16\\\/grupo-antelo-desembarca-en-expoagro-con-dos-lanzamientos\\\/\"},\"wordCount\":776,\"image\":{\"@id\":\"https:\\\/\\\/autofans.com.ar\\\/index.php\\\/2026\\\/03\\\/16\\\/grupo-antelo-desembarca-en-expoagro-con-dos-lanzamientos\\\/#primaryimage\"},\"thumbnailUrl\":\"https:\\\/\\\/autofans.com.ar\\\/wp-content\\\/uploads\\\/2026\\\/03\\\/foto-2.jpg\",\"keywords\":[\"Changan Argentina modelos\",\"Deepal S05 precio Argentina\",\"Eado Plus h\u00edbrido enchufable\",\"financiaci\u00f3n autos Expoagro\",\"Grupo Antelo Expoagro 2026\",\"lanzamientos autos Expoagro\",\"marcas chinas en Argentina\",\"pick ups medianas Argentina\",\"pista de pruebas off road\",\"SUVs h\u00edbridas enchufables\"],\"articleSection\":[\"Autos y SUV\",\"LANZAMIENTOS\"],\"inLanguage\":\"es\"},{\"@type\":\"WebPage\",\"@id\":\"https:\\\/\\\/autofans.com.ar\\\/index.php\\\/2026\\\/03\\\/16\\\/grupo-antelo-desembarca-en-expoagro-con-dos-lanzamientos\\\/\",\"url\":\"https:\\\/\\\/autofans.com.ar\\\/index.php\\\/2026\\\/03\\\/16\\\/grupo-antelo-desembarca-en-expoagro-con-dos-lanzamientos\\\/\",\"name\":\"Grupo Antelo desembarca en Expoagro con dos lanzamientos -\",\"isPartOf\":{\"@id\":\"https:\\\/\\\/autofans.com.ar\\\/#website\"},\"primaryImageOfPage\":{\"@id\":\"https:\\\/\\\/autofans.com.ar\\\/index.php\\\/2026\\\/03\\\/16\\\/grupo-antelo-desembarca-en-expoagro-con-dos-lanzamientos\\\/#primaryimage\"},\"image\":{\"@id\":\"https:\\\/\\\/autofans.com.ar\\\/index.php\\\/2026\\\/03\\\/16\\\/grupo-antelo-desembarca-en-expoagro-con-dos-lanzamientos\\\/#primaryimage\"},\"thumbnailUrl\":\"https:\\\/\\\/autofans.com.ar\\\/wp-content\\\/uploads\\\/2026\\\/03\\\/foto-2.jpg\",\"datePublished\":\"2026-03-16T17:43:56+00:00\",\"author\":{\"@id\":\"https:\\\/\\\/autofans.com.ar\\\/#\\\/schema\\\/person\\\/4a8dda0b6df83ac3d6723e921274c2aa\"},\"description\":\"Entre los protagonistas de esta edici\u00f3n 2026 Grupo Antelo se perfila como uno de los grandes animadores la compa\u00f1\u00eda desembarcar\u00e1 con un stand\",\"breadcrumb\":{\"@id\":\"https:\\\/\\\/autofans.com.ar\\\/index.php\\\/2026\\\/03\\\/16\\\/grupo-antelo-desembarca-en-expoagro-con-dos-lanzamientos\\\/#breadcrumb\"},\"inLanguage\":\"es\",\"potentialAction\":[{\"@type\":\"ReadAction\",\"target\":[\"https:\\\/\\\/autofans.com.ar\\\/index.php\\\/2026\\\/03\\\/16\\\/grupo-antelo-desembarca-en-expoagro-con-dos-lanzamientos\\\/\"]}]},{\"@type\":\"ImageObject\",\"inLanguage\":\"es\",\"@id\":\"https:\\\/\\\/autofans.com.ar\\\/index.php\\\/2026\\\/03\\\/16\\\/grupo-antelo-desembarca-en-expoagro-con-dos-lanzamientos\\\/#primaryimage\",\"url\":\"https:\\\/\\\/autofans.com.ar\\\/wp-content\\\/uploads\\\/2026\\\/03\\\/foto-2.jpg\",\"contentUrl\":\"https:\\\/\\\/autofans.com.ar\\\/wp-content\\\/uploads\\\/2026\\\/03\\\/foto-2.jpg\",\"width\":1000,\"height\":667,\"caption\":\"Grupo Antelo\"},{\"@type\":\"BreadcrumbList\",\"@id\":\"https:\\\/\\\/autofans.com.ar\\\/index.php\\\/2026\\\/03\\\/16\\\/grupo-antelo-desembarca-en-expoagro-con-dos-lanzamientos\\\/#breadcrumb\",\"itemListElement\":[{\"@type\":\"ListItem\",\"position\":1,\"name\":\"Inicio\",\"item\":\"https:\\\/\\\/autofans.com.ar\\\/\"},{\"@type\":\"ListItem\",\"position\":2,\"name\":\"Grupo Antelo desembarca en Expoagro con dos lanzamientos\"}]},{\"@type\":\"WebSite\",\"@id\":\"https:\\\/\\\/autofans.com.ar\\\/#website\",\"url\":\"https:\\\/\\\/autofans.com.ar\\\/\",\"name\":\"\",\"description\":\"El multimedio referente de la industria automotriz\",\"potentialAction\":[{\"@type\":\"SearchAction\",\"target\":{\"@type\":\"EntryPoint\",\"urlTemplate\":\"https:\\\/\\\/autofans.com.ar\\\/?s={search_term_string}\"},\"query-input\":{\"@type\":\"PropertyValueSpecification\",\"valueRequired\":true,\"valueName\":\"search_term_string\"}}],\"inLanguage\":\"es\"},{\"@type\":\"Person\",\"@id\":\"https:\\\/\\\/autofans.com.ar\\\/#\\\/schema\\\/person\\\/4a8dda0b6df83ac3d6723e921274c2aa\",\"name\":\"Alejandro Gabriel Rosito\",\"image\":{\"@type\":\"ImageObject\",\"inLanguage\":\"es\",\"@id\":\"https:\\\/\\\/secure.gravatar.com\\\/avatar\\\/16c5dda1489adfc62618084dcbb91cffd879c374b13fe5dd8e44ed6733852c88?s=96&d=mm&r=g\",\"url\":\"https:\\\/\\\/secure.gravatar.com\\\/avatar\\\/16c5dda1489adfc62618084dcbb91cffd879c374b13fe5dd8e44ed6733852c88?s=96&d=mm&r=g\",\"contentUrl\":\"https:\\\/\\\/secure.gravatar.com\\\/avatar\\\/16c5dda1489adfc62618084dcbb91cffd879c374b13fe5dd8e44ed6733852c88?s=96&d=mm&r=g\",\"caption\":\"Alejandro Gabriel Rosito\"},\"url\":\"https:\\\/\\\/autofans.com.ar\\\/index.php\\\/author\\\/gabrielr\\\/\"}]}<\/script>\n<!-- \/ Yoast SEO plugin. -->","yoast_head_json":{"title":"Grupo Antelo desembarca en Expoagro con dos lanzamientos -","description":"Entre los protagonistas de esta edici\u00f3n 2026 Grupo Antelo se perfila como uno de los grandes animadores la compa\u00f1\u00eda desembarcar\u00e1 con un stand","robots":{"index":"index","follow":"follow","max-snippet":"max-snippet:-1","max-image-preview":"max-image-preview:large","max-video-preview":"max-video-preview:-1"},"canonical":"https:\/\/autofans.com.ar\/index.php\/2026\/03\/16\/grupo-antelo-desembarca-en-expoagro-con-dos-lanzamientos\/","og_locale":"es_ES","og_type":"article","og_title":"Grupo Antelo desembarca en Expoagro con dos lanzamientos -","og_description":"Entre los protagonistas de esta edici\u00f3n 2026 Grupo Antelo se perfila como uno de los grandes animadores la compa\u00f1\u00eda desembarcar\u00e1 con un stand","og_url":"https:\/\/autofans.com.ar\/index.php\/2026\/03\/16\/grupo-antelo-desembarca-en-expoagro-con-dos-lanzamientos\/","article_published_time":"2026-03-16T17:43:56+00:00","og_image":[{"width":1000,"height":667,"url":"https:\/\/autofans.com.ar\/wp-content\/uploads\/2026\/03\/foto-2.jpg","type":"image\/jpeg"}],"author":"Alejandro Gabriel Rosito","twitter_card":"summary_large_image","twitter_misc":{"Escrito por":"Alejandro Gabriel Rosito","Tiempo de lectura":"5 minutos"},"schema":{"@context":"https:\/\/schema.org","@graph":[{"@type":"Article","@id":"https:\/\/autofans.com.ar\/index.php\/2026\/03\/16\/grupo-antelo-desembarca-en-expoagro-con-dos-lanzamientos\/#article","isPartOf":{"@id":"https:\/\/autofans.com.ar\/index.php\/2026\/03\/16\/grupo-antelo-desembarca-en-expoagro-con-dos-lanzamientos\/"},"author":{"name":"Alejandro Gabriel Rosito","@id":"https:\/\/autofans.com.ar\/#\/schema\/person\/4a8dda0b6df83ac3d6723e921274c2aa"},"headline":"Grupo Antelo desembarca en Expoagro con dos lanzamientos","datePublished":"2026-03-16T17:43:56+00:00","mainEntityOfPage":{"@id":"https:\/\/autofans.com.ar\/index.php\/2026\/03\/16\/grupo-antelo-desembarca-en-expoagro-con-dos-lanzamientos\/"},"wordCount":776,"image":{"@id":"https:\/\/autofans.com.ar\/index.php\/2026\/03\/16\/grupo-antelo-desembarca-en-expoagro-con-dos-lanzamientos\/#primaryimage"},"thumbnailUrl":"https:\/\/autofans.com.ar\/wp-content\/uploads\/2026\/03\/foto-2.jpg","keywords":["Changan Argentina modelos","Deepal S05 precio Argentina","Eado Plus h\u00edbrido enchufable","financiaci\u00f3n autos Expoagro","Grupo Antelo Expoagro 2026","lanzamientos autos Expoagro","marcas chinas en Argentina","pick ups medianas Argentina","pista de pruebas off road","SUVs h\u00edbridas enchufables"],"articleSection":["Autos y SUV","LANZAMIENTOS"],"inLanguage":"es"},{"@type":"WebPage","@id":"https:\/\/autofans.com.ar\/index.php\/2026\/03\/16\/grupo-antelo-desembarca-en-expoagro-con-dos-lanzamientos\/","url":"https:\/\/autofans.com.ar\/index.php\/2026\/03\/16\/grupo-antelo-desembarca-en-expoagro-con-dos-lanzamientos\/","name":"Grupo Antelo desembarca en Expoagro con dos lanzamientos -","isPartOf":{"@id":"https:\/\/autofans.com.ar\/#website"},"primaryImageOfPage":{"@id":"https:\/\/autofans.com.ar\/index.php\/2026\/03\/16\/grupo-antelo-desembarca-en-expoagro-con-dos-lanzamientos\/#primaryimage"},"image":{"@id":"https:\/\/autofans.com.ar\/index.php\/2026\/03\/16\/grupo-antelo-desembarca-en-expoagro-con-dos-lanzamientos\/#primaryimage"},"thumbnailUrl":"https:\/\/autofans.com.ar\/wp-content\/uploads\/2026\/03\/foto-2.jpg","datePublished":"2026-03-16T17:43:56+00:00","author":{"@id":"https:\/\/autofans.com.ar\/#\/schema\/person\/4a8dda0b6df83ac3d6723e921274c2aa"},"description":"Entre los protagonistas de esta edici\u00f3n 2026 Grupo Antelo se perfila como uno de los grandes animadores la compa\u00f1\u00eda desembarcar\u00e1 con un stand","breadcrumb":{"@id":"https:\/\/autofans.com.ar\/index.php\/2026\/03\/16\/grupo-antelo-desembarca-en-expoagro-con-dos-lanzamientos\/#breadcrumb"},"inLanguage":"es","potentialAction":[{"@type":"ReadAction","target":["https:\/\/autofans.com.ar\/index.php\/2026\/03\/16\/grupo-antelo-desembarca-en-expoagro-con-dos-lanzamientos\/"]}]},{"@type":"ImageObject","inLanguage":"es","@id":"https:\/\/autofans.com.ar\/index.php\/2026\/03\/16\/grupo-antelo-desembarca-en-expoagro-con-dos-lanzamientos\/#primaryimage","url":"https:\/\/autofans.com.ar\/wp-content\/uploads\/2026\/03\/foto-2.jpg","contentUrl":"https:\/\/autofans.com.ar\/wp-content\/uploads\/2026\/03\/foto-2.jpg","width":1000,"height":667,"caption":"Grupo Antelo"},{"@type":"BreadcrumbList","@id":"https:\/\/autofans.com.ar\/index.php\/2026\/03\/16\/grupo-antelo-desembarca-en-expoagro-con-dos-lanzamientos\/#breadcrumb","itemListElement":[{"@type":"ListItem","position":1,"name":"Inicio","item":"https:\/\/autofans.com.ar\/"},{"@type":"ListItem","position":2,"name":"Grupo Antelo desembarca en Expoagro con dos lanzamientos"}]},{"@type":"WebSite","@id":"https:\/\/autofans.com.ar\/#website","url":"https:\/\/autofans.com.ar\/","name":"","description":"El multimedio referente de la industria automotriz","potentialAction":[{"@type":"SearchAction","target":{"@type":"EntryPoint","urlTemplate":"https:\/\/autofans.com.ar\/?s={search_term_string}"},"query-input":{"@type":"PropertyValueSpecification","valueRequired":true,"valueName":"search_term_string"}}],"inLanguage":"es"},{"@type":"Person","@id":"https:\/\/autofans.com.ar\/#\/schema\/person\/4a8dda0b6df83ac3d6723e921274c2aa","name":"Alejandro Gabriel Rosito","image":{"@type":"ImageObject","inLanguage":"es","@id":"https:\/\/secure.gravatar.com\/avatar\/16c5dda1489adfc62618084dcbb91cffd879c374b13fe5dd8e44ed6733852c88?s=96&d=mm&r=g","url":"https:\/\/secure.gravatar.com\/avatar\/16c5dda1489adfc62618084dcbb91cffd879c374b13fe5dd8e44ed6733852c88?s=96&d=mm&r=g","contentUrl":"https:\/\/secure.gravatar.com\/avatar\/16c5dda1489adfc62618084dcbb91cffd879c374b13fe5dd8e44ed6733852c88?s=96&d=mm&r=g","caption":"Alejandro Gabriel Rosito"},"url":"https:\/\/autofans.com.ar\/index.php\/author\/gabrielr\/"}]}},"featured_image_urls":{"full":["https:\/\/autofans.com.ar\/wp-content\/uploads\/2026\/03\/foto-2.jpg",1000,667,false],"thumbnail":["https:\/\/autofans.com.ar\/wp-content\/uploads\/2026\/03\/foto-2-150x150.jpg",150,150,true],"medium":["https:\/\/autofans.com.ar\/wp-content\/uploads\/2026\/03\/foto-2-300x200.jpg",300,200,true],"medium_large":["https:\/\/autofans.com.ar\/wp-content\/uploads\/2026\/03\/foto-2-768x512.jpg",640,427,true],"large":["https:\/\/autofans.com.ar\/wp-content\/uploads\/2026\/03\/foto-2.jpg",640,427,false],"1536x1536":["https:\/\/autofans.com.ar\/wp-content\/uploads\/2026\/03\/foto-2.jpg",1000,667,false],"2048x2048":["https:\/\/autofans.com.ar\/wp-content\/uploads\/2026\/03\/foto-2.jpg",1000,667,false],"covernews-featured":["https:\/\/autofans.com.ar\/wp-content\/uploads\/2026\/03\/foto-2.jpg",1000,667,false],"covernews-medium":["https:\/\/autofans.com.ar\/wp-content\/uploads\/2026\/03\/foto-2-540x340.jpg",540,340,true]},"author_info":{"display_name":"Alejandro Gabriel Rosito","author_link":"https:\/\/autofans.com.ar\/index.php\/author\/gabrielr\/"},"category_info":"<a href=\"https:\/\/autofans.com.ar\/index.php\/category\/lanzamientos\/autos-y-suv\/\" rel=\"category tag\">Autos y SUV<\/a> <a href=\"https:\/\/autofans.com.ar\/index.php\/category\/lanzamientos\/\" rel=\"category tag\">LANZAMIENTOS<\/a>","tag_info":"LANZAMIENTOS","comment_count":0,"_links":{"self":[{"href":"https:\/\/autofans.com.ar\/index.php\/wp-json\/wp\/v2\/posts\/16453","targetHints":{"allow":["GET"]}}],"collection":[{"href":"https:\/\/autofans.com.ar\/index.php\/wp-json\/wp\/v2\/posts"}],"about":[{"href":"https:\/\/autofans.com.ar\/index.php\/wp-json\/wp\/v2\/types\/post"}],"author":[{"embeddable":true,"href":"https:\/\/autofans.com.ar\/index.php\/wp-json\/wp\/v2\/users\/2"}],"replies":[{"embeddable":true,"href":"https:\/\/autofans.com.ar\/index.php\/wp-json\/wp\/v2\/comments?post=16453"}],"version-history":[{"count":2,"href":"https:\/\/autofans.com.ar\/index.php\/wp-json\/wp\/v2\/posts\/16453\/revisions"}],"predecessor-version":[{"id":16460,"href":"https:\/\/autofans.com.ar\/index.php\/wp-json\/wp\/v2\/posts\/16453\/revisions\/16460"}],"wp:featuredmedia":[{"embeddable":true,"href":"https:\/\/autofans.com.ar\/index.php\/wp-json\/wp\/v2\/media\/16457"}],"wp:attachment":[{"href":"https:\/\/autofans.com.ar\/index.php\/wp-json\/wp\/v2\/media?parent=16453"}],"wp:term":[{"taxonomy":"category","embeddable":true,"href":"https:\/\/autofans.com.ar\/index.php\/wp-json\/wp\/v2\/categories?post=16453"},{"taxonomy":"post_tag","embeddable":true,"href":"https:\/\/autofans.com.ar\/index.php\/wp-json\/wp\/v2\/tags?post=16453"}],"curies":[{"name":"wp","href":"https:\/\/api.w.org\/{rel}","templated":true}]}}