{"id":16461,"date":"2026-03-16T17:44:31","date_gmt":"2026-03-16T20:44:31","guid":{"rendered":"https:\/\/autofans.com.ar\/?p=16461"},"modified":"2026-03-16T17:44:31","modified_gmt":"2026-03-16T20:44:31","slug":"maxus-y-kaiyi-arrancan-la-venta-en-argentina-durante-expoagro","status":"publish","type":"post","link":"https:\/\/autofans.com.ar\/index.php\/2026\/03\/16\/maxus-y-kaiyi-arrancan-la-venta-en-argentina-durante-expoagro\/","title":{"rendered":"Maxus y Kaiyi arrancan la venta en Argentina durante Expoagro"},"content":{"rendered":"<p class=\"ds-markdown-paragraph\">La gran novedad es que tanto Maxus como Kaiyi van a aprovechar la exposici\u00f3n para activar oficialmente su etapa de venta. No solo van a mostrar los modelos, sino que arrancan con la comercializaci\u00f3n formal en el mercado local, lo que marca un hito clave en su desembarco.<\/p>\n<p>&nbsp;<\/p>\n<h2 class=\"ds-markdown-paragraph\">Maxus, de la pick-up el\u00e9ctrica a los furgones<\/h2>\n<p class=\"ds-markdown-paragraph\">La marca que ya hab\u00eda dado que hablar con su propuesta sustentable llega a Expoagro para consolidarse. El gran gancho de su portafolio es la eTerron9, la primera pick-up 4&#215;4 100% el\u00e9ctrica del pa\u00eds, pensada para un sector productivo que empieza a mirar cada vez m\u00e1s la eficiencia energ\u00e9tica.<\/p>\n<p>&nbsp;<\/p>\n<p><img fetchpriority=\"high\" decoding=\"async\" class=\"wp-image-16465 size-full aligncenter\" src=\"https:\/\/autofans.com.ar\/wp-content\/uploads\/2026\/03\/maxus-2.jpg\" alt=\"Maxus y Kaiyi\" width=\"1000\" height=\"667\" srcset=\"https:\/\/autofans.com.ar\/wp-content\/uploads\/2026\/03\/maxus-2.jpg 1000w, https:\/\/autofans.com.ar\/wp-content\/uploads\/2026\/03\/maxus-2-300x200.jpg 300w, https:\/\/autofans.com.ar\/wp-content\/uploads\/2026\/03\/maxus-2-768x512.jpg 768w\" sizes=\"(max-width: 1000px) 100vw, 1000px\" \/><\/p>\n<p>&nbsp;<\/p>\n<p class=\"ds-markdown-paragraph\">Pero la oferta no se queda solo en lo el\u00e9ctrico. Maxus tambi\u00e9n apuesta a cubrir todas las necesidades con modelos a combusti\u00f3n e h\u00edbridos. En la muestra se van a poder ver las pickup T60 y T60 MAX en sus distintas versiones, y la D90 Flagship Mild Hybrid, una SUV que viene a competir de lleno en un segmento muy peleado. Para los que necesitan capacidad de carga, la l\u00ednea de furgones E-Deliver (tambi\u00e9n 100% el\u00e9ctricos) completa un abanico que busca abarcar tanto el uso laboral como el particular.<\/p>\n<p class=\"ds-markdown-paragraph\">Y un dato que no pasa desapercibido: los precios. Maxus arranca desde los USD 28.900, buscando ofrecer una relaci\u00f3n precio-producto diferencial en el segmento.<\/p>\n<p>&nbsp;<\/p>\n<blockquote>\n<p style=\"text-align: center;\">\u201cExpoagro es un escenario clave para presentar oficialmente nuestras marcas al p\u00fablico argentino. Tanto Maxus como Kaiyi representan una nueva etapa para GEP en t\u00e9rminos de innovaci\u00f3n, tecnolog\u00eda y sustentabilidad. Estamos convencidos de que existe una gran oportunidad para ofrecer veh\u00edculos que combinan eficiencia, equipamiento y distintas alternativas de motorizaci\u00f3n, adaptadas a las necesidades reales del mercado\u201d, se\u00f1al\u00f3 Nicol\u00e1s Mu\u00f1oz, Gerente General de Colgas, empresa del grupo GEP que importa las marcas Maxus y Kaiyi. Y agreg\u00f3: \u201cNuestro objetivo es construir marcas s\u00f3lidas,con respaldo de una red comercial, cobertura integral de postventa y opciones de financiaci\u00f3n competitivas que acompa\u00f1en el crecimiento de nuestros clientes\u201d.<\/p>\n<\/blockquote>\n<p>&nbsp;<\/p>\n<h2 class=\"ds-markdown-paragraph\">Kaiyi, las SUVs que llegan para sumarse al bidet de opciones<\/h2>\n<p class=\"ds-markdown-paragraph\">Por el lado de Kaiyi, el desembarco es con los cuatro modelos de SUVs que ya hab\u00eda anticipado: X3, X3 Pro, X7 y X7 h\u00edbrido enchufable. Dise\u00f1o y tecnolog\u00eda son los pilares de una marca que viene a jugar en un mercado muy competitivo, con una propuesta pensada para los que buscan algo distinto sin resignar equipamiento.<\/p>\n<p>&nbsp;<\/p>\n<p><img decoding=\"async\" class=\"aligncenter wp-image-16464 size-full\" src=\"https:\/\/autofans.com.ar\/wp-content\/uploads\/2026\/03\/x7-1.jpg\" alt=\"Maxus y Kaiyi\" width=\"1000\" height=\"667\" srcset=\"https:\/\/autofans.com.ar\/wp-content\/uploads\/2026\/03\/x7-1.jpg 1000w, https:\/\/autofans.com.ar\/wp-content\/uploads\/2026\/03\/x7-1-300x200.jpg 300w, https:\/\/autofans.com.ar\/wp-content\/uploads\/2026\/03\/x7-1-768x512.jpg 768w\" sizes=\"(max-width: 1000px) 100vw, 1000px\" \/><\/p>\n<p>&nbsp;<\/p>\n<p class=\"ds-markdown-paragraph\">La estrategia comercial tambi\u00e9n es agresiva. Las SUVs de Kaiyi van a tener un precio de partida de USD 22.000, lo que las convierte en una opci\u00f3n m\u00e1s que atractiva para entrarle al grueso del p\u00fablico.<\/p>\n<p>&nbsp;<\/p>\n<blockquote>\n<p style=\"text-align: center;\">\u201cEn Expoagro vamos a tener disponible la venta de todos estos veh\u00edculos, lo que representa una gran oportunidad para que los interesados puedan asegurarse las primeras unidades. Confiamos en que nuestros productos van a ser muy bien recibidos por los usuarios, porque se trata de una propuesta variada y atractiva desde todo punto de vista: dise\u00f1o, tecnolog\u00eda, opciones de motorizaci\u00f3n, equipamiento y una estrategia comercial competitiva que acompa\u00f1a el lanzamiento\u201d, agreg\u00f3 Mu\u00f1oz.<\/p>\n<p style=\"text-align: center;\">\u00abTanto Maxus como Kaiyi presentar\u00e1n su propio Plan de Ahorro el cual se lanzar\u00e1 durante la Expo, a trav\u00e9s de su red oficial de concesionarios.\u00bb<\/p>\n<\/blockquote>\n<p>&nbsp;<\/p>\n<h2 class=\"ds-markdown-paragraph\">C\u00f3mo va a ser la llegada al pa\u00eds<\/h2>\n<p class=\"ds-markdown-paragraph\">Detr\u00e1s de todo esto est\u00e1 la estructura de GEP, que no deja nada librado al azar. El plan contempla la apertura de concesionarios estrat\u00e9gicamente ubicados en todo el territorio nacional. La idea es clara: garantizar cobertura comercial y, fundamentalmente, servicio de posventa en los puntos clave del pa\u00eds. No sirve de nada vender si despu\u00e9s no hay respaldo, y en eso el grupo pone el foco.<\/p>\n<p>&nbsp;<\/p>\n<p><img decoding=\"async\" class=\"aligncenter wp-image-16463 size-full\" src=\"https:\/\/autofans.com.ar\/wp-content\/uploads\/2026\/03\/x7-2.jpg\" alt=\"Maxus y Kaiyi\" width=\"1000\" height=\"667\" srcset=\"https:\/\/autofans.com.ar\/wp-content\/uploads\/2026\/03\/x7-2.jpg 1000w, https:\/\/autofans.com.ar\/wp-content\/uploads\/2026\/03\/x7-2-300x200.jpg 300w, https:\/\/autofans.com.ar\/wp-content\/uploads\/2026\/03\/x7-2-768x512.jpg 768w\" sizes=\"(max-width: 1000px) 100vw, 1000px\" \/><\/p>\n<p>&nbsp;<\/p>\n<p class=\"ds-markdown-paragraph\">Con esta movida en Expoagro, GEP reafirma la apuesta por la innovaci\u00f3n y la movilidad del futuro, pero con los pies en la tierra: tecnolog\u00eda, precios competitivos y una red que le permita estar cerca del cliente. La muestra en San Nicol\u00e1s ser\u00e1 el punto de partida para ver si la estrategia funciona.<\/p>\n<p>&nbsp;<\/p>\n<p>&nbsp;<\/p>\n<p>&nbsp;<\/p>\n<p><i>Para enterarte de m\u00e1s novedades, no dejes de leer\u00a0<\/i><a href=\"https:\/\/autofans.thebrandsoup.com\/\"><i>nuestras notas<\/i><\/a><i>, de ver\u00a0<\/i><a href=\"https:\/\/www.youtube.com\/channel\/UCgAC8UGHZYbT6P7PpmVnP7g\"><i>AUTOFANS TV<\/i><\/a><i>\u00a0en nuestro\u00a0canal de Youtube. Adem\u00e1s seguinos en\u00a0<\/i><a href=\"https:\/\/www.instagram.com\/autofanstv\/\"><i>INSTAGRAM<\/i><\/a><i> y <\/i><a href=\"https:\/\/www.facebook.com\/autofansmas\/\"><i>FACEBOOK<\/i><\/a><i> para no perderte nada sobre las novedades del segmento automotor de Argentina y el mundo.<\/i><\/p>\n","protected":false},"excerpt":{"rendered":"<p>La gran novedad es que tanto Maxus como Kaiyi van a aprovechar la exposici\u00f3n para&#8230;<\/p>\n","protected":false},"author":2,"featured_media":16466,"comment_status":"closed","ping_status":"closed","sticky":false,"template":"","format":"standard","meta":{"footnotes":""},"categories":[341,1],"tags":[4303,8765,6286,8769,8763,8768,8574,8771,8227,6301,8767,8764,8766,8770],"class_list":["post-16461","post","type-post","status-publish","format-standard","has-post-thumbnail","hentry","category-hibridos-y-electricos","category-lanzamientos","tag-autos-hibridos-argentina","tag-eterron9","tag-expoagro-san-nicolas","tag-furgones-electricos","tag-gep-expoagro-2026","tag-grupo-gep","tag-kaiyi-argentina","tag-kaiyi-x7-hibrido","tag-lanzamientos-autos-2026","tag-maxus-argentina","tag-neumaticos-austone","tag-pick-up-electrica","tag-suvs-argentina","tag-t60-max"],"yoast_head":"<!-- This site is optimized with the Yoast SEO plugin v27.5 - https:\/\/yoast.com\/product\/yoast-seo-wordpress\/ -->\n<title>Maxus y Kaiyi arrancan la venta en Argentina durante Expoagro -<\/title>\n<meta name=\"description\" content=\"La eTerron9 de Maxus, la primera pick-up 4x4 100% el\u00e9ctrica del pa\u00eds y el desembarco de las SUVs de Kaiyi con un precio desde USD 22.000...\" \/>\n<meta name=\"robots\" content=\"index, follow, max-snippet:-1, max-image-preview:large, max-video-preview:-1\" \/>\n<link rel=\"canonical\" href=\"https:\/\/autofans.com.ar\/index.php\/2026\/03\/16\/maxus-y-kaiyi-arrancan-la-venta-en-argentina-durante-expoagro\/\" \/>\n<meta property=\"og:locale\" content=\"es_ES\" \/>\n<meta property=\"og:type\" content=\"article\" \/>\n<meta property=\"og:title\" content=\"Maxus y Kaiyi arrancan la venta en Argentina durante Expoagro -\" \/>\n<meta property=\"og:description\" content=\"La eTerron9 de Maxus, la primera pick-up 4x4 100% el\u00e9ctrica del pa\u00eds y el desembarco de las SUVs de Kaiyi con un precio desde USD 22.000...\" \/>\n<meta property=\"og:url\" content=\"https:\/\/autofans.com.ar\/index.php\/2026\/03\/16\/maxus-y-kaiyi-arrancan-la-venta-en-argentina-durante-expoagro\/\" \/>\n<meta property=\"article:published_time\" content=\"2026-03-16T20:44:31+00:00\" \/>\n<meta property=\"og:image\" content=\"https:\/\/autofans.com.ar\/wp-content\/uploads\/2026\/03\/maxus-1.jpg\" \/>\n\t<meta property=\"og:image:width\" content=\"1000\" \/>\n\t<meta property=\"og:image:height\" content=\"667\" \/>\n\t<meta property=\"og:image:type\" content=\"image\/jpeg\" \/>\n<meta name=\"author\" content=\"Alejandro Gabriel Rosito\" \/>\n<meta name=\"twitter:card\" content=\"summary_large_image\" \/>\n<meta name=\"twitter:label1\" content=\"Escrito por\" \/>\n\t<meta name=\"twitter:data1\" content=\"Alejandro Gabriel Rosito\" \/>\n\t<meta name=\"twitter:label2\" content=\"Tiempo de lectura\" \/>\n\t<meta name=\"twitter:data2\" content=\"4 minutos\" \/>\n<script type=\"application\/ld+json\" class=\"yoast-schema-graph\">{\"@context\":\"https:\\\/\\\/schema.org\",\"@graph\":[{\"@type\":\"Article\",\"@id\":\"https:\\\/\\\/autofans.com.ar\\\/index.php\\\/2026\\\/03\\\/16\\\/maxus-y-kaiyi-arrancan-la-venta-en-argentina-durante-expoagro\\\/#article\",\"isPartOf\":{\"@id\":\"https:\\\/\\\/autofans.com.ar\\\/index.php\\\/2026\\\/03\\\/16\\\/maxus-y-kaiyi-arrancan-la-venta-en-argentina-durante-expoagro\\\/\"},\"author\":{\"name\":\"Alejandro Gabriel Rosito\",\"@id\":\"https:\\\/\\\/autofans.com.ar\\\/#\\\/schema\\\/person\\\/4a8dda0b6df83ac3d6723e921274c2aa\"},\"headline\":\"Maxus y Kaiyi arrancan la venta en Argentina durante Expoagro\",\"datePublished\":\"2026-03-16T20:44:31+00:00\",\"mainEntityOfPage\":{\"@id\":\"https:\\\/\\\/autofans.com.ar\\\/index.php\\\/2026\\\/03\\\/16\\\/maxus-y-kaiyi-arrancan-la-venta-en-argentina-durante-expoagro\\\/\"},\"wordCount\":767,\"image\":{\"@id\":\"https:\\\/\\\/autofans.com.ar\\\/index.php\\\/2026\\\/03\\\/16\\\/maxus-y-kaiyi-arrancan-la-venta-en-argentina-durante-expoagro\\\/#primaryimage\"},\"thumbnailUrl\":\"https:\\\/\\\/autofans.com.ar\\\/wp-content\\\/uploads\\\/2026\\\/03\\\/maxus-1.jpg\",\"keywords\":[\"autos h\u00edbridos Argentina\",\"eTerron9\",\"Expoagro San Nicol\u00e1s\",\"furgones el\u00e9ctricos\",\"GEP Expoagro 2026\",\"Grupo GEP\",\"Kaiyi Argentina\",\"Kaiyi X7 h\u00edbrido\",\"lanzamientos autos 2026\",\"maxus argentina\",\"neum\u00e1ticos Austone\",\"pick-up el\u00e9ctrica\",\"SUVs Argentina\",\"T60 MAX\"],\"articleSection\":[\"HIBRIDOS, ELECTRICOS y otros\",\"LANZAMIENTOS\"],\"inLanguage\":\"es\"},{\"@type\":\"WebPage\",\"@id\":\"https:\\\/\\\/autofans.com.ar\\\/index.php\\\/2026\\\/03\\\/16\\\/maxus-y-kaiyi-arrancan-la-venta-en-argentina-durante-expoagro\\\/\",\"url\":\"https:\\\/\\\/autofans.com.ar\\\/index.php\\\/2026\\\/03\\\/16\\\/maxus-y-kaiyi-arrancan-la-venta-en-argentina-durante-expoagro\\\/\",\"name\":\"Maxus y Kaiyi arrancan la venta en Argentina durante Expoagro -\",\"isPartOf\":{\"@id\":\"https:\\\/\\\/autofans.com.ar\\\/#website\"},\"primaryImageOfPage\":{\"@id\":\"https:\\\/\\\/autofans.com.ar\\\/index.php\\\/2026\\\/03\\\/16\\\/maxus-y-kaiyi-arrancan-la-venta-en-argentina-durante-expoagro\\\/#primaryimage\"},\"image\":{\"@id\":\"https:\\\/\\\/autofans.com.ar\\\/index.php\\\/2026\\\/03\\\/16\\\/maxus-y-kaiyi-arrancan-la-venta-en-argentina-durante-expoagro\\\/#primaryimage\"},\"thumbnailUrl\":\"https:\\\/\\\/autofans.com.ar\\\/wp-content\\\/uploads\\\/2026\\\/03\\\/maxus-1.jpg\",\"datePublished\":\"2026-03-16T20:44:31+00:00\",\"author\":{\"@id\":\"https:\\\/\\\/autofans.com.ar\\\/#\\\/schema\\\/person\\\/4a8dda0b6df83ac3d6723e921274c2aa\"},\"description\":\"La eTerron9 de Maxus, la primera pick-up 4x4 100% el\u00e9ctrica del pa\u00eds y el desembarco de las SUVs de Kaiyi con un precio desde USD 22.000...\",\"breadcrumb\":{\"@id\":\"https:\\\/\\\/autofans.com.ar\\\/index.php\\\/2026\\\/03\\\/16\\\/maxus-y-kaiyi-arrancan-la-venta-en-argentina-durante-expoagro\\\/#breadcrumb\"},\"inLanguage\":\"es\",\"potentialAction\":[{\"@type\":\"ReadAction\",\"target\":[\"https:\\\/\\\/autofans.com.ar\\\/index.php\\\/2026\\\/03\\\/16\\\/maxus-y-kaiyi-arrancan-la-venta-en-argentina-durante-expoagro\\\/\"]}]},{\"@type\":\"ImageObject\",\"inLanguage\":\"es\",\"@id\":\"https:\\\/\\\/autofans.com.ar\\\/index.php\\\/2026\\\/03\\\/16\\\/maxus-y-kaiyi-arrancan-la-venta-en-argentina-durante-expoagro\\\/#primaryimage\",\"url\":\"https:\\\/\\\/autofans.com.ar\\\/wp-content\\\/uploads\\\/2026\\\/03\\\/maxus-1.jpg\",\"contentUrl\":\"https:\\\/\\\/autofans.com.ar\\\/wp-content\\\/uploads\\\/2026\\\/03\\\/maxus-1.jpg\",\"width\":1000,\"height\":667,\"caption\":\"Maxus y Kaiyi\"},{\"@type\":\"BreadcrumbList\",\"@id\":\"https:\\\/\\\/autofans.com.ar\\\/index.php\\\/2026\\\/03\\\/16\\\/maxus-y-kaiyi-arrancan-la-venta-en-argentina-durante-expoagro\\\/#breadcrumb\",\"itemListElement\":[{\"@type\":\"ListItem\",\"position\":1,\"name\":\"Inicio\",\"item\":\"https:\\\/\\\/autofans.com.ar\\\/\"},{\"@type\":\"ListItem\",\"position\":2,\"name\":\"Maxus y Kaiyi arrancan la venta en Argentina durante Expoagro\"}]},{\"@type\":\"WebSite\",\"@id\":\"https:\\\/\\\/autofans.com.ar\\\/#website\",\"url\":\"https:\\\/\\\/autofans.com.ar\\\/\",\"name\":\"\",\"description\":\"El multimedio referente de la industria automotriz\",\"potentialAction\":[{\"@type\":\"SearchAction\",\"target\":{\"@type\":\"EntryPoint\",\"urlTemplate\":\"https:\\\/\\\/autofans.com.ar\\\/?s={search_term_string}\"},\"query-input\":{\"@type\":\"PropertyValueSpecification\",\"valueRequired\":true,\"valueName\":\"search_term_string\"}}],\"inLanguage\":\"es\"},{\"@type\":\"Person\",\"@id\":\"https:\\\/\\\/autofans.com.ar\\\/#\\\/schema\\\/person\\\/4a8dda0b6df83ac3d6723e921274c2aa\",\"name\":\"Alejandro Gabriel Rosito\",\"image\":{\"@type\":\"ImageObject\",\"inLanguage\":\"es\",\"@id\":\"https:\\\/\\\/secure.gravatar.com\\\/avatar\\\/16c5dda1489adfc62618084dcbb91cffd879c374b13fe5dd8e44ed6733852c88?s=96&d=mm&r=g\",\"url\":\"https:\\\/\\\/secure.gravatar.com\\\/avatar\\\/16c5dda1489adfc62618084dcbb91cffd879c374b13fe5dd8e44ed6733852c88?s=96&d=mm&r=g\",\"contentUrl\":\"https:\\\/\\\/secure.gravatar.com\\\/avatar\\\/16c5dda1489adfc62618084dcbb91cffd879c374b13fe5dd8e44ed6733852c88?s=96&d=mm&r=g\",\"caption\":\"Alejandro Gabriel Rosito\"},\"url\":\"https:\\\/\\\/autofans.com.ar\\\/index.php\\\/author\\\/gabrielr\\\/\"}]}<\/script>\n<!-- \/ Yoast SEO plugin. -->","yoast_head_json":{"title":"Maxus y Kaiyi arrancan la venta en Argentina durante Expoagro -","description":"La eTerron9 de Maxus, la primera pick-up 4x4 100% el\u00e9ctrica del pa\u00eds y el desembarco de las SUVs de Kaiyi con un precio desde USD 22.000...","robots":{"index":"index","follow":"follow","max-snippet":"max-snippet:-1","max-image-preview":"max-image-preview:large","max-video-preview":"max-video-preview:-1"},"canonical":"https:\/\/autofans.com.ar\/index.php\/2026\/03\/16\/maxus-y-kaiyi-arrancan-la-venta-en-argentina-durante-expoagro\/","og_locale":"es_ES","og_type":"article","og_title":"Maxus y Kaiyi arrancan la venta en Argentina durante Expoagro -","og_description":"La eTerron9 de Maxus, la primera pick-up 4x4 100% el\u00e9ctrica del pa\u00eds y el desembarco de las SUVs de Kaiyi con un precio desde USD 22.000...","og_url":"https:\/\/autofans.com.ar\/index.php\/2026\/03\/16\/maxus-y-kaiyi-arrancan-la-venta-en-argentina-durante-expoagro\/","article_published_time":"2026-03-16T20:44:31+00:00","og_image":[{"width":1000,"height":667,"url":"https:\/\/autofans.com.ar\/wp-content\/uploads\/2026\/03\/maxus-1.jpg","type":"image\/jpeg"}],"author":"Alejandro Gabriel Rosito","twitter_card":"summary_large_image","twitter_misc":{"Escrito por":"Alejandro Gabriel Rosito","Tiempo de lectura":"4 minutos"},"schema":{"@context":"https:\/\/schema.org","@graph":[{"@type":"Article","@id":"https:\/\/autofans.com.ar\/index.php\/2026\/03\/16\/maxus-y-kaiyi-arrancan-la-venta-en-argentina-durante-expoagro\/#article","isPartOf":{"@id":"https:\/\/autofans.com.ar\/index.php\/2026\/03\/16\/maxus-y-kaiyi-arrancan-la-venta-en-argentina-durante-expoagro\/"},"author":{"name":"Alejandro Gabriel Rosito","@id":"https:\/\/autofans.com.ar\/#\/schema\/person\/4a8dda0b6df83ac3d6723e921274c2aa"},"headline":"Maxus y Kaiyi arrancan la venta en Argentina durante Expoagro","datePublished":"2026-03-16T20:44:31+00:00","mainEntityOfPage":{"@id":"https:\/\/autofans.com.ar\/index.php\/2026\/03\/16\/maxus-y-kaiyi-arrancan-la-venta-en-argentina-durante-expoagro\/"},"wordCount":767,"image":{"@id":"https:\/\/autofans.com.ar\/index.php\/2026\/03\/16\/maxus-y-kaiyi-arrancan-la-venta-en-argentina-durante-expoagro\/#primaryimage"},"thumbnailUrl":"https:\/\/autofans.com.ar\/wp-content\/uploads\/2026\/03\/maxus-1.jpg","keywords":["autos h\u00edbridos Argentina","eTerron9","Expoagro San Nicol\u00e1s","furgones el\u00e9ctricos","GEP Expoagro 2026","Grupo GEP","Kaiyi Argentina","Kaiyi X7 h\u00edbrido","lanzamientos autos 2026","maxus argentina","neum\u00e1ticos Austone","pick-up el\u00e9ctrica","SUVs Argentina","T60 MAX"],"articleSection":["HIBRIDOS, ELECTRICOS y otros","LANZAMIENTOS"],"inLanguage":"es"},{"@type":"WebPage","@id":"https:\/\/autofans.com.ar\/index.php\/2026\/03\/16\/maxus-y-kaiyi-arrancan-la-venta-en-argentina-durante-expoagro\/","url":"https:\/\/autofans.com.ar\/index.php\/2026\/03\/16\/maxus-y-kaiyi-arrancan-la-venta-en-argentina-durante-expoagro\/","name":"Maxus y Kaiyi arrancan la venta en Argentina durante Expoagro -","isPartOf":{"@id":"https:\/\/autofans.com.ar\/#website"},"primaryImageOfPage":{"@id":"https:\/\/autofans.com.ar\/index.php\/2026\/03\/16\/maxus-y-kaiyi-arrancan-la-venta-en-argentina-durante-expoagro\/#primaryimage"},"image":{"@id":"https:\/\/autofans.com.ar\/index.php\/2026\/03\/16\/maxus-y-kaiyi-arrancan-la-venta-en-argentina-durante-expoagro\/#primaryimage"},"thumbnailUrl":"https:\/\/autofans.com.ar\/wp-content\/uploads\/2026\/03\/maxus-1.jpg","datePublished":"2026-03-16T20:44:31+00:00","author":{"@id":"https:\/\/autofans.com.ar\/#\/schema\/person\/4a8dda0b6df83ac3d6723e921274c2aa"},"description":"La eTerron9 de Maxus, la primera pick-up 4x4 100% el\u00e9ctrica del pa\u00eds y el desembarco de las SUVs de Kaiyi con un precio desde USD 22.000...","breadcrumb":{"@id":"https:\/\/autofans.com.ar\/index.php\/2026\/03\/16\/maxus-y-kaiyi-arrancan-la-venta-en-argentina-durante-expoagro\/#breadcrumb"},"inLanguage":"es","potentialAction":[{"@type":"ReadAction","target":["https:\/\/autofans.com.ar\/index.php\/2026\/03\/16\/maxus-y-kaiyi-arrancan-la-venta-en-argentina-durante-expoagro\/"]}]},{"@type":"ImageObject","inLanguage":"es","@id":"https:\/\/autofans.com.ar\/index.php\/2026\/03\/16\/maxus-y-kaiyi-arrancan-la-venta-en-argentina-durante-expoagro\/#primaryimage","url":"https:\/\/autofans.com.ar\/wp-content\/uploads\/2026\/03\/maxus-1.jpg","contentUrl":"https:\/\/autofans.com.ar\/wp-content\/uploads\/2026\/03\/maxus-1.jpg","width":1000,"height":667,"caption":"Maxus y Kaiyi"},{"@type":"BreadcrumbList","@id":"https:\/\/autofans.com.ar\/index.php\/2026\/03\/16\/maxus-y-kaiyi-arrancan-la-venta-en-argentina-durante-expoagro\/#breadcrumb","itemListElement":[{"@type":"ListItem","position":1,"name":"Inicio","item":"https:\/\/autofans.com.ar\/"},{"@type":"ListItem","position":2,"name":"Maxus y Kaiyi arrancan la venta en Argentina durante Expoagro"}]},{"@type":"WebSite","@id":"https:\/\/autofans.com.ar\/#website","url":"https:\/\/autofans.com.ar\/","name":"","description":"El multimedio referente de la industria automotriz","potentialAction":[{"@type":"SearchAction","target":{"@type":"EntryPoint","urlTemplate":"https:\/\/autofans.com.ar\/?s={search_term_string}"},"query-input":{"@type":"PropertyValueSpecification","valueRequired":true,"valueName":"search_term_string"}}],"inLanguage":"es"},{"@type":"Person","@id":"https:\/\/autofans.com.ar\/#\/schema\/person\/4a8dda0b6df83ac3d6723e921274c2aa","name":"Alejandro Gabriel Rosito","image":{"@type":"ImageObject","inLanguage":"es","@id":"https:\/\/secure.gravatar.com\/avatar\/16c5dda1489adfc62618084dcbb91cffd879c374b13fe5dd8e44ed6733852c88?s=96&d=mm&r=g","url":"https:\/\/secure.gravatar.com\/avatar\/16c5dda1489adfc62618084dcbb91cffd879c374b13fe5dd8e44ed6733852c88?s=96&d=mm&r=g","contentUrl":"https:\/\/secure.gravatar.com\/avatar\/16c5dda1489adfc62618084dcbb91cffd879c374b13fe5dd8e44ed6733852c88?s=96&d=mm&r=g","caption":"Alejandro Gabriel Rosito"},"url":"https:\/\/autofans.com.ar\/index.php\/author\/gabrielr\/"}]}},"featured_image_urls":{"full":["https:\/\/autofans.com.ar\/wp-content\/uploads\/2026\/03\/maxus-1.jpg",1000,667,false],"thumbnail":["https:\/\/autofans.com.ar\/wp-content\/uploads\/2026\/03\/maxus-1-150x150.jpg",150,150,true],"medium":["https:\/\/autofans.com.ar\/wp-content\/uploads\/2026\/03\/maxus-1-300x200.jpg",300,200,true],"medium_large":["https:\/\/autofans.com.ar\/wp-content\/uploads\/2026\/03\/maxus-1-768x512.jpg",640,427,true],"large":["https:\/\/autofans.com.ar\/wp-content\/uploads\/2026\/03\/maxus-1.jpg",640,427,false],"1536x1536":["https:\/\/autofans.com.ar\/wp-content\/uploads\/2026\/03\/maxus-1.jpg",1000,667,false],"2048x2048":["https:\/\/autofans.com.ar\/wp-content\/uploads\/2026\/03\/maxus-1.jpg",1000,667,false],"covernews-featured":["https:\/\/autofans.com.ar\/wp-content\/uploads\/2026\/03\/maxus-1.jpg",1000,667,false],"covernews-medium":["https:\/\/autofans.com.ar\/wp-content\/uploads\/2026\/03\/maxus-1-540x340.jpg",540,340,true]},"author_info":{"display_name":"Alejandro Gabriel Rosito","author_link":"https:\/\/autofans.com.ar\/index.php\/author\/gabrielr\/"},"category_info":"<a href=\"https:\/\/autofans.com.ar\/index.php\/category\/noticias\/hibridos-y-electricos\/\" rel=\"category tag\">HIBRIDOS, ELECTRICOS y otros<\/a> <a href=\"https:\/\/autofans.com.ar\/index.php\/category\/lanzamientos\/\" rel=\"category tag\">LANZAMIENTOS<\/a>","tag_info":"LANZAMIENTOS","comment_count":0,"_links":{"self":[{"href":"https:\/\/autofans.com.ar\/index.php\/wp-json\/wp\/v2\/posts\/16461","targetHints":{"allow":["GET"]}}],"collection":[{"href":"https:\/\/autofans.com.ar\/index.php\/wp-json\/wp\/v2\/posts"}],"about":[{"href":"https:\/\/autofans.com.ar\/index.php\/wp-json\/wp\/v2\/types\/post"}],"author":[{"embeddable":true,"href":"https:\/\/autofans.com.ar\/index.php\/wp-json\/wp\/v2\/users\/2"}],"replies":[{"embeddable":true,"href":"https:\/\/autofans.com.ar\/index.php\/wp-json\/wp\/v2\/comments?post=16461"}],"version-history":[{"count":2,"href":"https:\/\/autofans.com.ar\/index.php\/wp-json\/wp\/v2\/posts\/16461\/revisions"}],"predecessor-version":[{"id":16468,"href":"https:\/\/autofans.com.ar\/index.php\/wp-json\/wp\/v2\/posts\/16461\/revisions\/16468"}],"wp:featuredmedia":[{"embeddable":true,"href":"https:\/\/autofans.com.ar\/index.php\/wp-json\/wp\/v2\/media\/16466"}],"wp:attachment":[{"href":"https:\/\/autofans.com.ar\/index.php\/wp-json\/wp\/v2\/media?parent=16461"}],"wp:term":[{"taxonomy":"category","embeddable":true,"href":"https:\/\/autofans.com.ar\/index.php\/wp-json\/wp\/v2\/categories?post=16461"},{"taxonomy":"post_tag","embeddable":true,"href":"https:\/\/autofans.com.ar\/index.php\/wp-json\/wp\/v2\/tags?post=16461"}],"curies":[{"name":"wp","href":"https:\/\/api.w.org\/{rel}","templated":true}]}}