{"id":1651,"date":"2023-04-18T11:41:13","date_gmt":"2023-04-18T14:41:13","guid":{"rendered":"https:\/\/autofans.com.ar\/?p=1651"},"modified":"2023-04-18T11:41:13","modified_gmt":"2023-04-18T14:41:13","slug":"el-exitoso-suv-citroen-c4-cactus-se-renueva-con-la-version-feel-para-el-2023","status":"publish","type":"post","link":"https:\/\/autofans.com.ar\/index.php\/2023\/04\/18\/el-exitoso-suv-citroen-c4-cactus-se-renueva-con-la-version-feel-para-el-2023\/","title":{"rendered":"El exitoso SUV Citro\u00ebn C4 Cactus se renueva con la versi\u00f3n FEEL para el 2023"},"content":{"rendered":"<p>El SUV Citro\u00ebn C4 Cactus MY23 ha cerrado el 2022 como l\u00edder indiscutido del segmento B-SUV en nuestro pa\u00eds, con m\u00e1s del 17% de participaci\u00f3n de mercado. Ahora, inicia su renovaci\u00f3n con la versi\u00f3n FEEL, que presenta una serie de novedades que lo hacen a\u00fan m\u00e1s conectado, actualizado, confortable y alineado con las exigencias de sus clientes.<\/p>\n<p>&nbsp;<\/p>\n<p><img fetchpriority=\"high\" decoding=\"async\" class=\"aligncenter wp-image-1660 size-full\" src=\"https:\/\/autofans.com.ar\/wp-content\/uploads\/2023\/04\/foto-3-22-jpg.webp\" alt=\"suv c4\" width=\"1000\" height=\"667\" srcset=\"https:\/\/autofans.com.ar\/wp-content\/uploads\/2023\/04\/foto-3-22-jpg.webp 1000w, https:\/\/autofans.com.ar\/wp-content\/uploads\/2023\/04\/foto-3-22-300x200.webp 300w, https:\/\/autofans.com.ar\/wp-content\/uploads\/2023\/04\/foto-3-22-768x512.webp 768w\" sizes=\"(max-width: 1000px) 100vw, 1000px\" \/><\/p>\n<p>&nbsp;<\/p>\n<p>Una de las novedades m\u00e1s destacadas del nuevo C4 Cactus MY23 es su exterior. Con un estilo atemporal y moderno, este SUV cuenta con un nuevo dise\u00f1o de llantas de 16 pulgadas, disponibles en dos terminaciones: diamantadas o negro \u00abOnyx\u00bb, dependiendo del color de la carrocer\u00eda. Adem\u00e1s, se incorporan elementos Orange Pearl alrededor de los faros antiniebla, en los Airbump\u00ae laterales, en los adhesivos de la columna C y en la insignia identificatoria ubicada en el port\u00f3n trasero. Asimismo, se agrega el nuevo color \u00abGris Artense\u00bb a la paleta de colores originales de la carrocer\u00eda, brindando m\u00e1s opciones de personalizaci\u00f3n a los clientes.<\/p>\n<p>&nbsp;<\/p>\n<div id='gallery-1' class='gallery galleryid-1651 gallery-columns-2 gallery-size-large'><figure class='gallery-item'>\n\t\t\t<div class='gallery-icon landscape'>\n\t\t\t\t<a href='https:\/\/autofans.com.ar\/index.php\/2023\/04\/18\/el-exitoso-suv-citroen-c4-cactus-se-renueva-con-la-version-feel-para-el-2023\/foto-6-19\/'><img loading=\"lazy\" width=\"640\" height=\"427\" src=\"https:\/\/autofans.com.ar\/wp-content\/uploads\/2023\/04\/foto-6-9-jpg.webp\" class=\"attachment-large size-large\" alt=\"suv c4\" srcset=\"https:\/\/autofans.com.ar\/wp-content\/uploads\/2023\/04\/foto-6-9-jpg.webp 1000w, https:\/\/autofans.com.ar\/wp-content\/uploads\/2023\/04\/foto-6-9-300x200.webp 300w, https:\/\/autofans.com.ar\/wp-content\/uploads\/2023\/04\/foto-6-9-768x512.webp 768w\" sizes=\"auto, (max-width: 640px) 100vw, 640px\" loading=\"lazy\" decoding=\"async\" \/><\/a>\n\t\t\t<\/div><\/figure><figure class='gallery-item'>\n\t\t\t<div class='gallery-icon landscape'>\n\t\t\t\t<a href='https:\/\/autofans.com.ar\/index.php\/2023\/04\/18\/el-exitoso-suv-citroen-c4-cactus-se-renueva-con-la-version-feel-para-el-2023\/foto-7-13\/'><img loading=\"lazy\" width=\"640\" height=\"427\" src=\"https:\/\/autofans.com.ar\/wp-content\/uploads\/2023\/04\/foto-7-6-jpg.webp\" class=\"attachment-large size-large\" alt=\"suv c4\" srcset=\"https:\/\/autofans.com.ar\/wp-content\/uploads\/2023\/04\/foto-7-6-jpg.webp 1000w, https:\/\/autofans.com.ar\/wp-content\/uploads\/2023\/04\/foto-7-6-300x200.webp 300w, https:\/\/autofans.com.ar\/wp-content\/uploads\/2023\/04\/foto-7-6-768x512.webp 768w\" sizes=\"auto, (max-width: 640px) 100vw, 640px\" loading=\"lazy\" decoding=\"async\" \/><\/a>\n\t\t\t<\/div><\/figure>\n\t\t<\/div>\n\n<p>En el interior, el C4 Cactus FEEL tambi\u00e9n presenta novedades. Los tapizados de los asientos reciben un nuevo dise\u00f1o y nuevas telas, y se incorpora una nueva personalizaci\u00f3n en los paneles de puertas delanteras color \u00abNegro Onyx\u00bb. Adem\u00e1s, la dotaci\u00f3n de confort se completa con la incorporaci\u00f3n del control de velocidad crucero, c\u00e1mara de retroceso y una nueva consola central con apoyabrazos ajustable y deslizante, que brinda mayor comodidad a los ocupantes sin importar su altura o posici\u00f3n en los asientos. Tambi\u00e9n se suman dos nuevos puertos USB: uno frente al nuevo compartimiento de almacenamiento entre los asientos delanteros y otro frente a la segunda fila, cerca de un exclusivo organizador de cables para mantener el orden mientras los pasajeros traseros tienen sus dispositivos conectados.<\/p>\n<h3>Cactus MY23 una gran seguridad<\/h3>\n<p>En cuanto al el Nuevo SUV C4 Cactus FEEL cuenta con un completo paquete de seguridad que incluye 4 airbags (2 frontales y 2 laterales en las plazas delanteras), control de estabilidad (ESP) y tracci\u00f3n (TC), ayuda al arranque en pendiente, frenos ABS con distribuci\u00f3n electr\u00f3nica de frenado, anclajes ISOFIX en las plazas traseras, apoyacabezas regulables y cinturones inerciales de 3 puntos para todos sus ocupantes.<\/p>\n<p>&nbsp;<\/p>\n<p><img decoding=\"async\" class=\"aligncenter wp-image-1659 size-full\" src=\"https:\/\/autofans.com.ar\/wp-content\/uploads\/2023\/04\/foto-2-24-jpg.webp\" alt=\"suv c4\" width=\"1000\" height=\"667\" srcset=\"https:\/\/autofans.com.ar\/wp-content\/uploads\/2023\/04\/foto-2-24-jpg.webp 1000w, https:\/\/autofans.com.ar\/wp-content\/uploads\/2023\/04\/foto-2-24-300x200.webp 300w, https:\/\/autofans.com.ar\/wp-content\/uploads\/2023\/04\/foto-2-24-768x512.webp 768w\" sizes=\"(max-width: 1000px) 100vw, 1000px\" \/><\/p>\n<p>&nbsp;<\/p>\n<p>Con todas estas novedades, el Nuevo <a href=\"https:\/\/www.citroen.com.ar\/citroen-argentina\/vehiculos\/particulares\/c4-cactus.html\" target=\"_blank\" rel=\"noopener\">CITRO\u00cbN C4 CACTUS MY23<\/a> FEEL se posiciona como una opci\u00f3n atractiva y completa en el segmento de los B-SUV, ofreciendo dise\u00f1o, confort y seguridad a sus usuarios. El Nuevo Citro\u00ebn C4 Cactus MY23 se comercializar\u00e1 inicialmente a trav\u00e9s del canal Plan de Ahorro, y en los pr\u00f3ximos meses se sumar\u00e1n renovaciones para toda la gama de este exitoso SUV en nuestro pa\u00eds.<\/p>\n<p><i>Para enterarte de m\u00e1s novedades, no dejes de leer\u00a0<\/i><a href=\"https:\/\/autofans.thebrandsoup.com\/\"><i>nuestras notas<\/i><\/a><i>, de ver<\/i><b><i>\u00a0<\/i><\/b><a href=\"https:\/\/www.youtube.com\/channel\/UCgAC8UGHZYbT6P7PpmVnP7g\"><b><i>AUTOFANS TV<\/i><\/b><\/a><b><i>\u00a0<\/i><\/b><i>en nuestro\u00a0canal de Youtube. Adem\u00e1s seguinos en\u00a0<\/i><a href=\"https:\/\/www.instagram.com\/autofanstv\/\"><i>INSTAGRAM<\/i><\/a><i> y <\/i><a href=\"https:\/\/www.facebook.com\/autofansmas\/\"><i>FACEBOOK<\/i><\/a><i> para no perderte nada sobre las novedades del segmento automotor de Argentina y el mundo. <\/i><\/p>\n","protected":false},"excerpt":{"rendered":"<p>El SUV Citro\u00ebn C4 Cactus MY23 ha cerrado el 2022 como l\u00edder indiscutido del segmento&#8230;<\/p>\n","protected":false},"author":2,"featured_media":1652,"comment_status":"closed","ping_status":"closed","sticky":false,"template":"","format":"standard","meta":{"footnotes":""},"categories":[8,1],"tags":[747,207,39,744,746,369,40,745],"class_list":["post-1651","post","type-post","status-publish","format-standard","has-post-thumbnail","hentry","category-autos-y-suv","category-lanzamientos","tag-b-suv","tag-citroen-argentina","tag-citroen-c4","tag-citroen-c4-cactus","tag-equipamientos","tag-seguridad","tag-suv","tag-version-feel"],"yoast_head":"<!-- This site is optimized with the Yoast SEO plugin v27.5 - https:\/\/yoast.com\/product\/yoast-seo-wordpress\/ -->\n<title>El exitoso SUV Citro\u00ebn C4 Cactus se renueva con la versi\u00f3n FEEL para el 2023 -<\/title>\n<meta name=\"description\" content=\"El SUV Citro\u00ebn C4 Cactus MY23 ha cerrado el 2022 como l\u00edder indiscutido del segmento B-SUV en nuestro pa\u00eds, m\u00e1s conectado y actualizado...\" \/>\n<meta name=\"robots\" content=\"index, follow, max-snippet:-1, max-image-preview:large, max-video-preview:-1\" \/>\n<link rel=\"canonical\" href=\"https:\/\/autofans.com.ar\/index.php\/2023\/04\/18\/el-exitoso-suv-citroen-c4-cactus-se-renueva-con-la-version-feel-para-el-2023\/\" \/>\n<meta property=\"og:locale\" content=\"es_ES\" \/>\n<meta property=\"og:type\" content=\"article\" \/>\n<meta property=\"og:title\" content=\"El exitoso SUV Citro\u00ebn C4 Cactus se renueva con la versi\u00f3n FEEL para el 2023 -\" \/>\n<meta property=\"og:description\" content=\"El SUV Citro\u00ebn C4 Cactus MY23 ha cerrado el 2022 como l\u00edder indiscutido del segmento B-SUV en nuestro pa\u00eds, m\u00e1s conectado y actualizado...\" \/>\n<meta property=\"og:url\" content=\"https:\/\/autofans.com.ar\/index.php\/2023\/04\/18\/el-exitoso-suv-citroen-c4-cactus-se-renueva-con-la-version-feel-para-el-2023\/\" \/>\n<meta property=\"article:published_time\" content=\"2023-04-18T14:41:13+00:00\" \/>\n<meta property=\"og:image\" content=\"https:\/\/autofans.com.ar\/wp-content\/uploads\/2023\/04\/foto-1-25-jpg.webp\" \/>\n\t<meta property=\"og:image:width\" content=\"1000\" \/>\n\t<meta property=\"og:image:height\" content=\"667\" \/>\n\t<meta property=\"og:image:type\" content=\"image\/jpeg\" \/>\n<meta name=\"author\" content=\"Alejandro Gabriel Rosito\" \/>\n<meta name=\"twitter:card\" content=\"summary_large_image\" \/>\n<meta name=\"twitter:label1\" content=\"Escrito por\" \/>\n\t<meta name=\"twitter:data1\" content=\"Alejandro Gabriel Rosito\" \/>\n\t<meta name=\"twitter:label2\" content=\"Tiempo de lectura\" \/>\n\t<meta name=\"twitter:data2\" content=\"3 minutos\" \/>\n<script type=\"application\/ld+json\" class=\"yoast-schema-graph\">{\"@context\":\"https:\\\/\\\/schema.org\",\"@graph\":[{\"@type\":\"Article\",\"@id\":\"https:\\\/\\\/autofans.com.ar\\\/index.php\\\/2023\\\/04\\\/18\\\/el-exitoso-suv-citroen-c4-cactus-se-renueva-con-la-version-feel-para-el-2023\\\/#article\",\"isPartOf\":{\"@id\":\"https:\\\/\\\/autofans.com.ar\\\/index.php\\\/2023\\\/04\\\/18\\\/el-exitoso-suv-citroen-c4-cactus-se-renueva-con-la-version-feel-para-el-2023\\\/\"},\"author\":{\"name\":\"Alejandro Gabriel Rosito\",\"@id\":\"https:\\\/\\\/autofans.com.ar\\\/#\\\/schema\\\/person\\\/4a8dda0b6df83ac3d6723e921274c2aa\"},\"headline\":\"El exitoso SUV Citro\u00ebn C4 Cactus se renueva con la versi\u00f3n FEEL para el 2023\",\"datePublished\":\"2023-04-18T14:41:13+00:00\",\"mainEntityOfPage\":{\"@id\":\"https:\\\/\\\/autofans.com.ar\\\/index.php\\\/2023\\\/04\\\/18\\\/el-exitoso-suv-citroen-c4-cactus-se-renueva-con-la-version-feel-para-el-2023\\\/\"},\"wordCount\":523,\"image\":{\"@id\":\"https:\\\/\\\/autofans.com.ar\\\/index.php\\\/2023\\\/04\\\/18\\\/el-exitoso-suv-citroen-c4-cactus-se-renueva-con-la-version-feel-para-el-2023\\\/#primaryimage\"},\"thumbnailUrl\":\"https:\\\/\\\/autofans.com.ar\\\/wp-content\\\/uploads\\\/2023\\\/04\\\/foto-1-25-jpg.webp\",\"keywords\":[\"B-SUV\",\"Citroen Argentina\",\"Citroen C4\",\"Citro\u00ebn C4 Cactus\",\"equipamientos\",\"seguridad\",\"SUV\",\"versi\u00f3n FEEL\"],\"articleSection\":[\"Autos y SUV\",\"LANZAMIENTOS\"],\"inLanguage\":\"es\"},{\"@type\":\"WebPage\",\"@id\":\"https:\\\/\\\/autofans.com.ar\\\/index.php\\\/2023\\\/04\\\/18\\\/el-exitoso-suv-citroen-c4-cactus-se-renueva-con-la-version-feel-para-el-2023\\\/\",\"url\":\"https:\\\/\\\/autofans.com.ar\\\/index.php\\\/2023\\\/04\\\/18\\\/el-exitoso-suv-citroen-c4-cactus-se-renueva-con-la-version-feel-para-el-2023\\\/\",\"name\":\"El exitoso SUV Citro\u00ebn C4 Cactus se renueva con la versi\u00f3n FEEL para el 2023 -\",\"isPartOf\":{\"@id\":\"https:\\\/\\\/autofans.com.ar\\\/#website\"},\"primaryImageOfPage\":{\"@id\":\"https:\\\/\\\/autofans.com.ar\\\/index.php\\\/2023\\\/04\\\/18\\\/el-exitoso-suv-citroen-c4-cactus-se-renueva-con-la-version-feel-para-el-2023\\\/#primaryimage\"},\"image\":{\"@id\":\"https:\\\/\\\/autofans.com.ar\\\/index.php\\\/2023\\\/04\\\/18\\\/el-exitoso-suv-citroen-c4-cactus-se-renueva-con-la-version-feel-para-el-2023\\\/#primaryimage\"},\"thumbnailUrl\":\"https:\\\/\\\/autofans.com.ar\\\/wp-content\\\/uploads\\\/2023\\\/04\\\/foto-1-25-jpg.webp\",\"datePublished\":\"2023-04-18T14:41:13+00:00\",\"author\":{\"@id\":\"https:\\\/\\\/autofans.com.ar\\\/#\\\/schema\\\/person\\\/4a8dda0b6df83ac3d6723e921274c2aa\"},\"description\":\"El SUV Citro\u00ebn C4 Cactus MY23 ha cerrado el 2022 como l\u00edder indiscutido del segmento B-SUV en nuestro pa\u00eds, m\u00e1s conectado y actualizado...\",\"breadcrumb\":{\"@id\":\"https:\\\/\\\/autofans.com.ar\\\/index.php\\\/2023\\\/04\\\/18\\\/el-exitoso-suv-citroen-c4-cactus-se-renueva-con-la-version-feel-para-el-2023\\\/#breadcrumb\"},\"inLanguage\":\"es\",\"potentialAction\":[{\"@type\":\"ReadAction\",\"target\":[\"https:\\\/\\\/autofans.com.ar\\\/index.php\\\/2023\\\/04\\\/18\\\/el-exitoso-suv-citroen-c4-cactus-se-renueva-con-la-version-feel-para-el-2023\\\/\"]}]},{\"@type\":\"ImageObject\",\"inLanguage\":\"es\",\"@id\":\"https:\\\/\\\/autofans.com.ar\\\/index.php\\\/2023\\\/04\\\/18\\\/el-exitoso-suv-citroen-c4-cactus-se-renueva-con-la-version-feel-para-el-2023\\\/#primaryimage\",\"url\":\"https:\\\/\\\/autofans.com.ar\\\/wp-content\\\/uploads\\\/2023\\\/04\\\/foto-1-25-jpg.webp\",\"contentUrl\":\"https:\\\/\\\/autofans.com.ar\\\/wp-content\\\/uploads\\\/2023\\\/04\\\/foto-1-25-jpg.webp\",\"width\":1000,\"height\":667,\"caption\":\"suv c4\"},{\"@type\":\"BreadcrumbList\",\"@id\":\"https:\\\/\\\/autofans.com.ar\\\/index.php\\\/2023\\\/04\\\/18\\\/el-exitoso-suv-citroen-c4-cactus-se-renueva-con-la-version-feel-para-el-2023\\\/#breadcrumb\",\"itemListElement\":[{\"@type\":\"ListItem\",\"position\":1,\"name\":\"Inicio\",\"item\":\"https:\\\/\\\/autofans.com.ar\\\/\"},{\"@type\":\"ListItem\",\"position\":2,\"name\":\"El exitoso SUV Citro\u00ebn C4 Cactus se renueva con la versi\u00f3n FEEL para el 2023\"}]},{\"@type\":\"WebSite\",\"@id\":\"https:\\\/\\\/autofans.com.ar\\\/#website\",\"url\":\"https:\\\/\\\/autofans.com.ar\\\/\",\"name\":\"\",\"description\":\"El multimedio referente de la industria automotriz\",\"potentialAction\":[{\"@type\":\"SearchAction\",\"target\":{\"@type\":\"EntryPoint\",\"urlTemplate\":\"https:\\\/\\\/autofans.com.ar\\\/?s={search_term_string}\"},\"query-input\":{\"@type\":\"PropertyValueSpecification\",\"valueRequired\":true,\"valueName\":\"search_term_string\"}}],\"inLanguage\":\"es\"},{\"@type\":\"Person\",\"@id\":\"https:\\\/\\\/autofans.com.ar\\\/#\\\/schema\\\/person\\\/4a8dda0b6df83ac3d6723e921274c2aa\",\"name\":\"Alejandro Gabriel Rosito\",\"image\":{\"@type\":\"ImageObject\",\"inLanguage\":\"es\",\"@id\":\"https:\\\/\\\/secure.gravatar.com\\\/avatar\\\/16c5dda1489adfc62618084dcbb91cffd879c374b13fe5dd8e44ed6733852c88?s=96&d=mm&r=g\",\"url\":\"https:\\\/\\\/secure.gravatar.com\\\/avatar\\\/16c5dda1489adfc62618084dcbb91cffd879c374b13fe5dd8e44ed6733852c88?s=96&d=mm&r=g\",\"contentUrl\":\"https:\\\/\\\/secure.gravatar.com\\\/avatar\\\/16c5dda1489adfc62618084dcbb91cffd879c374b13fe5dd8e44ed6733852c88?s=96&d=mm&r=g\",\"caption\":\"Alejandro Gabriel Rosito\"},\"url\":\"https:\\\/\\\/autofans.com.ar\\\/index.php\\\/author\\\/gabrielr\\\/\"}]}<\/script>\n<!-- \/ Yoast SEO plugin. -->","yoast_head_json":{"title":"El exitoso SUV Citro\u00ebn C4 Cactus se renueva con la versi\u00f3n FEEL para el 2023 -","description":"El SUV Citro\u00ebn C4 Cactus MY23 ha cerrado el 2022 como l\u00edder indiscutido del segmento B-SUV en nuestro pa\u00eds, m\u00e1s conectado y actualizado...","robots":{"index":"index","follow":"follow","max-snippet":"max-snippet:-1","max-image-preview":"max-image-preview:large","max-video-preview":"max-video-preview:-1"},"canonical":"https:\/\/autofans.com.ar\/index.php\/2023\/04\/18\/el-exitoso-suv-citroen-c4-cactus-se-renueva-con-la-version-feel-para-el-2023\/","og_locale":"es_ES","og_type":"article","og_title":"El exitoso SUV Citro\u00ebn C4 Cactus se renueva con la versi\u00f3n FEEL para el 2023 -","og_description":"El SUV Citro\u00ebn C4 Cactus MY23 ha cerrado el 2022 como l\u00edder indiscutido del segmento B-SUV en nuestro pa\u00eds, m\u00e1s conectado y actualizado...","og_url":"https:\/\/autofans.com.ar\/index.php\/2023\/04\/18\/el-exitoso-suv-citroen-c4-cactus-se-renueva-con-la-version-feel-para-el-2023\/","article_published_time":"2023-04-18T14:41:13+00:00","og_image":[{"width":1000,"height":667,"url":"https:\/\/autofans.com.ar\/wp-content\/uploads\/2023\/04\/foto-1-25-jpg.webp","type":"image\/jpeg"}],"author":"Alejandro Gabriel Rosito","twitter_card":"summary_large_image","twitter_misc":{"Escrito por":"Alejandro Gabriel Rosito","Tiempo de lectura":"3 minutos"},"schema":{"@context":"https:\/\/schema.org","@graph":[{"@type":"Article","@id":"https:\/\/autofans.com.ar\/index.php\/2023\/04\/18\/el-exitoso-suv-citroen-c4-cactus-se-renueva-con-la-version-feel-para-el-2023\/#article","isPartOf":{"@id":"https:\/\/autofans.com.ar\/index.php\/2023\/04\/18\/el-exitoso-suv-citroen-c4-cactus-se-renueva-con-la-version-feel-para-el-2023\/"},"author":{"name":"Alejandro Gabriel Rosito","@id":"https:\/\/autofans.com.ar\/#\/schema\/person\/4a8dda0b6df83ac3d6723e921274c2aa"},"headline":"El exitoso SUV Citro\u00ebn C4 Cactus se renueva con la versi\u00f3n FEEL para el 2023","datePublished":"2023-04-18T14:41:13+00:00","mainEntityOfPage":{"@id":"https:\/\/autofans.com.ar\/index.php\/2023\/04\/18\/el-exitoso-suv-citroen-c4-cactus-se-renueva-con-la-version-feel-para-el-2023\/"},"wordCount":523,"image":{"@id":"https:\/\/autofans.com.ar\/index.php\/2023\/04\/18\/el-exitoso-suv-citroen-c4-cactus-se-renueva-con-la-version-feel-para-el-2023\/#primaryimage"},"thumbnailUrl":"https:\/\/autofans.com.ar\/wp-content\/uploads\/2023\/04\/foto-1-25-jpg.webp","keywords":["B-SUV","Citroen Argentina","Citroen C4","Citro\u00ebn C4 Cactus","equipamientos","seguridad","SUV","versi\u00f3n FEEL"],"articleSection":["Autos y SUV","LANZAMIENTOS"],"inLanguage":"es"},{"@type":"WebPage","@id":"https:\/\/autofans.com.ar\/index.php\/2023\/04\/18\/el-exitoso-suv-citroen-c4-cactus-se-renueva-con-la-version-feel-para-el-2023\/","url":"https:\/\/autofans.com.ar\/index.php\/2023\/04\/18\/el-exitoso-suv-citroen-c4-cactus-se-renueva-con-la-version-feel-para-el-2023\/","name":"El exitoso SUV Citro\u00ebn C4 Cactus se renueva con la versi\u00f3n FEEL para el 2023 -","isPartOf":{"@id":"https:\/\/autofans.com.ar\/#website"},"primaryImageOfPage":{"@id":"https:\/\/autofans.com.ar\/index.php\/2023\/04\/18\/el-exitoso-suv-citroen-c4-cactus-se-renueva-con-la-version-feel-para-el-2023\/#primaryimage"},"image":{"@id":"https:\/\/autofans.com.ar\/index.php\/2023\/04\/18\/el-exitoso-suv-citroen-c4-cactus-se-renueva-con-la-version-feel-para-el-2023\/#primaryimage"},"thumbnailUrl":"https:\/\/autofans.com.ar\/wp-content\/uploads\/2023\/04\/foto-1-25-jpg.webp","datePublished":"2023-04-18T14:41:13+00:00","author":{"@id":"https:\/\/autofans.com.ar\/#\/schema\/person\/4a8dda0b6df83ac3d6723e921274c2aa"},"description":"El SUV Citro\u00ebn C4 Cactus MY23 ha cerrado el 2022 como l\u00edder indiscutido del segmento B-SUV en nuestro pa\u00eds, m\u00e1s conectado y actualizado...","breadcrumb":{"@id":"https:\/\/autofans.com.ar\/index.php\/2023\/04\/18\/el-exitoso-suv-citroen-c4-cactus-se-renueva-con-la-version-feel-para-el-2023\/#breadcrumb"},"inLanguage":"es","potentialAction":[{"@type":"ReadAction","target":["https:\/\/autofans.com.ar\/index.php\/2023\/04\/18\/el-exitoso-suv-citroen-c4-cactus-se-renueva-con-la-version-feel-para-el-2023\/"]}]},{"@type":"ImageObject","inLanguage":"es","@id":"https:\/\/autofans.com.ar\/index.php\/2023\/04\/18\/el-exitoso-suv-citroen-c4-cactus-se-renueva-con-la-version-feel-para-el-2023\/#primaryimage","url":"https:\/\/autofans.com.ar\/wp-content\/uploads\/2023\/04\/foto-1-25-jpg.webp","contentUrl":"https:\/\/autofans.com.ar\/wp-content\/uploads\/2023\/04\/foto-1-25-jpg.webp","width":1000,"height":667,"caption":"suv c4"},{"@type":"BreadcrumbList","@id":"https:\/\/autofans.com.ar\/index.php\/2023\/04\/18\/el-exitoso-suv-citroen-c4-cactus-se-renueva-con-la-version-feel-para-el-2023\/#breadcrumb","itemListElement":[{"@type":"ListItem","position":1,"name":"Inicio","item":"https:\/\/autofans.com.ar\/"},{"@type":"ListItem","position":2,"name":"El exitoso SUV Citro\u00ebn C4 Cactus se renueva con la versi\u00f3n FEEL para el 2023"}]},{"@type":"WebSite","@id":"https:\/\/autofans.com.ar\/#website","url":"https:\/\/autofans.com.ar\/","name":"","description":"El multimedio referente de la industria automotriz","potentialAction":[{"@type":"SearchAction","target":{"@type":"EntryPoint","urlTemplate":"https:\/\/autofans.com.ar\/?s={search_term_string}"},"query-input":{"@type":"PropertyValueSpecification","valueRequired":true,"valueName":"search_term_string"}}],"inLanguage":"es"},{"@type":"Person","@id":"https:\/\/autofans.com.ar\/#\/schema\/person\/4a8dda0b6df83ac3d6723e921274c2aa","name":"Alejandro Gabriel Rosito","image":{"@type":"ImageObject","inLanguage":"es","@id":"https:\/\/secure.gravatar.com\/avatar\/16c5dda1489adfc62618084dcbb91cffd879c374b13fe5dd8e44ed6733852c88?s=96&d=mm&r=g","url":"https:\/\/secure.gravatar.com\/avatar\/16c5dda1489adfc62618084dcbb91cffd879c374b13fe5dd8e44ed6733852c88?s=96&d=mm&r=g","contentUrl":"https:\/\/secure.gravatar.com\/avatar\/16c5dda1489adfc62618084dcbb91cffd879c374b13fe5dd8e44ed6733852c88?s=96&d=mm&r=g","caption":"Alejandro Gabriel Rosito"},"url":"https:\/\/autofans.com.ar\/index.php\/author\/gabrielr\/"}]}},"featured_image_urls":{"full":["https:\/\/autofans.com.ar\/wp-content\/uploads\/2023\/04\/foto-1-25-jpg.webp",1000,667,false],"thumbnail":["https:\/\/autofans.com.ar\/wp-content\/uploads\/2023\/04\/foto-1-25-150x150.webp",150,150,true],"medium":["https:\/\/autofans.com.ar\/wp-content\/uploads\/2023\/04\/foto-1-25-300x200.webp",300,200,true],"medium_large":["https:\/\/autofans.com.ar\/wp-content\/uploads\/2023\/04\/foto-1-25-768x512.webp",640,427,true],"large":["https:\/\/autofans.com.ar\/wp-content\/uploads\/2023\/04\/foto-1-25-jpg.webp",640,427,false],"1536x1536":["https:\/\/autofans.com.ar\/wp-content\/uploads\/2023\/04\/foto-1-25-jpg.webp",1000,667,false],"2048x2048":["https:\/\/autofans.com.ar\/wp-content\/uploads\/2023\/04\/foto-1-25-jpg.webp",1000,667,false],"covernews-featured":["https:\/\/autofans.com.ar\/wp-content\/uploads\/2023\/04\/foto-1-25-jpg.webp",1000,667,false],"covernews-medium":["https:\/\/autofans.com.ar\/wp-content\/uploads\/2023\/04\/foto-1-25-540x340.webp",540,340,true]},"author_info":{"display_name":"Alejandro Gabriel Rosito","author_link":"https:\/\/autofans.com.ar\/index.php\/author\/gabrielr\/"},"category_info":"<a href=\"https:\/\/autofans.com.ar\/index.php\/category\/lanzamientos\/autos-y-suv\/\" rel=\"category tag\">Autos y SUV<\/a> <a href=\"https:\/\/autofans.com.ar\/index.php\/category\/lanzamientos\/\" rel=\"category tag\">LANZAMIENTOS<\/a>","tag_info":"LANZAMIENTOS","comment_count":0,"_links":{"self":[{"href":"https:\/\/autofans.com.ar\/index.php\/wp-json\/wp\/v2\/posts\/1651","targetHints":{"allow":["GET"]}}],"collection":[{"href":"https:\/\/autofans.com.ar\/index.php\/wp-json\/wp\/v2\/posts"}],"about":[{"href":"https:\/\/autofans.com.ar\/index.php\/wp-json\/wp\/v2\/types\/post"}],"author":[{"embeddable":true,"href":"https:\/\/autofans.com.ar\/index.php\/wp-json\/wp\/v2\/users\/2"}],"replies":[{"embeddable":true,"href":"https:\/\/autofans.com.ar\/index.php\/wp-json\/wp\/v2\/comments?post=1651"}],"version-history":[{"count":4,"href":"https:\/\/autofans.com.ar\/index.php\/wp-json\/wp\/v2\/posts\/1651\/revisions"}],"predecessor-version":[{"id":1662,"href":"https:\/\/autofans.com.ar\/index.php\/wp-json\/wp\/v2\/posts\/1651\/revisions\/1662"}],"wp:featuredmedia":[{"embeddable":true,"href":"https:\/\/autofans.com.ar\/index.php\/wp-json\/wp\/v2\/media\/1652"}],"wp:attachment":[{"href":"https:\/\/autofans.com.ar\/index.php\/wp-json\/wp\/v2\/media?parent=1651"}],"wp:term":[{"taxonomy":"category","embeddable":true,"href":"https:\/\/autofans.com.ar\/index.php\/wp-json\/wp\/v2\/categories?post=1651"},{"taxonomy":"post_tag","embeddable":true,"href":"https:\/\/autofans.com.ar\/index.php\/wp-json\/wp\/v2\/tags?post=1651"}],"curies":[{"name":"wp","href":"https:\/\/api.w.org\/{rel}","templated":true}]}}