{"id":1663,"date":"2023-04-18T14:44:55","date_gmt":"2023-04-18T17:44:55","guid":{"rendered":"https:\/\/autofans.com.ar\/?p=1663"},"modified":"2023-04-18T14:44:55","modified_gmt":"2023-04-18T17:44:55","slug":"tango-motorsports-argentina-y-vicar-brasil-alianza-para-el-stock-car-y-tc2000","status":"publish","type":"post","link":"https:\/\/autofans.com.ar\/index.php\/2023\/04\/18\/tango-motorsports-argentina-y-vicar-brasil-alianza-para-el-stock-car-y-tc2000\/","title":{"rendered":"Tango Motorsports Argentina y Vicar Brasil, alianza para el Stock Car y TC2000"},"content":{"rendered":"<p>Tango Motorsports Argentina y Vicar Brasil sellaron un acuerdo que incluye la realizaci\u00f3n de competencias del Stock Car en Buenos Aires y del TC2000 en Brasil. La primera carrera se llevar\u00e1 a cabo el 8 de octubre en el marco de los \u00ab200 Km de Buenos Aires\u00bb, mientras que la segunda ser\u00e1 en 2024 en el circuito de Interlagos. La Comisi\u00f3n Deportiva del Autom\u00f3vil Club Argentino celebra esta iniciativa que promueve la colaboraci\u00f3n entre ambas empresas y fortalece el automovilismo deportivo en la regi\u00f3n.<\/p>\n<p>&nbsp;<\/p>\n<p><img fetchpriority=\"high\" decoding=\"async\" class=\"aligncenter wp-image-1669 size-full\" src=\"https:\/\/autofans.com.ar\/wp-content\/uploads\/2023\/04\/foto-4-18-jpg.webp\" alt=\"aca\" width=\"1000\" height=\"667\" srcset=\"https:\/\/autofans.com.ar\/wp-content\/uploads\/2023\/04\/foto-4-18-jpg.webp 1000w, https:\/\/autofans.com.ar\/wp-content\/uploads\/2023\/04\/foto-4-18-300x200.webp 300w, https:\/\/autofans.com.ar\/wp-content\/uploads\/2023\/04\/foto-4-18-768x512.webp 768w\" sizes=\"(max-width: 1000px) 100vw, 1000px\" \/><\/p>\n<p>&nbsp;<\/p>\n<h3>ACUERDO STOCK CAR Y TC2000<\/h3>\n<p>La Comisi\u00f3n Deportiva del Autom\u00f3vil Club Argentino (ACA) ha sido testigo de un importante acuerdo en el mundo del automovilismo deportivo. Tango Motorsports Argentina y Vicar Brasil, dos empresas propietarias de diversas categor\u00edas, han sellado una alianza estrat\u00e9gica que promete impulsar la realizaci\u00f3n de competencias del Stock Car en Argentina y del TC2000 en Brasil. Este acuerdo fue anunciado en una presentaci\u00f3n llevada a cabo en la sede central del ACA, la cual ha sido recientemente renovada para ofrecer un espacio adecuado para conferencias de prensa y presentaciones relacionadas con el automovilismo deportivo. En representaci\u00f3n de la CDA (Comisi\u00f3n Deportiva del ACA) estuvieron presentes el Ing. Carlos Garc\u00eda Remoh\u00ed, Presidente de la CDA, y el Sr. Jorge Revello, Vicepresidente 2\u00b0 del ACA.<\/p>\n<p>&nbsp;<\/p>\n<div id='gallery-1' class='gallery galleryid-1663 gallery-columns-2 gallery-size-large'><figure class='gallery-item'>\n\t\t\t<div class='gallery-icon landscape'>\n\t\t\t\t<a href='https:\/\/autofans.com.ar\/index.php\/2023\/04\/18\/tango-motorsports-argentina-y-vicar-brasil-alianza-para-el-stock-car-y-tc2000\/foto-2-40\/'><img loading=\"lazy\" width=\"640\" height=\"427\" src=\"https:\/\/autofans.com.ar\/wp-content\/uploads\/2023\/04\/foto-2-25-jpg.webp\" class=\"attachment-large size-large\" alt=\"aca\" aria-describedby=\"gallery-1-1666\" srcset=\"https:\/\/autofans.com.ar\/wp-content\/uploads\/2023\/04\/foto-2-25-jpg.webp 1000w, https:\/\/autofans.com.ar\/wp-content\/uploads\/2023\/04\/foto-2-25-300x200.webp 300w, https:\/\/autofans.com.ar\/wp-content\/uploads\/2023\/04\/foto-2-25-768x512.webp 768w\" sizes=\"auto, (max-width: 640px) 100vw, 640px\" loading=\"lazy\" decoding=\"async\" \/><\/a>\n\t\t\t<\/div>\n\t\t\t\t<figcaption class='wp-caption-text gallery-caption' id='gallery-1-1666'>\n\t\t\t\tTC2000 en Brasil\n\t\t\t\t<\/figcaption><\/figure><figure class='gallery-item'>\n\t\t\t<div class='gallery-icon landscape'>\n\t\t\t\t<a href='https:\/\/autofans.com.ar\/index.php\/2023\/04\/18\/tango-motorsports-argentina-y-vicar-brasil-alianza-para-el-stock-car-y-tc2000\/foto-1-40\/'><img loading=\"lazy\" width=\"640\" height=\"427\" src=\"https:\/\/autofans.com.ar\/wp-content\/uploads\/2023\/04\/foto-1-26-jpg.webp\" class=\"attachment-large size-large\" alt=\"aca\" aria-describedby=\"gallery-1-1667\" srcset=\"https:\/\/autofans.com.ar\/wp-content\/uploads\/2023\/04\/foto-1-26-jpg.webp 1000w, https:\/\/autofans.com.ar\/wp-content\/uploads\/2023\/04\/foto-1-26-300x200.webp 300w, https:\/\/autofans.com.ar\/wp-content\/uploads\/2023\/04\/foto-1-26-768x512.webp 768w\" sizes=\"auto, (max-width: 640px) 100vw, 640px\" loading=\"lazy\" decoding=\"async\" \/><\/a>\n\t\t\t<\/div>\n\t\t\t\t<figcaption class='wp-caption-text gallery-caption' id='gallery-1-1667'>\n\t\t\t\tStock Car en Bs. As.\n\t\t\t\t<\/figcaption><\/figure>\n\t\t<\/div>\n\n<p>&nbsp;<\/p>\n<h3>CURSO DE COMISARIOS DEPORTIVOS Y T\u00c9CNICOS<\/h3>\n<p>En el marco de esta noticia, la CDA\/FIA\/ACA llev\u00f3 a cabo un curso de capacitaci\u00f3n para Comisarios Deportivos y T\u00e9cnicos en su sede central. Con el objetivo de alinear y actualizar los conocimientos a nivel nacional, de acuerdo a los est\u00e1ndares vigentes de la actividad. Esta iniciativa forma parte de la renovaci\u00f3n y actualizaci\u00f3n que la Mesa Directiva de la CDA\/FIA\/ACA ha impulsado para fortalecer el automovilismo deportivo en el pa\u00eds.<\/p>\n<p>Para finalizar el Ing. Carlos Garc\u00eda Remoh\u00ed resalt\u00f3 que esta iniciativa est\u00e1 en l\u00ednea con los objetivos de promover un automovilismo nacional con sentido federal, fortaleciendo as\u00ed el deporte motor en Argentina.<\/p>\n<p>&nbsp;<\/p>\n<p><i>Para enterarte de m\u00e1s novedades, no dejes de leer\u00a0<\/i><a href=\"https:\/\/autofans.thebrandsoup.com\/\"><i>nuestras notas<\/i><\/a><i>, de ver<\/i><b><i>\u00a0<\/i><\/b><a href=\"https:\/\/www.youtube.com\/channel\/UCgAC8UGHZYbT6P7PpmVnP7g\"><b><i>AUTOFANS TV<\/i><\/b><\/a><b><i>\u00a0<\/i><\/b><i>en nuestro\u00a0canal de Youtube. Adem\u00e1s seguinos en\u00a0<\/i><a href=\"https:\/\/www.instagram.com\/autofanstv\/\"><i>INSTAGRAM<\/i><\/a><i> y <\/i><a href=\"https:\/\/www.facebook.com\/autofansmas\/\"><i>FACEBOOK<\/i><\/a><i> para no perderte nada sobre las novedades del segmento automotor de Argentina y el mundo. <\/i><\/p>\n","protected":false},"excerpt":{"rendered":"<p>Tango Motorsports Argentina y Vicar Brasil sellaron un acuerdo que incluye la realizaci\u00f3n de competencias&#8230;<\/p>\n","protected":false},"author":2,"featured_media":1665,"comment_status":"closed","ping_status":"closed","sticky":false,"template":"","format":"standard","meta":{"footnotes":""},"categories":[292,16],"tags":[755,748,757,753,759,760,756,763,754,761,758,762,749,751,750,752],"class_list":["post-1663","post","type-post","status-publish","format-standard","has-post-thumbnail","hentry","category-empresas","category-noticias","tag-aca","tag-automovilismo-deportivo","tag-capacitacion","tag-comisarios-deportivos","tag-competencias","tag-conferencias","tag-conferencias-de-prensa","tag-cursos-de-capacitacion","tag-federaciones-regionales","tag-personalidades","tag-presentaciones","tag-reuniones","tag-stock-car","tag-tango-motorsports-argentina","tag-tc2000","tag-vicar-brasil"],"yoast_head":"<!-- This site is optimized with the Yoast SEO plugin v27.5 - https:\/\/yoast.com\/product\/yoast-seo-wordpress\/ -->\n<title>Tango Motorsports Argentina y Vicar Brasil, alianza para el Stock Car y TC2000 -<\/title>\n<meta name=\"description\" content=\"Tango Motorsports Argentina y Vicar Brasil sellaron un acuerdo para la realizaci\u00f3n de competencias del Stock Car en Bs As y del TC2000 Brasil\" \/>\n<meta name=\"robots\" content=\"index, follow, max-snippet:-1, max-image-preview:large, max-video-preview:-1\" \/>\n<link rel=\"canonical\" href=\"https:\/\/autofans.com.ar\/index.php\/2023\/04\/18\/tango-motorsports-argentina-y-vicar-brasil-alianza-para-el-stock-car-y-tc2000\/\" \/>\n<meta property=\"og:locale\" content=\"es_ES\" \/>\n<meta property=\"og:type\" content=\"article\" \/>\n<meta property=\"og:title\" content=\"Tango Motorsports Argentina y Vicar Brasil, alianza para el Stock Car y TC2000 -\" \/>\n<meta property=\"og:description\" content=\"Tango Motorsports Argentina y Vicar Brasil sellaron un acuerdo para la realizaci\u00f3n de competencias del Stock Car en Bs As y del TC2000 Brasil\" \/>\n<meta property=\"og:url\" content=\"https:\/\/autofans.com.ar\/index.php\/2023\/04\/18\/tango-motorsports-argentina-y-vicar-brasil-alianza-para-el-stock-car-y-tc2000\/\" \/>\n<meta property=\"article:published_time\" content=\"2023-04-18T17:44:55+00:00\" \/>\n<meta property=\"og:image\" content=\"https:\/\/autofans.com.ar\/wp-content\/uploads\/2023\/04\/foto-3-23-jpg.webp\" \/>\n\t<meta property=\"og:image:width\" content=\"1000\" \/>\n\t<meta property=\"og:image:height\" content=\"667\" \/>\n\t<meta property=\"og:image:type\" content=\"image\/jpeg\" \/>\n<meta name=\"author\" content=\"Alejandro Gabriel Rosito\" \/>\n<meta name=\"twitter:card\" content=\"summary_large_image\" \/>\n<meta name=\"twitter:label1\" content=\"Escrito por\" \/>\n\t<meta name=\"twitter:data1\" content=\"Alejandro Gabriel Rosito\" \/>\n\t<meta name=\"twitter:label2\" content=\"Tiempo de lectura\" \/>\n\t<meta name=\"twitter:data2\" content=\"2 minutos\" \/>\n<script type=\"application\/ld+json\" class=\"yoast-schema-graph\">{\"@context\":\"https:\\\/\\\/schema.org\",\"@graph\":[{\"@type\":\"Article\",\"@id\":\"https:\\\/\\\/autofans.com.ar\\\/index.php\\\/2023\\\/04\\\/18\\\/tango-motorsports-argentina-y-vicar-brasil-alianza-para-el-stock-car-y-tc2000\\\/#article\",\"isPartOf\":{\"@id\":\"https:\\\/\\\/autofans.com.ar\\\/index.php\\\/2023\\\/04\\\/18\\\/tango-motorsports-argentina-y-vicar-brasil-alianza-para-el-stock-car-y-tc2000\\\/\"},\"author\":{\"name\":\"Alejandro Gabriel Rosito\",\"@id\":\"https:\\\/\\\/autofans.com.ar\\\/#\\\/schema\\\/person\\\/4a8dda0b6df83ac3d6723e921274c2aa\"},\"headline\":\"Tango Motorsports Argentina y Vicar Brasil, alianza para el Stock Car y TC2000\",\"datePublished\":\"2023-04-18T17:44:55+00:00\",\"mainEntityOfPage\":{\"@id\":\"https:\\\/\\\/autofans.com.ar\\\/index.php\\\/2023\\\/04\\\/18\\\/tango-motorsports-argentina-y-vicar-brasil-alianza-para-el-stock-car-y-tc2000\\\/\"},\"wordCount\":409,\"image\":{\"@id\":\"https:\\\/\\\/autofans.com.ar\\\/index.php\\\/2023\\\/04\\\/18\\\/tango-motorsports-argentina-y-vicar-brasil-alianza-para-el-stock-car-y-tc2000\\\/#primaryimage\"},\"thumbnailUrl\":\"https:\\\/\\\/autofans.com.ar\\\/wp-content\\\/uploads\\\/2023\\\/04\\\/foto-3-23-jpg.webp\",\"keywords\":[\"ACA\",\"automovilismo deportivo\",\"capacitaci\u00f3n\",\"Comisarios Deportivos\",\"competencias\",\"conferencias\",\"conferencias de prensa\",\"cursos de capacitaci\u00f3n\",\"Federaciones Regionales\",\"personalidades\",\"presentaciones\",\"reuniones\",\"Stock Car\",\"Tango Motorsports Argentina\",\"TC2000\",\"Vicar Brasil\"],\"articleSection\":[\"EMPRESAS\",\"NOTICIAS\"],\"inLanguage\":\"es\"},{\"@type\":\"WebPage\",\"@id\":\"https:\\\/\\\/autofans.com.ar\\\/index.php\\\/2023\\\/04\\\/18\\\/tango-motorsports-argentina-y-vicar-brasil-alianza-para-el-stock-car-y-tc2000\\\/\",\"url\":\"https:\\\/\\\/autofans.com.ar\\\/index.php\\\/2023\\\/04\\\/18\\\/tango-motorsports-argentina-y-vicar-brasil-alianza-para-el-stock-car-y-tc2000\\\/\",\"name\":\"Tango Motorsports Argentina y Vicar Brasil, alianza para el Stock Car y TC2000 -\",\"isPartOf\":{\"@id\":\"https:\\\/\\\/autofans.com.ar\\\/#website\"},\"primaryImageOfPage\":{\"@id\":\"https:\\\/\\\/autofans.com.ar\\\/index.php\\\/2023\\\/04\\\/18\\\/tango-motorsports-argentina-y-vicar-brasil-alianza-para-el-stock-car-y-tc2000\\\/#primaryimage\"},\"image\":{\"@id\":\"https:\\\/\\\/autofans.com.ar\\\/index.php\\\/2023\\\/04\\\/18\\\/tango-motorsports-argentina-y-vicar-brasil-alianza-para-el-stock-car-y-tc2000\\\/#primaryimage\"},\"thumbnailUrl\":\"https:\\\/\\\/autofans.com.ar\\\/wp-content\\\/uploads\\\/2023\\\/04\\\/foto-3-23-jpg.webp\",\"datePublished\":\"2023-04-18T17:44:55+00:00\",\"author\":{\"@id\":\"https:\\\/\\\/autofans.com.ar\\\/#\\\/schema\\\/person\\\/4a8dda0b6df83ac3d6723e921274c2aa\"},\"description\":\"Tango Motorsports Argentina y Vicar Brasil sellaron un acuerdo para la realizaci\u00f3n de competencias del Stock Car en Bs As y del TC2000 Brasil\",\"breadcrumb\":{\"@id\":\"https:\\\/\\\/autofans.com.ar\\\/index.php\\\/2023\\\/04\\\/18\\\/tango-motorsports-argentina-y-vicar-brasil-alianza-para-el-stock-car-y-tc2000\\\/#breadcrumb\"},\"inLanguage\":\"es\",\"potentialAction\":[{\"@type\":\"ReadAction\",\"target\":[\"https:\\\/\\\/autofans.com.ar\\\/index.php\\\/2023\\\/04\\\/18\\\/tango-motorsports-argentina-y-vicar-brasil-alianza-para-el-stock-car-y-tc2000\\\/\"]}]},{\"@type\":\"ImageObject\",\"inLanguage\":\"es\",\"@id\":\"https:\\\/\\\/autofans.com.ar\\\/index.php\\\/2023\\\/04\\\/18\\\/tango-motorsports-argentina-y-vicar-brasil-alianza-para-el-stock-car-y-tc2000\\\/#primaryimage\",\"url\":\"https:\\\/\\\/autofans.com.ar\\\/wp-content\\\/uploads\\\/2023\\\/04\\\/foto-3-23-jpg.webp\",\"contentUrl\":\"https:\\\/\\\/autofans.com.ar\\\/wp-content\\\/uploads\\\/2023\\\/04\\\/foto-3-23-jpg.webp\",\"width\":1000,\"height\":667,\"caption\":\"aca\"},{\"@type\":\"BreadcrumbList\",\"@id\":\"https:\\\/\\\/autofans.com.ar\\\/index.php\\\/2023\\\/04\\\/18\\\/tango-motorsports-argentina-y-vicar-brasil-alianza-para-el-stock-car-y-tc2000\\\/#breadcrumb\",\"itemListElement\":[{\"@type\":\"ListItem\",\"position\":1,\"name\":\"Inicio\",\"item\":\"https:\\\/\\\/autofans.com.ar\\\/\"},{\"@type\":\"ListItem\",\"position\":2,\"name\":\"Tango Motorsports Argentina y Vicar Brasil, alianza para el Stock Car y TC2000\"}]},{\"@type\":\"WebSite\",\"@id\":\"https:\\\/\\\/autofans.com.ar\\\/#website\",\"url\":\"https:\\\/\\\/autofans.com.ar\\\/\",\"name\":\"\",\"description\":\"El multimedio referente de la industria automotriz\",\"potentialAction\":[{\"@type\":\"SearchAction\",\"target\":{\"@type\":\"EntryPoint\",\"urlTemplate\":\"https:\\\/\\\/autofans.com.ar\\\/?s={search_term_string}\"},\"query-input\":{\"@type\":\"PropertyValueSpecification\",\"valueRequired\":true,\"valueName\":\"search_term_string\"}}],\"inLanguage\":\"es\"},{\"@type\":\"Person\",\"@id\":\"https:\\\/\\\/autofans.com.ar\\\/#\\\/schema\\\/person\\\/4a8dda0b6df83ac3d6723e921274c2aa\",\"name\":\"Alejandro Gabriel Rosito\",\"image\":{\"@type\":\"ImageObject\",\"inLanguage\":\"es\",\"@id\":\"https:\\\/\\\/secure.gravatar.com\\\/avatar\\\/16c5dda1489adfc62618084dcbb91cffd879c374b13fe5dd8e44ed6733852c88?s=96&d=mm&r=g\",\"url\":\"https:\\\/\\\/secure.gravatar.com\\\/avatar\\\/16c5dda1489adfc62618084dcbb91cffd879c374b13fe5dd8e44ed6733852c88?s=96&d=mm&r=g\",\"contentUrl\":\"https:\\\/\\\/secure.gravatar.com\\\/avatar\\\/16c5dda1489adfc62618084dcbb91cffd879c374b13fe5dd8e44ed6733852c88?s=96&d=mm&r=g\",\"caption\":\"Alejandro Gabriel Rosito\"},\"url\":\"https:\\\/\\\/autofans.com.ar\\\/index.php\\\/author\\\/gabrielr\\\/\"}]}<\/script>\n<!-- \/ Yoast SEO plugin. -->","yoast_head_json":{"title":"Tango Motorsports Argentina y Vicar Brasil, alianza para el Stock Car y TC2000 -","description":"Tango Motorsports Argentina y Vicar Brasil sellaron un acuerdo para la realizaci\u00f3n de competencias del Stock Car en Bs As y del TC2000 Brasil","robots":{"index":"index","follow":"follow","max-snippet":"max-snippet:-1","max-image-preview":"max-image-preview:large","max-video-preview":"max-video-preview:-1"},"canonical":"https:\/\/autofans.com.ar\/index.php\/2023\/04\/18\/tango-motorsports-argentina-y-vicar-brasil-alianza-para-el-stock-car-y-tc2000\/","og_locale":"es_ES","og_type":"article","og_title":"Tango Motorsports Argentina y Vicar Brasil, alianza para el Stock Car y TC2000 -","og_description":"Tango Motorsports Argentina y Vicar Brasil sellaron un acuerdo para la realizaci\u00f3n de competencias del Stock Car en Bs As y del TC2000 Brasil","og_url":"https:\/\/autofans.com.ar\/index.php\/2023\/04\/18\/tango-motorsports-argentina-y-vicar-brasil-alianza-para-el-stock-car-y-tc2000\/","article_published_time":"2023-04-18T17:44:55+00:00","og_image":[{"width":1000,"height":667,"url":"https:\/\/autofans.com.ar\/wp-content\/uploads\/2023\/04\/foto-3-23-jpg.webp","type":"image\/jpeg"}],"author":"Alejandro Gabriel Rosito","twitter_card":"summary_large_image","twitter_misc":{"Escrito por":"Alejandro Gabriel Rosito","Tiempo de lectura":"2 minutos"},"schema":{"@context":"https:\/\/schema.org","@graph":[{"@type":"Article","@id":"https:\/\/autofans.com.ar\/index.php\/2023\/04\/18\/tango-motorsports-argentina-y-vicar-brasil-alianza-para-el-stock-car-y-tc2000\/#article","isPartOf":{"@id":"https:\/\/autofans.com.ar\/index.php\/2023\/04\/18\/tango-motorsports-argentina-y-vicar-brasil-alianza-para-el-stock-car-y-tc2000\/"},"author":{"name":"Alejandro Gabriel Rosito","@id":"https:\/\/autofans.com.ar\/#\/schema\/person\/4a8dda0b6df83ac3d6723e921274c2aa"},"headline":"Tango Motorsports Argentina y Vicar Brasil, alianza para el Stock Car y TC2000","datePublished":"2023-04-18T17:44:55+00:00","mainEntityOfPage":{"@id":"https:\/\/autofans.com.ar\/index.php\/2023\/04\/18\/tango-motorsports-argentina-y-vicar-brasil-alianza-para-el-stock-car-y-tc2000\/"},"wordCount":409,"image":{"@id":"https:\/\/autofans.com.ar\/index.php\/2023\/04\/18\/tango-motorsports-argentina-y-vicar-brasil-alianza-para-el-stock-car-y-tc2000\/#primaryimage"},"thumbnailUrl":"https:\/\/autofans.com.ar\/wp-content\/uploads\/2023\/04\/foto-3-23-jpg.webp","keywords":["ACA","automovilismo deportivo","capacitaci\u00f3n","Comisarios Deportivos","competencias","conferencias","conferencias de prensa","cursos de capacitaci\u00f3n","Federaciones Regionales","personalidades","presentaciones","reuniones","Stock Car","Tango Motorsports Argentina","TC2000","Vicar Brasil"],"articleSection":["EMPRESAS","NOTICIAS"],"inLanguage":"es"},{"@type":"WebPage","@id":"https:\/\/autofans.com.ar\/index.php\/2023\/04\/18\/tango-motorsports-argentina-y-vicar-brasil-alianza-para-el-stock-car-y-tc2000\/","url":"https:\/\/autofans.com.ar\/index.php\/2023\/04\/18\/tango-motorsports-argentina-y-vicar-brasil-alianza-para-el-stock-car-y-tc2000\/","name":"Tango Motorsports Argentina y Vicar Brasil, alianza para el Stock Car y TC2000 -","isPartOf":{"@id":"https:\/\/autofans.com.ar\/#website"},"primaryImageOfPage":{"@id":"https:\/\/autofans.com.ar\/index.php\/2023\/04\/18\/tango-motorsports-argentina-y-vicar-brasil-alianza-para-el-stock-car-y-tc2000\/#primaryimage"},"image":{"@id":"https:\/\/autofans.com.ar\/index.php\/2023\/04\/18\/tango-motorsports-argentina-y-vicar-brasil-alianza-para-el-stock-car-y-tc2000\/#primaryimage"},"thumbnailUrl":"https:\/\/autofans.com.ar\/wp-content\/uploads\/2023\/04\/foto-3-23-jpg.webp","datePublished":"2023-04-18T17:44:55+00:00","author":{"@id":"https:\/\/autofans.com.ar\/#\/schema\/person\/4a8dda0b6df83ac3d6723e921274c2aa"},"description":"Tango Motorsports Argentina y Vicar Brasil sellaron un acuerdo para la realizaci\u00f3n de competencias del Stock Car en Bs As y del TC2000 Brasil","breadcrumb":{"@id":"https:\/\/autofans.com.ar\/index.php\/2023\/04\/18\/tango-motorsports-argentina-y-vicar-brasil-alianza-para-el-stock-car-y-tc2000\/#breadcrumb"},"inLanguage":"es","potentialAction":[{"@type":"ReadAction","target":["https:\/\/autofans.com.ar\/index.php\/2023\/04\/18\/tango-motorsports-argentina-y-vicar-brasil-alianza-para-el-stock-car-y-tc2000\/"]}]},{"@type":"ImageObject","inLanguage":"es","@id":"https:\/\/autofans.com.ar\/index.php\/2023\/04\/18\/tango-motorsports-argentina-y-vicar-brasil-alianza-para-el-stock-car-y-tc2000\/#primaryimage","url":"https:\/\/autofans.com.ar\/wp-content\/uploads\/2023\/04\/foto-3-23-jpg.webp","contentUrl":"https:\/\/autofans.com.ar\/wp-content\/uploads\/2023\/04\/foto-3-23-jpg.webp","width":1000,"height":667,"caption":"aca"},{"@type":"BreadcrumbList","@id":"https:\/\/autofans.com.ar\/index.php\/2023\/04\/18\/tango-motorsports-argentina-y-vicar-brasil-alianza-para-el-stock-car-y-tc2000\/#breadcrumb","itemListElement":[{"@type":"ListItem","position":1,"name":"Inicio","item":"https:\/\/autofans.com.ar\/"},{"@type":"ListItem","position":2,"name":"Tango Motorsports Argentina y Vicar Brasil, alianza para el Stock Car y TC2000"}]},{"@type":"WebSite","@id":"https:\/\/autofans.com.ar\/#website","url":"https:\/\/autofans.com.ar\/","name":"","description":"El multimedio referente de la industria automotriz","potentialAction":[{"@type":"SearchAction","target":{"@type":"EntryPoint","urlTemplate":"https:\/\/autofans.com.ar\/?s={search_term_string}"},"query-input":{"@type":"PropertyValueSpecification","valueRequired":true,"valueName":"search_term_string"}}],"inLanguage":"es"},{"@type":"Person","@id":"https:\/\/autofans.com.ar\/#\/schema\/person\/4a8dda0b6df83ac3d6723e921274c2aa","name":"Alejandro Gabriel Rosito","image":{"@type":"ImageObject","inLanguage":"es","@id":"https:\/\/secure.gravatar.com\/avatar\/16c5dda1489adfc62618084dcbb91cffd879c374b13fe5dd8e44ed6733852c88?s=96&d=mm&r=g","url":"https:\/\/secure.gravatar.com\/avatar\/16c5dda1489adfc62618084dcbb91cffd879c374b13fe5dd8e44ed6733852c88?s=96&d=mm&r=g","contentUrl":"https:\/\/secure.gravatar.com\/avatar\/16c5dda1489adfc62618084dcbb91cffd879c374b13fe5dd8e44ed6733852c88?s=96&d=mm&r=g","caption":"Alejandro Gabriel Rosito"},"url":"https:\/\/autofans.com.ar\/index.php\/author\/gabrielr\/"}]}},"featured_image_urls":{"full":["https:\/\/autofans.com.ar\/wp-content\/uploads\/2023\/04\/foto-3-23-jpg.webp",1000,667,false],"thumbnail":["https:\/\/autofans.com.ar\/wp-content\/uploads\/2023\/04\/foto-3-23-150x150.webp",150,150,true],"medium":["https:\/\/autofans.com.ar\/wp-content\/uploads\/2023\/04\/foto-3-23-300x200.webp",300,200,true],"medium_large":["https:\/\/autofans.com.ar\/wp-content\/uploads\/2023\/04\/foto-3-23-768x512.webp",640,427,true],"large":["https:\/\/autofans.com.ar\/wp-content\/uploads\/2023\/04\/foto-3-23-jpg.webp",640,427,false],"1536x1536":["https:\/\/autofans.com.ar\/wp-content\/uploads\/2023\/04\/foto-3-23-jpg.webp",1000,667,false],"2048x2048":["https:\/\/autofans.com.ar\/wp-content\/uploads\/2023\/04\/foto-3-23-jpg.webp",1000,667,false],"covernews-featured":["https:\/\/autofans.com.ar\/wp-content\/uploads\/2023\/04\/foto-3-23-jpg.webp",1000,667,false],"covernews-medium":["https:\/\/autofans.com.ar\/wp-content\/uploads\/2023\/04\/foto-3-23-540x340.webp",540,340,true]},"author_info":{"display_name":"Alejandro Gabriel Rosito","author_link":"https:\/\/autofans.com.ar\/index.php\/author\/gabrielr\/"},"category_info":"<a href=\"https:\/\/autofans.com.ar\/index.php\/category\/noticias\/empresas\/\" rel=\"category tag\">EMPRESAS<\/a> <a href=\"https:\/\/autofans.com.ar\/index.php\/category\/noticias\/\" rel=\"category tag\">NOTICIAS<\/a>","tag_info":"NOTICIAS","comment_count":0,"_links":{"self":[{"href":"https:\/\/autofans.com.ar\/index.php\/wp-json\/wp\/v2\/posts\/1663","targetHints":{"allow":["GET"]}}],"collection":[{"href":"https:\/\/autofans.com.ar\/index.php\/wp-json\/wp\/v2\/posts"}],"about":[{"href":"https:\/\/autofans.com.ar\/index.php\/wp-json\/wp\/v2\/types\/post"}],"author":[{"embeddable":true,"href":"https:\/\/autofans.com.ar\/index.php\/wp-json\/wp\/v2\/users\/2"}],"replies":[{"embeddable":true,"href":"https:\/\/autofans.com.ar\/index.php\/wp-json\/wp\/v2\/comments?post=1663"}],"version-history":[{"count":3,"href":"https:\/\/autofans.com.ar\/index.php\/wp-json\/wp\/v2\/posts\/1663\/revisions"}],"predecessor-version":[{"id":1672,"href":"https:\/\/autofans.com.ar\/index.php\/wp-json\/wp\/v2\/posts\/1663\/revisions\/1672"}],"wp:featuredmedia":[{"embeddable":true,"href":"https:\/\/autofans.com.ar\/index.php\/wp-json\/wp\/v2\/media\/1665"}],"wp:attachment":[{"href":"https:\/\/autofans.com.ar\/index.php\/wp-json\/wp\/v2\/media?parent=1663"}],"wp:term":[{"taxonomy":"category","embeddable":true,"href":"https:\/\/autofans.com.ar\/index.php\/wp-json\/wp\/v2\/categories?post=1663"},{"taxonomy":"post_tag","embeddable":true,"href":"https:\/\/autofans.com.ar\/index.php\/wp-json\/wp\/v2\/tags?post=1663"}],"curies":[{"name":"wp","href":"https:\/\/api.w.org\/{rel}","templated":true}]}}