{"id":17029,"date":"2026-04-27T17:24:43","date_gmt":"2026-04-27T20:24:43","guid":{"rendered":"https:\/\/autofans.com.ar\/?p=17029"},"modified":"2026-04-27T17:38:02","modified_gmt":"2026-04-27T20:38:02","slug":"prestige-auto-acelera-con-su-e-bike","status":"publish","type":"post","link":"https:\/\/autofans.com.ar\/index.php\/2026\/04\/27\/prestige-auto-acelera-con-su-e-bike\/","title":{"rendered":"Prestige Auto acelera con su E-Bike"},"content":{"rendered":"<p class=\"ds-markdown-paragraph\">Prestige Auto no frena. Despu\u00e9s de superar con \u00e9xito la fase piloto, la firma anunci\u00f3 una nueva etapa de aumento de producci\u00f3n para su E-Bike MTB R29. \u00bfEl motivo? Las ventas volaron m\u00e1s de lo previsto y validaron tanto el proceso industrial como la aceptaci\u00f3n del mercado.<\/p>\n<p>&nbsp;<\/p>\n<h2>La E-Bike que nace en Fangio<\/h2>\n<p>&nbsp;<\/p>\n<p><img fetchpriority=\"high\" decoding=\"async\" class=\"aligncenter wp-image-17034 size-full\" src=\"https:\/\/autofans.com.ar\/wp-content\/uploads\/2026\/04\/prestige-2-1.jpg\" alt=\"E-Bike\" width=\"1000\" height=\"667\" srcset=\"https:\/\/autofans.com.ar\/wp-content\/uploads\/2026\/04\/prestige-2-1.jpg 1000w, https:\/\/autofans.com.ar\/wp-content\/uploads\/2026\/04\/prestige-2-1-300x200.jpg 300w, https:\/\/autofans.com.ar\/wp-content\/uploads\/2026\/04\/prestige-2-1-768x512.jpg 768w\" sizes=\"(max-width: 1000px) 100vw, 1000px\" \/><\/p>\n<p>&nbsp;<\/p>\n<p class=\"ds-markdown-paragraph\">El ensamblaje final y los controles de calidad se hacen en el Centro Industrial Juan Manuel Fangio (Virrey del Pino), donde aplican est\u00e1ndares de la industria automotriz. El desarrollo corri\u00f3 por cuenta de Enerby, socio t\u00e9cnico en micromovilidad, y este modelo es el primer producto que sale de esa planta fuera del portfolio de Mercedes-Benz.Ampliar el volumen de producci\u00f3n de forma progresiva, consolidar los procesos ya probados y seguir el ritmo de la demanda.<\/p>\n<p>&nbsp;<\/p>\n<div dir=\"ltr\">\n<blockquote>\n<div style=\"text-align: center;\">En esta nueva etapa, la empresa apunta a ampliar progresivamente el volumen de producci\u00f3n, consolidar los procesos ya validados y acompa\u00f1ar la evoluci\u00f3n de la demanda. \u201cEl proyecto fue pensado desde el inicio como un desarrollo escalable, pero con una primera etapa muy enfocada en aprender, validar y asegurar consistencia. Haber superado esa fase nos permite avanzar hoy con una nueva instancia de crecimiento productivo\u201d, se\u00f1al\u00f3 Daniel Herrero, presidente y CEO de Prestige Auto.<\/div>\n<\/blockquote>\n<\/div>\n<p>&nbsp;<\/p>\n<div style=\"display: flex; justify-content: center; align-items: center; margin: 20px 0;\"><a href=\"https:\/\/autofans.com.ar\/wp-content\/uploads\/2026\/04\/Ficha-Tecnica-E-Bike.pdf\" target=\"_blank\" rel=\"noopener\"><br \/>\n<img decoding=\"async\" style=\"height: 60px; width: auto;\" src=\"https:\/\/autofans.com.ar\/wp-content\/uploads\/2026\/04\/ficha-tecnica.jpg\" alt=\"Ficha T\u00e9cnica\" \/><br \/>\n<\/a><\/div>\n<p>&nbsp;<\/p>\n<h2>Caracter\u00edsticas t\u00e9cnicas de la E-Bike MTB R29<\/h2>\n<p>&nbsp;<\/p>\n<p><img decoding=\"async\" class=\"aligncenter wp-image-17033 size-full\" src=\"https:\/\/autofans.com.ar\/wp-content\/uploads\/2026\/04\/prestige-3-1.jpg\" alt=\"E-Bike\" width=\"1000\" height=\"667\" srcset=\"https:\/\/autofans.com.ar\/wp-content\/uploads\/2026\/04\/prestige-3-1.jpg 1000w, https:\/\/autofans.com.ar\/wp-content\/uploads\/2026\/04\/prestige-3-1-300x200.jpg 300w, https:\/\/autofans.com.ar\/wp-content\/uploads\/2026\/04\/prestige-3-1-768x512.jpg 768w\" sizes=\"(max-width: 1000px) 100vw, 1000px\" \/><\/p>\n<p>&nbsp;<\/p>\n<p class=\"ds-markdown-paragraph\">La bicicleta el\u00e9ctrica cuenta con:<\/p>\n<ul>\n<li>\n<p class=\"ds-markdown-paragraph\">Motor brushless de 350 W.<\/p>\n<\/li>\n<li>\n<p class=\"ds-markdown-paragraph\">Cinco niveles de asistencia al pedaleo.<\/p>\n<\/li>\n<li>\n<p class=\"ds-markdown-paragraph\">Autonom\u00eda de hasta 75 km (depende del terreno, peso del usuario y nivel de asistencia).<\/p>\n<\/li>\n<\/ul>\n<p class=\"ds-markdown-paragraph\">Adem\u00e1s, m\u00e1s de la mitad de sus componentes son nacionales. Proveedores locales como Omb\u00fa, Grupo N\u00facleo, Probatery y Tomaselli participan en la integraci\u00f3n, sumando piezas Shimano.<\/p>\n<p>&nbsp;<\/p>\n<blockquote>\n<p style=\"text-align: center;\">\u201cEl proyecto fue pensado desde el inicio como un desarrollo escalable, pero con una primera etapa muy enfocada en aprender, validar y asegurar consistencia. Haber superado esa fase nos permite avanzar hoy con una nueva instancia de crecimiento productivo\u201d, explic\u00f3 Daniel Herrero, presidente y CEO de Prestige Auto.<\/p>\n<\/blockquote>\n<p>&nbsp;<\/p>\n<h2>Comercializaci\u00f3n y garant\u00eda<\/h2>\n<p>&nbsp;<\/p>\n<p><img decoding=\"async\" class=\"aligncenter wp-image-17032 size-full\" src=\"https:\/\/autofans.com.ar\/wp-content\/uploads\/2026\/04\/prestige-4.jpg\" alt=\"E-Bike\" width=\"1000\" height=\"667\" srcset=\"https:\/\/autofans.com.ar\/wp-content\/uploads\/2026\/04\/prestige-4.jpg 1000w, https:\/\/autofans.com.ar\/wp-content\/uploads\/2026\/04\/prestige-4-300x200.jpg 300w, https:\/\/autofans.com.ar\/wp-content\/uploads\/2026\/04\/prestige-4-768x512.jpg 768w\" sizes=\"(max-width: 1000px) 100vw, 1000px\" \/><\/p>\n<p>&nbsp;<\/p>\n<p class=\"ds-markdown-paragraph\">La venta se realiza a trav\u00e9s de la red oficial de concesionarios de Mercedes-Benz en Argentina. El servicio t\u00e9cnico especializado lo cubre Enerby. La garant\u00eda es de 12 meses e incluye componentes el\u00e9ctricos, mec\u00e1nicos y bater\u00eda de litio (esta \u00faltima hasta 300 ciclos completos de carga).<\/p>\n<p class=\"ds-markdown-paragraph\">Para poner en marcha la iniciativa, la compa\u00f1\u00eda invirti\u00f3 en capacitaci\u00f3n, herramental, seguridad industrial y ergonom\u00eda.<\/p>\n<p class=\"ds-markdown-paragraph\"><strong>M\u00e1s info:<\/strong> <a href=\"https:\/\/linktr.ee\/bicicletasPrestige\" target=\"_blank\" rel=\"noopener noreferrer\">https:\/\/linktr.ee\/bicicletasPrestige<\/a><\/p>\n<p>&nbsp;<\/p>\n<p>&nbsp;<\/p>\n<p>&nbsp;<\/p>\n<p><i>Para enterarte de m\u00e1s novedades, no dejes de leer\u00a0<\/i><a href=\"https:\/\/autofans.thebrandsoup.com\/\"><i>nuestras notas<\/i><\/a><i>, de ver\u00a0<\/i><a href=\"https:\/\/www.youtube.com\/channel\/UCgAC8UGHZYbT6P7PpmVnP7g\"><i>AUTOFANS TV<\/i><\/a><i>\u00a0en nuestro\u00a0canal de Youtube. Adem\u00e1s seguinos en\u00a0<\/i><a href=\"https:\/\/www.instagram.com\/autofanstv\/\"><i>INSTAGRAM<\/i><\/a><i> y <\/i><a href=\"https:\/\/www.facebook.com\/autofansmas\/\"><i>FACEBOOK<\/i><\/a><i> para no perderte nada sobre las novedades del segmento automotor de Argentina y el mundo.<\/i><\/p>\n","protected":false},"excerpt":{"rendered":"<p>Prestige Auto no frena. Despu\u00e9s de superar con \u00e9xito la fase piloto, la firma anunci\u00f3&#8230;<\/p>\n","protected":false},"author":2,"featured_media":17031,"comment_status":"closed","ping_status":"closed","sticky":false,"template":"","format":"standard","meta":{"footnotes":""},"categories":[6,16],"tags":[9211,9214,3346,8207,9210,9213,9212,1460,6132,898],"class_list":["post-17029","post","type-post","status-publish","format-standard","has-post-thumbnail","hentry","category-bizstyle","category-noticias","tag-bicicleta-electrica-argentina","tag-bicicletas-con-asistencia-al-pedaleo","tag-centro-industrial-juan-manuel-fangio","tag-daniel-herrero","tag-e-bike-mtb-r29","tag-enerby","tag-micromovilidad-electrica","tag-movilidad-sustentable","tag-prestige-auto","tag-produccion-nacional"],"yoast_head":"<!-- This site is optimized with the Yoast SEO plugin v27.4 - https:\/\/yoast.com\/product\/yoast-seo-wordpress\/ -->\n<title>Prestige Auto acelera con su E-Bike -<\/title>\n<meta name=\"description\" content=\"Prestige Auto no frena. Despu\u00e9s de superar con \u00e9xito la fase piloto, la firma anunci\u00f3 una nueva etapa en la producci\u00f3n de su E-Bike MTB R29..\" \/>\n<meta name=\"robots\" content=\"index, follow, max-snippet:-1, max-image-preview:large, max-video-preview:-1\" \/>\n<link rel=\"canonical\" href=\"https:\/\/autofans.com.ar\/index.php\/2026\/04\/27\/prestige-auto-acelera-con-su-e-bike\/\" \/>\n<meta property=\"og:locale\" content=\"es_ES\" \/>\n<meta property=\"og:type\" content=\"article\" \/>\n<meta property=\"og:title\" content=\"Prestige Auto acelera con su E-Bike -\" \/>\n<meta property=\"og:description\" content=\"Prestige Auto no frena. Despu\u00e9s de superar con \u00e9xito la fase piloto, la firma anunci\u00f3 una nueva etapa en la producci\u00f3n de su E-Bike MTB R29..\" \/>\n<meta property=\"og:url\" content=\"https:\/\/autofans.com.ar\/index.php\/2026\/04\/27\/prestige-auto-acelera-con-su-e-bike\/\" \/>\n<meta property=\"article:published_time\" content=\"2026-04-27T20:24:43+00:00\" \/>\n<meta property=\"article:modified_time\" content=\"2026-04-27T20:38:02+00:00\" \/>\n<meta property=\"og:image\" content=\"https:\/\/autofans.com.ar\/wp-content\/uploads\/2026\/04\/prestige-5.jpg\" \/>\n\t<meta property=\"og:image:width\" content=\"1000\" \/>\n\t<meta property=\"og:image:height\" content=\"667\" \/>\n\t<meta property=\"og:image:type\" content=\"image\/jpeg\" \/>\n<meta name=\"author\" content=\"Alejandro Gabriel Rosito\" \/>\n<meta name=\"twitter:card\" content=\"summary_large_image\" \/>\n<meta name=\"twitter:label1\" content=\"Escrito por\" \/>\n\t<meta name=\"twitter:data1\" content=\"Alejandro Gabriel Rosito\" \/>\n\t<meta name=\"twitter:label2\" content=\"Tiempo de lectura\" \/>\n\t<meta name=\"twitter:data2\" content=\"3 minutos\" \/>\n<script type=\"application\/ld+json\" class=\"yoast-schema-graph\">{\"@context\":\"https:\\\/\\\/schema.org\",\"@graph\":[{\"@type\":\"Article\",\"@id\":\"https:\\\/\\\/autofans.com.ar\\\/index.php\\\/2026\\\/04\\\/27\\\/prestige-auto-acelera-con-su-e-bike\\\/#article\",\"isPartOf\":{\"@id\":\"https:\\\/\\\/autofans.com.ar\\\/index.php\\\/2026\\\/04\\\/27\\\/prestige-auto-acelera-con-su-e-bike\\\/\"},\"author\":{\"name\":\"Alejandro Gabriel Rosito\",\"@id\":\"https:\\\/\\\/autofans.com.ar\\\/#\\\/schema\\\/person\\\/4a8dda0b6df83ac3d6723e921274c2aa\"},\"headline\":\"Prestige Auto acelera con su E-Bike\",\"datePublished\":\"2026-04-27T20:24:43+00:00\",\"dateModified\":\"2026-04-27T20:38:02+00:00\",\"mainEntityOfPage\":{\"@id\":\"https:\\\/\\\/autofans.com.ar\\\/index.php\\\/2026\\\/04\\\/27\\\/prestige-auto-acelera-con-su-e-bike\\\/\"},\"wordCount\":476,\"image\":{\"@id\":\"https:\\\/\\\/autofans.com.ar\\\/index.php\\\/2026\\\/04\\\/27\\\/prestige-auto-acelera-con-su-e-bike\\\/#primaryimage\"},\"thumbnailUrl\":\"https:\\\/\\\/autofans.com.ar\\\/wp-content\\\/uploads\\\/2026\\\/04\\\/prestige-5.jpg\",\"keywords\":[\"bicicleta el\u00e9ctrica Argentina\",\"bicicletas con asistencia al pedaleo\",\"Centro Industrial Juan Manuel Fangio\",\"Daniel Herrero\",\"E-Bike MTB R29\",\"Enerby\",\"micromovilidad el\u00e9ctrica\",\"movilidad sustentable\",\"Prestige Auto\",\"producci\u00f3n nacional\"],\"articleSection\":[\"BIZSTYLE\",\"NOTICIAS\"],\"inLanguage\":\"es\"},{\"@type\":\"WebPage\",\"@id\":\"https:\\\/\\\/autofans.com.ar\\\/index.php\\\/2026\\\/04\\\/27\\\/prestige-auto-acelera-con-su-e-bike\\\/\",\"url\":\"https:\\\/\\\/autofans.com.ar\\\/index.php\\\/2026\\\/04\\\/27\\\/prestige-auto-acelera-con-su-e-bike\\\/\",\"name\":\"Prestige Auto acelera con su E-Bike -\",\"isPartOf\":{\"@id\":\"https:\\\/\\\/autofans.com.ar\\\/#website\"},\"primaryImageOfPage\":{\"@id\":\"https:\\\/\\\/autofans.com.ar\\\/index.php\\\/2026\\\/04\\\/27\\\/prestige-auto-acelera-con-su-e-bike\\\/#primaryimage\"},\"image\":{\"@id\":\"https:\\\/\\\/autofans.com.ar\\\/index.php\\\/2026\\\/04\\\/27\\\/prestige-auto-acelera-con-su-e-bike\\\/#primaryimage\"},\"thumbnailUrl\":\"https:\\\/\\\/autofans.com.ar\\\/wp-content\\\/uploads\\\/2026\\\/04\\\/prestige-5.jpg\",\"datePublished\":\"2026-04-27T20:24:43+00:00\",\"dateModified\":\"2026-04-27T20:38:02+00:00\",\"author\":{\"@id\":\"https:\\\/\\\/autofans.com.ar\\\/#\\\/schema\\\/person\\\/4a8dda0b6df83ac3d6723e921274c2aa\"},\"description\":\"Prestige Auto no frena. Despu\u00e9s de superar con \u00e9xito la fase piloto, la firma anunci\u00f3 una nueva etapa en la producci\u00f3n de su E-Bike MTB R29..\",\"breadcrumb\":{\"@id\":\"https:\\\/\\\/autofans.com.ar\\\/index.php\\\/2026\\\/04\\\/27\\\/prestige-auto-acelera-con-su-e-bike\\\/#breadcrumb\"},\"inLanguage\":\"es\",\"potentialAction\":[{\"@type\":\"ReadAction\",\"target\":[\"https:\\\/\\\/autofans.com.ar\\\/index.php\\\/2026\\\/04\\\/27\\\/prestige-auto-acelera-con-su-e-bike\\\/\"]}]},{\"@type\":\"ImageObject\",\"inLanguage\":\"es\",\"@id\":\"https:\\\/\\\/autofans.com.ar\\\/index.php\\\/2026\\\/04\\\/27\\\/prestige-auto-acelera-con-su-e-bike\\\/#primaryimage\",\"url\":\"https:\\\/\\\/autofans.com.ar\\\/wp-content\\\/uploads\\\/2026\\\/04\\\/prestige-5.jpg\",\"contentUrl\":\"https:\\\/\\\/autofans.com.ar\\\/wp-content\\\/uploads\\\/2026\\\/04\\\/prestige-5.jpg\",\"width\":1000,\"height\":667,\"caption\":\"E-Bike\"},{\"@type\":\"BreadcrumbList\",\"@id\":\"https:\\\/\\\/autofans.com.ar\\\/index.php\\\/2026\\\/04\\\/27\\\/prestige-auto-acelera-con-su-e-bike\\\/#breadcrumb\",\"itemListElement\":[{\"@type\":\"ListItem\",\"position\":1,\"name\":\"Inicio\",\"item\":\"https:\\\/\\\/autofans.com.ar\\\/\"},{\"@type\":\"ListItem\",\"position\":2,\"name\":\"Prestige Auto acelera con su E-Bike\"}]},{\"@type\":\"WebSite\",\"@id\":\"https:\\\/\\\/autofans.com.ar\\\/#website\",\"url\":\"https:\\\/\\\/autofans.com.ar\\\/\",\"name\":\"\",\"description\":\"El multimedio referente de la industria automotriz\",\"potentialAction\":[{\"@type\":\"SearchAction\",\"target\":{\"@type\":\"EntryPoint\",\"urlTemplate\":\"https:\\\/\\\/autofans.com.ar\\\/?s={search_term_string}\"},\"query-input\":{\"@type\":\"PropertyValueSpecification\",\"valueRequired\":true,\"valueName\":\"search_term_string\"}}],\"inLanguage\":\"es\"},{\"@type\":\"Person\",\"@id\":\"https:\\\/\\\/autofans.com.ar\\\/#\\\/schema\\\/person\\\/4a8dda0b6df83ac3d6723e921274c2aa\",\"name\":\"Alejandro Gabriel Rosito\",\"image\":{\"@type\":\"ImageObject\",\"inLanguage\":\"es\",\"@id\":\"https:\\\/\\\/secure.gravatar.com\\\/avatar\\\/16c5dda1489adfc62618084dcbb91cffd879c374b13fe5dd8e44ed6733852c88?s=96&d=mm&r=g\",\"url\":\"https:\\\/\\\/secure.gravatar.com\\\/avatar\\\/16c5dda1489adfc62618084dcbb91cffd879c374b13fe5dd8e44ed6733852c88?s=96&d=mm&r=g\",\"contentUrl\":\"https:\\\/\\\/secure.gravatar.com\\\/avatar\\\/16c5dda1489adfc62618084dcbb91cffd879c374b13fe5dd8e44ed6733852c88?s=96&d=mm&r=g\",\"caption\":\"Alejandro Gabriel Rosito\"},\"url\":\"https:\\\/\\\/autofans.com.ar\\\/index.php\\\/author\\\/gabrielr\\\/\"}]}<\/script>\n<!-- \/ Yoast SEO plugin. -->","yoast_head_json":{"title":"Prestige Auto acelera con su E-Bike -","description":"Prestige Auto no frena. Despu\u00e9s de superar con \u00e9xito la fase piloto, la firma anunci\u00f3 una nueva etapa en la producci\u00f3n de su E-Bike MTB R29..","robots":{"index":"index","follow":"follow","max-snippet":"max-snippet:-1","max-image-preview":"max-image-preview:large","max-video-preview":"max-video-preview:-1"},"canonical":"https:\/\/autofans.com.ar\/index.php\/2026\/04\/27\/prestige-auto-acelera-con-su-e-bike\/","og_locale":"es_ES","og_type":"article","og_title":"Prestige Auto acelera con su E-Bike -","og_description":"Prestige Auto no frena. Despu\u00e9s de superar con \u00e9xito la fase piloto, la firma anunci\u00f3 una nueva etapa en la producci\u00f3n de su E-Bike MTB R29..","og_url":"https:\/\/autofans.com.ar\/index.php\/2026\/04\/27\/prestige-auto-acelera-con-su-e-bike\/","article_published_time":"2026-04-27T20:24:43+00:00","article_modified_time":"2026-04-27T20:38:02+00:00","og_image":[{"width":1000,"height":667,"url":"https:\/\/autofans.com.ar\/wp-content\/uploads\/2026\/04\/prestige-5.jpg","type":"image\/jpeg"}],"author":"Alejandro Gabriel Rosito","twitter_card":"summary_large_image","twitter_misc":{"Escrito por":"Alejandro Gabriel Rosito","Tiempo de lectura":"3 minutos"},"schema":{"@context":"https:\/\/schema.org","@graph":[{"@type":"Article","@id":"https:\/\/autofans.com.ar\/index.php\/2026\/04\/27\/prestige-auto-acelera-con-su-e-bike\/#article","isPartOf":{"@id":"https:\/\/autofans.com.ar\/index.php\/2026\/04\/27\/prestige-auto-acelera-con-su-e-bike\/"},"author":{"name":"Alejandro Gabriel Rosito","@id":"https:\/\/autofans.com.ar\/#\/schema\/person\/4a8dda0b6df83ac3d6723e921274c2aa"},"headline":"Prestige Auto acelera con su E-Bike","datePublished":"2026-04-27T20:24:43+00:00","dateModified":"2026-04-27T20:38:02+00:00","mainEntityOfPage":{"@id":"https:\/\/autofans.com.ar\/index.php\/2026\/04\/27\/prestige-auto-acelera-con-su-e-bike\/"},"wordCount":476,"image":{"@id":"https:\/\/autofans.com.ar\/index.php\/2026\/04\/27\/prestige-auto-acelera-con-su-e-bike\/#primaryimage"},"thumbnailUrl":"https:\/\/autofans.com.ar\/wp-content\/uploads\/2026\/04\/prestige-5.jpg","keywords":["bicicleta el\u00e9ctrica Argentina","bicicletas con asistencia al pedaleo","Centro Industrial Juan Manuel Fangio","Daniel Herrero","E-Bike MTB R29","Enerby","micromovilidad el\u00e9ctrica","movilidad sustentable","Prestige Auto","producci\u00f3n nacional"],"articleSection":["BIZSTYLE","NOTICIAS"],"inLanguage":"es"},{"@type":"WebPage","@id":"https:\/\/autofans.com.ar\/index.php\/2026\/04\/27\/prestige-auto-acelera-con-su-e-bike\/","url":"https:\/\/autofans.com.ar\/index.php\/2026\/04\/27\/prestige-auto-acelera-con-su-e-bike\/","name":"Prestige Auto acelera con su E-Bike -","isPartOf":{"@id":"https:\/\/autofans.com.ar\/#website"},"primaryImageOfPage":{"@id":"https:\/\/autofans.com.ar\/index.php\/2026\/04\/27\/prestige-auto-acelera-con-su-e-bike\/#primaryimage"},"image":{"@id":"https:\/\/autofans.com.ar\/index.php\/2026\/04\/27\/prestige-auto-acelera-con-su-e-bike\/#primaryimage"},"thumbnailUrl":"https:\/\/autofans.com.ar\/wp-content\/uploads\/2026\/04\/prestige-5.jpg","datePublished":"2026-04-27T20:24:43+00:00","dateModified":"2026-04-27T20:38:02+00:00","author":{"@id":"https:\/\/autofans.com.ar\/#\/schema\/person\/4a8dda0b6df83ac3d6723e921274c2aa"},"description":"Prestige Auto no frena. Despu\u00e9s de superar con \u00e9xito la fase piloto, la firma anunci\u00f3 una nueva etapa en la producci\u00f3n de su E-Bike MTB R29..","breadcrumb":{"@id":"https:\/\/autofans.com.ar\/index.php\/2026\/04\/27\/prestige-auto-acelera-con-su-e-bike\/#breadcrumb"},"inLanguage":"es","potentialAction":[{"@type":"ReadAction","target":["https:\/\/autofans.com.ar\/index.php\/2026\/04\/27\/prestige-auto-acelera-con-su-e-bike\/"]}]},{"@type":"ImageObject","inLanguage":"es","@id":"https:\/\/autofans.com.ar\/index.php\/2026\/04\/27\/prestige-auto-acelera-con-su-e-bike\/#primaryimage","url":"https:\/\/autofans.com.ar\/wp-content\/uploads\/2026\/04\/prestige-5.jpg","contentUrl":"https:\/\/autofans.com.ar\/wp-content\/uploads\/2026\/04\/prestige-5.jpg","width":1000,"height":667,"caption":"E-Bike"},{"@type":"BreadcrumbList","@id":"https:\/\/autofans.com.ar\/index.php\/2026\/04\/27\/prestige-auto-acelera-con-su-e-bike\/#breadcrumb","itemListElement":[{"@type":"ListItem","position":1,"name":"Inicio","item":"https:\/\/autofans.com.ar\/"},{"@type":"ListItem","position":2,"name":"Prestige Auto acelera con su E-Bike"}]},{"@type":"WebSite","@id":"https:\/\/autofans.com.ar\/#website","url":"https:\/\/autofans.com.ar\/","name":"","description":"El multimedio referente de la industria automotriz","potentialAction":[{"@type":"SearchAction","target":{"@type":"EntryPoint","urlTemplate":"https:\/\/autofans.com.ar\/?s={search_term_string}"},"query-input":{"@type":"PropertyValueSpecification","valueRequired":true,"valueName":"search_term_string"}}],"inLanguage":"es"},{"@type":"Person","@id":"https:\/\/autofans.com.ar\/#\/schema\/person\/4a8dda0b6df83ac3d6723e921274c2aa","name":"Alejandro Gabriel Rosito","image":{"@type":"ImageObject","inLanguage":"es","@id":"https:\/\/secure.gravatar.com\/avatar\/16c5dda1489adfc62618084dcbb91cffd879c374b13fe5dd8e44ed6733852c88?s=96&d=mm&r=g","url":"https:\/\/secure.gravatar.com\/avatar\/16c5dda1489adfc62618084dcbb91cffd879c374b13fe5dd8e44ed6733852c88?s=96&d=mm&r=g","contentUrl":"https:\/\/secure.gravatar.com\/avatar\/16c5dda1489adfc62618084dcbb91cffd879c374b13fe5dd8e44ed6733852c88?s=96&d=mm&r=g","caption":"Alejandro Gabriel Rosito"},"url":"https:\/\/autofans.com.ar\/index.php\/author\/gabrielr\/"}]}},"featured_image_urls":{"full":["https:\/\/autofans.com.ar\/wp-content\/uploads\/2026\/04\/prestige-5.jpg",1000,667,false],"thumbnail":["https:\/\/autofans.com.ar\/wp-content\/uploads\/2026\/04\/prestige-5-150x150.jpg",150,150,true],"medium":["https:\/\/autofans.com.ar\/wp-content\/uploads\/2026\/04\/prestige-5-300x200.jpg",300,200,true],"medium_large":["https:\/\/autofans.com.ar\/wp-content\/uploads\/2026\/04\/prestige-5-768x512.jpg",640,427,true],"large":["https:\/\/autofans.com.ar\/wp-content\/uploads\/2026\/04\/prestige-5.jpg",640,427,false],"1536x1536":["https:\/\/autofans.com.ar\/wp-content\/uploads\/2026\/04\/prestige-5.jpg",1000,667,false],"2048x2048":["https:\/\/autofans.com.ar\/wp-content\/uploads\/2026\/04\/prestige-5.jpg",1000,667,false],"covernews-featured":["https:\/\/autofans.com.ar\/wp-content\/uploads\/2026\/04\/prestige-5.jpg",1000,667,false],"covernews-medium":["https:\/\/autofans.com.ar\/wp-content\/uploads\/2026\/04\/prestige-5-540x340.jpg",540,340,true]},"author_info":{"display_name":"Alejandro Gabriel Rosito","author_link":"https:\/\/autofans.com.ar\/index.php\/author\/gabrielr\/"},"category_info":"<a href=\"https:\/\/autofans.com.ar\/index.php\/category\/noticias\/bizstyle\/\" rel=\"category tag\">BIZSTYLE<\/a> <a href=\"https:\/\/autofans.com.ar\/index.php\/category\/noticias\/\" rel=\"category tag\">NOTICIAS<\/a>","tag_info":"NOTICIAS","comment_count":0,"_links":{"self":[{"href":"https:\/\/autofans.com.ar\/index.php\/wp-json\/wp\/v2\/posts\/17029","targetHints":{"allow":["GET"]}}],"collection":[{"href":"https:\/\/autofans.com.ar\/index.php\/wp-json\/wp\/v2\/posts"}],"about":[{"href":"https:\/\/autofans.com.ar\/index.php\/wp-json\/wp\/v2\/types\/post"}],"author":[{"embeddable":true,"href":"https:\/\/autofans.com.ar\/index.php\/wp-json\/wp\/v2\/users\/2"}],"replies":[{"embeddable":true,"href":"https:\/\/autofans.com.ar\/index.php\/wp-json\/wp\/v2\/comments?post=17029"}],"version-history":[{"count":6,"href":"https:\/\/autofans.com.ar\/index.php\/wp-json\/wp\/v2\/posts\/17029\/revisions"}],"predecessor-version":[{"id":17042,"href":"https:\/\/autofans.com.ar\/index.php\/wp-json\/wp\/v2\/posts\/17029\/revisions\/17042"}],"wp:featuredmedia":[{"embeddable":true,"href":"https:\/\/autofans.com.ar\/index.php\/wp-json\/wp\/v2\/media\/17031"}],"wp:attachment":[{"href":"https:\/\/autofans.com.ar\/index.php\/wp-json\/wp\/v2\/media?parent=17029"}],"wp:term":[{"taxonomy":"category","embeddable":true,"href":"https:\/\/autofans.com.ar\/index.php\/wp-json\/wp\/v2\/categories?post=17029"},{"taxonomy":"post_tag","embeddable":true,"href":"https:\/\/autofans.com.ar\/index.php\/wp-json\/wp\/v2\/tags?post=17029"}],"curies":[{"name":"wp","href":"https:\/\/api.w.org\/{rel}","templated":true}]}}