{"id":17043,"date":"2026-04-27T20:07:53","date_gmt":"2026-04-27T23:07:53","guid":{"rendered":"https:\/\/autofans.com.ar\/?p=17043"},"modified":"2026-04-27T20:07:53","modified_gmt":"2026-04-27T23:07:53","slug":"mercedes-benz-se-subio-al-colapinto-road-show-y-festejo-140-anos-a-pura-velocidad","status":"publish","type":"post","link":"https:\/\/autofans.com.ar\/index.php\/2026\/04\/27\/mercedes-benz-se-subio-al-colapinto-road-show-y-festejo-140-anos-a-pura-velocidad\/","title":{"rendered":"Mercedes-Benz se subi\u00f3 al Colapinto Road Show y festej\u00f3 140 a\u00f1os a pura velocidad"},"content":{"rendered":"<p class=\"ds-markdown-paragraph\">Mercedes-Benz no quiso faltar a la cita con Franco Colapinto en Palermo. Durante el Colapinto Road Show, la firma mostr\u00f3 dos de sus modelos m\u00e1s representativos: una Sprinter Chasis adaptada para la ocasi\u00f3n y un Mercedes-AMG GT rojo, que ofici\u00f3 de Safety Car. La convocatoria fue multitudinaria y el piber\u00edo acompa\u00f1\u00f3 al piloto en cada cuadra.<\/p>\n<p>&nbsp;<\/p>\n<h2>Colapinto recorri\u00f3 Buenos Aires arriba de una Sprinter<\/h2>\n<p>&nbsp;<\/p>\n<p><img fetchpriority=\"high\" decoding=\"async\" class=\"aligncenter wp-image-17053 size-full\" src=\"https:\/\/autofans.com.ar\/wp-content\/uploads\/2026\/04\/mercedes-8-1.jpg\" alt=\"Mercedes-Benz\" width=\"1000\" height=\"667\" srcset=\"https:\/\/autofans.com.ar\/wp-content\/uploads\/2026\/04\/mercedes-8-1.jpg 1000w, https:\/\/autofans.com.ar\/wp-content\/uploads\/2026\/04\/mercedes-8-1-300x200.jpg 300w, https:\/\/autofans.com.ar\/wp-content\/uploads\/2026\/04\/mercedes-8-1-768x512.jpg 768w\" sizes=\"(max-width: 1000px) 100vw, 1000px\" \/><\/p>\n<p>&nbsp;<\/p>\n<p class=\"ds-markdown-paragraph\">Colapinto recorri\u00f3 las calles porte\u00f1as arriba de una Sprinter con una plataforma elevada. Esa altura le permiti\u00f3 estar m\u00e1s cerca de la gente y recibir el cari\u00f1o en cada frenada. Lo curioso es que esa misma Sprinter, una de las estrellas del desfile, se fabrica en el Centro Industrial Juan Manuel Fangio, ubicado en Virrey del Pino, partido de La Matanza. All\u00ed la empresa lleva 30 a\u00f1os produciendo este veh\u00edculo sin interrupciones.<\/p>\n<p>&nbsp;<\/p>\n<blockquote>\n<p style=\"text-align: center;\">Daniel Herrero, presidente y CEO de Prestige Auto, empresa a cargo de la marca Mercedes-Benz en Argentina, manifest\u00f3: \u201cFranco representa el talento, la perseverancia y la pasi\u00f3n de una nueva generaci\u00f3n de pilotos argentinos. Haber estado cerca de sus primeros pasos y volver a acompa\u00f1arlo hoy, en este momento tan importante de su camino deportivo, tiene un valor muy especial. Esta jornada nos permiti\u00f3 poner en valor no solo al automovilismo, sino tambi\u00e9n el orgullo de ser parte de un legado que conecta a Mercedes-Benz con la industria argentina, la competici\u00f3n y el futuro de la movilidad\u201d.<span class=\"Apple-converted-space\">\u00a0<\/span><\/p>\n<\/blockquote>\n<p>&nbsp;<\/p>\n<h2 class=\"ds-markdown-paragraph\">El v\u00ednculo hist\u00f3rico con la competici\u00f3n<\/h2>\n<p>&nbsp;<\/p>\n<div id='gallery-1' class='gallery galleryid-17043 gallery-columns-2 gallery-size-full'><figure class='gallery-item'>\n\t\t\t<div class='gallery-icon landscape'>\n\t\t\t\t<a href='https:\/\/autofans.com.ar\/index.php\/2026\/04\/27\/mercedes-benz-se-subio-al-colapinto-road-show-y-festejo-140-anos-a-pura-velocidad\/mercedes-1-78\/'><img loading=\"lazy\" width=\"1000\" height=\"667\" src=\"https:\/\/autofans.com.ar\/wp-content\/uploads\/2026\/04\/mercedes-1-2.jpg\" class=\"attachment-full size-full\" alt=\"Mercedes-Benz\" srcset=\"https:\/\/autofans.com.ar\/wp-content\/uploads\/2026\/04\/mercedes-1-2.jpg 1000w, https:\/\/autofans.com.ar\/wp-content\/uploads\/2026\/04\/mercedes-1-2-300x200.jpg 300w, https:\/\/autofans.com.ar\/wp-content\/uploads\/2026\/04\/mercedes-1-2-768x512.jpg 768w\" sizes=\"auto, (max-width: 1000px) 100vw, 1000px\" loading=\"lazy\" decoding=\"async\" \/><\/a>\n\t\t\t<\/div><\/figure><figure class='gallery-item'>\n\t\t\t<div class='gallery-icon landscape'>\n\t\t\t\t<a href='https:\/\/autofans.com.ar\/index.php\/2026\/04\/27\/mercedes-benz-se-subio-al-colapinto-road-show-y-festejo-140-anos-a-pura-velocidad\/mercedes-4-42\/'><img loading=\"lazy\" width=\"1000\" height=\"667\" src=\"https:\/\/autofans.com.ar\/wp-content\/uploads\/2026\/04\/mercedes-4-2.jpg\" class=\"attachment-full size-full\" alt=\"Mercedes-Benz\" srcset=\"https:\/\/autofans.com.ar\/wp-content\/uploads\/2026\/04\/mercedes-4-2.jpg 1000w, https:\/\/autofans.com.ar\/wp-content\/uploads\/2026\/04\/mercedes-4-2-300x200.jpg 300w, https:\/\/autofans.com.ar\/wp-content\/uploads\/2026\/04\/mercedes-4-2-768x512.jpg 768w\" sizes=\"auto, (max-width: 1000px) 100vw, 1000px\" loading=\"lazy\" decoding=\"async\" \/><\/a>\n\t\t\t<\/div><\/figure>\n\t\t<\/div>\n\n<p>&nbsp;<\/p>\n<p class=\"ds-markdown-paragraph\">El AMG GT, por su parte, no solo sum\u00f3 presencia esc\u00e9nica. Reforz\u00f3 la tradici\u00f3n de la marca en el automovilismo. Pero la cosa no termin\u00f3 ah\u00ed. Colapinto tambi\u00e9n hizo una demo con una r\u00e9plica inspirada en las Flechas de Plata, esos b\u00f3lidos con los que Fangio se consagr\u00f3 campe\u00f3n mundial en 1954 y 1955. Esa imagen conect\u00f3 directamente el presente del deporte motor argentino con la \u00e9poca dorada de la escuder\u00eda alemana.<\/p>\n<p>&nbsp;<\/p>\n<blockquote>\n<p style=\"text-align: center;\">Alfonso Prat-Gay, vicepresidente de Prestige Auto, sostuvo: \u201cEl automovilismo forma parte de la esencia de Mercedes-Benz. Est\u00e1 en nuestra historia, en nuestra capacidad de innovaci\u00f3n y tambi\u00e9n en la emoci\u00f3n que la marca despierta en el p\u00fablico. Por eso, para Prestige Auto fue un orgullo participar en el Colapinto Road Show en un a\u00f1o tan significativo para Mercedes-Benz en la Argentina y en el mundo\u201d.<\/p>\n<\/blockquote>\n<p>&nbsp;<\/p>\n<h2 class=\"ds-markdown-paragraph\">Un a\u00f1o para no olvidar<\/h2>\n<p class=\"ds-markdown-paragraph\">Este 2026 es un a\u00f1o bisagra para Mercedes-Benz. La empresa celebra 140 a\u00f1os de innovaci\u00f3n a nivel global (s\u00ed, desde que inventaron el autom\u00f3vil). En Argentina, se suman 75 a\u00f1os de presencia ininterrumpida y tres d\u00e9cadas produciendo la Sprinter en el pa\u00eds. El Road Show sirvi\u00f3 justamente para tender un puente entre el pasado de Fangio, el presente de Colapinto y el futuro de la movilidad.<\/p>\n<p>&nbsp;<\/p>\n<p><img decoding=\"async\" class=\"aligncenter wp-image-17046 size-full\" src=\"https:\/\/autofans.com.ar\/wp-content\/uploads\/2026\/04\/mercedes-7-2.jpg\" alt=\"Mercedes-Benz\" width=\"1000\" height=\"667\" srcset=\"https:\/\/autofans.com.ar\/wp-content\/uploads\/2026\/04\/mercedes-7-2.jpg 1000w, https:\/\/autofans.com.ar\/wp-content\/uploads\/2026\/04\/mercedes-7-2-300x200.jpg 300w, https:\/\/autofans.com.ar\/wp-content\/uploads\/2026\/04\/mercedes-7-2-768x512.jpg 768w\" sizes=\"(max-width: 1000px) 100vw, 1000px\" \/><\/p>\n<p>&nbsp;<\/p>\n<p class=\"ds-markdown-paragraph\">La jornada dej\u00f3 clara una cosa: la pasi\u00f3n por los fierros sigue intacta en Argentina. Y Mercedes-Benz, con su historia y su producci\u00f3n local, encontr\u00f3 la excusa perfecta para decirlo a los gritos, pero sin hacer ruido al pedo.<\/p>\n<p>&nbsp;<\/p>\n<p>&nbsp;<\/p>\n<p>&nbsp;<\/p>\n<p><i>Para enterarte de m\u00e1s novedades, no dejes de leer\u00a0<\/i><a href=\"https:\/\/autofans.thebrandsoup.com\/\"><i>nuestras notas<\/i><\/a><i>, de ver\u00a0<\/i><a href=\"https:\/\/www.youtube.com\/channel\/UCgAC8UGHZYbT6P7PpmVnP7g\"><i>AUTOFANS TV<\/i><\/a><i>\u00a0en nuestro\u00a0canal de Youtube. Adem\u00e1s seguinos en\u00a0<\/i><a href=\"https:\/\/www.instagram.com\/autofanstv\/\"><i>INSTAGRAM<\/i><\/a><i> y <\/i><a href=\"https:\/\/www.facebook.com\/autofansmas\/\"><i>FACEBOOK<\/i><\/a><i> para no perderte nada sobre las novedades del segmento automotor de Argentina y el mundo.<\/i><\/p>\n","protected":false},"excerpt":{"rendered":"<p>Mercedes-Benz no quiso faltar a la cita con Franco Colapinto en Palermo. Durante el Colapinto&#8230;<\/p>\n","protected":false},"author":2,"featured_media":17047,"comment_status":"closed","ping_status":"closed","sticky":false,"template":"","format":"standard","meta":{"footnotes":""},"categories":[6,127,16],"tags":[9217,9218,1334,9215,5684,4630,320,17,9219,9216],"class_list":["post-17043","post","type-post","status-publish","format-standard","has-post-thumbnail","hentry","category-bizstyle","category-deporte","category-noticias","tag-140-anos-mercedes-benz","tag-amg-gt-safety-car","tag-automovilismo-argentino","tag-colapinto-road-show-2026","tag-flechas-de-plata","tag-franco-colapinto","tag-juan-manuel-fangio","tag-mercedes-benz-argentina","tag-produccion-sprinter-la-matanza","tag-sprinter-fabricacion-nacional"],"yoast_head":"<!-- This site is optimized with the Yoast SEO plugin v27.4 - https:\/\/yoast.com\/product\/yoast-seo-wordpress\/ -->\n<title>Mercedes-Benz se subi\u00f3 al Colapinto Road Show y festej\u00f3 140 a\u00f1os a pura velocidad -<\/title>\n<meta name=\"description\" content=\"Mercedes-Benz no quiso faltar a la cita con Franco Colapinto en Palermo. Durante el Colapinto Road Show, la firma mostr\u00f3 dos de sus modelos..\" \/>\n<meta name=\"robots\" content=\"index, follow, max-snippet:-1, max-image-preview:large, max-video-preview:-1\" \/>\n<link rel=\"canonical\" href=\"https:\/\/autofans.com.ar\/index.php\/2026\/04\/27\/mercedes-benz-se-subio-al-colapinto-road-show-y-festejo-140-anos-a-pura-velocidad\/\" \/>\n<meta property=\"og:locale\" content=\"es_ES\" \/>\n<meta property=\"og:type\" content=\"article\" \/>\n<meta property=\"og:title\" content=\"Mercedes-Benz se subi\u00f3 al Colapinto Road Show y festej\u00f3 140 a\u00f1os a pura velocidad -\" \/>\n<meta property=\"og:description\" content=\"Mercedes-Benz no quiso faltar a la cita con Franco Colapinto en Palermo. Durante el Colapinto Road Show, la firma mostr\u00f3 dos de sus modelos..\" \/>\n<meta property=\"og:url\" content=\"https:\/\/autofans.com.ar\/index.php\/2026\/04\/27\/mercedes-benz-se-subio-al-colapinto-road-show-y-festejo-140-anos-a-pura-velocidad\/\" \/>\n<meta property=\"article:published_time\" content=\"2026-04-27T23:07:53+00:00\" \/>\n<meta property=\"og:image\" content=\"https:\/\/autofans.com.ar\/wp-content\/uploads\/2026\/04\/mercedes-6-2.jpg\" \/>\n\t<meta property=\"og:image:width\" content=\"1000\" \/>\n\t<meta property=\"og:image:height\" content=\"667\" \/>\n\t<meta property=\"og:image:type\" content=\"image\/jpeg\" \/>\n<meta name=\"author\" content=\"Alejandro Gabriel Rosito\" \/>\n<meta name=\"twitter:card\" content=\"summary_large_image\" \/>\n<meta name=\"twitter:label1\" content=\"Escrito por\" \/>\n\t<meta name=\"twitter:data1\" content=\"Alejandro Gabriel Rosito\" \/>\n\t<meta name=\"twitter:label2\" content=\"Tiempo de lectura\" \/>\n\t<meta name=\"twitter:data2\" content=\"3 minutos\" \/>\n<script type=\"application\/ld+json\" class=\"yoast-schema-graph\">{\"@context\":\"https:\\\/\\\/schema.org\",\"@graph\":[{\"@type\":\"Article\",\"@id\":\"https:\\\/\\\/autofans.com.ar\\\/index.php\\\/2026\\\/04\\\/27\\\/mercedes-benz-se-subio-al-colapinto-road-show-y-festejo-140-anos-a-pura-velocidad\\\/#article\",\"isPartOf\":{\"@id\":\"https:\\\/\\\/autofans.com.ar\\\/index.php\\\/2026\\\/04\\\/27\\\/mercedes-benz-se-subio-al-colapinto-road-show-y-festejo-140-anos-a-pura-velocidad\\\/\"},\"author\":{\"name\":\"Alejandro Gabriel Rosito\",\"@id\":\"https:\\\/\\\/autofans.com.ar\\\/#\\\/schema\\\/person\\\/4a8dda0b6df83ac3d6723e921274c2aa\"},\"headline\":\"Mercedes-Benz se subi\u00f3 al Colapinto Road Show y festej\u00f3 140 a\u00f1os a pura velocidad\",\"datePublished\":\"2026-04-27T23:07:53+00:00\",\"mainEntityOfPage\":{\"@id\":\"https:\\\/\\\/autofans.com.ar\\\/index.php\\\/2026\\\/04\\\/27\\\/mercedes-benz-se-subio-al-colapinto-road-show-y-festejo-140-anos-a-pura-velocidad\\\/\"},\"wordCount\":594,\"image\":{\"@id\":\"https:\\\/\\\/autofans.com.ar\\\/index.php\\\/2026\\\/04\\\/27\\\/mercedes-benz-se-subio-al-colapinto-road-show-y-festejo-140-anos-a-pura-velocidad\\\/#primaryimage\"},\"thumbnailUrl\":\"https:\\\/\\\/autofans.com.ar\\\/wp-content\\\/uploads\\\/2026\\\/04\\\/mercedes-6-2.jpg\",\"keywords\":[\"140 a\u00f1os Mercedes-Benz\",\"AMG GT Safety Car\",\"Automovilismo argentino\",\"Colapinto Road Show 2026\",\"Flechas de Plata\",\"Franco Colapinto\",\"Juan Manuel Fangio\",\"Mercedes Benz Argentina\",\"producci\u00f3n Sprinter La Matanza\",\"Sprinter fabricaci\u00f3n nacional\"],\"articleSection\":[\"BIZSTYLE\",\"DEPORTE MOTOR\",\"NOTICIAS\"],\"inLanguage\":\"es\"},{\"@type\":\"WebPage\",\"@id\":\"https:\\\/\\\/autofans.com.ar\\\/index.php\\\/2026\\\/04\\\/27\\\/mercedes-benz-se-subio-al-colapinto-road-show-y-festejo-140-anos-a-pura-velocidad\\\/\",\"url\":\"https:\\\/\\\/autofans.com.ar\\\/index.php\\\/2026\\\/04\\\/27\\\/mercedes-benz-se-subio-al-colapinto-road-show-y-festejo-140-anos-a-pura-velocidad\\\/\",\"name\":\"Mercedes-Benz se subi\u00f3 al Colapinto Road Show y festej\u00f3 140 a\u00f1os a pura velocidad -\",\"isPartOf\":{\"@id\":\"https:\\\/\\\/autofans.com.ar\\\/#website\"},\"primaryImageOfPage\":{\"@id\":\"https:\\\/\\\/autofans.com.ar\\\/index.php\\\/2026\\\/04\\\/27\\\/mercedes-benz-se-subio-al-colapinto-road-show-y-festejo-140-anos-a-pura-velocidad\\\/#primaryimage\"},\"image\":{\"@id\":\"https:\\\/\\\/autofans.com.ar\\\/index.php\\\/2026\\\/04\\\/27\\\/mercedes-benz-se-subio-al-colapinto-road-show-y-festejo-140-anos-a-pura-velocidad\\\/#primaryimage\"},\"thumbnailUrl\":\"https:\\\/\\\/autofans.com.ar\\\/wp-content\\\/uploads\\\/2026\\\/04\\\/mercedes-6-2.jpg\",\"datePublished\":\"2026-04-27T23:07:53+00:00\",\"author\":{\"@id\":\"https:\\\/\\\/autofans.com.ar\\\/#\\\/schema\\\/person\\\/4a8dda0b6df83ac3d6723e921274c2aa\"},\"description\":\"Mercedes-Benz no quiso faltar a la cita con Franco Colapinto en Palermo. Durante el Colapinto Road Show, la firma mostr\u00f3 dos de sus modelos..\",\"breadcrumb\":{\"@id\":\"https:\\\/\\\/autofans.com.ar\\\/index.php\\\/2026\\\/04\\\/27\\\/mercedes-benz-se-subio-al-colapinto-road-show-y-festejo-140-anos-a-pura-velocidad\\\/#breadcrumb\"},\"inLanguage\":\"es\",\"potentialAction\":[{\"@type\":\"ReadAction\",\"target\":[\"https:\\\/\\\/autofans.com.ar\\\/index.php\\\/2026\\\/04\\\/27\\\/mercedes-benz-se-subio-al-colapinto-road-show-y-festejo-140-anos-a-pura-velocidad\\\/\"]}]},{\"@type\":\"ImageObject\",\"inLanguage\":\"es\",\"@id\":\"https:\\\/\\\/autofans.com.ar\\\/index.php\\\/2026\\\/04\\\/27\\\/mercedes-benz-se-subio-al-colapinto-road-show-y-festejo-140-anos-a-pura-velocidad\\\/#primaryimage\",\"url\":\"https:\\\/\\\/autofans.com.ar\\\/wp-content\\\/uploads\\\/2026\\\/04\\\/mercedes-6-2.jpg\",\"contentUrl\":\"https:\\\/\\\/autofans.com.ar\\\/wp-content\\\/uploads\\\/2026\\\/04\\\/mercedes-6-2.jpg\",\"width\":1000,\"height\":667,\"caption\":\"Mercedes-Benz\"},{\"@type\":\"BreadcrumbList\",\"@id\":\"https:\\\/\\\/autofans.com.ar\\\/index.php\\\/2026\\\/04\\\/27\\\/mercedes-benz-se-subio-al-colapinto-road-show-y-festejo-140-anos-a-pura-velocidad\\\/#breadcrumb\",\"itemListElement\":[{\"@type\":\"ListItem\",\"position\":1,\"name\":\"Inicio\",\"item\":\"https:\\\/\\\/autofans.com.ar\\\/\"},{\"@type\":\"ListItem\",\"position\":2,\"name\":\"Mercedes-Benz se subi\u00f3 al Colapinto Road Show y festej\u00f3 140 a\u00f1os a pura velocidad\"}]},{\"@type\":\"WebSite\",\"@id\":\"https:\\\/\\\/autofans.com.ar\\\/#website\",\"url\":\"https:\\\/\\\/autofans.com.ar\\\/\",\"name\":\"\",\"description\":\"El multimedio referente de la industria automotriz\",\"potentialAction\":[{\"@type\":\"SearchAction\",\"target\":{\"@type\":\"EntryPoint\",\"urlTemplate\":\"https:\\\/\\\/autofans.com.ar\\\/?s={search_term_string}\"},\"query-input\":{\"@type\":\"PropertyValueSpecification\",\"valueRequired\":true,\"valueName\":\"search_term_string\"}}],\"inLanguage\":\"es\"},{\"@type\":\"Person\",\"@id\":\"https:\\\/\\\/autofans.com.ar\\\/#\\\/schema\\\/person\\\/4a8dda0b6df83ac3d6723e921274c2aa\",\"name\":\"Alejandro Gabriel Rosito\",\"image\":{\"@type\":\"ImageObject\",\"inLanguage\":\"es\",\"@id\":\"https:\\\/\\\/secure.gravatar.com\\\/avatar\\\/16c5dda1489adfc62618084dcbb91cffd879c374b13fe5dd8e44ed6733852c88?s=96&d=mm&r=g\",\"url\":\"https:\\\/\\\/secure.gravatar.com\\\/avatar\\\/16c5dda1489adfc62618084dcbb91cffd879c374b13fe5dd8e44ed6733852c88?s=96&d=mm&r=g\",\"contentUrl\":\"https:\\\/\\\/secure.gravatar.com\\\/avatar\\\/16c5dda1489adfc62618084dcbb91cffd879c374b13fe5dd8e44ed6733852c88?s=96&d=mm&r=g\",\"caption\":\"Alejandro Gabriel Rosito\"},\"url\":\"https:\\\/\\\/autofans.com.ar\\\/index.php\\\/author\\\/gabrielr\\\/\"}]}<\/script>\n<!-- \/ Yoast SEO plugin. -->","yoast_head_json":{"title":"Mercedes-Benz se subi\u00f3 al Colapinto Road Show y festej\u00f3 140 a\u00f1os a pura velocidad -","description":"Mercedes-Benz no quiso faltar a la cita con Franco Colapinto en Palermo. Durante el Colapinto Road Show, la firma mostr\u00f3 dos de sus modelos..","robots":{"index":"index","follow":"follow","max-snippet":"max-snippet:-1","max-image-preview":"max-image-preview:large","max-video-preview":"max-video-preview:-1"},"canonical":"https:\/\/autofans.com.ar\/index.php\/2026\/04\/27\/mercedes-benz-se-subio-al-colapinto-road-show-y-festejo-140-anos-a-pura-velocidad\/","og_locale":"es_ES","og_type":"article","og_title":"Mercedes-Benz se subi\u00f3 al Colapinto Road Show y festej\u00f3 140 a\u00f1os a pura velocidad -","og_description":"Mercedes-Benz no quiso faltar a la cita con Franco Colapinto en Palermo. Durante el Colapinto Road Show, la firma mostr\u00f3 dos de sus modelos..","og_url":"https:\/\/autofans.com.ar\/index.php\/2026\/04\/27\/mercedes-benz-se-subio-al-colapinto-road-show-y-festejo-140-anos-a-pura-velocidad\/","article_published_time":"2026-04-27T23:07:53+00:00","og_image":[{"width":1000,"height":667,"url":"https:\/\/autofans.com.ar\/wp-content\/uploads\/2026\/04\/mercedes-6-2.jpg","type":"image\/jpeg"}],"author":"Alejandro Gabriel Rosito","twitter_card":"summary_large_image","twitter_misc":{"Escrito por":"Alejandro Gabriel Rosito","Tiempo de lectura":"3 minutos"},"schema":{"@context":"https:\/\/schema.org","@graph":[{"@type":"Article","@id":"https:\/\/autofans.com.ar\/index.php\/2026\/04\/27\/mercedes-benz-se-subio-al-colapinto-road-show-y-festejo-140-anos-a-pura-velocidad\/#article","isPartOf":{"@id":"https:\/\/autofans.com.ar\/index.php\/2026\/04\/27\/mercedes-benz-se-subio-al-colapinto-road-show-y-festejo-140-anos-a-pura-velocidad\/"},"author":{"name":"Alejandro Gabriel Rosito","@id":"https:\/\/autofans.com.ar\/#\/schema\/person\/4a8dda0b6df83ac3d6723e921274c2aa"},"headline":"Mercedes-Benz se subi\u00f3 al Colapinto Road Show y festej\u00f3 140 a\u00f1os a pura velocidad","datePublished":"2026-04-27T23:07:53+00:00","mainEntityOfPage":{"@id":"https:\/\/autofans.com.ar\/index.php\/2026\/04\/27\/mercedes-benz-se-subio-al-colapinto-road-show-y-festejo-140-anos-a-pura-velocidad\/"},"wordCount":594,"image":{"@id":"https:\/\/autofans.com.ar\/index.php\/2026\/04\/27\/mercedes-benz-se-subio-al-colapinto-road-show-y-festejo-140-anos-a-pura-velocidad\/#primaryimage"},"thumbnailUrl":"https:\/\/autofans.com.ar\/wp-content\/uploads\/2026\/04\/mercedes-6-2.jpg","keywords":["140 a\u00f1os Mercedes-Benz","AMG GT Safety Car","Automovilismo argentino","Colapinto Road Show 2026","Flechas de Plata","Franco Colapinto","Juan Manuel Fangio","Mercedes Benz Argentina","producci\u00f3n Sprinter La Matanza","Sprinter fabricaci\u00f3n nacional"],"articleSection":["BIZSTYLE","DEPORTE MOTOR","NOTICIAS"],"inLanguage":"es"},{"@type":"WebPage","@id":"https:\/\/autofans.com.ar\/index.php\/2026\/04\/27\/mercedes-benz-se-subio-al-colapinto-road-show-y-festejo-140-anos-a-pura-velocidad\/","url":"https:\/\/autofans.com.ar\/index.php\/2026\/04\/27\/mercedes-benz-se-subio-al-colapinto-road-show-y-festejo-140-anos-a-pura-velocidad\/","name":"Mercedes-Benz se subi\u00f3 al Colapinto Road Show y festej\u00f3 140 a\u00f1os a pura velocidad -","isPartOf":{"@id":"https:\/\/autofans.com.ar\/#website"},"primaryImageOfPage":{"@id":"https:\/\/autofans.com.ar\/index.php\/2026\/04\/27\/mercedes-benz-se-subio-al-colapinto-road-show-y-festejo-140-anos-a-pura-velocidad\/#primaryimage"},"image":{"@id":"https:\/\/autofans.com.ar\/index.php\/2026\/04\/27\/mercedes-benz-se-subio-al-colapinto-road-show-y-festejo-140-anos-a-pura-velocidad\/#primaryimage"},"thumbnailUrl":"https:\/\/autofans.com.ar\/wp-content\/uploads\/2026\/04\/mercedes-6-2.jpg","datePublished":"2026-04-27T23:07:53+00:00","author":{"@id":"https:\/\/autofans.com.ar\/#\/schema\/person\/4a8dda0b6df83ac3d6723e921274c2aa"},"description":"Mercedes-Benz no quiso faltar a la cita con Franco Colapinto en Palermo. Durante el Colapinto Road Show, la firma mostr\u00f3 dos de sus modelos..","breadcrumb":{"@id":"https:\/\/autofans.com.ar\/index.php\/2026\/04\/27\/mercedes-benz-se-subio-al-colapinto-road-show-y-festejo-140-anos-a-pura-velocidad\/#breadcrumb"},"inLanguage":"es","potentialAction":[{"@type":"ReadAction","target":["https:\/\/autofans.com.ar\/index.php\/2026\/04\/27\/mercedes-benz-se-subio-al-colapinto-road-show-y-festejo-140-anos-a-pura-velocidad\/"]}]},{"@type":"ImageObject","inLanguage":"es","@id":"https:\/\/autofans.com.ar\/index.php\/2026\/04\/27\/mercedes-benz-se-subio-al-colapinto-road-show-y-festejo-140-anos-a-pura-velocidad\/#primaryimage","url":"https:\/\/autofans.com.ar\/wp-content\/uploads\/2026\/04\/mercedes-6-2.jpg","contentUrl":"https:\/\/autofans.com.ar\/wp-content\/uploads\/2026\/04\/mercedes-6-2.jpg","width":1000,"height":667,"caption":"Mercedes-Benz"},{"@type":"BreadcrumbList","@id":"https:\/\/autofans.com.ar\/index.php\/2026\/04\/27\/mercedes-benz-se-subio-al-colapinto-road-show-y-festejo-140-anos-a-pura-velocidad\/#breadcrumb","itemListElement":[{"@type":"ListItem","position":1,"name":"Inicio","item":"https:\/\/autofans.com.ar\/"},{"@type":"ListItem","position":2,"name":"Mercedes-Benz se subi\u00f3 al Colapinto Road Show y festej\u00f3 140 a\u00f1os a pura velocidad"}]},{"@type":"WebSite","@id":"https:\/\/autofans.com.ar\/#website","url":"https:\/\/autofans.com.ar\/","name":"","description":"El multimedio referente de la industria automotriz","potentialAction":[{"@type":"SearchAction","target":{"@type":"EntryPoint","urlTemplate":"https:\/\/autofans.com.ar\/?s={search_term_string}"},"query-input":{"@type":"PropertyValueSpecification","valueRequired":true,"valueName":"search_term_string"}}],"inLanguage":"es"},{"@type":"Person","@id":"https:\/\/autofans.com.ar\/#\/schema\/person\/4a8dda0b6df83ac3d6723e921274c2aa","name":"Alejandro Gabriel Rosito","image":{"@type":"ImageObject","inLanguage":"es","@id":"https:\/\/secure.gravatar.com\/avatar\/16c5dda1489adfc62618084dcbb91cffd879c374b13fe5dd8e44ed6733852c88?s=96&d=mm&r=g","url":"https:\/\/secure.gravatar.com\/avatar\/16c5dda1489adfc62618084dcbb91cffd879c374b13fe5dd8e44ed6733852c88?s=96&d=mm&r=g","contentUrl":"https:\/\/secure.gravatar.com\/avatar\/16c5dda1489adfc62618084dcbb91cffd879c374b13fe5dd8e44ed6733852c88?s=96&d=mm&r=g","caption":"Alejandro Gabriel Rosito"},"url":"https:\/\/autofans.com.ar\/index.php\/author\/gabrielr\/"}]}},"featured_image_urls":{"full":["https:\/\/autofans.com.ar\/wp-content\/uploads\/2026\/04\/mercedes-6-2.jpg",1000,667,false],"thumbnail":["https:\/\/autofans.com.ar\/wp-content\/uploads\/2026\/04\/mercedes-6-2-150x150.jpg",150,150,true],"medium":["https:\/\/autofans.com.ar\/wp-content\/uploads\/2026\/04\/mercedes-6-2-300x200.jpg",300,200,true],"medium_large":["https:\/\/autofans.com.ar\/wp-content\/uploads\/2026\/04\/mercedes-6-2-768x512.jpg",640,427,true],"large":["https:\/\/autofans.com.ar\/wp-content\/uploads\/2026\/04\/mercedes-6-2.jpg",640,427,false],"1536x1536":["https:\/\/autofans.com.ar\/wp-content\/uploads\/2026\/04\/mercedes-6-2.jpg",1000,667,false],"2048x2048":["https:\/\/autofans.com.ar\/wp-content\/uploads\/2026\/04\/mercedes-6-2.jpg",1000,667,false],"covernews-featured":["https:\/\/autofans.com.ar\/wp-content\/uploads\/2026\/04\/mercedes-6-2.jpg",1000,667,false],"covernews-medium":["https:\/\/autofans.com.ar\/wp-content\/uploads\/2026\/04\/mercedes-6-2-540x340.jpg",540,340,true]},"author_info":{"display_name":"Alejandro Gabriel Rosito","author_link":"https:\/\/autofans.com.ar\/index.php\/author\/gabrielr\/"},"category_info":"<a href=\"https:\/\/autofans.com.ar\/index.php\/category\/noticias\/bizstyle\/\" rel=\"category tag\">BIZSTYLE<\/a> <a href=\"https:\/\/autofans.com.ar\/index.php\/category\/noticias\/deporte\/\" rel=\"category tag\">DEPORTE MOTOR<\/a> <a href=\"https:\/\/autofans.com.ar\/index.php\/category\/noticias\/\" rel=\"category tag\">NOTICIAS<\/a>","tag_info":"NOTICIAS","comment_count":0,"_links":{"self":[{"href":"https:\/\/autofans.com.ar\/index.php\/wp-json\/wp\/v2\/posts\/17043","targetHints":{"allow":["GET"]}}],"collection":[{"href":"https:\/\/autofans.com.ar\/index.php\/wp-json\/wp\/v2\/posts"}],"about":[{"href":"https:\/\/autofans.com.ar\/index.php\/wp-json\/wp\/v2\/types\/post"}],"author":[{"embeddable":true,"href":"https:\/\/autofans.com.ar\/index.php\/wp-json\/wp\/v2\/users\/2"}],"replies":[{"embeddable":true,"href":"https:\/\/autofans.com.ar\/index.php\/wp-json\/wp\/v2\/comments?post=17043"}],"version-history":[{"count":5,"href":"https:\/\/autofans.com.ar\/index.php\/wp-json\/wp\/v2\/posts\/17043\/revisions"}],"predecessor-version":[{"id":17056,"href":"https:\/\/autofans.com.ar\/index.php\/wp-json\/wp\/v2\/posts\/17043\/revisions\/17056"}],"wp:featuredmedia":[{"embeddable":true,"href":"https:\/\/autofans.com.ar\/index.php\/wp-json\/wp\/v2\/media\/17047"}],"wp:attachment":[{"href":"https:\/\/autofans.com.ar\/index.php\/wp-json\/wp\/v2\/media?parent=17043"}],"wp:term":[{"taxonomy":"category","embeddable":true,"href":"https:\/\/autofans.com.ar\/index.php\/wp-json\/wp\/v2\/categories?post=17043"},{"taxonomy":"post_tag","embeddable":true,"href":"https:\/\/autofans.com.ar\/index.php\/wp-json\/wp\/v2\/tags?post=17043"}],"curies":[{"name":"wp","href":"https:\/\/api.w.org\/{rel}","templated":true}]}}