{"id":17057,"date":"2026-04-28T18:47:24","date_gmt":"2026-04-28T21:47:24","guid":{"rendered":"https:\/\/autofans.com.ar\/?p=17057"},"modified":"2026-04-28T18:47:24","modified_gmt":"2026-04-28T21:47:24","slug":"llega-el-suv-chino-que-quiere-dar-pelea-en-el-segmento-b","status":"publish","type":"post","link":"https:\/\/autofans.com.ar\/index.php\/2026\/04\/28\/llega-el-suv-chino-que-quiere-dar-pelea-en-el-segmento-b\/","title":{"rendered":"llega el SUV chino que quiere dar pelea en el segmento B"},"content":{"rendered":"<p class=\"ds-markdown-paragraph\">La ofensiva china sobre la Argentina no para. Esta vez, Omoda confirm\u00f3 el lanzamiento del Omoda 4, un SUV compacto que se ubicar\u00e1 un escal\u00f3n debajo del Omoda 5 y apunta a meterse en la pelea por el segmento de mayor volumen del pa\u00eds.<\/p>\n<p class=\"ds-markdown-paragraph\">El modelo enfrentar\u00e1 de frente a los referentes del mercado: VW T-Cross, Fiat Pulse, Renault Kardian y Nissan Kicks.<\/p>\n<p>&nbsp;<\/p>\n<h2>Un cambio de nombre con l\u00f3gica global<\/h2>\n<p class=\"ds-markdown-paragraph\">Originalmente presentado como Omoda 3, la marca lo rebautiz\u00f3 como Omoda 4 para alinear su nomenclatura a nivel mundial. Medios brasile\u00f1os anticiparon que el veh\u00edculo ya est\u00e1 en los planes de expansi\u00f3n regional, con Sudam\u00e9rica como destino prioritario.<\/p>\n<p>&nbsp;<\/p>\n<p><img fetchpriority=\"high\" decoding=\"async\" class=\"aligncenter wp-image-17059 size-full\" src=\"https:\/\/autofans.com.ar\/wp-content\/uploads\/2026\/04\/omoda-4.jpg\" alt=\"SUV\" width=\"1000\" height=\"667\" srcset=\"https:\/\/autofans.com.ar\/wp-content\/uploads\/2026\/04\/omoda-4.jpg 1000w, https:\/\/autofans.com.ar\/wp-content\/uploads\/2026\/04\/omoda-4-300x200.jpg 300w, https:\/\/autofans.com.ar\/wp-content\/uploads\/2026\/04\/omoda-4-768x512.jpg 768w\" sizes=\"(max-width: 1000px) 100vw, 1000px\" \/><\/p>\n<p>&nbsp;<\/p>\n<h2>Dise\u00f1o que busca miradas<\/h2>\n<p class=\"ds-markdown-paragraph\">El Omoda 4 apuesta a una est\u00e9tica filosa. La firma lo llama \u201cCyber Mecha\u201d: l\u00edneas angulosas, \u00f3pticas divididas al frente, parrilla de gran tama\u00f1o y una silueta con ca\u00edda estilo coup\u00e9. Atr\u00e1s, una firme luminosa horizontal que sigue la moda del segmento.<\/p>\n<p class=\"ds-markdown-paragraph\">Adentro, pantalla vertical central, tablero digital y asistencias avanzadas a la conducci\u00f3n. Todo pensado para vender tecnolog\u00eda desde la puerta de entrada.<\/p>\n<p>&nbsp;<\/p>\n<p><img decoding=\"async\" class=\"aligncenter wp-image-17060 size-full\" src=\"https:\/\/autofans.com.ar\/wp-content\/uploads\/2026\/04\/omoda-3.jpg\" alt=\"SUV\" width=\"1000\" height=\"667\" srcset=\"https:\/\/autofans.com.ar\/wp-content\/uploads\/2026\/04\/omoda-3.jpg 1000w, https:\/\/autofans.com.ar\/wp-content\/uploads\/2026\/04\/omoda-3-300x200.jpg 300w, https:\/\/autofans.com.ar\/wp-content\/uploads\/2026\/04\/omoda-3-768x512.jpg 768w\" sizes=\"(max-width: 1000px) 100vw, 1000px\" \/><\/p>\n<p>&nbsp;<\/p>\n<h2>Lo m\u00e1s jugado, la mec\u00e1nica h\u00edbrida<\/h2>\n<p class=\"ds-markdown-paragraph\">El verdadero as bajo la manga del Omoda 4 es su oferta de motorizaciones. En Brasil ya se filtr\u00f3 que habr\u00e1 versiones nafteras e h\u00edbridas, con chances reales de sumar una variante h\u00edbrida enchufable.<\/p>\n<p class=\"ds-markdown-paragraph\">La versi\u00f3n electrificada m\u00e1s picante combinar\u00eda un motor 1.5 naftero con un sistema h\u00edbrido para alcanzar unos 204 caballos. Esa cifra lo dejar\u00eda como uno de los SUV compactos m\u00e1s potentes de la categor\u00eda.<\/p>\n<p class=\"ds-markdown-paragraph\">Adem\u00e1s, la marca eval\u00faa producir el modelo en la regi\u00f3n. Si eso ocurre, mejorar\u00eda su competitividad frente a los rivales que ya se fabrican en el Mercosur.<\/p>\n<p>&nbsp;<\/p>\n<p><img decoding=\"async\" class=\"aligncenter wp-image-17061 size-full\" src=\"https:\/\/autofans.com.ar\/wp-content\/uploads\/2026\/04\/omoda-2.jpg\" alt=\"SUV\" width=\"1000\" height=\"667\" srcset=\"https:\/\/autofans.com.ar\/wp-content\/uploads\/2026\/04\/omoda-2.jpg 1000w, https:\/\/autofans.com.ar\/wp-content\/uploads\/2026\/04\/omoda-2-300x200.jpg 300w, https:\/\/autofans.com.ar\/wp-content\/uploads\/2026\/04\/omoda-2-768x512.jpg 768w\" sizes=\"(max-width: 1000px) 100vw, 1000px\" \/><\/p>\n<p>&nbsp;<\/p>\n<h2>Por qu\u00e9 importa en la Argentina<\/h2>\n<p class=\"ds-markdown-paragraph\">El segmento de SUV compactos es hoy el term\u00f3metro del mercado local. Con este lanzamiento, Omoda ampl\u00eda su oferta y busca consolidarse como una de las marcas chinas de crecimiento m\u00e1s r\u00e1pido en la regi\u00f3n.<\/p>\n<p class=\"ds-markdown-paragraph\">Todav\u00eda no hay fecha exacta de lanzamiento en el pa\u00eds. Pero todo indica que llegar\u00e1 despu\u00e9s de su debut en Brasil y se convertir\u00e1 en una de las novedades m\u00e1s esperadas del a\u00f1o.<\/p>\n<p>&nbsp;<\/p>\n<p>&nbsp;<\/p>\n<p>&nbsp;<\/p>\n<p><i>Para enterarte de m\u00e1s novedades, no dejes de leer\u00a0<\/i><a href=\"https:\/\/autofans.thebrandsoup.com\/\"><i>nuestras notas<\/i><\/a><i>, de ver\u00a0<\/i><a href=\"https:\/\/www.youtube.com\/channel\/UCgAC8UGHZYbT6P7PpmVnP7g\"><i>AUTOFANS TV<\/i><\/a><i>\u00a0en nuestro\u00a0canal de Youtube. Adem\u00e1s seguinos en\u00a0<\/i><a href=\"https:\/\/www.instagram.com\/autofanstv\/\"><i>INSTAGRAM<\/i><\/a><i> y <\/i><a href=\"https:\/\/www.facebook.com\/autofansmas\/\"><i>FACEBOOK<\/i><\/a><i> para no perderte nada sobre las novedades del segmento automotor de Argentina y el mundo.<\/i><\/p>\n","protected":false},"excerpt":{"rendered":"<p>La ofensiva china sobre la Argentina no para. Esta vez, Omoda confirm\u00f3 el lanzamiento del&#8230;<\/p>\n","protected":false},"author":2,"featured_media":17062,"comment_status":"closed","ping_status":"closed","sticky":false,"template":"","format":"standard","meta":{"footnotes":""},"categories":[341,16],"tags":[9226,9224,9222,9220,9227,9225,9221,9228,9223],"class_list":["post-17057","post","type-post","status-publish","format-standard","has-post-thumbnail","hentry","category-hibridos-y-electricos","category-noticias","tag-autos-chinas-en-argentina","tag-competidores-suv-segmento-b","tag-lanzamiento-omoda-4","tag-omoda-4-argentina","tag-omoda-4-precio-argentina","tag-omoda-vs-t-cross","tag-suv-chino-compacto","tag-suv-electrificado-mercosur","tag-suv-hibrido-2026"],"yoast_head":"<!-- This site is optimized with the Yoast SEO plugin v27.5 - https:\/\/yoast.com\/product\/yoast-seo-wordpress\/ -->\n<title>llega el SUV chino que quiere dar pelea en el segmento B -<\/title>\n<meta name=\"description\" content=\"Omoda 4 confirmado para la Argentina. Dise\u00f1o afilado, motor h\u00edbrido de 204 CV y una misi\u00f3n clara: sacarle clientes al T-Cross y al Pulse...\" \/>\n<meta name=\"robots\" content=\"index, follow, max-snippet:-1, max-image-preview:large, max-video-preview:-1\" \/>\n<link rel=\"canonical\" href=\"https:\/\/autofans.com.ar\/index.php\/2026\/04\/28\/llega-el-suv-chino-que-quiere-dar-pelea-en-el-segmento-b\/\" \/>\n<meta property=\"og:locale\" content=\"es_ES\" \/>\n<meta property=\"og:type\" content=\"article\" \/>\n<meta property=\"og:title\" content=\"llega el SUV chino que quiere dar pelea en el segmento B -\" \/>\n<meta property=\"og:description\" content=\"Omoda 4 confirmado para la Argentina. Dise\u00f1o afilado, motor h\u00edbrido de 204 CV y una misi\u00f3n clara: sacarle clientes al T-Cross y al Pulse...\" \/>\n<meta property=\"og:url\" content=\"https:\/\/autofans.com.ar\/index.php\/2026\/04\/28\/llega-el-suv-chino-que-quiere-dar-pelea-en-el-segmento-b\/\" \/>\n<meta property=\"article:published_time\" content=\"2026-04-28T21:47:24+00:00\" \/>\n<meta property=\"og:image\" content=\"https:\/\/autofans.com.ar\/wp-content\/uploads\/2026\/04\/omoda-1.jpg\" \/>\n\t<meta property=\"og:image:width\" content=\"1000\" \/>\n\t<meta property=\"og:image:height\" content=\"667\" \/>\n\t<meta property=\"og:image:type\" content=\"image\/jpeg\" \/>\n<meta name=\"author\" content=\"Alejandro Gabriel Rosito\" \/>\n<meta name=\"twitter:card\" content=\"summary_large_image\" \/>\n<meta name=\"twitter:label1\" content=\"Escrito por\" \/>\n\t<meta name=\"twitter:data1\" content=\"Alejandro Gabriel Rosito\" \/>\n\t<meta name=\"twitter:label2\" content=\"Tiempo de lectura\" \/>\n\t<meta name=\"twitter:data2\" content=\"3 minutos\" \/>\n<script type=\"application\/ld+json\" class=\"yoast-schema-graph\">{\"@context\":\"https:\\\/\\\/schema.org\",\"@graph\":[{\"@type\":\"Article\",\"@id\":\"https:\\\/\\\/autofans.com.ar\\\/index.php\\\/2026\\\/04\\\/28\\\/llega-el-suv-chino-que-quiere-dar-pelea-en-el-segmento-b\\\/#article\",\"isPartOf\":{\"@id\":\"https:\\\/\\\/autofans.com.ar\\\/index.php\\\/2026\\\/04\\\/28\\\/llega-el-suv-chino-que-quiere-dar-pelea-en-el-segmento-b\\\/\"},\"author\":{\"name\":\"Alejandro Gabriel Rosito\",\"@id\":\"https:\\\/\\\/autofans.com.ar\\\/#\\\/schema\\\/person\\\/4a8dda0b6df83ac3d6723e921274c2aa\"},\"headline\":\"llega el SUV chino que quiere dar pelea en el segmento B\",\"datePublished\":\"2026-04-28T21:47:24+00:00\",\"mainEntityOfPage\":{\"@id\":\"https:\\\/\\\/autofans.com.ar\\\/index.php\\\/2026\\\/04\\\/28\\\/llega-el-suv-chino-que-quiere-dar-pelea-en-el-segmento-b\\\/\"},\"wordCount\":449,\"image\":{\"@id\":\"https:\\\/\\\/autofans.com.ar\\\/index.php\\\/2026\\\/04\\\/28\\\/llega-el-suv-chino-que-quiere-dar-pelea-en-el-segmento-b\\\/#primaryimage\"},\"thumbnailUrl\":\"https:\\\/\\\/autofans.com.ar\\\/wp-content\\\/uploads\\\/2026\\\/04\\\/omoda-1.jpg\",\"keywords\":[\"autos chinas en Argentina\",\"competidores SUV segmento B\",\"lanzamiento Omoda 4\",\"Omoda 4 Argentina\",\"Omoda 4 precio Argentina\",\"Omoda vs T-Cross\",\"SUV chino compacto\",\"SUV electrificado Mercosur\",\"SUV h\u00edbrido 2026\"],\"articleSection\":[\"HIBRIDOS, ELECTRICOS y otros\",\"NOTICIAS\"],\"inLanguage\":\"es\"},{\"@type\":\"WebPage\",\"@id\":\"https:\\\/\\\/autofans.com.ar\\\/index.php\\\/2026\\\/04\\\/28\\\/llega-el-suv-chino-que-quiere-dar-pelea-en-el-segmento-b\\\/\",\"url\":\"https:\\\/\\\/autofans.com.ar\\\/index.php\\\/2026\\\/04\\\/28\\\/llega-el-suv-chino-que-quiere-dar-pelea-en-el-segmento-b\\\/\",\"name\":\"llega el SUV chino que quiere dar pelea en el segmento B -\",\"isPartOf\":{\"@id\":\"https:\\\/\\\/autofans.com.ar\\\/#website\"},\"primaryImageOfPage\":{\"@id\":\"https:\\\/\\\/autofans.com.ar\\\/index.php\\\/2026\\\/04\\\/28\\\/llega-el-suv-chino-que-quiere-dar-pelea-en-el-segmento-b\\\/#primaryimage\"},\"image\":{\"@id\":\"https:\\\/\\\/autofans.com.ar\\\/index.php\\\/2026\\\/04\\\/28\\\/llega-el-suv-chino-que-quiere-dar-pelea-en-el-segmento-b\\\/#primaryimage\"},\"thumbnailUrl\":\"https:\\\/\\\/autofans.com.ar\\\/wp-content\\\/uploads\\\/2026\\\/04\\\/omoda-1.jpg\",\"datePublished\":\"2026-04-28T21:47:24+00:00\",\"author\":{\"@id\":\"https:\\\/\\\/autofans.com.ar\\\/#\\\/schema\\\/person\\\/4a8dda0b6df83ac3d6723e921274c2aa\"},\"description\":\"Omoda 4 confirmado para la Argentina. Dise\u00f1o afilado, motor h\u00edbrido de 204 CV y una misi\u00f3n clara: sacarle clientes al T-Cross y al Pulse...\",\"breadcrumb\":{\"@id\":\"https:\\\/\\\/autofans.com.ar\\\/index.php\\\/2026\\\/04\\\/28\\\/llega-el-suv-chino-que-quiere-dar-pelea-en-el-segmento-b\\\/#breadcrumb\"},\"inLanguage\":\"es\",\"potentialAction\":[{\"@type\":\"ReadAction\",\"target\":[\"https:\\\/\\\/autofans.com.ar\\\/index.php\\\/2026\\\/04\\\/28\\\/llega-el-suv-chino-que-quiere-dar-pelea-en-el-segmento-b\\\/\"]}]},{\"@type\":\"ImageObject\",\"inLanguage\":\"es\",\"@id\":\"https:\\\/\\\/autofans.com.ar\\\/index.php\\\/2026\\\/04\\\/28\\\/llega-el-suv-chino-que-quiere-dar-pelea-en-el-segmento-b\\\/#primaryimage\",\"url\":\"https:\\\/\\\/autofans.com.ar\\\/wp-content\\\/uploads\\\/2026\\\/04\\\/omoda-1.jpg\",\"contentUrl\":\"https:\\\/\\\/autofans.com.ar\\\/wp-content\\\/uploads\\\/2026\\\/04\\\/omoda-1.jpg\",\"width\":1000,\"height\":667,\"caption\":\"SUV\"},{\"@type\":\"BreadcrumbList\",\"@id\":\"https:\\\/\\\/autofans.com.ar\\\/index.php\\\/2026\\\/04\\\/28\\\/llega-el-suv-chino-que-quiere-dar-pelea-en-el-segmento-b\\\/#breadcrumb\",\"itemListElement\":[{\"@type\":\"ListItem\",\"position\":1,\"name\":\"Inicio\",\"item\":\"https:\\\/\\\/autofans.com.ar\\\/\"},{\"@type\":\"ListItem\",\"position\":2,\"name\":\"llega el SUV chino que quiere dar pelea en el segmento B\"}]},{\"@type\":\"WebSite\",\"@id\":\"https:\\\/\\\/autofans.com.ar\\\/#website\",\"url\":\"https:\\\/\\\/autofans.com.ar\\\/\",\"name\":\"\",\"description\":\"El multimedio referente de la industria automotriz\",\"potentialAction\":[{\"@type\":\"SearchAction\",\"target\":{\"@type\":\"EntryPoint\",\"urlTemplate\":\"https:\\\/\\\/autofans.com.ar\\\/?s={search_term_string}\"},\"query-input\":{\"@type\":\"PropertyValueSpecification\",\"valueRequired\":true,\"valueName\":\"search_term_string\"}}],\"inLanguage\":\"es\"},{\"@type\":\"Person\",\"@id\":\"https:\\\/\\\/autofans.com.ar\\\/#\\\/schema\\\/person\\\/4a8dda0b6df83ac3d6723e921274c2aa\",\"name\":\"Alejandro Gabriel Rosito\",\"image\":{\"@type\":\"ImageObject\",\"inLanguage\":\"es\",\"@id\":\"https:\\\/\\\/secure.gravatar.com\\\/avatar\\\/16c5dda1489adfc62618084dcbb91cffd879c374b13fe5dd8e44ed6733852c88?s=96&d=mm&r=g\",\"url\":\"https:\\\/\\\/secure.gravatar.com\\\/avatar\\\/16c5dda1489adfc62618084dcbb91cffd879c374b13fe5dd8e44ed6733852c88?s=96&d=mm&r=g\",\"contentUrl\":\"https:\\\/\\\/secure.gravatar.com\\\/avatar\\\/16c5dda1489adfc62618084dcbb91cffd879c374b13fe5dd8e44ed6733852c88?s=96&d=mm&r=g\",\"caption\":\"Alejandro Gabriel Rosito\"},\"url\":\"https:\\\/\\\/autofans.com.ar\\\/index.php\\\/author\\\/gabrielr\\\/\"}]}<\/script>\n<!-- \/ Yoast SEO plugin. -->","yoast_head_json":{"title":"llega el SUV chino que quiere dar pelea en el segmento B -","description":"Omoda 4 confirmado para la Argentina. Dise\u00f1o afilado, motor h\u00edbrido de 204 CV y una misi\u00f3n clara: sacarle clientes al T-Cross y al Pulse...","robots":{"index":"index","follow":"follow","max-snippet":"max-snippet:-1","max-image-preview":"max-image-preview:large","max-video-preview":"max-video-preview:-1"},"canonical":"https:\/\/autofans.com.ar\/index.php\/2026\/04\/28\/llega-el-suv-chino-que-quiere-dar-pelea-en-el-segmento-b\/","og_locale":"es_ES","og_type":"article","og_title":"llega el SUV chino que quiere dar pelea en el segmento B -","og_description":"Omoda 4 confirmado para la Argentina. Dise\u00f1o afilado, motor h\u00edbrido de 204 CV y una misi\u00f3n clara: sacarle clientes al T-Cross y al Pulse...","og_url":"https:\/\/autofans.com.ar\/index.php\/2026\/04\/28\/llega-el-suv-chino-que-quiere-dar-pelea-en-el-segmento-b\/","article_published_time":"2026-04-28T21:47:24+00:00","og_image":[{"width":1000,"height":667,"url":"https:\/\/autofans.com.ar\/wp-content\/uploads\/2026\/04\/omoda-1.jpg","type":"image\/jpeg"}],"author":"Alejandro Gabriel Rosito","twitter_card":"summary_large_image","twitter_misc":{"Escrito por":"Alejandro Gabriel Rosito","Tiempo de lectura":"3 minutos"},"schema":{"@context":"https:\/\/schema.org","@graph":[{"@type":"Article","@id":"https:\/\/autofans.com.ar\/index.php\/2026\/04\/28\/llega-el-suv-chino-que-quiere-dar-pelea-en-el-segmento-b\/#article","isPartOf":{"@id":"https:\/\/autofans.com.ar\/index.php\/2026\/04\/28\/llega-el-suv-chino-que-quiere-dar-pelea-en-el-segmento-b\/"},"author":{"name":"Alejandro Gabriel Rosito","@id":"https:\/\/autofans.com.ar\/#\/schema\/person\/4a8dda0b6df83ac3d6723e921274c2aa"},"headline":"llega el SUV chino que quiere dar pelea en el segmento B","datePublished":"2026-04-28T21:47:24+00:00","mainEntityOfPage":{"@id":"https:\/\/autofans.com.ar\/index.php\/2026\/04\/28\/llega-el-suv-chino-que-quiere-dar-pelea-en-el-segmento-b\/"},"wordCount":449,"image":{"@id":"https:\/\/autofans.com.ar\/index.php\/2026\/04\/28\/llega-el-suv-chino-que-quiere-dar-pelea-en-el-segmento-b\/#primaryimage"},"thumbnailUrl":"https:\/\/autofans.com.ar\/wp-content\/uploads\/2026\/04\/omoda-1.jpg","keywords":["autos chinas en Argentina","competidores SUV segmento B","lanzamiento Omoda 4","Omoda 4 Argentina","Omoda 4 precio Argentina","Omoda vs T-Cross","SUV chino compacto","SUV electrificado Mercosur","SUV h\u00edbrido 2026"],"articleSection":["HIBRIDOS, ELECTRICOS y otros","NOTICIAS"],"inLanguage":"es"},{"@type":"WebPage","@id":"https:\/\/autofans.com.ar\/index.php\/2026\/04\/28\/llega-el-suv-chino-que-quiere-dar-pelea-en-el-segmento-b\/","url":"https:\/\/autofans.com.ar\/index.php\/2026\/04\/28\/llega-el-suv-chino-que-quiere-dar-pelea-en-el-segmento-b\/","name":"llega el SUV chino que quiere dar pelea en el segmento B -","isPartOf":{"@id":"https:\/\/autofans.com.ar\/#website"},"primaryImageOfPage":{"@id":"https:\/\/autofans.com.ar\/index.php\/2026\/04\/28\/llega-el-suv-chino-que-quiere-dar-pelea-en-el-segmento-b\/#primaryimage"},"image":{"@id":"https:\/\/autofans.com.ar\/index.php\/2026\/04\/28\/llega-el-suv-chino-que-quiere-dar-pelea-en-el-segmento-b\/#primaryimage"},"thumbnailUrl":"https:\/\/autofans.com.ar\/wp-content\/uploads\/2026\/04\/omoda-1.jpg","datePublished":"2026-04-28T21:47:24+00:00","author":{"@id":"https:\/\/autofans.com.ar\/#\/schema\/person\/4a8dda0b6df83ac3d6723e921274c2aa"},"description":"Omoda 4 confirmado para la Argentina. Dise\u00f1o afilado, motor h\u00edbrido de 204 CV y una misi\u00f3n clara: sacarle clientes al T-Cross y al Pulse...","breadcrumb":{"@id":"https:\/\/autofans.com.ar\/index.php\/2026\/04\/28\/llega-el-suv-chino-que-quiere-dar-pelea-en-el-segmento-b\/#breadcrumb"},"inLanguage":"es","potentialAction":[{"@type":"ReadAction","target":["https:\/\/autofans.com.ar\/index.php\/2026\/04\/28\/llega-el-suv-chino-que-quiere-dar-pelea-en-el-segmento-b\/"]}]},{"@type":"ImageObject","inLanguage":"es","@id":"https:\/\/autofans.com.ar\/index.php\/2026\/04\/28\/llega-el-suv-chino-que-quiere-dar-pelea-en-el-segmento-b\/#primaryimage","url":"https:\/\/autofans.com.ar\/wp-content\/uploads\/2026\/04\/omoda-1.jpg","contentUrl":"https:\/\/autofans.com.ar\/wp-content\/uploads\/2026\/04\/omoda-1.jpg","width":1000,"height":667,"caption":"SUV"},{"@type":"BreadcrumbList","@id":"https:\/\/autofans.com.ar\/index.php\/2026\/04\/28\/llega-el-suv-chino-que-quiere-dar-pelea-en-el-segmento-b\/#breadcrumb","itemListElement":[{"@type":"ListItem","position":1,"name":"Inicio","item":"https:\/\/autofans.com.ar\/"},{"@type":"ListItem","position":2,"name":"llega el SUV chino que quiere dar pelea en el segmento B"}]},{"@type":"WebSite","@id":"https:\/\/autofans.com.ar\/#website","url":"https:\/\/autofans.com.ar\/","name":"","description":"El multimedio referente de la industria automotriz","potentialAction":[{"@type":"SearchAction","target":{"@type":"EntryPoint","urlTemplate":"https:\/\/autofans.com.ar\/?s={search_term_string}"},"query-input":{"@type":"PropertyValueSpecification","valueRequired":true,"valueName":"search_term_string"}}],"inLanguage":"es"},{"@type":"Person","@id":"https:\/\/autofans.com.ar\/#\/schema\/person\/4a8dda0b6df83ac3d6723e921274c2aa","name":"Alejandro Gabriel Rosito","image":{"@type":"ImageObject","inLanguage":"es","@id":"https:\/\/secure.gravatar.com\/avatar\/16c5dda1489adfc62618084dcbb91cffd879c374b13fe5dd8e44ed6733852c88?s=96&d=mm&r=g","url":"https:\/\/secure.gravatar.com\/avatar\/16c5dda1489adfc62618084dcbb91cffd879c374b13fe5dd8e44ed6733852c88?s=96&d=mm&r=g","contentUrl":"https:\/\/secure.gravatar.com\/avatar\/16c5dda1489adfc62618084dcbb91cffd879c374b13fe5dd8e44ed6733852c88?s=96&d=mm&r=g","caption":"Alejandro Gabriel Rosito"},"url":"https:\/\/autofans.com.ar\/index.php\/author\/gabrielr\/"}]}},"featured_image_urls":{"full":["https:\/\/autofans.com.ar\/wp-content\/uploads\/2026\/04\/omoda-1.jpg",1000,667,false],"thumbnail":["https:\/\/autofans.com.ar\/wp-content\/uploads\/2026\/04\/omoda-1-150x150.jpg",150,150,true],"medium":["https:\/\/autofans.com.ar\/wp-content\/uploads\/2026\/04\/omoda-1-300x200.jpg",300,200,true],"medium_large":["https:\/\/autofans.com.ar\/wp-content\/uploads\/2026\/04\/omoda-1-768x512.jpg",640,427,true],"large":["https:\/\/autofans.com.ar\/wp-content\/uploads\/2026\/04\/omoda-1.jpg",640,427,false],"1536x1536":["https:\/\/autofans.com.ar\/wp-content\/uploads\/2026\/04\/omoda-1.jpg",1000,667,false],"2048x2048":["https:\/\/autofans.com.ar\/wp-content\/uploads\/2026\/04\/omoda-1.jpg",1000,667,false],"covernews-featured":["https:\/\/autofans.com.ar\/wp-content\/uploads\/2026\/04\/omoda-1.jpg",1000,667,false],"covernews-medium":["https:\/\/autofans.com.ar\/wp-content\/uploads\/2026\/04\/omoda-1-540x340.jpg",540,340,true]},"author_info":{"display_name":"Alejandro Gabriel Rosito","author_link":"https:\/\/autofans.com.ar\/index.php\/author\/gabrielr\/"},"category_info":"<a href=\"https:\/\/autofans.com.ar\/index.php\/category\/noticias\/hibridos-y-electricos\/\" rel=\"category tag\">HIBRIDOS, ELECTRICOS y otros<\/a> <a href=\"https:\/\/autofans.com.ar\/index.php\/category\/noticias\/\" rel=\"category tag\">NOTICIAS<\/a>","tag_info":"NOTICIAS","comment_count":0,"_links":{"self":[{"href":"https:\/\/autofans.com.ar\/index.php\/wp-json\/wp\/v2\/posts\/17057","targetHints":{"allow":["GET"]}}],"collection":[{"href":"https:\/\/autofans.com.ar\/index.php\/wp-json\/wp\/v2\/posts"}],"about":[{"href":"https:\/\/autofans.com.ar\/index.php\/wp-json\/wp\/v2\/types\/post"}],"author":[{"embeddable":true,"href":"https:\/\/autofans.com.ar\/index.php\/wp-json\/wp\/v2\/users\/2"}],"replies":[{"embeddable":true,"href":"https:\/\/autofans.com.ar\/index.php\/wp-json\/wp\/v2\/comments?post=17057"}],"version-history":[{"count":1,"href":"https:\/\/autofans.com.ar\/index.php\/wp-json\/wp\/v2\/posts\/17057\/revisions"}],"predecessor-version":[{"id":17063,"href":"https:\/\/autofans.com.ar\/index.php\/wp-json\/wp\/v2\/posts\/17057\/revisions\/17063"}],"wp:featuredmedia":[{"embeddable":true,"href":"https:\/\/autofans.com.ar\/index.php\/wp-json\/wp\/v2\/media\/17062"}],"wp:attachment":[{"href":"https:\/\/autofans.com.ar\/index.php\/wp-json\/wp\/v2\/media?parent=17057"}],"wp:term":[{"taxonomy":"category","embeddable":true,"href":"https:\/\/autofans.com.ar\/index.php\/wp-json\/wp\/v2\/categories?post=17057"},{"taxonomy":"post_tag","embeddable":true,"href":"https:\/\/autofans.com.ar\/index.php\/wp-json\/wp\/v2\/tags?post=17057"}],"curies":[{"name":"wp","href":"https:\/\/api.w.org\/{rel}","templated":true}]}}