{"id":17064,"date":"2026-04-28T19:57:32","date_gmt":"2026-04-28T22:57:32","guid":{"rendered":"https:\/\/autofans.com.ar\/?p=17064"},"modified":"2026-04-28T19:57:32","modified_gmt":"2026-04-28T22:57:32","slug":"el-citroen-e-c3-mas-barato-de-todos","status":"publish","type":"post","link":"https:\/\/autofans.com.ar\/index.php\/2026\/04\/28\/el-citroen-e-c3-mas-barato-de-todos\/","title":{"rendered":"El Citro\u00ebn \u00eb-C3 m\u00e1s barato de todos"},"content":{"rendered":"<p class=\"ds-markdown-paragraph\">Cada vez se habla m\u00e1s de lo mismo: hace falta un auto el\u00e9ctrico accesible, sin vueltas, para que la gente com\u00fan se anime. No imponer tecnolog\u00eda, sino ofrecer una soluci\u00f3n pr\u00e1ctica. Citro\u00ebn entendi\u00f3 el mensaje y lanz\u00f3 el \u00eb-C3 con bater\u00eda chica: 30 kWh, 215 km de autonom\u00eda y un precio que arranca en 17.100 euros sin ayudas.<\/p>\n<p class=\"ds-markdown-paragraph\">\u00bfPara qu\u00e9 sirve este bicho? Para el d\u00eda a d\u00eda. Porque si lo pens\u00e1s bien, el 80% de tus viajes son por ciudad y el resto por autopista. Para ese uso cotidiano, este utilitario franc\u00e9s calza justo: misma potencia, mismo confort, pero m\u00e1s barato.<\/p>\n<p>&nbsp;<\/p>\n<h2>Looks modernos, nada de \u201ccoche pobre\u201d<\/h2>\n<p>&nbsp;<\/p>\n<p><img fetchpriority=\"high\" decoding=\"async\" class=\"aligncenter wp-image-17070 size-full\" src=\"https:\/\/autofans.com.ar\/wp-content\/uploads\/2026\/04\/citroen-4-1.jpg\" alt=\"Citro\u00ebn\" width=\"1000\" height=\"667\" srcset=\"https:\/\/autofans.com.ar\/wp-content\/uploads\/2026\/04\/citroen-4-1.jpg 1000w, https:\/\/autofans.com.ar\/wp-content\/uploads\/2026\/04\/citroen-4-1-300x200.jpg 300w, https:\/\/autofans.com.ar\/wp-content\/uploads\/2026\/04\/citroen-4-1-768x512.jpg 768w\" sizes=\"(max-width: 1000px) 100vw, 1000px\" \/><\/p>\n<p>&nbsp;<\/p>\n<p class=\"ds-markdown-paragraph\">El \u00eb-C3 esquiva esa etiqueta de auto espartano que tienen varios rivales orientales. Tiene una silueta crossover, l\u00edneas rectas y una presencia juvenil. Mide 4,02 m de largo, 1,76 m de ancho y 1,57 m de alto, con una batalla de 2,54 m y 16,3 cm de despeje al suelo. Un verdadero todocamino urbano.<\/p>\n<p>&nbsp;<\/p>\n<h2>Interior sencillo pero funcional<\/h2>\n<p class=\"ds-markdown-paragraph\">Adentro, el dise\u00f1o es simple pero moderno. Volante normal, chatito arriba y abajo, y todo en su lugar. La versi\u00f3n con bater\u00eda chica incluye un selector de cambios minimalista, lo que libera espacio en la consola central.<\/p>\n<p class=\"ds-markdown-paragraph\">El acabado Plus suma pantalla t\u00e1ctil de 10,25 pulgadas, Android Auto y Apple CarPlay inal\u00e1mbricos. Y un detazo: la app \u00eb-Routes, que te gu\u00eda hasta los cargadores, te dice el precio de la energ\u00eda y la potencia de cada estaci\u00f3n.<\/p>\n<p>&nbsp;<\/p>\n<div id='gallery-1' class='gallery galleryid-17064 gallery-columns-2 gallery-size-full'><figure class='gallery-item'>\n\t\t\t<div class='gallery-icon landscape'>\n\t\t\t\t<a href='https:\/\/autofans.com.ar\/index.php\/2026\/04\/28\/el-citroen-e-c3-mas-barato-de-todos\/citroen-2-15\/'><img loading=\"lazy\" width=\"1000\" height=\"667\" src=\"https:\/\/autofans.com.ar\/wp-content\/uploads\/2026\/04\/citroen-2-2.jpg\" class=\"attachment-full size-full\" alt=\"Citro\u00ebn\" srcset=\"https:\/\/autofans.com.ar\/wp-content\/uploads\/2026\/04\/citroen-2-2.jpg 1000w, https:\/\/autofans.com.ar\/wp-content\/uploads\/2026\/04\/citroen-2-2-300x200.jpg 300w, https:\/\/autofans.com.ar\/wp-content\/uploads\/2026\/04\/citroen-2-2-768x512.jpg 768w\" sizes=\"auto, (max-width: 1000px) 100vw, 1000px\" loading=\"lazy\" decoding=\"async\" \/><\/a>\n\t\t\t<\/div><\/figure><figure class='gallery-item'>\n\t\t\t<div class='gallery-icon landscape'>\n\t\t\t\t<a href='https:\/\/autofans.com.ar\/index.php\/2026\/04\/28\/el-citroen-e-c3-mas-barato-de-todos\/citroen-1-16\/'><img loading=\"lazy\" width=\"1000\" height=\"667\" src=\"https:\/\/autofans.com.ar\/wp-content\/uploads\/2026\/04\/citroen-1-2.jpg\" class=\"attachment-full size-full\" alt=\"Citro\u00ebn\" srcset=\"https:\/\/autofans.com.ar\/wp-content\/uploads\/2026\/04\/citroen-1-2.jpg 1000w, https:\/\/autofans.com.ar\/wp-content\/uploads\/2026\/04\/citroen-1-2-300x200.jpg 300w, https:\/\/autofans.com.ar\/wp-content\/uploads\/2026\/04\/citroen-1-2-768x512.jpg 768w\" sizes=\"auto, (max-width: 1000px) 100vw, 1000px\" loading=\"lazy\" decoding=\"async\" \/><\/a>\n\t\t\t<\/div><\/figure>\n\t\t<\/div>\n\n<p>&nbsp;<\/p>\n<p class=\"ds-markdown-paragraph\">El motor el\u00e9ctrico delantero entrega 113 CV, con caja autom\u00e1tica de una velocidad. Acelera de 0 a 100 en 10,4 segundos y llega a 125 km\/h de m\u00e1xima. Consume 16,4 kWh cada 100 km, y la autonom\u00eda te\u00f3rica tope son 215 km.<\/p>\n<p class=\"ds-markdown-paragraph\">Carga en corriente continua (CC) hasta 30 kW, y en alterna (CA) hasta 11 kW. El cargador de a bordo es de 7,4 kW.<\/p>\n<p>&nbsp;<\/p>\n<h2>A la ciudad la domina, en ruta sufre<\/h2>\n<p class=\"ds-markdown-paragraph\">La prueba se hizo en Marsella: calles estrechas, tr\u00e1nsito denso, peatones por todos lados. El entorno ideal para el \u00eb-C3. A 50 km\/h o menos, con frenadas y sem\u00e1foros, la bater\u00eda se la banca gracias a las recargas por frenado. El porcentaje baja muy poco.<\/p>\n<p>&nbsp;<\/p>\n<p><img decoding=\"async\" class=\"aligncenter wp-image-17069 size-full\" src=\"https:\/\/autofans.com.ar\/wp-content\/uploads\/2026\/04\/citroen-5.jpg\" alt=\"Citro\u00ebn\" width=\"1000\" height=\"667\" srcset=\"https:\/\/autofans.com.ar\/wp-content\/uploads\/2026\/04\/citroen-5.jpg 1000w, https:\/\/autofans.com.ar\/wp-content\/uploads\/2026\/04\/citroen-5-300x200.jpg 300w, https:\/\/autofans.com.ar\/wp-content\/uploads\/2026\/04\/citroen-5-768x512.jpg 768w\" sizes=\"(max-width: 1000px) 100vw, 1000px\" \/><\/p>\n<p>&nbsp;<\/p>\n<p class=\"ds-markdown-paragraph\">Pero en cuanto sub\u00eds la velocidad media, la historia cambia. Ah\u00ed la bater\u00eda empieza a sufrir y el nivel cae m\u00e1s r\u00e1pido. La m\u00e1xima autolimitada a 125 km\/h est\u00e1 bien pensada, porque con 113 CV podr\u00eda dar m\u00e1s, pero sumale una aerodin\u00e1mica de crossover y la ruta no es su mejor amiga.<\/p>\n<p class=\"ds-markdown-paragraph\">Eso s\u00ed: el auto es c\u00f3modo. Direcci\u00f3n sobreasistida, suspensi\u00f3n con topes hidr\u00e1ulicos \u201cCitro\u00ebn Advanced Comfort\u201d. Y si vas por el acabado Max, sum\u00e1s asientos con relleno extra.<\/p>\n<p>&nbsp;<\/p>\n<h2>Equipamiento y precios que cambian la ecuaci\u00f3n<\/h2>\n<p>&nbsp;<\/p>\n<p><img decoding=\"async\" class=\"aligncenter wp-image-17068 size-full\" src=\"https:\/\/autofans.com.ar\/wp-content\/uploads\/2026\/04\/citroen-6.jpg\" alt=\"Citro\u00ebn\" width=\"1000\" height=\"667\" srcset=\"https:\/\/autofans.com.ar\/wp-content\/uploads\/2026\/04\/citroen-6.jpg 1000w, https:\/\/autofans.com.ar\/wp-content\/uploads\/2026\/04\/citroen-6-300x200.jpg 300w, https:\/\/autofans.com.ar\/wp-content\/uploads\/2026\/04\/citroen-6-768x512.jpg 768w\" sizes=\"(max-width: 1000px) 100vw, 1000px\" \/><\/p>\n<p>&nbsp;<\/p>\n<p class=\"ds-markdown-paragraph\">Dos niveles de equipamiento:<\/p>\n<ul>\n<li>\n<p class=\"ds-markdown-paragraph\">You (acceso): llantas de 16\u201d, luces LED, aire acondicionado, soporte para celu, Bluetooth. Desde 17.100 euros.<\/p>\n<\/li>\n<li>\n<p class=\"ds-markdown-paragraph\">Plus: agrega llantas de aleaci\u00f3n de 17\u201d, pantalla de 10,25\u201d, puertos USB delanteros y traseros, radio digital. Desde 18.700 euros.<\/p>\n<\/li>\n<\/ul>\n<p class=\"ds-markdown-paragraph\">Sin ayudas oficiales. Si sum\u00e1s el Plan Auto+, pod\u00e9s descontar hasta 4.500 euros.<\/p>\n<p class=\"ds-markdown-paragraph\">Con estos n\u00fameros, Citro\u00ebn tiene argumentos de sobra para plantar cara a la ola de autos el\u00e9ctricos asi\u00e1ticos que ya llegaron\u2026 y a los que est\u00e1n por venir.<\/p>\n<p>&nbsp;<\/p>\n<p>&nbsp;<\/p>\n<p>&nbsp;<\/p>\n<p><i>Para enterarte de m\u00e1s novedades, no dejes de leer\u00a0<\/i><a href=\"https:\/\/autofans.thebrandsoup.com\/\"><i>nuestras notas<\/i><\/a><i>, de ver\u00a0<\/i><a href=\"https:\/\/www.youtube.com\/channel\/UCgAC8UGHZYbT6P7PpmVnP7g\"><i>AUTOFANS TV<\/i><\/a><i>\u00a0en nuestro\u00a0canal de Youtube. Adem\u00e1s seguinos en\u00a0<\/i><a href=\"https:\/\/www.instagram.com\/autofanstv\/\"><i>INSTAGRAM<\/i><\/a><i> y <\/i><a href=\"https:\/\/www.facebook.com\/autofansmas\/\"><i>FACEBOOK<\/i><\/a><i> para no perderte nada sobre las novedades del segmento automotor de Argentina y el mundo.<\/i><\/p>\n","protected":false},"excerpt":{"rendered":"<p>Cada vez se habla m\u00e1s de lo mismo: hace falta un auto el\u00e9ctrico accesible, sin&#8230;<\/p>\n","protected":false},"author":2,"featured_media":17071,"comment_status":"closed","ping_status":"closed","sticky":false,"template":"","format":"standard","meta":{"footnotes":""},"categories":[341,16],"tags":[],"class_list":["post-17064","post","type-post","status-publish","format-standard","has-post-thumbnail","hentry","category-hibridos-y-electricos","category-noticias"],"yoast_head":"<!-- This site is optimized with the Yoast SEO plugin v27.5 - https:\/\/yoast.com\/product\/yoast-seo-wordpress\/ -->\n<title>El Citro\u00ebn \u00eb-C3 m\u00e1s barato de todos -<\/title>\n<meta name=\"description\" content=\"El nuevo Citro\u00ebn \u00eb-C3 2026 llega con bater\u00eda chica pero idea clara: ciudad sin vueltas. 215 km de autonom\u00eda, 113 CV...\" \/>\n<meta name=\"robots\" content=\"index, follow, max-snippet:-1, max-image-preview:large, max-video-preview:-1\" \/>\n<link rel=\"canonical\" href=\"https:\/\/autofans.com.ar\/index.php\/2026\/04\/28\/el-citroen-e-c3-mas-barato-de-todos\/\" \/>\n<meta property=\"og:locale\" content=\"es_ES\" \/>\n<meta property=\"og:type\" content=\"article\" \/>\n<meta property=\"og:title\" content=\"El Citro\u00ebn \u00eb-C3 m\u00e1s barato de todos -\" \/>\n<meta property=\"og:description\" content=\"El nuevo Citro\u00ebn \u00eb-C3 2026 llega con bater\u00eda chica pero idea clara: ciudad sin vueltas. 215 km de autonom\u00eda, 113 CV...\" \/>\n<meta property=\"og:url\" content=\"https:\/\/autofans.com.ar\/index.php\/2026\/04\/28\/el-citroen-e-c3-mas-barato-de-todos\/\" \/>\n<meta property=\"article:published_time\" content=\"2026-04-28T22:57:32+00:00\" \/>\n<meta property=\"og:image\" content=\"https:\/\/autofans.com.ar\/wp-content\/uploads\/2026\/04\/citroen-3-2.jpg\" \/>\n\t<meta property=\"og:image:width\" content=\"1000\" \/>\n\t<meta property=\"og:image:height\" content=\"667\" \/>\n\t<meta property=\"og:image:type\" content=\"image\/jpeg\" \/>\n<meta name=\"author\" content=\"Alejandro Gabriel Rosito\" \/>\n<meta name=\"twitter:card\" content=\"summary_large_image\" \/>\n<meta name=\"twitter:label1\" content=\"Escrito por\" \/>\n\t<meta name=\"twitter:data1\" content=\"Alejandro Gabriel Rosito\" \/>\n\t<meta name=\"twitter:label2\" content=\"Tiempo de lectura\" \/>\n\t<meta name=\"twitter:data2\" content=\"4 minutos\" \/>\n<script type=\"application\/ld+json\" class=\"yoast-schema-graph\">{\"@context\":\"https:\\\/\\\/schema.org\",\"@graph\":[{\"@type\":\"Article\",\"@id\":\"https:\\\/\\\/autofans.com.ar\\\/index.php\\\/2026\\\/04\\\/28\\\/el-citroen-e-c3-mas-barato-de-todos\\\/#article\",\"isPartOf\":{\"@id\":\"https:\\\/\\\/autofans.com.ar\\\/index.php\\\/2026\\\/04\\\/28\\\/el-citroen-e-c3-mas-barato-de-todos\\\/\"},\"author\":{\"name\":\"Alejandro Gabriel Rosito\",\"@id\":\"https:\\\/\\\/autofans.com.ar\\\/#\\\/schema\\\/person\\\/4a8dda0b6df83ac3d6723e921274c2aa\"},\"headline\":\"El Citro\u00ebn \u00eb-C3 m\u00e1s barato de todos\",\"datePublished\":\"2026-04-28T22:57:32+00:00\",\"mainEntityOfPage\":{\"@id\":\"https:\\\/\\\/autofans.com.ar\\\/index.php\\\/2026\\\/04\\\/28\\\/el-citroen-e-c3-mas-barato-de-todos\\\/\"},\"wordCount\":628,\"image\":{\"@id\":\"https:\\\/\\\/autofans.com.ar\\\/index.php\\\/2026\\\/04\\\/28\\\/el-citroen-e-c3-mas-barato-de-todos\\\/#primaryimage\"},\"thumbnailUrl\":\"https:\\\/\\\/autofans.com.ar\\\/wp-content\\\/uploads\\\/2026\\\/04\\\/citroen-3-2.jpg\",\"articleSection\":[\"HIBRIDOS, ELECTRICOS y otros\",\"NOTICIAS\"],\"inLanguage\":\"es\"},{\"@type\":\"WebPage\",\"@id\":\"https:\\\/\\\/autofans.com.ar\\\/index.php\\\/2026\\\/04\\\/28\\\/el-citroen-e-c3-mas-barato-de-todos\\\/\",\"url\":\"https:\\\/\\\/autofans.com.ar\\\/index.php\\\/2026\\\/04\\\/28\\\/el-citroen-e-c3-mas-barato-de-todos\\\/\",\"name\":\"El Citro\u00ebn \u00eb-C3 m\u00e1s barato de todos -\",\"isPartOf\":{\"@id\":\"https:\\\/\\\/autofans.com.ar\\\/#website\"},\"primaryImageOfPage\":{\"@id\":\"https:\\\/\\\/autofans.com.ar\\\/index.php\\\/2026\\\/04\\\/28\\\/el-citroen-e-c3-mas-barato-de-todos\\\/#primaryimage\"},\"image\":{\"@id\":\"https:\\\/\\\/autofans.com.ar\\\/index.php\\\/2026\\\/04\\\/28\\\/el-citroen-e-c3-mas-barato-de-todos\\\/#primaryimage\"},\"thumbnailUrl\":\"https:\\\/\\\/autofans.com.ar\\\/wp-content\\\/uploads\\\/2026\\\/04\\\/citroen-3-2.jpg\",\"datePublished\":\"2026-04-28T22:57:32+00:00\",\"author\":{\"@id\":\"https:\\\/\\\/autofans.com.ar\\\/#\\\/schema\\\/person\\\/4a8dda0b6df83ac3d6723e921274c2aa\"},\"description\":\"El nuevo Citro\u00ebn \u00eb-C3 2026 llega con bater\u00eda chica pero idea clara: ciudad sin vueltas. 215 km de autonom\u00eda, 113 CV...\",\"breadcrumb\":{\"@id\":\"https:\\\/\\\/autofans.com.ar\\\/index.php\\\/2026\\\/04\\\/28\\\/el-citroen-e-c3-mas-barato-de-todos\\\/#breadcrumb\"},\"inLanguage\":\"es\",\"potentialAction\":[{\"@type\":\"ReadAction\",\"target\":[\"https:\\\/\\\/autofans.com.ar\\\/index.php\\\/2026\\\/04\\\/28\\\/el-citroen-e-c3-mas-barato-de-todos\\\/\"]}]},{\"@type\":\"ImageObject\",\"inLanguage\":\"es\",\"@id\":\"https:\\\/\\\/autofans.com.ar\\\/index.php\\\/2026\\\/04\\\/28\\\/el-citroen-e-c3-mas-barato-de-todos\\\/#primaryimage\",\"url\":\"https:\\\/\\\/autofans.com.ar\\\/wp-content\\\/uploads\\\/2026\\\/04\\\/citroen-3-2.jpg\",\"contentUrl\":\"https:\\\/\\\/autofans.com.ar\\\/wp-content\\\/uploads\\\/2026\\\/04\\\/citroen-3-2.jpg\",\"width\":1000,\"height\":667,\"caption\":\"Citro\u00ebn\"},{\"@type\":\"BreadcrumbList\",\"@id\":\"https:\\\/\\\/autofans.com.ar\\\/index.php\\\/2026\\\/04\\\/28\\\/el-citroen-e-c3-mas-barato-de-todos\\\/#breadcrumb\",\"itemListElement\":[{\"@type\":\"ListItem\",\"position\":1,\"name\":\"Inicio\",\"item\":\"https:\\\/\\\/autofans.com.ar\\\/\"},{\"@type\":\"ListItem\",\"position\":2,\"name\":\"El Citro\u00ebn \u00eb-C3 m\u00e1s barato de todos\"}]},{\"@type\":\"WebSite\",\"@id\":\"https:\\\/\\\/autofans.com.ar\\\/#website\",\"url\":\"https:\\\/\\\/autofans.com.ar\\\/\",\"name\":\"\",\"description\":\"El multimedio referente de la industria automotriz\",\"potentialAction\":[{\"@type\":\"SearchAction\",\"target\":{\"@type\":\"EntryPoint\",\"urlTemplate\":\"https:\\\/\\\/autofans.com.ar\\\/?s={search_term_string}\"},\"query-input\":{\"@type\":\"PropertyValueSpecification\",\"valueRequired\":true,\"valueName\":\"search_term_string\"}}],\"inLanguage\":\"es\"},{\"@type\":\"Person\",\"@id\":\"https:\\\/\\\/autofans.com.ar\\\/#\\\/schema\\\/person\\\/4a8dda0b6df83ac3d6723e921274c2aa\",\"name\":\"Alejandro Gabriel Rosito\",\"image\":{\"@type\":\"ImageObject\",\"inLanguage\":\"es\",\"@id\":\"https:\\\/\\\/secure.gravatar.com\\\/avatar\\\/16c5dda1489adfc62618084dcbb91cffd879c374b13fe5dd8e44ed6733852c88?s=96&d=mm&r=g\",\"url\":\"https:\\\/\\\/secure.gravatar.com\\\/avatar\\\/16c5dda1489adfc62618084dcbb91cffd879c374b13fe5dd8e44ed6733852c88?s=96&d=mm&r=g\",\"contentUrl\":\"https:\\\/\\\/secure.gravatar.com\\\/avatar\\\/16c5dda1489adfc62618084dcbb91cffd879c374b13fe5dd8e44ed6733852c88?s=96&d=mm&r=g\",\"caption\":\"Alejandro Gabriel Rosito\"},\"url\":\"https:\\\/\\\/autofans.com.ar\\\/index.php\\\/author\\\/gabrielr\\\/\"}]}<\/script>\n<!-- \/ Yoast SEO plugin. -->","yoast_head_json":{"title":"El Citro\u00ebn \u00eb-C3 m\u00e1s barato de todos -","description":"El nuevo Citro\u00ebn \u00eb-C3 2026 llega con bater\u00eda chica pero idea clara: ciudad sin vueltas. 215 km de autonom\u00eda, 113 CV...","robots":{"index":"index","follow":"follow","max-snippet":"max-snippet:-1","max-image-preview":"max-image-preview:large","max-video-preview":"max-video-preview:-1"},"canonical":"https:\/\/autofans.com.ar\/index.php\/2026\/04\/28\/el-citroen-e-c3-mas-barato-de-todos\/","og_locale":"es_ES","og_type":"article","og_title":"El Citro\u00ebn \u00eb-C3 m\u00e1s barato de todos -","og_description":"El nuevo Citro\u00ebn \u00eb-C3 2026 llega con bater\u00eda chica pero idea clara: ciudad sin vueltas. 215 km de autonom\u00eda, 113 CV...","og_url":"https:\/\/autofans.com.ar\/index.php\/2026\/04\/28\/el-citroen-e-c3-mas-barato-de-todos\/","article_published_time":"2026-04-28T22:57:32+00:00","og_image":[{"width":1000,"height":667,"url":"https:\/\/autofans.com.ar\/wp-content\/uploads\/2026\/04\/citroen-3-2.jpg","type":"image\/jpeg"}],"author":"Alejandro Gabriel Rosito","twitter_card":"summary_large_image","twitter_misc":{"Escrito por":"Alejandro Gabriel Rosito","Tiempo de lectura":"4 minutos"},"schema":{"@context":"https:\/\/schema.org","@graph":[{"@type":"Article","@id":"https:\/\/autofans.com.ar\/index.php\/2026\/04\/28\/el-citroen-e-c3-mas-barato-de-todos\/#article","isPartOf":{"@id":"https:\/\/autofans.com.ar\/index.php\/2026\/04\/28\/el-citroen-e-c3-mas-barato-de-todos\/"},"author":{"name":"Alejandro Gabriel Rosito","@id":"https:\/\/autofans.com.ar\/#\/schema\/person\/4a8dda0b6df83ac3d6723e921274c2aa"},"headline":"El Citro\u00ebn \u00eb-C3 m\u00e1s barato de todos","datePublished":"2026-04-28T22:57:32+00:00","mainEntityOfPage":{"@id":"https:\/\/autofans.com.ar\/index.php\/2026\/04\/28\/el-citroen-e-c3-mas-barato-de-todos\/"},"wordCount":628,"image":{"@id":"https:\/\/autofans.com.ar\/index.php\/2026\/04\/28\/el-citroen-e-c3-mas-barato-de-todos\/#primaryimage"},"thumbnailUrl":"https:\/\/autofans.com.ar\/wp-content\/uploads\/2026\/04\/citroen-3-2.jpg","articleSection":["HIBRIDOS, ELECTRICOS y otros","NOTICIAS"],"inLanguage":"es"},{"@type":"WebPage","@id":"https:\/\/autofans.com.ar\/index.php\/2026\/04\/28\/el-citroen-e-c3-mas-barato-de-todos\/","url":"https:\/\/autofans.com.ar\/index.php\/2026\/04\/28\/el-citroen-e-c3-mas-barato-de-todos\/","name":"El Citro\u00ebn \u00eb-C3 m\u00e1s barato de todos -","isPartOf":{"@id":"https:\/\/autofans.com.ar\/#website"},"primaryImageOfPage":{"@id":"https:\/\/autofans.com.ar\/index.php\/2026\/04\/28\/el-citroen-e-c3-mas-barato-de-todos\/#primaryimage"},"image":{"@id":"https:\/\/autofans.com.ar\/index.php\/2026\/04\/28\/el-citroen-e-c3-mas-barato-de-todos\/#primaryimage"},"thumbnailUrl":"https:\/\/autofans.com.ar\/wp-content\/uploads\/2026\/04\/citroen-3-2.jpg","datePublished":"2026-04-28T22:57:32+00:00","author":{"@id":"https:\/\/autofans.com.ar\/#\/schema\/person\/4a8dda0b6df83ac3d6723e921274c2aa"},"description":"El nuevo Citro\u00ebn \u00eb-C3 2026 llega con bater\u00eda chica pero idea clara: ciudad sin vueltas. 215 km de autonom\u00eda, 113 CV...","breadcrumb":{"@id":"https:\/\/autofans.com.ar\/index.php\/2026\/04\/28\/el-citroen-e-c3-mas-barato-de-todos\/#breadcrumb"},"inLanguage":"es","potentialAction":[{"@type":"ReadAction","target":["https:\/\/autofans.com.ar\/index.php\/2026\/04\/28\/el-citroen-e-c3-mas-barato-de-todos\/"]}]},{"@type":"ImageObject","inLanguage":"es","@id":"https:\/\/autofans.com.ar\/index.php\/2026\/04\/28\/el-citroen-e-c3-mas-barato-de-todos\/#primaryimage","url":"https:\/\/autofans.com.ar\/wp-content\/uploads\/2026\/04\/citroen-3-2.jpg","contentUrl":"https:\/\/autofans.com.ar\/wp-content\/uploads\/2026\/04\/citroen-3-2.jpg","width":1000,"height":667,"caption":"Citro\u00ebn"},{"@type":"BreadcrumbList","@id":"https:\/\/autofans.com.ar\/index.php\/2026\/04\/28\/el-citroen-e-c3-mas-barato-de-todos\/#breadcrumb","itemListElement":[{"@type":"ListItem","position":1,"name":"Inicio","item":"https:\/\/autofans.com.ar\/"},{"@type":"ListItem","position":2,"name":"El Citro\u00ebn \u00eb-C3 m\u00e1s barato de todos"}]},{"@type":"WebSite","@id":"https:\/\/autofans.com.ar\/#website","url":"https:\/\/autofans.com.ar\/","name":"","description":"El multimedio referente de la industria automotriz","potentialAction":[{"@type":"SearchAction","target":{"@type":"EntryPoint","urlTemplate":"https:\/\/autofans.com.ar\/?s={search_term_string}"},"query-input":{"@type":"PropertyValueSpecification","valueRequired":true,"valueName":"search_term_string"}}],"inLanguage":"es"},{"@type":"Person","@id":"https:\/\/autofans.com.ar\/#\/schema\/person\/4a8dda0b6df83ac3d6723e921274c2aa","name":"Alejandro Gabriel Rosito","image":{"@type":"ImageObject","inLanguage":"es","@id":"https:\/\/secure.gravatar.com\/avatar\/16c5dda1489adfc62618084dcbb91cffd879c374b13fe5dd8e44ed6733852c88?s=96&d=mm&r=g","url":"https:\/\/secure.gravatar.com\/avatar\/16c5dda1489adfc62618084dcbb91cffd879c374b13fe5dd8e44ed6733852c88?s=96&d=mm&r=g","contentUrl":"https:\/\/secure.gravatar.com\/avatar\/16c5dda1489adfc62618084dcbb91cffd879c374b13fe5dd8e44ed6733852c88?s=96&d=mm&r=g","caption":"Alejandro Gabriel Rosito"},"url":"https:\/\/autofans.com.ar\/index.php\/author\/gabrielr\/"}]}},"featured_image_urls":{"full":["https:\/\/autofans.com.ar\/wp-content\/uploads\/2026\/04\/citroen-3-2.jpg",1000,667,false],"thumbnail":["https:\/\/autofans.com.ar\/wp-content\/uploads\/2026\/04\/citroen-3-2-150x150.jpg",150,150,true],"medium":["https:\/\/autofans.com.ar\/wp-content\/uploads\/2026\/04\/citroen-3-2-300x200.jpg",300,200,true],"medium_large":["https:\/\/autofans.com.ar\/wp-content\/uploads\/2026\/04\/citroen-3-2-768x512.jpg",640,427,true],"large":["https:\/\/autofans.com.ar\/wp-content\/uploads\/2026\/04\/citroen-3-2.jpg",640,427,false],"1536x1536":["https:\/\/autofans.com.ar\/wp-content\/uploads\/2026\/04\/citroen-3-2.jpg",1000,667,false],"2048x2048":["https:\/\/autofans.com.ar\/wp-content\/uploads\/2026\/04\/citroen-3-2.jpg",1000,667,false],"covernews-featured":["https:\/\/autofans.com.ar\/wp-content\/uploads\/2026\/04\/citroen-3-2.jpg",1000,667,false],"covernews-medium":["https:\/\/autofans.com.ar\/wp-content\/uploads\/2026\/04\/citroen-3-2-540x340.jpg",540,340,true]},"author_info":{"display_name":"Alejandro Gabriel Rosito","author_link":"https:\/\/autofans.com.ar\/index.php\/author\/gabrielr\/"},"category_info":"<a href=\"https:\/\/autofans.com.ar\/index.php\/category\/noticias\/hibridos-y-electricos\/\" rel=\"category tag\">HIBRIDOS, ELECTRICOS y otros<\/a> <a href=\"https:\/\/autofans.com.ar\/index.php\/category\/noticias\/\" rel=\"category tag\">NOTICIAS<\/a>","tag_info":"NOTICIAS","comment_count":0,"_links":{"self":[{"href":"https:\/\/autofans.com.ar\/index.php\/wp-json\/wp\/v2\/posts\/17064","targetHints":{"allow":["GET"]}}],"collection":[{"href":"https:\/\/autofans.com.ar\/index.php\/wp-json\/wp\/v2\/posts"}],"about":[{"href":"https:\/\/autofans.com.ar\/index.php\/wp-json\/wp\/v2\/types\/post"}],"author":[{"embeddable":true,"href":"https:\/\/autofans.com.ar\/index.php\/wp-json\/wp\/v2\/users\/2"}],"replies":[{"embeddable":true,"href":"https:\/\/autofans.com.ar\/index.php\/wp-json\/wp\/v2\/comments?post=17064"}],"version-history":[{"count":2,"href":"https:\/\/autofans.com.ar\/index.php\/wp-json\/wp\/v2\/posts\/17064\/revisions"}],"predecessor-version":[{"id":17074,"href":"https:\/\/autofans.com.ar\/index.php\/wp-json\/wp\/v2\/posts\/17064\/revisions\/17074"}],"wp:featuredmedia":[{"embeddable":true,"href":"https:\/\/autofans.com.ar\/index.php\/wp-json\/wp\/v2\/media\/17071"}],"wp:attachment":[{"href":"https:\/\/autofans.com.ar\/index.php\/wp-json\/wp\/v2\/media?parent=17064"}],"wp:term":[{"taxonomy":"category","embeddable":true,"href":"https:\/\/autofans.com.ar\/index.php\/wp-json\/wp\/v2\/categories?post=17064"},{"taxonomy":"post_tag","embeddable":true,"href":"https:\/\/autofans.com.ar\/index.php\/wp-json\/wp\/v2\/tags?post=17064"}],"curies":[{"name":"wp","href":"https:\/\/api.w.org\/{rel}","templated":true}]}}