{"id":17076,"date":"2026-04-29T16:06:21","date_gmt":"2026-04-29T19:06:21","guid":{"rendered":"https:\/\/autofans.com.ar\/?p=17076"},"modified":"2026-04-29T16:06:21","modified_gmt":"2026-04-29T19:06:21","slug":"mercedes-maybach-llega-a-la-argentina","status":"publish","type":"post","link":"https:\/\/autofans.com.ar\/index.php\/2026\/04\/29\/mercedes-maybach-llega-a-la-argentina\/","title":{"rendered":"Mercedes-Maybach llega a la Argentina"},"content":{"rendered":"<p class=\"ds-markdown-paragraph\">Mercedes-Maybach se prepara para pisar fuerte en la Argentina. Pero antes de tocar el asfalto local, la firma alemana ya est\u00e1 generando ruido en la pantalla grande. La raz\u00f3n: su participaci\u00f3n protag\u00f3nica en <em>El Diablo se viste a la moda 2<\/em>, la secuela del cl\u00e1sico del 2006.<\/p>\n<p class=\"ds-markdown-paragraph\">En la pel\u00edcula, el Mercedes-Maybach Clase S no es un simple decorado. Es el veh\u00edculo que usa Miranda Priestly, el personaje implacable que interpreta Meryl Streep. Un papel central que la marca aprovecha para reforzar su identidad: lujo, silencio, presencia y excelencia artesanal.<\/p>\n<p>&nbsp;<\/p>\n<h2>Un gui\u00f1o internacional con sabor local<\/h2>\n<p class=\"ds-markdown-paragraph\">La movida global se llama \u201cThe Art of Arrival\u201d (El arte de llegar). Incluye un spot de 30 segundos, activaciones en redes y piezas para cine, streaming y v\u00eda p\u00fablica. La idea es clara: mostrar que llegar bien no es solo cuesti\u00f3n de destino, sino de c\u00f3mo se viaja.<\/p>\n<p>&nbsp;<\/p>\n<div id='gallery-1' class='gallery galleryid-17076 gallery-columns-2 gallery-size-full'><figure class='gallery-item'>\n\t\t\t<div class='gallery-icon landscape'>\n\t\t\t\t<a href='https:\/\/autofans.com.ar\/index.php\/2026\/04\/29\/mercedes-maybach-llega-a-la-argentina\/mercedes-5-25\/'><img loading=\"lazy\" width=\"1000\" height=\"667\" src=\"https:\/\/autofans.com.ar\/wp-content\/uploads\/2026\/04\/mercedes-5-3.jpg\" class=\"attachment-full size-full\" alt=\"Mercedes-Maybach\" srcset=\"https:\/\/autofans.com.ar\/wp-content\/uploads\/2026\/04\/mercedes-5-3.jpg 1000w, https:\/\/autofans.com.ar\/wp-content\/uploads\/2026\/04\/mercedes-5-3-300x200.jpg 300w, https:\/\/autofans.com.ar\/wp-content\/uploads\/2026\/04\/mercedes-5-3-768x512.jpg 768w\" sizes=\"auto, (max-width: 1000px) 100vw, 1000px\" loading=\"lazy\" decoding=\"async\" \/><\/a>\n\t\t\t<\/div><\/figure><figure class='gallery-item'>\n\t\t\t<div class='gallery-icon landscape'>\n\t\t\t\t<a href='https:\/\/autofans.com.ar\/index.php\/2026\/04\/29\/mercedes-maybach-llega-a-la-argentina\/mercedes-3-71\/'><img loading=\"lazy\" width=\"1000\" height=\"667\" src=\"https:\/\/autofans.com.ar\/wp-content\/uploads\/2026\/04\/mercedes-3-3.jpg\" class=\"attachment-full size-full\" alt=\"Mercedes-Maybach\" srcset=\"https:\/\/autofans.com.ar\/wp-content\/uploads\/2026\/04\/mercedes-3-3.jpg 1000w, https:\/\/autofans.com.ar\/wp-content\/uploads\/2026\/04\/mercedes-3-3-300x200.jpg 300w, https:\/\/autofans.com.ar\/wp-content\/uploads\/2026\/04\/mercedes-3-3-768x512.jpg 768w\" sizes=\"auto, (max-width: 1000px) 100vw, 1000px\" loading=\"lazy\" decoding=\"async\" \/><\/a>\n\t\t\t<\/div><\/figure>\n\t\t<\/div>\n\n<p>&nbsp;<\/p>\n<p class=\"ds-markdown-paragraph\">Pero ac\u00e1 viene el dato clave para los argentinos: todo este bombardeo medi\u00e1tico coincide con la llegada oficial de Maybach al pa\u00eds, algo que nunca pas\u00f3 en la historia local. En pocas semanas, la terminal confirmar\u00e1 su desembarco. Un antes y un despu\u00e9s para el mercado de autos premium en la Argentina.<\/p>\n<p>&nbsp;<\/p>\n<div dir=\"ltr\">\n<blockquote>\n<div style=\"text-align: center;\">\u201cMaybach representa una expresi\u00f3n \u00fanica de exclusividad, dise\u00f1o y atenci\u00f3n por cada detalle. Que la marca tenga presencia en una producci\u00f3n tan emblem\u00e1tica del universo de la moda y el lujo refuerza con mucha claridad esos atributos y nos permite seguir construyendo su posicionamiento desde un territorio de enorme valor simb\u00f3lico\u201d, se\u00f1al\u00f3 Mart\u00edn Idiarte, director Comercial de Prestige Auto, representante exclusivo de Mercedes-Benz en Argentina.<\/div>\n<\/blockquote>\n<\/div>\n<p>&nbsp;<\/p>\n<h2>De la ficci\u00f3n a la realidad<\/h2>\n<p class=\"ds-markdown-paragraph\">Lo curioso es que la saga ya ten\u00eda historia con la marca. Hace 20 a\u00f1os, un Mercedes-Benz Clase S aparec\u00eda en la pel\u00edcula original. Ahora, esa relaci\u00f3n evoluciona: se sube de categor\u00eda con Maybach, pasando de un rol secundario a uno protag\u00f3nico, tanto en el cine como en la estrategia comercial.<\/p>\n<p>&nbsp;<\/p>\n<div id='gallery-2' class='gallery galleryid-17076 gallery-columns-2 gallery-size-full'><figure class='gallery-item'>\n\t\t\t<div class='gallery-icon landscape'>\n\t\t\t\t<a href='https:\/\/autofans.com.ar\/index.php\/2026\/04\/29\/mercedes-maybach-llega-a-la-argentina\/mercedes-2-81\/'><img loading=\"lazy\" width=\"1000\" height=\"667\" src=\"https:\/\/autofans.com.ar\/wp-content\/uploads\/2026\/04\/mercedes-2-3.jpg\" class=\"attachment-full size-full\" alt=\"Mercedes-Maybach\" srcset=\"https:\/\/autofans.com.ar\/wp-content\/uploads\/2026\/04\/mercedes-2-3.jpg 1000w, https:\/\/autofans.com.ar\/wp-content\/uploads\/2026\/04\/mercedes-2-3-300x200.jpg 300w, https:\/\/autofans.com.ar\/wp-content\/uploads\/2026\/04\/mercedes-2-3-768x512.jpg 768w\" sizes=\"auto, (max-width: 1000px) 100vw, 1000px\" loading=\"lazy\" decoding=\"async\" \/><\/a>\n\t\t\t<\/div><\/figure><figure class='gallery-item'>\n\t\t\t<div class='gallery-icon landscape'>\n\t\t\t\t<a href='https:\/\/autofans.com.ar\/index.php\/2026\/04\/29\/mercedes-maybach-llega-a-la-argentina\/mercedes-1-79\/'><img loading=\"lazy\" width=\"1000\" height=\"667\" src=\"https:\/\/autofans.com.ar\/wp-content\/uploads\/2026\/04\/mercedes-1-3.jpg\" class=\"attachment-full size-full\" alt=\"Mercedes-Maybach\" srcset=\"https:\/\/autofans.com.ar\/wp-content\/uploads\/2026\/04\/mercedes-1-3.jpg 1000w, https:\/\/autofans.com.ar\/wp-content\/uploads\/2026\/04\/mercedes-1-3-300x200.jpg 300w, https:\/\/autofans.com.ar\/wp-content\/uploads\/2026\/04\/mercedes-1-3-768x512.jpg 768w\" sizes=\"auto, (max-width: 1000px) 100vw, 1000px\" loading=\"lazy\" decoding=\"async\" \/><\/a>\n\t\t\t<\/div><\/figure>\n\t\t<\/div>\n\n<p>&nbsp;<\/p>\n<p class=\"ds-markdown-paragraph\">Para la firma, asociarse con el universo editorial y fashionista de Miranda Priestly no es casualidad. Refuerza atributos como la sofisticaci\u00f3n, el detalle artesanal y la elegancia. Y en la Argentina, ese mensaje llega justo en la previa de un hito institucional.<\/p>\n<p class=\"ds-markdown-paragraph\">La pel\u00edcula calienta motores para lo que se viene en el mercado local. Y todo indica que Maybach no va a pasar desapercibido.<\/p>\n<p>&nbsp;<\/p>\n<p>&nbsp;<\/p>\n<p>&nbsp;<\/p>\n<p><i>Para enterarte de m\u00e1s novedades, no dejes de leer\u00a0<\/i><a href=\"https:\/\/autofans.thebrandsoup.com\/\"><i>nuestras notas<\/i><\/a><i>, de ver\u00a0<\/i><a href=\"https:\/\/www.youtube.com\/channel\/UCgAC8UGHZYbT6P7PpmVnP7g\"><i>AUTOFANS TV<\/i><\/a><i>\u00a0en nuestro\u00a0canal de Youtube. Adem\u00e1s seguinos en\u00a0<\/i><a href=\"https:\/\/www.instagram.com\/autofanstv\/\"><i>INSTAGRAM<\/i><\/a><i> y <\/i><a href=\"https:\/\/www.facebook.com\/autofansmas\/\"><i>FACEBOOK<\/i><\/a><i> para no perderte nada sobre las novedades del segmento automotor de Argentina y el mundo.<\/i><\/p>\n","protected":false},"excerpt":{"rendered":"<p>Mercedes-Maybach se prepara para pisar fuerte en la Argentina. Pero antes de tocar el asfalto&#8230;<\/p>\n","protected":false},"author":2,"featured_media":17079,"comment_status":"closed","ping_status":"closed","sticky":false,"template":"","format":"standard","meta":{"footnotes":""},"categories":[6,16],"tags":[8503,9234,9230,9232,9236,564,9231,9229,9235,9233],"class_list":["post-17076","post","type-post","status-publish","format-standard","has-post-thumbnail","hentry","category-bizstyle","category-noticias","tag-autos-de-lujo-argentina","tag-cine-y-moda","tag-el-diablo-se-viste-a-la-moda-2","tag-lanzamiento-maybach-argentina","tag-marcas-argentinas-premium","tag-marketing-automotriz","tag-maybach-clase-s","tag-mercedes-maybach-argentina","tag-meryl-streep-auto","tag-the-art-of-arrival"],"yoast_head":"<!-- This site is optimized with the Yoast SEO plugin v27.5 - https:\/\/yoast.com\/product\/yoast-seo-wordpress\/ -->\n<title>Mercedes-Maybach llega a la Argentina -<\/title>\n<meta name=\"description\" content=\"Mercedes-Maybach se prepara para pisar fuerte en la Argentina. Pero antes de tocar el asfalto local, la firma alemana ya est\u00e1 generando ruido en la pantalla grande. La raz\u00f3n: su participaci\u00f3n protag\u00f3nica en El Diablo se viste a la moda 2\" \/>\n<meta name=\"robots\" content=\"index, follow, max-snippet:-1, max-image-preview:large, max-video-preview:-1\" \/>\n<link rel=\"canonical\" href=\"https:\/\/autofans.com.ar\/index.php\/2026\/04\/29\/mercedes-maybach-llega-a-la-argentina\/\" \/>\n<meta property=\"og:locale\" content=\"es_ES\" \/>\n<meta property=\"og:type\" content=\"article\" \/>\n<meta property=\"og:title\" content=\"Mercedes-Maybach llega a la Argentina -\" \/>\n<meta property=\"og:description\" content=\"Mercedes-Maybach se prepara para pisar fuerte en la Argentina. Pero antes de tocar el asfalto local, la firma alemana ya est\u00e1 generando ruido en la pantalla grande. La raz\u00f3n: su participaci\u00f3n protag\u00f3nica en El Diablo se viste a la moda 2\" \/>\n<meta property=\"og:url\" content=\"https:\/\/autofans.com.ar\/index.php\/2026\/04\/29\/mercedes-maybach-llega-a-la-argentina\/\" \/>\n<meta property=\"article:published_time\" content=\"2026-04-29T19:06:21+00:00\" \/>\n<meta property=\"og:image\" content=\"https:\/\/autofans.com.ar\/wp-content\/uploads\/2026\/04\/mercedes-6-3.jpg\" \/>\n\t<meta property=\"og:image:width\" content=\"1000\" \/>\n\t<meta property=\"og:image:height\" content=\"667\" \/>\n\t<meta property=\"og:image:type\" content=\"image\/jpeg\" \/>\n<meta name=\"author\" content=\"Alejandro Gabriel Rosito\" \/>\n<meta name=\"twitter:card\" content=\"summary_large_image\" \/>\n<meta name=\"twitter:label1\" content=\"Escrito por\" \/>\n\t<meta name=\"twitter:data1\" content=\"Alejandro Gabriel Rosito\" \/>\n\t<meta name=\"twitter:label2\" content=\"Tiempo de lectura\" \/>\n\t<meta name=\"twitter:data2\" content=\"2 minutos\" \/>\n<script type=\"application\/ld+json\" class=\"yoast-schema-graph\">{\"@context\":\"https:\\\/\\\/schema.org\",\"@graph\":[{\"@type\":\"Article\",\"@id\":\"https:\\\/\\\/autofans.com.ar\\\/index.php\\\/2026\\\/04\\\/29\\\/mercedes-maybach-llega-a-la-argentina\\\/#article\",\"isPartOf\":{\"@id\":\"https:\\\/\\\/autofans.com.ar\\\/index.php\\\/2026\\\/04\\\/29\\\/mercedes-maybach-llega-a-la-argentina\\\/\"},\"author\":{\"name\":\"Alejandro Gabriel Rosito\",\"@id\":\"https:\\\/\\\/autofans.com.ar\\\/#\\\/schema\\\/person\\\/4a8dda0b6df83ac3d6723e921274c2aa\"},\"headline\":\"Mercedes-Maybach llega a la Argentina\",\"datePublished\":\"2026-04-29T19:06:21+00:00\",\"mainEntityOfPage\":{\"@id\":\"https:\\\/\\\/autofans.com.ar\\\/index.php\\\/2026\\\/04\\\/29\\\/mercedes-maybach-llega-a-la-argentina\\\/\"},\"wordCount\":480,\"image\":{\"@id\":\"https:\\\/\\\/autofans.com.ar\\\/index.php\\\/2026\\\/04\\\/29\\\/mercedes-maybach-llega-a-la-argentina\\\/#primaryimage\"},\"thumbnailUrl\":\"https:\\\/\\\/autofans.com.ar\\\/wp-content\\\/uploads\\\/2026\\\/04\\\/mercedes-6-3.jpg\",\"keywords\":[\"autos de lujo argentina\",\"cine y moda\",\"El Diablo se viste a la moda 2\",\"lanzamiento Maybach Argentina\",\"marcas argentinas premium\",\"marketing automotriz\",\"Maybach Clase S\",\"Mercedes-Maybach Argentina\",\"Meryl Streep auto\",\"The Art of Arrival\"],\"articleSection\":[\"BIZSTYLE\",\"NOTICIAS\"],\"inLanguage\":\"es\"},{\"@type\":\"WebPage\",\"@id\":\"https:\\\/\\\/autofans.com.ar\\\/index.php\\\/2026\\\/04\\\/29\\\/mercedes-maybach-llega-a-la-argentina\\\/\",\"url\":\"https:\\\/\\\/autofans.com.ar\\\/index.php\\\/2026\\\/04\\\/29\\\/mercedes-maybach-llega-a-la-argentina\\\/\",\"name\":\"Mercedes-Maybach llega a la Argentina -\",\"isPartOf\":{\"@id\":\"https:\\\/\\\/autofans.com.ar\\\/#website\"},\"primaryImageOfPage\":{\"@id\":\"https:\\\/\\\/autofans.com.ar\\\/index.php\\\/2026\\\/04\\\/29\\\/mercedes-maybach-llega-a-la-argentina\\\/#primaryimage\"},\"image\":{\"@id\":\"https:\\\/\\\/autofans.com.ar\\\/index.php\\\/2026\\\/04\\\/29\\\/mercedes-maybach-llega-a-la-argentina\\\/#primaryimage\"},\"thumbnailUrl\":\"https:\\\/\\\/autofans.com.ar\\\/wp-content\\\/uploads\\\/2026\\\/04\\\/mercedes-6-3.jpg\",\"datePublished\":\"2026-04-29T19:06:21+00:00\",\"author\":{\"@id\":\"https:\\\/\\\/autofans.com.ar\\\/#\\\/schema\\\/person\\\/4a8dda0b6df83ac3d6723e921274c2aa\"},\"description\":\"Mercedes-Maybach se prepara para pisar fuerte en la Argentina. Pero antes de tocar el asfalto local, la firma alemana ya est\u00e1 generando ruido en la pantalla grande. La raz\u00f3n: su participaci\u00f3n protag\u00f3nica en El Diablo se viste a la moda 2\",\"breadcrumb\":{\"@id\":\"https:\\\/\\\/autofans.com.ar\\\/index.php\\\/2026\\\/04\\\/29\\\/mercedes-maybach-llega-a-la-argentina\\\/#breadcrumb\"},\"inLanguage\":\"es\",\"potentialAction\":[{\"@type\":\"ReadAction\",\"target\":[\"https:\\\/\\\/autofans.com.ar\\\/index.php\\\/2026\\\/04\\\/29\\\/mercedes-maybach-llega-a-la-argentina\\\/\"]}]},{\"@type\":\"ImageObject\",\"inLanguage\":\"es\",\"@id\":\"https:\\\/\\\/autofans.com.ar\\\/index.php\\\/2026\\\/04\\\/29\\\/mercedes-maybach-llega-a-la-argentina\\\/#primaryimage\",\"url\":\"https:\\\/\\\/autofans.com.ar\\\/wp-content\\\/uploads\\\/2026\\\/04\\\/mercedes-6-3.jpg\",\"contentUrl\":\"https:\\\/\\\/autofans.com.ar\\\/wp-content\\\/uploads\\\/2026\\\/04\\\/mercedes-6-3.jpg\",\"width\":1000,\"height\":667,\"caption\":\"Mercedes-Maybach\"},{\"@type\":\"BreadcrumbList\",\"@id\":\"https:\\\/\\\/autofans.com.ar\\\/index.php\\\/2026\\\/04\\\/29\\\/mercedes-maybach-llega-a-la-argentina\\\/#breadcrumb\",\"itemListElement\":[{\"@type\":\"ListItem\",\"position\":1,\"name\":\"Inicio\",\"item\":\"https:\\\/\\\/autofans.com.ar\\\/\"},{\"@type\":\"ListItem\",\"position\":2,\"name\":\"Mercedes-Maybach llega a la Argentina\"}]},{\"@type\":\"WebSite\",\"@id\":\"https:\\\/\\\/autofans.com.ar\\\/#website\",\"url\":\"https:\\\/\\\/autofans.com.ar\\\/\",\"name\":\"\",\"description\":\"El multimedio referente de la industria automotriz\",\"potentialAction\":[{\"@type\":\"SearchAction\",\"target\":{\"@type\":\"EntryPoint\",\"urlTemplate\":\"https:\\\/\\\/autofans.com.ar\\\/?s={search_term_string}\"},\"query-input\":{\"@type\":\"PropertyValueSpecification\",\"valueRequired\":true,\"valueName\":\"search_term_string\"}}],\"inLanguage\":\"es\"},{\"@type\":\"Person\",\"@id\":\"https:\\\/\\\/autofans.com.ar\\\/#\\\/schema\\\/person\\\/4a8dda0b6df83ac3d6723e921274c2aa\",\"name\":\"Alejandro Gabriel Rosito\",\"image\":{\"@type\":\"ImageObject\",\"inLanguage\":\"es\",\"@id\":\"https:\\\/\\\/secure.gravatar.com\\\/avatar\\\/16c5dda1489adfc62618084dcbb91cffd879c374b13fe5dd8e44ed6733852c88?s=96&d=mm&r=g\",\"url\":\"https:\\\/\\\/secure.gravatar.com\\\/avatar\\\/16c5dda1489adfc62618084dcbb91cffd879c374b13fe5dd8e44ed6733852c88?s=96&d=mm&r=g\",\"contentUrl\":\"https:\\\/\\\/secure.gravatar.com\\\/avatar\\\/16c5dda1489adfc62618084dcbb91cffd879c374b13fe5dd8e44ed6733852c88?s=96&d=mm&r=g\",\"caption\":\"Alejandro Gabriel Rosito\"},\"url\":\"https:\\\/\\\/autofans.com.ar\\\/index.php\\\/author\\\/gabrielr\\\/\"}]}<\/script>\n<!-- \/ Yoast SEO plugin. -->","yoast_head_json":{"title":"Mercedes-Maybach llega a la Argentina -","description":"Mercedes-Maybach se prepara para pisar fuerte en la Argentina. Pero antes de tocar el asfalto local, la firma alemana ya est\u00e1 generando ruido en la pantalla grande. La raz\u00f3n: su participaci\u00f3n protag\u00f3nica en El Diablo se viste a la moda 2","robots":{"index":"index","follow":"follow","max-snippet":"max-snippet:-1","max-image-preview":"max-image-preview:large","max-video-preview":"max-video-preview:-1"},"canonical":"https:\/\/autofans.com.ar\/index.php\/2026\/04\/29\/mercedes-maybach-llega-a-la-argentina\/","og_locale":"es_ES","og_type":"article","og_title":"Mercedes-Maybach llega a la Argentina -","og_description":"Mercedes-Maybach se prepara para pisar fuerte en la Argentina. Pero antes de tocar el asfalto local, la firma alemana ya est\u00e1 generando ruido en la pantalla grande. La raz\u00f3n: su participaci\u00f3n protag\u00f3nica en El Diablo se viste a la moda 2","og_url":"https:\/\/autofans.com.ar\/index.php\/2026\/04\/29\/mercedes-maybach-llega-a-la-argentina\/","article_published_time":"2026-04-29T19:06:21+00:00","og_image":[{"width":1000,"height":667,"url":"https:\/\/autofans.com.ar\/wp-content\/uploads\/2026\/04\/mercedes-6-3.jpg","type":"image\/jpeg"}],"author":"Alejandro Gabriel Rosito","twitter_card":"summary_large_image","twitter_misc":{"Escrito por":"Alejandro Gabriel Rosito","Tiempo de lectura":"2 minutos"},"schema":{"@context":"https:\/\/schema.org","@graph":[{"@type":"Article","@id":"https:\/\/autofans.com.ar\/index.php\/2026\/04\/29\/mercedes-maybach-llega-a-la-argentina\/#article","isPartOf":{"@id":"https:\/\/autofans.com.ar\/index.php\/2026\/04\/29\/mercedes-maybach-llega-a-la-argentina\/"},"author":{"name":"Alejandro Gabriel Rosito","@id":"https:\/\/autofans.com.ar\/#\/schema\/person\/4a8dda0b6df83ac3d6723e921274c2aa"},"headline":"Mercedes-Maybach llega a la Argentina","datePublished":"2026-04-29T19:06:21+00:00","mainEntityOfPage":{"@id":"https:\/\/autofans.com.ar\/index.php\/2026\/04\/29\/mercedes-maybach-llega-a-la-argentina\/"},"wordCount":480,"image":{"@id":"https:\/\/autofans.com.ar\/index.php\/2026\/04\/29\/mercedes-maybach-llega-a-la-argentina\/#primaryimage"},"thumbnailUrl":"https:\/\/autofans.com.ar\/wp-content\/uploads\/2026\/04\/mercedes-6-3.jpg","keywords":["autos de lujo argentina","cine y moda","El Diablo se viste a la moda 2","lanzamiento Maybach Argentina","marcas argentinas premium","marketing automotriz","Maybach Clase S","Mercedes-Maybach Argentina","Meryl Streep auto","The Art of Arrival"],"articleSection":["BIZSTYLE","NOTICIAS"],"inLanguage":"es"},{"@type":"WebPage","@id":"https:\/\/autofans.com.ar\/index.php\/2026\/04\/29\/mercedes-maybach-llega-a-la-argentina\/","url":"https:\/\/autofans.com.ar\/index.php\/2026\/04\/29\/mercedes-maybach-llega-a-la-argentina\/","name":"Mercedes-Maybach llega a la Argentina -","isPartOf":{"@id":"https:\/\/autofans.com.ar\/#website"},"primaryImageOfPage":{"@id":"https:\/\/autofans.com.ar\/index.php\/2026\/04\/29\/mercedes-maybach-llega-a-la-argentina\/#primaryimage"},"image":{"@id":"https:\/\/autofans.com.ar\/index.php\/2026\/04\/29\/mercedes-maybach-llega-a-la-argentina\/#primaryimage"},"thumbnailUrl":"https:\/\/autofans.com.ar\/wp-content\/uploads\/2026\/04\/mercedes-6-3.jpg","datePublished":"2026-04-29T19:06:21+00:00","author":{"@id":"https:\/\/autofans.com.ar\/#\/schema\/person\/4a8dda0b6df83ac3d6723e921274c2aa"},"description":"Mercedes-Maybach se prepara para pisar fuerte en la Argentina. Pero antes de tocar el asfalto local, la firma alemana ya est\u00e1 generando ruido en la pantalla grande. La raz\u00f3n: su participaci\u00f3n protag\u00f3nica en El Diablo se viste a la moda 2","breadcrumb":{"@id":"https:\/\/autofans.com.ar\/index.php\/2026\/04\/29\/mercedes-maybach-llega-a-la-argentina\/#breadcrumb"},"inLanguage":"es","potentialAction":[{"@type":"ReadAction","target":["https:\/\/autofans.com.ar\/index.php\/2026\/04\/29\/mercedes-maybach-llega-a-la-argentina\/"]}]},{"@type":"ImageObject","inLanguage":"es","@id":"https:\/\/autofans.com.ar\/index.php\/2026\/04\/29\/mercedes-maybach-llega-a-la-argentina\/#primaryimage","url":"https:\/\/autofans.com.ar\/wp-content\/uploads\/2026\/04\/mercedes-6-3.jpg","contentUrl":"https:\/\/autofans.com.ar\/wp-content\/uploads\/2026\/04\/mercedes-6-3.jpg","width":1000,"height":667,"caption":"Mercedes-Maybach"},{"@type":"BreadcrumbList","@id":"https:\/\/autofans.com.ar\/index.php\/2026\/04\/29\/mercedes-maybach-llega-a-la-argentina\/#breadcrumb","itemListElement":[{"@type":"ListItem","position":1,"name":"Inicio","item":"https:\/\/autofans.com.ar\/"},{"@type":"ListItem","position":2,"name":"Mercedes-Maybach llega a la Argentina"}]},{"@type":"WebSite","@id":"https:\/\/autofans.com.ar\/#website","url":"https:\/\/autofans.com.ar\/","name":"","description":"El multimedio referente de la industria automotriz","potentialAction":[{"@type":"SearchAction","target":{"@type":"EntryPoint","urlTemplate":"https:\/\/autofans.com.ar\/?s={search_term_string}"},"query-input":{"@type":"PropertyValueSpecification","valueRequired":true,"valueName":"search_term_string"}}],"inLanguage":"es"},{"@type":"Person","@id":"https:\/\/autofans.com.ar\/#\/schema\/person\/4a8dda0b6df83ac3d6723e921274c2aa","name":"Alejandro Gabriel Rosito","image":{"@type":"ImageObject","inLanguage":"es","@id":"https:\/\/secure.gravatar.com\/avatar\/16c5dda1489adfc62618084dcbb91cffd879c374b13fe5dd8e44ed6733852c88?s=96&d=mm&r=g","url":"https:\/\/secure.gravatar.com\/avatar\/16c5dda1489adfc62618084dcbb91cffd879c374b13fe5dd8e44ed6733852c88?s=96&d=mm&r=g","contentUrl":"https:\/\/secure.gravatar.com\/avatar\/16c5dda1489adfc62618084dcbb91cffd879c374b13fe5dd8e44ed6733852c88?s=96&d=mm&r=g","caption":"Alejandro Gabriel Rosito"},"url":"https:\/\/autofans.com.ar\/index.php\/author\/gabrielr\/"}]}},"featured_image_urls":{"full":["https:\/\/autofans.com.ar\/wp-content\/uploads\/2026\/04\/mercedes-6-3.jpg",1000,667,false],"thumbnail":["https:\/\/autofans.com.ar\/wp-content\/uploads\/2026\/04\/mercedes-6-3-150x150.jpg",150,150,true],"medium":["https:\/\/autofans.com.ar\/wp-content\/uploads\/2026\/04\/mercedes-6-3-300x200.jpg",300,200,true],"medium_large":["https:\/\/autofans.com.ar\/wp-content\/uploads\/2026\/04\/mercedes-6-3-768x512.jpg",640,427,true],"large":["https:\/\/autofans.com.ar\/wp-content\/uploads\/2026\/04\/mercedes-6-3.jpg",640,427,false],"1536x1536":["https:\/\/autofans.com.ar\/wp-content\/uploads\/2026\/04\/mercedes-6-3.jpg",1000,667,false],"2048x2048":["https:\/\/autofans.com.ar\/wp-content\/uploads\/2026\/04\/mercedes-6-3.jpg",1000,667,false],"covernews-featured":["https:\/\/autofans.com.ar\/wp-content\/uploads\/2026\/04\/mercedes-6-3.jpg",1000,667,false],"covernews-medium":["https:\/\/autofans.com.ar\/wp-content\/uploads\/2026\/04\/mercedes-6-3-540x340.jpg",540,340,true]},"author_info":{"display_name":"Alejandro Gabriel Rosito","author_link":"https:\/\/autofans.com.ar\/index.php\/author\/gabrielr\/"},"category_info":"<a href=\"https:\/\/autofans.com.ar\/index.php\/category\/noticias\/bizstyle\/\" rel=\"category tag\">BIZSTYLE<\/a> <a href=\"https:\/\/autofans.com.ar\/index.php\/category\/noticias\/\" rel=\"category tag\">NOTICIAS<\/a>","tag_info":"NOTICIAS","comment_count":0,"_links":{"self":[{"href":"https:\/\/autofans.com.ar\/index.php\/wp-json\/wp\/v2\/posts\/17076","targetHints":{"allow":["GET"]}}],"collection":[{"href":"https:\/\/autofans.com.ar\/index.php\/wp-json\/wp\/v2\/posts"}],"about":[{"href":"https:\/\/autofans.com.ar\/index.php\/wp-json\/wp\/v2\/types\/post"}],"author":[{"embeddable":true,"href":"https:\/\/autofans.com.ar\/index.php\/wp-json\/wp\/v2\/users\/2"}],"replies":[{"embeddable":true,"href":"https:\/\/autofans.com.ar\/index.php\/wp-json\/wp\/v2\/comments?post=17076"}],"version-history":[{"count":3,"href":"https:\/\/autofans.com.ar\/index.php\/wp-json\/wp\/v2\/posts\/17076\/revisions"}],"predecessor-version":[{"id":17085,"href":"https:\/\/autofans.com.ar\/index.php\/wp-json\/wp\/v2\/posts\/17076\/revisions\/17085"}],"wp:featuredmedia":[{"embeddable":true,"href":"https:\/\/autofans.com.ar\/index.php\/wp-json\/wp\/v2\/media\/17079"}],"wp:attachment":[{"href":"https:\/\/autofans.com.ar\/index.php\/wp-json\/wp\/v2\/media?parent=17076"}],"wp:term":[{"taxonomy":"category","embeddable":true,"href":"https:\/\/autofans.com.ar\/index.php\/wp-json\/wp\/v2\/categories?post=17076"},{"taxonomy":"post_tag","embeddable":true,"href":"https:\/\/autofans.com.ar\/index.php\/wp-json\/wp\/v2\/tags?post=17076"}],"curies":[{"name":"wp","href":"https:\/\/api.w.org\/{rel}","templated":true}]}}