{"id":17105,"date":"2026-04-30T18:27:26","date_gmt":"2026-04-30T21:27:26","guid":{"rendered":"https:\/\/autofans.com.ar\/?p=17105"},"modified":"2026-04-30T18:27:26","modified_gmt":"2026-04-30T21:27:26","slug":"chery-confirmo-el-regreso-del-qq-a-la-argentina","status":"publish","type":"post","link":"https:\/\/autofans.com.ar\/index.php\/2026\/04\/30\/chery-confirmo-el-regreso-del-qq-a-la-argentina\/","title":{"rendered":"Chery confirm\u00f3 el regreso del QQ a la Argentina"},"content":{"rendered":"<p class=\"ds-markdown-paragraph\">Chery lo hizo oficial: el QQ vuelve al pa\u00eds. Pero ojo, no esperes el mismo autito de entrada de gama que conoc\u00edamos. La nueva generaci\u00f3n, llamada Chery QQ3 2026, aterriza como un compacto el\u00e9ctrico, con un cambio de chip total: m\u00e1s tecnolog\u00eda, m\u00e1s espacio y un dise\u00f1o que nada que ver con el anterior.<\/p>\n<p class=\"ds-markdown-paragraph\">La marca lo present\u00f3 como parte de una movida global para revivir la familia QQ, esta vez con foco en movilidad sustentable. Y la posta la pone este modelo que crece en todo sentido.<\/p>\n<p>&nbsp;<\/p>\n<h2>M\u00e1s grande, con facha urbana y moderna<\/h2>\n<p>&nbsp;<\/p>\n<p><img fetchpriority=\"high\" decoding=\"async\" class=\"aligncenter wp-image-17109 size-full\" src=\"https:\/\/autofans.com.ar\/wp-content\/uploads\/2026\/04\/chery-1.jpg\" alt=\"Chery\" width=\"1000\" height=\"667\" srcset=\"https:\/\/autofans.com.ar\/wp-content\/uploads\/2026\/04\/chery-1.jpg 1000w, https:\/\/autofans.com.ar\/wp-content\/uploads\/2026\/04\/chery-1-300x200.jpg 300w, https:\/\/autofans.com.ar\/wp-content\/uploads\/2026\/04\/chery-1-768x512.jpg 768w\" sizes=\"(max-width: 1000px) 100vw, 1000px\" \/><\/p>\n<p>&nbsp;<\/p>\n<p class=\"ds-markdown-paragraph\">Olvidate del citycar chiquito. El QQ3 ahora mide m\u00e1s de 4,2 metros de largo, con una distancia entre ejes que supera los 2,7 metros. Eso lo deja bien parado en el segmento B, compitiendo de igual a igual con otros compactos.<\/p>\n<p class=\"ds-markdown-paragraph\">La plataforma es nueva (se llama T12) y el dise\u00f1o apuesta a l\u00edneas redondeadas, \u00f3pticas ovaladas y una est\u00e9tica limpia. Las llantas tambi\u00e9n ayudan a darle ese toque actual que busca la marca.<\/p>\n<p>&nbsp;<\/p>\n<h2>Adentro: pantall\u00f3n, 256 colores y hasta una heladera<\/h2>\n<p class=\"ds-markdown-paragraph\">El interior es donde m\u00e1s se nota el salto. El habit\u00e1culo tiene un estilo minimalista, con volante bitono de dos radios, tablero digital y una pantalla central flotante de 15,6 pulgadas con resoluci\u00f3n 2.5K.<\/p>\n<p>&nbsp;<\/p>\n<p><img decoding=\"async\" class=\"aligncenter wp-image-17108 size-full\" src=\"https:\/\/autofans.com.ar\/wp-content\/uploads\/2026\/04\/chery-2.jpg\" alt=\"Chery\" width=\"1000\" height=\"667\" srcset=\"https:\/\/autofans.com.ar\/wp-content\/uploads\/2026\/04\/chery-2.jpg 1000w, https:\/\/autofans.com.ar\/wp-content\/uploads\/2026\/04\/chery-2-300x200.jpg 300w, https:\/\/autofans.com.ar\/wp-content\/uploads\/2026\/04\/chery-2-768x512.jpg 768w\" sizes=\"(max-width: 1000px) 100vw, 1000px\" \/><\/p>\n<p>&nbsp;<\/p>\n<p class=\"ds-markdown-paragraph\">El cerebro del sistema multimedia es un procesador Qualcomm Snapdragon 8155, compatible con CarPlay, HiCar y CarLink, m\u00e1s comandos de voz con IA. Pero lo que realmente llama la atenci\u00f3n son los chiches:<\/p>\n<ul>\n<li>\n<p class=\"ds-markdown-paragraph\">Iluminaci\u00f3n ambiental con 256 colores.<\/p>\n<\/li>\n<li>\n<p class=\"ds-markdown-paragraph\">Cargador inal\u00e1mbrico de 50 W.<\/p>\n<\/li>\n<li>\n<p class=\"ds-markdown-paragraph\">Modos de conducci\u00f3n.<\/p>\n<\/li>\n<li>\n<p class=\"ds-markdown-paragraph\">Aromatizador (opcional).<\/p>\n<\/li>\n<li>\n<p class=\"ds-markdown-paragraph\">Una peque\u00f1a heladera integrada (s\u00ed, le\u00edste bien).<\/p>\n<\/li>\n<li>\n<p class=\"ds-markdown-paragraph\">Ba\u00fal delantero (frunk) de 70 litros.<\/p>\n<\/li>\n<\/ul>\n<p class=\"ds-markdown-paragraph\">Nada mal para un auto que arranc\u00f3 siendo el m\u00e1s b\u00e1sico de la familia.<\/p>\n<p>&nbsp;<\/p>\n<h2>Seguridad con esteroides: seis airbags y piloto autom\u00e1tico<\/h2>\n<p class=\"ds-markdown-paragraph\">El QQ3 no se queda atr\u00e1s en protecci\u00f3n. Viene con el sistema Falcon 500, que incluye piloto autom\u00e1tico de navegaci\u00f3n en ruta (NOA) y estacionamiento aut\u00f3nomo en diferentes escenarios. Adem\u00e1s, suma seis airbags y un paquete completo de asistentes a la conducci\u00f3n.<\/p>\n<p>&nbsp;<\/p>\n<p><img decoding=\"async\" class=\"aligncenter wp-image-17106 size-full\" src=\"https:\/\/autofans.com.ar\/wp-content\/uploads\/2026\/04\/chery-4.jpg\" alt=\"Chery\" width=\"1000\" height=\"667\" srcset=\"https:\/\/autofans.com.ar\/wp-content\/uploads\/2026\/04\/chery-4.jpg 1000w, https:\/\/autofans.com.ar\/wp-content\/uploads\/2026\/04\/chery-4-300x200.jpg 300w, https:\/\/autofans.com.ar\/wp-content\/uploads\/2026\/04\/chery-4-768x512.jpg 768w\" sizes=\"(max-width: 1000px) 100vw, 1000px\" \/><\/p>\n<p>&nbsp;<\/p>\n<p class=\"ds-markdown-paragraph\">Bajo el capot (o mejor dicho, atr\u00e1s) tiene un motor el\u00e9ctrico de 90 kW (122 CV) con suspensi\u00f3n trasera independiente multibrazo. Eso es poco com\u00fan en autos de este porte y mejora el comportamiento din\u00e1mico.<\/p>\n<p class=\"ds-markdown-paragraph\">Chery todav\u00eda no confirm\u00f3 la bater\u00eda ni la autonom\u00eda, pero se espera que ronde valores parecidos al BYD Dolphin, uno de los el\u00e9ctricos m\u00e1s populares del segmento en China.<\/p>\n<p class=\"ds-markdown-paragraph\">La marca ya confirm\u00f3 su llegada al pa\u00eds como parte de la expansi\u00f3n regional. Todav\u00eda no hay fecha exacta de lanzamiento, pero el regreso del QQ ya es un hecho. Y no viene solo: despu\u00e9s se sumar\u00e1 un QQ5, un modelo m\u00e1s grande que se ubicar\u00e1 por encima en la gama.<\/p>\n<p>Adem\u00e1s, la familia seguir\u00e1 creciendo con la incorporaci\u00f3n de un QQ5, un modelo de mayores dimensiones que se posicionar\u00e1 por encima dentro de la gama.<\/p>\n<p>&nbsp;<\/p>\n<p>&nbsp;<\/p>\n<p><i>Para enterarte de m\u00e1s novedades, no dejes de leer\u00a0<\/i><a href=\"https:\/\/autofans.thebrandsoup.com\/\"><i>nuestras notas<\/i><\/a><i>, de ver\u00a0<\/i><a href=\"https:\/\/www.youtube.com\/channel\/UCgAC8UGHZYbT6P7PpmVnP7g\"><i>AUTOFANS TV<\/i><\/a><i>\u00a0en nuestro\u00a0canal de Youtube. Adem\u00e1s seguinos en\u00a0<\/i><a href=\"https:\/\/www.instagram.com\/autofanstv\/\"><i>INSTAGRAM<\/i><\/a><i> y <\/i><a href=\"https:\/\/www.facebook.com\/autofansmas\/\"><i>FACEBOOK<\/i><\/a><i> para no perderte nada sobre las novedades del segmento automotor de Argentina y el mundo.<\/i><\/p>\n","protected":false},"excerpt":{"rendered":"<p>Chery lo hizo oficial: el QQ vuelve al pa\u00eds. Pero ojo, no esperes el mismo&#8230;<\/p>\n","protected":false},"author":2,"featured_media":17107,"comment_status":"closed","ping_status":"closed","sticky":false,"template":"","format":"standard","meta":{"footnotes":""},"categories":[371,1],"tags":[9261,9257,9255,9258,9254,9262,9260,9256,7618,9259],"class_list":["post-17105","post","type-post","status-publish","format-standard","has-post-thumbnail","hentry","category-hibridos-electricos-y","category-lanzamientos","tag-auto-electrico-con-heladera","tag-autos-electricos-segmento-b","tag-chery-qq-electrico","tag-chery-qq-vuelve","tag-chery-qq3-2026-argentina","tag-chery-qq3-autonomia","tag-chery-qq3-precio-argentina","tag-lanzamiento-chery-argentina","tag-movilidad-sustentable-argentina","tag-qq3-caracteristicas"],"yoast_head":"<!-- This site is optimized with the Yoast SEO plugin v27.5 - https:\/\/yoast.com\/product\/yoast-seo-wordpress\/ -->\n<title>Chery confirm\u00f3 el regreso del QQ a la Argentina -<\/title>\n<meta name=\"description\" content=\"Chery trae el nuevo QQ. Pero ojo, no esperes el mismo autito de entrada de gama que conoc\u00edamos. La nueva generaci\u00f3n, llamada Chery QQ3...\" \/>\n<meta name=\"robots\" content=\"index, follow, max-snippet:-1, max-image-preview:large, max-video-preview:-1\" \/>\n<link rel=\"canonical\" href=\"https:\/\/autofans.com.ar\/index.php\/2026\/04\/30\/chery-confirmo-el-regreso-del-qq-a-la-argentina\/\" \/>\n<meta property=\"og:locale\" content=\"es_ES\" \/>\n<meta property=\"og:type\" content=\"article\" \/>\n<meta property=\"og:title\" content=\"Chery confirm\u00f3 el regreso del QQ a la Argentina -\" \/>\n<meta property=\"og:description\" content=\"Chery trae el nuevo QQ. Pero ojo, no esperes el mismo autito de entrada de gama que conoc\u00edamos. La nueva generaci\u00f3n, llamada Chery QQ3...\" \/>\n<meta property=\"og:url\" content=\"https:\/\/autofans.com.ar\/index.php\/2026\/04\/30\/chery-confirmo-el-regreso-del-qq-a-la-argentina\/\" \/>\n<meta property=\"article:published_time\" content=\"2026-04-30T21:27:26+00:00\" \/>\n<meta property=\"og:image\" content=\"https:\/\/autofans.com.ar\/wp-content\/uploads\/2026\/04\/chery-3.jpg\" \/>\n\t<meta property=\"og:image:width\" content=\"1000\" \/>\n\t<meta property=\"og:image:height\" content=\"667\" \/>\n\t<meta property=\"og:image:type\" content=\"image\/jpeg\" \/>\n<meta name=\"author\" content=\"Alejandro Gabriel Rosito\" \/>\n<meta name=\"twitter:card\" content=\"summary_large_image\" \/>\n<meta name=\"twitter:label1\" content=\"Escrito por\" \/>\n\t<meta name=\"twitter:data1\" content=\"Alejandro Gabriel Rosito\" \/>\n\t<meta name=\"twitter:label2\" content=\"Tiempo de lectura\" \/>\n\t<meta name=\"twitter:data2\" content=\"4 minutos\" \/>\n<script type=\"application\/ld+json\" class=\"yoast-schema-graph\">{\"@context\":\"https:\\\/\\\/schema.org\",\"@graph\":[{\"@type\":\"Article\",\"@id\":\"https:\\\/\\\/autofans.com.ar\\\/index.php\\\/2026\\\/04\\\/30\\\/chery-confirmo-el-regreso-del-qq-a-la-argentina\\\/#article\",\"isPartOf\":{\"@id\":\"https:\\\/\\\/autofans.com.ar\\\/index.php\\\/2026\\\/04\\\/30\\\/chery-confirmo-el-regreso-del-qq-a-la-argentina\\\/\"},\"author\":{\"name\":\"Alejandro Gabriel Rosito\",\"@id\":\"https:\\\/\\\/autofans.com.ar\\\/#\\\/schema\\\/person\\\/4a8dda0b6df83ac3d6723e921274c2aa\"},\"headline\":\"Chery confirm\u00f3 el regreso del QQ a la Argentina\",\"datePublished\":\"2026-04-30T21:27:26+00:00\",\"mainEntityOfPage\":{\"@id\":\"https:\\\/\\\/autofans.com.ar\\\/index.php\\\/2026\\\/04\\\/30\\\/chery-confirmo-el-regreso-del-qq-a-la-argentina\\\/\"},\"wordCount\":580,\"image\":{\"@id\":\"https:\\\/\\\/autofans.com.ar\\\/index.php\\\/2026\\\/04\\\/30\\\/chery-confirmo-el-regreso-del-qq-a-la-argentina\\\/#primaryimage\"},\"thumbnailUrl\":\"https:\\\/\\\/autofans.com.ar\\\/wp-content\\\/uploads\\\/2026\\\/04\\\/chery-3.jpg\",\"keywords\":[\"auto el\u00e9ctrico con heladera\",\"autos el\u00e9ctricos segmento B\",\"Chery QQ el\u00e9ctrico\",\"Chery QQ vuelve\",\"Chery QQ3 2026 Argentina\",\"Chery QQ3 autonom\u00eda\",\"Chery QQ3 precio Argentina\",\"lanzamiento Chery Argentina\",\"movilidad sustentable Argentina\",\"QQ3 caracter\u00edsticas\"],\"articleSection\":[\"H\u00edbridos, El\u00e9ctricos y +\",\"LANZAMIENTOS\"],\"inLanguage\":\"es\"},{\"@type\":\"WebPage\",\"@id\":\"https:\\\/\\\/autofans.com.ar\\\/index.php\\\/2026\\\/04\\\/30\\\/chery-confirmo-el-regreso-del-qq-a-la-argentina\\\/\",\"url\":\"https:\\\/\\\/autofans.com.ar\\\/index.php\\\/2026\\\/04\\\/30\\\/chery-confirmo-el-regreso-del-qq-a-la-argentina\\\/\",\"name\":\"Chery confirm\u00f3 el regreso del QQ a la Argentina -\",\"isPartOf\":{\"@id\":\"https:\\\/\\\/autofans.com.ar\\\/#website\"},\"primaryImageOfPage\":{\"@id\":\"https:\\\/\\\/autofans.com.ar\\\/index.php\\\/2026\\\/04\\\/30\\\/chery-confirmo-el-regreso-del-qq-a-la-argentina\\\/#primaryimage\"},\"image\":{\"@id\":\"https:\\\/\\\/autofans.com.ar\\\/index.php\\\/2026\\\/04\\\/30\\\/chery-confirmo-el-regreso-del-qq-a-la-argentina\\\/#primaryimage\"},\"thumbnailUrl\":\"https:\\\/\\\/autofans.com.ar\\\/wp-content\\\/uploads\\\/2026\\\/04\\\/chery-3.jpg\",\"datePublished\":\"2026-04-30T21:27:26+00:00\",\"author\":{\"@id\":\"https:\\\/\\\/autofans.com.ar\\\/#\\\/schema\\\/person\\\/4a8dda0b6df83ac3d6723e921274c2aa\"},\"description\":\"Chery trae el nuevo QQ. Pero ojo, no esperes el mismo autito de entrada de gama que conoc\u00edamos. La nueva generaci\u00f3n, llamada Chery QQ3...\",\"breadcrumb\":{\"@id\":\"https:\\\/\\\/autofans.com.ar\\\/index.php\\\/2026\\\/04\\\/30\\\/chery-confirmo-el-regreso-del-qq-a-la-argentina\\\/#breadcrumb\"},\"inLanguage\":\"es\",\"potentialAction\":[{\"@type\":\"ReadAction\",\"target\":[\"https:\\\/\\\/autofans.com.ar\\\/index.php\\\/2026\\\/04\\\/30\\\/chery-confirmo-el-regreso-del-qq-a-la-argentina\\\/\"]}]},{\"@type\":\"ImageObject\",\"inLanguage\":\"es\",\"@id\":\"https:\\\/\\\/autofans.com.ar\\\/index.php\\\/2026\\\/04\\\/30\\\/chery-confirmo-el-regreso-del-qq-a-la-argentina\\\/#primaryimage\",\"url\":\"https:\\\/\\\/autofans.com.ar\\\/wp-content\\\/uploads\\\/2026\\\/04\\\/chery-3.jpg\",\"contentUrl\":\"https:\\\/\\\/autofans.com.ar\\\/wp-content\\\/uploads\\\/2026\\\/04\\\/chery-3.jpg\",\"width\":1000,\"height\":667,\"caption\":\"Chery\"},{\"@type\":\"BreadcrumbList\",\"@id\":\"https:\\\/\\\/autofans.com.ar\\\/index.php\\\/2026\\\/04\\\/30\\\/chery-confirmo-el-regreso-del-qq-a-la-argentina\\\/#breadcrumb\",\"itemListElement\":[{\"@type\":\"ListItem\",\"position\":1,\"name\":\"Inicio\",\"item\":\"https:\\\/\\\/autofans.com.ar\\\/\"},{\"@type\":\"ListItem\",\"position\":2,\"name\":\"Chery confirm\u00f3 el regreso del QQ a la Argentina\"}]},{\"@type\":\"WebSite\",\"@id\":\"https:\\\/\\\/autofans.com.ar\\\/#website\",\"url\":\"https:\\\/\\\/autofans.com.ar\\\/\",\"name\":\"\",\"description\":\"El multimedio referente de la industria automotriz\",\"potentialAction\":[{\"@type\":\"SearchAction\",\"target\":{\"@type\":\"EntryPoint\",\"urlTemplate\":\"https:\\\/\\\/autofans.com.ar\\\/?s={search_term_string}\"},\"query-input\":{\"@type\":\"PropertyValueSpecification\",\"valueRequired\":true,\"valueName\":\"search_term_string\"}}],\"inLanguage\":\"es\"},{\"@type\":\"Person\",\"@id\":\"https:\\\/\\\/autofans.com.ar\\\/#\\\/schema\\\/person\\\/4a8dda0b6df83ac3d6723e921274c2aa\",\"name\":\"Alejandro Gabriel Rosito\",\"image\":{\"@type\":\"ImageObject\",\"inLanguage\":\"es\",\"@id\":\"https:\\\/\\\/secure.gravatar.com\\\/avatar\\\/16c5dda1489adfc62618084dcbb91cffd879c374b13fe5dd8e44ed6733852c88?s=96&d=mm&r=g\",\"url\":\"https:\\\/\\\/secure.gravatar.com\\\/avatar\\\/16c5dda1489adfc62618084dcbb91cffd879c374b13fe5dd8e44ed6733852c88?s=96&d=mm&r=g\",\"contentUrl\":\"https:\\\/\\\/secure.gravatar.com\\\/avatar\\\/16c5dda1489adfc62618084dcbb91cffd879c374b13fe5dd8e44ed6733852c88?s=96&d=mm&r=g\",\"caption\":\"Alejandro Gabriel Rosito\"},\"url\":\"https:\\\/\\\/autofans.com.ar\\\/index.php\\\/author\\\/gabrielr\\\/\"}]}<\/script>\n<!-- \/ Yoast SEO plugin. -->","yoast_head_json":{"title":"Chery confirm\u00f3 el regreso del QQ a la Argentina -","description":"Chery trae el nuevo QQ. Pero ojo, no esperes el mismo autito de entrada de gama que conoc\u00edamos. La nueva generaci\u00f3n, llamada Chery QQ3...","robots":{"index":"index","follow":"follow","max-snippet":"max-snippet:-1","max-image-preview":"max-image-preview:large","max-video-preview":"max-video-preview:-1"},"canonical":"https:\/\/autofans.com.ar\/index.php\/2026\/04\/30\/chery-confirmo-el-regreso-del-qq-a-la-argentina\/","og_locale":"es_ES","og_type":"article","og_title":"Chery confirm\u00f3 el regreso del QQ a la Argentina -","og_description":"Chery trae el nuevo QQ. Pero ojo, no esperes el mismo autito de entrada de gama que conoc\u00edamos. La nueva generaci\u00f3n, llamada Chery QQ3...","og_url":"https:\/\/autofans.com.ar\/index.php\/2026\/04\/30\/chery-confirmo-el-regreso-del-qq-a-la-argentina\/","article_published_time":"2026-04-30T21:27:26+00:00","og_image":[{"width":1000,"height":667,"url":"https:\/\/autofans.com.ar\/wp-content\/uploads\/2026\/04\/chery-3.jpg","type":"image\/jpeg"}],"author":"Alejandro Gabriel Rosito","twitter_card":"summary_large_image","twitter_misc":{"Escrito por":"Alejandro Gabriel Rosito","Tiempo de lectura":"4 minutos"},"schema":{"@context":"https:\/\/schema.org","@graph":[{"@type":"Article","@id":"https:\/\/autofans.com.ar\/index.php\/2026\/04\/30\/chery-confirmo-el-regreso-del-qq-a-la-argentina\/#article","isPartOf":{"@id":"https:\/\/autofans.com.ar\/index.php\/2026\/04\/30\/chery-confirmo-el-regreso-del-qq-a-la-argentina\/"},"author":{"name":"Alejandro Gabriel Rosito","@id":"https:\/\/autofans.com.ar\/#\/schema\/person\/4a8dda0b6df83ac3d6723e921274c2aa"},"headline":"Chery confirm\u00f3 el regreso del QQ a la Argentina","datePublished":"2026-04-30T21:27:26+00:00","mainEntityOfPage":{"@id":"https:\/\/autofans.com.ar\/index.php\/2026\/04\/30\/chery-confirmo-el-regreso-del-qq-a-la-argentina\/"},"wordCount":580,"image":{"@id":"https:\/\/autofans.com.ar\/index.php\/2026\/04\/30\/chery-confirmo-el-regreso-del-qq-a-la-argentina\/#primaryimage"},"thumbnailUrl":"https:\/\/autofans.com.ar\/wp-content\/uploads\/2026\/04\/chery-3.jpg","keywords":["auto el\u00e9ctrico con heladera","autos el\u00e9ctricos segmento B","Chery QQ el\u00e9ctrico","Chery QQ vuelve","Chery QQ3 2026 Argentina","Chery QQ3 autonom\u00eda","Chery QQ3 precio Argentina","lanzamiento Chery Argentina","movilidad sustentable Argentina","QQ3 caracter\u00edsticas"],"articleSection":["H\u00edbridos, El\u00e9ctricos y +","LANZAMIENTOS"],"inLanguage":"es"},{"@type":"WebPage","@id":"https:\/\/autofans.com.ar\/index.php\/2026\/04\/30\/chery-confirmo-el-regreso-del-qq-a-la-argentina\/","url":"https:\/\/autofans.com.ar\/index.php\/2026\/04\/30\/chery-confirmo-el-regreso-del-qq-a-la-argentina\/","name":"Chery confirm\u00f3 el regreso del QQ a la Argentina -","isPartOf":{"@id":"https:\/\/autofans.com.ar\/#website"},"primaryImageOfPage":{"@id":"https:\/\/autofans.com.ar\/index.php\/2026\/04\/30\/chery-confirmo-el-regreso-del-qq-a-la-argentina\/#primaryimage"},"image":{"@id":"https:\/\/autofans.com.ar\/index.php\/2026\/04\/30\/chery-confirmo-el-regreso-del-qq-a-la-argentina\/#primaryimage"},"thumbnailUrl":"https:\/\/autofans.com.ar\/wp-content\/uploads\/2026\/04\/chery-3.jpg","datePublished":"2026-04-30T21:27:26+00:00","author":{"@id":"https:\/\/autofans.com.ar\/#\/schema\/person\/4a8dda0b6df83ac3d6723e921274c2aa"},"description":"Chery trae el nuevo QQ. Pero ojo, no esperes el mismo autito de entrada de gama que conoc\u00edamos. La nueva generaci\u00f3n, llamada Chery QQ3...","breadcrumb":{"@id":"https:\/\/autofans.com.ar\/index.php\/2026\/04\/30\/chery-confirmo-el-regreso-del-qq-a-la-argentina\/#breadcrumb"},"inLanguage":"es","potentialAction":[{"@type":"ReadAction","target":["https:\/\/autofans.com.ar\/index.php\/2026\/04\/30\/chery-confirmo-el-regreso-del-qq-a-la-argentina\/"]}]},{"@type":"ImageObject","inLanguage":"es","@id":"https:\/\/autofans.com.ar\/index.php\/2026\/04\/30\/chery-confirmo-el-regreso-del-qq-a-la-argentina\/#primaryimage","url":"https:\/\/autofans.com.ar\/wp-content\/uploads\/2026\/04\/chery-3.jpg","contentUrl":"https:\/\/autofans.com.ar\/wp-content\/uploads\/2026\/04\/chery-3.jpg","width":1000,"height":667,"caption":"Chery"},{"@type":"BreadcrumbList","@id":"https:\/\/autofans.com.ar\/index.php\/2026\/04\/30\/chery-confirmo-el-regreso-del-qq-a-la-argentina\/#breadcrumb","itemListElement":[{"@type":"ListItem","position":1,"name":"Inicio","item":"https:\/\/autofans.com.ar\/"},{"@type":"ListItem","position":2,"name":"Chery confirm\u00f3 el regreso del QQ a la Argentina"}]},{"@type":"WebSite","@id":"https:\/\/autofans.com.ar\/#website","url":"https:\/\/autofans.com.ar\/","name":"","description":"El multimedio referente de la industria automotriz","potentialAction":[{"@type":"SearchAction","target":{"@type":"EntryPoint","urlTemplate":"https:\/\/autofans.com.ar\/?s={search_term_string}"},"query-input":{"@type":"PropertyValueSpecification","valueRequired":true,"valueName":"search_term_string"}}],"inLanguage":"es"},{"@type":"Person","@id":"https:\/\/autofans.com.ar\/#\/schema\/person\/4a8dda0b6df83ac3d6723e921274c2aa","name":"Alejandro Gabriel Rosito","image":{"@type":"ImageObject","inLanguage":"es","@id":"https:\/\/secure.gravatar.com\/avatar\/16c5dda1489adfc62618084dcbb91cffd879c374b13fe5dd8e44ed6733852c88?s=96&d=mm&r=g","url":"https:\/\/secure.gravatar.com\/avatar\/16c5dda1489adfc62618084dcbb91cffd879c374b13fe5dd8e44ed6733852c88?s=96&d=mm&r=g","contentUrl":"https:\/\/secure.gravatar.com\/avatar\/16c5dda1489adfc62618084dcbb91cffd879c374b13fe5dd8e44ed6733852c88?s=96&d=mm&r=g","caption":"Alejandro Gabriel Rosito"},"url":"https:\/\/autofans.com.ar\/index.php\/author\/gabrielr\/"}]}},"featured_image_urls":{"full":["https:\/\/autofans.com.ar\/wp-content\/uploads\/2026\/04\/chery-3.jpg",1000,667,false],"thumbnail":["https:\/\/autofans.com.ar\/wp-content\/uploads\/2026\/04\/chery-3-150x150.jpg",150,150,true],"medium":["https:\/\/autofans.com.ar\/wp-content\/uploads\/2026\/04\/chery-3-300x200.jpg",300,200,true],"medium_large":["https:\/\/autofans.com.ar\/wp-content\/uploads\/2026\/04\/chery-3-768x512.jpg",640,427,true],"large":["https:\/\/autofans.com.ar\/wp-content\/uploads\/2026\/04\/chery-3.jpg",640,427,false],"1536x1536":["https:\/\/autofans.com.ar\/wp-content\/uploads\/2026\/04\/chery-3.jpg",1000,667,false],"2048x2048":["https:\/\/autofans.com.ar\/wp-content\/uploads\/2026\/04\/chery-3.jpg",1000,667,false],"covernews-featured":["https:\/\/autofans.com.ar\/wp-content\/uploads\/2026\/04\/chery-3.jpg",1000,667,false],"covernews-medium":["https:\/\/autofans.com.ar\/wp-content\/uploads\/2026\/04\/chery-3-540x340.jpg",540,340,true]},"author_info":{"display_name":"Alejandro Gabriel Rosito","author_link":"https:\/\/autofans.com.ar\/index.php\/author\/gabrielr\/"},"category_info":"<a href=\"https:\/\/autofans.com.ar\/index.php\/category\/lanzamientos\/hibridos-electricos-y\/\" rel=\"category tag\">H\u00edbridos, El\u00e9ctricos y +<\/a> <a href=\"https:\/\/autofans.com.ar\/index.php\/category\/lanzamientos\/\" rel=\"category tag\">LANZAMIENTOS<\/a>","tag_info":"LANZAMIENTOS","comment_count":0,"_links":{"self":[{"href":"https:\/\/autofans.com.ar\/index.php\/wp-json\/wp\/v2\/posts\/17105","targetHints":{"allow":["GET"]}}],"collection":[{"href":"https:\/\/autofans.com.ar\/index.php\/wp-json\/wp\/v2\/posts"}],"about":[{"href":"https:\/\/autofans.com.ar\/index.php\/wp-json\/wp\/v2\/types\/post"}],"author":[{"embeddable":true,"href":"https:\/\/autofans.com.ar\/index.php\/wp-json\/wp\/v2\/users\/2"}],"replies":[{"embeddable":true,"href":"https:\/\/autofans.com.ar\/index.php\/wp-json\/wp\/v2\/comments?post=17105"}],"version-history":[{"count":2,"href":"https:\/\/autofans.com.ar\/index.php\/wp-json\/wp\/v2\/posts\/17105\/revisions"}],"predecessor-version":[{"id":17111,"href":"https:\/\/autofans.com.ar\/index.php\/wp-json\/wp\/v2\/posts\/17105\/revisions\/17111"}],"wp:featuredmedia":[{"embeddable":true,"href":"https:\/\/autofans.com.ar\/index.php\/wp-json\/wp\/v2\/media\/17107"}],"wp:attachment":[{"href":"https:\/\/autofans.com.ar\/index.php\/wp-json\/wp\/v2\/media?parent=17105"}],"wp:term":[{"taxonomy":"category","embeddable":true,"href":"https:\/\/autofans.com.ar\/index.php\/wp-json\/wp\/v2\/categories?post=17105"},{"taxonomy":"post_tag","embeddable":true,"href":"https:\/\/autofans.com.ar\/index.php\/wp-json\/wp\/v2\/tags?post=17105"}],"curies":[{"name":"wp","href":"https:\/\/api.w.org\/{rel}","templated":true}]}}