{"id":1812,"date":"2023-04-22T11:34:36","date_gmt":"2023-04-22T14:34:36","guid":{"rendered":"https:\/\/autofans.com.ar\/?p=1812"},"modified":"2023-04-22T11:34:36","modified_gmt":"2023-04-22T14:34:36","slug":"iveco-group-inaugura-su-planta-de-autobuses-de-cero-emisiones","status":"publish","type":"post","link":"https:\/\/autofans.com.ar\/index.php\/2023\/04\/22\/iveco-group-inaugura-su-planta-de-autobuses-de-cero-emisiones\/","title":{"rendered":"Iveco Group inaugura su planta de autobuses de cero emisiones"},"content":{"rendered":"<p>Iveco Group, una de las marcas l\u00edderes en el mercado automotor, ha inaugurado su nueva planta de Foggia para la producci\u00f3n de autobuses urbanos, interurbanos y tur\u00edsticos de cero y bajas emisiones. La nueva instalaci\u00f3n emplear\u00e1 a 100 personas altamente especializadas que trabajar\u00e1n en l\u00edneas equipadas con las tecnolog\u00edas m\u00e1s avanzadas de la Industria 4.0. Seg\u00fan el plan industrial, el volumen de producci\u00f3n de la planta ser\u00e1 de 1.000 veh\u00edculos al a\u00f1o.<\/p>\n<p>&nbsp;<\/p>\n<p><img fetchpriority=\"high\" decoding=\"async\" class=\"aligncenter wp-image-1813 size-full\" src=\"https:\/\/autofans.com.ar\/wp-content\/uploads\/2023\/04\/foto-3-31.jpg\" alt=\"iveco\" width=\"1000\" height=\"667\" srcset=\"https:\/\/autofans.com.ar\/wp-content\/uploads\/2023\/04\/foto-3-31.jpg 1000w, https:\/\/autofans.com.ar\/wp-content\/uploads\/2023\/04\/foto-3-31-300x200.jpg 300w, https:\/\/autofans.com.ar\/wp-content\/uploads\/2023\/04\/foto-3-31-768x512.jpg 768w\" sizes=\"(max-width: 1000px) 100vw, 1000px\" \/><\/p>\n<p>&nbsp;<\/p>\n<h3>REVOLUCI\u00d3N VERDE Y TRANSICI\u00d3N ECOL\u00d3GICA<\/h3>\n<p>Adolfo Urso, Ministro de Empresa y Made in Italy, y Michele Emiliano, Presidente de la Regi\u00f3n de Apulia, asistieron al acto de inauguraci\u00f3n junto a representantes sindicales, clientes, proveedores y socios. La planta producir\u00e1 autobuses de alta tecnolog\u00eda con propulsi\u00f3n de cero emisiones (el\u00e9ctricos de bater\u00eda y de hidr\u00f3geno) y propulsi\u00f3n de bajas emisiones (metano\/biometano, combustibles tradicionales y biocombustibles).<\/p>\n<p>La inversi\u00f3n en la nueva planta, de aproximadamente 40 millones de euros, se compensar\u00e1 parcialmente con fondos del PNRR, el Plan Nacional de Recuperaci\u00f3n y Resiliencia, y es estrat\u00e9gica y pone en pr\u00e1ctica dos pilares del PNRR: \u00abRevoluci\u00f3n verde y transici\u00f3n ecol\u00f3gica\u00bb e \u00abInfraestructuras para una movilidad sostenible\u00bb. La nueva planta se suma a la ya existente FPT Industrial, para la producci\u00f3n de motores industriales, y 1.600 empleados, convirti\u00e9ndose en uno de los mayores establecimientos industriales de Apulia.<\/p>\n<h3><\/h3>\n<p><img decoding=\"async\" class=\"wp-image-1815 size-full aligncenter\" src=\"https:\/\/autofans.com.ar\/wp-content\/uploads\/2023\/04\/foto-1-36.jpg\" alt=\"iveco\" width=\"1000\" height=\"667\" srcset=\"https:\/\/autofans.com.ar\/wp-content\/uploads\/2023\/04\/foto-1-36.jpg 1000w, https:\/\/autofans.com.ar\/wp-content\/uploads\/2023\/04\/foto-1-36-300x200.jpg 300w, https:\/\/autofans.com.ar\/wp-content\/uploads\/2023\/04\/foto-1-36-768x512.jpg 768w\" sizes=\"(max-width: 1000px) 100vw, 1000px\" \/><\/p>\n<h3>SUSTENTABLE AL 100%<\/h3>\n<p>El proyecto de \u00abSustainable Enhancement of the Italian Bus Supply Chain\u00bb busca contribuir al proceso de transici\u00f3n energ\u00e9tica y ecol\u00f3gica del transporte p\u00fablico en Italia, asegurando as\u00ed la adquisici\u00f3n de nuevas tecnolog\u00edas para el pa\u00eds. Adem\u00e1s de Foggia, el proyecto implica a otras plantas de Iveco Group y a proveedores italianos. La actividad de Investigaci\u00f3n y Desarrollo relacionada con los propulsores de cero emisiones y la producci\u00f3n de bater\u00edas se est\u00e1 llevando a cabo en la planta de Tur\u00edn de FPT Industrial.<\/p>\n<p>Asimismo la nueva planta produce cero emisiones netas de CO2. El 100% de su energ\u00eda proviene de fuentes renovables, incluidos m\u00e1s de 1.000 paneles fotovoltaicos que producen 640 MWh al a\u00f1o. Todo el proyecto se centra en la reducci\u00f3n del consumo de energ\u00eda y el reciclaje, haciendo uso de materiales de construcci\u00f3n de alto rendimiento, iluminaci\u00f3n LED inteligente y reutilizaci\u00f3n del agua de lluvia. La inauguraci\u00f3n de la nueva planta se produce tan s\u00f3lo ocho meses despu\u00e9s de la colocaci\u00f3n de la primera piedra y menos de un a\u00f1o despu\u00e9s de que <a href=\"https:\/\/www.iveco.com\/ivecobus\/es-es\/Pages\/Home-Page.aspx\" target=\"_blank\" rel=\"noopener\">IVECO BUS<\/a> anunciara su intenci\u00f3n de volver a producir autobuses en Italia.<\/p>\n<p>&nbsp;<\/p>\n<p><i>Para enterarte de m\u00e1s novedades, no dejes de leer\u00a0<\/i><a href=\"https:\/\/autofans.thebrandsoup.com\/\"><i>nuestras notas<\/i><\/a><i>, de ver<\/i><b><i>\u00a0<\/i><\/b><a href=\"https:\/\/www.youtube.com\/channel\/UCgAC8UGHZYbT6P7PpmVnP7g\"><b><i>AUTOFANS TV<\/i><\/b><\/a><b><i>\u00a0<\/i><\/b><i>en nuestro\u00a0canal de Youtube. Adem\u00e1s seguinos en\u00a0<\/i><a href=\"https:\/\/www.instagram.com\/autofanstv\/\"><i>INSTAGRAM<\/i><\/a><i> y <\/i><a href=\"https:\/\/www.facebook.com\/autofansmas\/\"><i>FACEBOOK<\/i><\/a><i> para no perderte nada sobre las novedades del segmento automotor de Argentina y el mundo. <\/i><\/p>\n<p>&nbsp;<\/p>\n","protected":false},"excerpt":{"rendered":"<p>Iveco Group, una de las marcas l\u00edderes en el mercado automotor, ha inaugurado su nueva&#8230;<\/p>\n","protected":false},"author":2,"featured_media":1814,"comment_status":"closed","ping_status":"closed","sticky":false,"template":"","format":"standard","meta":{"footnotes":""},"categories":[341,16,5],"tags":[211,820,610,825,821,824,822,819,826,125,823],"class_list":["post-1812","post","type-post","status-publish","format-standard","has-post-thumbnail","hentry","category-hibridos-y-electricos","category-noticias","category-otros","tag-tecnologia","tag-autobuses","tag-cero-emisiones","tag-energia-renovable","tag-foggia","tag-industria-4-0","tag-italia","tag-iveco-group","tag-materiales-sostenibles","tag-movilidad-sostenible","tag-planta"],"yoast_head":"<!-- This site is optimized with the Yoast SEO plugin v27.5 - https:\/\/yoast.com\/product\/yoast-seo-wordpress\/ -->\n<title>Iveco Group inaugura su planta de autobuses de cero emisiones -<\/title>\n<meta name=\"description\" content=\"Iveco Group, una de las marcas l\u00edderes en el mercado automotor, ha inaugurado su nueva planta de Foggia para la producci\u00f3n de autobuses...\" \/>\n<meta name=\"robots\" content=\"index, follow, max-snippet:-1, max-image-preview:large, max-video-preview:-1\" \/>\n<link rel=\"canonical\" href=\"https:\/\/autofans.com.ar\/index.php\/2023\/04\/22\/iveco-group-inaugura-su-planta-de-autobuses-de-cero-emisiones\/\" \/>\n<meta property=\"og:locale\" content=\"es_ES\" \/>\n<meta property=\"og:type\" content=\"article\" \/>\n<meta property=\"og:title\" content=\"Iveco Group inaugura su planta de autobuses de cero emisiones -\" \/>\n<meta property=\"og:description\" content=\"Iveco Group, una de las marcas l\u00edderes en el mercado automotor, ha inaugurado su nueva planta de Foggia para la producci\u00f3n de autobuses...\" \/>\n<meta property=\"og:url\" content=\"https:\/\/autofans.com.ar\/index.php\/2023\/04\/22\/iveco-group-inaugura-su-planta-de-autobuses-de-cero-emisiones\/\" \/>\n<meta property=\"article:published_time\" content=\"2023-04-22T14:34:36+00:00\" \/>\n<meta property=\"og:image\" content=\"https:\/\/autofans.com.ar\/wp-content\/uploads\/2023\/04\/foto-2-33.jpg\" \/>\n\t<meta property=\"og:image:width\" content=\"1000\" \/>\n\t<meta property=\"og:image:height\" content=\"667\" \/>\n\t<meta property=\"og:image:type\" content=\"image\/jpeg\" \/>\n<meta name=\"author\" content=\"Alejandro Gabriel Rosito\" \/>\n<meta name=\"twitter:card\" content=\"summary_large_image\" \/>\n<meta name=\"twitter:label1\" content=\"Escrito por\" \/>\n\t<meta name=\"twitter:data1\" content=\"Alejandro Gabriel Rosito\" \/>\n\t<meta name=\"twitter:label2\" content=\"Tiempo de lectura\" \/>\n\t<meta name=\"twitter:data2\" content=\"3 minutos\" \/>\n<script type=\"application\/ld+json\" class=\"yoast-schema-graph\">{\"@context\":\"https:\\\/\\\/schema.org\",\"@graph\":[{\"@type\":\"Article\",\"@id\":\"https:\\\/\\\/autofans.com.ar\\\/index.php\\\/2023\\\/04\\\/22\\\/iveco-group-inaugura-su-planta-de-autobuses-de-cero-emisiones\\\/#article\",\"isPartOf\":{\"@id\":\"https:\\\/\\\/autofans.com.ar\\\/index.php\\\/2023\\\/04\\\/22\\\/iveco-group-inaugura-su-planta-de-autobuses-de-cero-emisiones\\\/\"},\"author\":{\"name\":\"Alejandro Gabriel Rosito\",\"@id\":\"https:\\\/\\\/autofans.com.ar\\\/#\\\/schema\\\/person\\\/4a8dda0b6df83ac3d6723e921274c2aa\"},\"headline\":\"Iveco Group inaugura su planta de autobuses de cero emisiones\",\"datePublished\":\"2023-04-22T14:34:36+00:00\",\"mainEntityOfPage\":{\"@id\":\"https:\\\/\\\/autofans.com.ar\\\/index.php\\\/2023\\\/04\\\/22\\\/iveco-group-inaugura-su-planta-de-autobuses-de-cero-emisiones\\\/\"},\"wordCount\":511,\"image\":{\"@id\":\"https:\\\/\\\/autofans.com.ar\\\/index.php\\\/2023\\\/04\\\/22\\\/iveco-group-inaugura-su-planta-de-autobuses-de-cero-emisiones\\\/#primaryimage\"},\"thumbnailUrl\":\"https:\\\/\\\/autofans.com.ar\\\/wp-content\\\/uploads\\\/2023\\\/04\\\/foto-2-33.jpg\",\"keywords\":[\"#tecnolog\u00eda\",\"autobuses\",\"cero emisiones\",\"energ\u00eda renovable\",\"Foggia\",\"Industria 4.0\",\"Italia\",\"Iveco Group\",\"materiales sostenibles\",\"Movilidad Sostenible\",\"planta\"],\"articleSection\":[\"HIBRIDOS, ELECTRICOS y otros\",\"NOTICIAS\",\"PICK UPs, UTILITARIOS Y OTROS\"],\"inLanguage\":\"es\"},{\"@type\":\"WebPage\",\"@id\":\"https:\\\/\\\/autofans.com.ar\\\/index.php\\\/2023\\\/04\\\/22\\\/iveco-group-inaugura-su-planta-de-autobuses-de-cero-emisiones\\\/\",\"url\":\"https:\\\/\\\/autofans.com.ar\\\/index.php\\\/2023\\\/04\\\/22\\\/iveco-group-inaugura-su-planta-de-autobuses-de-cero-emisiones\\\/\",\"name\":\"Iveco Group inaugura su planta de autobuses de cero emisiones -\",\"isPartOf\":{\"@id\":\"https:\\\/\\\/autofans.com.ar\\\/#website\"},\"primaryImageOfPage\":{\"@id\":\"https:\\\/\\\/autofans.com.ar\\\/index.php\\\/2023\\\/04\\\/22\\\/iveco-group-inaugura-su-planta-de-autobuses-de-cero-emisiones\\\/#primaryimage\"},\"image\":{\"@id\":\"https:\\\/\\\/autofans.com.ar\\\/index.php\\\/2023\\\/04\\\/22\\\/iveco-group-inaugura-su-planta-de-autobuses-de-cero-emisiones\\\/#primaryimage\"},\"thumbnailUrl\":\"https:\\\/\\\/autofans.com.ar\\\/wp-content\\\/uploads\\\/2023\\\/04\\\/foto-2-33.jpg\",\"datePublished\":\"2023-04-22T14:34:36+00:00\",\"author\":{\"@id\":\"https:\\\/\\\/autofans.com.ar\\\/#\\\/schema\\\/person\\\/4a8dda0b6df83ac3d6723e921274c2aa\"},\"description\":\"Iveco Group, una de las marcas l\u00edderes en el mercado automotor, ha inaugurado su nueva planta de Foggia para la producci\u00f3n de autobuses...\",\"breadcrumb\":{\"@id\":\"https:\\\/\\\/autofans.com.ar\\\/index.php\\\/2023\\\/04\\\/22\\\/iveco-group-inaugura-su-planta-de-autobuses-de-cero-emisiones\\\/#breadcrumb\"},\"inLanguage\":\"es\",\"potentialAction\":[{\"@type\":\"ReadAction\",\"target\":[\"https:\\\/\\\/autofans.com.ar\\\/index.php\\\/2023\\\/04\\\/22\\\/iveco-group-inaugura-su-planta-de-autobuses-de-cero-emisiones\\\/\"]}]},{\"@type\":\"ImageObject\",\"inLanguage\":\"es\",\"@id\":\"https:\\\/\\\/autofans.com.ar\\\/index.php\\\/2023\\\/04\\\/22\\\/iveco-group-inaugura-su-planta-de-autobuses-de-cero-emisiones\\\/#primaryimage\",\"url\":\"https:\\\/\\\/autofans.com.ar\\\/wp-content\\\/uploads\\\/2023\\\/04\\\/foto-2-33.jpg\",\"contentUrl\":\"https:\\\/\\\/autofans.com.ar\\\/wp-content\\\/uploads\\\/2023\\\/04\\\/foto-2-33.jpg\",\"width\":1000,\"height\":667,\"caption\":\"iveco\"},{\"@type\":\"BreadcrumbList\",\"@id\":\"https:\\\/\\\/autofans.com.ar\\\/index.php\\\/2023\\\/04\\\/22\\\/iveco-group-inaugura-su-planta-de-autobuses-de-cero-emisiones\\\/#breadcrumb\",\"itemListElement\":[{\"@type\":\"ListItem\",\"position\":1,\"name\":\"Inicio\",\"item\":\"https:\\\/\\\/autofans.com.ar\\\/\"},{\"@type\":\"ListItem\",\"position\":2,\"name\":\"Iveco Group inaugura su planta de autobuses de cero emisiones\"}]},{\"@type\":\"WebSite\",\"@id\":\"https:\\\/\\\/autofans.com.ar\\\/#website\",\"url\":\"https:\\\/\\\/autofans.com.ar\\\/\",\"name\":\"\",\"description\":\"El multimedio referente de la industria automotriz\",\"potentialAction\":[{\"@type\":\"SearchAction\",\"target\":{\"@type\":\"EntryPoint\",\"urlTemplate\":\"https:\\\/\\\/autofans.com.ar\\\/?s={search_term_string}\"},\"query-input\":{\"@type\":\"PropertyValueSpecification\",\"valueRequired\":true,\"valueName\":\"search_term_string\"}}],\"inLanguage\":\"es\"},{\"@type\":\"Person\",\"@id\":\"https:\\\/\\\/autofans.com.ar\\\/#\\\/schema\\\/person\\\/4a8dda0b6df83ac3d6723e921274c2aa\",\"name\":\"Alejandro Gabriel Rosito\",\"image\":{\"@type\":\"ImageObject\",\"inLanguage\":\"es\",\"@id\":\"https:\\\/\\\/secure.gravatar.com\\\/avatar\\\/16c5dda1489adfc62618084dcbb91cffd879c374b13fe5dd8e44ed6733852c88?s=96&d=mm&r=g\",\"url\":\"https:\\\/\\\/secure.gravatar.com\\\/avatar\\\/16c5dda1489adfc62618084dcbb91cffd879c374b13fe5dd8e44ed6733852c88?s=96&d=mm&r=g\",\"contentUrl\":\"https:\\\/\\\/secure.gravatar.com\\\/avatar\\\/16c5dda1489adfc62618084dcbb91cffd879c374b13fe5dd8e44ed6733852c88?s=96&d=mm&r=g\",\"caption\":\"Alejandro Gabriel Rosito\"},\"url\":\"https:\\\/\\\/autofans.com.ar\\\/index.php\\\/author\\\/gabrielr\\\/\"}]}<\/script>\n<!-- \/ Yoast SEO plugin. -->","yoast_head_json":{"title":"Iveco Group inaugura su planta de autobuses de cero emisiones -","description":"Iveco Group, una de las marcas l\u00edderes en el mercado automotor, ha inaugurado su nueva planta de Foggia para la producci\u00f3n de autobuses...","robots":{"index":"index","follow":"follow","max-snippet":"max-snippet:-1","max-image-preview":"max-image-preview:large","max-video-preview":"max-video-preview:-1"},"canonical":"https:\/\/autofans.com.ar\/index.php\/2023\/04\/22\/iveco-group-inaugura-su-planta-de-autobuses-de-cero-emisiones\/","og_locale":"es_ES","og_type":"article","og_title":"Iveco Group inaugura su planta de autobuses de cero emisiones -","og_description":"Iveco Group, una de las marcas l\u00edderes en el mercado automotor, ha inaugurado su nueva planta de Foggia para la producci\u00f3n de autobuses...","og_url":"https:\/\/autofans.com.ar\/index.php\/2023\/04\/22\/iveco-group-inaugura-su-planta-de-autobuses-de-cero-emisiones\/","article_published_time":"2023-04-22T14:34:36+00:00","og_image":[{"width":1000,"height":667,"url":"https:\/\/autofans.com.ar\/wp-content\/uploads\/2023\/04\/foto-2-33.jpg","type":"image\/jpeg"}],"author":"Alejandro Gabriel Rosito","twitter_card":"summary_large_image","twitter_misc":{"Escrito por":"Alejandro Gabriel Rosito","Tiempo de lectura":"3 minutos"},"schema":{"@context":"https:\/\/schema.org","@graph":[{"@type":"Article","@id":"https:\/\/autofans.com.ar\/index.php\/2023\/04\/22\/iveco-group-inaugura-su-planta-de-autobuses-de-cero-emisiones\/#article","isPartOf":{"@id":"https:\/\/autofans.com.ar\/index.php\/2023\/04\/22\/iveco-group-inaugura-su-planta-de-autobuses-de-cero-emisiones\/"},"author":{"name":"Alejandro Gabriel Rosito","@id":"https:\/\/autofans.com.ar\/#\/schema\/person\/4a8dda0b6df83ac3d6723e921274c2aa"},"headline":"Iveco Group inaugura su planta de autobuses de cero emisiones","datePublished":"2023-04-22T14:34:36+00:00","mainEntityOfPage":{"@id":"https:\/\/autofans.com.ar\/index.php\/2023\/04\/22\/iveco-group-inaugura-su-planta-de-autobuses-de-cero-emisiones\/"},"wordCount":511,"image":{"@id":"https:\/\/autofans.com.ar\/index.php\/2023\/04\/22\/iveco-group-inaugura-su-planta-de-autobuses-de-cero-emisiones\/#primaryimage"},"thumbnailUrl":"https:\/\/autofans.com.ar\/wp-content\/uploads\/2023\/04\/foto-2-33.jpg","keywords":["#tecnolog\u00eda","autobuses","cero emisiones","energ\u00eda renovable","Foggia","Industria 4.0","Italia","Iveco Group","materiales sostenibles","Movilidad Sostenible","planta"],"articleSection":["HIBRIDOS, ELECTRICOS y otros","NOTICIAS","PICK UPs, UTILITARIOS Y OTROS"],"inLanguage":"es"},{"@type":"WebPage","@id":"https:\/\/autofans.com.ar\/index.php\/2023\/04\/22\/iveco-group-inaugura-su-planta-de-autobuses-de-cero-emisiones\/","url":"https:\/\/autofans.com.ar\/index.php\/2023\/04\/22\/iveco-group-inaugura-su-planta-de-autobuses-de-cero-emisiones\/","name":"Iveco Group inaugura su planta de autobuses de cero emisiones -","isPartOf":{"@id":"https:\/\/autofans.com.ar\/#website"},"primaryImageOfPage":{"@id":"https:\/\/autofans.com.ar\/index.php\/2023\/04\/22\/iveco-group-inaugura-su-planta-de-autobuses-de-cero-emisiones\/#primaryimage"},"image":{"@id":"https:\/\/autofans.com.ar\/index.php\/2023\/04\/22\/iveco-group-inaugura-su-planta-de-autobuses-de-cero-emisiones\/#primaryimage"},"thumbnailUrl":"https:\/\/autofans.com.ar\/wp-content\/uploads\/2023\/04\/foto-2-33.jpg","datePublished":"2023-04-22T14:34:36+00:00","author":{"@id":"https:\/\/autofans.com.ar\/#\/schema\/person\/4a8dda0b6df83ac3d6723e921274c2aa"},"description":"Iveco Group, una de las marcas l\u00edderes en el mercado automotor, ha inaugurado su nueva planta de Foggia para la producci\u00f3n de autobuses...","breadcrumb":{"@id":"https:\/\/autofans.com.ar\/index.php\/2023\/04\/22\/iveco-group-inaugura-su-planta-de-autobuses-de-cero-emisiones\/#breadcrumb"},"inLanguage":"es","potentialAction":[{"@type":"ReadAction","target":["https:\/\/autofans.com.ar\/index.php\/2023\/04\/22\/iveco-group-inaugura-su-planta-de-autobuses-de-cero-emisiones\/"]}]},{"@type":"ImageObject","inLanguage":"es","@id":"https:\/\/autofans.com.ar\/index.php\/2023\/04\/22\/iveco-group-inaugura-su-planta-de-autobuses-de-cero-emisiones\/#primaryimage","url":"https:\/\/autofans.com.ar\/wp-content\/uploads\/2023\/04\/foto-2-33.jpg","contentUrl":"https:\/\/autofans.com.ar\/wp-content\/uploads\/2023\/04\/foto-2-33.jpg","width":1000,"height":667,"caption":"iveco"},{"@type":"BreadcrumbList","@id":"https:\/\/autofans.com.ar\/index.php\/2023\/04\/22\/iveco-group-inaugura-su-planta-de-autobuses-de-cero-emisiones\/#breadcrumb","itemListElement":[{"@type":"ListItem","position":1,"name":"Inicio","item":"https:\/\/autofans.com.ar\/"},{"@type":"ListItem","position":2,"name":"Iveco Group inaugura su planta de autobuses de cero emisiones"}]},{"@type":"WebSite","@id":"https:\/\/autofans.com.ar\/#website","url":"https:\/\/autofans.com.ar\/","name":"","description":"El multimedio referente de la industria automotriz","potentialAction":[{"@type":"SearchAction","target":{"@type":"EntryPoint","urlTemplate":"https:\/\/autofans.com.ar\/?s={search_term_string}"},"query-input":{"@type":"PropertyValueSpecification","valueRequired":true,"valueName":"search_term_string"}}],"inLanguage":"es"},{"@type":"Person","@id":"https:\/\/autofans.com.ar\/#\/schema\/person\/4a8dda0b6df83ac3d6723e921274c2aa","name":"Alejandro Gabriel Rosito","image":{"@type":"ImageObject","inLanguage":"es","@id":"https:\/\/secure.gravatar.com\/avatar\/16c5dda1489adfc62618084dcbb91cffd879c374b13fe5dd8e44ed6733852c88?s=96&d=mm&r=g","url":"https:\/\/secure.gravatar.com\/avatar\/16c5dda1489adfc62618084dcbb91cffd879c374b13fe5dd8e44ed6733852c88?s=96&d=mm&r=g","contentUrl":"https:\/\/secure.gravatar.com\/avatar\/16c5dda1489adfc62618084dcbb91cffd879c374b13fe5dd8e44ed6733852c88?s=96&d=mm&r=g","caption":"Alejandro Gabriel Rosito"},"url":"https:\/\/autofans.com.ar\/index.php\/author\/gabrielr\/"}]}},"featured_image_urls":{"full":["https:\/\/autofans.com.ar\/wp-content\/uploads\/2023\/04\/foto-2-33.jpg",1000,667,false],"thumbnail":["https:\/\/autofans.com.ar\/wp-content\/uploads\/2023\/04\/foto-2-33-150x150.jpg",150,150,true],"medium":["https:\/\/autofans.com.ar\/wp-content\/uploads\/2023\/04\/foto-2-33-300x200.jpg",300,200,true],"medium_large":["https:\/\/autofans.com.ar\/wp-content\/uploads\/2023\/04\/foto-2-33-768x512.jpg",640,427,true],"large":["https:\/\/autofans.com.ar\/wp-content\/uploads\/2023\/04\/foto-2-33.jpg",640,427,false],"1536x1536":["https:\/\/autofans.com.ar\/wp-content\/uploads\/2023\/04\/foto-2-33.jpg",1000,667,false],"2048x2048":["https:\/\/autofans.com.ar\/wp-content\/uploads\/2023\/04\/foto-2-33.jpg",1000,667,false],"covernews-featured":["https:\/\/autofans.com.ar\/wp-content\/uploads\/2023\/04\/foto-2-33.jpg",1000,667,false],"covernews-medium":["https:\/\/autofans.com.ar\/wp-content\/uploads\/2023\/04\/foto-2-33-540x340.jpg",540,340,true]},"author_info":{"display_name":"Alejandro Gabriel Rosito","author_link":"https:\/\/autofans.com.ar\/index.php\/author\/gabrielr\/"},"category_info":"<a href=\"https:\/\/autofans.com.ar\/index.php\/category\/noticias\/hibridos-y-electricos\/\" rel=\"category tag\">HIBRIDOS, ELECTRICOS y otros<\/a> <a href=\"https:\/\/autofans.com.ar\/index.php\/category\/noticias\/\" rel=\"category tag\">NOTICIAS<\/a> <a href=\"https:\/\/autofans.com.ar\/index.php\/category\/noticias\/otros\/\" rel=\"category tag\">PICK UPs, UTILITARIOS Y OTROS<\/a>","tag_info":"PICK UPs, UTILITARIOS Y OTROS","comment_count":0,"_links":{"self":[{"href":"https:\/\/autofans.com.ar\/index.php\/wp-json\/wp\/v2\/posts\/1812","targetHints":{"allow":["GET"]}}],"collection":[{"href":"https:\/\/autofans.com.ar\/index.php\/wp-json\/wp\/v2\/posts"}],"about":[{"href":"https:\/\/autofans.com.ar\/index.php\/wp-json\/wp\/v2\/types\/post"}],"author":[{"embeddable":true,"href":"https:\/\/autofans.com.ar\/index.php\/wp-json\/wp\/v2\/users\/2"}],"replies":[{"embeddable":true,"href":"https:\/\/autofans.com.ar\/index.php\/wp-json\/wp\/v2\/comments?post=1812"}],"version-history":[{"count":4,"href":"https:\/\/autofans.com.ar\/index.php\/wp-json\/wp\/v2\/posts\/1812\/revisions"}],"predecessor-version":[{"id":1819,"href":"https:\/\/autofans.com.ar\/index.php\/wp-json\/wp\/v2\/posts\/1812\/revisions\/1819"}],"wp:featuredmedia":[{"embeddable":true,"href":"https:\/\/autofans.com.ar\/index.php\/wp-json\/wp\/v2\/media\/1814"}],"wp:attachment":[{"href":"https:\/\/autofans.com.ar\/index.php\/wp-json\/wp\/v2\/media?parent=1812"}],"wp:term":[{"taxonomy":"category","embeddable":true,"href":"https:\/\/autofans.com.ar\/index.php\/wp-json\/wp\/v2\/categories?post=1812"},{"taxonomy":"post_tag","embeddable":true,"href":"https:\/\/autofans.com.ar\/index.php\/wp-json\/wp\/v2\/tags?post=1812"}],"curies":[{"name":"wp","href":"https:\/\/api.w.org\/{rel}","templated":true}]}}