{"id":1820,"date":"2023-04-24T11:58:13","date_gmt":"2023-04-24T14:58:13","guid":{"rendered":"https:\/\/autofans.com.ar\/?p=1820"},"modified":"2023-04-24T12:01:49","modified_gmt":"2023-04-24T15:01:49","slug":"ram-revela-secretos-de-su-nueva-pickup-en-miniserie","status":"publish","type":"post","link":"https:\/\/autofans.com.ar\/index.php\/2023\/04\/24\/ram-revela-secretos-de-su-nueva-pickup-en-miniserie\/","title":{"rendered":"RAM revela secretos de su nueva pickup en miniserie"},"content":{"rendered":"<p>RAM, la reconocida marca de veh\u00edculos presenta una miniserie exclusiva que ofrece un vistazo detr\u00e1s de escena del desarrollo de su mayor lanzamiento en la historia de la regi\u00f3n. Con el t\u00edtulo de \u00abEl comienzo\u00bb, el primer episodio se centra en las ideas iniciales del proyecto.<\/p>\n<p>&nbsp;<\/p>\n<p><center><iframe title=\"RAM revela secretos de su nueva pickup en miniserie\" width=\"640\" height=\"360\" src=\"https:\/\/www.youtube.com\/embed\/5gRak2J0ER4?feature=oembed\" frameborder=\"0\" allow=\"accelerometer; autoplay; clipboard-write; encrypted-media; gyroscope; picture-in-picture; web-share\" referrerpolicy=\"strict-origin-when-cross-origin\" allowfullscreen><\/iframe><\/p>\n<p style=\"text-align: left;\">El primer episodio de esta apasionante miniserie ofrece una visi\u00f3n en profundidad de las ideas iniciales del proyecto, las cuales fueron desarrolladas en conjunto con Stellantis en los Estados Unidos. Los ejecutivos clave que lideraron este emocionante proyecto como Antonio Filosa, presidente de Stellantis para Sudam\u00e9rica, Breno Kamei, vicepresidente de RAM para Sudam\u00e9rica, y Peter Fassbender, vicepresidente de Dise\u00f1o de Stellantis para Sudam\u00e9rica. Todos comparten su visi\u00f3n y las caracter\u00edsticas clave que convertir\u00e1n a esta nueva pickup en una verdadera RAM.<\/p>\n<p>&nbsp;<\/p>\n<p>&nbsp;<\/p>\n<p><\/center><img fetchpriority=\"high\" decoding=\"async\" class=\"aligncenter wp-image-1824 size-full\" src=\"https:\/\/autofans.com.ar\/wp-content\/uploads\/2023\/04\/foto-5-18.jpg\" alt=\"ram\" width=\"1000\" height=\"667\" srcset=\"https:\/\/autofans.com.ar\/wp-content\/uploads\/2023\/04\/foto-5-18.jpg 1000w, https:\/\/autofans.com.ar\/wp-content\/uploads\/2023\/04\/foto-5-18-300x200.jpg 300w, https:\/\/autofans.com.ar\/wp-content\/uploads\/2023\/04\/foto-5-18-768x512.jpg 768w\" sizes=\"(max-width: 1000px) 100vw, 1000px\" \/><\/p>\n<p>Uno de los aspectos m\u00e1s destacados de la nueva pickup de RAM es su potencia. Con una ingenier\u00eda de vanguardia y tecnolog\u00eda de punta, RAM ha creado un veh\u00edculo que promete ofrecer un rendimiento excepcional en cualquier terreno. Adem\u00e1s, la capacidad de carga de esta pickup es impresionante. Esto la convierte en una opci\u00f3n ideal para aquellos que buscan una herramienta de trabajo confiable y resistente. Pero eso no es todo, la tecnolog\u00eda y la sofisticaci\u00f3n tambi\u00e9n son parte integral de esta nueva pickup. Con caracter\u00edsticas innovadoras en t\u00e9rminos de conectividad, seguridad y comodidad RAM est\u00e1 llevando la experiencia de conducci\u00f3n a un nivel completamente nuevo,<\/p>\n<p>&nbsp;<\/p>\n<p><img decoding=\"async\" class=\"aligncenter wp-image-1822 size-full\" src=\"https:\/\/autofans.com.ar\/wp-content\/uploads\/2023\/04\/foto-3-32.jpg\" alt=\"ram\" width=\"1000\" height=\"667\" srcset=\"https:\/\/autofans.com.ar\/wp-content\/uploads\/2023\/04\/foto-3-32.jpg 1000w, https:\/\/autofans.com.ar\/wp-content\/uploads\/2023\/04\/foto-3-32-300x200.jpg 300w, https:\/\/autofans.com.ar\/wp-content\/uploads\/2023\/04\/foto-3-32-768x512.jpg 768w\" sizes=\"(max-width: 1000px) 100vw, 1000px\" \/><\/p>\n<p>En resumen, la miniserie <a href=\"https:\/\/www.ram.com.ar\" target=\"_blank\" rel=\"noopener\">de RAM<\/a> promete ser una fuente emocionante de informaci\u00f3n para los amantes de las pickups y los fan\u00e1ticos de la marca. En cuanto a cada episodio ofrecer\u00e1 una visi\u00f3n \u00fanica del proceso de creaci\u00f3n de esta nueva pickup.<\/p>\n<p>No te pierdas \u00abEl comienzo\u00bb, el primer episodio de esta apasionante miniserie de RAM, y mantente atento a las pr\u00f3ximas entregas que revelar\u00e1n m\u00e1s detalles sobre este emocionante lanzamiento<\/p>\n<p>&nbsp;<\/p>\n<p><i>Para enterarte de m\u00e1s novedades, no dejes de leer\u00a0<\/i><a href=\"https:\/\/autofans.thebrandsoup.com\/\"><i>nuestras notas<\/i><\/a><i>, de ver<\/i><b><i>\u00a0<\/i><\/b><a href=\"https:\/\/www.youtube.com\/channel\/UCgAC8UGHZYbT6P7PpmVnP7g\"><b><i>AUTOFANS TV<\/i><\/b><\/a><b><i>\u00a0<\/i><\/b><i>en nuestro\u00a0canal de Youtube. Adem\u00e1s seguinos en\u00a0<\/i><a href=\"https:\/\/www.instagram.com\/autofanstv\/\"><i>INSTAGRAM<\/i><\/a><i> y <\/i><a href=\"https:\/\/www.facebook.com\/autofansmas\/\"><i>FACEBOOK<\/i><\/a><i> para no perderte nada sobre las novedades del segmento automotor de Argentina y el mundo. <\/i><\/p>\n","protected":false},"excerpt":{"rendered":"<p>RAM, la reconocida marca de veh\u00edculos presenta una miniserie exclusiva que ofrece un vistazo detr\u00e1s&#8230;<\/p>\n","protected":false},"author":2,"featured_media":1821,"comment_status":"closed","ping_status":"closed","sticky":false,"template":"","format":"standard","meta":{"footnotes":""},"categories":[1,5],"tags":[71,827,828,829,296,37],"class_list":["post-1820","post","type-post","status-publish","format-standard","has-post-thumbnail","hentry","category-lanzamientos","category-otros","tag-lanzamiento","tag-miniserie","tag-pickup-regional","tag-proceso-de-creacion","tag-ram","tag-stellantis"],"yoast_head":"<!-- This site is optimized with the Yoast SEO plugin v27.5 - https:\/\/yoast.com\/product\/yoast-seo-wordpress\/ -->\n<title>RAM revela secretos de su nueva pickup en miniserie -<\/title>\n<meta name=\"description\" content=\"RAM, la reconocida marca de veh\u00edculos presenta una miniserie exclusiva que ofrece un vistazo detr\u00e1s de escena con el t\u00edtulo de &quot;El comienzo&quot;\" \/>\n<meta name=\"robots\" content=\"index, follow, max-snippet:-1, max-image-preview:large, max-video-preview:-1\" \/>\n<link rel=\"canonical\" href=\"https:\/\/autofans.com.ar\/index.php\/2023\/04\/24\/ram-revela-secretos-de-su-nueva-pickup-en-miniserie\/\" \/>\n<meta property=\"og:locale\" content=\"es_ES\" \/>\n<meta property=\"og:type\" content=\"article\" \/>\n<meta property=\"og:title\" content=\"RAM revela secretos de su nueva pickup en miniserie -\" \/>\n<meta property=\"og:description\" content=\"RAM, la reconocida marca de veh\u00edculos presenta una miniserie exclusiva que ofrece un vistazo detr\u00e1s de escena con el t\u00edtulo de &quot;El comienzo&quot;\" \/>\n<meta property=\"og:url\" content=\"https:\/\/autofans.com.ar\/index.php\/2023\/04\/24\/ram-revela-secretos-de-su-nueva-pickup-en-miniserie\/\" \/>\n<meta property=\"article:published_time\" content=\"2023-04-24T14:58:13+00:00\" \/>\n<meta property=\"article:modified_time\" content=\"2023-04-24T15:01:49+00:00\" \/>\n<meta property=\"og:image\" content=\"https:\/\/autofans.com.ar\/wp-content\/uploads\/2023\/04\/foto-2-34.jpg\" \/>\n\t<meta property=\"og:image:width\" content=\"1000\" \/>\n\t<meta property=\"og:image:height\" content=\"667\" \/>\n\t<meta property=\"og:image:type\" content=\"image\/jpeg\" \/>\n<meta name=\"author\" content=\"Alejandro Gabriel Rosito\" \/>\n<meta name=\"twitter:card\" content=\"summary_large_image\" \/>\n<meta name=\"twitter:label1\" content=\"Escrito por\" \/>\n\t<meta name=\"twitter:data1\" content=\"Alejandro Gabriel Rosito\" \/>\n\t<meta name=\"twitter:label2\" content=\"Tiempo de lectura\" \/>\n\t<meta name=\"twitter:data2\" content=\"2 minutos\" \/>\n<script type=\"application\/ld+json\" class=\"yoast-schema-graph\">{\"@context\":\"https:\\\/\\\/schema.org\",\"@graph\":[{\"@type\":\"Article\",\"@id\":\"https:\\\/\\\/autofans.com.ar\\\/index.php\\\/2023\\\/04\\\/24\\\/ram-revela-secretos-de-su-nueva-pickup-en-miniserie\\\/#article\",\"isPartOf\":{\"@id\":\"https:\\\/\\\/autofans.com.ar\\\/index.php\\\/2023\\\/04\\\/24\\\/ram-revela-secretos-de-su-nueva-pickup-en-miniserie\\\/\"},\"author\":{\"name\":\"Alejandro Gabriel Rosito\",\"@id\":\"https:\\\/\\\/autofans.com.ar\\\/#\\\/schema\\\/person\\\/4a8dda0b6df83ac3d6723e921274c2aa\"},\"headline\":\"RAM revela secretos de su nueva pickup en miniserie\",\"datePublished\":\"2023-04-24T14:58:13+00:00\",\"dateModified\":\"2023-04-24T15:01:49+00:00\",\"mainEntityOfPage\":{\"@id\":\"https:\\\/\\\/autofans.com.ar\\\/index.php\\\/2023\\\/04\\\/24\\\/ram-revela-secretos-de-su-nueva-pickup-en-miniserie\\\/\"},\"wordCount\":400,\"image\":{\"@id\":\"https:\\\/\\\/autofans.com.ar\\\/index.php\\\/2023\\\/04\\\/24\\\/ram-revela-secretos-de-su-nueva-pickup-en-miniserie\\\/#primaryimage\"},\"thumbnailUrl\":\"https:\\\/\\\/autofans.com.ar\\\/wp-content\\\/uploads\\\/2023\\\/04\\\/foto-2-34.jpg\",\"keywords\":[\"Lanzamiento\",\"miniserie\",\"pickup regional\",\"proceso de creaci\u00f3n\",\"RAM\",\"Stellantis\"],\"articleSection\":[\"LANZAMIENTOS\",\"PICK UPs, UTILITARIOS Y OTROS\"],\"inLanguage\":\"es\"},{\"@type\":\"WebPage\",\"@id\":\"https:\\\/\\\/autofans.com.ar\\\/index.php\\\/2023\\\/04\\\/24\\\/ram-revela-secretos-de-su-nueva-pickup-en-miniserie\\\/\",\"url\":\"https:\\\/\\\/autofans.com.ar\\\/index.php\\\/2023\\\/04\\\/24\\\/ram-revela-secretos-de-su-nueva-pickup-en-miniserie\\\/\",\"name\":\"RAM revela secretos de su nueva pickup en miniserie -\",\"isPartOf\":{\"@id\":\"https:\\\/\\\/autofans.com.ar\\\/#website\"},\"primaryImageOfPage\":{\"@id\":\"https:\\\/\\\/autofans.com.ar\\\/index.php\\\/2023\\\/04\\\/24\\\/ram-revela-secretos-de-su-nueva-pickup-en-miniserie\\\/#primaryimage\"},\"image\":{\"@id\":\"https:\\\/\\\/autofans.com.ar\\\/index.php\\\/2023\\\/04\\\/24\\\/ram-revela-secretos-de-su-nueva-pickup-en-miniserie\\\/#primaryimage\"},\"thumbnailUrl\":\"https:\\\/\\\/autofans.com.ar\\\/wp-content\\\/uploads\\\/2023\\\/04\\\/foto-2-34.jpg\",\"datePublished\":\"2023-04-24T14:58:13+00:00\",\"dateModified\":\"2023-04-24T15:01:49+00:00\",\"author\":{\"@id\":\"https:\\\/\\\/autofans.com.ar\\\/#\\\/schema\\\/person\\\/4a8dda0b6df83ac3d6723e921274c2aa\"},\"description\":\"RAM, la reconocida marca de veh\u00edculos presenta una miniserie exclusiva que ofrece un vistazo detr\u00e1s de escena con el t\u00edtulo de \\\"El comienzo\\\"\",\"breadcrumb\":{\"@id\":\"https:\\\/\\\/autofans.com.ar\\\/index.php\\\/2023\\\/04\\\/24\\\/ram-revela-secretos-de-su-nueva-pickup-en-miniserie\\\/#breadcrumb\"},\"inLanguage\":\"es\",\"potentialAction\":[{\"@type\":\"ReadAction\",\"target\":[\"https:\\\/\\\/autofans.com.ar\\\/index.php\\\/2023\\\/04\\\/24\\\/ram-revela-secretos-de-su-nueva-pickup-en-miniserie\\\/\"]}]},{\"@type\":\"ImageObject\",\"inLanguage\":\"es\",\"@id\":\"https:\\\/\\\/autofans.com.ar\\\/index.php\\\/2023\\\/04\\\/24\\\/ram-revela-secretos-de-su-nueva-pickup-en-miniserie\\\/#primaryimage\",\"url\":\"https:\\\/\\\/autofans.com.ar\\\/wp-content\\\/uploads\\\/2023\\\/04\\\/foto-2-34.jpg\",\"contentUrl\":\"https:\\\/\\\/autofans.com.ar\\\/wp-content\\\/uploads\\\/2023\\\/04\\\/foto-2-34.jpg\",\"width\":1000,\"height\":667,\"caption\":\"ram\"},{\"@type\":\"BreadcrumbList\",\"@id\":\"https:\\\/\\\/autofans.com.ar\\\/index.php\\\/2023\\\/04\\\/24\\\/ram-revela-secretos-de-su-nueva-pickup-en-miniserie\\\/#breadcrumb\",\"itemListElement\":[{\"@type\":\"ListItem\",\"position\":1,\"name\":\"Inicio\",\"item\":\"https:\\\/\\\/autofans.com.ar\\\/\"},{\"@type\":\"ListItem\",\"position\":2,\"name\":\"RAM revela secretos de su nueva pickup en miniserie\"}]},{\"@type\":\"WebSite\",\"@id\":\"https:\\\/\\\/autofans.com.ar\\\/#website\",\"url\":\"https:\\\/\\\/autofans.com.ar\\\/\",\"name\":\"\",\"description\":\"El multimedio referente de la industria automotriz\",\"potentialAction\":[{\"@type\":\"SearchAction\",\"target\":{\"@type\":\"EntryPoint\",\"urlTemplate\":\"https:\\\/\\\/autofans.com.ar\\\/?s={search_term_string}\"},\"query-input\":{\"@type\":\"PropertyValueSpecification\",\"valueRequired\":true,\"valueName\":\"search_term_string\"}}],\"inLanguage\":\"es\"},{\"@type\":\"Person\",\"@id\":\"https:\\\/\\\/autofans.com.ar\\\/#\\\/schema\\\/person\\\/4a8dda0b6df83ac3d6723e921274c2aa\",\"name\":\"Alejandro Gabriel Rosito\",\"image\":{\"@type\":\"ImageObject\",\"inLanguage\":\"es\",\"@id\":\"https:\\\/\\\/secure.gravatar.com\\\/avatar\\\/16c5dda1489adfc62618084dcbb91cffd879c374b13fe5dd8e44ed6733852c88?s=96&d=mm&r=g\",\"url\":\"https:\\\/\\\/secure.gravatar.com\\\/avatar\\\/16c5dda1489adfc62618084dcbb91cffd879c374b13fe5dd8e44ed6733852c88?s=96&d=mm&r=g\",\"contentUrl\":\"https:\\\/\\\/secure.gravatar.com\\\/avatar\\\/16c5dda1489adfc62618084dcbb91cffd879c374b13fe5dd8e44ed6733852c88?s=96&d=mm&r=g\",\"caption\":\"Alejandro Gabriel Rosito\"},\"url\":\"https:\\\/\\\/autofans.com.ar\\\/index.php\\\/author\\\/gabrielr\\\/\"}]}<\/script>\n<!-- \/ Yoast SEO plugin. -->","yoast_head_json":{"title":"RAM revela secretos de su nueva pickup en miniserie -","description":"RAM, la reconocida marca de veh\u00edculos presenta una miniserie exclusiva que ofrece un vistazo detr\u00e1s de escena con el t\u00edtulo de \"El comienzo\"","robots":{"index":"index","follow":"follow","max-snippet":"max-snippet:-1","max-image-preview":"max-image-preview:large","max-video-preview":"max-video-preview:-1"},"canonical":"https:\/\/autofans.com.ar\/index.php\/2023\/04\/24\/ram-revela-secretos-de-su-nueva-pickup-en-miniserie\/","og_locale":"es_ES","og_type":"article","og_title":"RAM revela secretos de su nueva pickup en miniserie -","og_description":"RAM, la reconocida marca de veh\u00edculos presenta una miniserie exclusiva que ofrece un vistazo detr\u00e1s de escena con el t\u00edtulo de \"El comienzo\"","og_url":"https:\/\/autofans.com.ar\/index.php\/2023\/04\/24\/ram-revela-secretos-de-su-nueva-pickup-en-miniserie\/","article_published_time":"2023-04-24T14:58:13+00:00","article_modified_time":"2023-04-24T15:01:49+00:00","og_image":[{"width":1000,"height":667,"url":"https:\/\/autofans.com.ar\/wp-content\/uploads\/2023\/04\/foto-2-34.jpg","type":"image\/jpeg"}],"author":"Alejandro Gabriel Rosito","twitter_card":"summary_large_image","twitter_misc":{"Escrito por":"Alejandro Gabriel Rosito","Tiempo de lectura":"2 minutos"},"schema":{"@context":"https:\/\/schema.org","@graph":[{"@type":"Article","@id":"https:\/\/autofans.com.ar\/index.php\/2023\/04\/24\/ram-revela-secretos-de-su-nueva-pickup-en-miniserie\/#article","isPartOf":{"@id":"https:\/\/autofans.com.ar\/index.php\/2023\/04\/24\/ram-revela-secretos-de-su-nueva-pickup-en-miniserie\/"},"author":{"name":"Alejandro Gabriel Rosito","@id":"https:\/\/autofans.com.ar\/#\/schema\/person\/4a8dda0b6df83ac3d6723e921274c2aa"},"headline":"RAM revela secretos de su nueva pickup en miniserie","datePublished":"2023-04-24T14:58:13+00:00","dateModified":"2023-04-24T15:01:49+00:00","mainEntityOfPage":{"@id":"https:\/\/autofans.com.ar\/index.php\/2023\/04\/24\/ram-revela-secretos-de-su-nueva-pickup-en-miniserie\/"},"wordCount":400,"image":{"@id":"https:\/\/autofans.com.ar\/index.php\/2023\/04\/24\/ram-revela-secretos-de-su-nueva-pickup-en-miniserie\/#primaryimage"},"thumbnailUrl":"https:\/\/autofans.com.ar\/wp-content\/uploads\/2023\/04\/foto-2-34.jpg","keywords":["Lanzamiento","miniserie","pickup regional","proceso de creaci\u00f3n","RAM","Stellantis"],"articleSection":["LANZAMIENTOS","PICK UPs, UTILITARIOS Y OTROS"],"inLanguage":"es"},{"@type":"WebPage","@id":"https:\/\/autofans.com.ar\/index.php\/2023\/04\/24\/ram-revela-secretos-de-su-nueva-pickup-en-miniserie\/","url":"https:\/\/autofans.com.ar\/index.php\/2023\/04\/24\/ram-revela-secretos-de-su-nueva-pickup-en-miniserie\/","name":"RAM revela secretos de su nueva pickup en miniserie -","isPartOf":{"@id":"https:\/\/autofans.com.ar\/#website"},"primaryImageOfPage":{"@id":"https:\/\/autofans.com.ar\/index.php\/2023\/04\/24\/ram-revela-secretos-de-su-nueva-pickup-en-miniserie\/#primaryimage"},"image":{"@id":"https:\/\/autofans.com.ar\/index.php\/2023\/04\/24\/ram-revela-secretos-de-su-nueva-pickup-en-miniserie\/#primaryimage"},"thumbnailUrl":"https:\/\/autofans.com.ar\/wp-content\/uploads\/2023\/04\/foto-2-34.jpg","datePublished":"2023-04-24T14:58:13+00:00","dateModified":"2023-04-24T15:01:49+00:00","author":{"@id":"https:\/\/autofans.com.ar\/#\/schema\/person\/4a8dda0b6df83ac3d6723e921274c2aa"},"description":"RAM, la reconocida marca de veh\u00edculos presenta una miniserie exclusiva que ofrece un vistazo detr\u00e1s de escena con el t\u00edtulo de \"El comienzo\"","breadcrumb":{"@id":"https:\/\/autofans.com.ar\/index.php\/2023\/04\/24\/ram-revela-secretos-de-su-nueva-pickup-en-miniserie\/#breadcrumb"},"inLanguage":"es","potentialAction":[{"@type":"ReadAction","target":["https:\/\/autofans.com.ar\/index.php\/2023\/04\/24\/ram-revela-secretos-de-su-nueva-pickup-en-miniserie\/"]}]},{"@type":"ImageObject","inLanguage":"es","@id":"https:\/\/autofans.com.ar\/index.php\/2023\/04\/24\/ram-revela-secretos-de-su-nueva-pickup-en-miniserie\/#primaryimage","url":"https:\/\/autofans.com.ar\/wp-content\/uploads\/2023\/04\/foto-2-34.jpg","contentUrl":"https:\/\/autofans.com.ar\/wp-content\/uploads\/2023\/04\/foto-2-34.jpg","width":1000,"height":667,"caption":"ram"},{"@type":"BreadcrumbList","@id":"https:\/\/autofans.com.ar\/index.php\/2023\/04\/24\/ram-revela-secretos-de-su-nueva-pickup-en-miniserie\/#breadcrumb","itemListElement":[{"@type":"ListItem","position":1,"name":"Inicio","item":"https:\/\/autofans.com.ar\/"},{"@type":"ListItem","position":2,"name":"RAM revela secretos de su nueva pickup en miniserie"}]},{"@type":"WebSite","@id":"https:\/\/autofans.com.ar\/#website","url":"https:\/\/autofans.com.ar\/","name":"","description":"El multimedio referente de la industria automotriz","potentialAction":[{"@type":"SearchAction","target":{"@type":"EntryPoint","urlTemplate":"https:\/\/autofans.com.ar\/?s={search_term_string}"},"query-input":{"@type":"PropertyValueSpecification","valueRequired":true,"valueName":"search_term_string"}}],"inLanguage":"es"},{"@type":"Person","@id":"https:\/\/autofans.com.ar\/#\/schema\/person\/4a8dda0b6df83ac3d6723e921274c2aa","name":"Alejandro Gabriel Rosito","image":{"@type":"ImageObject","inLanguage":"es","@id":"https:\/\/secure.gravatar.com\/avatar\/16c5dda1489adfc62618084dcbb91cffd879c374b13fe5dd8e44ed6733852c88?s=96&d=mm&r=g","url":"https:\/\/secure.gravatar.com\/avatar\/16c5dda1489adfc62618084dcbb91cffd879c374b13fe5dd8e44ed6733852c88?s=96&d=mm&r=g","contentUrl":"https:\/\/secure.gravatar.com\/avatar\/16c5dda1489adfc62618084dcbb91cffd879c374b13fe5dd8e44ed6733852c88?s=96&d=mm&r=g","caption":"Alejandro Gabriel Rosito"},"url":"https:\/\/autofans.com.ar\/index.php\/author\/gabrielr\/"}]}},"featured_image_urls":{"full":["https:\/\/autofans.com.ar\/wp-content\/uploads\/2023\/04\/foto-2-34.jpg",1000,667,false],"thumbnail":["https:\/\/autofans.com.ar\/wp-content\/uploads\/2023\/04\/foto-2-34-150x150.jpg",150,150,true],"medium":["https:\/\/autofans.com.ar\/wp-content\/uploads\/2023\/04\/foto-2-34-300x200.jpg",300,200,true],"medium_large":["https:\/\/autofans.com.ar\/wp-content\/uploads\/2023\/04\/foto-2-34-768x512.jpg",640,427,true],"large":["https:\/\/autofans.com.ar\/wp-content\/uploads\/2023\/04\/foto-2-34.jpg",640,427,false],"1536x1536":["https:\/\/autofans.com.ar\/wp-content\/uploads\/2023\/04\/foto-2-34.jpg",1000,667,false],"2048x2048":["https:\/\/autofans.com.ar\/wp-content\/uploads\/2023\/04\/foto-2-34.jpg",1000,667,false],"covernews-featured":["https:\/\/autofans.com.ar\/wp-content\/uploads\/2023\/04\/foto-2-34.jpg",1000,667,false],"covernews-medium":["https:\/\/autofans.com.ar\/wp-content\/uploads\/2023\/04\/foto-2-34-540x340.jpg",540,340,true]},"author_info":{"display_name":"Alejandro Gabriel Rosito","author_link":"https:\/\/autofans.com.ar\/index.php\/author\/gabrielr\/"},"category_info":"<a href=\"https:\/\/autofans.com.ar\/index.php\/category\/lanzamientos\/\" rel=\"category tag\">LANZAMIENTOS<\/a> <a href=\"https:\/\/autofans.com.ar\/index.php\/category\/noticias\/otros\/\" rel=\"category tag\">PICK UPs, UTILITARIOS Y OTROS<\/a>","tag_info":"PICK UPs, UTILITARIOS Y OTROS","comment_count":0,"_links":{"self":[{"href":"https:\/\/autofans.com.ar\/index.php\/wp-json\/wp\/v2\/posts\/1820","targetHints":{"allow":["GET"]}}],"collection":[{"href":"https:\/\/autofans.com.ar\/index.php\/wp-json\/wp\/v2\/posts"}],"about":[{"href":"https:\/\/autofans.com.ar\/index.php\/wp-json\/wp\/v2\/types\/post"}],"author":[{"embeddable":true,"href":"https:\/\/autofans.com.ar\/index.php\/wp-json\/wp\/v2\/users\/2"}],"replies":[{"embeddable":true,"href":"https:\/\/autofans.com.ar\/index.php\/wp-json\/wp\/v2\/comments?post=1820"}],"version-history":[{"count":11,"href":"https:\/\/autofans.com.ar\/index.php\/wp-json\/wp\/v2\/posts\/1820\/revisions"}],"predecessor-version":[{"id":1887,"href":"https:\/\/autofans.com.ar\/index.php\/wp-json\/wp\/v2\/posts\/1820\/revisions\/1887"}],"wp:featuredmedia":[{"embeddable":true,"href":"https:\/\/autofans.com.ar\/index.php\/wp-json\/wp\/v2\/media\/1821"}],"wp:attachment":[{"href":"https:\/\/autofans.com.ar\/index.php\/wp-json\/wp\/v2\/media?parent=1820"}],"wp:term":[{"taxonomy":"category","embeddable":true,"href":"https:\/\/autofans.com.ar\/index.php\/wp-json\/wp\/v2\/categories?post=1820"},{"taxonomy":"post_tag","embeddable":true,"href":"https:\/\/autofans.com.ar\/index.php\/wp-json\/wp\/v2\/tags?post=1820"}],"curies":[{"name":"wp","href":"https:\/\/api.w.org\/{rel}","templated":true}]}}