{"id":18219,"date":"2026-07-17T17:17:18","date_gmt":"2026-07-17T20:17:18","guid":{"rendered":"https:\/\/autofans.com.ar\/?p=18219"},"modified":"2026-08-28T17:45:20","modified_gmt":"2026-08-28T20:45:20","slug":"llega-el-nuevo-byd-seal-u-dm-i-a-la-argentina","status":"publish","type":"post","link":"https:\/\/autofans.com.ar\/index.php\/2026\/07\/17\/llega-el-nuevo-byd-seal-u-dm-i-a-la-argentina\/","title":{"rendered":"Llega el nuevo BYD Seal U DM-i a la Argentina"},"content":{"rendered":"<p class=\"ds-markdown-paragraph\"><span class=\"\">BYD Argentina sigue expandiendo su portafolio en el pa\u00eds y acaba de lanzar oficialmente el SEAL U DM-i, un SUV h\u00edbrido enchufable que promete cambiar las reglas del juego en el segmento. Con un enfoque claro en la eficiencia, la tecnolog\u00eda y la seguridad, este modelo llega para posicionarse como una alternativa seria para quienes buscan dar el salto a la movilidad sustentable sin resignar prestaciones.<\/span><\/p>\n<p class=\"ds-markdown-paragraph\"><span class=\"\">El SEAL U DM-i no es un SUV com\u00fan. Est\u00e1 equipado con la tecnolog\u00eda <\/span><span class=\"\">Super Hybrid DM-i<\/span><span class=\"\">, desarrollada por BYD, que le permite circular en modo 100% el\u00e9ctrico durante <\/span><span class=\"\">105 kil\u00f3metros<\/span><span class=\"\">. Para viajes m\u00e1s largos, la autonom\u00eda combinada trepa hasta los <\/span><span class=\"\">1.105 kil\u00f3metros<\/span><span class=\"\">, un n\u00famero que elimina de cuajo la llamada \u00abansiedad de autonom\u00eda\u00bb<\/span><span class=\"\">.<\/span><\/p>\n<p>&nbsp;<\/p>\n<h2><span class=\"\">Tecnolog\u00eda DM-i, el coraz\u00f3n del asunto<\/span><\/h2>\n<p class=\"ds-markdown-paragraph\"><span class=\"\">El sistema h\u00edbrido del SEAL U es su gran carta de presentaci\u00f3n. Por primera vez en Argentina, BYD incorpora una motorizaci\u00f3n turbo en uno de sus modelos. Se trata de un motor naftero <\/span><span class=\"\">1.5 litros turbo<\/span><span class=\"\"> que trabaja en conjunto con un sistema el\u00e9ctrico de alta eficiencia <\/span><span class=\"\">.<\/span><\/p>\n<p>&nbsp;<\/p>\n<p><img fetchpriority=\"high\" decoding=\"async\" class=\"aligncenter wp-image-18222 size-full\" src=\"https:\/\/autofans.com.ar\/wp-content\/uploads\/2026\/08\/BYD-5.jpg\" alt=\"BYD Seal\" width=\"1000\" height=\"667\" srcset=\"https:\/\/autofans.com.ar\/wp-content\/uploads\/2026\/08\/BYD-5.jpg 1000w, https:\/\/autofans.com.ar\/wp-content\/uploads\/2026\/08\/BYD-5-300x200.jpg 300w, https:\/\/autofans.com.ar\/wp-content\/uploads\/2026\/08\/BYD-5-768x512.jpg 768w\" sizes=\"(max-width: 1000px) 100vw, 1000px\" \/><\/p>\n<p>&nbsp;<\/p>\n<p class=\"ds-markdown-paragraph\"><span class=\"\">Esta arquitectura inteligente prioriza el uso del motor el\u00e9ctrico en ciudad, ofreciendo una conducci\u00f3n suave y silenciosa, y activa el motor de combusti\u00f3n para viajes de larga distancia o cuando se necesita mayor potencia. El resultado es un consumo de apenas <\/span><span class=\"\">5,1 litros cada 100 kil\u00f3metros<\/span><span class=\"\"> en modo h\u00edbrido<\/span><span class=\"\">.<\/span><\/p>\n<p class=\"ds-markdown-paragraph\"><span class=\"\">Adem\u00e1s, el veh\u00edculo viene con un <\/span><span class=\"\">cargador domiciliario de 7 kW<\/span><span class=\"\"> y un cable V2L (Vehicle-to-Load), que convierte al auto en una fuente de energ\u00eda port\u00e1til para alimentar dispositivos externos, ideal para un viaje de camping o una emergencia<\/span><span class=\"\">.<\/span><\/p>\n<p>&nbsp;<\/p>\n<h2><span class=\"\">Seguridad de primera: 5 estrellas Euro NCAP<\/span><\/h2>\n<p class=\"ds-markdown-paragraph\"><span class=\"\">La seguridad es otro de los pilares del SEAL U DM-i. El modelo obtuvo la m\u00e1xima calificaci\u00f3n de <\/span><span class=\"\">cinco estrellas en las pruebas de Euro NCAP<\/span><span class=\"\">, uno de los organismos m\u00e1s exigentes del mundo<\/span><span class=\"\">.<\/span><\/p>\n<p>&nbsp;<\/p>\n<p><img decoding=\"async\" class=\"aligncenter wp-image-18226 size-full\" src=\"https:\/\/autofans.com.ar\/wp-content\/uploads\/2026\/08\/BYD-1.jpg\" alt=\"\" width=\"1000\" height=\"667\" srcset=\"https:\/\/autofans.com.ar\/wp-content\/uploads\/2026\/08\/BYD-1.jpg 1000w, https:\/\/autofans.com.ar\/wp-content\/uploads\/2026\/08\/BYD-1-300x200.jpg 300w, https:\/\/autofans.com.ar\/wp-content\/uploads\/2026\/08\/BYD-1-768x512.jpg 768w\" sizes=\"(max-width: 1000px) 100vw, 1000px\" \/><\/p>\n<p>&nbsp;<\/p>\n<p class=\"ds-markdown-paragraph\"><span class=\"\">Este logro se sustenta en una estructura con deformaci\u00f3n programable, <\/span><span class=\"\">seis airbags<\/span><span class=\"\"> y un paquete de m\u00e1s de 20 sistemas avanzados de asistencia a la conducci\u00f3n (ADAS) <\/span><span class=\"\">. Entre ellos, se destacan el frenado aut\u00f3nomo de emergencia, el control de crucero adaptativo, el asistente de mantenimiento de carril y la detecci\u00f3n de punto ciego<\/span><span class=\"\">.<\/span><\/p>\n<p class=\"ds-markdown-paragraph\"><span class=\"\">A esto se suma la m\u00e1xima puntuaci\u00f3n en <\/span><span class=\"\">Green NCAP<\/span><span class=\"\">, lo que lo convierte en uno de los SUV m\u00e1s seguros y ecol\u00f3gicos del mercado<\/span><span class=\"\">.<\/span><\/p>\n<p>&nbsp;<\/p>\n<blockquote>\n<p style=\"text-align: center;\">\u00abEste nuevo lanzamiento en Argentina representa un nuevo paso en nuestra estrategia de crecimiento en nuestro pa\u00eds y reafirma nuestro compromiso de acercar tecnolog\u00edas cada vez m\u00e1s innovadoras y accesibles al mercado local. Este modelo llega para redefinir la experiencia dentro del segmento de los SUV h\u00edbridos enchufables, combinando eficiencia, seguridad, conectividad y confort con una autonom\u00eda pensada tanto para el uso diario como para viajes de larga distancia\u201d, destac\u00f3 Christian Kimelman, country manager de BYD Argentina<\/p>\n<\/blockquote>\n<p>&nbsp;<\/p>\n<h2><span class=\"\">Dise\u00f1o, confort y conectividad<\/span><\/h2>\n<p class=\"ds-markdown-paragraph\"><span class=\"\">El SEAL U DM-i no se queda atr\u00e1s en t\u00e9rminos de dise\u00f1o y equipamiento. Inspirado en el lenguaje \u00abOcean Face X\u00bb de la marca, presenta l\u00edneas fluidas y una est\u00e9tica moderna. Mide <\/span><span class=\"\">4.775 mm de largo<\/span><span class=\"\">, con una distancia entre ejes de 2.765 mm, lo que se traduce en un habit\u00e1culo amplio para cinco ocupantes y un ba\u00fal de <\/span><span class=\"\">552 litros<\/span><span class=\"\">, ampliable a 1.440 litros<\/span><span class=\"\">.<\/span><\/p>\n<p class=\"ds-markdown-paragraph\"><span class=\"\">El interior apuesta por un ambiente premium, con butacas delanteras integradas y regulaci\u00f3n el\u00e9ctrica, sistema de ventilaci\u00f3n y un <\/span><span class=\"\">sistema de audio Infinity de 10 parlantes<\/span><span class=\"\"> con subwoofer<\/span><span class=\"\">.<\/span><\/p>\n<p class=\"ds-markdown-paragraph\"><span class=\"\">En materia de conectividad, el modelo cuenta con una pantalla central rotativa de <\/span><span class=\"\">15,6 pulgadas<\/span><span class=\"\">, un tablero digital de 12,3 pulgadas y un Head-Up Display (HUD). Tambi\u00e9n integra un ecosistema nativo de Google, con asistente de voz \u00abHi BYD\u00bb y Google Assistant<\/span><span class=\"\">.<\/span><\/p>\n<p>&nbsp;<\/p>\n<p><img decoding=\"async\" class=\"aligncenter wp-image-18223 size-full\" src=\"https:\/\/autofans.com.ar\/wp-content\/uploads\/2026\/08\/BYD-4.jpg\" alt=\"BYD Seal\" width=\"1000\" height=\"667\" srcset=\"https:\/\/autofans.com.ar\/wp-content\/uploads\/2026\/08\/BYD-4.jpg 1000w, https:\/\/autofans.com.ar\/wp-content\/uploads\/2026\/08\/BYD-4-300x200.jpg 300w, https:\/\/autofans.com.ar\/wp-content\/uploads\/2026\/08\/BYD-4-768x512.jpg 768w\" sizes=\"(max-width: 1000px) 100vw, 1000px\" \/><\/p>\n<p>&nbsp;<\/p>\n<p class=\"ds-markdown-paragraph\"><span class=\"\">El BYD SEAL U DM-i ya est\u00e1 disponible en toda la red de concesionarios oficiales de la marca en Argentina en una \u00fanica versi\u00f3n GS <\/span><span class=\"\">. El precio de venta es de <\/span><span class=\"\">USD 47.990<\/span><span class=\"\"> o su equivalente en pesos<\/span><span class=\"\">.<\/span><\/p>\n<p class=\"ds-markdown-paragraph\"><span class=\"\">Los colores exteriores disponibles son <\/span><span class=\"\">Obsidian Black, Snow White, Time Gray y Smoke Gray<\/span><span class=\"\">, mientras que el interior puede ser totalmente negro o combinar negro con marr\u00f3n (exclusivo para la carrocer\u00eda Time Gray)<\/span><span class=\"\">.<\/span><\/p>\n<div class=\"page\" title=\"Page 4\">\n<div class=\"section\">\n<div class=\"layoutArea\">\n<div class=\"column\">\n<p>Para conocer la ficha te\u0301cnica completa del BYD SEAL U DM-i, i<a href=\"https:\/\/www.byd.com\/ar\" target=\"_blank\" rel=\"noopener\">ngresar en este link.<\/a><\/p>\n<\/div>\n<\/div>\n<\/div>\n<\/div>\n<p>&nbsp;<\/p>\n<p>&nbsp;<\/p>\n<p>&nbsp;<\/p>\n<p><i>Para enterarte de m\u00e1s novedades, no dejes de leer\u00a0<\/i><a href=\"https:\/\/autofans.thebrandsoup.com\/\"><i>nuestras notas<\/i><\/a><i>, de ver\u00a0<\/i><a href=\"https:\/\/www.youtube.com\/channel\/UCgAC8UGHZYbT6P7PpmVnP7g\"><i>AUTOFANS TV<\/i><\/a><i>\u00a0en nuestro\u00a0canal de Youtube. Adem\u00e1s seguinos en\u00a0<\/i><a href=\"https:\/\/www.instagram.com\/autofanstv\/\"><i>INSTAGRAM<\/i><\/a><i> y <\/i><a href=\"https:\/\/www.facebook.com\/autofansmas\/\"><i>FACEBOOK<\/i><\/a><i> para no perderte nada sobre las novedades del segmento automotor de Argentina y el mundo.<\/i><\/p>\n","protected":false},"excerpt":{"rendered":"<p>BYD Argentina sigue expandiendo su portafolio en el pa\u00eds y acaba de lanzar oficialmente el&#8230;<\/p>\n","protected":false},"author":2,"featured_media":18224,"comment_status":"closed","ping_status":"closed","sticky":false,"template":"","format":"standard","meta":{"footnotes":""},"categories":[3,1],"tags":[10219,50,8531,6080,9905,9909,10218,1460,6349,8530],"class_list":["post-18219","post","type-post","status-publish","format-standard","has-post-thumbnail","hentry","category-autos","category-lanzamientos","tag-auto-electrico-e-hibrido","tag-auto-hibrido","tag-autonomia-1100-km","tag-byd-argentina","tag-byd-seal-u-dm-i-argentina","tag-euro-ncap-5-estrellas","tag-lanzamiento-byd-2026","tag-movilidad-sustentable","tag-suv-hibrido-enchufable","tag-tecnologia-dm-i"],"yoast_head":"<!-- This site is optimized with the Yoast SEO plugin v28.4 - https:\/\/yoast.com\/product\/yoast-seo-wordpress\/ -->\n<title>Llega el nuevo BYD Seal U DM-i a la Argentina -<\/title>\n<meta name=\"description\" content=\"BYD Argentina sigue expandiendo su portafolio en el pa\u00eds y acaba de lanzar oficialmente el SEAL U DM-i, un SUV h\u00edbrido enchufable...\" \/>\n<meta name=\"robots\" content=\"index, follow, max-snippet:-1, max-image-preview:large, max-video-preview:-1\" \/>\n<link rel=\"canonical\" href=\"https:\/\/autofans.com.ar\/index.php\/2026\/07\/17\/llega-el-nuevo-byd-seal-u-dm-i-a-la-argentina\/\" \/>\n<meta property=\"og:locale\" content=\"es_ES\" \/>\n<meta property=\"og:type\" content=\"article\" \/>\n<meta property=\"og:title\" content=\"Llega el nuevo BYD Seal U DM-i a la Argentina -\" \/>\n<meta property=\"og:description\" content=\"BYD Argentina sigue expandiendo su portafolio en el pa\u00eds y acaba de lanzar oficialmente el SEAL U DM-i, un SUV h\u00edbrido enchufable...\" \/>\n<meta property=\"og:url\" content=\"https:\/\/autofans.com.ar\/index.php\/2026\/07\/17\/llega-el-nuevo-byd-seal-u-dm-i-a-la-argentina\/\" \/>\n<meta property=\"article:published_time\" content=\"2026-07-17T20:17:18+00:00\" \/>\n<meta property=\"article:modified_time\" content=\"2026-08-28T20:45:20+00:00\" \/>\n<meta property=\"og:image\" content=\"https:\/\/autofans.com.ar\/wp-content\/uploads\/2026\/08\/BYD-3.jpg\" \/>\n\t<meta property=\"og:image:width\" content=\"1000\" \/>\n\t<meta property=\"og:image:height\" content=\"667\" \/>\n\t<meta property=\"og:image:type\" content=\"image\/jpeg\" \/>\n<meta name=\"author\" content=\"Alejandro Gabriel Rosito\" \/>\n<meta name=\"twitter:card\" content=\"summary_large_image\" \/>\n<meta name=\"twitter:label1\" content=\"Escrito por\" \/>\n\t<meta name=\"twitter:data1\" content=\"Alejandro Gabriel Rosito\" \/>\n\t<meta name=\"twitter:label2\" content=\"Tiempo de lectura\" \/>\n\t<meta name=\"twitter:data2\" content=\"4 minutos\" \/>\n<script type=\"application\/ld+json\" class=\"yoast-schema-graph\">{\"@context\":\"https:\\\/\\\/schema.org\",\"@graph\":[{\"@type\":\"Article\",\"@id\":\"https:\\\/\\\/autofans.com.ar\\\/index.php\\\/2026\\\/07\\\/17\\\/llega-el-nuevo-byd-seal-u-dm-i-a-la-argentina\\\/#article\",\"isPartOf\":{\"@id\":\"https:\\\/\\\/autofans.com.ar\\\/index.php\\\/2026\\\/07\\\/17\\\/llega-el-nuevo-byd-seal-u-dm-i-a-la-argentina\\\/\"},\"author\":{\"name\":\"Alejandro Gabriel Rosito\",\"@id\":\"https:\\\/\\\/autofans.com.ar\\\/#\\\/schema\\\/person\\\/4a8dda0b6df83ac3d6723e921274c2aa\"},\"headline\":\"Llega el nuevo BYD Seal U DM-i a la Argentina\",\"datePublished\":\"2026-07-17T20:17:18+00:00\",\"dateModified\":\"2026-08-28T20:45:20+00:00\",\"mainEntityOfPage\":{\"@id\":\"https:\\\/\\\/autofans.com.ar\\\/index.php\\\/2026\\\/07\\\/17\\\/llega-el-nuevo-byd-seal-u-dm-i-a-la-argentina\\\/\"},\"wordCount\":792,\"image\":{\"@id\":\"https:\\\/\\\/autofans.com.ar\\\/index.php\\\/2026\\\/07\\\/17\\\/llega-el-nuevo-byd-seal-u-dm-i-a-la-argentina\\\/#primaryimage\"},\"thumbnailUrl\":\"https:\\\/\\\/autofans.com.ar\\\/wp-content\\\/uploads\\\/2026\\\/08\\\/BYD-3.jpg\",\"keywords\":[\"auto el\u00e9ctrico e h\u00edbrido\",\"Auto Hibrido\",\"autonom\u00eda 1100 km\",\"BYD Argentina\",\"BYD SEAL U DM-i Argentina\",\"Euro NCAP 5 estrellas\",\"lanzamiento BYD 2026\",\"movilidad sustentable\",\"SUV h\u00edbrido enchufable\",\"tecnolog\u00eda DM-i\"],\"articleSection\":[\"AUTOS y SUV\",\"LANZAMIENTOS\"],\"inLanguage\":\"es\"},{\"@type\":\"WebPage\",\"@id\":\"https:\\\/\\\/autofans.com.ar\\\/index.php\\\/2026\\\/07\\\/17\\\/llega-el-nuevo-byd-seal-u-dm-i-a-la-argentina\\\/\",\"url\":\"https:\\\/\\\/autofans.com.ar\\\/index.php\\\/2026\\\/07\\\/17\\\/llega-el-nuevo-byd-seal-u-dm-i-a-la-argentina\\\/\",\"name\":\"Llega el nuevo BYD Seal U DM-i a la Argentina -\",\"isPartOf\":{\"@id\":\"https:\\\/\\\/autofans.com.ar\\\/#website\"},\"primaryImageOfPage\":{\"@id\":\"https:\\\/\\\/autofans.com.ar\\\/index.php\\\/2026\\\/07\\\/17\\\/llega-el-nuevo-byd-seal-u-dm-i-a-la-argentina\\\/#primaryimage\"},\"image\":{\"@id\":\"https:\\\/\\\/autofans.com.ar\\\/index.php\\\/2026\\\/07\\\/17\\\/llega-el-nuevo-byd-seal-u-dm-i-a-la-argentina\\\/#primaryimage\"},\"thumbnailUrl\":\"https:\\\/\\\/autofans.com.ar\\\/wp-content\\\/uploads\\\/2026\\\/08\\\/BYD-3.jpg\",\"datePublished\":\"2026-07-17T20:17:18+00:00\",\"dateModified\":\"2026-08-28T20:45:20+00:00\",\"author\":{\"@id\":\"https:\\\/\\\/autofans.com.ar\\\/#\\\/schema\\\/person\\\/4a8dda0b6df83ac3d6723e921274c2aa\"},\"description\":\"BYD Argentina sigue expandiendo su portafolio en el pa\u00eds y acaba de lanzar oficialmente el SEAL U DM-i, un SUV h\u00edbrido enchufable...\",\"breadcrumb\":{\"@id\":\"https:\\\/\\\/autofans.com.ar\\\/index.php\\\/2026\\\/07\\\/17\\\/llega-el-nuevo-byd-seal-u-dm-i-a-la-argentina\\\/#breadcrumb\"},\"inLanguage\":\"es\",\"potentialAction\":[{\"@type\":\"ReadAction\",\"target\":[\"https:\\\/\\\/autofans.com.ar\\\/index.php\\\/2026\\\/07\\\/17\\\/llega-el-nuevo-byd-seal-u-dm-i-a-la-argentina\\\/\"]}]},{\"@type\":\"ImageObject\",\"inLanguage\":\"es\",\"@id\":\"https:\\\/\\\/autofans.com.ar\\\/index.php\\\/2026\\\/07\\\/17\\\/llega-el-nuevo-byd-seal-u-dm-i-a-la-argentina\\\/#primaryimage\",\"url\":\"https:\\\/\\\/autofans.com.ar\\\/wp-content\\\/uploads\\\/2026\\\/08\\\/BYD-3.jpg\",\"contentUrl\":\"https:\\\/\\\/autofans.com.ar\\\/wp-content\\\/uploads\\\/2026\\\/08\\\/BYD-3.jpg\",\"width\":1000,\"height\":667,\"caption\":\"BYD Seal\"},{\"@type\":\"BreadcrumbList\",\"@id\":\"https:\\\/\\\/autofans.com.ar\\\/index.php\\\/2026\\\/07\\\/17\\\/llega-el-nuevo-byd-seal-u-dm-i-a-la-argentina\\\/#breadcrumb\",\"itemListElement\":[{\"@type\":\"ListItem\",\"position\":1,\"name\":\"Inicio\",\"item\":\"https:\\\/\\\/autofans.com.ar\\\/\"},{\"@type\":\"ListItem\",\"position\":2,\"name\":\"Llega el nuevo BYD Seal U DM-i a la Argentina\"}]},{\"@type\":\"WebSite\",\"@id\":\"https:\\\/\\\/autofans.com.ar\\\/#website\",\"url\":\"https:\\\/\\\/autofans.com.ar\\\/\",\"name\":\"\",\"description\":\"El multimedio referente de la industria automotriz\",\"potentialAction\":[{\"@type\":\"SearchAction\",\"target\":{\"@type\":\"EntryPoint\",\"urlTemplate\":\"https:\\\/\\\/autofans.com.ar\\\/?s={search_term_string}\"},\"query-input\":{\"@type\":\"PropertyValueSpecification\",\"valueRequired\":true,\"valueName\":\"search_term_string\"}}],\"inLanguage\":\"es\"},{\"@type\":\"Person\",\"@id\":\"https:\\\/\\\/autofans.com.ar\\\/#\\\/schema\\\/person\\\/4a8dda0b6df83ac3d6723e921274c2aa\",\"name\":\"Alejandro Gabriel Rosito\",\"image\":{\"@type\":\"ImageObject\",\"inLanguage\":\"es\",\"@id\":\"https:\\\/\\\/secure.gravatar.com\\\/avatar\\\/16c5dda1489adfc62618084dcbb91cffd879c374b13fe5dd8e44ed6733852c88?s=96&d=mm&r=g\",\"url\":\"https:\\\/\\\/secure.gravatar.com\\\/avatar\\\/16c5dda1489adfc62618084dcbb91cffd879c374b13fe5dd8e44ed6733852c88?s=96&d=mm&r=g\",\"contentUrl\":\"https:\\\/\\\/secure.gravatar.com\\\/avatar\\\/16c5dda1489adfc62618084dcbb91cffd879c374b13fe5dd8e44ed6733852c88?s=96&d=mm&r=g\",\"caption\":\"Alejandro Gabriel Rosito\"},\"url\":\"https:\\\/\\\/autofans.com.ar\\\/index.php\\\/author\\\/gabrielr\\\/\"}]}<\/script>\n<!-- \/ Yoast SEO plugin. -->","yoast_head_json":{"title":"Llega el nuevo BYD Seal U DM-i a la Argentina -","description":"BYD Argentina sigue expandiendo su portafolio en el pa\u00eds y acaba de lanzar oficialmente el SEAL U DM-i, un SUV h\u00edbrido enchufable...","robots":{"index":"index","follow":"follow","max-snippet":"max-snippet:-1","max-image-preview":"max-image-preview:large","max-video-preview":"max-video-preview:-1"},"canonical":"https:\/\/autofans.com.ar\/index.php\/2026\/07\/17\/llega-el-nuevo-byd-seal-u-dm-i-a-la-argentina\/","og_locale":"es_ES","og_type":"article","og_title":"Llega el nuevo BYD Seal U DM-i a la Argentina -","og_description":"BYD Argentina sigue expandiendo su portafolio en el pa\u00eds y acaba de lanzar oficialmente el SEAL U DM-i, un SUV h\u00edbrido enchufable...","og_url":"https:\/\/autofans.com.ar\/index.php\/2026\/07\/17\/llega-el-nuevo-byd-seal-u-dm-i-a-la-argentina\/","article_published_time":"2026-07-17T20:17:18+00:00","article_modified_time":"2026-08-28T20:45:20+00:00","og_image":[{"width":1000,"height":667,"url":"https:\/\/autofans.com.ar\/wp-content\/uploads\/2026\/08\/BYD-3.jpg","type":"image\/jpeg"}],"author":"Alejandro Gabriel Rosito","twitter_card":"summary_large_image","twitter_misc":{"Escrito por":"Alejandro Gabriel Rosito","Tiempo de lectura":"4 minutos"},"schema":{"@context":"https:\/\/schema.org","@graph":[{"@type":"Article","@id":"https:\/\/autofans.com.ar\/index.php\/2026\/07\/17\/llega-el-nuevo-byd-seal-u-dm-i-a-la-argentina\/#article","isPartOf":{"@id":"https:\/\/autofans.com.ar\/index.php\/2026\/07\/17\/llega-el-nuevo-byd-seal-u-dm-i-a-la-argentina\/"},"author":{"name":"Alejandro Gabriel Rosito","@id":"https:\/\/autofans.com.ar\/#\/schema\/person\/4a8dda0b6df83ac3d6723e921274c2aa"},"headline":"Llega el nuevo BYD Seal U DM-i a la Argentina","datePublished":"2026-07-17T20:17:18+00:00","dateModified":"2026-08-28T20:45:20+00:00","mainEntityOfPage":{"@id":"https:\/\/autofans.com.ar\/index.php\/2026\/07\/17\/llega-el-nuevo-byd-seal-u-dm-i-a-la-argentina\/"},"wordCount":792,"image":{"@id":"https:\/\/autofans.com.ar\/index.php\/2026\/07\/17\/llega-el-nuevo-byd-seal-u-dm-i-a-la-argentina\/#primaryimage"},"thumbnailUrl":"https:\/\/autofans.com.ar\/wp-content\/uploads\/2026\/08\/BYD-3.jpg","keywords":["auto el\u00e9ctrico e h\u00edbrido","Auto Hibrido","autonom\u00eda 1100 km","BYD Argentina","BYD SEAL U DM-i Argentina","Euro NCAP 5 estrellas","lanzamiento BYD 2026","movilidad sustentable","SUV h\u00edbrido enchufable","tecnolog\u00eda DM-i"],"articleSection":["AUTOS y SUV","LANZAMIENTOS"],"inLanguage":"es"},{"@type":"WebPage","@id":"https:\/\/autofans.com.ar\/index.php\/2026\/07\/17\/llega-el-nuevo-byd-seal-u-dm-i-a-la-argentina\/","url":"https:\/\/autofans.com.ar\/index.php\/2026\/07\/17\/llega-el-nuevo-byd-seal-u-dm-i-a-la-argentina\/","name":"Llega el nuevo BYD Seal U DM-i a la Argentina -","isPartOf":{"@id":"https:\/\/autofans.com.ar\/#website"},"primaryImageOfPage":{"@id":"https:\/\/autofans.com.ar\/index.php\/2026\/07\/17\/llega-el-nuevo-byd-seal-u-dm-i-a-la-argentina\/#primaryimage"},"image":{"@id":"https:\/\/autofans.com.ar\/index.php\/2026\/07\/17\/llega-el-nuevo-byd-seal-u-dm-i-a-la-argentina\/#primaryimage"},"thumbnailUrl":"https:\/\/autofans.com.ar\/wp-content\/uploads\/2026\/08\/BYD-3.jpg","datePublished":"2026-07-17T20:17:18+00:00","dateModified":"2026-08-28T20:45:20+00:00","author":{"@id":"https:\/\/autofans.com.ar\/#\/schema\/person\/4a8dda0b6df83ac3d6723e921274c2aa"},"description":"BYD Argentina sigue expandiendo su portafolio en el pa\u00eds y acaba de lanzar oficialmente el SEAL U DM-i, un SUV h\u00edbrido enchufable...","breadcrumb":{"@id":"https:\/\/autofans.com.ar\/index.php\/2026\/07\/17\/llega-el-nuevo-byd-seal-u-dm-i-a-la-argentina\/#breadcrumb"},"inLanguage":"es","potentialAction":[{"@type":"ReadAction","target":["https:\/\/autofans.com.ar\/index.php\/2026\/07\/17\/llega-el-nuevo-byd-seal-u-dm-i-a-la-argentina\/"]}]},{"@type":"ImageObject","inLanguage":"es","@id":"https:\/\/autofans.com.ar\/index.php\/2026\/07\/17\/llega-el-nuevo-byd-seal-u-dm-i-a-la-argentina\/#primaryimage","url":"https:\/\/autofans.com.ar\/wp-content\/uploads\/2026\/08\/BYD-3.jpg","contentUrl":"https:\/\/autofans.com.ar\/wp-content\/uploads\/2026\/08\/BYD-3.jpg","width":1000,"height":667,"caption":"BYD Seal"},{"@type":"BreadcrumbList","@id":"https:\/\/autofans.com.ar\/index.php\/2026\/07\/17\/llega-el-nuevo-byd-seal-u-dm-i-a-la-argentina\/#breadcrumb","itemListElement":[{"@type":"ListItem","position":1,"name":"Inicio","item":"https:\/\/autofans.com.ar\/"},{"@type":"ListItem","position":2,"name":"Llega el nuevo BYD Seal U DM-i a la Argentina"}]},{"@type":"WebSite","@id":"https:\/\/autofans.com.ar\/#website","url":"https:\/\/autofans.com.ar\/","name":"","description":"El multimedio referente de la industria automotriz","potentialAction":[{"@type":"SearchAction","target":{"@type":"EntryPoint","urlTemplate":"https:\/\/autofans.com.ar\/?s={search_term_string}"},"query-input":{"@type":"PropertyValueSpecification","valueRequired":true,"valueName":"search_term_string"}}],"inLanguage":"es"},{"@type":"Person","@id":"https:\/\/autofans.com.ar\/#\/schema\/person\/4a8dda0b6df83ac3d6723e921274c2aa","name":"Alejandro Gabriel Rosito","image":{"@type":"ImageObject","inLanguage":"es","@id":"https:\/\/secure.gravatar.com\/avatar\/16c5dda1489adfc62618084dcbb91cffd879c374b13fe5dd8e44ed6733852c88?s=96&d=mm&r=g","url":"https:\/\/secure.gravatar.com\/avatar\/16c5dda1489adfc62618084dcbb91cffd879c374b13fe5dd8e44ed6733852c88?s=96&d=mm&r=g","contentUrl":"https:\/\/secure.gravatar.com\/avatar\/16c5dda1489adfc62618084dcbb91cffd879c374b13fe5dd8e44ed6733852c88?s=96&d=mm&r=g","caption":"Alejandro Gabriel Rosito"},"url":"https:\/\/autofans.com.ar\/index.php\/author\/gabrielr\/"}]}},"featured_image_urls":{"full":["https:\/\/autofans.com.ar\/wp-content\/uploads\/2026\/08\/BYD-3.jpg",1000,667,false],"thumbnail":["https:\/\/autofans.com.ar\/wp-content\/uploads\/2026\/08\/BYD-3-150x150.jpg",150,150,true],"medium":["https:\/\/autofans.com.ar\/wp-content\/uploads\/2026\/08\/BYD-3-300x200.jpg",300,200,true],"medium_large":["https:\/\/autofans.com.ar\/wp-content\/uploads\/2026\/08\/BYD-3-768x512.jpg",640,427,true],"large":["https:\/\/autofans.com.ar\/wp-content\/uploads\/2026\/08\/BYD-3.jpg",640,427,false],"1536x1536":["https:\/\/autofans.com.ar\/wp-content\/uploads\/2026\/08\/BYD-3.jpg",1000,667,false],"2048x2048":["https:\/\/autofans.com.ar\/wp-content\/uploads\/2026\/08\/BYD-3.jpg",1000,667,false],"covernews-featured":["https:\/\/autofans.com.ar\/wp-content\/uploads\/2026\/08\/BYD-3.jpg",1000,667,false],"covernews-medium":["https:\/\/autofans.com.ar\/wp-content\/uploads\/2026\/08\/BYD-3-540x340.jpg",540,340,true]},"author_info":{"display_name":"Alejandro Gabriel Rosito","author_link":"https:\/\/autofans.com.ar\/index.php\/author\/gabrielr\/"},"category_info":"<a href=\"https:\/\/autofans.com.ar\/index.php\/category\/noticias\/autos\/\" rel=\"category tag\">AUTOS y SUV<\/a> <a href=\"https:\/\/autofans.com.ar\/index.php\/category\/lanzamientos\/\" rel=\"category tag\">LANZAMIENTOS<\/a>","tag_info":"LANZAMIENTOS","comment_count":0,"_links":{"self":[{"href":"https:\/\/autofans.com.ar\/index.php\/wp-json\/wp\/v2\/posts\/18219","targetHints":{"allow":["GET"]}}],"collection":[{"href":"https:\/\/autofans.com.ar\/index.php\/wp-json\/wp\/v2\/posts"}],"about":[{"href":"https:\/\/autofans.com.ar\/index.php\/wp-json\/wp\/v2\/types\/post"}],"author":[{"embeddable":true,"href":"https:\/\/autofans.com.ar\/index.php\/wp-json\/wp\/v2\/users\/2"}],"replies":[{"embeddable":true,"href":"https:\/\/autofans.com.ar\/index.php\/wp-json\/wp\/v2\/comments?post=18219"}],"version-history":[{"count":4,"href":"https:\/\/autofans.com.ar\/index.php\/wp-json\/wp\/v2\/posts\/18219\/revisions"}],"predecessor-version":[{"id":18228,"href":"https:\/\/autofans.com.ar\/index.php\/wp-json\/wp\/v2\/posts\/18219\/revisions\/18228"}],"wp:featuredmedia":[{"embeddable":true,"href":"https:\/\/autofans.com.ar\/index.php\/wp-json\/wp\/v2\/media\/18224"}],"wp:attachment":[{"href":"https:\/\/autofans.com.ar\/index.php\/wp-json\/wp\/v2\/media?parent=18219"}],"wp:term":[{"taxonomy":"category","embeddable":true,"href":"https:\/\/autofans.com.ar\/index.php\/wp-json\/wp\/v2\/categories?post=18219"},{"taxonomy":"post_tag","embeddable":true,"href":"https:\/\/autofans.com.ar\/index.php\/wp-json\/wp\/v2\/tags?post=18219"}],"curies":[{"name":"wp","href":"https:\/\/api.w.org\/{rel}","templated":true}]}}