{"id":18288,"date":"2026-09-01T16:45:49","date_gmt":"2026-09-01T19:45:49","guid":{"rendered":"https:\/\/autofans.com.ar\/?p=18288"},"modified":"2026-09-01T16:45:49","modified_gmt":"2026-09-01T19:45:49","slug":"reynaldo-defranco-modero-el-panel-de-electromovilidad-en-movilizar-latam-2026","status":"publish","type":"post","link":"https:\/\/autofans.com.ar\/index.php\/2026\/09\/01\/reynaldo-defranco-modero-el-panel-de-electromovilidad-en-movilizar-latam-2026\/","title":{"rendered":"Reynaldo Defranco moder\u00f3 el panel de electromovilidad en Movilizar LATAM 2026"},"content":{"rendered":"<p class=\"ds-markdown-paragraph\"><span class=\"\">Movilizar LATAM 2026 cerr\u00f3 su primera edici\u00f3n el 6 de agosto en el Hilton Buenos Aires con un saldo que super\u00f3 las expectativas: 988 visitantes con perfil directivo, 22 stands con soluciones innovadoras y dos jornadas de debate que marcaron una hoja de ruta para la industria <\/span><span class=\"\">.<\/span><\/p>\n<p class=\"ds-markdown-paragraph\"><span class=\"\">El evento fue concebido como un hub de negocios y conocimiento, combinando conferencias, paneles estrat\u00e9gicos y espacios de networking. Participaron referentes de terminales automotrices, concesionarios, empresas tecnol\u00f3gicas, entidades financieras y proveedores de servicios. El objetivo, seg\u00fan destacaron los organizadores, fue conectar a quienes toman decisiones con las compa\u00f1\u00edas que desarrollan herramientas para mejorar la eficiencia y la rentabilidad del negocio.<\/span><\/p>\n<p>&nbsp;<\/p>\n<h2>Las claves para entender la transici\u00f3n el\u00e9ctrica<\/h2>\n<p class=\"ds-markdown-paragraph\"><span class=\"\">Uno de los momentos m\u00e1s esperados de la primera edici\u00f3n de Movilizar LATAM 2026 fue el panel dedicado a la electromovilidad. El encargado de conducir la mesa fue <\/span><span class=\"\">Reynaldo Luis Defranco<\/span><span class=\"\">, moderador con amplia trayectoria en el sector automotor y referente en el an\u00e1lisis de tendencias de movilidad.<\/span><\/p>\n<p>&nbsp;<\/p>\n<div id='gallery-1' class='gallery galleryid-18288 gallery-columns-2 gallery-size-full'><figure class='gallery-item'>\n\t\t\t<div class='gallery-icon landscape'>\n\t\t\t\t<a href='https:\/\/autofans.com.ar\/index.php\/2026\/09\/01\/reynaldo-defranco-modero-el-panel-de-electromovilidad-en-movilizar-latam-2026\/movilizar-4\/'><img loading=\"lazy\" width=\"1000\" height=\"667\" src=\"https:\/\/autofans.com.ar\/wp-content\/uploads\/2026\/09\/movilizar-4.jpg\" class=\"attachment-full size-full\" alt=\"Movilizar\" srcset=\"https:\/\/autofans.com.ar\/wp-content\/uploads\/2026\/09\/movilizar-4.jpg 1000w, https:\/\/autofans.com.ar\/wp-content\/uploads\/2026\/09\/movilizar-4-300x200.jpg 300w, https:\/\/autofans.com.ar\/wp-content\/uploads\/2026\/09\/movilizar-4-768x512.jpg 768w\" sizes=\"auto, (max-width: 1000px) 100vw, 1000px\" loading=\"lazy\" decoding=\"async\" \/><\/a>\n\t\t\t<\/div><\/figure><figure class='gallery-item'>\n\t\t\t<div class='gallery-icon landscape'>\n\t\t\t\t<a href='https:\/\/autofans.com.ar\/index.php\/2026\/09\/01\/reynaldo-defranco-modero-el-panel-de-electromovilidad-en-movilizar-latam-2026\/movilizar-6\/'><img loading=\"lazy\" width=\"1000\" height=\"667\" src=\"https:\/\/autofans.com.ar\/wp-content\/uploads\/2026\/09\/movilizar-6.jpg\" class=\"attachment-full size-full\" alt=\"Movilizar\" srcset=\"https:\/\/autofans.com.ar\/wp-content\/uploads\/2026\/09\/movilizar-6.jpg 1000w, https:\/\/autofans.com.ar\/wp-content\/uploads\/2026\/09\/movilizar-6-300x200.jpg 300w, https:\/\/autofans.com.ar\/wp-content\/uploads\/2026\/09\/movilizar-6-768x512.jpg 768w\" sizes=\"auto, (max-width: 1000px) 100vw, 1000px\" loading=\"lazy\" decoding=\"async\" \/><\/a>\n\t\t\t<\/div><\/figure>\n\t\t<\/div>\n\n<p>&nbsp;<\/p>\n<p class=\"ds-markdown-paragraph\"><span class=\"\">Defranco supo llevar una conversaci\u00f3n din\u00e1mica y directa entre los especialistas, abordando los puntos clave que generan m\u00e1s preguntas que certezas. Los plazos reales de la electrificaci\u00f3n en la regi\u00f3n, la infraestructura necesaria, los costos de adopci\u00f3n y el rol de los concesionarios en esta transici\u00f3n. Su estilo de moderaci\u00f3n mantuvo el foco en lo concreto, evitando discursos vac\u00edos y exigiendo respuestas claras a los panelistas.<\/span><\/p>\n<p>&nbsp;<\/p>\n<h2><span class=\"\">El panel de electromovilidad bajo la lupa de Defranco<\/span><\/h2>\n<p class=\"ds-markdown-paragraph\"><span class=\"\">Bajo su conducci\u00f3n, el panel dej\u00f3 sobre la mesa ideas que despu\u00e9s resonaron en el resto de las jornadas. La principal: en Argentina y Am\u00e9rica Latina, la electromovilidad no avanza al mismo ritmo que en Europa o Asia, y eso no es necesariamente un atraso, sino una oportunidad para dise\u00f1ar una estrategia propia que contemple la matriz energ\u00e9tica, el parque automotor existente y las posibilidades reales de los consumidores.<\/span><\/p>\n<p>&nbsp;<\/p>\n<div id='gallery-2' class='gallery galleryid-18288 gallery-columns-2 gallery-size-full'><figure class='gallery-item'>\n\t\t\t<div class='gallery-icon landscape'>\n\t\t\t\t<a href='https:\/\/autofans.com.ar\/index.php\/2026\/09\/01\/reynaldo-defranco-modero-el-panel-de-electromovilidad-en-movilizar-latam-2026\/movilizar-2\/'><img loading=\"lazy\" width=\"1000\" height=\"667\" src=\"https:\/\/autofans.com.ar\/wp-content\/uploads\/2026\/09\/movilizar-2.jpg\" class=\"attachment-full size-full\" alt=\"Movilizar\" srcset=\"https:\/\/autofans.com.ar\/wp-content\/uploads\/2026\/09\/movilizar-2.jpg 1000w, https:\/\/autofans.com.ar\/wp-content\/uploads\/2026\/09\/movilizar-2-300x200.jpg 300w, https:\/\/autofans.com.ar\/wp-content\/uploads\/2026\/09\/movilizar-2-768x512.jpg 768w\" sizes=\"auto, (max-width: 1000px) 100vw, 1000px\" loading=\"lazy\" decoding=\"async\" \/><\/a>\n\t\t\t<\/div><\/figure><figure class='gallery-item'>\n\t\t\t<div class='gallery-icon landscape'>\n\t\t\t\t<a href='https:\/\/autofans.com.ar\/index.php\/2026\/09\/01\/reynaldo-defranco-modero-el-panel-de-electromovilidad-en-movilizar-latam-2026\/movilizar-8\/'><img loading=\"lazy\" width=\"1000\" height=\"667\" src=\"https:\/\/autofans.com.ar\/wp-content\/uploads\/2026\/09\/movilizar-8.jpg\" class=\"attachment-full size-full\" alt=\"Movilizar\" srcset=\"https:\/\/autofans.com.ar\/wp-content\/uploads\/2026\/09\/movilizar-8.jpg 1000w, https:\/\/autofans.com.ar\/wp-content\/uploads\/2026\/09\/movilizar-8-300x200.jpg 300w, https:\/\/autofans.com.ar\/wp-content\/uploads\/2026\/09\/movilizar-8-768x512.jpg 768w\" sizes=\"auto, (max-width: 1000px) 100vw, 1000px\" loading=\"lazy\" decoding=\"async\" \/><\/a>\n\t\t\t<\/div><\/figure>\n\t\t<\/div>\n\n<p>&nbsp;<\/p>\n<p class=\"ds-markdown-paragraph\"><span class=\"\">Defranco tambi\u00e9n supo dar espacio a las preguntas del p\u00fablico, muchas de ellas enfocadas en el impacto comercial para los concesionarios y en la capacitaci\u00f3n que va a necesitar el sector para encarar esta nueva etapa. El moderador cerr\u00f3 el panel con una reflexi\u00f3n que sintetiz\u00f3 el esp\u00edritu del evento: la electromovilidad no es un destino, es un camino que se construye con inversi\u00f3n, formaci\u00f3n y coordinaci\u00f3n entre todos los actores de la cadena.<\/span><\/p>\n<p>&nbsp;<\/p>\n<p>&nbsp;<\/p>\n<p>&nbsp;<\/p>\n<p><i>Para enterarte de m\u00e1s novedades, no dejes de leer\u00a0<\/i><a href=\"https:\/\/autofans.thebrandsoup.com\/\"><i>nuestras notas<\/i><\/a><i>, de ver\u00a0<\/i><a href=\"https:\/\/www.youtube.com\/channel\/UCgAC8UGHZYbT6P7PpmVnP7g\"><i>AUTOFANS TV<\/i><\/a><i>\u00a0en nuestro\u00a0canal de Youtube. Adem\u00e1s seguinos en\u00a0<\/i><a href=\"https:\/\/www.instagram.com\/autofanstv\/\"><i>INSTAGRAM<\/i><\/a><i> y <\/i><a href=\"https:\/\/www.facebook.com\/autofansmas\/\"><i>FACEBOOK<\/i><\/a><i> para no perderte nada sobre las novedades del segmento automotor de Argentina y el mundo.<\/i><\/p>\n","protected":false},"excerpt":{"rendered":"<p>Movilizar LATAM 2026 cerr\u00f3 su primera edici\u00f3n el 6 de agosto en el Hilton Buenos&#8230;<\/p>\n","protected":false},"author":2,"featured_media":18298,"comment_status":"closed","ping_status":"closed","sticky":false,"template":"","format":"standard","meta":{"footnotes":""},"categories":[292,16],"tags":[10266,10265,2526,10267,5063,7643,10263,10268,10264],"class_list":["post-18288","post","type-post","status-publish","format-standard","has-post-thumbnail","hentry","category-empresas","category-noticias","tag-competitividad-sector-automotor","tag-eventos-b2b-automotor","tag-industria-automotriz-argentina","tag-innovacion-concesionarias","tag-inteligencia-artificial-automotriz","tag-movilidad-electrica-argentina","tag-movilizar-latam-2026","tag-reynaldo-luis-defranco","tag-transformacion-digital-concesionarios"],"yoast_head":"<!-- This site is optimized with the Yoast SEO plugin v28.4 - https:\/\/yoast.com\/product\/yoast-seo-wordpress\/ -->\n<title>Reynaldo Defranco moder\u00f3 el panel de electromovilidad en Movilizar LATAM 2026 -<\/title>\n<meta name=\"description\" content=\"Movilizar LATAM 2026 cerr\u00f3 su primera edici\u00f3n el 6 de agosto en el Hilton Buenos Aires con un saldo que super\u00f3 las expectativas\" \/>\n<meta name=\"robots\" content=\"index, follow, max-snippet:-1, max-image-preview:large, max-video-preview:-1\" \/>\n<link rel=\"canonical\" href=\"https:\/\/autofans.com.ar\/index.php\/2026\/09\/01\/reynaldo-defranco-modero-el-panel-de-electromovilidad-en-movilizar-latam-2026\/\" \/>\n<meta property=\"og:locale\" content=\"es_ES\" \/>\n<meta property=\"og:type\" content=\"article\" \/>\n<meta property=\"og:title\" content=\"Reynaldo Defranco moder\u00f3 el panel de electromovilidad en Movilizar LATAM 2026 -\" \/>\n<meta property=\"og:description\" content=\"Movilizar LATAM 2026 cerr\u00f3 su primera edici\u00f3n el 6 de agosto en el Hilton Buenos Aires con un saldo que super\u00f3 las expectativas\" \/>\n<meta property=\"og:url\" content=\"https:\/\/autofans.com.ar\/index.php\/2026\/09\/01\/reynaldo-defranco-modero-el-panel-de-electromovilidad-en-movilizar-latam-2026\/\" \/>\n<meta property=\"article:published_time\" content=\"2026-09-01T19:45:49+00:00\" \/>\n<meta property=\"og:image\" content=\"https:\/\/autofans.com.ar\/wp-content\/uploads\/2026\/09\/movilizar-10.jpg\" \/>\n\t<meta property=\"og:image:width\" content=\"1000\" \/>\n\t<meta property=\"og:image:height\" content=\"667\" \/>\n\t<meta property=\"og:image:type\" content=\"image\/jpeg\" \/>\n<meta name=\"author\" content=\"Alejandro Gabriel Rosito\" \/>\n<meta name=\"twitter:card\" content=\"summary_large_image\" \/>\n<meta name=\"twitter:label1\" content=\"Escrito por\" \/>\n\t<meta name=\"twitter:data1\" content=\"Alejandro Gabriel Rosito\" \/>\n\t<meta name=\"twitter:label2\" content=\"Tiempo de lectura\" \/>\n\t<meta name=\"twitter:data2\" content=\"3 minutos\" \/>\n<script type=\"application\/ld+json\" class=\"yoast-schema-graph\">{\"@context\":\"https:\\\/\\\/schema.org\",\"@graph\":[{\"@type\":\"Article\",\"@id\":\"https:\\\/\\\/autofans.com.ar\\\/index.php\\\/2026\\\/09\\\/01\\\/reynaldo-defranco-modero-el-panel-de-electromovilidad-en-movilizar-latam-2026\\\/#article\",\"isPartOf\":{\"@id\":\"https:\\\/\\\/autofans.com.ar\\\/index.php\\\/2026\\\/09\\\/01\\\/reynaldo-defranco-modero-el-panel-de-electromovilidad-en-movilizar-latam-2026\\\/\"},\"author\":{\"name\":\"Alejandro Gabriel Rosito\",\"@id\":\"https:\\\/\\\/autofans.com.ar\\\/#\\\/schema\\\/person\\\/4a8dda0b6df83ac3d6723e921274c2aa\"},\"headline\":\"Reynaldo Defranco moder\u00f3 el panel de electromovilidad en Movilizar LATAM 2026\",\"datePublished\":\"2026-09-01T19:45:49+00:00\",\"mainEntityOfPage\":{\"@id\":\"https:\\\/\\\/autofans.com.ar\\\/index.php\\\/2026\\\/09\\\/01\\\/reynaldo-defranco-modero-el-panel-de-electromovilidad-en-movilizar-latam-2026\\\/\"},\"wordCount\":479,\"image\":{\"@id\":\"https:\\\/\\\/autofans.com.ar\\\/index.php\\\/2026\\\/09\\\/01\\\/reynaldo-defranco-modero-el-panel-de-electromovilidad-en-movilizar-latam-2026\\\/#primaryimage\"},\"thumbnailUrl\":\"https:\\\/\\\/autofans.com.ar\\\/wp-content\\\/uploads\\\/2026\\\/09\\\/movilizar-10.jpg\",\"keywords\":[\"competitividad sector automotor\",\"eventos B2B automotor\",\"industria automotriz argentina\",\"innovaci\u00f3n concesionarias\",\"inteligencia artificial automotriz\",\"movilidad el\u00e9ctrica Argentina\",\"Movilizar LATAM 2026\",\"Reynaldo Luis Defranco\",\"transformaci\u00f3n digital concesionarios\"],\"articleSection\":[\"EMPRESAS\",\"NOTICIAS\"],\"inLanguage\":\"es\"},{\"@type\":\"WebPage\",\"@id\":\"https:\\\/\\\/autofans.com.ar\\\/index.php\\\/2026\\\/09\\\/01\\\/reynaldo-defranco-modero-el-panel-de-electromovilidad-en-movilizar-latam-2026\\\/\",\"url\":\"https:\\\/\\\/autofans.com.ar\\\/index.php\\\/2026\\\/09\\\/01\\\/reynaldo-defranco-modero-el-panel-de-electromovilidad-en-movilizar-latam-2026\\\/\",\"name\":\"Reynaldo Defranco moder\u00f3 el panel de electromovilidad en Movilizar LATAM 2026 -\",\"isPartOf\":{\"@id\":\"https:\\\/\\\/autofans.com.ar\\\/#website\"},\"primaryImageOfPage\":{\"@id\":\"https:\\\/\\\/autofans.com.ar\\\/index.php\\\/2026\\\/09\\\/01\\\/reynaldo-defranco-modero-el-panel-de-electromovilidad-en-movilizar-latam-2026\\\/#primaryimage\"},\"image\":{\"@id\":\"https:\\\/\\\/autofans.com.ar\\\/index.php\\\/2026\\\/09\\\/01\\\/reynaldo-defranco-modero-el-panel-de-electromovilidad-en-movilizar-latam-2026\\\/#primaryimage\"},\"thumbnailUrl\":\"https:\\\/\\\/autofans.com.ar\\\/wp-content\\\/uploads\\\/2026\\\/09\\\/movilizar-10.jpg\",\"datePublished\":\"2026-09-01T19:45:49+00:00\",\"author\":{\"@id\":\"https:\\\/\\\/autofans.com.ar\\\/#\\\/schema\\\/person\\\/4a8dda0b6df83ac3d6723e921274c2aa\"},\"description\":\"Movilizar LATAM 2026 cerr\u00f3 su primera edici\u00f3n el 6 de agosto en el Hilton Buenos Aires con un saldo que super\u00f3 las expectativas\",\"breadcrumb\":{\"@id\":\"https:\\\/\\\/autofans.com.ar\\\/index.php\\\/2026\\\/09\\\/01\\\/reynaldo-defranco-modero-el-panel-de-electromovilidad-en-movilizar-latam-2026\\\/#breadcrumb\"},\"inLanguage\":\"es\",\"potentialAction\":[{\"@type\":\"ReadAction\",\"target\":[\"https:\\\/\\\/autofans.com.ar\\\/index.php\\\/2026\\\/09\\\/01\\\/reynaldo-defranco-modero-el-panel-de-electromovilidad-en-movilizar-latam-2026\\\/\"]}]},{\"@type\":\"ImageObject\",\"inLanguage\":\"es\",\"@id\":\"https:\\\/\\\/autofans.com.ar\\\/index.php\\\/2026\\\/09\\\/01\\\/reynaldo-defranco-modero-el-panel-de-electromovilidad-en-movilizar-latam-2026\\\/#primaryimage\",\"url\":\"https:\\\/\\\/autofans.com.ar\\\/wp-content\\\/uploads\\\/2026\\\/09\\\/movilizar-10.jpg\",\"contentUrl\":\"https:\\\/\\\/autofans.com.ar\\\/wp-content\\\/uploads\\\/2026\\\/09\\\/movilizar-10.jpg\",\"width\":1000,\"height\":667,\"caption\":\"Movilizar\"},{\"@type\":\"BreadcrumbList\",\"@id\":\"https:\\\/\\\/autofans.com.ar\\\/index.php\\\/2026\\\/09\\\/01\\\/reynaldo-defranco-modero-el-panel-de-electromovilidad-en-movilizar-latam-2026\\\/#breadcrumb\",\"itemListElement\":[{\"@type\":\"ListItem\",\"position\":1,\"name\":\"Inicio\",\"item\":\"https:\\\/\\\/autofans.com.ar\\\/\"},{\"@type\":\"ListItem\",\"position\":2,\"name\":\"Reynaldo Defranco moder\u00f3 el panel de electromovilidad en Movilizar LATAM 2026\"}]},{\"@type\":\"WebSite\",\"@id\":\"https:\\\/\\\/autofans.com.ar\\\/#website\",\"url\":\"https:\\\/\\\/autofans.com.ar\\\/\",\"name\":\"\",\"description\":\"El multimedio referente de la industria automotriz\",\"potentialAction\":[{\"@type\":\"SearchAction\",\"target\":{\"@type\":\"EntryPoint\",\"urlTemplate\":\"https:\\\/\\\/autofans.com.ar\\\/?s={search_term_string}\"},\"query-input\":{\"@type\":\"PropertyValueSpecification\",\"valueRequired\":true,\"valueName\":\"search_term_string\"}}],\"inLanguage\":\"es\"},{\"@type\":\"Person\",\"@id\":\"https:\\\/\\\/autofans.com.ar\\\/#\\\/schema\\\/person\\\/4a8dda0b6df83ac3d6723e921274c2aa\",\"name\":\"Alejandro Gabriel Rosito\",\"image\":{\"@type\":\"ImageObject\",\"inLanguage\":\"es\",\"@id\":\"https:\\\/\\\/secure.gravatar.com\\\/avatar\\\/16c5dda1489adfc62618084dcbb91cffd879c374b13fe5dd8e44ed6733852c88?s=96&d=mm&r=g\",\"url\":\"https:\\\/\\\/secure.gravatar.com\\\/avatar\\\/16c5dda1489adfc62618084dcbb91cffd879c374b13fe5dd8e44ed6733852c88?s=96&d=mm&r=g\",\"contentUrl\":\"https:\\\/\\\/secure.gravatar.com\\\/avatar\\\/16c5dda1489adfc62618084dcbb91cffd879c374b13fe5dd8e44ed6733852c88?s=96&d=mm&r=g\",\"caption\":\"Alejandro Gabriel Rosito\"},\"url\":\"https:\\\/\\\/autofans.com.ar\\\/index.php\\\/author\\\/gabrielr\\\/\"}]}<\/script>\n<!-- \/ Yoast SEO plugin. -->","yoast_head_json":{"title":"Reynaldo Defranco moder\u00f3 el panel de electromovilidad en Movilizar LATAM 2026 -","description":"Movilizar LATAM 2026 cerr\u00f3 su primera edici\u00f3n el 6 de agosto en el Hilton Buenos Aires con un saldo que super\u00f3 las expectativas","robots":{"index":"index","follow":"follow","max-snippet":"max-snippet:-1","max-image-preview":"max-image-preview:large","max-video-preview":"max-video-preview:-1"},"canonical":"https:\/\/autofans.com.ar\/index.php\/2026\/09\/01\/reynaldo-defranco-modero-el-panel-de-electromovilidad-en-movilizar-latam-2026\/","og_locale":"es_ES","og_type":"article","og_title":"Reynaldo Defranco moder\u00f3 el panel de electromovilidad en Movilizar LATAM 2026 -","og_description":"Movilizar LATAM 2026 cerr\u00f3 su primera edici\u00f3n el 6 de agosto en el Hilton Buenos Aires con un saldo que super\u00f3 las expectativas","og_url":"https:\/\/autofans.com.ar\/index.php\/2026\/09\/01\/reynaldo-defranco-modero-el-panel-de-electromovilidad-en-movilizar-latam-2026\/","article_published_time":"2026-09-01T19:45:49+00:00","og_image":[{"width":1000,"height":667,"url":"https:\/\/autofans.com.ar\/wp-content\/uploads\/2026\/09\/movilizar-10.jpg","type":"image\/jpeg"}],"author":"Alejandro Gabriel Rosito","twitter_card":"summary_large_image","twitter_misc":{"Escrito por":"Alejandro Gabriel Rosito","Tiempo de lectura":"3 minutos"},"schema":{"@context":"https:\/\/schema.org","@graph":[{"@type":"Article","@id":"https:\/\/autofans.com.ar\/index.php\/2026\/09\/01\/reynaldo-defranco-modero-el-panel-de-electromovilidad-en-movilizar-latam-2026\/#article","isPartOf":{"@id":"https:\/\/autofans.com.ar\/index.php\/2026\/09\/01\/reynaldo-defranco-modero-el-panel-de-electromovilidad-en-movilizar-latam-2026\/"},"author":{"name":"Alejandro Gabriel Rosito","@id":"https:\/\/autofans.com.ar\/#\/schema\/person\/4a8dda0b6df83ac3d6723e921274c2aa"},"headline":"Reynaldo Defranco moder\u00f3 el panel de electromovilidad en Movilizar LATAM 2026","datePublished":"2026-09-01T19:45:49+00:00","mainEntityOfPage":{"@id":"https:\/\/autofans.com.ar\/index.php\/2026\/09\/01\/reynaldo-defranco-modero-el-panel-de-electromovilidad-en-movilizar-latam-2026\/"},"wordCount":479,"image":{"@id":"https:\/\/autofans.com.ar\/index.php\/2026\/09\/01\/reynaldo-defranco-modero-el-panel-de-electromovilidad-en-movilizar-latam-2026\/#primaryimage"},"thumbnailUrl":"https:\/\/autofans.com.ar\/wp-content\/uploads\/2026\/09\/movilizar-10.jpg","keywords":["competitividad sector automotor","eventos B2B automotor","industria automotriz argentina","innovaci\u00f3n concesionarias","inteligencia artificial automotriz","movilidad el\u00e9ctrica Argentina","Movilizar LATAM 2026","Reynaldo Luis Defranco","transformaci\u00f3n digital concesionarios"],"articleSection":["EMPRESAS","NOTICIAS"],"inLanguage":"es"},{"@type":"WebPage","@id":"https:\/\/autofans.com.ar\/index.php\/2026\/09\/01\/reynaldo-defranco-modero-el-panel-de-electromovilidad-en-movilizar-latam-2026\/","url":"https:\/\/autofans.com.ar\/index.php\/2026\/09\/01\/reynaldo-defranco-modero-el-panel-de-electromovilidad-en-movilizar-latam-2026\/","name":"Reynaldo Defranco moder\u00f3 el panel de electromovilidad en Movilizar LATAM 2026 -","isPartOf":{"@id":"https:\/\/autofans.com.ar\/#website"},"primaryImageOfPage":{"@id":"https:\/\/autofans.com.ar\/index.php\/2026\/09\/01\/reynaldo-defranco-modero-el-panel-de-electromovilidad-en-movilizar-latam-2026\/#primaryimage"},"image":{"@id":"https:\/\/autofans.com.ar\/index.php\/2026\/09\/01\/reynaldo-defranco-modero-el-panel-de-electromovilidad-en-movilizar-latam-2026\/#primaryimage"},"thumbnailUrl":"https:\/\/autofans.com.ar\/wp-content\/uploads\/2026\/09\/movilizar-10.jpg","datePublished":"2026-09-01T19:45:49+00:00","author":{"@id":"https:\/\/autofans.com.ar\/#\/schema\/person\/4a8dda0b6df83ac3d6723e921274c2aa"},"description":"Movilizar LATAM 2026 cerr\u00f3 su primera edici\u00f3n el 6 de agosto en el Hilton Buenos Aires con un saldo que super\u00f3 las expectativas","breadcrumb":{"@id":"https:\/\/autofans.com.ar\/index.php\/2026\/09\/01\/reynaldo-defranco-modero-el-panel-de-electromovilidad-en-movilizar-latam-2026\/#breadcrumb"},"inLanguage":"es","potentialAction":[{"@type":"ReadAction","target":["https:\/\/autofans.com.ar\/index.php\/2026\/09\/01\/reynaldo-defranco-modero-el-panel-de-electromovilidad-en-movilizar-latam-2026\/"]}]},{"@type":"ImageObject","inLanguage":"es","@id":"https:\/\/autofans.com.ar\/index.php\/2026\/09\/01\/reynaldo-defranco-modero-el-panel-de-electromovilidad-en-movilizar-latam-2026\/#primaryimage","url":"https:\/\/autofans.com.ar\/wp-content\/uploads\/2026\/09\/movilizar-10.jpg","contentUrl":"https:\/\/autofans.com.ar\/wp-content\/uploads\/2026\/09\/movilizar-10.jpg","width":1000,"height":667,"caption":"Movilizar"},{"@type":"BreadcrumbList","@id":"https:\/\/autofans.com.ar\/index.php\/2026\/09\/01\/reynaldo-defranco-modero-el-panel-de-electromovilidad-en-movilizar-latam-2026\/#breadcrumb","itemListElement":[{"@type":"ListItem","position":1,"name":"Inicio","item":"https:\/\/autofans.com.ar\/"},{"@type":"ListItem","position":2,"name":"Reynaldo Defranco moder\u00f3 el panel de electromovilidad en Movilizar LATAM 2026"}]},{"@type":"WebSite","@id":"https:\/\/autofans.com.ar\/#website","url":"https:\/\/autofans.com.ar\/","name":"","description":"El multimedio referente de la industria automotriz","potentialAction":[{"@type":"SearchAction","target":{"@type":"EntryPoint","urlTemplate":"https:\/\/autofans.com.ar\/?s={search_term_string}"},"query-input":{"@type":"PropertyValueSpecification","valueRequired":true,"valueName":"search_term_string"}}],"inLanguage":"es"},{"@type":"Person","@id":"https:\/\/autofans.com.ar\/#\/schema\/person\/4a8dda0b6df83ac3d6723e921274c2aa","name":"Alejandro Gabriel Rosito","image":{"@type":"ImageObject","inLanguage":"es","@id":"https:\/\/secure.gravatar.com\/avatar\/16c5dda1489adfc62618084dcbb91cffd879c374b13fe5dd8e44ed6733852c88?s=96&d=mm&r=g","url":"https:\/\/secure.gravatar.com\/avatar\/16c5dda1489adfc62618084dcbb91cffd879c374b13fe5dd8e44ed6733852c88?s=96&d=mm&r=g","contentUrl":"https:\/\/secure.gravatar.com\/avatar\/16c5dda1489adfc62618084dcbb91cffd879c374b13fe5dd8e44ed6733852c88?s=96&d=mm&r=g","caption":"Alejandro Gabriel Rosito"},"url":"https:\/\/autofans.com.ar\/index.php\/author\/gabrielr\/"}]}},"featured_image_urls":{"full":["https:\/\/autofans.com.ar\/wp-content\/uploads\/2026\/09\/movilizar-10.jpg",1000,667,false],"thumbnail":["https:\/\/autofans.com.ar\/wp-content\/uploads\/2026\/09\/movilizar-10-150x150.jpg",150,150,true],"medium":["https:\/\/autofans.com.ar\/wp-content\/uploads\/2026\/09\/movilizar-10-300x200.jpg",300,200,true],"medium_large":["https:\/\/autofans.com.ar\/wp-content\/uploads\/2026\/09\/movilizar-10-768x512.jpg",640,427,true],"large":["https:\/\/autofans.com.ar\/wp-content\/uploads\/2026\/09\/movilizar-10.jpg",640,427,false],"1536x1536":["https:\/\/autofans.com.ar\/wp-content\/uploads\/2026\/09\/movilizar-10.jpg",1000,667,false],"2048x2048":["https:\/\/autofans.com.ar\/wp-content\/uploads\/2026\/09\/movilizar-10.jpg",1000,667,false],"covernews-featured":["https:\/\/autofans.com.ar\/wp-content\/uploads\/2026\/09\/movilizar-10.jpg",1000,667,false],"covernews-medium":["https:\/\/autofans.com.ar\/wp-content\/uploads\/2026\/09\/movilizar-10-540x340.jpg",540,340,true]},"author_info":{"display_name":"Alejandro Gabriel Rosito","author_link":"https:\/\/autofans.com.ar\/index.php\/author\/gabrielr\/"},"category_info":"<a href=\"https:\/\/autofans.com.ar\/index.php\/category\/noticias\/empresas\/\" rel=\"category tag\">EMPRESAS<\/a> <a href=\"https:\/\/autofans.com.ar\/index.php\/category\/noticias\/\" rel=\"category tag\">NOTICIAS<\/a>","tag_info":"NOTICIAS","comment_count":0,"_links":{"self":[{"href":"https:\/\/autofans.com.ar\/index.php\/wp-json\/wp\/v2\/posts\/18288","targetHints":{"allow":["GET"]}}],"collection":[{"href":"https:\/\/autofans.com.ar\/index.php\/wp-json\/wp\/v2\/posts"}],"about":[{"href":"https:\/\/autofans.com.ar\/index.php\/wp-json\/wp\/v2\/types\/post"}],"author":[{"embeddable":true,"href":"https:\/\/autofans.com.ar\/index.php\/wp-json\/wp\/v2\/users\/2"}],"replies":[{"embeddable":true,"href":"https:\/\/autofans.com.ar\/index.php\/wp-json\/wp\/v2\/comments?post=18288"}],"version-history":[{"count":2,"href":"https:\/\/autofans.com.ar\/index.php\/wp-json\/wp\/v2\/posts\/18288\/revisions"}],"predecessor-version":[{"id":18300,"href":"https:\/\/autofans.com.ar\/index.php\/wp-json\/wp\/v2\/posts\/18288\/revisions\/18300"}],"wp:featuredmedia":[{"embeddable":true,"href":"https:\/\/autofans.com.ar\/index.php\/wp-json\/wp\/v2\/media\/18298"}],"wp:attachment":[{"href":"https:\/\/autofans.com.ar\/index.php\/wp-json\/wp\/v2\/media?parent=18288"}],"wp:term":[{"taxonomy":"category","embeddable":true,"href":"https:\/\/autofans.com.ar\/index.php\/wp-json\/wp\/v2\/categories?post=18288"},{"taxonomy":"post_tag","embeddable":true,"href":"https:\/\/autofans.com.ar\/index.php\/wp-json\/wp\/v2\/tags?post=18288"}],"curies":[{"name":"wp","href":"https:\/\/api.w.org\/{rel}","templated":true}]}}