{"id":18301,"date":"2026-09-01T20:11:02","date_gmt":"2026-09-01T23:11:02","guid":{"rendered":"https:\/\/autofans.com.ar\/?p=18301"},"modified":"2026-09-01T20:11:02","modified_gmt":"2026-09-01T23:11:02","slug":"byd-celebra-su-mejor-numero-desde-que-llego-a-la-argentina","status":"publish","type":"post","link":"https:\/\/autofans.com.ar\/index.php\/2026\/09\/01\/byd-celebra-su-mejor-numero-desde-que-llego-a-la-argentina\/","title":{"rendered":"BYD celebra su mejor n\u00famero desde que lleg\u00f3 a la Argentina"},"content":{"rendered":"<p class=\"ds-markdown-paragraph\"><span class=\"\">La marca de origen chino BYD (Build Your Dreams) acaba de cruzar una barrera que pocos jugadores del segmento el\u00e9ctrico pueden presumir en el mercado local: 10.000 veh\u00edculos comercializados en Argentina. El dato no es menor si se tiene en cuenta que el desembarco formal de la compa\u00f1\u00eda en el pa\u00eds se produjo hace menos de doce meses.<\/span><\/p>\n<p class=\"ds-markdown-paragraph\"><span class=\"\">La unidad que sell\u00f3 el n\u00famero exacto se vendi\u00f3 en el concesionario BYD Monumento, operado junto a Neostar en Rosario. Y no fue un modelo cualquiera: se trat\u00f3 de un Dolphin Mini, el hatchback cien por ciento el\u00e9ctrico que, desde su presentaci\u00f3n, se convirti\u00f3 en una de las cartas fuertes de la firma para el uso diario en ciudades.<\/span><\/p>\n<p>&nbsp;<\/p>\n<blockquote>\n<p style=\"text-align: center;\">\u201cAlcanzar las 10.000 unidades vendidas en Argentina es un logro muy importante para BYD y refleja la confianza que cada vez m\u00e1s clientes depositan en nuestra propuesta de movilidad de nuevas energ\u00edas. Que la unidad n\u00famero 10.000 sea un veh\u00edculo 100% el\u00e9ctrico es, adem\u00e1s, una se\u00f1al concreta de la transformaci\u00f3n que est\u00e1 atravesando el mercado argentino y consolida a BYD como uno de los protagonistas de esta evoluci\u00f3n. Que este hito se haya alcanzado en Rosario tambi\u00e9n tiene un valor especial, porque demuestra el rol clave de nuestra red de concesionarios y de nuestros socios estrat\u00e9gicos en el crecimiento de la marca. Nuestro objetivo es seguir construyendo una operaci\u00f3n s\u00f3lida, cercana y preparada para acompa\u00f1ar a nuestros clientes antes, durante y despu\u00e9s de la compra\u201d, se\u00f1al\u00f3 Christian Kimelman, country manager de BYD Argentina.<\/p>\n<\/blockquote>\n<p>&nbsp;<\/p>\n<h2 class=\"ds-markdown-paragraph\"><span class=\"\">El modelo que hizo historia<\/span><\/h2>\n<p class=\"ds-markdown-paragraph\"><span class=\"\">El BYD DOLPHIN MINI no es solo el veh\u00edculo que marc\u00f3 el hito. Tambi\u00e9n acumula reconocimientos en seguridad: en los Premios Crash Test Argentina 2025 se llev\u00f3 el \u201cAuto de Oro\u201d por su relaci\u00f3n costo-seguridad, adem\u00e1s del galard\u00f3n \u201cAuto M\u00e1s Seguro del A\u00f1o\u201d en la categor\u00eda de compactos.<\/span><\/p>\n<p>&nbsp;<\/p>\n<p><img fetchpriority=\"high\" decoding=\"async\" class=\"aligncenter wp-image-18303 size-full\" src=\"https:\/\/autofans.com.ar\/wp-content\/uploads\/2026\/09\/byd-2.jpg\" alt=\"BYD\" width=\"1000\" height=\"667\" srcset=\"https:\/\/autofans.com.ar\/wp-content\/uploads\/2026\/09\/byd-2.jpg 1000w, https:\/\/autofans.com.ar\/wp-content\/uploads\/2026\/09\/byd-2-300x200.jpg 300w, https:\/\/autofans.com.ar\/wp-content\/uploads\/2026\/09\/byd-2-768x512.jpg 768w\" sizes=\"(max-width: 1000px) 100vw, 1000px\" \/><\/p>\n<p>&nbsp;<\/p>\n<p class=\"ds-markdown-paragraph\"><span class=\"\">Entre sus atributos t\u00e9cnicos, la marca destaca la bater\u00eda Blade Battery, la plataforma e-Platform 3.0, seis airbags de serie y una pantalla t\u00e1ctil giratoria de 10,1 pulgadas. Todo eso, dentro de un dise\u00f1o pensado para la maniobrabilidad en entornos urbanos.<\/span><\/p>\n<p>&nbsp;<\/p>\n<blockquote>\n<p style=\"text-align: center;\">Por su parte, Sebasti\u00e1n V\u00e1zquez, Director de Neostar, destac\u00f3: \u201cPara Neostar es un orgullo ser parte de un hito tan significativo para BYD en Argentina. Desde Rosario trabajamos para acercar a los clientes no solo veh\u00edculos de nuevas energ\u00edas, sino tambi\u00e9n una experiencia integral, con asesoramiento personalizado y un s\u00f3lido respaldo de posventa. Que la unidad n\u00famero 10.000 se haya comercializado en nuestra ciudad demuestra que la transformaci\u00f3n de la movilidad avanza en todo el pa\u00eds y que el futuro ser\u00e1 cada vez m\u00e1s el\u00e9ctrico, tecnol\u00f3gico y sustentable. Este logro nos impulsa a seguir acompa\u00f1ando el crecimiento de BYD y a consolidar su presencia en la regi\u00f3n\u201d.<\/p>\n<\/blockquote>\n<p>&nbsp;<\/p>\n<h2 class=\"ds-markdown-paragraph\"><span class=\"\">Una estrategia que va m\u00e1s all\u00e1 de las ventas<\/span><\/h2>\n<p class=\"ds-markdown-paragraph\"><span class=\"\">Desde BYD aseguran que las 10.000 unidades representan el avance de un proyecto integral, no solo un n\u00famero comercial. La operaci\u00f3n local, manejada como filial directa, se sostiene sobre cuatro ejes: portfolio de veh\u00edculos de nueva energ\u00eda, red oficial en crecimiento, servicio postventa especializado y acompa\u00f1amiento personalizado al cliente.<\/span><\/p>\n<p class=\"ds-markdown-paragraph\"><span class=\"\">Hoy, la oferta en Argentina incluye modelos 100% el\u00e9ctricos e h\u00edbridos enchufables. La gama completa est\u00e1 compuesta por el DOLPHIN MINI, YUAN PRO, SONG PRO DM-i, ATTO 2 DM-i, SHARK DMO y SEAL U DM-i. Todos comparten el enfoque en tecnolog\u00eda, eficiencia energ\u00e9tica y seguridad, pero con distintas propuestas para familia, ciudad o ruta.<\/span><\/p>\n<p><img decoding=\"async\" class=\"aligncenter wp-image-18302 size-full\" src=\"https:\/\/autofans.com.ar\/wp-content\/uploads\/2026\/09\/byd-3.jpg\" alt=\"BYD\" width=\"1000\" height=\"667\" srcset=\"https:\/\/autofans.com.ar\/wp-content\/uploads\/2026\/09\/byd-3.jpg 1000w, https:\/\/autofans.com.ar\/wp-content\/uploads\/2026\/09\/byd-3-300x200.jpg 300w, https:\/\/autofans.com.ar\/wp-content\/uploads\/2026\/09\/byd-3-768x512.jpg 768w\" sizes=\"(max-width: 1000px) 100vw, 1000px\" \/><\/p>\n<p class=\"ds-markdown-paragraph\"><span class=\"\">Con este hito, la marca busca reforzar su idea de crecimiento federal. La red oficial ya se extiende en varias provincias y la compa\u00f1\u00eda anticipa que seguir\u00e1 invirtiendo para consolidar su estructura en el pa\u00eds. El objetivo, seg\u00fan se\u00f1alan desde la firma, es ser parte activa de la transformaci\u00f3n de la movilidad argentina, acercando sus tecnolog\u00edas a un p\u00fablico cada vez m\u00e1s amplio.<\/span><\/p>\n<p>&nbsp;<\/p>\n<p>&nbsp;<\/p>\n<p>&nbsp;<\/p>\n<p>&nbsp;<\/p>\n<p><i>Para enterarte de m\u00e1s novedades, no dejes de leer\u00a0<\/i><a href=\"https:\/\/autofans.thebrandsoup.com\/\"><i>nuestras notas<\/i><\/a><i>, de ver\u00a0<\/i><a href=\"https:\/\/www.youtube.com\/channel\/UCgAC8UGHZYbT6P7PpmVnP7g\"><i>AUTOFANS TV<\/i><\/a><i>\u00a0en nuestro\u00a0canal de Youtube. Adem\u00e1s seguinos en\u00a0<\/i><a href=\"https:\/\/www.instagram.com\/autofanstv\/\"><i>INSTAGRAM<\/i><\/a><i> y <\/i><a href=\"https:\/\/www.facebook.com\/autofansmas\/\"><i>FACEBOOK<\/i><\/a><i> para no perderte nada sobre las novedades del segmento automotor de Argentina y el mundo.<\/i><\/p>\n","protected":false},"excerpt":{"rendered":"<p>La marca de origen chino BYD (Build Your Dreams) acaba de cruzar una barrera que&#8230;<\/p>\n","protected":false},"author":2,"featured_media":18304,"comment_status":"closed","ping_status":"closed","sticky":false,"template":"","format":"standard","meta":{"footnotes":""},"categories":[341,16],"tags":[10273,10269,6080,7542,10274,10270,10275,10272,7643,10271],"class_list":["post-18301","post","type-post","status-publish","format-standard","has-post-thumbnail","hentry","category-hibridos-y-electricos","category-noticias","tag-autos-hibridos-enchufables-argentina","tag-byd-10000-unidades","tag-byd-argentina","tag-byd-concesionarios","tag-byd-crecimiento-argentina","tag-byd-dolphin-mini-argentina","tag-byd-hito-2026","tag-byd-record-ventas","tag-movilidad-electrica-argentina","tag-ventas-autos-electricos-argentina"],"yoast_head":"<!-- This site is optimized with the Yoast SEO plugin v28.4 - https:\/\/yoast.com\/product\/yoast-seo-wordpress\/ -->\n<title>BYD celebra su mejor n\u00famero desde que lleg\u00f3 a la Argentina -<\/title>\n<meta name=\"description\" content=\"BYD acaba de cruzar una barrera del segmento el\u00e9ctrico pueden presumir en el mercado local: 10.000 veh\u00edculos comercializados en Argentina.\" \/>\n<meta name=\"robots\" content=\"index, follow, max-snippet:-1, max-image-preview:large, max-video-preview:-1\" \/>\n<link rel=\"canonical\" href=\"https:\/\/autofans.com.ar\/index.php\/2026\/09\/01\/byd-celebra-su-mejor-numero-desde-que-llego-a-la-argentina\/\" \/>\n<meta property=\"og:locale\" content=\"es_ES\" \/>\n<meta property=\"og:type\" content=\"article\" \/>\n<meta property=\"og:title\" content=\"BYD celebra su mejor n\u00famero desde que lleg\u00f3 a la Argentina -\" \/>\n<meta property=\"og:description\" content=\"BYD acaba de cruzar una barrera del segmento el\u00e9ctrico pueden presumir en el mercado local: 10.000 veh\u00edculos comercializados en Argentina.\" \/>\n<meta property=\"og:url\" content=\"https:\/\/autofans.com.ar\/index.php\/2026\/09\/01\/byd-celebra-su-mejor-numero-desde-que-llego-a-la-argentina\/\" \/>\n<meta property=\"article:published_time\" content=\"2026-09-01T23:11:02+00:00\" \/>\n<meta property=\"og:image\" content=\"https:\/\/autofans.com.ar\/wp-content\/uploads\/2026\/09\/byd-1.jpg\" \/>\n\t<meta property=\"og:image:width\" content=\"1000\" \/>\n\t<meta property=\"og:image:height\" content=\"667\" \/>\n\t<meta property=\"og:image:type\" content=\"image\/jpeg\" \/>\n<meta name=\"author\" content=\"Alejandro Gabriel Rosito\" \/>\n<meta name=\"twitter:card\" content=\"summary_large_image\" \/>\n<meta name=\"twitter:label1\" content=\"Escrito por\" \/>\n\t<meta name=\"twitter:data1\" content=\"Alejandro Gabriel Rosito\" \/>\n\t<meta name=\"twitter:label2\" content=\"Tiempo de lectura\" \/>\n\t<meta name=\"twitter:data2\" content=\"3 minutos\" \/>\n<script type=\"application\/ld+json\" class=\"yoast-schema-graph\">{\"@context\":\"https:\\\/\\\/schema.org\",\"@graph\":[{\"@type\":\"Article\",\"@id\":\"https:\\\/\\\/autofans.com.ar\\\/index.php\\\/2026\\\/09\\\/01\\\/byd-celebra-su-mejor-numero-desde-que-llego-a-la-argentina\\\/#article\",\"isPartOf\":{\"@id\":\"https:\\\/\\\/autofans.com.ar\\\/index.php\\\/2026\\\/09\\\/01\\\/byd-celebra-su-mejor-numero-desde-que-llego-a-la-argentina\\\/\"},\"author\":{\"name\":\"Alejandro Gabriel Rosito\",\"@id\":\"https:\\\/\\\/autofans.com.ar\\\/#\\\/schema\\\/person\\\/4a8dda0b6df83ac3d6723e921274c2aa\"},\"headline\":\"BYD celebra su mejor n\u00famero desde que lleg\u00f3 a la Argentina\",\"datePublished\":\"2026-09-01T23:11:02+00:00\",\"mainEntityOfPage\":{\"@id\":\"https:\\\/\\\/autofans.com.ar\\\/index.php\\\/2026\\\/09\\\/01\\\/byd-celebra-su-mejor-numero-desde-que-llego-a-la-argentina\\\/\"},\"wordCount\":746,\"image\":{\"@id\":\"https:\\\/\\\/autofans.com.ar\\\/index.php\\\/2026\\\/09\\\/01\\\/byd-celebra-su-mejor-numero-desde-que-llego-a-la-argentina\\\/#primaryimage\"},\"thumbnailUrl\":\"https:\\\/\\\/autofans.com.ar\\\/wp-content\\\/uploads\\\/2026\\\/09\\\/byd-1.jpg\",\"keywords\":[\"autos h\u00edbridos enchufables Argentina\",\"BYD 10000 unidades\",\"BYD Argentina\",\"BYD concesionarios\",\"BYD crecimiento Argentina\",\"BYD Dolphin Mini Argentina\",\"BYD hito 2026\",\"BYD r\u00e9cord ventas\",\"movilidad el\u00e9ctrica Argentina\",\"ventas autos el\u00e9ctricos Argentina\"],\"articleSection\":[\"HIBRIDOS, ELECTRICOS y otros\",\"NOTICIAS\"],\"inLanguage\":\"es\"},{\"@type\":\"WebPage\",\"@id\":\"https:\\\/\\\/autofans.com.ar\\\/index.php\\\/2026\\\/09\\\/01\\\/byd-celebra-su-mejor-numero-desde-que-llego-a-la-argentina\\\/\",\"url\":\"https:\\\/\\\/autofans.com.ar\\\/index.php\\\/2026\\\/09\\\/01\\\/byd-celebra-su-mejor-numero-desde-que-llego-a-la-argentina\\\/\",\"name\":\"BYD celebra su mejor n\u00famero desde que lleg\u00f3 a la Argentina -\",\"isPartOf\":{\"@id\":\"https:\\\/\\\/autofans.com.ar\\\/#website\"},\"primaryImageOfPage\":{\"@id\":\"https:\\\/\\\/autofans.com.ar\\\/index.php\\\/2026\\\/09\\\/01\\\/byd-celebra-su-mejor-numero-desde-que-llego-a-la-argentina\\\/#primaryimage\"},\"image\":{\"@id\":\"https:\\\/\\\/autofans.com.ar\\\/index.php\\\/2026\\\/09\\\/01\\\/byd-celebra-su-mejor-numero-desde-que-llego-a-la-argentina\\\/#primaryimage\"},\"thumbnailUrl\":\"https:\\\/\\\/autofans.com.ar\\\/wp-content\\\/uploads\\\/2026\\\/09\\\/byd-1.jpg\",\"datePublished\":\"2026-09-01T23:11:02+00:00\",\"author\":{\"@id\":\"https:\\\/\\\/autofans.com.ar\\\/#\\\/schema\\\/person\\\/4a8dda0b6df83ac3d6723e921274c2aa\"},\"description\":\"BYD acaba de cruzar una barrera del segmento el\u00e9ctrico pueden presumir en el mercado local: 10.000 veh\u00edculos comercializados en Argentina.\",\"breadcrumb\":{\"@id\":\"https:\\\/\\\/autofans.com.ar\\\/index.php\\\/2026\\\/09\\\/01\\\/byd-celebra-su-mejor-numero-desde-que-llego-a-la-argentina\\\/#breadcrumb\"},\"inLanguage\":\"es\",\"potentialAction\":[{\"@type\":\"ReadAction\",\"target\":[\"https:\\\/\\\/autofans.com.ar\\\/index.php\\\/2026\\\/09\\\/01\\\/byd-celebra-su-mejor-numero-desde-que-llego-a-la-argentina\\\/\"]}]},{\"@type\":\"ImageObject\",\"inLanguage\":\"es\",\"@id\":\"https:\\\/\\\/autofans.com.ar\\\/index.php\\\/2026\\\/09\\\/01\\\/byd-celebra-su-mejor-numero-desde-que-llego-a-la-argentina\\\/#primaryimage\",\"url\":\"https:\\\/\\\/autofans.com.ar\\\/wp-content\\\/uploads\\\/2026\\\/09\\\/byd-1.jpg\",\"contentUrl\":\"https:\\\/\\\/autofans.com.ar\\\/wp-content\\\/uploads\\\/2026\\\/09\\\/byd-1.jpg\",\"width\":1000,\"height\":667,\"caption\":\"BYD\"},{\"@type\":\"BreadcrumbList\",\"@id\":\"https:\\\/\\\/autofans.com.ar\\\/index.php\\\/2026\\\/09\\\/01\\\/byd-celebra-su-mejor-numero-desde-que-llego-a-la-argentina\\\/#breadcrumb\",\"itemListElement\":[{\"@type\":\"ListItem\",\"position\":1,\"name\":\"Inicio\",\"item\":\"https:\\\/\\\/autofans.com.ar\\\/\"},{\"@type\":\"ListItem\",\"position\":2,\"name\":\"BYD celebra su mejor n\u00famero desde que lleg\u00f3 a la Argentina\"}]},{\"@type\":\"WebSite\",\"@id\":\"https:\\\/\\\/autofans.com.ar\\\/#website\",\"url\":\"https:\\\/\\\/autofans.com.ar\\\/\",\"name\":\"\",\"description\":\"El multimedio referente de la industria automotriz\",\"potentialAction\":[{\"@type\":\"SearchAction\",\"target\":{\"@type\":\"EntryPoint\",\"urlTemplate\":\"https:\\\/\\\/autofans.com.ar\\\/?s={search_term_string}\"},\"query-input\":{\"@type\":\"PropertyValueSpecification\",\"valueRequired\":true,\"valueName\":\"search_term_string\"}}],\"inLanguage\":\"es\"},{\"@type\":\"Person\",\"@id\":\"https:\\\/\\\/autofans.com.ar\\\/#\\\/schema\\\/person\\\/4a8dda0b6df83ac3d6723e921274c2aa\",\"name\":\"Alejandro Gabriel Rosito\",\"image\":{\"@type\":\"ImageObject\",\"inLanguage\":\"es\",\"@id\":\"https:\\\/\\\/secure.gravatar.com\\\/avatar\\\/16c5dda1489adfc62618084dcbb91cffd879c374b13fe5dd8e44ed6733852c88?s=96&d=mm&r=g\",\"url\":\"https:\\\/\\\/secure.gravatar.com\\\/avatar\\\/16c5dda1489adfc62618084dcbb91cffd879c374b13fe5dd8e44ed6733852c88?s=96&d=mm&r=g\",\"contentUrl\":\"https:\\\/\\\/secure.gravatar.com\\\/avatar\\\/16c5dda1489adfc62618084dcbb91cffd879c374b13fe5dd8e44ed6733852c88?s=96&d=mm&r=g\",\"caption\":\"Alejandro Gabriel Rosito\"},\"url\":\"https:\\\/\\\/autofans.com.ar\\\/index.php\\\/author\\\/gabrielr\\\/\"}]}<\/script>\n<!-- \/ Yoast SEO plugin. -->","yoast_head_json":{"title":"BYD celebra su mejor n\u00famero desde que lleg\u00f3 a la Argentina -","description":"BYD acaba de cruzar una barrera del segmento el\u00e9ctrico pueden presumir en el mercado local: 10.000 veh\u00edculos comercializados en Argentina.","robots":{"index":"index","follow":"follow","max-snippet":"max-snippet:-1","max-image-preview":"max-image-preview:large","max-video-preview":"max-video-preview:-1"},"canonical":"https:\/\/autofans.com.ar\/index.php\/2026\/09\/01\/byd-celebra-su-mejor-numero-desde-que-llego-a-la-argentina\/","og_locale":"es_ES","og_type":"article","og_title":"BYD celebra su mejor n\u00famero desde que lleg\u00f3 a la Argentina -","og_description":"BYD acaba de cruzar una barrera del segmento el\u00e9ctrico pueden presumir en el mercado local: 10.000 veh\u00edculos comercializados en Argentina.","og_url":"https:\/\/autofans.com.ar\/index.php\/2026\/09\/01\/byd-celebra-su-mejor-numero-desde-que-llego-a-la-argentina\/","article_published_time":"2026-09-01T23:11:02+00:00","og_image":[{"width":1000,"height":667,"url":"https:\/\/autofans.com.ar\/wp-content\/uploads\/2026\/09\/byd-1.jpg","type":"image\/jpeg"}],"author":"Alejandro Gabriel Rosito","twitter_card":"summary_large_image","twitter_misc":{"Escrito por":"Alejandro Gabriel Rosito","Tiempo de lectura":"3 minutos"},"schema":{"@context":"https:\/\/schema.org","@graph":[{"@type":"Article","@id":"https:\/\/autofans.com.ar\/index.php\/2026\/09\/01\/byd-celebra-su-mejor-numero-desde-que-llego-a-la-argentina\/#article","isPartOf":{"@id":"https:\/\/autofans.com.ar\/index.php\/2026\/09\/01\/byd-celebra-su-mejor-numero-desde-que-llego-a-la-argentina\/"},"author":{"name":"Alejandro Gabriel Rosito","@id":"https:\/\/autofans.com.ar\/#\/schema\/person\/4a8dda0b6df83ac3d6723e921274c2aa"},"headline":"BYD celebra su mejor n\u00famero desde que lleg\u00f3 a la Argentina","datePublished":"2026-09-01T23:11:02+00:00","mainEntityOfPage":{"@id":"https:\/\/autofans.com.ar\/index.php\/2026\/09\/01\/byd-celebra-su-mejor-numero-desde-que-llego-a-la-argentina\/"},"wordCount":746,"image":{"@id":"https:\/\/autofans.com.ar\/index.php\/2026\/09\/01\/byd-celebra-su-mejor-numero-desde-que-llego-a-la-argentina\/#primaryimage"},"thumbnailUrl":"https:\/\/autofans.com.ar\/wp-content\/uploads\/2026\/09\/byd-1.jpg","keywords":["autos h\u00edbridos enchufables Argentina","BYD 10000 unidades","BYD Argentina","BYD concesionarios","BYD crecimiento Argentina","BYD Dolphin Mini Argentina","BYD hito 2026","BYD r\u00e9cord ventas","movilidad el\u00e9ctrica Argentina","ventas autos el\u00e9ctricos Argentina"],"articleSection":["HIBRIDOS, ELECTRICOS y otros","NOTICIAS"],"inLanguage":"es"},{"@type":"WebPage","@id":"https:\/\/autofans.com.ar\/index.php\/2026\/09\/01\/byd-celebra-su-mejor-numero-desde-que-llego-a-la-argentina\/","url":"https:\/\/autofans.com.ar\/index.php\/2026\/09\/01\/byd-celebra-su-mejor-numero-desde-que-llego-a-la-argentina\/","name":"BYD celebra su mejor n\u00famero desde que lleg\u00f3 a la Argentina -","isPartOf":{"@id":"https:\/\/autofans.com.ar\/#website"},"primaryImageOfPage":{"@id":"https:\/\/autofans.com.ar\/index.php\/2026\/09\/01\/byd-celebra-su-mejor-numero-desde-que-llego-a-la-argentina\/#primaryimage"},"image":{"@id":"https:\/\/autofans.com.ar\/index.php\/2026\/09\/01\/byd-celebra-su-mejor-numero-desde-que-llego-a-la-argentina\/#primaryimage"},"thumbnailUrl":"https:\/\/autofans.com.ar\/wp-content\/uploads\/2026\/09\/byd-1.jpg","datePublished":"2026-09-01T23:11:02+00:00","author":{"@id":"https:\/\/autofans.com.ar\/#\/schema\/person\/4a8dda0b6df83ac3d6723e921274c2aa"},"description":"BYD acaba de cruzar una barrera del segmento el\u00e9ctrico pueden presumir en el mercado local: 10.000 veh\u00edculos comercializados en Argentina.","breadcrumb":{"@id":"https:\/\/autofans.com.ar\/index.php\/2026\/09\/01\/byd-celebra-su-mejor-numero-desde-que-llego-a-la-argentina\/#breadcrumb"},"inLanguage":"es","potentialAction":[{"@type":"ReadAction","target":["https:\/\/autofans.com.ar\/index.php\/2026\/09\/01\/byd-celebra-su-mejor-numero-desde-que-llego-a-la-argentina\/"]}]},{"@type":"ImageObject","inLanguage":"es","@id":"https:\/\/autofans.com.ar\/index.php\/2026\/09\/01\/byd-celebra-su-mejor-numero-desde-que-llego-a-la-argentina\/#primaryimage","url":"https:\/\/autofans.com.ar\/wp-content\/uploads\/2026\/09\/byd-1.jpg","contentUrl":"https:\/\/autofans.com.ar\/wp-content\/uploads\/2026\/09\/byd-1.jpg","width":1000,"height":667,"caption":"BYD"},{"@type":"BreadcrumbList","@id":"https:\/\/autofans.com.ar\/index.php\/2026\/09\/01\/byd-celebra-su-mejor-numero-desde-que-llego-a-la-argentina\/#breadcrumb","itemListElement":[{"@type":"ListItem","position":1,"name":"Inicio","item":"https:\/\/autofans.com.ar\/"},{"@type":"ListItem","position":2,"name":"BYD celebra su mejor n\u00famero desde que lleg\u00f3 a la Argentina"}]},{"@type":"WebSite","@id":"https:\/\/autofans.com.ar\/#website","url":"https:\/\/autofans.com.ar\/","name":"","description":"El multimedio referente de la industria automotriz","potentialAction":[{"@type":"SearchAction","target":{"@type":"EntryPoint","urlTemplate":"https:\/\/autofans.com.ar\/?s={search_term_string}"},"query-input":{"@type":"PropertyValueSpecification","valueRequired":true,"valueName":"search_term_string"}}],"inLanguage":"es"},{"@type":"Person","@id":"https:\/\/autofans.com.ar\/#\/schema\/person\/4a8dda0b6df83ac3d6723e921274c2aa","name":"Alejandro Gabriel Rosito","image":{"@type":"ImageObject","inLanguage":"es","@id":"https:\/\/secure.gravatar.com\/avatar\/16c5dda1489adfc62618084dcbb91cffd879c374b13fe5dd8e44ed6733852c88?s=96&d=mm&r=g","url":"https:\/\/secure.gravatar.com\/avatar\/16c5dda1489adfc62618084dcbb91cffd879c374b13fe5dd8e44ed6733852c88?s=96&d=mm&r=g","contentUrl":"https:\/\/secure.gravatar.com\/avatar\/16c5dda1489adfc62618084dcbb91cffd879c374b13fe5dd8e44ed6733852c88?s=96&d=mm&r=g","caption":"Alejandro Gabriel Rosito"},"url":"https:\/\/autofans.com.ar\/index.php\/author\/gabrielr\/"}]}},"featured_image_urls":{"full":["https:\/\/autofans.com.ar\/wp-content\/uploads\/2026\/09\/byd-1.jpg",1000,667,false],"thumbnail":["https:\/\/autofans.com.ar\/wp-content\/uploads\/2026\/09\/byd-1-150x150.jpg",150,150,true],"medium":["https:\/\/autofans.com.ar\/wp-content\/uploads\/2026\/09\/byd-1-300x200.jpg",300,200,true],"medium_large":["https:\/\/autofans.com.ar\/wp-content\/uploads\/2026\/09\/byd-1-768x512.jpg",640,427,true],"large":["https:\/\/autofans.com.ar\/wp-content\/uploads\/2026\/09\/byd-1.jpg",640,427,false],"1536x1536":["https:\/\/autofans.com.ar\/wp-content\/uploads\/2026\/09\/byd-1.jpg",1000,667,false],"2048x2048":["https:\/\/autofans.com.ar\/wp-content\/uploads\/2026\/09\/byd-1.jpg",1000,667,false],"covernews-featured":["https:\/\/autofans.com.ar\/wp-content\/uploads\/2026\/09\/byd-1.jpg",1000,667,false],"covernews-medium":["https:\/\/autofans.com.ar\/wp-content\/uploads\/2026\/09\/byd-1-540x340.jpg",540,340,true]},"author_info":{"display_name":"Alejandro Gabriel Rosito","author_link":"https:\/\/autofans.com.ar\/index.php\/author\/gabrielr\/"},"category_info":"<a href=\"https:\/\/autofans.com.ar\/index.php\/category\/noticias\/hibridos-y-electricos\/\" rel=\"category tag\">HIBRIDOS, ELECTRICOS y otros<\/a> <a href=\"https:\/\/autofans.com.ar\/index.php\/category\/noticias\/\" rel=\"category tag\">NOTICIAS<\/a>","tag_info":"NOTICIAS","comment_count":0,"_links":{"self":[{"href":"https:\/\/autofans.com.ar\/index.php\/wp-json\/wp\/v2\/posts\/18301","targetHints":{"allow":["GET"]}}],"collection":[{"href":"https:\/\/autofans.com.ar\/index.php\/wp-json\/wp\/v2\/posts"}],"about":[{"href":"https:\/\/autofans.com.ar\/index.php\/wp-json\/wp\/v2\/types\/post"}],"author":[{"embeddable":true,"href":"https:\/\/autofans.com.ar\/index.php\/wp-json\/wp\/v2\/users\/2"}],"replies":[{"embeddable":true,"href":"https:\/\/autofans.com.ar\/index.php\/wp-json\/wp\/v2\/comments?post=18301"}],"version-history":[{"count":3,"href":"https:\/\/autofans.com.ar\/index.php\/wp-json\/wp\/v2\/posts\/18301\/revisions"}],"predecessor-version":[{"id":18307,"href":"https:\/\/autofans.com.ar\/index.php\/wp-json\/wp\/v2\/posts\/18301\/revisions\/18307"}],"wp:featuredmedia":[{"embeddable":true,"href":"https:\/\/autofans.com.ar\/index.php\/wp-json\/wp\/v2\/media\/18304"}],"wp:attachment":[{"href":"https:\/\/autofans.com.ar\/index.php\/wp-json\/wp\/v2\/media?parent=18301"}],"wp:term":[{"taxonomy":"category","embeddable":true,"href":"https:\/\/autofans.com.ar\/index.php\/wp-json\/wp\/v2\/categories?post=18301"},{"taxonomy":"post_tag","embeddable":true,"href":"https:\/\/autofans.com.ar\/index.php\/wp-json\/wp\/v2\/tags?post=18301"}],"curies":[{"name":"wp","href":"https:\/\/api.w.org\/{rel}","templated":true}]}}