{"id":1871,"date":"2023-04-24T18:47:39","date_gmt":"2023-04-24T21:47:39","guid":{"rendered":"https:\/\/autofans.com.ar\/?p=1871"},"modified":"2023-04-24T18:47:39","modified_gmt":"2023-04-24T21:47:39","slug":"peugeot-presenta-el-408x-y-el-concept-peugeot-inception-en-el-salon-de-shanghai","status":"publish","type":"post","link":"https:\/\/autofans.com.ar\/index.php\/2023\/04\/24\/peugeot-presenta-el-408x-y-el-concept-peugeot-inception-en-el-salon-de-shanghai\/","title":{"rendered":"PEUGEOT presenta el 408X y el CONCEPT PEUGEOT INCEPTION en el sal\u00f3n de Shangh\u00e1i"},"content":{"rendered":"<p>PEUGEOT presenta su nueva gama de veh\u00edculos en el Sal\u00f3n Internacional del Autom\u00f3vil de Shangh\u00e1i, incluyendo el nuevo modelo chino, el 408X, y el concept-car PEUGEOT INCEPTION CONCEPT. Con esta presentaci\u00f3n, la marca francesa demuestra su creatividad e innovaci\u00f3n en el segmento automotor.<\/p>\n<p>&nbsp;<\/p>\n<p><center><iframe title=\"New PEUGEOT 408 2023 - FULL visual REVIEW (exterior, interior, specs) Titanium Grey\" width=\"640\" height=\"360\" src=\"https:\/\/www.youtube.com\/embed\/rGde8SkQ3MA?feature=oembed\" frameborder=\"0\" allow=\"accelerometer; autoplay; clipboard-write; encrypted-media; gyroscope; picture-in-picture; web-share\" referrerpolicy=\"strict-origin-when-cross-origin\" allowfullscreen><\/iframe><\/p>\n<p>&nbsp;<\/p>\n<p>&nbsp;<\/p>\n<p><\/center><\/p>\n<p style=\"text-align: left;\">El 408X es un veh\u00edculo global que destaca por su silueta fastback en el segmento C, ofreciendo un dise\u00f1o sin precedentes en el mercado automovil\u00edstico mundial actual. Adem\u00e1s, cuenta con dos motores h\u00edbridos enchufables de 180 CV y 225 CV, junto al motor de gasolina PureTech de 130 CV, y la \u00faltima generaci\u00f3n del PEUGEOT i-Cockpit para proporcionar una experiencia de conducci\u00f3n placentera e intuitiva. El PEUGEOT 408X se fabrica en la planta de Dongfeng PEUGEOT en Chengd\u00fa, en el centro de China. Ya a la venta en dicho pa\u00eds desde enero, el PEUGEOT 408X est\u00e1 despertando la curiosidad y el inter\u00e9s de un gran n\u00famero de clientes.<\/p>\n<p>&nbsp;<\/p>\n<p><center><iframe title=\"Peugeot Inception Concept | Reveal\" width=\"640\" height=\"360\" src=\"https:\/\/www.youtube.com\/embed\/BIZGHKkJy6g?feature=oembed\" frameborder=\"0\" allow=\"accelerometer; autoplay; clipboard-write; encrypted-media; gyroscope; picture-in-picture; web-share\" referrerpolicy=\"strict-origin-when-cross-origin\" allowfullscreen><\/iframe><\/p>\n<p>&nbsp;<\/p>\n<p><\/center><\/p>\n<p style=\"text-align: left;\">Por otro lado, el <a href=\"https:\/\/www.peugeot.es\/marca\/innovacion\/concept-cars\/peugeot-inception-concept.html\" target=\"_blank\" rel=\"noopener\">PEUGEOT INCEPTION CONCEPT<\/a>, presentado por primera vez en Asia, es una expresi\u00f3n realista de la visi\u00f3n optimista del futuro. Con su nuevo lenguaje de dise\u00f1o formal, interior revolucionario y promesa de nuevas sensaciones al volante, este concept-car encarna la visi\u00f3n de la marca para sus futuros veh\u00edculos el\u00e9ctricos.<\/p>\n<blockquote>\n<p style=\"text-align: center;\">Linda Jackson, Directora General de la marca PEUGEOT, afirm\u00f3 que \u201cel PEUGEOT 408X y el PEUGEOT INCEPTION CONCEPT demuestran a la perfecci\u00f3n la capacidad de innovaci\u00f3n de PEUGEOT e ilustran brillantemente los tres valores de la marca: Allure, \u00c9motion, Excellence (atractivo, emoci\u00f3n y excelencia)\u201d.<\/p>\n<\/blockquote>\n<p><img fetchpriority=\"high\" decoding=\"async\" class=\"aligncenter wp-image-1872 size-full\" src=\"https:\/\/autofans.com.ar\/wp-content\/uploads\/2023\/04\/foto-4-28.jpg\" alt=\"peugeot\" width=\"1000\" height=\"667\" srcset=\"https:\/\/autofans.com.ar\/wp-content\/uploads\/2023\/04\/foto-4-28.jpg 1000w, https:\/\/autofans.com.ar\/wp-content\/uploads\/2023\/04\/foto-4-28-300x200.jpg 300w, https:\/\/autofans.com.ar\/wp-content\/uploads\/2023\/04\/foto-4-28-768x512.jpg 768w\" sizes=\"(max-width: 1000px) 100vw, 1000px\" \/><\/p>\n<p>El <a href=\"https:\/\/www.peugeot.es\/gama\/nuevo-408.html\" target=\"_blank\" rel=\"noopener\">PEUGEOT 408X<\/a> ya est\u00e1 disponible en China desde enero y est\u00e1 despertando la curiosidad y el inter\u00e9s de muchos clientes. Con esta presentaci\u00f3n en el Sal\u00f3n Internacional del Autom\u00f3vil de Shangh\u00e1i, la marca espera seguir expandiendo su presencia en el mercado asi\u00e1tico.<\/p>\n<p>&nbsp;<\/p>\n<p><i>Para enterarte de m\u00e1s novedades, no dejes de leer\u00a0<\/i><a href=\"https:\/\/autofans.thebrandsoup.com\/\"><i>nuestras notas<\/i><\/a><i>, de ver<\/i><b><i>\u00a0<\/i><\/b><a href=\"https:\/\/www.youtube.com\/channel\/UCgAC8UGHZYbT6P7PpmVnP7g\"><b><i>AUTOFANS TV<\/i><\/b><\/a><b><i>\u00a0<\/i><\/b><i>en nuestro\u00a0canal de Youtube. Adem\u00e1s seguinos en\u00a0<\/i><a href=\"https:\/\/www.instagram.com\/autofanstv\/\"><i>INSTAGRAM<\/i><\/a><i> y <\/i><a href=\"https:\/\/www.facebook.com\/autofansmas\/\"><i>FACEBOOK<\/i><\/a><i> para no perderte nada sobre las novedades del segmento automotor de Argentina y el mundo. <\/i><\/p>\n","protected":false},"excerpt":{"rendered":"<p>PEUGEOT presenta su nueva gama de veh\u00edculos en el Sal\u00f3n Internacional del Autom\u00f3vil de Shangh\u00e1i,&#8230;<\/p>\n","protected":false},"author":2,"featured_media":1874,"comment_status":"closed","ping_status":"closed","sticky":false,"template":"","format":"standard","meta":{"footnotes":""},"categories":[8,371,1],"tags":[851,413,850,853,852,849,359],"class_list":["post-1871","post","type-post","status-publish","format-standard","has-post-thumbnail","hentry","category-autos-y-suv","category-hibridos-electricos-y","category-lanzamientos","tag-experiencia-de-conduccion","tag-i-cockpit","tag-motores-hibridos","tag-peugeot-408x","tag-peugeot-inception-concept","tag-tecnologias-avanzadas","tag-vehiculos-electricos"],"yoast_head":"<!-- This site is optimized with the Yoast SEO plugin v27.5 - https:\/\/yoast.com\/product\/yoast-seo-wordpress\/ -->\n<title>PEUGEOT presenta el 408X y el CONCEPT PEUGEOT INCEPTION en el sal\u00f3n de Shangh\u00e1i -<\/title>\n<meta name=\"description\" content=\"PEUGEOT presenta su nueva gama de veh\u00edculos en el Sal\u00f3n Internacional del Autom\u00f3vil de Shangh\u00e1i, incluyendo el nuevo modelo chino, el 408X...\" \/>\n<meta name=\"robots\" content=\"index, follow, max-snippet:-1, max-image-preview:large, max-video-preview:-1\" \/>\n<link rel=\"canonical\" href=\"https:\/\/autofans.com.ar\/index.php\/2023\/04\/24\/peugeot-presenta-el-408x-y-el-concept-peugeot-inception-en-el-salon-de-shanghai\/\" \/>\n<meta property=\"og:locale\" content=\"es_ES\" \/>\n<meta property=\"og:type\" content=\"article\" \/>\n<meta property=\"og:title\" content=\"PEUGEOT presenta el 408X y el CONCEPT PEUGEOT INCEPTION en el sal\u00f3n de Shangh\u00e1i -\" \/>\n<meta property=\"og:description\" content=\"PEUGEOT presenta su nueva gama de veh\u00edculos en el Sal\u00f3n Internacional del Autom\u00f3vil de Shangh\u00e1i, incluyendo el nuevo modelo chino, el 408X...\" \/>\n<meta property=\"og:url\" content=\"https:\/\/autofans.com.ar\/index.php\/2023\/04\/24\/peugeot-presenta-el-408x-y-el-concept-peugeot-inception-en-el-salon-de-shanghai\/\" \/>\n<meta property=\"article:published_time\" content=\"2023-04-24T21:47:39+00:00\" \/>\n<meta property=\"og:image\" content=\"https:\/\/autofans.com.ar\/wp-content\/uploads\/2023\/04\/foto-2-38.jpg\" \/>\n\t<meta property=\"og:image:width\" content=\"1000\" \/>\n\t<meta property=\"og:image:height\" content=\"667\" \/>\n\t<meta property=\"og:image:type\" content=\"image\/jpeg\" \/>\n<meta name=\"author\" content=\"Alejandro Gabriel Rosito\" \/>\n<meta name=\"twitter:card\" content=\"summary_large_image\" \/>\n<meta name=\"twitter:label1\" content=\"Escrito por\" \/>\n\t<meta name=\"twitter:data1\" content=\"Alejandro Gabriel Rosito\" \/>\n\t<meta name=\"twitter:label2\" content=\"Tiempo de lectura\" \/>\n\t<meta name=\"twitter:data2\" content=\"2 minutos\" \/>\n<script type=\"application\/ld+json\" class=\"yoast-schema-graph\">{\"@context\":\"https:\\\/\\\/schema.org\",\"@graph\":[{\"@type\":\"Article\",\"@id\":\"https:\\\/\\\/autofans.com.ar\\\/index.php\\\/2023\\\/04\\\/24\\\/peugeot-presenta-el-408x-y-el-concept-peugeot-inception-en-el-salon-de-shanghai\\\/#article\",\"isPartOf\":{\"@id\":\"https:\\\/\\\/autofans.com.ar\\\/index.php\\\/2023\\\/04\\\/24\\\/peugeot-presenta-el-408x-y-el-concept-peugeot-inception-en-el-salon-de-shanghai\\\/\"},\"author\":{\"name\":\"Alejandro Gabriel Rosito\",\"@id\":\"https:\\\/\\\/autofans.com.ar\\\/#\\\/schema\\\/person\\\/4a8dda0b6df83ac3d6723e921274c2aa\"},\"headline\":\"PEUGEOT presenta el 408X y el CONCEPT PEUGEOT INCEPTION en el sal\u00f3n de Shangh\u00e1i\",\"datePublished\":\"2023-04-24T21:47:39+00:00\",\"mainEntityOfPage\":{\"@id\":\"https:\\\/\\\/autofans.com.ar\\\/index.php\\\/2023\\\/04\\\/24\\\/peugeot-presenta-el-408x-y-el-concept-peugeot-inception-en-el-salon-de-shanghai\\\/\"},\"wordCount\":404,\"image\":{\"@id\":\"https:\\\/\\\/autofans.com.ar\\\/index.php\\\/2023\\\/04\\\/24\\\/peugeot-presenta-el-408x-y-el-concept-peugeot-inception-en-el-salon-de-shanghai\\\/#primaryimage\"},\"thumbnailUrl\":\"https:\\\/\\\/autofans.com.ar\\\/wp-content\\\/uploads\\\/2023\\\/04\\\/foto-2-38.jpg\",\"keywords\":[\"experiencia de conducci\u00f3n\",\"i-Cockpit\u00ae\",\"motores h\u00edbridos\",\"PEUGEOT 408X\",\"PEUGEOT INCEPTION CONCEPT\",\"tecnolog\u00edas avanzadas\",\"veh\u00edculos el\u00e9ctricos\"],\"articleSection\":[\"Autos y SUV\",\"H\u00edbridos, El\u00e9ctricos y +\",\"LANZAMIENTOS\"],\"inLanguage\":\"es\"},{\"@type\":\"WebPage\",\"@id\":\"https:\\\/\\\/autofans.com.ar\\\/index.php\\\/2023\\\/04\\\/24\\\/peugeot-presenta-el-408x-y-el-concept-peugeot-inception-en-el-salon-de-shanghai\\\/\",\"url\":\"https:\\\/\\\/autofans.com.ar\\\/index.php\\\/2023\\\/04\\\/24\\\/peugeot-presenta-el-408x-y-el-concept-peugeot-inception-en-el-salon-de-shanghai\\\/\",\"name\":\"PEUGEOT presenta el 408X y el CONCEPT PEUGEOT INCEPTION en el sal\u00f3n de Shangh\u00e1i -\",\"isPartOf\":{\"@id\":\"https:\\\/\\\/autofans.com.ar\\\/#website\"},\"primaryImageOfPage\":{\"@id\":\"https:\\\/\\\/autofans.com.ar\\\/index.php\\\/2023\\\/04\\\/24\\\/peugeot-presenta-el-408x-y-el-concept-peugeot-inception-en-el-salon-de-shanghai\\\/#primaryimage\"},\"image\":{\"@id\":\"https:\\\/\\\/autofans.com.ar\\\/index.php\\\/2023\\\/04\\\/24\\\/peugeot-presenta-el-408x-y-el-concept-peugeot-inception-en-el-salon-de-shanghai\\\/#primaryimage\"},\"thumbnailUrl\":\"https:\\\/\\\/autofans.com.ar\\\/wp-content\\\/uploads\\\/2023\\\/04\\\/foto-2-38.jpg\",\"datePublished\":\"2023-04-24T21:47:39+00:00\",\"author\":{\"@id\":\"https:\\\/\\\/autofans.com.ar\\\/#\\\/schema\\\/person\\\/4a8dda0b6df83ac3d6723e921274c2aa\"},\"description\":\"PEUGEOT presenta su nueva gama de veh\u00edculos en el Sal\u00f3n Internacional del Autom\u00f3vil de Shangh\u00e1i, incluyendo el nuevo modelo chino, el 408X...\",\"breadcrumb\":{\"@id\":\"https:\\\/\\\/autofans.com.ar\\\/index.php\\\/2023\\\/04\\\/24\\\/peugeot-presenta-el-408x-y-el-concept-peugeot-inception-en-el-salon-de-shanghai\\\/#breadcrumb\"},\"inLanguage\":\"es\",\"potentialAction\":[{\"@type\":\"ReadAction\",\"target\":[\"https:\\\/\\\/autofans.com.ar\\\/index.php\\\/2023\\\/04\\\/24\\\/peugeot-presenta-el-408x-y-el-concept-peugeot-inception-en-el-salon-de-shanghai\\\/\"]}]},{\"@type\":\"ImageObject\",\"inLanguage\":\"es\",\"@id\":\"https:\\\/\\\/autofans.com.ar\\\/index.php\\\/2023\\\/04\\\/24\\\/peugeot-presenta-el-408x-y-el-concept-peugeot-inception-en-el-salon-de-shanghai\\\/#primaryimage\",\"url\":\"https:\\\/\\\/autofans.com.ar\\\/wp-content\\\/uploads\\\/2023\\\/04\\\/foto-2-38.jpg\",\"contentUrl\":\"https:\\\/\\\/autofans.com.ar\\\/wp-content\\\/uploads\\\/2023\\\/04\\\/foto-2-38.jpg\",\"width\":1000,\"height\":667,\"caption\":\"peugeot\"},{\"@type\":\"BreadcrumbList\",\"@id\":\"https:\\\/\\\/autofans.com.ar\\\/index.php\\\/2023\\\/04\\\/24\\\/peugeot-presenta-el-408x-y-el-concept-peugeot-inception-en-el-salon-de-shanghai\\\/#breadcrumb\",\"itemListElement\":[{\"@type\":\"ListItem\",\"position\":1,\"name\":\"Inicio\",\"item\":\"https:\\\/\\\/autofans.com.ar\\\/\"},{\"@type\":\"ListItem\",\"position\":2,\"name\":\"PEUGEOT presenta el 408X y el CONCEPT PEUGEOT INCEPTION en el sal\u00f3n de Shangh\u00e1i\"}]},{\"@type\":\"WebSite\",\"@id\":\"https:\\\/\\\/autofans.com.ar\\\/#website\",\"url\":\"https:\\\/\\\/autofans.com.ar\\\/\",\"name\":\"\",\"description\":\"El multimedio referente de la industria automotriz\",\"potentialAction\":[{\"@type\":\"SearchAction\",\"target\":{\"@type\":\"EntryPoint\",\"urlTemplate\":\"https:\\\/\\\/autofans.com.ar\\\/?s={search_term_string}\"},\"query-input\":{\"@type\":\"PropertyValueSpecification\",\"valueRequired\":true,\"valueName\":\"search_term_string\"}}],\"inLanguage\":\"es\"},{\"@type\":\"Person\",\"@id\":\"https:\\\/\\\/autofans.com.ar\\\/#\\\/schema\\\/person\\\/4a8dda0b6df83ac3d6723e921274c2aa\",\"name\":\"Alejandro Gabriel Rosito\",\"image\":{\"@type\":\"ImageObject\",\"inLanguage\":\"es\",\"@id\":\"https:\\\/\\\/secure.gravatar.com\\\/avatar\\\/16c5dda1489adfc62618084dcbb91cffd879c374b13fe5dd8e44ed6733852c88?s=96&d=mm&r=g\",\"url\":\"https:\\\/\\\/secure.gravatar.com\\\/avatar\\\/16c5dda1489adfc62618084dcbb91cffd879c374b13fe5dd8e44ed6733852c88?s=96&d=mm&r=g\",\"contentUrl\":\"https:\\\/\\\/secure.gravatar.com\\\/avatar\\\/16c5dda1489adfc62618084dcbb91cffd879c374b13fe5dd8e44ed6733852c88?s=96&d=mm&r=g\",\"caption\":\"Alejandro Gabriel Rosito\"},\"url\":\"https:\\\/\\\/autofans.com.ar\\\/index.php\\\/author\\\/gabrielr\\\/\"}]}<\/script>\n<!-- \/ Yoast SEO plugin. -->","yoast_head_json":{"title":"PEUGEOT presenta el 408X y el CONCEPT PEUGEOT INCEPTION en el sal\u00f3n de Shangh\u00e1i -","description":"PEUGEOT presenta su nueva gama de veh\u00edculos en el Sal\u00f3n Internacional del Autom\u00f3vil de Shangh\u00e1i, incluyendo el nuevo modelo chino, el 408X...","robots":{"index":"index","follow":"follow","max-snippet":"max-snippet:-1","max-image-preview":"max-image-preview:large","max-video-preview":"max-video-preview:-1"},"canonical":"https:\/\/autofans.com.ar\/index.php\/2023\/04\/24\/peugeot-presenta-el-408x-y-el-concept-peugeot-inception-en-el-salon-de-shanghai\/","og_locale":"es_ES","og_type":"article","og_title":"PEUGEOT presenta el 408X y el CONCEPT PEUGEOT INCEPTION en el sal\u00f3n de Shangh\u00e1i -","og_description":"PEUGEOT presenta su nueva gama de veh\u00edculos en el Sal\u00f3n Internacional del Autom\u00f3vil de Shangh\u00e1i, incluyendo el nuevo modelo chino, el 408X...","og_url":"https:\/\/autofans.com.ar\/index.php\/2023\/04\/24\/peugeot-presenta-el-408x-y-el-concept-peugeot-inception-en-el-salon-de-shanghai\/","article_published_time":"2023-04-24T21:47:39+00:00","og_image":[{"width":1000,"height":667,"url":"https:\/\/autofans.com.ar\/wp-content\/uploads\/2023\/04\/foto-2-38.jpg","type":"image\/jpeg"}],"author":"Alejandro Gabriel Rosito","twitter_card":"summary_large_image","twitter_misc":{"Escrito por":"Alejandro Gabriel Rosito","Tiempo de lectura":"2 minutos"},"schema":{"@context":"https:\/\/schema.org","@graph":[{"@type":"Article","@id":"https:\/\/autofans.com.ar\/index.php\/2023\/04\/24\/peugeot-presenta-el-408x-y-el-concept-peugeot-inception-en-el-salon-de-shanghai\/#article","isPartOf":{"@id":"https:\/\/autofans.com.ar\/index.php\/2023\/04\/24\/peugeot-presenta-el-408x-y-el-concept-peugeot-inception-en-el-salon-de-shanghai\/"},"author":{"name":"Alejandro Gabriel Rosito","@id":"https:\/\/autofans.com.ar\/#\/schema\/person\/4a8dda0b6df83ac3d6723e921274c2aa"},"headline":"PEUGEOT presenta el 408X y el CONCEPT PEUGEOT INCEPTION en el sal\u00f3n de Shangh\u00e1i","datePublished":"2023-04-24T21:47:39+00:00","mainEntityOfPage":{"@id":"https:\/\/autofans.com.ar\/index.php\/2023\/04\/24\/peugeot-presenta-el-408x-y-el-concept-peugeot-inception-en-el-salon-de-shanghai\/"},"wordCount":404,"image":{"@id":"https:\/\/autofans.com.ar\/index.php\/2023\/04\/24\/peugeot-presenta-el-408x-y-el-concept-peugeot-inception-en-el-salon-de-shanghai\/#primaryimage"},"thumbnailUrl":"https:\/\/autofans.com.ar\/wp-content\/uploads\/2023\/04\/foto-2-38.jpg","keywords":["experiencia de conducci\u00f3n","i-Cockpit\u00ae","motores h\u00edbridos","PEUGEOT 408X","PEUGEOT INCEPTION CONCEPT","tecnolog\u00edas avanzadas","veh\u00edculos el\u00e9ctricos"],"articleSection":["Autos y SUV","H\u00edbridos, El\u00e9ctricos y +","LANZAMIENTOS"],"inLanguage":"es"},{"@type":"WebPage","@id":"https:\/\/autofans.com.ar\/index.php\/2023\/04\/24\/peugeot-presenta-el-408x-y-el-concept-peugeot-inception-en-el-salon-de-shanghai\/","url":"https:\/\/autofans.com.ar\/index.php\/2023\/04\/24\/peugeot-presenta-el-408x-y-el-concept-peugeot-inception-en-el-salon-de-shanghai\/","name":"PEUGEOT presenta el 408X y el CONCEPT PEUGEOT INCEPTION en el sal\u00f3n de Shangh\u00e1i -","isPartOf":{"@id":"https:\/\/autofans.com.ar\/#website"},"primaryImageOfPage":{"@id":"https:\/\/autofans.com.ar\/index.php\/2023\/04\/24\/peugeot-presenta-el-408x-y-el-concept-peugeot-inception-en-el-salon-de-shanghai\/#primaryimage"},"image":{"@id":"https:\/\/autofans.com.ar\/index.php\/2023\/04\/24\/peugeot-presenta-el-408x-y-el-concept-peugeot-inception-en-el-salon-de-shanghai\/#primaryimage"},"thumbnailUrl":"https:\/\/autofans.com.ar\/wp-content\/uploads\/2023\/04\/foto-2-38.jpg","datePublished":"2023-04-24T21:47:39+00:00","author":{"@id":"https:\/\/autofans.com.ar\/#\/schema\/person\/4a8dda0b6df83ac3d6723e921274c2aa"},"description":"PEUGEOT presenta su nueva gama de veh\u00edculos en el Sal\u00f3n Internacional del Autom\u00f3vil de Shangh\u00e1i, incluyendo el nuevo modelo chino, el 408X...","breadcrumb":{"@id":"https:\/\/autofans.com.ar\/index.php\/2023\/04\/24\/peugeot-presenta-el-408x-y-el-concept-peugeot-inception-en-el-salon-de-shanghai\/#breadcrumb"},"inLanguage":"es","potentialAction":[{"@type":"ReadAction","target":["https:\/\/autofans.com.ar\/index.php\/2023\/04\/24\/peugeot-presenta-el-408x-y-el-concept-peugeot-inception-en-el-salon-de-shanghai\/"]}]},{"@type":"ImageObject","inLanguage":"es","@id":"https:\/\/autofans.com.ar\/index.php\/2023\/04\/24\/peugeot-presenta-el-408x-y-el-concept-peugeot-inception-en-el-salon-de-shanghai\/#primaryimage","url":"https:\/\/autofans.com.ar\/wp-content\/uploads\/2023\/04\/foto-2-38.jpg","contentUrl":"https:\/\/autofans.com.ar\/wp-content\/uploads\/2023\/04\/foto-2-38.jpg","width":1000,"height":667,"caption":"peugeot"},{"@type":"BreadcrumbList","@id":"https:\/\/autofans.com.ar\/index.php\/2023\/04\/24\/peugeot-presenta-el-408x-y-el-concept-peugeot-inception-en-el-salon-de-shanghai\/#breadcrumb","itemListElement":[{"@type":"ListItem","position":1,"name":"Inicio","item":"https:\/\/autofans.com.ar\/"},{"@type":"ListItem","position":2,"name":"PEUGEOT presenta el 408X y el CONCEPT PEUGEOT INCEPTION en el sal\u00f3n de Shangh\u00e1i"}]},{"@type":"WebSite","@id":"https:\/\/autofans.com.ar\/#website","url":"https:\/\/autofans.com.ar\/","name":"","description":"El multimedio referente de la industria automotriz","potentialAction":[{"@type":"SearchAction","target":{"@type":"EntryPoint","urlTemplate":"https:\/\/autofans.com.ar\/?s={search_term_string}"},"query-input":{"@type":"PropertyValueSpecification","valueRequired":true,"valueName":"search_term_string"}}],"inLanguage":"es"},{"@type":"Person","@id":"https:\/\/autofans.com.ar\/#\/schema\/person\/4a8dda0b6df83ac3d6723e921274c2aa","name":"Alejandro Gabriel Rosito","image":{"@type":"ImageObject","inLanguage":"es","@id":"https:\/\/secure.gravatar.com\/avatar\/16c5dda1489adfc62618084dcbb91cffd879c374b13fe5dd8e44ed6733852c88?s=96&d=mm&r=g","url":"https:\/\/secure.gravatar.com\/avatar\/16c5dda1489adfc62618084dcbb91cffd879c374b13fe5dd8e44ed6733852c88?s=96&d=mm&r=g","contentUrl":"https:\/\/secure.gravatar.com\/avatar\/16c5dda1489adfc62618084dcbb91cffd879c374b13fe5dd8e44ed6733852c88?s=96&d=mm&r=g","caption":"Alejandro Gabriel Rosito"},"url":"https:\/\/autofans.com.ar\/index.php\/author\/gabrielr\/"}]}},"featured_image_urls":{"full":["https:\/\/autofans.com.ar\/wp-content\/uploads\/2023\/04\/foto-2-38.jpg",1000,667,false],"thumbnail":["https:\/\/autofans.com.ar\/wp-content\/uploads\/2023\/04\/foto-2-38-150x150.jpg",150,150,true],"medium":["https:\/\/autofans.com.ar\/wp-content\/uploads\/2023\/04\/foto-2-38-300x200.jpg",300,200,true],"medium_large":["https:\/\/autofans.com.ar\/wp-content\/uploads\/2023\/04\/foto-2-38-768x512.jpg",640,427,true],"large":["https:\/\/autofans.com.ar\/wp-content\/uploads\/2023\/04\/foto-2-38.jpg",640,427,false],"1536x1536":["https:\/\/autofans.com.ar\/wp-content\/uploads\/2023\/04\/foto-2-38.jpg",1000,667,false],"2048x2048":["https:\/\/autofans.com.ar\/wp-content\/uploads\/2023\/04\/foto-2-38.jpg",1000,667,false],"covernews-featured":["https:\/\/autofans.com.ar\/wp-content\/uploads\/2023\/04\/foto-2-38.jpg",1000,667,false],"covernews-medium":["https:\/\/autofans.com.ar\/wp-content\/uploads\/2023\/04\/foto-2-38-540x340.jpg",540,340,true]},"author_info":{"display_name":"Alejandro Gabriel Rosito","author_link":"https:\/\/autofans.com.ar\/index.php\/author\/gabrielr\/"},"category_info":"<a href=\"https:\/\/autofans.com.ar\/index.php\/category\/lanzamientos\/autos-y-suv\/\" rel=\"category tag\">Autos y SUV<\/a> <a href=\"https:\/\/autofans.com.ar\/index.php\/category\/lanzamientos\/hibridos-electricos-y\/\" rel=\"category tag\">H\u00edbridos, El\u00e9ctricos y +<\/a> <a href=\"https:\/\/autofans.com.ar\/index.php\/category\/lanzamientos\/\" rel=\"category tag\">LANZAMIENTOS<\/a>","tag_info":"LANZAMIENTOS","comment_count":0,"_links":{"self":[{"href":"https:\/\/autofans.com.ar\/index.php\/wp-json\/wp\/v2\/posts\/1871","targetHints":{"allow":["GET"]}}],"collection":[{"href":"https:\/\/autofans.com.ar\/index.php\/wp-json\/wp\/v2\/posts"}],"about":[{"href":"https:\/\/autofans.com.ar\/index.php\/wp-json\/wp\/v2\/types\/post"}],"author":[{"embeddable":true,"href":"https:\/\/autofans.com.ar\/index.php\/wp-json\/wp\/v2\/users\/2"}],"replies":[{"embeddable":true,"href":"https:\/\/autofans.com.ar\/index.php\/wp-json\/wp\/v2\/comments?post=1871"}],"version-history":[{"count":11,"href":"https:\/\/autofans.com.ar\/index.php\/wp-json\/wp\/v2\/posts\/1871\/revisions"}],"predecessor-version":[{"id":1901,"href":"https:\/\/autofans.com.ar\/index.php\/wp-json\/wp\/v2\/posts\/1871\/revisions\/1901"}],"wp:featuredmedia":[{"embeddable":true,"href":"https:\/\/autofans.com.ar\/index.php\/wp-json\/wp\/v2\/media\/1874"}],"wp:attachment":[{"href":"https:\/\/autofans.com.ar\/index.php\/wp-json\/wp\/v2\/media?parent=1871"}],"wp:term":[{"taxonomy":"category","embeddable":true,"href":"https:\/\/autofans.com.ar\/index.php\/wp-json\/wp\/v2\/categories?post=1871"},{"taxonomy":"post_tag","embeddable":true,"href":"https:\/\/autofans.com.ar\/index.php\/wp-json\/wp\/v2\/tags?post=1871"}],"curies":[{"name":"wp","href":"https:\/\/api.w.org\/{rel}","templated":true}]}}