{"id":1922,"date":"2023-04-25T20:33:14","date_gmt":"2023-04-25T23:33:14","guid":{"rendered":"https:\/\/autofans.com.ar\/?p=1922"},"modified":"2023-04-25T20:33:14","modified_gmt":"2023-04-25T23:33:14","slug":"mercedes-benz-simone-apuesta-verde-con-paneles-solares","status":"publish","type":"post","link":"https:\/\/autofans.com.ar\/index.php\/2023\/04\/25\/mercedes-benz-simone-apuesta-verde-con-paneles-solares\/","title":{"rendered":"Mercedes-Benz Simone, apuesta verde con paneles solares"},"content":{"rendered":"<p>Simone, el concesionario oficial de <a href=\"https:\/\/www.mercedes-benz-trucks.com\/es_AR\/home.html?csref=mc-sem_ci-Google&amp;gclid=CjwKCAjw9J2iBhBPEiwAErwpeeUPUebbcjo6yHm5Lfc5fim_WB4sjImTvsnba-MBtWn7IZrM0u3Y2hoCipoQAvD_BwE\" target=\"_blank\" rel=\"noopener\">Mercedes-Benz Camiones y Buses<\/a>, ha implementado un sistema de energ\u00eda solar en su Casa Central ubicada en La Plata y en su nueva sucursal en Mar del Plata, como parte de su compromiso con la sustentabilidad y la responsabilidad social empresaria. Con tecnolog\u00eda PERC de \u00faltima generaci\u00f3n y un inversor eficiente, estos paneles solares permiten un ahorro de m\u00e1s del 40% del consumo el\u00e9ctrico de la red en menos de dos meses de operaci\u00f3n. Descubre c\u00f3mo Simone se suma a las compa\u00f1\u00edas certificadas con la norma ISO-IRAM14001 y promueve un futuro sustentable.<\/p>\n<blockquote>\n<p style=\"text-align: center;\">\u00abEl camino que estamos transitando en Simone nace desde la convicci\u00f3n de que podemos construir un futuro sustentable para el planeta y para las generaciones que vendr\u00e1n. Como miembros de la sociedad, es muy importante que hagamos lo que est\u00e9 a nuestro alcance para llevar a cabo nuestro negocio preservando los recursos naturales\u00bb, comenta Juan Ignacio Simone, Director General de Simone.<\/p>\n<\/blockquote>\n<p><img fetchpriority=\"high\" decoding=\"async\" class=\"aligncenter wp-image-1923 size-full\" src=\"https:\/\/autofans.com.ar\/wp-content\/uploads\/2023\/04\/foto-2-42.jpg\" alt=\"mercedes\" width=\"1000\" height=\"667\" srcset=\"https:\/\/autofans.com.ar\/wp-content\/uploads\/2023\/04\/foto-2-42.jpg 1000w, https:\/\/autofans.com.ar\/wp-content\/uploads\/2023\/04\/foto-2-42-300x200.jpg 300w, https:\/\/autofans.com.ar\/wp-content\/uploads\/2023\/04\/foto-2-42-768x512.jpg 768w\" sizes=\"(max-width: 1000px) 100vw, 1000px\" \/><\/p>\n<h3><\/h3>\n<h3>UNA INICIATIVA LIMPIA<\/h3>\n<p>Simone se suma a las compa\u00f1\u00edas certificadas con la norma ISO-IRAM14001, que establece que la empresa es responsable del impacto ambiental de su actividad productiva. Aunque no existe una obligaci\u00f3n legal, Simone ha decidido adherirse a esta norma como parte de su compromiso con el cuidado del medio ambiente. Adem\u00e1s del ahorro energ\u00e9tico y la reducci\u00f3n de emisiones de CO2, estos sistemas de energ\u00eda solar tambi\u00e9n ofrecen otros beneficios como la continuidad de suministro el\u00e9ctrico frente a cortes de la distribuidora, la mejora en la calidad de energ\u00eda y la estabilidad de la red.<\/p>\n<blockquote>\n<p style=\"text-align: center;\">\u00abEsta acci\u00f3n se alinea con nuestra visi\u00f3n de negocio sustentable, ya que el sistema de provisi\u00f3n de energ\u00eda solar instalado por Simone es un importante ejemplo de compromiso con el cuidado ambiental que promovemos en todos nuestros procesos productivos, y sin duda es un buen ejemplo de iniciativa de responsabilidad social empresaria que nos enorgullece\u00bb, comenta Fernando Rivero, Director de Desarrollo de Red Comercial de Venta y Postventa.<\/p>\n<\/blockquote>\n<p>Simone, con su Casa Central en La Plata y una sucursal en Mar del Plata, es un concesionario oficial de Mercedes-Benz Camiones y Buses que cuenta con una red comercial de 45 puntos de atenci\u00f3n, venta y postventa en todo el pa\u00eds. La implementaci\u00f3n de sistemas de energ\u00eda solar en sus instalaciones es parte de su estrategia sustentable y su compromiso con el cuidado del medio ambiente.<\/p>\n<p>&nbsp;<\/p>\n<p><i>Para enterarte de m\u00e1s novedades, no dejes de leer\u00a0<\/i><a href=\"https:\/\/autofans.thebrandsoup.com\/\"><i>nuestras notas<\/i><\/a><i>, de ver<\/i><b><i>\u00a0<\/i><\/b><a href=\"https:\/\/www.youtube.com\/channel\/UCgAC8UGHZYbT6P7PpmVnP7g\"><b><i>AUTOFANS TV<\/i><\/b><\/a><b><i>\u00a0<\/i><\/b><i>en nuestro\u00a0canal de Youtube. Adem\u00e1s seguinos en\u00a0<\/i><a href=\"https:\/\/www.instagram.com\/autofanstv\/\"><i>INSTAGRAM<\/i><\/a><i> y <\/i><a href=\"https:\/\/www.facebook.com\/autofansmas\/\"><i>FACEBOOK<\/i><\/a><i> para no perderte nada sobre las novedades del segmento automotor de Argentina y el mundo. <\/i><\/p>\n","protected":false},"excerpt":{"rendered":"<p>Simone, el concesionario oficial de Mercedes-Benz Camiones y Buses, ha implementado un sistema de energ\u00eda&#8230;<\/p>\n","protected":false},"author":2,"featured_media":1924,"comment_status":"closed","ping_status":"closed","sticky":false,"template":"","format":"standard","meta":{"footnotes":""},"categories":[292,16],"tags":[356,872,873,357,869,871,876,874,870,513,875],"class_list":["post-1922","post","type-post","status-publish","format-standard","has-post-thumbnail","hentry","category-empresas","category-noticias","tag-eficiencia-energetica","tag-energia-solar","tag-iso-iram14001","tag-medio-ambiente","tag-mercedes-benz-camiones-y-buses","tag-paneles-solares","tag-reduccion-de-emisiones","tag-responsabilidad-social-empresaria","tag-simone","tag-sustentabilidad","tag-vehiculos-pesados"],"yoast_head":"<!-- This site is optimized with the Yoast SEO plugin v27.5 - https:\/\/yoast.com\/product\/yoast-seo-wordpress\/ -->\n<title>Mercedes-Benz Simone, apuesta verde con paneles solares -<\/title>\n<meta name=\"description\" content=\"Simone, el concesionario oficial de Mercedes-Benz Camiones y Buses, ha implementado un sistema de energ\u00eda solar en su Casa Central...\" \/>\n<meta name=\"robots\" content=\"index, follow, max-snippet:-1, max-image-preview:large, max-video-preview:-1\" \/>\n<link rel=\"canonical\" href=\"https:\/\/autofans.com.ar\/index.php\/2023\/04\/25\/mercedes-benz-simone-apuesta-verde-con-paneles-solares\/\" \/>\n<meta property=\"og:locale\" content=\"es_ES\" \/>\n<meta property=\"og:type\" content=\"article\" \/>\n<meta property=\"og:title\" content=\"Mercedes-Benz Simone, apuesta verde con paneles solares -\" \/>\n<meta property=\"og:description\" content=\"Simone, el concesionario oficial de Mercedes-Benz Camiones y Buses, ha implementado un sistema de energ\u00eda solar en su Casa Central...\" \/>\n<meta property=\"og:url\" content=\"https:\/\/autofans.com.ar\/index.php\/2023\/04\/25\/mercedes-benz-simone-apuesta-verde-con-paneles-solares\/\" \/>\n<meta property=\"article:published_time\" content=\"2023-04-25T23:33:14+00:00\" \/>\n<meta property=\"og:image\" content=\"https:\/\/autofans.com.ar\/wp-content\/uploads\/2023\/04\/foto-1-44.jpg\" \/>\n\t<meta property=\"og:image:width\" content=\"1000\" \/>\n\t<meta property=\"og:image:height\" content=\"667\" \/>\n\t<meta property=\"og:image:type\" content=\"image\/jpeg\" \/>\n<meta name=\"author\" content=\"Alejandro Gabriel Rosito\" \/>\n<meta name=\"twitter:card\" content=\"summary_large_image\" \/>\n<meta name=\"twitter:label1\" content=\"Escrito por\" \/>\n\t<meta name=\"twitter:data1\" content=\"Alejandro Gabriel Rosito\" \/>\n\t<meta name=\"twitter:label2\" content=\"Tiempo de lectura\" \/>\n\t<meta name=\"twitter:data2\" content=\"3 minutos\" \/>\n<script type=\"application\/ld+json\" class=\"yoast-schema-graph\">{\"@context\":\"https:\\\/\\\/schema.org\",\"@graph\":[{\"@type\":\"Article\",\"@id\":\"https:\\\/\\\/autofans.com.ar\\\/index.php\\\/2023\\\/04\\\/25\\\/mercedes-benz-simone-apuesta-verde-con-paneles-solares\\\/#article\",\"isPartOf\":{\"@id\":\"https:\\\/\\\/autofans.com.ar\\\/index.php\\\/2023\\\/04\\\/25\\\/mercedes-benz-simone-apuesta-verde-con-paneles-solares\\\/\"},\"author\":{\"name\":\"Alejandro Gabriel Rosito\",\"@id\":\"https:\\\/\\\/autofans.com.ar\\\/#\\\/schema\\\/person\\\/4a8dda0b6df83ac3d6723e921274c2aa\"},\"headline\":\"Mercedes-Benz Simone, apuesta verde con paneles solares\",\"datePublished\":\"2023-04-25T23:33:14+00:00\",\"mainEntityOfPage\":{\"@id\":\"https:\\\/\\\/autofans.com.ar\\\/index.php\\\/2023\\\/04\\\/25\\\/mercedes-benz-simone-apuesta-verde-con-paneles-solares\\\/\"},\"wordCount\":466,\"image\":{\"@id\":\"https:\\\/\\\/autofans.com.ar\\\/index.php\\\/2023\\\/04\\\/25\\\/mercedes-benz-simone-apuesta-verde-con-paneles-solares\\\/#primaryimage\"},\"thumbnailUrl\":\"https:\\\/\\\/autofans.com.ar\\\/wp-content\\\/uploads\\\/2023\\\/04\\\/foto-1-44.jpg\",\"keywords\":[\"eficiencia energ\u00e9tica\",\"energ\u00eda solar\",\"ISO-IRAM14001\",\"medio ambiente\",\"Mercedes-Benz Camiones y Buses\",\"paneles solares\",\"reducci\u00f3n de emisiones\",\"responsabilidad social empresaria\",\"Simone\",\"sustentabilidad\",\"veh\u00edculos pesados\"],\"articleSection\":[\"EMPRESAS\",\"NOTICIAS\"],\"inLanguage\":\"es\"},{\"@type\":\"WebPage\",\"@id\":\"https:\\\/\\\/autofans.com.ar\\\/index.php\\\/2023\\\/04\\\/25\\\/mercedes-benz-simone-apuesta-verde-con-paneles-solares\\\/\",\"url\":\"https:\\\/\\\/autofans.com.ar\\\/index.php\\\/2023\\\/04\\\/25\\\/mercedes-benz-simone-apuesta-verde-con-paneles-solares\\\/\",\"name\":\"Mercedes-Benz Simone, apuesta verde con paneles solares -\",\"isPartOf\":{\"@id\":\"https:\\\/\\\/autofans.com.ar\\\/#website\"},\"primaryImageOfPage\":{\"@id\":\"https:\\\/\\\/autofans.com.ar\\\/index.php\\\/2023\\\/04\\\/25\\\/mercedes-benz-simone-apuesta-verde-con-paneles-solares\\\/#primaryimage\"},\"image\":{\"@id\":\"https:\\\/\\\/autofans.com.ar\\\/index.php\\\/2023\\\/04\\\/25\\\/mercedes-benz-simone-apuesta-verde-con-paneles-solares\\\/#primaryimage\"},\"thumbnailUrl\":\"https:\\\/\\\/autofans.com.ar\\\/wp-content\\\/uploads\\\/2023\\\/04\\\/foto-1-44.jpg\",\"datePublished\":\"2023-04-25T23:33:14+00:00\",\"author\":{\"@id\":\"https:\\\/\\\/autofans.com.ar\\\/#\\\/schema\\\/person\\\/4a8dda0b6df83ac3d6723e921274c2aa\"},\"description\":\"Simone, el concesionario oficial de Mercedes-Benz Camiones y Buses, ha implementado un sistema de energ\u00eda solar en su Casa Central...\",\"breadcrumb\":{\"@id\":\"https:\\\/\\\/autofans.com.ar\\\/index.php\\\/2023\\\/04\\\/25\\\/mercedes-benz-simone-apuesta-verde-con-paneles-solares\\\/#breadcrumb\"},\"inLanguage\":\"es\",\"potentialAction\":[{\"@type\":\"ReadAction\",\"target\":[\"https:\\\/\\\/autofans.com.ar\\\/index.php\\\/2023\\\/04\\\/25\\\/mercedes-benz-simone-apuesta-verde-con-paneles-solares\\\/\"]}]},{\"@type\":\"ImageObject\",\"inLanguage\":\"es\",\"@id\":\"https:\\\/\\\/autofans.com.ar\\\/index.php\\\/2023\\\/04\\\/25\\\/mercedes-benz-simone-apuesta-verde-con-paneles-solares\\\/#primaryimage\",\"url\":\"https:\\\/\\\/autofans.com.ar\\\/wp-content\\\/uploads\\\/2023\\\/04\\\/foto-1-44.jpg\",\"contentUrl\":\"https:\\\/\\\/autofans.com.ar\\\/wp-content\\\/uploads\\\/2023\\\/04\\\/foto-1-44.jpg\",\"width\":1000,\"height\":667,\"caption\":\"mercedes\"},{\"@type\":\"BreadcrumbList\",\"@id\":\"https:\\\/\\\/autofans.com.ar\\\/index.php\\\/2023\\\/04\\\/25\\\/mercedes-benz-simone-apuesta-verde-con-paneles-solares\\\/#breadcrumb\",\"itemListElement\":[{\"@type\":\"ListItem\",\"position\":1,\"name\":\"Inicio\",\"item\":\"https:\\\/\\\/autofans.com.ar\\\/\"},{\"@type\":\"ListItem\",\"position\":2,\"name\":\"Mercedes-Benz Simone, apuesta verde con paneles solares\"}]},{\"@type\":\"WebSite\",\"@id\":\"https:\\\/\\\/autofans.com.ar\\\/#website\",\"url\":\"https:\\\/\\\/autofans.com.ar\\\/\",\"name\":\"\",\"description\":\"El multimedio referente de la industria automotriz\",\"potentialAction\":[{\"@type\":\"SearchAction\",\"target\":{\"@type\":\"EntryPoint\",\"urlTemplate\":\"https:\\\/\\\/autofans.com.ar\\\/?s={search_term_string}\"},\"query-input\":{\"@type\":\"PropertyValueSpecification\",\"valueRequired\":true,\"valueName\":\"search_term_string\"}}],\"inLanguage\":\"es\"},{\"@type\":\"Person\",\"@id\":\"https:\\\/\\\/autofans.com.ar\\\/#\\\/schema\\\/person\\\/4a8dda0b6df83ac3d6723e921274c2aa\",\"name\":\"Alejandro Gabriel Rosito\",\"image\":{\"@type\":\"ImageObject\",\"inLanguage\":\"es\",\"@id\":\"https:\\\/\\\/secure.gravatar.com\\\/avatar\\\/16c5dda1489adfc62618084dcbb91cffd879c374b13fe5dd8e44ed6733852c88?s=96&d=mm&r=g\",\"url\":\"https:\\\/\\\/secure.gravatar.com\\\/avatar\\\/16c5dda1489adfc62618084dcbb91cffd879c374b13fe5dd8e44ed6733852c88?s=96&d=mm&r=g\",\"contentUrl\":\"https:\\\/\\\/secure.gravatar.com\\\/avatar\\\/16c5dda1489adfc62618084dcbb91cffd879c374b13fe5dd8e44ed6733852c88?s=96&d=mm&r=g\",\"caption\":\"Alejandro Gabriel Rosito\"},\"url\":\"https:\\\/\\\/autofans.com.ar\\\/index.php\\\/author\\\/gabrielr\\\/\"}]}<\/script>\n<!-- \/ Yoast SEO plugin. -->","yoast_head_json":{"title":"Mercedes-Benz Simone, apuesta verde con paneles solares -","description":"Simone, el concesionario oficial de Mercedes-Benz Camiones y Buses, ha implementado un sistema de energ\u00eda solar en su Casa Central...","robots":{"index":"index","follow":"follow","max-snippet":"max-snippet:-1","max-image-preview":"max-image-preview:large","max-video-preview":"max-video-preview:-1"},"canonical":"https:\/\/autofans.com.ar\/index.php\/2023\/04\/25\/mercedes-benz-simone-apuesta-verde-con-paneles-solares\/","og_locale":"es_ES","og_type":"article","og_title":"Mercedes-Benz Simone, apuesta verde con paneles solares -","og_description":"Simone, el concesionario oficial de Mercedes-Benz Camiones y Buses, ha implementado un sistema de energ\u00eda solar en su Casa Central...","og_url":"https:\/\/autofans.com.ar\/index.php\/2023\/04\/25\/mercedes-benz-simone-apuesta-verde-con-paneles-solares\/","article_published_time":"2023-04-25T23:33:14+00:00","og_image":[{"width":1000,"height":667,"url":"https:\/\/autofans.com.ar\/wp-content\/uploads\/2023\/04\/foto-1-44.jpg","type":"image\/jpeg"}],"author":"Alejandro Gabriel Rosito","twitter_card":"summary_large_image","twitter_misc":{"Escrito por":"Alejandro Gabriel Rosito","Tiempo de lectura":"3 minutos"},"schema":{"@context":"https:\/\/schema.org","@graph":[{"@type":"Article","@id":"https:\/\/autofans.com.ar\/index.php\/2023\/04\/25\/mercedes-benz-simone-apuesta-verde-con-paneles-solares\/#article","isPartOf":{"@id":"https:\/\/autofans.com.ar\/index.php\/2023\/04\/25\/mercedes-benz-simone-apuesta-verde-con-paneles-solares\/"},"author":{"name":"Alejandro Gabriel Rosito","@id":"https:\/\/autofans.com.ar\/#\/schema\/person\/4a8dda0b6df83ac3d6723e921274c2aa"},"headline":"Mercedes-Benz Simone, apuesta verde con paneles solares","datePublished":"2023-04-25T23:33:14+00:00","mainEntityOfPage":{"@id":"https:\/\/autofans.com.ar\/index.php\/2023\/04\/25\/mercedes-benz-simone-apuesta-verde-con-paneles-solares\/"},"wordCount":466,"image":{"@id":"https:\/\/autofans.com.ar\/index.php\/2023\/04\/25\/mercedes-benz-simone-apuesta-verde-con-paneles-solares\/#primaryimage"},"thumbnailUrl":"https:\/\/autofans.com.ar\/wp-content\/uploads\/2023\/04\/foto-1-44.jpg","keywords":["eficiencia energ\u00e9tica","energ\u00eda solar","ISO-IRAM14001","medio ambiente","Mercedes-Benz Camiones y Buses","paneles solares","reducci\u00f3n de emisiones","responsabilidad social empresaria","Simone","sustentabilidad","veh\u00edculos pesados"],"articleSection":["EMPRESAS","NOTICIAS"],"inLanguage":"es"},{"@type":"WebPage","@id":"https:\/\/autofans.com.ar\/index.php\/2023\/04\/25\/mercedes-benz-simone-apuesta-verde-con-paneles-solares\/","url":"https:\/\/autofans.com.ar\/index.php\/2023\/04\/25\/mercedes-benz-simone-apuesta-verde-con-paneles-solares\/","name":"Mercedes-Benz Simone, apuesta verde con paneles solares -","isPartOf":{"@id":"https:\/\/autofans.com.ar\/#website"},"primaryImageOfPage":{"@id":"https:\/\/autofans.com.ar\/index.php\/2023\/04\/25\/mercedes-benz-simone-apuesta-verde-con-paneles-solares\/#primaryimage"},"image":{"@id":"https:\/\/autofans.com.ar\/index.php\/2023\/04\/25\/mercedes-benz-simone-apuesta-verde-con-paneles-solares\/#primaryimage"},"thumbnailUrl":"https:\/\/autofans.com.ar\/wp-content\/uploads\/2023\/04\/foto-1-44.jpg","datePublished":"2023-04-25T23:33:14+00:00","author":{"@id":"https:\/\/autofans.com.ar\/#\/schema\/person\/4a8dda0b6df83ac3d6723e921274c2aa"},"description":"Simone, el concesionario oficial de Mercedes-Benz Camiones y Buses, ha implementado un sistema de energ\u00eda solar en su Casa Central...","breadcrumb":{"@id":"https:\/\/autofans.com.ar\/index.php\/2023\/04\/25\/mercedes-benz-simone-apuesta-verde-con-paneles-solares\/#breadcrumb"},"inLanguage":"es","potentialAction":[{"@type":"ReadAction","target":["https:\/\/autofans.com.ar\/index.php\/2023\/04\/25\/mercedes-benz-simone-apuesta-verde-con-paneles-solares\/"]}]},{"@type":"ImageObject","inLanguage":"es","@id":"https:\/\/autofans.com.ar\/index.php\/2023\/04\/25\/mercedes-benz-simone-apuesta-verde-con-paneles-solares\/#primaryimage","url":"https:\/\/autofans.com.ar\/wp-content\/uploads\/2023\/04\/foto-1-44.jpg","contentUrl":"https:\/\/autofans.com.ar\/wp-content\/uploads\/2023\/04\/foto-1-44.jpg","width":1000,"height":667,"caption":"mercedes"},{"@type":"BreadcrumbList","@id":"https:\/\/autofans.com.ar\/index.php\/2023\/04\/25\/mercedes-benz-simone-apuesta-verde-con-paneles-solares\/#breadcrumb","itemListElement":[{"@type":"ListItem","position":1,"name":"Inicio","item":"https:\/\/autofans.com.ar\/"},{"@type":"ListItem","position":2,"name":"Mercedes-Benz Simone, apuesta verde con paneles solares"}]},{"@type":"WebSite","@id":"https:\/\/autofans.com.ar\/#website","url":"https:\/\/autofans.com.ar\/","name":"","description":"El multimedio referente de la industria automotriz","potentialAction":[{"@type":"SearchAction","target":{"@type":"EntryPoint","urlTemplate":"https:\/\/autofans.com.ar\/?s={search_term_string}"},"query-input":{"@type":"PropertyValueSpecification","valueRequired":true,"valueName":"search_term_string"}}],"inLanguage":"es"},{"@type":"Person","@id":"https:\/\/autofans.com.ar\/#\/schema\/person\/4a8dda0b6df83ac3d6723e921274c2aa","name":"Alejandro Gabriel Rosito","image":{"@type":"ImageObject","inLanguage":"es","@id":"https:\/\/secure.gravatar.com\/avatar\/16c5dda1489adfc62618084dcbb91cffd879c374b13fe5dd8e44ed6733852c88?s=96&d=mm&r=g","url":"https:\/\/secure.gravatar.com\/avatar\/16c5dda1489adfc62618084dcbb91cffd879c374b13fe5dd8e44ed6733852c88?s=96&d=mm&r=g","contentUrl":"https:\/\/secure.gravatar.com\/avatar\/16c5dda1489adfc62618084dcbb91cffd879c374b13fe5dd8e44ed6733852c88?s=96&d=mm&r=g","caption":"Alejandro Gabriel Rosito"},"url":"https:\/\/autofans.com.ar\/index.php\/author\/gabrielr\/"}]}},"featured_image_urls":{"full":["https:\/\/autofans.com.ar\/wp-content\/uploads\/2023\/04\/foto-1-44.jpg",1000,667,false],"thumbnail":["https:\/\/autofans.com.ar\/wp-content\/uploads\/2023\/04\/foto-1-44-150x150.jpg",150,150,true],"medium":["https:\/\/autofans.com.ar\/wp-content\/uploads\/2023\/04\/foto-1-44-300x200.jpg",300,200,true],"medium_large":["https:\/\/autofans.com.ar\/wp-content\/uploads\/2023\/04\/foto-1-44-768x512.jpg",640,427,true],"large":["https:\/\/autofans.com.ar\/wp-content\/uploads\/2023\/04\/foto-1-44.jpg",640,427,false],"1536x1536":["https:\/\/autofans.com.ar\/wp-content\/uploads\/2023\/04\/foto-1-44.jpg",1000,667,false],"2048x2048":["https:\/\/autofans.com.ar\/wp-content\/uploads\/2023\/04\/foto-1-44.jpg",1000,667,false],"covernews-featured":["https:\/\/autofans.com.ar\/wp-content\/uploads\/2023\/04\/foto-1-44.jpg",1000,667,false],"covernews-medium":["https:\/\/autofans.com.ar\/wp-content\/uploads\/2023\/04\/foto-1-44-540x340.jpg",540,340,true]},"author_info":{"display_name":"Alejandro Gabriel Rosito","author_link":"https:\/\/autofans.com.ar\/index.php\/author\/gabrielr\/"},"category_info":"<a href=\"https:\/\/autofans.com.ar\/index.php\/category\/noticias\/empresas\/\" rel=\"category tag\">EMPRESAS<\/a> <a href=\"https:\/\/autofans.com.ar\/index.php\/category\/noticias\/\" rel=\"category tag\">NOTICIAS<\/a>","tag_info":"NOTICIAS","comment_count":0,"_links":{"self":[{"href":"https:\/\/autofans.com.ar\/index.php\/wp-json\/wp\/v2\/posts\/1922","targetHints":{"allow":["GET"]}}],"collection":[{"href":"https:\/\/autofans.com.ar\/index.php\/wp-json\/wp\/v2\/posts"}],"about":[{"href":"https:\/\/autofans.com.ar\/index.php\/wp-json\/wp\/v2\/types\/post"}],"author":[{"embeddable":true,"href":"https:\/\/autofans.com.ar\/index.php\/wp-json\/wp\/v2\/users\/2"}],"replies":[{"embeddable":true,"href":"https:\/\/autofans.com.ar\/index.php\/wp-json\/wp\/v2\/comments?post=1922"}],"version-history":[{"count":3,"href":"https:\/\/autofans.com.ar\/index.php\/wp-json\/wp\/v2\/posts\/1922\/revisions"}],"predecessor-version":[{"id":1927,"href":"https:\/\/autofans.com.ar\/index.php\/wp-json\/wp\/v2\/posts\/1922\/revisions\/1927"}],"wp:featuredmedia":[{"embeddable":true,"href":"https:\/\/autofans.com.ar\/index.php\/wp-json\/wp\/v2\/media\/1924"}],"wp:attachment":[{"href":"https:\/\/autofans.com.ar\/index.php\/wp-json\/wp\/v2\/media?parent=1922"}],"wp:term":[{"taxonomy":"category","embeddable":true,"href":"https:\/\/autofans.com.ar\/index.php\/wp-json\/wp\/v2\/categories?post=1922"},{"taxonomy":"post_tag","embeddable":true,"href":"https:\/\/autofans.com.ar\/index.php\/wp-json\/wp\/v2\/tags?post=1922"}],"curies":[{"name":"wp","href":"https:\/\/api.w.org\/{rel}","templated":true}]}}