{"id":1930,"date":"2023-04-26T11:02:15","date_gmt":"2023-04-26T14:02:15","guid":{"rendered":"https:\/\/autofans.com.ar\/?p=1930"},"modified":"2023-04-26T11:02:15","modified_gmt":"2023-04-26T14:02:15","slug":"ds-automobiles-afronta-el-e-prix-de-berlin-con-confianza-y-ambicion","status":"publish","type":"post","link":"https:\/\/autofans.com.ar\/index.php\/2023\/04\/26\/ds-automobiles-afronta-el-e-prix-de-berlin-con-confianza-y-ambicion\/","title":{"rendered":"DS Automobiles afronta el E-Prix de Berl\u00edn con confianza y ambici\u00f3n"},"content":{"rendered":"<p>DS Automobiles, en colaboraci\u00f3n con su socio Penske Autosport, se prepara para el primer E-Prix europeo de la 9\u00aa temporada del Campeonato del Mundo ABB FIA de F\u00f3rmula E en Berl\u00edn. Con su equipo de pilotos de clase mundial, Jean-Eric Vergne y Stoffel Vandoorne, DS Automobiles est\u00e1 decidido a competir en el famoso circuito de Berl\u00edn-Tempelhof y sumar puntos valiosos en la clasificaci\u00f3n por equipos y pilotos. Descubre c\u00f3mo DS se posiciona como uno de los favoritos en la carrera por los t\u00edtulos de la F\u00f3rmula E en esta nota informativa.<\/p>\n<h3><\/h3>\n<h3>DS AUTOMOBILES L\u00cdDER EN LA F\u00d3RMULA E<\/h3>\n<p>Desde su entrada en la F\u00f3rmula E en 2015, <a href=\"https:\/\/www.dsautomobiles.com.ar\" target=\"_blank\" rel=\"noopener\">DS Automobiles<\/a> se ha destacado como uno de los fabricantes m\u00e1s exitosos en la competici\u00f3n el\u00e9ctrica. Con 95 carreras disputadas, ha obtenido 4 t\u00edtulos de campe\u00f3n, 16 victorias, 46 podios y 22 pole positions. La marca se ha consolidado como un referente en el mundo de la electrificaci\u00f3n, combinando refinamiento y tecnolog\u00eda en cada uno de sus modelos.<\/p>\n<p>&nbsp;<\/p>\n<p>&nbsp;<\/p>\n<p><img fetchpriority=\"high\" decoding=\"async\" class=\"aligncenter wp-image-1933 size-full\" src=\"https:\/\/autofans.com.ar\/wp-content\/uploads\/2023\/04\/foto-2-43.jpg\" alt=\"ds automotor\" width=\"1000\" height=\"667\" srcset=\"https:\/\/autofans.com.ar\/wp-content\/uploads\/2023\/04\/foto-2-43.jpg 1000w, https:\/\/autofans.com.ar\/wp-content\/uploads\/2023\/04\/foto-2-43-300x200.jpg 300w, https:\/\/autofans.com.ar\/wp-content\/uploads\/2023\/04\/foto-2-43-768x512.jpg 768w\" sizes=\"(max-width: 1000px) 100vw, 1000px\" \/><\/p>\n<p>&nbsp;<\/p>\n<h3>PREPARADOS PARA EL E-PRIX DE BERL\u00cdN<\/h3>\n<p>El equipo <a href=\"https:\/\/dspenske.com\" target=\"_blank\" rel=\"noopener\">DS PENSKE<\/a> llega a Berl\u00edn con confianza y motivaci\u00f3n despu\u00e9s de obtener importantes puntos en la carrera anterior en San Pablo. Actualmente en la cuarta posici\u00f3n de la clasificaci\u00f3n por equipos, a solo un punto del podio provisional, PENSKE busca sumar m\u00e1s puntos en el circuito de Berl\u00edn-Tempelhof. Jean-Eric Vergne y Stoffel Vandoorne, pilotos de DS Automobiles, ocupan la cuarta y und\u00e9cima posici\u00f3n respectivamente en la clasificaci\u00f3n de pilotos, y est\u00e1n decididos a luchar por la victoria en las dos carreras de Berl\u00edn.<\/p>\n<blockquote>\n<p style=\"text-align: center;\">\u00abLlegamos a Berl\u00edn tras una larga pausa que nos ha permitido trabajar en el desarrollo de nuestro auto tanto en pista como en el simulador. Tempelhof es un circuito que conocemos bien y que sabemos manejar. Tambi\u00e9n es un circuito en el que nuestros pilotos ya han ganado. Es un fin de semana muy importante porque tendremos la oportunidad de sumar muchos puntos y recuperar terreno con respecto a los l\u00edderes del campeonato. Hoy, la concentraci\u00f3n es m\u00e1xima, como ha sido el compromiso del equipo desde el principio de la temporada. Nuestra receta sigue siendo la misma, trabajo duro combinado con el talento de nuestro equipo y nuestros pilotos\u00bb afirma Eugenio Franzetti, director de DS Performance.<\/p>\n<\/blockquote>\n<h3>Cifras m\u00e1s importantes desde el inicio de la participaci\u00f3n de DS Automobiles en F\u00f3rmula E:<\/h3>\n<ul>\n<li>95 carreras<\/li>\n<li>4 t\u00edtulos de campe\u00f3n<\/li>\n<li>16 victorias<\/li>\n<li>46 podios<\/li>\n<li>22 pole positions<\/li>\n<\/ul>\n<p>&nbsp;<\/p>\n<p><i>Para enterarte de m\u00e1s novedades, no dejes de leer\u00a0<\/i><a href=\"https:\/\/autofans.thebrandsoup.com\/\"><i>nuestras notas<\/i><\/a><i>, de ver<\/i><b><i>\u00a0<\/i><\/b><a href=\"https:\/\/www.youtube.com\/channel\/UCgAC8UGHZYbT6P7PpmVnP7g\"><b><i>AUTOFANS TV<\/i><\/b><\/a><b><i>\u00a0<\/i><\/b><i>en nuestro\u00a0canal de Youtube. Adem\u00e1s seguinos en\u00a0<\/i><a href=\"https:\/\/www.instagram.com\/autofanstv\/\"><i>INSTAGRAM<\/i><\/a><i> y <\/i><a href=\"https:\/\/www.facebook.com\/autofansmas\/\"><i>FACEBOOK<\/i><\/a><i> para no perderte nada sobre las novedades del segmento automotor de Argentina y el mundo. <\/i><\/p>\n","protected":false},"excerpt":{"rendered":"<p>DS Automobiles, en colaboraci\u00f3n con su socio Penske Autosport, se prepara para el primer E-Prix&#8230;<\/p>\n","protected":false},"author":2,"featured_media":1931,"comment_status":"closed","ping_status":"closed","sticky":false,"template":"","format":"standard","meta":{"footnotes":""},"categories":[127,16],"tags":[855,882,879,878,269,877,880,881],"class_list":["post-1930","post","type-post","status-publish","format-standard","has-post-thumbnail","hentry","category-deporte","category-noticias","tag-berlin","tag-berlin-tempelhof","tag-ds-penske","tag-dsautomobiles","tag-e-prix","tag-formulae","tag-jean-eric-vergne","tag-stoffel-vandoorne"],"yoast_head":"<!-- This site is optimized with the Yoast SEO plugin v27.5 - https:\/\/yoast.com\/product\/yoast-seo-wordpress\/ -->\n<title>DS Automobiles afronta el E-Prix de Berl\u00edn con confianza y ambici\u00f3n -<\/title>\n<meta name=\"description\" content=\"DS Automobiles, en colaboraci\u00f3n con su socio Penske Autosport, se prepara para el primer E-Prix de la 9\u00aa temporada del Campeonato del Mundo..\" \/>\n<meta name=\"robots\" content=\"index, follow, max-snippet:-1, max-image-preview:large, max-video-preview:-1\" \/>\n<link rel=\"canonical\" href=\"https:\/\/autofans.com.ar\/index.php\/2023\/04\/26\/ds-automobiles-afronta-el-e-prix-de-berlin-con-confianza-y-ambicion\/\" \/>\n<meta property=\"og:locale\" content=\"es_ES\" \/>\n<meta property=\"og:type\" content=\"article\" \/>\n<meta property=\"og:title\" content=\"DS Automobiles afronta el E-Prix de Berl\u00edn con confianza y ambici\u00f3n -\" \/>\n<meta property=\"og:description\" content=\"DS Automobiles, en colaboraci\u00f3n con su socio Penske Autosport, se prepara para el primer E-Prix de la 9\u00aa temporada del Campeonato del Mundo..\" \/>\n<meta property=\"og:url\" content=\"https:\/\/autofans.com.ar\/index.php\/2023\/04\/26\/ds-automobiles-afronta-el-e-prix-de-berlin-con-confianza-y-ambicion\/\" \/>\n<meta property=\"article:published_time\" content=\"2023-04-26T14:02:15+00:00\" \/>\n<meta property=\"og:image\" content=\"https:\/\/autofans.com.ar\/wp-content\/uploads\/2023\/04\/foto-1-45.jpg\" \/>\n\t<meta property=\"og:image:width\" content=\"1000\" \/>\n\t<meta property=\"og:image:height\" content=\"667\" \/>\n\t<meta property=\"og:image:type\" content=\"image\/jpeg\" \/>\n<meta name=\"author\" content=\"Alejandro Gabriel Rosito\" \/>\n<meta name=\"twitter:card\" content=\"summary_large_image\" \/>\n<meta name=\"twitter:label1\" content=\"Escrito por\" \/>\n\t<meta name=\"twitter:data1\" content=\"Alejandro Gabriel Rosito\" \/>\n\t<meta name=\"twitter:label2\" content=\"Tiempo de lectura\" \/>\n\t<meta name=\"twitter:data2\" content=\"3 minutos\" \/>\n<script type=\"application\/ld+json\" class=\"yoast-schema-graph\">{\"@context\":\"https:\\\/\\\/schema.org\",\"@graph\":[{\"@type\":\"Article\",\"@id\":\"https:\\\/\\\/autofans.com.ar\\\/index.php\\\/2023\\\/04\\\/26\\\/ds-automobiles-afronta-el-e-prix-de-berlin-con-confianza-y-ambicion\\\/#article\",\"isPartOf\":{\"@id\":\"https:\\\/\\\/autofans.com.ar\\\/index.php\\\/2023\\\/04\\\/26\\\/ds-automobiles-afronta-el-e-prix-de-berlin-con-confianza-y-ambicion\\\/\"},\"author\":{\"name\":\"Alejandro Gabriel Rosito\",\"@id\":\"https:\\\/\\\/autofans.com.ar\\\/#\\\/schema\\\/person\\\/4a8dda0b6df83ac3d6723e921274c2aa\"},\"headline\":\"DS Automobiles afronta el E-Prix de Berl\u00edn con confianza y ambici\u00f3n\",\"datePublished\":\"2023-04-26T14:02:15+00:00\",\"mainEntityOfPage\":{\"@id\":\"https:\\\/\\\/autofans.com.ar\\\/index.php\\\/2023\\\/04\\\/26\\\/ds-automobiles-afronta-el-e-prix-de-berlin-con-confianza-y-ambicion\\\/\"},\"wordCount\":489,\"image\":{\"@id\":\"https:\\\/\\\/autofans.com.ar\\\/index.php\\\/2023\\\/04\\\/26\\\/ds-automobiles-afronta-el-e-prix-de-berlin-con-confianza-y-ambicion\\\/#primaryimage\"},\"thumbnailUrl\":\"https:\\\/\\\/autofans.com.ar\\\/wp-content\\\/uploads\\\/2023\\\/04\\\/foto-1-45.jpg\",\"keywords\":[\"Berl\u00edn\",\"Berl\u00edn-Tempelhof\",\"DS PENSKE\",\"DSAutomobiles\",\"e-Prix\",\"FormulaE\",\"Jean-Eric Vergne\",\"Stoffel Vandoorne\"],\"articleSection\":[\"DEPORTE MOTOR\",\"NOTICIAS\"],\"inLanguage\":\"es\"},{\"@type\":\"WebPage\",\"@id\":\"https:\\\/\\\/autofans.com.ar\\\/index.php\\\/2023\\\/04\\\/26\\\/ds-automobiles-afronta-el-e-prix-de-berlin-con-confianza-y-ambicion\\\/\",\"url\":\"https:\\\/\\\/autofans.com.ar\\\/index.php\\\/2023\\\/04\\\/26\\\/ds-automobiles-afronta-el-e-prix-de-berlin-con-confianza-y-ambicion\\\/\",\"name\":\"DS Automobiles afronta el E-Prix de Berl\u00edn con confianza y ambici\u00f3n -\",\"isPartOf\":{\"@id\":\"https:\\\/\\\/autofans.com.ar\\\/#website\"},\"primaryImageOfPage\":{\"@id\":\"https:\\\/\\\/autofans.com.ar\\\/index.php\\\/2023\\\/04\\\/26\\\/ds-automobiles-afronta-el-e-prix-de-berlin-con-confianza-y-ambicion\\\/#primaryimage\"},\"image\":{\"@id\":\"https:\\\/\\\/autofans.com.ar\\\/index.php\\\/2023\\\/04\\\/26\\\/ds-automobiles-afronta-el-e-prix-de-berlin-con-confianza-y-ambicion\\\/#primaryimage\"},\"thumbnailUrl\":\"https:\\\/\\\/autofans.com.ar\\\/wp-content\\\/uploads\\\/2023\\\/04\\\/foto-1-45.jpg\",\"datePublished\":\"2023-04-26T14:02:15+00:00\",\"author\":{\"@id\":\"https:\\\/\\\/autofans.com.ar\\\/#\\\/schema\\\/person\\\/4a8dda0b6df83ac3d6723e921274c2aa\"},\"description\":\"DS Automobiles, en colaboraci\u00f3n con su socio Penske Autosport, se prepara para el primer E-Prix de la 9\u00aa temporada del Campeonato del Mundo..\",\"breadcrumb\":{\"@id\":\"https:\\\/\\\/autofans.com.ar\\\/index.php\\\/2023\\\/04\\\/26\\\/ds-automobiles-afronta-el-e-prix-de-berlin-con-confianza-y-ambicion\\\/#breadcrumb\"},\"inLanguage\":\"es\",\"potentialAction\":[{\"@type\":\"ReadAction\",\"target\":[\"https:\\\/\\\/autofans.com.ar\\\/index.php\\\/2023\\\/04\\\/26\\\/ds-automobiles-afronta-el-e-prix-de-berlin-con-confianza-y-ambicion\\\/\"]}]},{\"@type\":\"ImageObject\",\"inLanguage\":\"es\",\"@id\":\"https:\\\/\\\/autofans.com.ar\\\/index.php\\\/2023\\\/04\\\/26\\\/ds-automobiles-afronta-el-e-prix-de-berlin-con-confianza-y-ambicion\\\/#primaryimage\",\"url\":\"https:\\\/\\\/autofans.com.ar\\\/wp-content\\\/uploads\\\/2023\\\/04\\\/foto-1-45.jpg\",\"contentUrl\":\"https:\\\/\\\/autofans.com.ar\\\/wp-content\\\/uploads\\\/2023\\\/04\\\/foto-1-45.jpg\",\"width\":1000,\"height\":667},{\"@type\":\"BreadcrumbList\",\"@id\":\"https:\\\/\\\/autofans.com.ar\\\/index.php\\\/2023\\\/04\\\/26\\\/ds-automobiles-afronta-el-e-prix-de-berlin-con-confianza-y-ambicion\\\/#breadcrumb\",\"itemListElement\":[{\"@type\":\"ListItem\",\"position\":1,\"name\":\"Inicio\",\"item\":\"https:\\\/\\\/autofans.com.ar\\\/\"},{\"@type\":\"ListItem\",\"position\":2,\"name\":\"DS Automobiles afronta el E-Prix de Berl\u00edn con confianza y ambici\u00f3n\"}]},{\"@type\":\"WebSite\",\"@id\":\"https:\\\/\\\/autofans.com.ar\\\/#website\",\"url\":\"https:\\\/\\\/autofans.com.ar\\\/\",\"name\":\"\",\"description\":\"El multimedio referente de la industria automotriz\",\"potentialAction\":[{\"@type\":\"SearchAction\",\"target\":{\"@type\":\"EntryPoint\",\"urlTemplate\":\"https:\\\/\\\/autofans.com.ar\\\/?s={search_term_string}\"},\"query-input\":{\"@type\":\"PropertyValueSpecification\",\"valueRequired\":true,\"valueName\":\"search_term_string\"}}],\"inLanguage\":\"es\"},{\"@type\":\"Person\",\"@id\":\"https:\\\/\\\/autofans.com.ar\\\/#\\\/schema\\\/person\\\/4a8dda0b6df83ac3d6723e921274c2aa\",\"name\":\"Alejandro Gabriel Rosito\",\"image\":{\"@type\":\"ImageObject\",\"inLanguage\":\"es\",\"@id\":\"https:\\\/\\\/secure.gravatar.com\\\/avatar\\\/16c5dda1489adfc62618084dcbb91cffd879c374b13fe5dd8e44ed6733852c88?s=96&d=mm&r=g\",\"url\":\"https:\\\/\\\/secure.gravatar.com\\\/avatar\\\/16c5dda1489adfc62618084dcbb91cffd879c374b13fe5dd8e44ed6733852c88?s=96&d=mm&r=g\",\"contentUrl\":\"https:\\\/\\\/secure.gravatar.com\\\/avatar\\\/16c5dda1489adfc62618084dcbb91cffd879c374b13fe5dd8e44ed6733852c88?s=96&d=mm&r=g\",\"caption\":\"Alejandro Gabriel Rosito\"},\"url\":\"https:\\\/\\\/autofans.com.ar\\\/index.php\\\/author\\\/gabrielr\\\/\"}]}<\/script>\n<!-- \/ Yoast SEO plugin. -->","yoast_head_json":{"title":"DS Automobiles afronta el E-Prix de Berl\u00edn con confianza y ambici\u00f3n -","description":"DS Automobiles, en colaboraci\u00f3n con su socio Penske Autosport, se prepara para el primer E-Prix de la 9\u00aa temporada del Campeonato del Mundo..","robots":{"index":"index","follow":"follow","max-snippet":"max-snippet:-1","max-image-preview":"max-image-preview:large","max-video-preview":"max-video-preview:-1"},"canonical":"https:\/\/autofans.com.ar\/index.php\/2023\/04\/26\/ds-automobiles-afronta-el-e-prix-de-berlin-con-confianza-y-ambicion\/","og_locale":"es_ES","og_type":"article","og_title":"DS Automobiles afronta el E-Prix de Berl\u00edn con confianza y ambici\u00f3n -","og_description":"DS Automobiles, en colaboraci\u00f3n con su socio Penske Autosport, se prepara para el primer E-Prix de la 9\u00aa temporada del Campeonato del Mundo..","og_url":"https:\/\/autofans.com.ar\/index.php\/2023\/04\/26\/ds-automobiles-afronta-el-e-prix-de-berlin-con-confianza-y-ambicion\/","article_published_time":"2023-04-26T14:02:15+00:00","og_image":[{"width":1000,"height":667,"url":"https:\/\/autofans.com.ar\/wp-content\/uploads\/2023\/04\/foto-1-45.jpg","type":"image\/jpeg"}],"author":"Alejandro Gabriel Rosito","twitter_card":"summary_large_image","twitter_misc":{"Escrito por":"Alejandro Gabriel Rosito","Tiempo de lectura":"3 minutos"},"schema":{"@context":"https:\/\/schema.org","@graph":[{"@type":"Article","@id":"https:\/\/autofans.com.ar\/index.php\/2023\/04\/26\/ds-automobiles-afronta-el-e-prix-de-berlin-con-confianza-y-ambicion\/#article","isPartOf":{"@id":"https:\/\/autofans.com.ar\/index.php\/2023\/04\/26\/ds-automobiles-afronta-el-e-prix-de-berlin-con-confianza-y-ambicion\/"},"author":{"name":"Alejandro Gabriel Rosito","@id":"https:\/\/autofans.com.ar\/#\/schema\/person\/4a8dda0b6df83ac3d6723e921274c2aa"},"headline":"DS Automobiles afronta el E-Prix de Berl\u00edn con confianza y ambici\u00f3n","datePublished":"2023-04-26T14:02:15+00:00","mainEntityOfPage":{"@id":"https:\/\/autofans.com.ar\/index.php\/2023\/04\/26\/ds-automobiles-afronta-el-e-prix-de-berlin-con-confianza-y-ambicion\/"},"wordCount":489,"image":{"@id":"https:\/\/autofans.com.ar\/index.php\/2023\/04\/26\/ds-automobiles-afronta-el-e-prix-de-berlin-con-confianza-y-ambicion\/#primaryimage"},"thumbnailUrl":"https:\/\/autofans.com.ar\/wp-content\/uploads\/2023\/04\/foto-1-45.jpg","keywords":["Berl\u00edn","Berl\u00edn-Tempelhof","DS PENSKE","DSAutomobiles","e-Prix","FormulaE","Jean-Eric Vergne","Stoffel Vandoorne"],"articleSection":["DEPORTE MOTOR","NOTICIAS"],"inLanguage":"es"},{"@type":"WebPage","@id":"https:\/\/autofans.com.ar\/index.php\/2023\/04\/26\/ds-automobiles-afronta-el-e-prix-de-berlin-con-confianza-y-ambicion\/","url":"https:\/\/autofans.com.ar\/index.php\/2023\/04\/26\/ds-automobiles-afronta-el-e-prix-de-berlin-con-confianza-y-ambicion\/","name":"DS Automobiles afronta el E-Prix de Berl\u00edn con confianza y ambici\u00f3n -","isPartOf":{"@id":"https:\/\/autofans.com.ar\/#website"},"primaryImageOfPage":{"@id":"https:\/\/autofans.com.ar\/index.php\/2023\/04\/26\/ds-automobiles-afronta-el-e-prix-de-berlin-con-confianza-y-ambicion\/#primaryimage"},"image":{"@id":"https:\/\/autofans.com.ar\/index.php\/2023\/04\/26\/ds-automobiles-afronta-el-e-prix-de-berlin-con-confianza-y-ambicion\/#primaryimage"},"thumbnailUrl":"https:\/\/autofans.com.ar\/wp-content\/uploads\/2023\/04\/foto-1-45.jpg","datePublished":"2023-04-26T14:02:15+00:00","author":{"@id":"https:\/\/autofans.com.ar\/#\/schema\/person\/4a8dda0b6df83ac3d6723e921274c2aa"},"description":"DS Automobiles, en colaboraci\u00f3n con su socio Penske Autosport, se prepara para el primer E-Prix de la 9\u00aa temporada del Campeonato del Mundo..","breadcrumb":{"@id":"https:\/\/autofans.com.ar\/index.php\/2023\/04\/26\/ds-automobiles-afronta-el-e-prix-de-berlin-con-confianza-y-ambicion\/#breadcrumb"},"inLanguage":"es","potentialAction":[{"@type":"ReadAction","target":["https:\/\/autofans.com.ar\/index.php\/2023\/04\/26\/ds-automobiles-afronta-el-e-prix-de-berlin-con-confianza-y-ambicion\/"]}]},{"@type":"ImageObject","inLanguage":"es","@id":"https:\/\/autofans.com.ar\/index.php\/2023\/04\/26\/ds-automobiles-afronta-el-e-prix-de-berlin-con-confianza-y-ambicion\/#primaryimage","url":"https:\/\/autofans.com.ar\/wp-content\/uploads\/2023\/04\/foto-1-45.jpg","contentUrl":"https:\/\/autofans.com.ar\/wp-content\/uploads\/2023\/04\/foto-1-45.jpg","width":1000,"height":667},{"@type":"BreadcrumbList","@id":"https:\/\/autofans.com.ar\/index.php\/2023\/04\/26\/ds-automobiles-afronta-el-e-prix-de-berlin-con-confianza-y-ambicion\/#breadcrumb","itemListElement":[{"@type":"ListItem","position":1,"name":"Inicio","item":"https:\/\/autofans.com.ar\/"},{"@type":"ListItem","position":2,"name":"DS Automobiles afronta el E-Prix de Berl\u00edn con confianza y ambici\u00f3n"}]},{"@type":"WebSite","@id":"https:\/\/autofans.com.ar\/#website","url":"https:\/\/autofans.com.ar\/","name":"","description":"El multimedio referente de la industria automotriz","potentialAction":[{"@type":"SearchAction","target":{"@type":"EntryPoint","urlTemplate":"https:\/\/autofans.com.ar\/?s={search_term_string}"},"query-input":{"@type":"PropertyValueSpecification","valueRequired":true,"valueName":"search_term_string"}}],"inLanguage":"es"},{"@type":"Person","@id":"https:\/\/autofans.com.ar\/#\/schema\/person\/4a8dda0b6df83ac3d6723e921274c2aa","name":"Alejandro Gabriel Rosito","image":{"@type":"ImageObject","inLanguage":"es","@id":"https:\/\/secure.gravatar.com\/avatar\/16c5dda1489adfc62618084dcbb91cffd879c374b13fe5dd8e44ed6733852c88?s=96&d=mm&r=g","url":"https:\/\/secure.gravatar.com\/avatar\/16c5dda1489adfc62618084dcbb91cffd879c374b13fe5dd8e44ed6733852c88?s=96&d=mm&r=g","contentUrl":"https:\/\/secure.gravatar.com\/avatar\/16c5dda1489adfc62618084dcbb91cffd879c374b13fe5dd8e44ed6733852c88?s=96&d=mm&r=g","caption":"Alejandro Gabriel Rosito"},"url":"https:\/\/autofans.com.ar\/index.php\/author\/gabrielr\/"}]}},"featured_image_urls":{"full":["https:\/\/autofans.com.ar\/wp-content\/uploads\/2023\/04\/foto-1-45.jpg",1000,667,false],"thumbnail":["https:\/\/autofans.com.ar\/wp-content\/uploads\/2023\/04\/foto-1-45-150x150.jpg",150,150,true],"medium":["https:\/\/autofans.com.ar\/wp-content\/uploads\/2023\/04\/foto-1-45-300x200.jpg",300,200,true],"medium_large":["https:\/\/autofans.com.ar\/wp-content\/uploads\/2023\/04\/foto-1-45-768x512.jpg",640,427,true],"large":["https:\/\/autofans.com.ar\/wp-content\/uploads\/2023\/04\/foto-1-45.jpg",640,427,false],"1536x1536":["https:\/\/autofans.com.ar\/wp-content\/uploads\/2023\/04\/foto-1-45.jpg",1000,667,false],"2048x2048":["https:\/\/autofans.com.ar\/wp-content\/uploads\/2023\/04\/foto-1-45.jpg",1000,667,false],"covernews-featured":["https:\/\/autofans.com.ar\/wp-content\/uploads\/2023\/04\/foto-1-45.jpg",1000,667,false],"covernews-medium":["https:\/\/autofans.com.ar\/wp-content\/uploads\/2023\/04\/foto-1-45-540x340.jpg",540,340,true]},"author_info":{"display_name":"Alejandro Gabriel Rosito","author_link":"https:\/\/autofans.com.ar\/index.php\/author\/gabrielr\/"},"category_info":"<a href=\"https:\/\/autofans.com.ar\/index.php\/category\/noticias\/deporte\/\" rel=\"category tag\">DEPORTE MOTOR<\/a> <a href=\"https:\/\/autofans.com.ar\/index.php\/category\/noticias\/\" rel=\"category tag\">NOTICIAS<\/a>","tag_info":"NOTICIAS","comment_count":0,"_links":{"self":[{"href":"https:\/\/autofans.com.ar\/index.php\/wp-json\/wp\/v2\/posts\/1930","targetHints":{"allow":["GET"]}}],"collection":[{"href":"https:\/\/autofans.com.ar\/index.php\/wp-json\/wp\/v2\/posts"}],"about":[{"href":"https:\/\/autofans.com.ar\/index.php\/wp-json\/wp\/v2\/types\/post"}],"author":[{"embeddable":true,"href":"https:\/\/autofans.com.ar\/index.php\/wp-json\/wp\/v2\/users\/2"}],"replies":[{"embeddable":true,"href":"https:\/\/autofans.com.ar\/index.php\/wp-json\/wp\/v2\/comments?post=1930"}],"version-history":[{"count":7,"href":"https:\/\/autofans.com.ar\/index.php\/wp-json\/wp\/v2\/posts\/1930\/revisions"}],"predecessor-version":[{"id":1940,"href":"https:\/\/autofans.com.ar\/index.php\/wp-json\/wp\/v2\/posts\/1930\/revisions\/1940"}],"wp:featuredmedia":[{"embeddable":true,"href":"https:\/\/autofans.com.ar\/index.php\/wp-json\/wp\/v2\/media\/1931"}],"wp:attachment":[{"href":"https:\/\/autofans.com.ar\/index.php\/wp-json\/wp\/v2\/media?parent=1930"}],"wp:term":[{"taxonomy":"category","embeddable":true,"href":"https:\/\/autofans.com.ar\/index.php\/wp-json\/wp\/v2\/categories?post=1930"},{"taxonomy":"post_tag","embeddable":true,"href":"https:\/\/autofans.com.ar\/index.php\/wp-json\/wp\/v2\/tags?post=1930"}],"curies":[{"name":"wp","href":"https:\/\/api.w.org\/{rel}","templated":true}]}}