{"id":1950,"date":"2023-04-26T19:28:44","date_gmt":"2023-04-26T22:28:44","guid":{"rendered":"https:\/\/autofans.com.ar\/?p=1950"},"modified":"2023-04-26T19:28:44","modified_gmt":"2023-04-26T22:28:44","slug":"ducati-alcanza-las-400-victorias-en-el-mundial-de-superbike","status":"publish","type":"post","link":"https:\/\/autofans.com.ar\/index.php\/2023\/04\/26\/ducati-alcanza-las-400-victorias-en-el-mundial-de-superbike\/","title":{"rendered":"Ducati alcanza las 400 victorias en el Mundial de Superbike"},"content":{"rendered":"<p>Ducati sigue cosechando \u00e9xitos en el Mundial de Superbike, alcanzando un nuevo hito con 400 victorias en su historia. En la tercera cita del campeonato, celebrada en el emblem\u00e1tico circuito TT de Assen, los pilotos oficiales del Aruba.it Ducati-Racing, \u00c1lvaro Bautista y Nicol\u00f3 Bulega, demostraron un excelente desempe\u00f1o, dejando poco y nada para sus rivales.<\/p>\n<blockquote>\n<p style=\"text-align: center;\">\u00c1lvaro Bautista (#1 Aruba.it Racing-Ducati) SPRace &#8211; P1 \/ Race2 &#8211; P1<\/p>\n<p style=\"text-align: center;\">\u201cFue un fin de semana intenso. Estoy muy satisfecho por lo realizado y por poner mi firma en un logro tan importante como las 400 victorias de Ducati en Superbike. En las carreras de hoy mejoramos lo realizado el s\u00e1bado, especialmente en la SuperPole Race, donde en un tr\u00e1mite reducido la moto alcanz\u00f3 r\u00e1pidamente un gran nivel de rendimiento. No presto atenci\u00f3n a la tabla de puntos, celebro las victorias que siguen llegando y disfruto junto al equipo de este estupendo momento\u201d.<\/p>\n<\/blockquote>\n<p><img fetchpriority=\"high\" decoding=\"async\" class=\"aligncenter wp-image-1952 size-full\" src=\"https:\/\/autofans.com.ar\/wp-content\/uploads\/2023\/04\/foto-2-45.jpg\" alt=\"ducati\" width=\"1000\" height=\"667\" srcset=\"https:\/\/autofans.com.ar\/wp-content\/uploads\/2023\/04\/foto-2-45.jpg 1000w, https:\/\/autofans.com.ar\/wp-content\/uploads\/2023\/04\/foto-2-45-300x200.jpg 300w, https:\/\/autofans.com.ar\/wp-content\/uploads\/2023\/04\/foto-2-45-768x512.jpg 768w\" sizes=\"(max-width: 1000px) 100vw, 1000px\" \/><\/p>\n<p>Bautista, a bordo de su <a href=\"https:\/\/www.ducati.com\/ar\/es\/home\" target=\"_blank\" rel=\"noopener\">Ducati Panigale V4R<\/a>, se llev\u00f3 la victoria en la Race1, la SuperPole Race y la Race2, manteniendo el liderato en la tabla provisional del campeonato de la clase mayor con una ventaja de 56 puntos sobre su m\u00e1s cercano perseguidor. Por su parte, Bulega domin\u00f3 en las dos carreras de SuperSport con su Panigale V2, siendo la referencia en la sumatoria de puntos con una ventaja de 37 puntos sobre su escolta.<\/p>\n<p>&nbsp;<\/p>\n<div id='gallery-1' class='gallery galleryid-1950 gallery-columns-2 gallery-size-large'><figure class='gallery-item'>\n\t\t\t<div class='gallery-icon landscape'>\n\t\t\t\t<a href='https:\/\/autofans.com.ar\/index.php\/2023\/04\/26\/ducati-alcanza-las-400-victorias-en-el-mundial-de-superbike\/foto-5-36\/'><img loading=\"lazy\" width=\"640\" height=\"427\" src=\"https:\/\/autofans.com.ar\/wp-content\/uploads\/2023\/04\/foto-5-24.jpg\" class=\"attachment-large size-large\" alt=\"ducati\" aria-describedby=\"gallery-1-1955\" srcset=\"https:\/\/autofans.com.ar\/wp-content\/uploads\/2023\/04\/foto-5-24.jpg 1000w, https:\/\/autofans.com.ar\/wp-content\/uploads\/2023\/04\/foto-5-24-300x200.jpg 300w, https:\/\/autofans.com.ar\/wp-content\/uploads\/2023\/04\/foto-5-24-768x512.jpg 768w\" sizes=\"auto, (max-width: 640px) 100vw, 640px\" loading=\"lazy\" decoding=\"async\" \/><\/a>\n\t\t\t<\/div>\n\t\t\t\t<figcaption class='wp-caption-text gallery-caption' id='gallery-1-1955'>\n\t\t\t\t\u00c1lvaro Bautista\n\t\t\t\t<\/figcaption><\/figure><figure class='gallery-item'>\n\t\t\t<div class='gallery-icon landscape'>\n\t\t\t\t<a href='https:\/\/autofans.com.ar\/index.php\/2023\/04\/26\/ducati-alcanza-las-400-victorias-en-el-mundial-de-superbike\/foto-3-56\/'><img loading=\"lazy\" width=\"640\" height=\"427\" src=\"https:\/\/autofans.com.ar\/wp-content\/uploads\/2023\/04\/foto-3-41.jpg\" class=\"attachment-large size-large\" alt=\"ducati\" aria-describedby=\"gallery-1-1953\" srcset=\"https:\/\/autofans.com.ar\/wp-content\/uploads\/2023\/04\/foto-3-41.jpg 1000w, https:\/\/autofans.com.ar\/wp-content\/uploads\/2023\/04\/foto-3-41-300x200.jpg 300w, https:\/\/autofans.com.ar\/wp-content\/uploads\/2023\/04\/foto-3-41-768x512.jpg 768w\" sizes=\"auto, (max-width: 640px) 100vw, 640px\" loading=\"lazy\" decoding=\"async\" \/><\/a>\n\t\t\t<\/div>\n\t\t\t\t<figcaption class='wp-caption-text gallery-caption' id='gallery-1-1953'>\n\t\t\t\tNicol\u00f3 Bulega\n\t\t\t\t<\/figcaption><\/figure>\n\t\t<\/div>\n\n<p>Pero no solo Bautista y Bulega brillaron en Assen, otros pilotos de Ducati tambi\u00e9n tuvieron un destacado desempe\u00f1o en el circuito de 4.542 metros de extensi\u00f3n. En Superbike, Axel Bassani, a bordo de una moto del equipo MotoCorsa Racing, finaliz\u00f3 quinto en ambas competencias, mientras que Danilo Petrucci, miembro del Barni Racing, obtuvo el noveno y octavo puesto en las pruebas m\u00e1s importantes. Michael Ruben Rinaldi, del Aruba.it Racing-Ducati, salv\u00f3 un dif\u00edcil fin de semana con un meritorio d\u00e9cimo puesto en la Race2.<\/p>\n<blockquote>\n<p style=\"text-align: center;\">Nicol\u00f3 Bulega (#11 Aruba.it Racing-Ducati WSSP) Race2 \u2013 P1<\/p>\n<p style=\"text-align: center;\">\u201cAhora s\u00ed. Ahora podemos afirmar que este fin de semana fue perfecto. Tal vez haya sido el mejor de mi campa\u00f1a deportiva. Ganamos las dos carreras saliendo desde la pole y siempre marcando el giro m\u00e1s veloz en carrera. Tengo que agradecer al equipo porque desde la primera salida en la FP1 del viernes la moto se comport\u00f3 a la perfecci\u00f3n, permiti\u00e9ndome tener sensaciones incre\u00edbles\u201d.<\/p>\n<\/blockquote>\n<p>En SuperSport, varios representantes de Borgo Panigale tambi\u00e9n se destacaron, con Federico Caricasulo, Yari Montella y Raffaele DeRosa culminando dentro del Top10 en la primera jornada, y Caricasulo acompa\u00f1ando a Bulega en el podio desde el tercer escal\u00f3n en la segunda jornada. La pr\u00f3xima fecha del Mundial de Superbike promete emociones y expectaci\u00f3n, con Ducati liderando en las clasificaciones y demostrando una vez m\u00e1s su dominio en la competici\u00f3n.<\/p>\n","protected":false},"excerpt":{"rendered":"<p>Ducati sigue cosechando \u00e9xitos en el Mundial de Superbike, alcanzando un nuevo hito con 400&#8230;<\/p>\n","protected":false},"author":2,"featured_media":1951,"comment_status":"closed","ping_status":"closed","sticky":false,"template":"","format":"standard","meta":{"footnotes":""},"categories":[127,16],"tags":[891,231,219,532,890,220],"class_list":["post-1950","post","type-post","status-publish","format-standard","has-post-thumbnail","hentry","category-deporte","category-noticias","tag-assen","tag-carreras-de-motos","tag-ducati","tag-motociclismo","tag-superbike","tag-worldsbk"],"yoast_head":"<!-- This site is optimized with the Yoast SEO plugin v27.5 - https:\/\/yoast.com\/product\/yoast-seo-wordpress\/ -->\n<title>Ducati alcanza las 400 victorias en el Mundial de Superbike -<\/title>\n<meta name=\"description\" content=\"\u00c1lvaro Bautista y Nicol\u00f3 Bulega logran un desempe\u00f1o hist\u00f3rico en el circuito de Assen, otorgando a Ducati el \u00e9xito n\u00famero 400 en la historia.\" \/>\n<meta name=\"robots\" content=\"index, follow, max-snippet:-1, max-image-preview:large, max-video-preview:-1\" \/>\n<link rel=\"canonical\" href=\"https:\/\/autofans.com.ar\/index.php\/2023\/04\/26\/ducati-alcanza-las-400-victorias-en-el-mundial-de-superbike\/\" \/>\n<meta property=\"og:locale\" content=\"es_ES\" \/>\n<meta property=\"og:type\" content=\"article\" \/>\n<meta property=\"og:title\" content=\"Ducati alcanza las 400 victorias en el Mundial de Superbike -\" \/>\n<meta property=\"og:description\" content=\"\u00c1lvaro Bautista y Nicol\u00f3 Bulega logran un desempe\u00f1o hist\u00f3rico en el circuito de Assen, otorgando a Ducati el \u00e9xito n\u00famero 400 en la historia.\" \/>\n<meta property=\"og:url\" content=\"https:\/\/autofans.com.ar\/index.php\/2023\/04\/26\/ducati-alcanza-las-400-victorias-en-el-mundial-de-superbike\/\" \/>\n<meta property=\"article:published_time\" content=\"2023-04-26T22:28:44+00:00\" \/>\n<meta property=\"og:image\" content=\"https:\/\/autofans.com.ar\/wp-content\/uploads\/2023\/04\/foto-1-47.jpg\" \/>\n\t<meta property=\"og:image:width\" content=\"1000\" \/>\n\t<meta property=\"og:image:height\" content=\"667\" \/>\n\t<meta property=\"og:image:type\" content=\"image\/jpeg\" \/>\n<meta name=\"author\" content=\"Alejandro Gabriel Rosito\" \/>\n<meta name=\"twitter:card\" content=\"summary_large_image\" \/>\n<meta name=\"twitter:label1\" content=\"Escrito por\" \/>\n\t<meta name=\"twitter:data1\" content=\"Alejandro Gabriel Rosito\" \/>\n\t<meta name=\"twitter:label2\" content=\"Tiempo de lectura\" \/>\n\t<meta name=\"twitter:data2\" content=\"3 minutos\" \/>\n<script type=\"application\/ld+json\" class=\"yoast-schema-graph\">{\"@context\":\"https:\\\/\\\/schema.org\",\"@graph\":[{\"@type\":\"Article\",\"@id\":\"https:\\\/\\\/autofans.com.ar\\\/index.php\\\/2023\\\/04\\\/26\\\/ducati-alcanza-las-400-victorias-en-el-mundial-de-superbike\\\/#article\",\"isPartOf\":{\"@id\":\"https:\\\/\\\/autofans.com.ar\\\/index.php\\\/2023\\\/04\\\/26\\\/ducati-alcanza-las-400-victorias-en-el-mundial-de-superbike\\\/\"},\"author\":{\"name\":\"Alejandro Gabriel Rosito\",\"@id\":\"https:\\\/\\\/autofans.com.ar\\\/#\\\/schema\\\/person\\\/4a8dda0b6df83ac3d6723e921274c2aa\"},\"headline\":\"Ducati alcanza las 400 victorias en el Mundial de Superbike\",\"datePublished\":\"2023-04-26T22:28:44+00:00\",\"mainEntityOfPage\":{\"@id\":\"https:\\\/\\\/autofans.com.ar\\\/index.php\\\/2023\\\/04\\\/26\\\/ducati-alcanza-las-400-victorias-en-el-mundial-de-superbike\\\/\"},\"wordCount\":488,\"image\":{\"@id\":\"https:\\\/\\\/autofans.com.ar\\\/index.php\\\/2023\\\/04\\\/26\\\/ducati-alcanza-las-400-victorias-en-el-mundial-de-superbike\\\/#primaryimage\"},\"thumbnailUrl\":\"https:\\\/\\\/autofans.com.ar\\\/wp-content\\\/uploads\\\/2023\\\/04\\\/foto-1-47.jpg\",\"keywords\":[\"Assen\",\"carreras de motos\",\"Ducati\",\"Motociclismo\",\"Superbike\",\"WorldSBK\"],\"articleSection\":[\"DEPORTE MOTOR\",\"NOTICIAS\"],\"inLanguage\":\"es\"},{\"@type\":\"WebPage\",\"@id\":\"https:\\\/\\\/autofans.com.ar\\\/index.php\\\/2023\\\/04\\\/26\\\/ducati-alcanza-las-400-victorias-en-el-mundial-de-superbike\\\/\",\"url\":\"https:\\\/\\\/autofans.com.ar\\\/index.php\\\/2023\\\/04\\\/26\\\/ducati-alcanza-las-400-victorias-en-el-mundial-de-superbike\\\/\",\"name\":\"Ducati alcanza las 400 victorias en el Mundial de Superbike -\",\"isPartOf\":{\"@id\":\"https:\\\/\\\/autofans.com.ar\\\/#website\"},\"primaryImageOfPage\":{\"@id\":\"https:\\\/\\\/autofans.com.ar\\\/index.php\\\/2023\\\/04\\\/26\\\/ducati-alcanza-las-400-victorias-en-el-mundial-de-superbike\\\/#primaryimage\"},\"image\":{\"@id\":\"https:\\\/\\\/autofans.com.ar\\\/index.php\\\/2023\\\/04\\\/26\\\/ducati-alcanza-las-400-victorias-en-el-mundial-de-superbike\\\/#primaryimage\"},\"thumbnailUrl\":\"https:\\\/\\\/autofans.com.ar\\\/wp-content\\\/uploads\\\/2023\\\/04\\\/foto-1-47.jpg\",\"datePublished\":\"2023-04-26T22:28:44+00:00\",\"author\":{\"@id\":\"https:\\\/\\\/autofans.com.ar\\\/#\\\/schema\\\/person\\\/4a8dda0b6df83ac3d6723e921274c2aa\"},\"description\":\"\u00c1lvaro Bautista y Nicol\u00f3 Bulega logran un desempe\u00f1o hist\u00f3rico en el circuito de Assen, otorgando a Ducati el \u00e9xito n\u00famero 400 en la historia.\",\"breadcrumb\":{\"@id\":\"https:\\\/\\\/autofans.com.ar\\\/index.php\\\/2023\\\/04\\\/26\\\/ducati-alcanza-las-400-victorias-en-el-mundial-de-superbike\\\/#breadcrumb\"},\"inLanguage\":\"es\",\"potentialAction\":[{\"@type\":\"ReadAction\",\"target\":[\"https:\\\/\\\/autofans.com.ar\\\/index.php\\\/2023\\\/04\\\/26\\\/ducati-alcanza-las-400-victorias-en-el-mundial-de-superbike\\\/\"]}]},{\"@type\":\"ImageObject\",\"inLanguage\":\"es\",\"@id\":\"https:\\\/\\\/autofans.com.ar\\\/index.php\\\/2023\\\/04\\\/26\\\/ducati-alcanza-las-400-victorias-en-el-mundial-de-superbike\\\/#primaryimage\",\"url\":\"https:\\\/\\\/autofans.com.ar\\\/wp-content\\\/uploads\\\/2023\\\/04\\\/foto-1-47.jpg\",\"contentUrl\":\"https:\\\/\\\/autofans.com.ar\\\/wp-content\\\/uploads\\\/2023\\\/04\\\/foto-1-47.jpg\",\"width\":1000,\"height\":667,\"caption\":\"ducati\"},{\"@type\":\"BreadcrumbList\",\"@id\":\"https:\\\/\\\/autofans.com.ar\\\/index.php\\\/2023\\\/04\\\/26\\\/ducati-alcanza-las-400-victorias-en-el-mundial-de-superbike\\\/#breadcrumb\",\"itemListElement\":[{\"@type\":\"ListItem\",\"position\":1,\"name\":\"Inicio\",\"item\":\"https:\\\/\\\/autofans.com.ar\\\/\"},{\"@type\":\"ListItem\",\"position\":2,\"name\":\"Ducati alcanza las 400 victorias en el Mundial de Superbike\"}]},{\"@type\":\"WebSite\",\"@id\":\"https:\\\/\\\/autofans.com.ar\\\/#website\",\"url\":\"https:\\\/\\\/autofans.com.ar\\\/\",\"name\":\"\",\"description\":\"El multimedio referente de la industria automotriz\",\"potentialAction\":[{\"@type\":\"SearchAction\",\"target\":{\"@type\":\"EntryPoint\",\"urlTemplate\":\"https:\\\/\\\/autofans.com.ar\\\/?s={search_term_string}\"},\"query-input\":{\"@type\":\"PropertyValueSpecification\",\"valueRequired\":true,\"valueName\":\"search_term_string\"}}],\"inLanguage\":\"es\"},{\"@type\":\"Person\",\"@id\":\"https:\\\/\\\/autofans.com.ar\\\/#\\\/schema\\\/person\\\/4a8dda0b6df83ac3d6723e921274c2aa\",\"name\":\"Alejandro Gabriel Rosito\",\"image\":{\"@type\":\"ImageObject\",\"inLanguage\":\"es\",\"@id\":\"https:\\\/\\\/secure.gravatar.com\\\/avatar\\\/16c5dda1489adfc62618084dcbb91cffd879c374b13fe5dd8e44ed6733852c88?s=96&d=mm&r=g\",\"url\":\"https:\\\/\\\/secure.gravatar.com\\\/avatar\\\/16c5dda1489adfc62618084dcbb91cffd879c374b13fe5dd8e44ed6733852c88?s=96&d=mm&r=g\",\"contentUrl\":\"https:\\\/\\\/secure.gravatar.com\\\/avatar\\\/16c5dda1489adfc62618084dcbb91cffd879c374b13fe5dd8e44ed6733852c88?s=96&d=mm&r=g\",\"caption\":\"Alejandro Gabriel Rosito\"},\"url\":\"https:\\\/\\\/autofans.com.ar\\\/index.php\\\/author\\\/gabrielr\\\/\"}]}<\/script>\n<!-- \/ Yoast SEO plugin. -->","yoast_head_json":{"title":"Ducati alcanza las 400 victorias en el Mundial de Superbike -","description":"\u00c1lvaro Bautista y Nicol\u00f3 Bulega logran un desempe\u00f1o hist\u00f3rico en el circuito de Assen, otorgando a Ducati el \u00e9xito n\u00famero 400 en la historia.","robots":{"index":"index","follow":"follow","max-snippet":"max-snippet:-1","max-image-preview":"max-image-preview:large","max-video-preview":"max-video-preview:-1"},"canonical":"https:\/\/autofans.com.ar\/index.php\/2023\/04\/26\/ducati-alcanza-las-400-victorias-en-el-mundial-de-superbike\/","og_locale":"es_ES","og_type":"article","og_title":"Ducati alcanza las 400 victorias en el Mundial de Superbike -","og_description":"\u00c1lvaro Bautista y Nicol\u00f3 Bulega logran un desempe\u00f1o hist\u00f3rico en el circuito de Assen, otorgando a Ducati el \u00e9xito n\u00famero 400 en la historia.","og_url":"https:\/\/autofans.com.ar\/index.php\/2023\/04\/26\/ducati-alcanza-las-400-victorias-en-el-mundial-de-superbike\/","article_published_time":"2023-04-26T22:28:44+00:00","og_image":[{"width":1000,"height":667,"url":"https:\/\/autofans.com.ar\/wp-content\/uploads\/2023\/04\/foto-1-47.jpg","type":"image\/jpeg"}],"author":"Alejandro Gabriel Rosito","twitter_card":"summary_large_image","twitter_misc":{"Escrito por":"Alejandro Gabriel Rosito","Tiempo de lectura":"3 minutos"},"schema":{"@context":"https:\/\/schema.org","@graph":[{"@type":"Article","@id":"https:\/\/autofans.com.ar\/index.php\/2023\/04\/26\/ducati-alcanza-las-400-victorias-en-el-mundial-de-superbike\/#article","isPartOf":{"@id":"https:\/\/autofans.com.ar\/index.php\/2023\/04\/26\/ducati-alcanza-las-400-victorias-en-el-mundial-de-superbike\/"},"author":{"name":"Alejandro Gabriel Rosito","@id":"https:\/\/autofans.com.ar\/#\/schema\/person\/4a8dda0b6df83ac3d6723e921274c2aa"},"headline":"Ducati alcanza las 400 victorias en el Mundial de Superbike","datePublished":"2023-04-26T22:28:44+00:00","mainEntityOfPage":{"@id":"https:\/\/autofans.com.ar\/index.php\/2023\/04\/26\/ducati-alcanza-las-400-victorias-en-el-mundial-de-superbike\/"},"wordCount":488,"image":{"@id":"https:\/\/autofans.com.ar\/index.php\/2023\/04\/26\/ducati-alcanza-las-400-victorias-en-el-mundial-de-superbike\/#primaryimage"},"thumbnailUrl":"https:\/\/autofans.com.ar\/wp-content\/uploads\/2023\/04\/foto-1-47.jpg","keywords":["Assen","carreras de motos","Ducati","Motociclismo","Superbike","WorldSBK"],"articleSection":["DEPORTE MOTOR","NOTICIAS"],"inLanguage":"es"},{"@type":"WebPage","@id":"https:\/\/autofans.com.ar\/index.php\/2023\/04\/26\/ducati-alcanza-las-400-victorias-en-el-mundial-de-superbike\/","url":"https:\/\/autofans.com.ar\/index.php\/2023\/04\/26\/ducati-alcanza-las-400-victorias-en-el-mundial-de-superbike\/","name":"Ducati alcanza las 400 victorias en el Mundial de Superbike -","isPartOf":{"@id":"https:\/\/autofans.com.ar\/#website"},"primaryImageOfPage":{"@id":"https:\/\/autofans.com.ar\/index.php\/2023\/04\/26\/ducati-alcanza-las-400-victorias-en-el-mundial-de-superbike\/#primaryimage"},"image":{"@id":"https:\/\/autofans.com.ar\/index.php\/2023\/04\/26\/ducati-alcanza-las-400-victorias-en-el-mundial-de-superbike\/#primaryimage"},"thumbnailUrl":"https:\/\/autofans.com.ar\/wp-content\/uploads\/2023\/04\/foto-1-47.jpg","datePublished":"2023-04-26T22:28:44+00:00","author":{"@id":"https:\/\/autofans.com.ar\/#\/schema\/person\/4a8dda0b6df83ac3d6723e921274c2aa"},"description":"\u00c1lvaro Bautista y Nicol\u00f3 Bulega logran un desempe\u00f1o hist\u00f3rico en el circuito de Assen, otorgando a Ducati el \u00e9xito n\u00famero 400 en la historia.","breadcrumb":{"@id":"https:\/\/autofans.com.ar\/index.php\/2023\/04\/26\/ducati-alcanza-las-400-victorias-en-el-mundial-de-superbike\/#breadcrumb"},"inLanguage":"es","potentialAction":[{"@type":"ReadAction","target":["https:\/\/autofans.com.ar\/index.php\/2023\/04\/26\/ducati-alcanza-las-400-victorias-en-el-mundial-de-superbike\/"]}]},{"@type":"ImageObject","inLanguage":"es","@id":"https:\/\/autofans.com.ar\/index.php\/2023\/04\/26\/ducati-alcanza-las-400-victorias-en-el-mundial-de-superbike\/#primaryimage","url":"https:\/\/autofans.com.ar\/wp-content\/uploads\/2023\/04\/foto-1-47.jpg","contentUrl":"https:\/\/autofans.com.ar\/wp-content\/uploads\/2023\/04\/foto-1-47.jpg","width":1000,"height":667,"caption":"ducati"},{"@type":"BreadcrumbList","@id":"https:\/\/autofans.com.ar\/index.php\/2023\/04\/26\/ducati-alcanza-las-400-victorias-en-el-mundial-de-superbike\/#breadcrumb","itemListElement":[{"@type":"ListItem","position":1,"name":"Inicio","item":"https:\/\/autofans.com.ar\/"},{"@type":"ListItem","position":2,"name":"Ducati alcanza las 400 victorias en el Mundial de Superbike"}]},{"@type":"WebSite","@id":"https:\/\/autofans.com.ar\/#website","url":"https:\/\/autofans.com.ar\/","name":"","description":"El multimedio referente de la industria automotriz","potentialAction":[{"@type":"SearchAction","target":{"@type":"EntryPoint","urlTemplate":"https:\/\/autofans.com.ar\/?s={search_term_string}"},"query-input":{"@type":"PropertyValueSpecification","valueRequired":true,"valueName":"search_term_string"}}],"inLanguage":"es"},{"@type":"Person","@id":"https:\/\/autofans.com.ar\/#\/schema\/person\/4a8dda0b6df83ac3d6723e921274c2aa","name":"Alejandro Gabriel Rosito","image":{"@type":"ImageObject","inLanguage":"es","@id":"https:\/\/secure.gravatar.com\/avatar\/16c5dda1489adfc62618084dcbb91cffd879c374b13fe5dd8e44ed6733852c88?s=96&d=mm&r=g","url":"https:\/\/secure.gravatar.com\/avatar\/16c5dda1489adfc62618084dcbb91cffd879c374b13fe5dd8e44ed6733852c88?s=96&d=mm&r=g","contentUrl":"https:\/\/secure.gravatar.com\/avatar\/16c5dda1489adfc62618084dcbb91cffd879c374b13fe5dd8e44ed6733852c88?s=96&d=mm&r=g","caption":"Alejandro Gabriel Rosito"},"url":"https:\/\/autofans.com.ar\/index.php\/author\/gabrielr\/"}]}},"featured_image_urls":{"full":["https:\/\/autofans.com.ar\/wp-content\/uploads\/2023\/04\/foto-1-47.jpg",1000,667,false],"thumbnail":["https:\/\/autofans.com.ar\/wp-content\/uploads\/2023\/04\/foto-1-47-150x150.jpg",150,150,true],"medium":["https:\/\/autofans.com.ar\/wp-content\/uploads\/2023\/04\/foto-1-47-300x200.jpg",300,200,true],"medium_large":["https:\/\/autofans.com.ar\/wp-content\/uploads\/2023\/04\/foto-1-47-768x512.jpg",640,427,true],"large":["https:\/\/autofans.com.ar\/wp-content\/uploads\/2023\/04\/foto-1-47.jpg",640,427,false],"1536x1536":["https:\/\/autofans.com.ar\/wp-content\/uploads\/2023\/04\/foto-1-47.jpg",1000,667,false],"2048x2048":["https:\/\/autofans.com.ar\/wp-content\/uploads\/2023\/04\/foto-1-47.jpg",1000,667,false],"covernews-featured":["https:\/\/autofans.com.ar\/wp-content\/uploads\/2023\/04\/foto-1-47.jpg",1000,667,false],"covernews-medium":["https:\/\/autofans.com.ar\/wp-content\/uploads\/2023\/04\/foto-1-47-540x340.jpg",540,340,true]},"author_info":{"display_name":"Alejandro Gabriel Rosito","author_link":"https:\/\/autofans.com.ar\/index.php\/author\/gabrielr\/"},"category_info":"<a href=\"https:\/\/autofans.com.ar\/index.php\/category\/noticias\/deporte\/\" rel=\"category tag\">DEPORTE MOTOR<\/a> <a href=\"https:\/\/autofans.com.ar\/index.php\/category\/noticias\/\" rel=\"category tag\">NOTICIAS<\/a>","tag_info":"NOTICIAS","comment_count":0,"_links":{"self":[{"href":"https:\/\/autofans.com.ar\/index.php\/wp-json\/wp\/v2\/posts\/1950","targetHints":{"allow":["GET"]}}],"collection":[{"href":"https:\/\/autofans.com.ar\/index.php\/wp-json\/wp\/v2\/posts"}],"about":[{"href":"https:\/\/autofans.com.ar\/index.php\/wp-json\/wp\/v2\/types\/post"}],"author":[{"embeddable":true,"href":"https:\/\/autofans.com.ar\/index.php\/wp-json\/wp\/v2\/users\/2"}],"replies":[{"embeddable":true,"href":"https:\/\/autofans.com.ar\/index.php\/wp-json\/wp\/v2\/comments?post=1950"}],"version-history":[{"count":5,"href":"https:\/\/autofans.com.ar\/index.php\/wp-json\/wp\/v2\/posts\/1950\/revisions"}],"predecessor-version":[{"id":1960,"href":"https:\/\/autofans.com.ar\/index.php\/wp-json\/wp\/v2\/posts\/1950\/revisions\/1960"}],"wp:featuredmedia":[{"embeddable":true,"href":"https:\/\/autofans.com.ar\/index.php\/wp-json\/wp\/v2\/media\/1951"}],"wp:attachment":[{"href":"https:\/\/autofans.com.ar\/index.php\/wp-json\/wp\/v2\/media?parent=1950"}],"wp:term":[{"taxonomy":"category","embeddable":true,"href":"https:\/\/autofans.com.ar\/index.php\/wp-json\/wp\/v2\/categories?post=1950"},{"taxonomy":"post_tag","embeddable":true,"href":"https:\/\/autofans.com.ar\/index.php\/wp-json\/wp\/v2\/tags?post=1950"}],"curies":[{"name":"wp","href":"https:\/\/api.w.org\/{rel}","templated":true}]}}