{"id":1961,"date":"2023-04-27T12:14:54","date_gmt":"2023-04-27T15:14:54","guid":{"rendered":"https:\/\/autofans.com.ar\/?p=1961"},"modified":"2023-04-27T12:14:54","modified_gmt":"2023-04-27T15:14:54","slug":"fpt-industrial-amplia-su-red-de-distribuidores-en-latinoamerica","status":"publish","type":"post","link":"https:\/\/autofans.com.ar\/index.php\/2023\/04\/27\/fpt-industrial-amplia-su-red-de-distribuidores-en-latinoamerica\/","title":{"rendered":"FPT Industrial ampl\u00eda su red de distribuidores en Latinoam\u00e9rica"},"content":{"rendered":"<p>FPT Industrial, l\u00edder en motores para generadores de energ\u00eda, motores agr\u00edcolas, de construcci\u00f3n y marinos, ampl\u00eda su presencia en Am\u00e9rica Latina. Con la incorporaci\u00f3n de nuevos distribuidores en Bolivia y Nicaragua. Los distribuidores, ofrecer\u00e1n a los clientes locales una amplia gama de productos y servicios, incluyendo partes, servicios y soporte t\u00e9cnico. Esta expansi\u00f3n fortalecer\u00e1 la presencia de FPT Industrial en la regi\u00f3n y permitir\u00e1 a los clientes acceder a motores de \u00faltima tecnolog\u00eda e innovaci\u00f3n adaptados a sus necesidades.<\/p>\n<div dir=\"ltr\" style=\"text-align: left;\">\n<blockquote><p><center><span style=\"font-family: helvetica neue, helvetica, arial, verdana, sans-serif;\"><em>\u201cEsta asociaci\u00f3n es muy importante para nosotros ya que nos permitir\u00e1 brindar asesoramiento y un servicio al cliente de alta calidad con nuestro personal capacitado y certificado, con una cobertura a nivel nacional. \u00a1Estamos emocionados de asociarnos con FPT y esperamos poder brindar lo mejor en motores y servicios a nuestros clientes!\u201d<\/em>, manifest\u00f3 el Gerente General de Gerona Power, Abel Ra\u00fal Dom\u00ednguez.<\/span><\/center><\/p><\/blockquote>\n<p><center><img fetchpriority=\"high\" decoding=\"async\" class=\"alignnone wp-image-1962 size-full\" src=\"https:\/\/autofans.com.ar\/wp-content\/uploads\/2023\/04\/foto-2-46.jpg\" alt=\"fpt\" width=\"1000\" height=\"667\" srcset=\"https:\/\/autofans.com.ar\/wp-content\/uploads\/2023\/04\/foto-2-46.jpg 1000w, https:\/\/autofans.com.ar\/wp-content\/uploads\/2023\/04\/foto-2-46-300x200.jpg 300w, https:\/\/autofans.com.ar\/wp-content\/uploads\/2023\/04\/foto-2-46-768x512.jpg 768w\" sizes=\"(max-width: 1000px) 100vw, 1000px\" \/><\/center><\/div>\n<p>&nbsp;<\/p>\n<p>Gerona Power cuenta con sucursales en Santa Cruz y en La Paz, y un taller principal que ha brindado soluciones de energ\u00eda y soporte a sus clientes durante m\u00e1s de 10 a\u00f1os. Por otro lado Abel Ra\u00fal Dom\u00ednguez, Gerente General de Gerona Power, expres\u00f3 su entusiasmo por la asociaci\u00f3n con FPT Industrial.<\/p>\n<blockquote>\n<p style=\"text-align: center;\"><span style=\"font-family: helvetica neue, helvetica, arial, verdana, sans-serif;\"><em>\u201cLa incorporaci\u00f3n de estos distribuidores es un importante paso para seguir fortaleciendo la regi\u00f3n con soporte y productos de calidad y garant\u00eda. Adem\u00e1s, queremos aportarles a nuestros clientes motores adaptados a sus necesidades puntuales, que disminuyan sus costos y mejoren su productividad. FPT Industrial contin\u00faa creciendo en toda la regi\u00f3n\u201d<\/em>, sostuvo Marco Rangel, presidente de FPT Industrial para Am\u00e9rica Latina.\u00a0<\/span><\/p>\n<\/blockquote>\n<p><img decoding=\"async\" class=\"aligncenter wp-image-1965 size-full\" src=\"https:\/\/autofans.com.ar\/wp-content\/uploads\/2023\/04\/foto-3-42.jpg\" alt=\"fpt\" width=\"1000\" height=\"667\" srcset=\"https:\/\/autofans.com.ar\/wp-content\/uploads\/2023\/04\/foto-3-42.jpg 1000w, https:\/\/autofans.com.ar\/wp-content\/uploads\/2023\/04\/foto-3-42-300x200.jpg 300w, https:\/\/autofans.com.ar\/wp-content\/uploads\/2023\/04\/foto-3-42-768x512.jpg 768w\" sizes=\"(max-width: 1000px) 100vw, 1000px\" \/><\/p>\n<div dir=\"ltr\">\n<p>Con estas incorporaciones en Bolivia y Nicaragua, FPT Industrial contin\u00faa expandiendo la excelencia de sus productos y servicios en Am\u00e9rica Latina. La marca cuenta con una s\u00f3lida red de distribuidores en la regi\u00f3n, incluyendo Argentina, Paraguay, Chile, Per\u00fa, Brasil, Ecuador y Uruguay. Lo que acercan sus productos a los clientes y contribuyen a mejorar su productividad con motores de calidad y garant\u00eda.<\/p>\n<p>&nbsp;<\/p>\n<p><i>Para enterarte de m\u00e1s novedades, no dejes de leer\u00a0<\/i><a href=\"https:\/\/autofans.thebrandsoup.com\/\"><i>nuestras notas<\/i><\/a><i>, de ver<\/i><a href=\"https:\/\/www.youtube.com\/channel\/UCgAC8UGHZYbT6P7PpmVnP7g\"><b><i>AUTOFANS TV<\/i><\/b><\/a><i>en nuestro\u00a0canal de Youtube. Adem\u00e1s seguinos en\u00a0<\/i><a href=\"https:\/\/www.instagram.com\/autofanstv\/\"><i>INSTAGRAM<\/i><\/a><i> y <\/i><a href=\"https:\/\/www.facebook.com\/autofansmas\/\"><i>FACEBOOK<\/i><\/a><i> para no perderte nada sobre las novedades del segmento automotor de Argentina y el mundo. <\/i><\/p>\n<\/div>\n","protected":false},"excerpt":{"rendered":"<p>FPT Industrial, l\u00edder en motores para generadores de energ\u00eda, motores agr\u00edcolas, de construcci\u00f3n y marinos,&#8230;<\/p>\n","protected":false},"author":2,"featured_media":1963,"comment_status":"closed","ping_status":"closed","sticky":false,"template":"","format":"standard","meta":{"footnotes":""},"categories":[292,16],"tags":[213,551,894,893,892,896,895,391],"class_list":["post-1961","post","type-post","status-publish","format-standard","has-post-thumbnail","hentry","category-empresas","category-noticias","tag-innovacion","tag-america-latina","tag-bolivia","tag-distribuidores","tag-fpt-industrial","tag-motores","tag-nicaragua","tag-servicios"],"yoast_head":"<!-- This site is optimized with the Yoast SEO plugin v27.5 - https:\/\/yoast.com\/product\/yoast-seo-wordpress\/ -->\n<title>FPT Industrial ampl\u00eda su red de distribuidores en Latinoam\u00e9rica -<\/title>\n<meta name=\"description\" content=\"FPT Industrial l\u00edder en motores para generadores de energ\u00eda motores agr\u00edcolas de construcci\u00f3n y marinos ampl\u00eda su presencia en Am\u00e9rica Latina\" \/>\n<meta name=\"robots\" content=\"index, follow, max-snippet:-1, max-image-preview:large, max-video-preview:-1\" \/>\n<link rel=\"canonical\" href=\"https:\/\/autofans.com.ar\/index.php\/2023\/04\/27\/fpt-industrial-amplia-su-red-de-distribuidores-en-latinoamerica\/\" \/>\n<meta property=\"og:locale\" content=\"es_ES\" \/>\n<meta property=\"og:type\" content=\"article\" \/>\n<meta property=\"og:title\" content=\"FPT Industrial ampl\u00eda su red de distribuidores en Latinoam\u00e9rica -\" \/>\n<meta property=\"og:description\" content=\"FPT Industrial l\u00edder en motores para generadores de energ\u00eda motores agr\u00edcolas de construcci\u00f3n y marinos ampl\u00eda su presencia en Am\u00e9rica Latina\" \/>\n<meta property=\"og:url\" content=\"https:\/\/autofans.com.ar\/index.php\/2023\/04\/27\/fpt-industrial-amplia-su-red-de-distribuidores-en-latinoamerica\/\" \/>\n<meta property=\"article:published_time\" content=\"2023-04-27T15:14:54+00:00\" \/>\n<meta property=\"og:image\" content=\"https:\/\/autofans.com.ar\/wp-content\/uploads\/2023\/04\/foto-1-48.jpg\" \/>\n\t<meta property=\"og:image:width\" content=\"1000\" \/>\n\t<meta property=\"og:image:height\" content=\"667\" \/>\n\t<meta property=\"og:image:type\" content=\"image\/jpeg\" \/>\n<meta name=\"author\" content=\"Alejandro Gabriel Rosito\" \/>\n<meta name=\"twitter:card\" content=\"summary_large_image\" \/>\n<meta name=\"twitter:label1\" content=\"Escrito por\" \/>\n\t<meta name=\"twitter:data1\" content=\"Alejandro Gabriel Rosito\" \/>\n\t<meta name=\"twitter:label2\" content=\"Tiempo de lectura\" \/>\n\t<meta name=\"twitter:data2\" content=\"3 minutos\" \/>\n<script type=\"application\/ld+json\" class=\"yoast-schema-graph\">{\"@context\":\"https:\\\/\\\/schema.org\",\"@graph\":[{\"@type\":\"Article\",\"@id\":\"https:\\\/\\\/autofans.com.ar\\\/index.php\\\/2023\\\/04\\\/27\\\/fpt-industrial-amplia-su-red-de-distribuidores-en-latinoamerica\\\/#article\",\"isPartOf\":{\"@id\":\"https:\\\/\\\/autofans.com.ar\\\/index.php\\\/2023\\\/04\\\/27\\\/fpt-industrial-amplia-su-red-de-distribuidores-en-latinoamerica\\\/\"},\"author\":{\"name\":\"Alejandro Gabriel Rosito\",\"@id\":\"https:\\\/\\\/autofans.com.ar\\\/#\\\/schema\\\/person\\\/4a8dda0b6df83ac3d6723e921274c2aa\"},\"headline\":\"FPT Industrial ampl\u00eda su red de distribuidores en Latinoam\u00e9rica\",\"datePublished\":\"2023-04-27T15:14:54+00:00\",\"mainEntityOfPage\":{\"@id\":\"https:\\\/\\\/autofans.com.ar\\\/index.php\\\/2023\\\/04\\\/27\\\/fpt-industrial-amplia-su-red-de-distribuidores-en-latinoamerica\\\/\"},\"wordCount\":404,\"image\":{\"@id\":\"https:\\\/\\\/autofans.com.ar\\\/index.php\\\/2023\\\/04\\\/27\\\/fpt-industrial-amplia-su-red-de-distribuidores-en-latinoamerica\\\/#primaryimage\"},\"thumbnailUrl\":\"https:\\\/\\\/autofans.com.ar\\\/wp-content\\\/uploads\\\/2023\\\/04\\\/foto-1-48.jpg\",\"keywords\":[\"#innovaci\u00f3n\",\"Am\u00e9rica Latina\",\"Bolivia\",\"distribuidores\",\"FPT Industrial\",\"motores\",\"Nicaragua\",\"servicios\"],\"articleSection\":[\"EMPRESAS\",\"NOTICIAS\"],\"inLanguage\":\"es\"},{\"@type\":\"WebPage\",\"@id\":\"https:\\\/\\\/autofans.com.ar\\\/index.php\\\/2023\\\/04\\\/27\\\/fpt-industrial-amplia-su-red-de-distribuidores-en-latinoamerica\\\/\",\"url\":\"https:\\\/\\\/autofans.com.ar\\\/index.php\\\/2023\\\/04\\\/27\\\/fpt-industrial-amplia-su-red-de-distribuidores-en-latinoamerica\\\/\",\"name\":\"FPT Industrial ampl\u00eda su red de distribuidores en Latinoam\u00e9rica -\",\"isPartOf\":{\"@id\":\"https:\\\/\\\/autofans.com.ar\\\/#website\"},\"primaryImageOfPage\":{\"@id\":\"https:\\\/\\\/autofans.com.ar\\\/index.php\\\/2023\\\/04\\\/27\\\/fpt-industrial-amplia-su-red-de-distribuidores-en-latinoamerica\\\/#primaryimage\"},\"image\":{\"@id\":\"https:\\\/\\\/autofans.com.ar\\\/index.php\\\/2023\\\/04\\\/27\\\/fpt-industrial-amplia-su-red-de-distribuidores-en-latinoamerica\\\/#primaryimage\"},\"thumbnailUrl\":\"https:\\\/\\\/autofans.com.ar\\\/wp-content\\\/uploads\\\/2023\\\/04\\\/foto-1-48.jpg\",\"datePublished\":\"2023-04-27T15:14:54+00:00\",\"author\":{\"@id\":\"https:\\\/\\\/autofans.com.ar\\\/#\\\/schema\\\/person\\\/4a8dda0b6df83ac3d6723e921274c2aa\"},\"description\":\"FPT Industrial l\u00edder en motores para generadores de energ\u00eda motores agr\u00edcolas de construcci\u00f3n y marinos ampl\u00eda su presencia en Am\u00e9rica Latina\",\"breadcrumb\":{\"@id\":\"https:\\\/\\\/autofans.com.ar\\\/index.php\\\/2023\\\/04\\\/27\\\/fpt-industrial-amplia-su-red-de-distribuidores-en-latinoamerica\\\/#breadcrumb\"},\"inLanguage\":\"es\",\"potentialAction\":[{\"@type\":\"ReadAction\",\"target\":[\"https:\\\/\\\/autofans.com.ar\\\/index.php\\\/2023\\\/04\\\/27\\\/fpt-industrial-amplia-su-red-de-distribuidores-en-latinoamerica\\\/\"]}]},{\"@type\":\"ImageObject\",\"inLanguage\":\"es\",\"@id\":\"https:\\\/\\\/autofans.com.ar\\\/index.php\\\/2023\\\/04\\\/27\\\/fpt-industrial-amplia-su-red-de-distribuidores-en-latinoamerica\\\/#primaryimage\",\"url\":\"https:\\\/\\\/autofans.com.ar\\\/wp-content\\\/uploads\\\/2023\\\/04\\\/foto-1-48.jpg\",\"contentUrl\":\"https:\\\/\\\/autofans.com.ar\\\/wp-content\\\/uploads\\\/2023\\\/04\\\/foto-1-48.jpg\",\"width\":1000,\"height\":667,\"caption\":\"fpt\"},{\"@type\":\"BreadcrumbList\",\"@id\":\"https:\\\/\\\/autofans.com.ar\\\/index.php\\\/2023\\\/04\\\/27\\\/fpt-industrial-amplia-su-red-de-distribuidores-en-latinoamerica\\\/#breadcrumb\",\"itemListElement\":[{\"@type\":\"ListItem\",\"position\":1,\"name\":\"Inicio\",\"item\":\"https:\\\/\\\/autofans.com.ar\\\/\"},{\"@type\":\"ListItem\",\"position\":2,\"name\":\"FPT Industrial ampl\u00eda su red de distribuidores en Latinoam\u00e9rica\"}]},{\"@type\":\"WebSite\",\"@id\":\"https:\\\/\\\/autofans.com.ar\\\/#website\",\"url\":\"https:\\\/\\\/autofans.com.ar\\\/\",\"name\":\"\",\"description\":\"El multimedio referente de la industria automotriz\",\"potentialAction\":[{\"@type\":\"SearchAction\",\"target\":{\"@type\":\"EntryPoint\",\"urlTemplate\":\"https:\\\/\\\/autofans.com.ar\\\/?s={search_term_string}\"},\"query-input\":{\"@type\":\"PropertyValueSpecification\",\"valueRequired\":true,\"valueName\":\"search_term_string\"}}],\"inLanguage\":\"es\"},{\"@type\":\"Person\",\"@id\":\"https:\\\/\\\/autofans.com.ar\\\/#\\\/schema\\\/person\\\/4a8dda0b6df83ac3d6723e921274c2aa\",\"name\":\"Alejandro Gabriel Rosito\",\"image\":{\"@type\":\"ImageObject\",\"inLanguage\":\"es\",\"@id\":\"https:\\\/\\\/secure.gravatar.com\\\/avatar\\\/16c5dda1489adfc62618084dcbb91cffd879c374b13fe5dd8e44ed6733852c88?s=96&d=mm&r=g\",\"url\":\"https:\\\/\\\/secure.gravatar.com\\\/avatar\\\/16c5dda1489adfc62618084dcbb91cffd879c374b13fe5dd8e44ed6733852c88?s=96&d=mm&r=g\",\"contentUrl\":\"https:\\\/\\\/secure.gravatar.com\\\/avatar\\\/16c5dda1489adfc62618084dcbb91cffd879c374b13fe5dd8e44ed6733852c88?s=96&d=mm&r=g\",\"caption\":\"Alejandro Gabriel Rosito\"},\"url\":\"https:\\\/\\\/autofans.com.ar\\\/index.php\\\/author\\\/gabrielr\\\/\"}]}<\/script>\n<!-- \/ Yoast SEO plugin. -->","yoast_head_json":{"title":"FPT Industrial ampl\u00eda su red de distribuidores en Latinoam\u00e9rica -","description":"FPT Industrial l\u00edder en motores para generadores de energ\u00eda motores agr\u00edcolas de construcci\u00f3n y marinos ampl\u00eda su presencia en Am\u00e9rica Latina","robots":{"index":"index","follow":"follow","max-snippet":"max-snippet:-1","max-image-preview":"max-image-preview:large","max-video-preview":"max-video-preview:-1"},"canonical":"https:\/\/autofans.com.ar\/index.php\/2023\/04\/27\/fpt-industrial-amplia-su-red-de-distribuidores-en-latinoamerica\/","og_locale":"es_ES","og_type":"article","og_title":"FPT Industrial ampl\u00eda su red de distribuidores en Latinoam\u00e9rica -","og_description":"FPT Industrial l\u00edder en motores para generadores de energ\u00eda motores agr\u00edcolas de construcci\u00f3n y marinos ampl\u00eda su presencia en Am\u00e9rica Latina","og_url":"https:\/\/autofans.com.ar\/index.php\/2023\/04\/27\/fpt-industrial-amplia-su-red-de-distribuidores-en-latinoamerica\/","article_published_time":"2023-04-27T15:14:54+00:00","og_image":[{"width":1000,"height":667,"url":"https:\/\/autofans.com.ar\/wp-content\/uploads\/2023\/04\/foto-1-48.jpg","type":"image\/jpeg"}],"author":"Alejandro Gabriel Rosito","twitter_card":"summary_large_image","twitter_misc":{"Escrito por":"Alejandro Gabriel Rosito","Tiempo de lectura":"3 minutos"},"schema":{"@context":"https:\/\/schema.org","@graph":[{"@type":"Article","@id":"https:\/\/autofans.com.ar\/index.php\/2023\/04\/27\/fpt-industrial-amplia-su-red-de-distribuidores-en-latinoamerica\/#article","isPartOf":{"@id":"https:\/\/autofans.com.ar\/index.php\/2023\/04\/27\/fpt-industrial-amplia-su-red-de-distribuidores-en-latinoamerica\/"},"author":{"name":"Alejandro Gabriel Rosito","@id":"https:\/\/autofans.com.ar\/#\/schema\/person\/4a8dda0b6df83ac3d6723e921274c2aa"},"headline":"FPT Industrial ampl\u00eda su red de distribuidores en Latinoam\u00e9rica","datePublished":"2023-04-27T15:14:54+00:00","mainEntityOfPage":{"@id":"https:\/\/autofans.com.ar\/index.php\/2023\/04\/27\/fpt-industrial-amplia-su-red-de-distribuidores-en-latinoamerica\/"},"wordCount":404,"image":{"@id":"https:\/\/autofans.com.ar\/index.php\/2023\/04\/27\/fpt-industrial-amplia-su-red-de-distribuidores-en-latinoamerica\/#primaryimage"},"thumbnailUrl":"https:\/\/autofans.com.ar\/wp-content\/uploads\/2023\/04\/foto-1-48.jpg","keywords":["#innovaci\u00f3n","Am\u00e9rica Latina","Bolivia","distribuidores","FPT Industrial","motores","Nicaragua","servicios"],"articleSection":["EMPRESAS","NOTICIAS"],"inLanguage":"es"},{"@type":"WebPage","@id":"https:\/\/autofans.com.ar\/index.php\/2023\/04\/27\/fpt-industrial-amplia-su-red-de-distribuidores-en-latinoamerica\/","url":"https:\/\/autofans.com.ar\/index.php\/2023\/04\/27\/fpt-industrial-amplia-su-red-de-distribuidores-en-latinoamerica\/","name":"FPT Industrial ampl\u00eda su red de distribuidores en Latinoam\u00e9rica -","isPartOf":{"@id":"https:\/\/autofans.com.ar\/#website"},"primaryImageOfPage":{"@id":"https:\/\/autofans.com.ar\/index.php\/2023\/04\/27\/fpt-industrial-amplia-su-red-de-distribuidores-en-latinoamerica\/#primaryimage"},"image":{"@id":"https:\/\/autofans.com.ar\/index.php\/2023\/04\/27\/fpt-industrial-amplia-su-red-de-distribuidores-en-latinoamerica\/#primaryimage"},"thumbnailUrl":"https:\/\/autofans.com.ar\/wp-content\/uploads\/2023\/04\/foto-1-48.jpg","datePublished":"2023-04-27T15:14:54+00:00","author":{"@id":"https:\/\/autofans.com.ar\/#\/schema\/person\/4a8dda0b6df83ac3d6723e921274c2aa"},"description":"FPT Industrial l\u00edder en motores para generadores de energ\u00eda motores agr\u00edcolas de construcci\u00f3n y marinos ampl\u00eda su presencia en Am\u00e9rica Latina","breadcrumb":{"@id":"https:\/\/autofans.com.ar\/index.php\/2023\/04\/27\/fpt-industrial-amplia-su-red-de-distribuidores-en-latinoamerica\/#breadcrumb"},"inLanguage":"es","potentialAction":[{"@type":"ReadAction","target":["https:\/\/autofans.com.ar\/index.php\/2023\/04\/27\/fpt-industrial-amplia-su-red-de-distribuidores-en-latinoamerica\/"]}]},{"@type":"ImageObject","inLanguage":"es","@id":"https:\/\/autofans.com.ar\/index.php\/2023\/04\/27\/fpt-industrial-amplia-su-red-de-distribuidores-en-latinoamerica\/#primaryimage","url":"https:\/\/autofans.com.ar\/wp-content\/uploads\/2023\/04\/foto-1-48.jpg","contentUrl":"https:\/\/autofans.com.ar\/wp-content\/uploads\/2023\/04\/foto-1-48.jpg","width":1000,"height":667,"caption":"fpt"},{"@type":"BreadcrumbList","@id":"https:\/\/autofans.com.ar\/index.php\/2023\/04\/27\/fpt-industrial-amplia-su-red-de-distribuidores-en-latinoamerica\/#breadcrumb","itemListElement":[{"@type":"ListItem","position":1,"name":"Inicio","item":"https:\/\/autofans.com.ar\/"},{"@type":"ListItem","position":2,"name":"FPT Industrial ampl\u00eda su red de distribuidores en Latinoam\u00e9rica"}]},{"@type":"WebSite","@id":"https:\/\/autofans.com.ar\/#website","url":"https:\/\/autofans.com.ar\/","name":"","description":"El multimedio referente de la industria automotriz","potentialAction":[{"@type":"SearchAction","target":{"@type":"EntryPoint","urlTemplate":"https:\/\/autofans.com.ar\/?s={search_term_string}"},"query-input":{"@type":"PropertyValueSpecification","valueRequired":true,"valueName":"search_term_string"}}],"inLanguage":"es"},{"@type":"Person","@id":"https:\/\/autofans.com.ar\/#\/schema\/person\/4a8dda0b6df83ac3d6723e921274c2aa","name":"Alejandro Gabriel Rosito","image":{"@type":"ImageObject","inLanguage":"es","@id":"https:\/\/secure.gravatar.com\/avatar\/16c5dda1489adfc62618084dcbb91cffd879c374b13fe5dd8e44ed6733852c88?s=96&d=mm&r=g","url":"https:\/\/secure.gravatar.com\/avatar\/16c5dda1489adfc62618084dcbb91cffd879c374b13fe5dd8e44ed6733852c88?s=96&d=mm&r=g","contentUrl":"https:\/\/secure.gravatar.com\/avatar\/16c5dda1489adfc62618084dcbb91cffd879c374b13fe5dd8e44ed6733852c88?s=96&d=mm&r=g","caption":"Alejandro Gabriel Rosito"},"url":"https:\/\/autofans.com.ar\/index.php\/author\/gabrielr\/"}]}},"featured_image_urls":{"full":["https:\/\/autofans.com.ar\/wp-content\/uploads\/2023\/04\/foto-1-48.jpg",1000,667,false],"thumbnail":["https:\/\/autofans.com.ar\/wp-content\/uploads\/2023\/04\/foto-1-48-150x150.jpg",150,150,true],"medium":["https:\/\/autofans.com.ar\/wp-content\/uploads\/2023\/04\/foto-1-48-300x200.jpg",300,200,true],"medium_large":["https:\/\/autofans.com.ar\/wp-content\/uploads\/2023\/04\/foto-1-48-768x512.jpg",640,427,true],"large":["https:\/\/autofans.com.ar\/wp-content\/uploads\/2023\/04\/foto-1-48.jpg",640,427,false],"1536x1536":["https:\/\/autofans.com.ar\/wp-content\/uploads\/2023\/04\/foto-1-48.jpg",1000,667,false],"2048x2048":["https:\/\/autofans.com.ar\/wp-content\/uploads\/2023\/04\/foto-1-48.jpg",1000,667,false],"covernews-featured":["https:\/\/autofans.com.ar\/wp-content\/uploads\/2023\/04\/foto-1-48.jpg",1000,667,false],"covernews-medium":["https:\/\/autofans.com.ar\/wp-content\/uploads\/2023\/04\/foto-1-48-540x340.jpg",540,340,true]},"author_info":{"display_name":"Alejandro Gabriel Rosito","author_link":"https:\/\/autofans.com.ar\/index.php\/author\/gabrielr\/"},"category_info":"<a href=\"https:\/\/autofans.com.ar\/index.php\/category\/noticias\/empresas\/\" rel=\"category tag\">EMPRESAS<\/a> <a href=\"https:\/\/autofans.com.ar\/index.php\/category\/noticias\/\" rel=\"category tag\">NOTICIAS<\/a>","tag_info":"NOTICIAS","comment_count":0,"_links":{"self":[{"href":"https:\/\/autofans.com.ar\/index.php\/wp-json\/wp\/v2\/posts\/1961","targetHints":{"allow":["GET"]}}],"collection":[{"href":"https:\/\/autofans.com.ar\/index.php\/wp-json\/wp\/v2\/posts"}],"about":[{"href":"https:\/\/autofans.com.ar\/index.php\/wp-json\/wp\/v2\/types\/post"}],"author":[{"embeddable":true,"href":"https:\/\/autofans.com.ar\/index.php\/wp-json\/wp\/v2\/users\/2"}],"replies":[{"embeddable":true,"href":"https:\/\/autofans.com.ar\/index.php\/wp-json\/wp\/v2\/comments?post=1961"}],"version-history":[{"count":5,"href":"https:\/\/autofans.com.ar\/index.php\/wp-json\/wp\/v2\/posts\/1961\/revisions"}],"predecessor-version":[{"id":1983,"href":"https:\/\/autofans.com.ar\/index.php\/wp-json\/wp\/v2\/posts\/1961\/revisions\/1983"}],"wp:featuredmedia":[{"embeddable":true,"href":"https:\/\/autofans.com.ar\/index.php\/wp-json\/wp\/v2\/media\/1963"}],"wp:attachment":[{"href":"https:\/\/autofans.com.ar\/index.php\/wp-json\/wp\/v2\/media?parent=1961"}],"wp:term":[{"taxonomy":"category","embeddable":true,"href":"https:\/\/autofans.com.ar\/index.php\/wp-json\/wp\/v2\/categories?post=1961"},{"taxonomy":"post_tag","embeddable":true,"href":"https:\/\/autofans.com.ar\/index.php\/wp-json\/wp\/v2\/tags?post=1961"}],"curies":[{"name":"wp","href":"https:\/\/api.w.org\/{rel}","templated":true}]}}