{"id":1977,"date":"2023-04-28T12:18:55","date_gmt":"2023-04-28T15:18:55","guid":{"rendered":"https:\/\/autofans.com.ar\/?p=1977"},"modified":"2023-04-28T12:18:55","modified_gmt":"2023-04-28T15:18:55","slug":"bmw-lleva-la-bundesliga-a-sus-vehiculos","status":"publish","type":"post","link":"https:\/\/autofans.com.ar\/index.php\/2023\/04\/28\/bmw-lleva-la-bundesliga-a-sus-vehiculos\/","title":{"rendered":"BMW lleva la Bundesliga a sus veh\u00edculos"},"content":{"rendered":"<p>BMW ha llevado la experiencia de ver la <a href=\"https:\/\/www.bundesliga.com\/es\/bundesliga\" target=\"_blank\" rel=\"noopener\">Bundesliga a<\/a> un nuevo nivel con su pantalla BMW Theatre. Los hinchas de f\u00fatbol ahora podr\u00e1n disfrutar de los partidos como si estuvieran en primera fila desde los asientos traseros del BMW Serie 7. Adem\u00e1s, la transmisi\u00f3n de los partidos se extender\u00e1 a otros modelos y pa\u00edses en Europa, Am\u00e9rica y Asia. BMW ha revolucionado la experiencia de ver f\u00fatbol en sus veh\u00edculos al convertirse en el primer fabricante de autos en llevar la Bundesliga a sus pantallas curvas en enero. Ahora, con la pantalla BMW Theatre, los clientes pueden disfrutar de los partidos como nunca antes. La pantalla panor\u00e1mica de 31,3 pulgadas ofrece entretenimiento de primera clase con Amazon y un sistema de antena compatible con 5G para una velocidad de transmisi\u00f3n excepcional.<\/p>\n<p>&nbsp;<\/p>\n<p><img fetchpriority=\"high\" decoding=\"async\" class=\"aligncenter wp-image-1978 size-full\" src=\"https:\/\/autofans.com.ar\/wp-content\/uploads\/2023\/04\/foto-2-47.jpg\" alt=\"BMW\" width=\"1000\" height=\"667\" srcset=\"https:\/\/autofans.com.ar\/wp-content\/uploads\/2023\/04\/foto-2-47.jpg 1000w, https:\/\/autofans.com.ar\/wp-content\/uploads\/2023\/04\/foto-2-47-300x200.jpg 300w, https:\/\/autofans.com.ar\/wp-content\/uploads\/2023\/04\/foto-2-47-768x512.jpg 768w\" sizes=\"(max-width: 1000px) 100vw, 1000px\" \/><\/p>\n<p>Por motivos de seguridad, el contenido de la Bundesliga no se puede reproducir en la pantalla delantera mientras se maneja. Sin embargo, los pasajeros de los asientos traseros pueden ver streaming en la pantalla <a href=\"https:\/\/www.bmw.com.ar\/es\/index.html\" target=\"_blank\" rel=\"noopener\">BMW Theatre<\/a> mientras el veh\u00edculo est\u00e1 en movimiento. La aplicaci\u00f3n In-Car de la Bundesliga ofrece contenido on-demand, como highlights o datos de partidos, pero tambi\u00e9n las transmisiones en directo especialmente adaptadas para ser vistas en el coche.<\/p>\n<h3>M\u00c1S PAISES M\u00c1S F\u00daTBOL<\/h3>\n<p>Adem\u00e1s del BMW Serie 7, los partidos de la Bundesliga tambi\u00e9n estar\u00e1n disponibles en otros modelos, como el BMW iX y los BMW X5, X6 y X7. Tambi\u00e9n se extender\u00e1 a otros pa\u00edses como B\u00e9lgica, Brasil, Francia, Italia, Corea, Pa\u00edses Bajos, Singapur, Sud\u00e1frica, Tailandia, Emiratos \u00c1rabes Unidos y EE. UU.<\/p>\n<p>&nbsp;<\/p>\n<p><i>Para enterarte de m\u00e1s novedades, no dejes de leer\u00a0<\/i><a href=\"https:\/\/autofans.thebrandsoup.com\/\"><i>nuestras notas<\/i><\/a><i>, de ver<\/i><b><i>\u00a0<\/i><\/b><a href=\"https:\/\/www.youtube.com\/channel\/UCgAC8UGHZYbT6P7PpmVnP7g\"><b><i>AUTOFANS TV<\/i><\/b><\/a><b><i>\u00a0<\/i><\/b><i>en nuestro\u00a0canal de Youtube. Adem\u00e1s seguinos en\u00a0<\/i><a href=\"https:\/\/www.instagram.com\/autofanstv\/\"><i>INSTAGRAM<\/i><\/a><i> y <\/i><a href=\"https:\/\/www.facebook.com\/autofansmas\/\"><i>FACEBOOK<\/i><\/a><i> para no perderte nada sobre las novedades del segmento automotor de Argentina y el mundo. <\/i><\/p>\n","protected":false},"excerpt":{"rendered":"<p>BMW ha llevado la experiencia de ver la Bundesliga a un nuevo nivel con su&#8230;<\/p>\n","protected":false},"author":2,"featured_media":1979,"comment_status":"closed","ping_status":"closed","sticky":false,"template":"","format":"standard","meta":{"footnotes":""},"categories":[218,1,16],"tags":[208,211,901,906,904,902,905,903,907,709],"class_list":["post-1977","post","type-post","status-publish","format-standard","has-post-thumbnail","hentry","category-autotecno","category-lanzamientos","category-noticias","tag-bmw","tag-tecnologia","tag-bundesliga","tag-conceptos-de-control","tag-entretenimiento","tag-futbol","tag-infotainment","tag-pantalla-bmw-theatre","tag-serie-7","tag-streaming"],"yoast_head":"<!-- This site is optimized with the Yoast SEO plugin v27.5 - https:\/\/yoast.com\/product\/yoast-seo-wordpress\/ -->\n<title>BMW lleva la Bundesliga a sus veh\u00edculos -<\/title>\n<meta name=\"description\" content=\"BMW ha llevado la experiencia de ver la Bundesliga a un nuevo nivel con su pantalla BMW Theatre. Los hinchas podr\u00e1n disfrutar de los partidos\" \/>\n<meta name=\"robots\" content=\"index, follow, max-snippet:-1, max-image-preview:large, max-video-preview:-1\" \/>\n<link rel=\"canonical\" href=\"https:\/\/autofans.com.ar\/index.php\/2023\/04\/28\/bmw-lleva-la-bundesliga-a-sus-vehiculos\/\" \/>\n<meta property=\"og:locale\" content=\"es_ES\" \/>\n<meta property=\"og:type\" content=\"article\" \/>\n<meta property=\"og:title\" content=\"BMW lleva la Bundesliga a sus veh\u00edculos -\" \/>\n<meta property=\"og:description\" content=\"BMW ha llevado la experiencia de ver la Bundesliga a un nuevo nivel con su pantalla BMW Theatre. Los hinchas podr\u00e1n disfrutar de los partidos\" \/>\n<meta property=\"og:url\" content=\"https:\/\/autofans.com.ar\/index.php\/2023\/04\/28\/bmw-lleva-la-bundesliga-a-sus-vehiculos\/\" \/>\n<meta property=\"article:published_time\" content=\"2023-04-28T15:18:55+00:00\" \/>\n<meta property=\"og:image\" content=\"https:\/\/autofans.com.ar\/wp-content\/uploads\/2023\/04\/foto-1-50.jpg\" \/>\n\t<meta property=\"og:image:width\" content=\"1000\" \/>\n\t<meta property=\"og:image:height\" content=\"667\" \/>\n\t<meta property=\"og:image:type\" content=\"image\/jpeg\" \/>\n<meta name=\"author\" content=\"Alejandro Gabriel Rosito\" \/>\n<meta name=\"twitter:card\" content=\"summary_large_image\" \/>\n<meta name=\"twitter:label1\" content=\"Escrito por\" \/>\n\t<meta name=\"twitter:data1\" content=\"Alejandro Gabriel Rosito\" \/>\n\t<meta name=\"twitter:label2\" content=\"Tiempo de lectura\" \/>\n\t<meta name=\"twitter:data2\" content=\"2 minutos\" \/>\n<script type=\"application\/ld+json\" class=\"yoast-schema-graph\">{\"@context\":\"https:\\\/\\\/schema.org\",\"@graph\":[{\"@type\":\"Article\",\"@id\":\"https:\\\/\\\/autofans.com.ar\\\/index.php\\\/2023\\\/04\\\/28\\\/bmw-lleva-la-bundesliga-a-sus-vehiculos\\\/#article\",\"isPartOf\":{\"@id\":\"https:\\\/\\\/autofans.com.ar\\\/index.php\\\/2023\\\/04\\\/28\\\/bmw-lleva-la-bundesliga-a-sus-vehiculos\\\/\"},\"author\":{\"name\":\"Alejandro Gabriel Rosito\",\"@id\":\"https:\\\/\\\/autofans.com.ar\\\/#\\\/schema\\\/person\\\/4a8dda0b6df83ac3d6723e921274c2aa\"},\"headline\":\"BMW lleva la Bundesliga a sus veh\u00edculos\",\"datePublished\":\"2023-04-28T15:18:55+00:00\",\"mainEntityOfPage\":{\"@id\":\"https:\\\/\\\/autofans.com.ar\\\/index.php\\\/2023\\\/04\\\/28\\\/bmw-lleva-la-bundesliga-a-sus-vehiculos\\\/\"},\"wordCount\":331,\"image\":{\"@id\":\"https:\\\/\\\/autofans.com.ar\\\/index.php\\\/2023\\\/04\\\/28\\\/bmw-lleva-la-bundesliga-a-sus-vehiculos\\\/#primaryimage\"},\"thumbnailUrl\":\"https:\\\/\\\/autofans.com.ar\\\/wp-content\\\/uploads\\\/2023\\\/04\\\/foto-1-50.jpg\",\"keywords\":[\"#BMW\",\"#tecnolog\u00eda\",\"Bundesliga\",\"conceptos de control\",\"entretenimiento\",\"f\u00fatbol\",\"infotainment\",\"pantalla BMW Theatre\",\"Serie 7\",\"Streaming\"],\"articleSection\":[\"AUTOTECNO\",\"LANZAMIENTOS\",\"NOTICIAS\"],\"inLanguage\":\"es\"},{\"@type\":\"WebPage\",\"@id\":\"https:\\\/\\\/autofans.com.ar\\\/index.php\\\/2023\\\/04\\\/28\\\/bmw-lleva-la-bundesliga-a-sus-vehiculos\\\/\",\"url\":\"https:\\\/\\\/autofans.com.ar\\\/index.php\\\/2023\\\/04\\\/28\\\/bmw-lleva-la-bundesliga-a-sus-vehiculos\\\/\",\"name\":\"BMW lleva la Bundesliga a sus veh\u00edculos -\",\"isPartOf\":{\"@id\":\"https:\\\/\\\/autofans.com.ar\\\/#website\"},\"primaryImageOfPage\":{\"@id\":\"https:\\\/\\\/autofans.com.ar\\\/index.php\\\/2023\\\/04\\\/28\\\/bmw-lleva-la-bundesliga-a-sus-vehiculos\\\/#primaryimage\"},\"image\":{\"@id\":\"https:\\\/\\\/autofans.com.ar\\\/index.php\\\/2023\\\/04\\\/28\\\/bmw-lleva-la-bundesliga-a-sus-vehiculos\\\/#primaryimage\"},\"thumbnailUrl\":\"https:\\\/\\\/autofans.com.ar\\\/wp-content\\\/uploads\\\/2023\\\/04\\\/foto-1-50.jpg\",\"datePublished\":\"2023-04-28T15:18:55+00:00\",\"author\":{\"@id\":\"https:\\\/\\\/autofans.com.ar\\\/#\\\/schema\\\/person\\\/4a8dda0b6df83ac3d6723e921274c2aa\"},\"description\":\"BMW ha llevado la experiencia de ver la Bundesliga a un nuevo nivel con su pantalla BMW Theatre. Los hinchas podr\u00e1n disfrutar de los partidos\",\"breadcrumb\":{\"@id\":\"https:\\\/\\\/autofans.com.ar\\\/index.php\\\/2023\\\/04\\\/28\\\/bmw-lleva-la-bundesliga-a-sus-vehiculos\\\/#breadcrumb\"},\"inLanguage\":\"es\",\"potentialAction\":[{\"@type\":\"ReadAction\",\"target\":[\"https:\\\/\\\/autofans.com.ar\\\/index.php\\\/2023\\\/04\\\/28\\\/bmw-lleva-la-bundesliga-a-sus-vehiculos\\\/\"]}]},{\"@type\":\"ImageObject\",\"inLanguage\":\"es\",\"@id\":\"https:\\\/\\\/autofans.com.ar\\\/index.php\\\/2023\\\/04\\\/28\\\/bmw-lleva-la-bundesliga-a-sus-vehiculos\\\/#primaryimage\",\"url\":\"https:\\\/\\\/autofans.com.ar\\\/wp-content\\\/uploads\\\/2023\\\/04\\\/foto-1-50.jpg\",\"contentUrl\":\"https:\\\/\\\/autofans.com.ar\\\/wp-content\\\/uploads\\\/2023\\\/04\\\/foto-1-50.jpg\",\"width\":1000,\"height\":667,\"caption\":\"BMW\"},{\"@type\":\"BreadcrumbList\",\"@id\":\"https:\\\/\\\/autofans.com.ar\\\/index.php\\\/2023\\\/04\\\/28\\\/bmw-lleva-la-bundesliga-a-sus-vehiculos\\\/#breadcrumb\",\"itemListElement\":[{\"@type\":\"ListItem\",\"position\":1,\"name\":\"Inicio\",\"item\":\"https:\\\/\\\/autofans.com.ar\\\/\"},{\"@type\":\"ListItem\",\"position\":2,\"name\":\"BMW lleva la Bundesliga a sus veh\u00edculos\"}]},{\"@type\":\"WebSite\",\"@id\":\"https:\\\/\\\/autofans.com.ar\\\/#website\",\"url\":\"https:\\\/\\\/autofans.com.ar\\\/\",\"name\":\"\",\"description\":\"El multimedio referente de la industria automotriz\",\"potentialAction\":[{\"@type\":\"SearchAction\",\"target\":{\"@type\":\"EntryPoint\",\"urlTemplate\":\"https:\\\/\\\/autofans.com.ar\\\/?s={search_term_string}\"},\"query-input\":{\"@type\":\"PropertyValueSpecification\",\"valueRequired\":true,\"valueName\":\"search_term_string\"}}],\"inLanguage\":\"es\"},{\"@type\":\"Person\",\"@id\":\"https:\\\/\\\/autofans.com.ar\\\/#\\\/schema\\\/person\\\/4a8dda0b6df83ac3d6723e921274c2aa\",\"name\":\"Alejandro Gabriel Rosito\",\"image\":{\"@type\":\"ImageObject\",\"inLanguage\":\"es\",\"@id\":\"https:\\\/\\\/secure.gravatar.com\\\/avatar\\\/16c5dda1489adfc62618084dcbb91cffd879c374b13fe5dd8e44ed6733852c88?s=96&d=mm&r=g\",\"url\":\"https:\\\/\\\/secure.gravatar.com\\\/avatar\\\/16c5dda1489adfc62618084dcbb91cffd879c374b13fe5dd8e44ed6733852c88?s=96&d=mm&r=g\",\"contentUrl\":\"https:\\\/\\\/secure.gravatar.com\\\/avatar\\\/16c5dda1489adfc62618084dcbb91cffd879c374b13fe5dd8e44ed6733852c88?s=96&d=mm&r=g\",\"caption\":\"Alejandro Gabriel Rosito\"},\"url\":\"https:\\\/\\\/autofans.com.ar\\\/index.php\\\/author\\\/gabrielr\\\/\"}]}<\/script>\n<!-- \/ Yoast SEO plugin. -->","yoast_head_json":{"title":"BMW lleva la Bundesliga a sus veh\u00edculos -","description":"BMW ha llevado la experiencia de ver la Bundesliga a un nuevo nivel con su pantalla BMW Theatre. Los hinchas podr\u00e1n disfrutar de los partidos","robots":{"index":"index","follow":"follow","max-snippet":"max-snippet:-1","max-image-preview":"max-image-preview:large","max-video-preview":"max-video-preview:-1"},"canonical":"https:\/\/autofans.com.ar\/index.php\/2023\/04\/28\/bmw-lleva-la-bundesliga-a-sus-vehiculos\/","og_locale":"es_ES","og_type":"article","og_title":"BMW lleva la Bundesliga a sus veh\u00edculos -","og_description":"BMW ha llevado la experiencia de ver la Bundesliga a un nuevo nivel con su pantalla BMW Theatre. Los hinchas podr\u00e1n disfrutar de los partidos","og_url":"https:\/\/autofans.com.ar\/index.php\/2023\/04\/28\/bmw-lleva-la-bundesliga-a-sus-vehiculos\/","article_published_time":"2023-04-28T15:18:55+00:00","og_image":[{"width":1000,"height":667,"url":"https:\/\/autofans.com.ar\/wp-content\/uploads\/2023\/04\/foto-1-50.jpg","type":"image\/jpeg"}],"author":"Alejandro Gabriel Rosito","twitter_card":"summary_large_image","twitter_misc":{"Escrito por":"Alejandro Gabriel Rosito","Tiempo de lectura":"2 minutos"},"schema":{"@context":"https:\/\/schema.org","@graph":[{"@type":"Article","@id":"https:\/\/autofans.com.ar\/index.php\/2023\/04\/28\/bmw-lleva-la-bundesliga-a-sus-vehiculos\/#article","isPartOf":{"@id":"https:\/\/autofans.com.ar\/index.php\/2023\/04\/28\/bmw-lleva-la-bundesliga-a-sus-vehiculos\/"},"author":{"name":"Alejandro Gabriel Rosito","@id":"https:\/\/autofans.com.ar\/#\/schema\/person\/4a8dda0b6df83ac3d6723e921274c2aa"},"headline":"BMW lleva la Bundesliga a sus veh\u00edculos","datePublished":"2023-04-28T15:18:55+00:00","mainEntityOfPage":{"@id":"https:\/\/autofans.com.ar\/index.php\/2023\/04\/28\/bmw-lleva-la-bundesliga-a-sus-vehiculos\/"},"wordCount":331,"image":{"@id":"https:\/\/autofans.com.ar\/index.php\/2023\/04\/28\/bmw-lleva-la-bundesliga-a-sus-vehiculos\/#primaryimage"},"thumbnailUrl":"https:\/\/autofans.com.ar\/wp-content\/uploads\/2023\/04\/foto-1-50.jpg","keywords":["#BMW","#tecnolog\u00eda","Bundesliga","conceptos de control","entretenimiento","f\u00fatbol","infotainment","pantalla BMW Theatre","Serie 7","Streaming"],"articleSection":["AUTOTECNO","LANZAMIENTOS","NOTICIAS"],"inLanguage":"es"},{"@type":"WebPage","@id":"https:\/\/autofans.com.ar\/index.php\/2023\/04\/28\/bmw-lleva-la-bundesliga-a-sus-vehiculos\/","url":"https:\/\/autofans.com.ar\/index.php\/2023\/04\/28\/bmw-lleva-la-bundesliga-a-sus-vehiculos\/","name":"BMW lleva la Bundesliga a sus veh\u00edculos -","isPartOf":{"@id":"https:\/\/autofans.com.ar\/#website"},"primaryImageOfPage":{"@id":"https:\/\/autofans.com.ar\/index.php\/2023\/04\/28\/bmw-lleva-la-bundesliga-a-sus-vehiculos\/#primaryimage"},"image":{"@id":"https:\/\/autofans.com.ar\/index.php\/2023\/04\/28\/bmw-lleva-la-bundesliga-a-sus-vehiculos\/#primaryimage"},"thumbnailUrl":"https:\/\/autofans.com.ar\/wp-content\/uploads\/2023\/04\/foto-1-50.jpg","datePublished":"2023-04-28T15:18:55+00:00","author":{"@id":"https:\/\/autofans.com.ar\/#\/schema\/person\/4a8dda0b6df83ac3d6723e921274c2aa"},"description":"BMW ha llevado la experiencia de ver la Bundesliga a un nuevo nivel con su pantalla BMW Theatre. Los hinchas podr\u00e1n disfrutar de los partidos","breadcrumb":{"@id":"https:\/\/autofans.com.ar\/index.php\/2023\/04\/28\/bmw-lleva-la-bundesliga-a-sus-vehiculos\/#breadcrumb"},"inLanguage":"es","potentialAction":[{"@type":"ReadAction","target":["https:\/\/autofans.com.ar\/index.php\/2023\/04\/28\/bmw-lleva-la-bundesliga-a-sus-vehiculos\/"]}]},{"@type":"ImageObject","inLanguage":"es","@id":"https:\/\/autofans.com.ar\/index.php\/2023\/04\/28\/bmw-lleva-la-bundesliga-a-sus-vehiculos\/#primaryimage","url":"https:\/\/autofans.com.ar\/wp-content\/uploads\/2023\/04\/foto-1-50.jpg","contentUrl":"https:\/\/autofans.com.ar\/wp-content\/uploads\/2023\/04\/foto-1-50.jpg","width":1000,"height":667,"caption":"BMW"},{"@type":"BreadcrumbList","@id":"https:\/\/autofans.com.ar\/index.php\/2023\/04\/28\/bmw-lleva-la-bundesliga-a-sus-vehiculos\/#breadcrumb","itemListElement":[{"@type":"ListItem","position":1,"name":"Inicio","item":"https:\/\/autofans.com.ar\/"},{"@type":"ListItem","position":2,"name":"BMW lleva la Bundesliga a sus veh\u00edculos"}]},{"@type":"WebSite","@id":"https:\/\/autofans.com.ar\/#website","url":"https:\/\/autofans.com.ar\/","name":"","description":"El multimedio referente de la industria automotriz","potentialAction":[{"@type":"SearchAction","target":{"@type":"EntryPoint","urlTemplate":"https:\/\/autofans.com.ar\/?s={search_term_string}"},"query-input":{"@type":"PropertyValueSpecification","valueRequired":true,"valueName":"search_term_string"}}],"inLanguage":"es"},{"@type":"Person","@id":"https:\/\/autofans.com.ar\/#\/schema\/person\/4a8dda0b6df83ac3d6723e921274c2aa","name":"Alejandro Gabriel Rosito","image":{"@type":"ImageObject","inLanguage":"es","@id":"https:\/\/secure.gravatar.com\/avatar\/16c5dda1489adfc62618084dcbb91cffd879c374b13fe5dd8e44ed6733852c88?s=96&d=mm&r=g","url":"https:\/\/secure.gravatar.com\/avatar\/16c5dda1489adfc62618084dcbb91cffd879c374b13fe5dd8e44ed6733852c88?s=96&d=mm&r=g","contentUrl":"https:\/\/secure.gravatar.com\/avatar\/16c5dda1489adfc62618084dcbb91cffd879c374b13fe5dd8e44ed6733852c88?s=96&d=mm&r=g","caption":"Alejandro Gabriel Rosito"},"url":"https:\/\/autofans.com.ar\/index.php\/author\/gabrielr\/"}]}},"featured_image_urls":{"full":["https:\/\/autofans.com.ar\/wp-content\/uploads\/2023\/04\/foto-1-50.jpg",1000,667,false],"thumbnail":["https:\/\/autofans.com.ar\/wp-content\/uploads\/2023\/04\/foto-1-50-150x150.jpg",150,150,true],"medium":["https:\/\/autofans.com.ar\/wp-content\/uploads\/2023\/04\/foto-1-50-300x200.jpg",300,200,true],"medium_large":["https:\/\/autofans.com.ar\/wp-content\/uploads\/2023\/04\/foto-1-50-768x512.jpg",640,427,true],"large":["https:\/\/autofans.com.ar\/wp-content\/uploads\/2023\/04\/foto-1-50.jpg",640,427,false],"1536x1536":["https:\/\/autofans.com.ar\/wp-content\/uploads\/2023\/04\/foto-1-50.jpg",1000,667,false],"2048x2048":["https:\/\/autofans.com.ar\/wp-content\/uploads\/2023\/04\/foto-1-50.jpg",1000,667,false],"covernews-featured":["https:\/\/autofans.com.ar\/wp-content\/uploads\/2023\/04\/foto-1-50.jpg",1000,667,false],"covernews-medium":["https:\/\/autofans.com.ar\/wp-content\/uploads\/2023\/04\/foto-1-50-540x340.jpg",540,340,true]},"author_info":{"display_name":"Alejandro Gabriel Rosito","author_link":"https:\/\/autofans.com.ar\/index.php\/author\/gabrielr\/"},"category_info":"<a href=\"https:\/\/autofans.com.ar\/index.php\/category\/noticias\/autotecno\/\" rel=\"category tag\">AUTOTECNO<\/a> <a href=\"https:\/\/autofans.com.ar\/index.php\/category\/lanzamientos\/\" rel=\"category tag\">LANZAMIENTOS<\/a> <a href=\"https:\/\/autofans.com.ar\/index.php\/category\/noticias\/\" rel=\"category tag\">NOTICIAS<\/a>","tag_info":"NOTICIAS","comment_count":0,"_links":{"self":[{"href":"https:\/\/autofans.com.ar\/index.php\/wp-json\/wp\/v2\/posts\/1977","targetHints":{"allow":["GET"]}}],"collection":[{"href":"https:\/\/autofans.com.ar\/index.php\/wp-json\/wp\/v2\/posts"}],"about":[{"href":"https:\/\/autofans.com.ar\/index.php\/wp-json\/wp\/v2\/types\/post"}],"author":[{"embeddable":true,"href":"https:\/\/autofans.com.ar\/index.php\/wp-json\/wp\/v2\/users\/2"}],"replies":[{"embeddable":true,"href":"https:\/\/autofans.com.ar\/index.php\/wp-json\/wp\/v2\/comments?post=1977"}],"version-history":[{"count":3,"href":"https:\/\/autofans.com.ar\/index.php\/wp-json\/wp\/v2\/posts\/1977\/revisions"}],"predecessor-version":[{"id":1982,"href":"https:\/\/autofans.com.ar\/index.php\/wp-json\/wp\/v2\/posts\/1977\/revisions\/1982"}],"wp:featuredmedia":[{"embeddable":true,"href":"https:\/\/autofans.com.ar\/index.php\/wp-json\/wp\/v2\/media\/1979"}],"wp:attachment":[{"href":"https:\/\/autofans.com.ar\/index.php\/wp-json\/wp\/v2\/media?parent=1977"}],"wp:term":[{"taxonomy":"category","embeddable":true,"href":"https:\/\/autofans.com.ar\/index.php\/wp-json\/wp\/v2\/categories?post=1977"},{"taxonomy":"post_tag","embeddable":true,"href":"https:\/\/autofans.com.ar\/index.php\/wp-json\/wp\/v2\/tags?post=1977"}],"curies":[{"name":"wp","href":"https:\/\/api.w.org\/{rel}","templated":true}]}}