{"id":1984,"date":"2023-04-27T13:45:04","date_gmt":"2023-04-27T16:45:04","guid":{"rendered":"https:\/\/autofans.com.ar\/?p=1984"},"modified":"2023-04-27T13:58:12","modified_gmt":"2023-04-27T16:58:12","slug":"audi-y-raizen-se-alian-para-potenciar-la-red-de-cargadores-electricos-en-argentina","status":"publish","type":"post","link":"https:\/\/autofans.com.ar\/index.php\/2023\/04\/27\/audi-y-raizen-se-alian-para-potenciar-la-red-de-cargadores-electricos-en-argentina\/","title":{"rendered":"Audi y Ra\u00edzen se al\u00edan para potenciar la red de cargadores el\u00e9ctricos en Argentina"},"content":{"rendered":"<p>Audi, l\u00edder mundial en el desarrollo de veh\u00edculos el\u00e9ctricos, y <a href=\"https:\/\/www.raizen.com.br\/es\" target=\"_blank\" rel=\"noopener\">Ra\u00edzen,<\/a> una de las empresas energ\u00e9ticas m\u00e1s importantes de Am\u00e9rica Latina, han anunciado una nueva alianza para potenciar la red de cargadores el\u00e9ctricos en Argentina. Esta iniciativa contempla la instalaci\u00f3n de m\u00e1s de 30 cargadores en conjunto en las principales rutas y corredores locales en el mediano plazo.<\/p>\n<p>El primer resultado de esta alianza es la inauguraci\u00f3n de un cargador ultra-r\u00e1pido en la localidad de Chascom\u00fas, ubicado en la Ruta 2 Km 115,5. Este cargador de 160 kW es el primero de su tipo en una red de estaciones de servicio en Argentina, lo que permite una recarga completa en menos de 20 minutos para que los clientes puedan continuar su viaje despu\u00e9s de una breve pausa.<\/p>\n<p>&nbsp;<\/p>\n<div id='gallery-1' class='gallery galleryid-1984 gallery-columns-2 gallery-size-large'><figure class='gallery-item'>\n\t\t\t<div class='gallery-icon landscape'>\n\t\t\t\t<a href='https:\/\/autofans.com.ar\/index.php\/2023\/04\/27\/audi-y-raizen-se-alian-para-potenciar-la-red-de-cargadores-electricos-en-argentina\/foto-3-58\/'><img loading=\"lazy\" width=\"640\" height=\"427\" src=\"https:\/\/autofans.com.ar\/wp-content\/uploads\/2023\/04\/foto-3-43.jpg\" class=\"attachment-large size-large\" alt=\"Shell Recharge\" srcset=\"https:\/\/autofans.com.ar\/wp-content\/uploads\/2023\/04\/foto-3-43.jpg 1000w, https:\/\/autofans.com.ar\/wp-content\/uploads\/2023\/04\/foto-3-43-300x200.jpg 300w, https:\/\/autofans.com.ar\/wp-content\/uploads\/2023\/04\/foto-3-43-768x512.jpg 768w\" sizes=\"auto, (max-width: 640px) 100vw, 640px\" loading=\"lazy\" decoding=\"async\" \/><\/a>\n\t\t\t<\/div><\/figure><figure class='gallery-item'>\n\t\t\t<div class='gallery-icon landscape'>\n\t\t\t\t<a href='https:\/\/autofans.com.ar\/index.php\/2023\/04\/27\/audi-y-raizen-se-alian-para-potenciar-la-red-de-cargadores-electricos-en-argentina\/foto-2-64\/'><img loading=\"lazy\" width=\"640\" height=\"427\" src=\"https:\/\/autofans.com.ar\/wp-content\/uploads\/2023\/04\/foto-2-48.jpg\" class=\"attachment-large size-large\" alt=\"audi\" srcset=\"https:\/\/autofans.com.ar\/wp-content\/uploads\/2023\/04\/foto-2-48.jpg 1000w, https:\/\/autofans.com.ar\/wp-content\/uploads\/2023\/04\/foto-2-48-300x200.jpg 300w, https:\/\/autofans.com.ar\/wp-content\/uploads\/2023\/04\/foto-2-48-768x512.jpg 768w\" sizes=\"auto, (max-width: 640px) 100vw, 640px\" loading=\"lazy\" decoding=\"async\" \/><\/a>\n\t\t\t<\/div><\/figure>\n\t\t<\/div>\n\n<p>&nbsp;<\/p>\n<h3>Shell Recharge<\/h3>\n<p>La red de cargadores <a href=\"https:\/\/shellrecharge.com\/en\" target=\"_blank\" rel=\"noopener\">Shell Recharge,<\/a> estar\u00e1 conformada por cargadores de 160 kW y 50 kW en las principales rutas de Argentina, incluyendo Autopistas Urbanas del Gran Buenos Aires y los corredores Buenos Aires &#8211; Costa Atl\u00e1ntica y Buenos Aires &#8211; Rosario &#8211; C\u00f3rdoba. La red es abierta a todos los usuarios de autos el\u00e9ctricos y los clientes de la marca Audi tendr\u00e1n el beneficio de carga gratuita a partir de hoy. Shell Recharge es una marca global de Shell presente en m\u00e1s de 35 pa\u00edses, que brinda soluciones para la recarga de veh\u00edculos el\u00e9ctricos en estaciones de servicio Shell y otros puntos, como locaciones de retail.<\/p>\n<p>&nbsp;<\/p>\n<p><img fetchpriority=\"high\" decoding=\"async\" class=\"aligncenter wp-image-1990 size-full\" src=\"https:\/\/autofans.com.ar\/wp-content\/uploads\/2023\/04\/foto-1-51.jpg\" alt=\"shell\" width=\"1000\" height=\"667\" srcset=\"https:\/\/autofans.com.ar\/wp-content\/uploads\/2023\/04\/foto-1-51.jpg 1000w, https:\/\/autofans.com.ar\/wp-content\/uploads\/2023\/04\/foto-1-51-300x200.jpg 300w, https:\/\/autofans.com.ar\/wp-content\/uploads\/2023\/04\/foto-1-51-768x512.jpg 768w\" sizes=\"(max-width: 1000px) 100vw, 1000px\" \/><\/p>\n<p>Para finalizar la alianza entre Ra\u00edzen <a href=\"https:\/\/www.audi.com.ar\/ar\/web\/es.html\" target=\"_blank\" rel=\"noopener\">y Audi<\/a> busca impulsar el desarrollo de la electromovilidad en Argentina y generar nuevos proyectos en conjunto. Esta colaboraci\u00f3n se suma a la alianza global entre ambas empresas, que involucra proyectos y desarrollos para el futuro de los veh\u00edculos el\u00e9ctricos y la movilidad sustentable. El evento de presentaci\u00f3n de la Alianza e inauguraci\u00f3n del primer cargador en conjunto se llev\u00f3 a cabo en Chascom\u00fas, donde ejecutivos de ambas marcas declararon su compromiso con la electromovilidad y su inter\u00e9s en seguir optimizando el camino en Argentina.<\/p>\n<p>&nbsp;<\/p>\n<p><i>Para enterarte de m\u00e1s novedades, no dejes de leer\u00a0<\/i><a href=\"https:\/\/autofans.thebrandsoup.com\/\"><i>nuestras notas<\/i><\/a><i>, de ver<\/i><b><i>\u00a0<\/i><\/b><a href=\"https:\/\/www.youtube.com\/channel\/UCgAC8UGHZYbT6P7PpmVnP7g\"><b><i>AUTOFANS TV<\/i><\/b><\/a><b><i>\u00a0<\/i><\/b><i>en nuestro\u00a0canal de Youtube. Adem\u00e1s seguinos en\u00a0<\/i><a href=\"https:\/\/www.instagram.com\/autofanstv\/\"><i>INSTAGRAM<\/i><\/a><i> y <\/i><a href=\"https:\/\/www.facebook.com\/autofansmas\/\"><i>FACEBOOK<\/i><\/a><i> para no perderte nada sobre las novedades del segmento automotor de Argentina y el mundo. <\/i><\/p>\n","protected":false},"excerpt":{"rendered":"<p>Audi, l\u00edder mundial en el desarrollo de veh\u00edculos el\u00e9ctricos, y Ra\u00edzen, una de las empresas&#8230;<\/p>\n","protected":false},"author":2,"featured_media":1986,"comment_status":"closed","ping_status":"closed","sticky":false,"template":"","format":"standard","meta":{"footnotes":""},"categories":[292,16],"tags":[34,911,908,542,912,598,909,910,359],"class_list":["post-1984","post","type-post","status-publish","format-standard","has-post-thumbnail","hentry","category-empresas","category-noticias","tag-alianza","tag-audi","tag-cargadores-electricos","tag-electromovilidad","tag-energias-renovables","tag-raizen","tag-red-de-cargadores","tag-shell-recharge","tag-vehiculos-electricos"],"yoast_head":"<!-- This site is optimized with the Yoast SEO plugin v27.5 - https:\/\/yoast.com\/product\/yoast-seo-wordpress\/ -->\n<title>Audi y Ra\u00edzen se al\u00edan para potenciar la red de cargadores el\u00e9ctricos en Argentina -<\/title>\n<meta name=\"description\" content=\"Audi, l\u00edder mundial en el desarrollo de veh\u00edculos el\u00e9ctricos, y Ra\u00edzen, una de las empresas energ\u00e9ticas m\u00e1s importantes de Am\u00e9rica Latina...\" \/>\n<meta name=\"robots\" content=\"index, follow, max-snippet:-1, max-image-preview:large, max-video-preview:-1\" \/>\n<link rel=\"canonical\" href=\"https:\/\/autofans.com.ar\/index.php\/2023\/04\/27\/audi-y-raizen-se-alian-para-potenciar-la-red-de-cargadores-electricos-en-argentina\/\" \/>\n<meta property=\"og:locale\" content=\"es_ES\" \/>\n<meta property=\"og:type\" content=\"article\" \/>\n<meta property=\"og:title\" content=\"Audi y Ra\u00edzen se al\u00edan para potenciar la red de cargadores el\u00e9ctricos en Argentina -\" \/>\n<meta property=\"og:description\" content=\"Audi, l\u00edder mundial en el desarrollo de veh\u00edculos el\u00e9ctricos, y Ra\u00edzen, una de las empresas energ\u00e9ticas m\u00e1s importantes de Am\u00e9rica Latina...\" \/>\n<meta property=\"og:url\" content=\"https:\/\/autofans.com.ar\/index.php\/2023\/04\/27\/audi-y-raizen-se-alian-para-potenciar-la-red-de-cargadores-electricos-en-argentina\/\" \/>\n<meta property=\"article:published_time\" content=\"2023-04-27T16:45:04+00:00\" \/>\n<meta property=\"article:modified_time\" content=\"2023-04-27T16:58:12+00:00\" \/>\n<meta property=\"og:image\" content=\"https:\/\/autofans.com.ar\/wp-content\/uploads\/2023\/04\/foto-5-25.jpg\" \/>\n\t<meta property=\"og:image:width\" content=\"1000\" \/>\n\t<meta property=\"og:image:height\" content=\"667\" \/>\n\t<meta property=\"og:image:type\" content=\"image\/jpeg\" \/>\n<meta name=\"author\" content=\"Alejandro Gabriel Rosito\" \/>\n<meta name=\"twitter:card\" content=\"summary_large_image\" \/>\n<meta name=\"twitter:label1\" content=\"Escrito por\" \/>\n\t<meta name=\"twitter:data1\" content=\"Alejandro Gabriel Rosito\" \/>\n\t<meta name=\"twitter:label2\" content=\"Tiempo de lectura\" \/>\n\t<meta name=\"twitter:data2\" content=\"2 minutos\" \/>\n<script type=\"application\/ld+json\" class=\"yoast-schema-graph\">{\"@context\":\"https:\\\/\\\/schema.org\",\"@graph\":[{\"@type\":\"Article\",\"@id\":\"https:\\\/\\\/autofans.com.ar\\\/index.php\\\/2023\\\/04\\\/27\\\/audi-y-raizen-se-alian-para-potenciar-la-red-de-cargadores-electricos-en-argentina\\\/#article\",\"isPartOf\":{\"@id\":\"https:\\\/\\\/autofans.com.ar\\\/index.php\\\/2023\\\/04\\\/27\\\/audi-y-raizen-se-alian-para-potenciar-la-red-de-cargadores-electricos-en-argentina\\\/\"},\"author\":{\"name\":\"Alejandro Gabriel Rosito\",\"@id\":\"https:\\\/\\\/autofans.com.ar\\\/#\\\/schema\\\/person\\\/4a8dda0b6df83ac3d6723e921274c2aa\"},\"headline\":\"Audi y Ra\u00edzen se al\u00edan para potenciar la red de cargadores el\u00e9ctricos en Argentina\",\"datePublished\":\"2023-04-27T16:45:04+00:00\",\"dateModified\":\"2023-04-27T16:58:12+00:00\",\"mainEntityOfPage\":{\"@id\":\"https:\\\/\\\/autofans.com.ar\\\/index.php\\\/2023\\\/04\\\/27\\\/audi-y-raizen-se-alian-para-potenciar-la-red-de-cargadores-electricos-en-argentina\\\/\"},\"wordCount\":418,\"image\":{\"@id\":\"https:\\\/\\\/autofans.com.ar\\\/index.php\\\/2023\\\/04\\\/27\\\/audi-y-raizen-se-alian-para-potenciar-la-red-de-cargadores-electricos-en-argentina\\\/#primaryimage\"},\"thumbnailUrl\":\"https:\\\/\\\/autofans.com.ar\\\/wp-content\\\/uploads\\\/2023\\\/04\\\/foto-5-25.jpg\",\"keywords\":[\"Alianza\",\"Audi\",\"cargadores el\u00e9ctricos\",\"electromovilidad\",\"energ\u00edas renovables\",\"Ra\u00edzen\",\"red de cargadores\",\"Shell Recharge\",\"veh\u00edculos el\u00e9ctricos\"],\"articleSection\":[\"EMPRESAS\",\"NOTICIAS\"],\"inLanguage\":\"es\"},{\"@type\":\"WebPage\",\"@id\":\"https:\\\/\\\/autofans.com.ar\\\/index.php\\\/2023\\\/04\\\/27\\\/audi-y-raizen-se-alian-para-potenciar-la-red-de-cargadores-electricos-en-argentina\\\/\",\"url\":\"https:\\\/\\\/autofans.com.ar\\\/index.php\\\/2023\\\/04\\\/27\\\/audi-y-raizen-se-alian-para-potenciar-la-red-de-cargadores-electricos-en-argentina\\\/\",\"name\":\"Audi y Ra\u00edzen se al\u00edan para potenciar la red de cargadores el\u00e9ctricos en Argentina -\",\"isPartOf\":{\"@id\":\"https:\\\/\\\/autofans.com.ar\\\/#website\"},\"primaryImageOfPage\":{\"@id\":\"https:\\\/\\\/autofans.com.ar\\\/index.php\\\/2023\\\/04\\\/27\\\/audi-y-raizen-se-alian-para-potenciar-la-red-de-cargadores-electricos-en-argentina\\\/#primaryimage\"},\"image\":{\"@id\":\"https:\\\/\\\/autofans.com.ar\\\/index.php\\\/2023\\\/04\\\/27\\\/audi-y-raizen-se-alian-para-potenciar-la-red-de-cargadores-electricos-en-argentina\\\/#primaryimage\"},\"thumbnailUrl\":\"https:\\\/\\\/autofans.com.ar\\\/wp-content\\\/uploads\\\/2023\\\/04\\\/foto-5-25.jpg\",\"datePublished\":\"2023-04-27T16:45:04+00:00\",\"dateModified\":\"2023-04-27T16:58:12+00:00\",\"author\":{\"@id\":\"https:\\\/\\\/autofans.com.ar\\\/#\\\/schema\\\/person\\\/4a8dda0b6df83ac3d6723e921274c2aa\"},\"description\":\"Audi, l\u00edder mundial en el desarrollo de veh\u00edculos el\u00e9ctricos, y Ra\u00edzen, una de las empresas energ\u00e9ticas m\u00e1s importantes de Am\u00e9rica Latina...\",\"breadcrumb\":{\"@id\":\"https:\\\/\\\/autofans.com.ar\\\/index.php\\\/2023\\\/04\\\/27\\\/audi-y-raizen-se-alian-para-potenciar-la-red-de-cargadores-electricos-en-argentina\\\/#breadcrumb\"},\"inLanguage\":\"es\",\"potentialAction\":[{\"@type\":\"ReadAction\",\"target\":[\"https:\\\/\\\/autofans.com.ar\\\/index.php\\\/2023\\\/04\\\/27\\\/audi-y-raizen-se-alian-para-potenciar-la-red-de-cargadores-electricos-en-argentina\\\/\"]}]},{\"@type\":\"ImageObject\",\"inLanguage\":\"es\",\"@id\":\"https:\\\/\\\/autofans.com.ar\\\/index.php\\\/2023\\\/04\\\/27\\\/audi-y-raizen-se-alian-para-potenciar-la-red-de-cargadores-electricos-en-argentina\\\/#primaryimage\",\"url\":\"https:\\\/\\\/autofans.com.ar\\\/wp-content\\\/uploads\\\/2023\\\/04\\\/foto-5-25.jpg\",\"contentUrl\":\"https:\\\/\\\/autofans.com.ar\\\/wp-content\\\/uploads\\\/2023\\\/04\\\/foto-5-25.jpg\",\"width\":1000,\"height\":667,\"caption\":\"Shell Recharge\"},{\"@type\":\"BreadcrumbList\",\"@id\":\"https:\\\/\\\/autofans.com.ar\\\/index.php\\\/2023\\\/04\\\/27\\\/audi-y-raizen-se-alian-para-potenciar-la-red-de-cargadores-electricos-en-argentina\\\/#breadcrumb\",\"itemListElement\":[{\"@type\":\"ListItem\",\"position\":1,\"name\":\"Inicio\",\"item\":\"https:\\\/\\\/autofans.com.ar\\\/\"},{\"@type\":\"ListItem\",\"position\":2,\"name\":\"Audi y Ra\u00edzen se al\u00edan para potenciar la red de cargadores el\u00e9ctricos en Argentina\"}]},{\"@type\":\"WebSite\",\"@id\":\"https:\\\/\\\/autofans.com.ar\\\/#website\",\"url\":\"https:\\\/\\\/autofans.com.ar\\\/\",\"name\":\"\",\"description\":\"El multimedio referente de la industria automotriz\",\"potentialAction\":[{\"@type\":\"SearchAction\",\"target\":{\"@type\":\"EntryPoint\",\"urlTemplate\":\"https:\\\/\\\/autofans.com.ar\\\/?s={search_term_string}\"},\"query-input\":{\"@type\":\"PropertyValueSpecification\",\"valueRequired\":true,\"valueName\":\"search_term_string\"}}],\"inLanguage\":\"es\"},{\"@type\":\"Person\",\"@id\":\"https:\\\/\\\/autofans.com.ar\\\/#\\\/schema\\\/person\\\/4a8dda0b6df83ac3d6723e921274c2aa\",\"name\":\"Alejandro Gabriel Rosito\",\"image\":{\"@type\":\"ImageObject\",\"inLanguage\":\"es\",\"@id\":\"https:\\\/\\\/secure.gravatar.com\\\/avatar\\\/16c5dda1489adfc62618084dcbb91cffd879c374b13fe5dd8e44ed6733852c88?s=96&d=mm&r=g\",\"url\":\"https:\\\/\\\/secure.gravatar.com\\\/avatar\\\/16c5dda1489adfc62618084dcbb91cffd879c374b13fe5dd8e44ed6733852c88?s=96&d=mm&r=g\",\"contentUrl\":\"https:\\\/\\\/secure.gravatar.com\\\/avatar\\\/16c5dda1489adfc62618084dcbb91cffd879c374b13fe5dd8e44ed6733852c88?s=96&d=mm&r=g\",\"caption\":\"Alejandro Gabriel Rosito\"},\"url\":\"https:\\\/\\\/autofans.com.ar\\\/index.php\\\/author\\\/gabrielr\\\/\"}]}<\/script>\n<!-- \/ Yoast SEO plugin. -->","yoast_head_json":{"title":"Audi y Ra\u00edzen se al\u00edan para potenciar la red de cargadores el\u00e9ctricos en Argentina -","description":"Audi, l\u00edder mundial en el desarrollo de veh\u00edculos el\u00e9ctricos, y Ra\u00edzen, una de las empresas energ\u00e9ticas m\u00e1s importantes de Am\u00e9rica Latina...","robots":{"index":"index","follow":"follow","max-snippet":"max-snippet:-1","max-image-preview":"max-image-preview:large","max-video-preview":"max-video-preview:-1"},"canonical":"https:\/\/autofans.com.ar\/index.php\/2023\/04\/27\/audi-y-raizen-se-alian-para-potenciar-la-red-de-cargadores-electricos-en-argentina\/","og_locale":"es_ES","og_type":"article","og_title":"Audi y Ra\u00edzen se al\u00edan para potenciar la red de cargadores el\u00e9ctricos en Argentina -","og_description":"Audi, l\u00edder mundial en el desarrollo de veh\u00edculos el\u00e9ctricos, y Ra\u00edzen, una de las empresas energ\u00e9ticas m\u00e1s importantes de Am\u00e9rica Latina...","og_url":"https:\/\/autofans.com.ar\/index.php\/2023\/04\/27\/audi-y-raizen-se-alian-para-potenciar-la-red-de-cargadores-electricos-en-argentina\/","article_published_time":"2023-04-27T16:45:04+00:00","article_modified_time":"2023-04-27T16:58:12+00:00","og_image":[{"width":1000,"height":667,"url":"https:\/\/autofans.com.ar\/wp-content\/uploads\/2023\/04\/foto-5-25.jpg","type":"image\/jpeg"}],"author":"Alejandro Gabriel Rosito","twitter_card":"summary_large_image","twitter_misc":{"Escrito por":"Alejandro Gabriel Rosito","Tiempo de lectura":"2 minutos"},"schema":{"@context":"https:\/\/schema.org","@graph":[{"@type":"Article","@id":"https:\/\/autofans.com.ar\/index.php\/2023\/04\/27\/audi-y-raizen-se-alian-para-potenciar-la-red-de-cargadores-electricos-en-argentina\/#article","isPartOf":{"@id":"https:\/\/autofans.com.ar\/index.php\/2023\/04\/27\/audi-y-raizen-se-alian-para-potenciar-la-red-de-cargadores-electricos-en-argentina\/"},"author":{"name":"Alejandro Gabriel Rosito","@id":"https:\/\/autofans.com.ar\/#\/schema\/person\/4a8dda0b6df83ac3d6723e921274c2aa"},"headline":"Audi y Ra\u00edzen se al\u00edan para potenciar la red de cargadores el\u00e9ctricos en Argentina","datePublished":"2023-04-27T16:45:04+00:00","dateModified":"2023-04-27T16:58:12+00:00","mainEntityOfPage":{"@id":"https:\/\/autofans.com.ar\/index.php\/2023\/04\/27\/audi-y-raizen-se-alian-para-potenciar-la-red-de-cargadores-electricos-en-argentina\/"},"wordCount":418,"image":{"@id":"https:\/\/autofans.com.ar\/index.php\/2023\/04\/27\/audi-y-raizen-se-alian-para-potenciar-la-red-de-cargadores-electricos-en-argentina\/#primaryimage"},"thumbnailUrl":"https:\/\/autofans.com.ar\/wp-content\/uploads\/2023\/04\/foto-5-25.jpg","keywords":["Alianza","Audi","cargadores el\u00e9ctricos","electromovilidad","energ\u00edas renovables","Ra\u00edzen","red de cargadores","Shell Recharge","veh\u00edculos el\u00e9ctricos"],"articleSection":["EMPRESAS","NOTICIAS"],"inLanguage":"es"},{"@type":"WebPage","@id":"https:\/\/autofans.com.ar\/index.php\/2023\/04\/27\/audi-y-raizen-se-alian-para-potenciar-la-red-de-cargadores-electricos-en-argentina\/","url":"https:\/\/autofans.com.ar\/index.php\/2023\/04\/27\/audi-y-raizen-se-alian-para-potenciar-la-red-de-cargadores-electricos-en-argentina\/","name":"Audi y Ra\u00edzen se al\u00edan para potenciar la red de cargadores el\u00e9ctricos en Argentina -","isPartOf":{"@id":"https:\/\/autofans.com.ar\/#website"},"primaryImageOfPage":{"@id":"https:\/\/autofans.com.ar\/index.php\/2023\/04\/27\/audi-y-raizen-se-alian-para-potenciar-la-red-de-cargadores-electricos-en-argentina\/#primaryimage"},"image":{"@id":"https:\/\/autofans.com.ar\/index.php\/2023\/04\/27\/audi-y-raizen-se-alian-para-potenciar-la-red-de-cargadores-electricos-en-argentina\/#primaryimage"},"thumbnailUrl":"https:\/\/autofans.com.ar\/wp-content\/uploads\/2023\/04\/foto-5-25.jpg","datePublished":"2023-04-27T16:45:04+00:00","dateModified":"2023-04-27T16:58:12+00:00","author":{"@id":"https:\/\/autofans.com.ar\/#\/schema\/person\/4a8dda0b6df83ac3d6723e921274c2aa"},"description":"Audi, l\u00edder mundial en el desarrollo de veh\u00edculos el\u00e9ctricos, y Ra\u00edzen, una de las empresas energ\u00e9ticas m\u00e1s importantes de Am\u00e9rica Latina...","breadcrumb":{"@id":"https:\/\/autofans.com.ar\/index.php\/2023\/04\/27\/audi-y-raizen-se-alian-para-potenciar-la-red-de-cargadores-electricos-en-argentina\/#breadcrumb"},"inLanguage":"es","potentialAction":[{"@type":"ReadAction","target":["https:\/\/autofans.com.ar\/index.php\/2023\/04\/27\/audi-y-raizen-se-alian-para-potenciar-la-red-de-cargadores-electricos-en-argentina\/"]}]},{"@type":"ImageObject","inLanguage":"es","@id":"https:\/\/autofans.com.ar\/index.php\/2023\/04\/27\/audi-y-raizen-se-alian-para-potenciar-la-red-de-cargadores-electricos-en-argentina\/#primaryimage","url":"https:\/\/autofans.com.ar\/wp-content\/uploads\/2023\/04\/foto-5-25.jpg","contentUrl":"https:\/\/autofans.com.ar\/wp-content\/uploads\/2023\/04\/foto-5-25.jpg","width":1000,"height":667,"caption":"Shell Recharge"},{"@type":"BreadcrumbList","@id":"https:\/\/autofans.com.ar\/index.php\/2023\/04\/27\/audi-y-raizen-se-alian-para-potenciar-la-red-de-cargadores-electricos-en-argentina\/#breadcrumb","itemListElement":[{"@type":"ListItem","position":1,"name":"Inicio","item":"https:\/\/autofans.com.ar\/"},{"@type":"ListItem","position":2,"name":"Audi y Ra\u00edzen se al\u00edan para potenciar la red de cargadores el\u00e9ctricos en Argentina"}]},{"@type":"WebSite","@id":"https:\/\/autofans.com.ar\/#website","url":"https:\/\/autofans.com.ar\/","name":"","description":"El multimedio referente de la industria automotriz","potentialAction":[{"@type":"SearchAction","target":{"@type":"EntryPoint","urlTemplate":"https:\/\/autofans.com.ar\/?s={search_term_string}"},"query-input":{"@type":"PropertyValueSpecification","valueRequired":true,"valueName":"search_term_string"}}],"inLanguage":"es"},{"@type":"Person","@id":"https:\/\/autofans.com.ar\/#\/schema\/person\/4a8dda0b6df83ac3d6723e921274c2aa","name":"Alejandro Gabriel Rosito","image":{"@type":"ImageObject","inLanguage":"es","@id":"https:\/\/secure.gravatar.com\/avatar\/16c5dda1489adfc62618084dcbb91cffd879c374b13fe5dd8e44ed6733852c88?s=96&d=mm&r=g","url":"https:\/\/secure.gravatar.com\/avatar\/16c5dda1489adfc62618084dcbb91cffd879c374b13fe5dd8e44ed6733852c88?s=96&d=mm&r=g","contentUrl":"https:\/\/secure.gravatar.com\/avatar\/16c5dda1489adfc62618084dcbb91cffd879c374b13fe5dd8e44ed6733852c88?s=96&d=mm&r=g","caption":"Alejandro Gabriel Rosito"},"url":"https:\/\/autofans.com.ar\/index.php\/author\/gabrielr\/"}]}},"featured_image_urls":{"full":["https:\/\/autofans.com.ar\/wp-content\/uploads\/2023\/04\/foto-5-25.jpg",1000,667,false],"thumbnail":["https:\/\/autofans.com.ar\/wp-content\/uploads\/2023\/04\/foto-5-25-150x150.jpg",150,150,true],"medium":["https:\/\/autofans.com.ar\/wp-content\/uploads\/2023\/04\/foto-5-25-300x200.jpg",300,200,true],"medium_large":["https:\/\/autofans.com.ar\/wp-content\/uploads\/2023\/04\/foto-5-25-768x512.jpg",640,427,true],"large":["https:\/\/autofans.com.ar\/wp-content\/uploads\/2023\/04\/foto-5-25.jpg",640,427,false],"1536x1536":["https:\/\/autofans.com.ar\/wp-content\/uploads\/2023\/04\/foto-5-25.jpg",1000,667,false],"2048x2048":["https:\/\/autofans.com.ar\/wp-content\/uploads\/2023\/04\/foto-5-25.jpg",1000,667,false],"covernews-featured":["https:\/\/autofans.com.ar\/wp-content\/uploads\/2023\/04\/foto-5-25.jpg",1000,667,false],"covernews-medium":["https:\/\/autofans.com.ar\/wp-content\/uploads\/2023\/04\/foto-5-25-540x340.jpg",540,340,true]},"author_info":{"display_name":"Alejandro Gabriel Rosito","author_link":"https:\/\/autofans.com.ar\/index.php\/author\/gabrielr\/"},"category_info":"<a href=\"https:\/\/autofans.com.ar\/index.php\/category\/noticias\/empresas\/\" rel=\"category tag\">EMPRESAS<\/a> <a href=\"https:\/\/autofans.com.ar\/index.php\/category\/noticias\/\" rel=\"category tag\">NOTICIAS<\/a>","tag_info":"NOTICIAS","comment_count":0,"_links":{"self":[{"href":"https:\/\/autofans.com.ar\/index.php\/wp-json\/wp\/v2\/posts\/1984","targetHints":{"allow":["GET"]}}],"collection":[{"href":"https:\/\/autofans.com.ar\/index.php\/wp-json\/wp\/v2\/posts"}],"about":[{"href":"https:\/\/autofans.com.ar\/index.php\/wp-json\/wp\/v2\/types\/post"}],"author":[{"embeddable":true,"href":"https:\/\/autofans.com.ar\/index.php\/wp-json\/wp\/v2\/users\/2"}],"replies":[{"embeddable":true,"href":"https:\/\/autofans.com.ar\/index.php\/wp-json\/wp\/v2\/comments?post=1984"}],"version-history":[{"count":5,"href":"https:\/\/autofans.com.ar\/index.php\/wp-json\/wp\/v2\/posts\/1984\/revisions"}],"predecessor-version":[{"id":1995,"href":"https:\/\/autofans.com.ar\/index.php\/wp-json\/wp\/v2\/posts\/1984\/revisions\/1995"}],"wp:featuredmedia":[{"embeddable":true,"href":"https:\/\/autofans.com.ar\/index.php\/wp-json\/wp\/v2\/media\/1986"}],"wp:attachment":[{"href":"https:\/\/autofans.com.ar\/index.php\/wp-json\/wp\/v2\/media?parent=1984"}],"wp:term":[{"taxonomy":"category","embeddable":true,"href":"https:\/\/autofans.com.ar\/index.php\/wp-json\/wp\/v2\/categories?post=1984"},{"taxonomy":"post_tag","embeddable":true,"href":"https:\/\/autofans.com.ar\/index.php\/wp-json\/wp\/v2\/tags?post=1984"}],"curies":[{"name":"wp","href":"https:\/\/api.w.org\/{rel}","templated":true}]}}