{"id":200,"date":"2023-02-14T17:30:38","date_gmt":"2023-02-14T17:30:38","guid":{"rendered":"https:\/\/autofans.thebrandsoup.com\/?p=200"},"modified":"2023-03-02T18:06:06","modified_gmt":"2023-03-02T18:06:06","slug":"ram-presento-su-esperada-camioneta-electrica-ram-1500-rev","status":"publish","type":"post","link":"https:\/\/autofans.com.ar\/index.php\/2023\/02\/14\/ram-presento-su-esperada-camioneta-electrica-ram-1500-rev\/","title":{"rendered":"RAM present\u00f3 su esperada camioneta el\u00e9ctrica Ram 1500 REV"},"content":{"rendered":"<p>RAM present\u00f3 su nueva camioneta el\u00e9ctrica a bater\u00eda, la Ram 1500 REV. Lo hizo proyectando un comercial de 60 segundos durante el evento deportivo m\u00e1s importante de EEUU.<\/p>\n<p>El anuncio, llamado \u00abElectrificaci\u00f3n prematura\u00bb, incluy\u00f3 al actor Jason Jones, quien de manera humor\u00edstica aborda las posibles preocupaciones de electrificaci\u00f3n que pueden surgir al comprar una camioneta el\u00e9ctrica. A continuaci\u00f3n podr\u00e1s disfrutar del comercial.<\/p>\n<p><iframe title=\"RAM y su comercial &#039;Premature Electrification&quot; sobre la  nueva Ram 1500 REV  el\u00e9ctrica\" width=\"640\" height=\"360\" src=\"https:\/\/www.youtube.com\/embed\/8o5GAVbw9mo?feature=oembed\" frameborder=\"0\" allow=\"accelerometer; autoplay; clipboard-write; encrypted-media; gyroscope; picture-in-picture; web-share\" referrerpolicy=\"strict-origin-when-cross-origin\" allowfullscreen><\/iframe><\/p>\n<p>Con la incorporaci\u00f3n de la Ram 1500 REV, la marca busca brindar m\u00e1s opciones que nunca a sus clientes. Su idea es la de satisfacer sus necesidades en cuanto a este tipo de veh\u00edculos, entregando la camioneta EV adecuada en el momento adecuado. A su vez Ram abri\u00f3 oficialmente las reservas de los clientes para un lugar en la fila para pedir la camioneta en RamRev.com.<\/p>\n<p>El compromiso de Ram de agregar soluciones de electrificaci\u00f3n a su cartera respalda el plan estrat\u00e9gico Stellantis Dare Forward 2030. Su meta es liderar la forma en que se mueve el mundo al ofrecer soluciones de movilidad innovadoras, limpias, seguras y asequibles. Descubre todos los detalles en <a href=\"https:\/\/ramrev.com\/\" target=\"_blank\" rel=\"noopener\">RamRev.com<\/a><\/p>\n<div id='gallery-1' class='gallery galleryid-200 gallery-columns-2 gallery-size-large'><figure class='gallery-item'>\n\t\t\t<div class='gallery-icon landscape'>\n\t\t\t\t<a href='https:\/\/autofans.com.ar\/index.php\/2023\/02\/14\/ram-presento-su-esperada-camioneta-electrica-ram-1500-rev\/ram_electrica_03\/'><img loading=\"lazy\" width=\"640\" height=\"427\" src=\"https:\/\/autofans.com.ar\/wp-content\/uploads\/2023\/02\/Ram_electrica_03.jpg\" class=\"attachment-large size-large\" alt=\"RAM present\u00f3 su esperada camioneta el\u00e9ctrica Ram 1500 REV\" aria-describedby=\"gallery-1-202\" srcset=\"https:\/\/autofans.com.ar\/wp-content\/uploads\/2023\/02\/Ram_electrica_03.jpg 1000w, https:\/\/autofans.com.ar\/wp-content\/uploads\/2023\/02\/Ram_electrica_03-300x200.jpg 300w, https:\/\/autofans.com.ar\/wp-content\/uploads\/2023\/02\/Ram_electrica_03-768x512.jpg 768w\" sizes=\"auto, (max-width: 640px) 100vw, 640px\" loading=\"lazy\" decoding=\"async\" \/><\/a>\n\t\t\t<\/div>\n\t\t\t\t<figcaption class='wp-caption-text gallery-caption' id='gallery-1-202'>\n\t\t\t\tRAM 1500 REV\n\t\t\t\t<\/figcaption><\/figure><figure class='gallery-item'>\n\t\t\t<div class='gallery-icon landscape'>\n\t\t\t\t<a href='https:\/\/autofans.com.ar\/index.php\/2023\/02\/14\/ram-presento-su-esperada-camioneta-electrica-ram-1500-rev\/ram_electrica_04\/'><img loading=\"lazy\" width=\"640\" height=\"427\" src=\"https:\/\/autofans.com.ar\/wp-content\/uploads\/2023\/02\/Ram_electrica_04.jpg\" class=\"attachment-large size-large\" alt=\"RAM present\u00f3 su esperada camioneta el\u00e9ctrica Ram 1500 REV\" aria-describedby=\"gallery-1-203\" srcset=\"https:\/\/autofans.com.ar\/wp-content\/uploads\/2023\/02\/Ram_electrica_04.jpg 1000w, https:\/\/autofans.com.ar\/wp-content\/uploads\/2023\/02\/Ram_electrica_04-300x200.jpg 300w, https:\/\/autofans.com.ar\/wp-content\/uploads\/2023\/02\/Ram_electrica_04-768x512.jpg 768w\" sizes=\"auto, (max-width: 640px) 100vw, 640px\" loading=\"lazy\" decoding=\"async\" \/><\/a>\n\t\t\t<\/div>\n\t\t\t\t<figcaption class='wp-caption-text gallery-caption' id='gallery-1-203'>\n\t\t\t\tRAM 1500 REV\n\t\t\t\t<\/figcaption><\/figure>\n\t\t<\/div>\n\n<p>&nbsp;<\/p>\n<p><span style=\"color: #ff9900;\"><span style=\"color: #dbdbdb;\"><em>Para enterarte de m\u00e1s novedades, no dejes de leer <a href=\"https:\/\/autofans.thebrandsoup.com\/\" target=\"_blank\" rel=\"noopener\">nuestras notas<\/a>, de ver<\/em><\/span><strong><em> <a style=\"color: #ff9900;\" href=\"https:\/\/www.youtube.com\/channel\/UCgAC8UGHZYbT6P7PpmVnP7g\" target=\"_blank\" rel=\"noopener\"><span style=\"color: #00ccff;\"><span style=\"color: #3366ff;\">AUTOFANS TV<\/span><\/span><\/a> <\/em><\/strong><span style=\"color: #dbdbdb;\"><em>en nuestro<\/em><\/span><em><span style=\"color: #dbdbdb;\"> canal de Youtube. Adem\u00e1s seguinos en<\/span> <span style=\"color: #3366ff;\"><a style=\"color: #3366ff;\" href=\"https:\/\/www.instagram.com\/autofanstv\/\" target=\"_blank\" rel=\"noopener\">INSTAGRAM<\/a> <\/span><span style=\"color: #dbdbdb;\">y <span style=\"color: #3366ff;\">FACEBOOK<\/span> para no perderte nada sobre las novedades del segmento automotor de Argentina y el mundo.<\/span><\/em><\/span><\/p>\n<p>&nbsp;<\/p>\n","protected":false},"excerpt":{"rendered":"<p>RAM present\u00f3 su nueva camioneta el\u00e9ctrica a bater\u00eda, la Ram 1500 REV. Lo hizo proyectando&#8230;<\/p>\n","protected":false},"author":1,"featured_media":201,"comment_status":"closed","ping_status":"open","sticky":false,"template":"","format":"standard","meta":{"footnotes":""},"categories":[1,10],"tags":[79,122,123,125,121,126,108,124],"class_list":["post-200","post","type-post","status-publish","format-standard","has-post-thumbnail","hentry","category-lanzamientos","category-utilitarios-y-pesados-lanzamientos","tag-autofans-tv","tag-camioneta-electrica","tag-electrificacion-prematura","tag-movilidad-sostenible","tag-ram1500rev","tag-ramrevcom","tag-stellantis-argentina","tag-stellantis-dare-forward-2030"],"yoast_head":"<!-- This site is optimized with the Yoast SEO plugin v27.5 - https:\/\/yoast.com\/product\/yoast-seo-wordpress\/ -->\n<title>RAM present\u00f3 su esperada camioneta el\u00e9ctrica Ram 1500 REV<\/title>\n<meta name=\"description\" content=\"RAM present\u00f3 su nueva camioneta el\u00e9ctrica a bater\u00eda, la Ram 1500 REV, con un comercial durante el evento deportivo m\u00e1s importante de EEUU...\" \/>\n<meta name=\"robots\" content=\"index, follow, max-snippet:-1, max-image-preview:large, max-video-preview:-1\" \/>\n<link rel=\"canonical\" href=\"https:\/\/autofans.com.ar\/index.php\/2023\/02\/14\/ram-presento-su-esperada-camioneta-electrica-ram-1500-rev\/\" \/>\n<meta property=\"og:locale\" content=\"es_ES\" \/>\n<meta property=\"og:type\" content=\"article\" \/>\n<meta property=\"og:title\" content=\"RAM present\u00f3 su esperada camioneta el\u00e9ctrica Ram 1500 REV\" \/>\n<meta property=\"og:description\" content=\"RAM present\u00f3 su nueva camioneta el\u00e9ctrica a bater\u00eda, la Ram 1500 REV, con un comercial durante el evento deportivo m\u00e1s importante de EEUU...\" \/>\n<meta property=\"og:url\" content=\"https:\/\/autofans.com.ar\/index.php\/2023\/02\/14\/ram-presento-su-esperada-camioneta-electrica-ram-1500-rev\/\" \/>\n<meta property=\"article:published_time\" content=\"2023-02-14T17:30:38+00:00\" \/>\n<meta property=\"article:modified_time\" content=\"2023-03-02T18:06:06+00:00\" \/>\n<meta property=\"og:image\" content=\"https:\/\/autofans.com.ar\/wp-content\/uploads\/2023\/02\/Ram_electrica_02.jpg\" \/>\n\t<meta property=\"og:image:width\" content=\"1000\" \/>\n\t<meta property=\"og:image:height\" content=\"667\" \/>\n\t<meta property=\"og:image:type\" content=\"image\/jpeg\" \/>\n<meta name=\"author\" content=\"AleCAF\" \/>\n<meta name=\"twitter:card\" content=\"summary_large_image\" \/>\n<meta name=\"twitter:label1\" content=\"Escrito por\" \/>\n\t<meta name=\"twitter:data1\" content=\"AleCAF\" \/>\n\t<meta name=\"twitter:label2\" content=\"Tiempo de lectura\" \/>\n\t<meta name=\"twitter:data2\" content=\"2 minutos\" \/>\n<script type=\"application\/ld+json\" class=\"yoast-schema-graph\">{\"@context\":\"https:\\\/\\\/schema.org\",\"@graph\":[{\"@type\":\"Article\",\"@id\":\"https:\\\/\\\/autofans.com.ar\\\/index.php\\\/2023\\\/02\\\/14\\\/ram-presento-su-esperada-camioneta-electrica-ram-1500-rev\\\/#article\",\"isPartOf\":{\"@id\":\"https:\\\/\\\/autofans.com.ar\\\/index.php\\\/2023\\\/02\\\/14\\\/ram-presento-su-esperada-camioneta-electrica-ram-1500-rev\\\/\"},\"author\":{\"name\":\"AleCAF\",\"@id\":\"https:\\\/\\\/autofans.com.ar\\\/#\\\/schema\\\/person\\\/4f260a29da3cfebb7f29121591a73481\"},\"headline\":\"RAM present\u00f3 su esperada camioneta el\u00e9ctrica Ram 1500 REV\",\"datePublished\":\"2023-02-14T17:30:38+00:00\",\"dateModified\":\"2023-03-02T18:06:06+00:00\",\"mainEntityOfPage\":{\"@id\":\"https:\\\/\\\/autofans.com.ar\\\/index.php\\\/2023\\\/02\\\/14\\\/ram-presento-su-esperada-camioneta-electrica-ram-1500-rev\\\/\"},\"wordCount\":253,\"image\":{\"@id\":\"https:\\\/\\\/autofans.com.ar\\\/index.php\\\/2023\\\/02\\\/14\\\/ram-presento-su-esperada-camioneta-electrica-ram-1500-rev\\\/#primaryimage\"},\"thumbnailUrl\":\"https:\\\/\\\/autofans.com.ar\\\/wp-content\\\/uploads\\\/2023\\\/02\\\/Ram_electrica_02.jpg\",\"keywords\":[\"AutoFans TV\",\"Camioneta El\u00e9ctrica\",\"Electrificaci\u00f3n Prematura\",\"Movilidad Sostenible\",\"Ram1500REV\",\"RamRevcom\",\"Stellantis Argentina\",\"Stellantis Dare Forward 2030\"],\"articleSection\":[\"LANZAMIENTOS\",\"Pick Ups, Utilitarios y Pesados\"],\"inLanguage\":\"es\"},{\"@type\":\"WebPage\",\"@id\":\"https:\\\/\\\/autofans.com.ar\\\/index.php\\\/2023\\\/02\\\/14\\\/ram-presento-su-esperada-camioneta-electrica-ram-1500-rev\\\/\",\"url\":\"https:\\\/\\\/autofans.com.ar\\\/index.php\\\/2023\\\/02\\\/14\\\/ram-presento-su-esperada-camioneta-electrica-ram-1500-rev\\\/\",\"name\":\"RAM present\u00f3 su esperada camioneta el\u00e9ctrica Ram 1500 REV\",\"isPartOf\":{\"@id\":\"https:\\\/\\\/autofans.com.ar\\\/#website\"},\"primaryImageOfPage\":{\"@id\":\"https:\\\/\\\/autofans.com.ar\\\/index.php\\\/2023\\\/02\\\/14\\\/ram-presento-su-esperada-camioneta-electrica-ram-1500-rev\\\/#primaryimage\"},\"image\":{\"@id\":\"https:\\\/\\\/autofans.com.ar\\\/index.php\\\/2023\\\/02\\\/14\\\/ram-presento-su-esperada-camioneta-electrica-ram-1500-rev\\\/#primaryimage\"},\"thumbnailUrl\":\"https:\\\/\\\/autofans.com.ar\\\/wp-content\\\/uploads\\\/2023\\\/02\\\/Ram_electrica_02.jpg\",\"datePublished\":\"2023-02-14T17:30:38+00:00\",\"dateModified\":\"2023-03-02T18:06:06+00:00\",\"author\":{\"@id\":\"https:\\\/\\\/autofans.com.ar\\\/#\\\/schema\\\/person\\\/4f260a29da3cfebb7f29121591a73481\"},\"description\":\"RAM present\u00f3 su nueva camioneta el\u00e9ctrica a bater\u00eda, la Ram 1500 REV, con un comercial durante el evento deportivo m\u00e1s importante de EEUU...\",\"breadcrumb\":{\"@id\":\"https:\\\/\\\/autofans.com.ar\\\/index.php\\\/2023\\\/02\\\/14\\\/ram-presento-su-esperada-camioneta-electrica-ram-1500-rev\\\/#breadcrumb\"},\"inLanguage\":\"es\",\"potentialAction\":[{\"@type\":\"ReadAction\",\"target\":[\"https:\\\/\\\/autofans.com.ar\\\/index.php\\\/2023\\\/02\\\/14\\\/ram-presento-su-esperada-camioneta-electrica-ram-1500-rev\\\/\"]}]},{\"@type\":\"ImageObject\",\"inLanguage\":\"es\",\"@id\":\"https:\\\/\\\/autofans.com.ar\\\/index.php\\\/2023\\\/02\\\/14\\\/ram-presento-su-esperada-camioneta-electrica-ram-1500-rev\\\/#primaryimage\",\"url\":\"https:\\\/\\\/autofans.com.ar\\\/wp-content\\\/uploads\\\/2023\\\/02\\\/Ram_electrica_02.jpg\",\"contentUrl\":\"https:\\\/\\\/autofans.com.ar\\\/wp-content\\\/uploads\\\/2023\\\/02\\\/Ram_electrica_02.jpg\",\"width\":1000,\"height\":667,\"caption\":\"RAM present\u00f3 su esperada camioneta el\u00e9ctrica Ram 1500 REV\"},{\"@type\":\"BreadcrumbList\",\"@id\":\"https:\\\/\\\/autofans.com.ar\\\/index.php\\\/2023\\\/02\\\/14\\\/ram-presento-su-esperada-camioneta-electrica-ram-1500-rev\\\/#breadcrumb\",\"itemListElement\":[{\"@type\":\"ListItem\",\"position\":1,\"name\":\"Inicio\",\"item\":\"https:\\\/\\\/autofans.com.ar\\\/\"},{\"@type\":\"ListItem\",\"position\":2,\"name\":\"RAM present\u00f3 su esperada camioneta el\u00e9ctrica Ram 1500 REV\"}]},{\"@type\":\"WebSite\",\"@id\":\"https:\\\/\\\/autofans.com.ar\\\/#website\",\"url\":\"https:\\\/\\\/autofans.com.ar\\\/\",\"name\":\"\",\"description\":\"El multimedio referente de la industria automotriz\",\"potentialAction\":[{\"@type\":\"SearchAction\",\"target\":{\"@type\":\"EntryPoint\",\"urlTemplate\":\"https:\\\/\\\/autofans.com.ar\\\/?s={search_term_string}\"},\"query-input\":{\"@type\":\"PropertyValueSpecification\",\"valueRequired\":true,\"valueName\":\"search_term_string\"}}],\"inLanguage\":\"es\"},{\"@type\":\"Person\",\"@id\":\"https:\\\/\\\/autofans.com.ar\\\/#\\\/schema\\\/person\\\/4f260a29da3cfebb7f29121591a73481\",\"name\":\"AleCAF\",\"image\":{\"@type\":\"ImageObject\",\"inLanguage\":\"es\",\"@id\":\"https:\\\/\\\/secure.gravatar.com\\\/avatar\\\/959b1ac26ee9dfc67318763f0a21a739fce256ee110a46fe86a2957f5568f27e?s=96&d=mm&r=g\",\"url\":\"https:\\\/\\\/secure.gravatar.com\\\/avatar\\\/959b1ac26ee9dfc67318763f0a21a739fce256ee110a46fe86a2957f5568f27e?s=96&d=mm&r=g\",\"contentUrl\":\"https:\\\/\\\/secure.gravatar.com\\\/avatar\\\/959b1ac26ee9dfc67318763f0a21a739fce256ee110a46fe86a2957f5568f27e?s=96&d=mm&r=g\",\"caption\":\"AleCAF\"},\"description\":\"Se trata del sitio web del multimedio Autofans, dedicado a informar las novedades y tendencias del segmento automotor nacional e internacional. El multimedio est\u00e1 conformado por Autofans web, Autofans TV (Programa), Youtube, Intagram y Facebook\",\"sameAs\":[\"https:\\\/\\\/autofans.com.ar\"],\"url\":\"https:\\\/\\\/autofans.com.ar\\\/index.php\\\/author\\\/alecampolieto\\\/\"}]}<\/script>\n<!-- \/ Yoast SEO plugin. -->","yoast_head_json":{"title":"RAM present\u00f3 su esperada camioneta el\u00e9ctrica Ram 1500 REV","description":"RAM present\u00f3 su nueva camioneta el\u00e9ctrica a bater\u00eda, la Ram 1500 REV, con un comercial durante el evento deportivo m\u00e1s importante de EEUU...","robots":{"index":"index","follow":"follow","max-snippet":"max-snippet:-1","max-image-preview":"max-image-preview:large","max-video-preview":"max-video-preview:-1"},"canonical":"https:\/\/autofans.com.ar\/index.php\/2023\/02\/14\/ram-presento-su-esperada-camioneta-electrica-ram-1500-rev\/","og_locale":"es_ES","og_type":"article","og_title":"RAM present\u00f3 su esperada camioneta el\u00e9ctrica Ram 1500 REV","og_description":"RAM present\u00f3 su nueva camioneta el\u00e9ctrica a bater\u00eda, la Ram 1500 REV, con un comercial durante el evento deportivo m\u00e1s importante de EEUU...","og_url":"https:\/\/autofans.com.ar\/index.php\/2023\/02\/14\/ram-presento-su-esperada-camioneta-electrica-ram-1500-rev\/","article_published_time":"2023-02-14T17:30:38+00:00","article_modified_time":"2023-03-02T18:06:06+00:00","og_image":[{"width":1000,"height":667,"url":"https:\/\/autofans.com.ar\/wp-content\/uploads\/2023\/02\/Ram_electrica_02.jpg","type":"image\/jpeg"}],"author":"AleCAF","twitter_card":"summary_large_image","twitter_misc":{"Escrito por":"AleCAF","Tiempo de lectura":"2 minutos"},"schema":{"@context":"https:\/\/schema.org","@graph":[{"@type":"Article","@id":"https:\/\/autofans.com.ar\/index.php\/2023\/02\/14\/ram-presento-su-esperada-camioneta-electrica-ram-1500-rev\/#article","isPartOf":{"@id":"https:\/\/autofans.com.ar\/index.php\/2023\/02\/14\/ram-presento-su-esperada-camioneta-electrica-ram-1500-rev\/"},"author":{"name":"AleCAF","@id":"https:\/\/autofans.com.ar\/#\/schema\/person\/4f260a29da3cfebb7f29121591a73481"},"headline":"RAM present\u00f3 su esperada camioneta el\u00e9ctrica Ram 1500 REV","datePublished":"2023-02-14T17:30:38+00:00","dateModified":"2023-03-02T18:06:06+00:00","mainEntityOfPage":{"@id":"https:\/\/autofans.com.ar\/index.php\/2023\/02\/14\/ram-presento-su-esperada-camioneta-electrica-ram-1500-rev\/"},"wordCount":253,"image":{"@id":"https:\/\/autofans.com.ar\/index.php\/2023\/02\/14\/ram-presento-su-esperada-camioneta-electrica-ram-1500-rev\/#primaryimage"},"thumbnailUrl":"https:\/\/autofans.com.ar\/wp-content\/uploads\/2023\/02\/Ram_electrica_02.jpg","keywords":["AutoFans TV","Camioneta El\u00e9ctrica","Electrificaci\u00f3n Prematura","Movilidad Sostenible","Ram1500REV","RamRevcom","Stellantis Argentina","Stellantis Dare Forward 2030"],"articleSection":["LANZAMIENTOS","Pick Ups, Utilitarios y Pesados"],"inLanguage":"es"},{"@type":"WebPage","@id":"https:\/\/autofans.com.ar\/index.php\/2023\/02\/14\/ram-presento-su-esperada-camioneta-electrica-ram-1500-rev\/","url":"https:\/\/autofans.com.ar\/index.php\/2023\/02\/14\/ram-presento-su-esperada-camioneta-electrica-ram-1500-rev\/","name":"RAM present\u00f3 su esperada camioneta el\u00e9ctrica Ram 1500 REV","isPartOf":{"@id":"https:\/\/autofans.com.ar\/#website"},"primaryImageOfPage":{"@id":"https:\/\/autofans.com.ar\/index.php\/2023\/02\/14\/ram-presento-su-esperada-camioneta-electrica-ram-1500-rev\/#primaryimage"},"image":{"@id":"https:\/\/autofans.com.ar\/index.php\/2023\/02\/14\/ram-presento-su-esperada-camioneta-electrica-ram-1500-rev\/#primaryimage"},"thumbnailUrl":"https:\/\/autofans.com.ar\/wp-content\/uploads\/2023\/02\/Ram_electrica_02.jpg","datePublished":"2023-02-14T17:30:38+00:00","dateModified":"2023-03-02T18:06:06+00:00","author":{"@id":"https:\/\/autofans.com.ar\/#\/schema\/person\/4f260a29da3cfebb7f29121591a73481"},"description":"RAM present\u00f3 su nueva camioneta el\u00e9ctrica a bater\u00eda, la Ram 1500 REV, con un comercial durante el evento deportivo m\u00e1s importante de EEUU...","breadcrumb":{"@id":"https:\/\/autofans.com.ar\/index.php\/2023\/02\/14\/ram-presento-su-esperada-camioneta-electrica-ram-1500-rev\/#breadcrumb"},"inLanguage":"es","potentialAction":[{"@type":"ReadAction","target":["https:\/\/autofans.com.ar\/index.php\/2023\/02\/14\/ram-presento-su-esperada-camioneta-electrica-ram-1500-rev\/"]}]},{"@type":"ImageObject","inLanguage":"es","@id":"https:\/\/autofans.com.ar\/index.php\/2023\/02\/14\/ram-presento-su-esperada-camioneta-electrica-ram-1500-rev\/#primaryimage","url":"https:\/\/autofans.com.ar\/wp-content\/uploads\/2023\/02\/Ram_electrica_02.jpg","contentUrl":"https:\/\/autofans.com.ar\/wp-content\/uploads\/2023\/02\/Ram_electrica_02.jpg","width":1000,"height":667,"caption":"RAM present\u00f3 su esperada camioneta el\u00e9ctrica Ram 1500 REV"},{"@type":"BreadcrumbList","@id":"https:\/\/autofans.com.ar\/index.php\/2023\/02\/14\/ram-presento-su-esperada-camioneta-electrica-ram-1500-rev\/#breadcrumb","itemListElement":[{"@type":"ListItem","position":1,"name":"Inicio","item":"https:\/\/autofans.com.ar\/"},{"@type":"ListItem","position":2,"name":"RAM present\u00f3 su esperada camioneta el\u00e9ctrica Ram 1500 REV"}]},{"@type":"WebSite","@id":"https:\/\/autofans.com.ar\/#website","url":"https:\/\/autofans.com.ar\/","name":"","description":"El multimedio referente de la industria automotriz","potentialAction":[{"@type":"SearchAction","target":{"@type":"EntryPoint","urlTemplate":"https:\/\/autofans.com.ar\/?s={search_term_string}"},"query-input":{"@type":"PropertyValueSpecification","valueRequired":true,"valueName":"search_term_string"}}],"inLanguage":"es"},{"@type":"Person","@id":"https:\/\/autofans.com.ar\/#\/schema\/person\/4f260a29da3cfebb7f29121591a73481","name":"AleCAF","image":{"@type":"ImageObject","inLanguage":"es","@id":"https:\/\/secure.gravatar.com\/avatar\/959b1ac26ee9dfc67318763f0a21a739fce256ee110a46fe86a2957f5568f27e?s=96&d=mm&r=g","url":"https:\/\/secure.gravatar.com\/avatar\/959b1ac26ee9dfc67318763f0a21a739fce256ee110a46fe86a2957f5568f27e?s=96&d=mm&r=g","contentUrl":"https:\/\/secure.gravatar.com\/avatar\/959b1ac26ee9dfc67318763f0a21a739fce256ee110a46fe86a2957f5568f27e?s=96&d=mm&r=g","caption":"AleCAF"},"description":"Se trata del sitio web del multimedio Autofans, dedicado a informar las novedades y tendencias del segmento automotor nacional e internacional. El multimedio est\u00e1 conformado por Autofans web, Autofans TV (Programa), Youtube, Intagram y Facebook","sameAs":["https:\/\/autofans.com.ar"],"url":"https:\/\/autofans.com.ar\/index.php\/author\/alecampolieto\/"}]}},"featured_image_urls":{"full":["https:\/\/autofans.com.ar\/wp-content\/uploads\/2023\/02\/Ram_electrica_02.jpg",1000,667,false],"thumbnail":["https:\/\/autofans.com.ar\/wp-content\/uploads\/2023\/02\/Ram_electrica_02-150x150.jpg",150,150,true],"medium":["https:\/\/autofans.com.ar\/wp-content\/uploads\/2023\/02\/Ram_electrica_02-300x200.jpg",300,200,true],"medium_large":["https:\/\/autofans.com.ar\/wp-content\/uploads\/2023\/02\/Ram_electrica_02-768x512.jpg",640,427,true],"large":["https:\/\/autofans.com.ar\/wp-content\/uploads\/2023\/02\/Ram_electrica_02.jpg",640,427,false],"1536x1536":["https:\/\/autofans.com.ar\/wp-content\/uploads\/2023\/02\/Ram_electrica_02.jpg",1000,667,false],"2048x2048":["https:\/\/autofans.com.ar\/wp-content\/uploads\/2023\/02\/Ram_electrica_02.jpg",1000,667,false],"covernews-featured":["https:\/\/autofans.com.ar\/wp-content\/uploads\/2023\/02\/Ram_electrica_02.jpg",1000,667,false],"covernews-medium":["https:\/\/autofans.com.ar\/wp-content\/uploads\/2023\/02\/Ram_electrica_02-540x340.jpg",540,340,true]},"author_info":{"display_name":"AleCAF","author_link":"https:\/\/autofans.com.ar\/index.php\/author\/alecampolieto\/"},"category_info":"<a href=\"https:\/\/autofans.com.ar\/index.php\/category\/lanzamientos\/\" rel=\"category tag\">LANZAMIENTOS<\/a> <a href=\"https:\/\/autofans.com.ar\/index.php\/category\/lanzamientos\/utilitarios-y-pesados-lanzamientos\/\" rel=\"category tag\">Pick Ups, Utilitarios y Pesados<\/a>","tag_info":"Pick Ups, Utilitarios y Pesados","comment_count":0,"_links":{"self":[{"href":"https:\/\/autofans.com.ar\/index.php\/wp-json\/wp\/v2\/posts\/200","targetHints":{"allow":["GET"]}}],"collection":[{"href":"https:\/\/autofans.com.ar\/index.php\/wp-json\/wp\/v2\/posts"}],"about":[{"href":"https:\/\/autofans.com.ar\/index.php\/wp-json\/wp\/v2\/types\/post"}],"author":[{"embeddable":true,"href":"https:\/\/autofans.com.ar\/index.php\/wp-json\/wp\/v2\/users\/1"}],"replies":[{"embeddable":true,"href":"https:\/\/autofans.com.ar\/index.php\/wp-json\/wp\/v2\/comments?post=200"}],"version-history":[{"count":3,"href":"https:\/\/autofans.com.ar\/index.php\/wp-json\/wp\/v2\/posts\/200\/revisions"}],"predecessor-version":[{"id":304,"href":"https:\/\/autofans.com.ar\/index.php\/wp-json\/wp\/v2\/posts\/200\/revisions\/304"}],"wp:featuredmedia":[{"embeddable":true,"href":"https:\/\/autofans.com.ar\/index.php\/wp-json\/wp\/v2\/media\/201"}],"wp:attachment":[{"href":"https:\/\/autofans.com.ar\/index.php\/wp-json\/wp\/v2\/media?parent=200"}],"wp:term":[{"taxonomy":"category","embeddable":true,"href":"https:\/\/autofans.com.ar\/index.php\/wp-json\/wp\/v2\/categories?post=200"},{"taxonomy":"post_tag","embeddable":true,"href":"https:\/\/autofans.com.ar\/index.php\/wp-json\/wp\/v2\/tags?post=200"}],"curies":[{"name":"wp","href":"https:\/\/api.w.org\/{rel}","templated":true}]}}