{"id":2025,"date":"2023-05-01T19:10:07","date_gmt":"2023-05-01T22:10:07","guid":{"rendered":"https:\/\/autofans.com.ar\/?p=2025"},"modified":"2023-05-01T19:10:07","modified_gmt":"2023-05-01T22:10:07","slug":"suv-citroen-c3-aircross-la-opcion-perfecta-para-las-familias","status":"publish","type":"post","link":"https:\/\/autofans.com.ar\/index.php\/2023\/05\/01\/suv-citroen-c3-aircross-la-opcion-perfecta-para-las-familias\/","title":{"rendered":"SUV Citro\u00ebn C3 Aircross, la opci\u00f3n perfecta para las familias"},"content":{"rendered":"<p>El Nuevo SUV Citro\u00ebn C3 Aircross es un modelo que ha sido dise\u00f1ado para superar los desaf\u00edos presentes en Sudam\u00e9rica y ofrecer la opci\u00f3n pionera.<\/p>\n<div dir=\"ltr\">\n<blockquote>\n<p style=\"text-align: center;\">\u00abCrear el nuevo SUV Citro\u00ebn C3 Aircross fue un desaf\u00edo incre\u00edble que solo fue posible gracias a la estructura de Stellantis en la regi\u00f3n. Es el primer B-SUV capaz de transportar hasta siete personas en el mercado, y esta audacia requer\u00eda el m\u00e1ximo de todos para crear un producto sin precedentes. Abre otro cap\u00edtulo en nuestra rica historia en la regi\u00f3n, y esperamos ofrecer a nuestros clientes el SUV que estaban buscando\u00bb, agrega Vanessa Castanho, vicepresidenta de Citro\u00ebn para Am\u00e9rica del Sur.<\/p>\n<\/blockquote>\n<p>&nbsp;<\/p>\n<\/div>\n<p>&nbsp;<\/p>\n<p><img fetchpriority=\"high\" decoding=\"async\" class=\"aligncenter wp-image-2028 size-full\" src=\"https:\/\/autofans.com.ar\/wp-content\/uploads\/2023\/04\/foto-3-45.jpg\" alt=\"Citro\u00ebn C3\" width=\"1000\" height=\"667\" srcset=\"https:\/\/autofans.com.ar\/wp-content\/uploads\/2023\/04\/foto-3-45.jpg 1000w, https:\/\/autofans.com.ar\/wp-content\/uploads\/2023\/04\/foto-3-45-300x200.jpg 300w, https:\/\/autofans.com.ar\/wp-content\/uploads\/2023\/04\/foto-3-45-768x512.jpg 768w\" sizes=\"(max-width: 1000px) 100vw, 1000px\" \/><\/p>\n<p>&nbsp;<\/p>\n<h3><strong>UN SUV CON LA FUERZA DE SUDAM\u00c9RICA<\/strong><\/h3>\n<p style=\"text-align: left;\">Con la tecnolog\u00eda de la plataforma CMP y la experiencia de Stellantis en la regi\u00f3n, el Nuevo SUV Citro\u00ebn C3 Aircross llegar\u00e1 al mercado para satisfacer las necesidades de un consumidor cada vez m\u00e1s exigente y que busca un auto espacioso, vers\u00e1til y accesible. El modelo cuenta con una exclusiva tercera fila de asientos individuales extra\u00edbles que le da una versatilidad \u00fanica. Junto con el espacio de ba\u00fal m\u00e1s grande del segmento, con hasta 489 lts en su versi\u00f3n de 7 plazas.<\/p>\n<p>&nbsp;<\/p>\n<div id='gallery-1' class='gallery galleryid-2025 gallery-columns-3 gallery-size-large'><figure class='gallery-item'>\n\t\t\t<div class='gallery-icon landscape'>\n\t\t\t\t<a href='https:\/\/autofans.com.ar\/index.php\/2023\/05\/01\/suv-citroen-c3-aircross-la-opcion-perfecta-para-las-familias\/foto-6-24\/'><img loading=\"lazy\" width=\"640\" height=\"427\" src=\"https:\/\/autofans.com.ar\/wp-content\/uploads\/2023\/04\/foto-6-14.jpg\" class=\"attachment-large size-large\" alt=\"Citro\u00ebn C3\" srcset=\"https:\/\/autofans.com.ar\/wp-content\/uploads\/2023\/04\/foto-6-14.jpg 1000w, https:\/\/autofans.com.ar\/wp-content\/uploads\/2023\/04\/foto-6-14-300x200.jpg 300w, https:\/\/autofans.com.ar\/wp-content\/uploads\/2023\/04\/foto-6-14-768x512.jpg 768w\" sizes=\"auto, (max-width: 640px) 100vw, 640px\" loading=\"lazy\" decoding=\"async\" \/><\/a>\n\t\t\t<\/div><\/figure><figure class='gallery-item'>\n\t\t\t<div class='gallery-icon landscape'>\n\t\t\t\t<a href='https:\/\/autofans.com.ar\/index.php\/2023\/05\/01\/suv-citroen-c3-aircross-la-opcion-perfecta-para-las-familias\/foto-5-38\/'><img loading=\"lazy\" width=\"640\" height=\"427\" src=\"https:\/\/autofans.com.ar\/wp-content\/uploads\/2023\/04\/foto-5-26.jpg\" class=\"attachment-large size-large\" alt=\"Citro\u00ebn C3\" srcset=\"https:\/\/autofans.com.ar\/wp-content\/uploads\/2023\/04\/foto-5-26.jpg 1000w, https:\/\/autofans.com.ar\/wp-content\/uploads\/2023\/04\/foto-5-26-300x200.jpg 300w, https:\/\/autofans.com.ar\/wp-content\/uploads\/2023\/04\/foto-5-26-768x512.jpg 768w\" sizes=\"auto, (max-width: 640px) 100vw, 640px\" loading=\"lazy\" decoding=\"async\" \/><\/a>\n\t\t\t<\/div><\/figure><figure class='gallery-item'>\n\t\t\t<div class='gallery-icon landscape'>\n\t\t\t\t<a href='https:\/\/autofans.com.ar\/index.php\/2023\/05\/01\/suv-citroen-c3-aircross-la-opcion-perfecta-para-las-familias\/foto-4-50\/'><img loading=\"lazy\" width=\"640\" height=\"427\" src=\"https:\/\/autofans.com.ar\/wp-content\/uploads\/2023\/04\/foto-4-35.jpg\" class=\"attachment-large size-large\" alt=\"Citro\u00ebn C3\" srcset=\"https:\/\/autofans.com.ar\/wp-content\/uploads\/2023\/04\/foto-4-35.jpg 1000w, https:\/\/autofans.com.ar\/wp-content\/uploads\/2023\/04\/foto-4-35-300x200.jpg 300w, https:\/\/autofans.com.ar\/wp-content\/uploads\/2023\/04\/foto-4-35-768x512.jpg 768w\" sizes=\"auto, (max-width: 640px) 100vw, 640px\" loading=\"lazy\" decoding=\"async\" \/><\/a>\n\t\t\t<\/div><\/figure>\n\t\t<\/div>\n\n<p>En cuanto a el nuevo SUV C3 Aircross fue desarrollado escuchando la demanda de un consumidor que carece de opciones que agregar\u00edan robustez, tecnolog\u00eda, espacio y versatilidad en un auto capaz de transportar a toda la familia, y su equipaje, por supuesto. Con su destacado dise\u00f1o y tecnolog\u00edas sin precedentes, el Nuevo SUV Citro\u00ebn C3 Aircross se convertir\u00e1 en el referente del segmento.<\/p>\n<p>Asimismo el Citro\u00ebn estar\u00e1 disponible para la comercializaci\u00f3n a fines de 2023 y ser\u00e1 fabricado en India y Brasil. Mientras el que llega a Argentina ser\u00e1 el producido en nuestra regi\u00f3n y dise\u00f1ado para superar los desaf\u00edos presentes en Sudam\u00e9rica. Con virtudes como la suspensi\u00f3n elevada, excelente despeje del suelo y alta maniobrabilidad, para que ni siquiera los caminos m\u00e1s desafiantes sean un impedimento para el uso diario de sus clientes y sus familias.<\/p>\n<p>&nbsp;<\/p>\n<p><i>Para enterarte de m\u00e1s novedades, no dejes de leer\u00a0<\/i><a href=\"https:\/\/autofans.thebrandsoup.com\/\"><i>nuestras notas<\/i><\/a><i>, de ver<\/i><b><i>\u00a0<\/i><\/b><a href=\"https:\/\/www.youtube.com\/channel\/UCgAC8UGHZYbT6P7PpmVnP7g\"><b><i>AUTOFANS TV<\/i><\/b><\/a><b><i>\u00a0<\/i><\/b><i>en nuestro\u00a0canal de Youtube. Adem\u00e1s seguinos en\u00a0<\/i><a href=\"https:\/\/www.instagram.com\/autofanstv\/\"><i>INSTAGRAM<\/i><\/a><i> y <\/i><a href=\"https:\/\/www.facebook.com\/autofansmas\/\"><i>FACEBOOK<\/i><\/a><i> para no perderte nada sobre las novedades del segmento automotor de Argentina y el mundo. <\/i><\/p>\n","protected":false},"excerpt":{"rendered":"<p>El Nuevo SUV Citro\u00ebn C3 Aircross es un modelo que ha sido dise\u00f1ado para superar&#8230;<\/p>\n","protected":false},"author":2,"featured_media":2026,"comment_status":"closed","ping_status":"closed","sticky":false,"template":"","format":"standard","meta":{"footnotes":""},"categories":[3,1],"tags":[211,747,940,941,939,943,37,942],"class_list":["post-2025","post","type-post","status-publish","format-standard","has-post-thumbnail","hentry","category-autos","category-lanzamientos","tag-tecnologia","tag-b-suv","tag-espacio-de-carga","tag-familia","tag-nuevo-suv-citroen-c3-aircross","tag-plataforma-cmp","tag-stellantis","tag-versatilidad"],"yoast_head":"<!-- This site is optimized with the Yoast SEO plugin v27.5 - https:\/\/yoast.com\/product\/yoast-seo-wordpress\/ -->\n<title>SUV Citro\u00ebn C3 Aircross, la opci\u00f3n perfecta para las familias -<\/title>\n<meta name=\"description\" content=\"El SUV Citro\u00ebn C3 Aircross es un modelo que ha sido dise\u00f1ado para superar los desaf\u00edos presentes en Sudam\u00e9rica y ofrecer la opci\u00f3n pionera...\" \/>\n<meta name=\"robots\" content=\"index, follow, max-snippet:-1, max-image-preview:large, max-video-preview:-1\" \/>\n<link rel=\"canonical\" href=\"https:\/\/autofans.com.ar\/index.php\/2023\/05\/01\/suv-citroen-c3-aircross-la-opcion-perfecta-para-las-familias\/\" \/>\n<meta property=\"og:locale\" content=\"es_ES\" \/>\n<meta property=\"og:type\" content=\"article\" \/>\n<meta property=\"og:title\" content=\"SUV Citro\u00ebn C3 Aircross, la opci\u00f3n perfecta para las familias -\" \/>\n<meta property=\"og:description\" content=\"El SUV Citro\u00ebn C3 Aircross es un modelo que ha sido dise\u00f1ado para superar los desaf\u00edos presentes en Sudam\u00e9rica y ofrecer la opci\u00f3n pionera...\" \/>\n<meta property=\"og:url\" content=\"https:\/\/autofans.com.ar\/index.php\/2023\/05\/01\/suv-citroen-c3-aircross-la-opcion-perfecta-para-las-familias\/\" \/>\n<meta property=\"article:published_time\" content=\"2023-05-01T22:10:07+00:00\" \/>\n<meta property=\"og:image\" content=\"https:\/\/autofans.com.ar\/wp-content\/uploads\/2023\/04\/foto-1-56.jpg\" \/>\n\t<meta property=\"og:image:width\" content=\"1000\" \/>\n\t<meta property=\"og:image:height\" content=\"667\" \/>\n\t<meta property=\"og:image:type\" content=\"image\/jpeg\" \/>\n<meta name=\"author\" content=\"Alejandro Gabriel Rosito\" \/>\n<meta name=\"twitter:card\" content=\"summary_large_image\" \/>\n<meta name=\"twitter:label1\" content=\"Escrito por\" \/>\n\t<meta name=\"twitter:data1\" content=\"Alejandro Gabriel Rosito\" \/>\n\t<meta name=\"twitter:label2\" content=\"Tiempo de lectura\" \/>\n\t<meta name=\"twitter:data2\" content=\"2 minutos\" \/>\n<script type=\"application\/ld+json\" class=\"yoast-schema-graph\">{\"@context\":\"https:\\\/\\\/schema.org\",\"@graph\":[{\"@type\":\"Article\",\"@id\":\"https:\\\/\\\/autofans.com.ar\\\/index.php\\\/2023\\\/05\\\/01\\\/suv-citroen-c3-aircross-la-opcion-perfecta-para-las-familias\\\/#article\",\"isPartOf\":{\"@id\":\"https:\\\/\\\/autofans.com.ar\\\/index.php\\\/2023\\\/05\\\/01\\\/suv-citroen-c3-aircross-la-opcion-perfecta-para-las-familias\\\/\"},\"author\":{\"name\":\"Alejandro Gabriel Rosito\",\"@id\":\"https:\\\/\\\/autofans.com.ar\\\/#\\\/schema\\\/person\\\/4a8dda0b6df83ac3d6723e921274c2aa\"},\"headline\":\"SUV Citro\u00ebn C3 Aircross, la opci\u00f3n perfecta para las familias\",\"datePublished\":\"2023-05-01T22:10:07+00:00\",\"mainEntityOfPage\":{\"@id\":\"https:\\\/\\\/autofans.com.ar\\\/index.php\\\/2023\\\/05\\\/01\\\/suv-citroen-c3-aircross-la-opcion-perfecta-para-las-familias\\\/\"},\"wordCount\":432,\"image\":{\"@id\":\"https:\\\/\\\/autofans.com.ar\\\/index.php\\\/2023\\\/05\\\/01\\\/suv-citroen-c3-aircross-la-opcion-perfecta-para-las-familias\\\/#primaryimage\"},\"thumbnailUrl\":\"https:\\\/\\\/autofans.com.ar\\\/wp-content\\\/uploads\\\/2023\\\/04\\\/foto-1-56.jpg\",\"keywords\":[\"#tecnolog\u00eda\",\"B-SUV\",\"espacio de carga\",\"familia\",\"Nuevo SUV Citro\u00ebn C3 Aircross\",\"plataforma CMP\",\"Stellantis\",\"versatilidad\"],\"articleSection\":[\"AUTOS y SUV\",\"LANZAMIENTOS\"],\"inLanguage\":\"es\"},{\"@type\":\"WebPage\",\"@id\":\"https:\\\/\\\/autofans.com.ar\\\/index.php\\\/2023\\\/05\\\/01\\\/suv-citroen-c3-aircross-la-opcion-perfecta-para-las-familias\\\/\",\"url\":\"https:\\\/\\\/autofans.com.ar\\\/index.php\\\/2023\\\/05\\\/01\\\/suv-citroen-c3-aircross-la-opcion-perfecta-para-las-familias\\\/\",\"name\":\"SUV Citro\u00ebn C3 Aircross, la opci\u00f3n perfecta para las familias -\",\"isPartOf\":{\"@id\":\"https:\\\/\\\/autofans.com.ar\\\/#website\"},\"primaryImageOfPage\":{\"@id\":\"https:\\\/\\\/autofans.com.ar\\\/index.php\\\/2023\\\/05\\\/01\\\/suv-citroen-c3-aircross-la-opcion-perfecta-para-las-familias\\\/#primaryimage\"},\"image\":{\"@id\":\"https:\\\/\\\/autofans.com.ar\\\/index.php\\\/2023\\\/05\\\/01\\\/suv-citroen-c3-aircross-la-opcion-perfecta-para-las-familias\\\/#primaryimage\"},\"thumbnailUrl\":\"https:\\\/\\\/autofans.com.ar\\\/wp-content\\\/uploads\\\/2023\\\/04\\\/foto-1-56.jpg\",\"datePublished\":\"2023-05-01T22:10:07+00:00\",\"author\":{\"@id\":\"https:\\\/\\\/autofans.com.ar\\\/#\\\/schema\\\/person\\\/4a8dda0b6df83ac3d6723e921274c2aa\"},\"description\":\"El SUV Citro\u00ebn C3 Aircross es un modelo que ha sido dise\u00f1ado para superar los desaf\u00edos presentes en Sudam\u00e9rica y ofrecer la opci\u00f3n pionera...\",\"breadcrumb\":{\"@id\":\"https:\\\/\\\/autofans.com.ar\\\/index.php\\\/2023\\\/05\\\/01\\\/suv-citroen-c3-aircross-la-opcion-perfecta-para-las-familias\\\/#breadcrumb\"},\"inLanguage\":\"es\",\"potentialAction\":[{\"@type\":\"ReadAction\",\"target\":[\"https:\\\/\\\/autofans.com.ar\\\/index.php\\\/2023\\\/05\\\/01\\\/suv-citroen-c3-aircross-la-opcion-perfecta-para-las-familias\\\/\"]}]},{\"@type\":\"ImageObject\",\"inLanguage\":\"es\",\"@id\":\"https:\\\/\\\/autofans.com.ar\\\/index.php\\\/2023\\\/05\\\/01\\\/suv-citroen-c3-aircross-la-opcion-perfecta-para-las-familias\\\/#primaryimage\",\"url\":\"https:\\\/\\\/autofans.com.ar\\\/wp-content\\\/uploads\\\/2023\\\/04\\\/foto-1-56.jpg\",\"contentUrl\":\"https:\\\/\\\/autofans.com.ar\\\/wp-content\\\/uploads\\\/2023\\\/04\\\/foto-1-56.jpg\",\"width\":1000,\"height\":667,\"caption\":\"Citro\u00ebn C3\"},{\"@type\":\"BreadcrumbList\",\"@id\":\"https:\\\/\\\/autofans.com.ar\\\/index.php\\\/2023\\\/05\\\/01\\\/suv-citroen-c3-aircross-la-opcion-perfecta-para-las-familias\\\/#breadcrumb\",\"itemListElement\":[{\"@type\":\"ListItem\",\"position\":1,\"name\":\"Inicio\",\"item\":\"https:\\\/\\\/autofans.com.ar\\\/\"},{\"@type\":\"ListItem\",\"position\":2,\"name\":\"SUV Citro\u00ebn C3 Aircross, la opci\u00f3n perfecta para las familias\"}]},{\"@type\":\"WebSite\",\"@id\":\"https:\\\/\\\/autofans.com.ar\\\/#website\",\"url\":\"https:\\\/\\\/autofans.com.ar\\\/\",\"name\":\"\",\"description\":\"El multimedio referente de la industria automotriz\",\"potentialAction\":[{\"@type\":\"SearchAction\",\"target\":{\"@type\":\"EntryPoint\",\"urlTemplate\":\"https:\\\/\\\/autofans.com.ar\\\/?s={search_term_string}\"},\"query-input\":{\"@type\":\"PropertyValueSpecification\",\"valueRequired\":true,\"valueName\":\"search_term_string\"}}],\"inLanguage\":\"es\"},{\"@type\":\"Person\",\"@id\":\"https:\\\/\\\/autofans.com.ar\\\/#\\\/schema\\\/person\\\/4a8dda0b6df83ac3d6723e921274c2aa\",\"name\":\"Alejandro Gabriel Rosito\",\"image\":{\"@type\":\"ImageObject\",\"inLanguage\":\"es\",\"@id\":\"https:\\\/\\\/secure.gravatar.com\\\/avatar\\\/16c5dda1489adfc62618084dcbb91cffd879c374b13fe5dd8e44ed6733852c88?s=96&d=mm&r=g\",\"url\":\"https:\\\/\\\/secure.gravatar.com\\\/avatar\\\/16c5dda1489adfc62618084dcbb91cffd879c374b13fe5dd8e44ed6733852c88?s=96&d=mm&r=g\",\"contentUrl\":\"https:\\\/\\\/secure.gravatar.com\\\/avatar\\\/16c5dda1489adfc62618084dcbb91cffd879c374b13fe5dd8e44ed6733852c88?s=96&d=mm&r=g\",\"caption\":\"Alejandro Gabriel Rosito\"},\"url\":\"https:\\\/\\\/autofans.com.ar\\\/index.php\\\/author\\\/gabrielr\\\/\"}]}<\/script>\n<!-- \/ Yoast SEO plugin. -->","yoast_head_json":{"title":"SUV Citro\u00ebn C3 Aircross, la opci\u00f3n perfecta para las familias -","description":"El SUV Citro\u00ebn C3 Aircross es un modelo que ha sido dise\u00f1ado para superar los desaf\u00edos presentes en Sudam\u00e9rica y ofrecer la opci\u00f3n pionera...","robots":{"index":"index","follow":"follow","max-snippet":"max-snippet:-1","max-image-preview":"max-image-preview:large","max-video-preview":"max-video-preview:-1"},"canonical":"https:\/\/autofans.com.ar\/index.php\/2023\/05\/01\/suv-citroen-c3-aircross-la-opcion-perfecta-para-las-familias\/","og_locale":"es_ES","og_type":"article","og_title":"SUV Citro\u00ebn C3 Aircross, la opci\u00f3n perfecta para las familias -","og_description":"El SUV Citro\u00ebn C3 Aircross es un modelo que ha sido dise\u00f1ado para superar los desaf\u00edos presentes en Sudam\u00e9rica y ofrecer la opci\u00f3n pionera...","og_url":"https:\/\/autofans.com.ar\/index.php\/2023\/05\/01\/suv-citroen-c3-aircross-la-opcion-perfecta-para-las-familias\/","article_published_time":"2023-05-01T22:10:07+00:00","og_image":[{"width":1000,"height":667,"url":"https:\/\/autofans.com.ar\/wp-content\/uploads\/2023\/04\/foto-1-56.jpg","type":"image\/jpeg"}],"author":"Alejandro Gabriel Rosito","twitter_card":"summary_large_image","twitter_misc":{"Escrito por":"Alejandro Gabriel Rosito","Tiempo de lectura":"2 minutos"},"schema":{"@context":"https:\/\/schema.org","@graph":[{"@type":"Article","@id":"https:\/\/autofans.com.ar\/index.php\/2023\/05\/01\/suv-citroen-c3-aircross-la-opcion-perfecta-para-las-familias\/#article","isPartOf":{"@id":"https:\/\/autofans.com.ar\/index.php\/2023\/05\/01\/suv-citroen-c3-aircross-la-opcion-perfecta-para-las-familias\/"},"author":{"name":"Alejandro Gabriel Rosito","@id":"https:\/\/autofans.com.ar\/#\/schema\/person\/4a8dda0b6df83ac3d6723e921274c2aa"},"headline":"SUV Citro\u00ebn C3 Aircross, la opci\u00f3n perfecta para las familias","datePublished":"2023-05-01T22:10:07+00:00","mainEntityOfPage":{"@id":"https:\/\/autofans.com.ar\/index.php\/2023\/05\/01\/suv-citroen-c3-aircross-la-opcion-perfecta-para-las-familias\/"},"wordCount":432,"image":{"@id":"https:\/\/autofans.com.ar\/index.php\/2023\/05\/01\/suv-citroen-c3-aircross-la-opcion-perfecta-para-las-familias\/#primaryimage"},"thumbnailUrl":"https:\/\/autofans.com.ar\/wp-content\/uploads\/2023\/04\/foto-1-56.jpg","keywords":["#tecnolog\u00eda","B-SUV","espacio de carga","familia","Nuevo SUV Citro\u00ebn C3 Aircross","plataforma CMP","Stellantis","versatilidad"],"articleSection":["AUTOS y SUV","LANZAMIENTOS"],"inLanguage":"es"},{"@type":"WebPage","@id":"https:\/\/autofans.com.ar\/index.php\/2023\/05\/01\/suv-citroen-c3-aircross-la-opcion-perfecta-para-las-familias\/","url":"https:\/\/autofans.com.ar\/index.php\/2023\/05\/01\/suv-citroen-c3-aircross-la-opcion-perfecta-para-las-familias\/","name":"SUV Citro\u00ebn C3 Aircross, la opci\u00f3n perfecta para las familias -","isPartOf":{"@id":"https:\/\/autofans.com.ar\/#website"},"primaryImageOfPage":{"@id":"https:\/\/autofans.com.ar\/index.php\/2023\/05\/01\/suv-citroen-c3-aircross-la-opcion-perfecta-para-las-familias\/#primaryimage"},"image":{"@id":"https:\/\/autofans.com.ar\/index.php\/2023\/05\/01\/suv-citroen-c3-aircross-la-opcion-perfecta-para-las-familias\/#primaryimage"},"thumbnailUrl":"https:\/\/autofans.com.ar\/wp-content\/uploads\/2023\/04\/foto-1-56.jpg","datePublished":"2023-05-01T22:10:07+00:00","author":{"@id":"https:\/\/autofans.com.ar\/#\/schema\/person\/4a8dda0b6df83ac3d6723e921274c2aa"},"description":"El SUV Citro\u00ebn C3 Aircross es un modelo que ha sido dise\u00f1ado para superar los desaf\u00edos presentes en Sudam\u00e9rica y ofrecer la opci\u00f3n pionera...","breadcrumb":{"@id":"https:\/\/autofans.com.ar\/index.php\/2023\/05\/01\/suv-citroen-c3-aircross-la-opcion-perfecta-para-las-familias\/#breadcrumb"},"inLanguage":"es","potentialAction":[{"@type":"ReadAction","target":["https:\/\/autofans.com.ar\/index.php\/2023\/05\/01\/suv-citroen-c3-aircross-la-opcion-perfecta-para-las-familias\/"]}]},{"@type":"ImageObject","inLanguage":"es","@id":"https:\/\/autofans.com.ar\/index.php\/2023\/05\/01\/suv-citroen-c3-aircross-la-opcion-perfecta-para-las-familias\/#primaryimage","url":"https:\/\/autofans.com.ar\/wp-content\/uploads\/2023\/04\/foto-1-56.jpg","contentUrl":"https:\/\/autofans.com.ar\/wp-content\/uploads\/2023\/04\/foto-1-56.jpg","width":1000,"height":667,"caption":"Citro\u00ebn C3"},{"@type":"BreadcrumbList","@id":"https:\/\/autofans.com.ar\/index.php\/2023\/05\/01\/suv-citroen-c3-aircross-la-opcion-perfecta-para-las-familias\/#breadcrumb","itemListElement":[{"@type":"ListItem","position":1,"name":"Inicio","item":"https:\/\/autofans.com.ar\/"},{"@type":"ListItem","position":2,"name":"SUV Citro\u00ebn C3 Aircross, la opci\u00f3n perfecta para las familias"}]},{"@type":"WebSite","@id":"https:\/\/autofans.com.ar\/#website","url":"https:\/\/autofans.com.ar\/","name":"","description":"El multimedio referente de la industria automotriz","potentialAction":[{"@type":"SearchAction","target":{"@type":"EntryPoint","urlTemplate":"https:\/\/autofans.com.ar\/?s={search_term_string}"},"query-input":{"@type":"PropertyValueSpecification","valueRequired":true,"valueName":"search_term_string"}}],"inLanguage":"es"},{"@type":"Person","@id":"https:\/\/autofans.com.ar\/#\/schema\/person\/4a8dda0b6df83ac3d6723e921274c2aa","name":"Alejandro Gabriel Rosito","image":{"@type":"ImageObject","inLanguage":"es","@id":"https:\/\/secure.gravatar.com\/avatar\/16c5dda1489adfc62618084dcbb91cffd879c374b13fe5dd8e44ed6733852c88?s=96&d=mm&r=g","url":"https:\/\/secure.gravatar.com\/avatar\/16c5dda1489adfc62618084dcbb91cffd879c374b13fe5dd8e44ed6733852c88?s=96&d=mm&r=g","contentUrl":"https:\/\/secure.gravatar.com\/avatar\/16c5dda1489adfc62618084dcbb91cffd879c374b13fe5dd8e44ed6733852c88?s=96&d=mm&r=g","caption":"Alejandro Gabriel Rosito"},"url":"https:\/\/autofans.com.ar\/index.php\/author\/gabrielr\/"}]}},"featured_image_urls":{"full":["https:\/\/autofans.com.ar\/wp-content\/uploads\/2023\/04\/foto-1-56.jpg",1000,667,false],"thumbnail":["https:\/\/autofans.com.ar\/wp-content\/uploads\/2023\/04\/foto-1-56-150x150.jpg",150,150,true],"medium":["https:\/\/autofans.com.ar\/wp-content\/uploads\/2023\/04\/foto-1-56-300x200.jpg",300,200,true],"medium_large":["https:\/\/autofans.com.ar\/wp-content\/uploads\/2023\/04\/foto-1-56-768x512.jpg",640,427,true],"large":["https:\/\/autofans.com.ar\/wp-content\/uploads\/2023\/04\/foto-1-56.jpg",640,427,false],"1536x1536":["https:\/\/autofans.com.ar\/wp-content\/uploads\/2023\/04\/foto-1-56.jpg",1000,667,false],"2048x2048":["https:\/\/autofans.com.ar\/wp-content\/uploads\/2023\/04\/foto-1-56.jpg",1000,667,false],"covernews-featured":["https:\/\/autofans.com.ar\/wp-content\/uploads\/2023\/04\/foto-1-56.jpg",1000,667,false],"covernews-medium":["https:\/\/autofans.com.ar\/wp-content\/uploads\/2023\/04\/foto-1-56-540x340.jpg",540,340,true]},"author_info":{"display_name":"Alejandro Gabriel Rosito","author_link":"https:\/\/autofans.com.ar\/index.php\/author\/gabrielr\/"},"category_info":"<a href=\"https:\/\/autofans.com.ar\/index.php\/category\/noticias\/autos\/\" rel=\"category tag\">AUTOS y SUV<\/a> <a href=\"https:\/\/autofans.com.ar\/index.php\/category\/lanzamientos\/\" rel=\"category tag\">LANZAMIENTOS<\/a>","tag_info":"LANZAMIENTOS","comment_count":0,"_links":{"self":[{"href":"https:\/\/autofans.com.ar\/index.php\/wp-json\/wp\/v2\/posts\/2025","targetHints":{"allow":["GET"]}}],"collection":[{"href":"https:\/\/autofans.com.ar\/index.php\/wp-json\/wp\/v2\/posts"}],"about":[{"href":"https:\/\/autofans.com.ar\/index.php\/wp-json\/wp\/v2\/types\/post"}],"author":[{"embeddable":true,"href":"https:\/\/autofans.com.ar\/index.php\/wp-json\/wp\/v2\/users\/2"}],"replies":[{"embeddable":true,"href":"https:\/\/autofans.com.ar\/index.php\/wp-json\/wp\/v2\/comments?post=2025"}],"version-history":[{"count":5,"href":"https:\/\/autofans.com.ar\/index.php\/wp-json\/wp\/v2\/posts\/2025\/revisions"}],"predecessor-version":[{"id":2047,"href":"https:\/\/autofans.com.ar\/index.php\/wp-json\/wp\/v2\/posts\/2025\/revisions\/2047"}],"wp:featuredmedia":[{"embeddable":true,"href":"https:\/\/autofans.com.ar\/index.php\/wp-json\/wp\/v2\/media\/2026"}],"wp:attachment":[{"href":"https:\/\/autofans.com.ar\/index.php\/wp-json\/wp\/v2\/media?parent=2025"}],"wp:term":[{"taxonomy":"category","embeddable":true,"href":"https:\/\/autofans.com.ar\/index.php\/wp-json\/wp\/v2\/categories?post=2025"},{"taxonomy":"post_tag","embeddable":true,"href":"https:\/\/autofans.com.ar\/index.php\/wp-json\/wp\/v2\/tags?post=2025"}],"curies":[{"name":"wp","href":"https:\/\/api.w.org\/{rel}","templated":true}]}}