{"id":2080,"date":"2023-05-02T19:04:25","date_gmt":"2023-05-02T22:04:25","guid":{"rendered":"https:\/\/autofans.com.ar\/?p=2080"},"modified":"2023-05-02T19:04:25","modified_gmt":"2023-05-02T22:04:25","slug":"iveco-group-celebra-el-dia-mundial-de-la-tierra-con-su-isla-ecologica","status":"publish","type":"post","link":"https:\/\/autofans.com.ar\/index.php\/2023\/05\/02\/iveco-group-celebra-el-dia-mundial-de-la-tierra-con-su-isla-ecologica\/","title":{"rendered":"Iveco Group celebra el D\u00eda Mundial de la Tierra con su Isla Ecol\u00f3gica"},"content":{"rendered":"<p>Iveco Group, una compa\u00f1\u00eda dedicada al segmento automotor celebra el primer aniversario de su Isla Ecol\u00f3gica ubicada en el Polo Industrial en Argentina, coincidiendo con el D\u00eda Mundial de la Tierra. La Isla Ecol\u00f3gica tiene como objetivo cuidar el medio ambiente mediante la recuperaci\u00f3n y fabricaci\u00f3n de piezas a partir de materiales reutilizados. En este sentido, Iveco Group demuestra su compromiso con la sustentabilidad no solo en la fabricaci\u00f3n de productos propulsados por energ\u00edas alternativas, sino tambi\u00e9n en los procesos de producci\u00f3n bajo el modelo de econom\u00eda circular.<\/p>\n<p>&nbsp;<\/p>\n<p><img fetchpriority=\"high\" decoding=\"async\" class=\"aligncenter wp-image-2082 size-full\" src=\"https:\/\/autofans.com.ar\/wp-content\/uploads\/2023\/05\/foto-2-1.jpg\" alt=\"Iveco Group\" width=\"1000\" height=\"667\" srcset=\"https:\/\/autofans.com.ar\/wp-content\/uploads\/2023\/05\/foto-2-1.jpg 1000w, https:\/\/autofans.com.ar\/wp-content\/uploads\/2023\/05\/foto-2-1-300x200.jpg 300w, https:\/\/autofans.com.ar\/wp-content\/uploads\/2023\/05\/foto-2-1-768x512.jpg 768w\" sizes=\"(max-width: 1000px) 100vw, 1000px\" \/><\/p>\n<h3>SUSTENTABILIDAD Y MEDIO AMBIENTE<\/h3>\n<p>Iveco Group ha creado el Comit\u00e9 de Sustentabilidad, conformado por voluntarios de la compa\u00f1\u00eda que abordan diversos proyectos comunitarios, educativos y sustentables. El Comit\u00e9 de Sustentabilidad est\u00e1 a cargo de la coordinadora de Medio Ambiente de la compa\u00f1\u00eda Lorena Eberhardt. Esto esta integrado por 82 colaboradores que trabajan la sustentabilidad de manera transversal. Adem\u00e1s, la Isla Ecol\u00f3gica promueve actividades de concientizaci\u00f3n ambiental como la reutilizaci\u00f3n y reciclaje de residuos, la recuperaci\u00f3n de desechos de procesos industriales y la conservaci\u00f3n de la biodiversidad, entre otros.<\/p>\n<p>Hasta la fecha, m\u00e1s de mil \u00e1rboles fueron salvados gracias a la implementaci\u00f3n de proyectos como la reforestaci\u00f3n de especies nativas en la reserva h\u00eddrica Villa Allende, donde las Sierras Chicas han sufrido m\u00faltiples incendios en los \u00faltimos a\u00f1os o en la costanera de Villa Carlos Paz. En este aspecto, Iveco Group contribuye a revalorizar los ecosistemas y las especies aut\u00f3ctonas.<\/p>\n<p>&nbsp;<\/p>\n<p><img decoding=\"async\" class=\"aligncenter wp-image-2081 size-full\" src=\"https:\/\/autofans.com.ar\/wp-content\/uploads\/2023\/05\/foto-3-1.jpg\" alt=\"Iveco Group\" width=\"1000\" height=\"667\" srcset=\"https:\/\/autofans.com.ar\/wp-content\/uploads\/2023\/05\/foto-3-1.jpg 1000w, https:\/\/autofans.com.ar\/wp-content\/uploads\/2023\/05\/foto-3-1-300x200.jpg 300w, https:\/\/autofans.com.ar\/wp-content\/uploads\/2023\/05\/foto-3-1-768x512.jpg 768w\" sizes=\"(max-width: 1000px) 100vw, 1000px\" \/><\/p>\n<p>La sustentabilidad es un pilar fundamental de <a href=\"https:\/\/www.ivecogroup.com\" target=\"_blank\" rel=\"noopener\">Iveco<\/a> Group, que no solo fabrica productos propulsados por energ\u00edas alternativas, sino que tambi\u00e9n trabaja en la implementaci\u00f3n de proyectos sustentables y en la concientizaci\u00f3n ambiental. Iveco Group demuestra su compromiso con la protecci\u00f3n del medio ambiente y su responsabilidad social empresarial en Argentina.<\/p>\n<p>&nbsp;<\/p>\n<p><i>Para enterarte de m\u00e1s novedades, no dejes de leer\u00a0<\/i><a href=\"https:\/\/autofans.thebrandsoup.com\/\"><i>nuestras notas<\/i><\/a><i>, de ver<\/i><b><i>\u00a0<\/i><\/b><a href=\"https:\/\/www.youtube.com\/channel\/UCgAC8UGHZYbT6P7PpmVnP7g\"><b><i>AUTOFANS TV<\/i><\/b><\/a><b><i>\u00a0<\/i><\/b><i>en nuestro\u00a0canal de Youtube. Adem\u00e1s seguinos en\u00a0<\/i><a href=\"https:\/\/www.instagram.com\/autofanstv\/\"><i>INSTAGRAM<\/i><\/a><i> y <\/i><a href=\"https:\/\/www.facebook.com\/autofansmas\/\"><i>FACEBOOK<\/i><\/a><i> para no perderte nada sobre las novedades del segmento automotor de Argentina y el mundo. <\/i><\/p>\n","protected":false},"excerpt":{"rendered":"<p>Iveco Group, una compa\u00f1\u00eda dedicada al segmento automotor celebra el primer aniversario de su Isla&#8230;<\/p>\n","protected":false},"author":2,"featured_media":2083,"comment_status":"closed","ping_status":"closed","sticky":false,"template":"","format":"standard","meta":{"footnotes":""},"categories":[292,16],"tags":[963,962,958,960,959,819,961,513],"class_list":["post-2080","post","type-post","status-publish","format-standard","has-post-thumbnail","hentry","category-empresas","category-noticias","tag-compromiso-ambiental","tag-concientizacion-ambiental","tag-dia-mundial-de-la-tierra","tag-economia-circular","tag-isla-ecologica","tag-iveco-group","tag-reciclaje","tag-sustentabilidad"],"yoast_head":"<!-- This site is optimized with the Yoast SEO plugin v27.5 - https:\/\/yoast.com\/product\/yoast-seo-wordpress\/ -->\n<title>Iveco Group celebra el D\u00eda Mundial de la Tierra con su Isla Ecol\u00f3gica -<\/title>\n<meta name=\"description\" content=\"Iveco Group, una compa\u00f1\u00eda dedicada al segmento automotor celebra el primer aniversario de su Isla Ecol\u00f3gica ubicada en el Polo Industrial...\" \/>\n<meta name=\"robots\" content=\"index, follow, max-snippet:-1, max-image-preview:large, max-video-preview:-1\" \/>\n<link rel=\"canonical\" href=\"https:\/\/autofans.com.ar\/index.php\/2023\/05\/02\/iveco-group-celebra-el-dia-mundial-de-la-tierra-con-su-isla-ecologica\/\" \/>\n<meta property=\"og:locale\" content=\"es_ES\" \/>\n<meta property=\"og:type\" content=\"article\" \/>\n<meta property=\"og:title\" content=\"Iveco Group celebra el D\u00eda Mundial de la Tierra con su Isla Ecol\u00f3gica -\" \/>\n<meta property=\"og:description\" content=\"Iveco Group, una compa\u00f1\u00eda dedicada al segmento automotor celebra el primer aniversario de su Isla Ecol\u00f3gica ubicada en el Polo Industrial...\" \/>\n<meta property=\"og:url\" content=\"https:\/\/autofans.com.ar\/index.php\/2023\/05\/02\/iveco-group-celebra-el-dia-mundial-de-la-tierra-con-su-isla-ecologica\/\" \/>\n<meta property=\"article:published_time\" content=\"2023-05-02T22:04:25+00:00\" \/>\n<meta property=\"og:image\" content=\"https:\/\/autofans.com.ar\/wp-content\/uploads\/2023\/05\/foto-1-1.jpg\" \/>\n\t<meta property=\"og:image:width\" content=\"1000\" \/>\n\t<meta property=\"og:image:height\" content=\"667\" \/>\n\t<meta property=\"og:image:type\" content=\"image\/jpeg\" \/>\n<meta name=\"author\" content=\"Alejandro Gabriel Rosito\" \/>\n<meta name=\"twitter:card\" content=\"summary_large_image\" \/>\n<meta name=\"twitter:label1\" content=\"Escrito por\" \/>\n\t<meta name=\"twitter:data1\" content=\"Alejandro Gabriel Rosito\" \/>\n\t<meta name=\"twitter:label2\" content=\"Tiempo de lectura\" \/>\n\t<meta name=\"twitter:data2\" content=\"2 minutos\" \/>\n<script type=\"application\/ld+json\" class=\"yoast-schema-graph\">{\"@context\":\"https:\\\/\\\/schema.org\",\"@graph\":[{\"@type\":\"Article\",\"@id\":\"https:\\\/\\\/autofans.com.ar\\\/index.php\\\/2023\\\/05\\\/02\\\/iveco-group-celebra-el-dia-mundial-de-la-tierra-con-su-isla-ecologica\\\/#article\",\"isPartOf\":{\"@id\":\"https:\\\/\\\/autofans.com.ar\\\/index.php\\\/2023\\\/05\\\/02\\\/iveco-group-celebra-el-dia-mundial-de-la-tierra-con-su-isla-ecologica\\\/\"},\"author\":{\"name\":\"Alejandro Gabriel Rosito\",\"@id\":\"https:\\\/\\\/autofans.com.ar\\\/#\\\/schema\\\/person\\\/4a8dda0b6df83ac3d6723e921274c2aa\"},\"headline\":\"Iveco Group celebra el D\u00eda Mundial de la Tierra con su Isla Ecol\u00f3gica\",\"datePublished\":\"2023-05-02T22:04:25+00:00\",\"mainEntityOfPage\":{\"@id\":\"https:\\\/\\\/autofans.com.ar\\\/index.php\\\/2023\\\/05\\\/02\\\/iveco-group-celebra-el-dia-mundial-de-la-tierra-con-su-isla-ecologica\\\/\"},\"wordCount\":379,\"image\":{\"@id\":\"https:\\\/\\\/autofans.com.ar\\\/index.php\\\/2023\\\/05\\\/02\\\/iveco-group-celebra-el-dia-mundial-de-la-tierra-con-su-isla-ecologica\\\/#primaryimage\"},\"thumbnailUrl\":\"https:\\\/\\\/autofans.com.ar\\\/wp-content\\\/uploads\\\/2023\\\/05\\\/foto-1-1.jpg\",\"keywords\":[\"Compromiso Ambiental\",\"Concientizaci\u00f3n Ambiental\",\"D\u00eda Mundial de la Tierra\",\"Econom\u00eda Circular\",\"Isla Ecol\u00f3gica\",\"Iveco Group\",\"Reciclaje\",\"sustentabilidad\"],\"articleSection\":[\"EMPRESAS\",\"NOTICIAS\"],\"inLanguage\":\"es\"},{\"@type\":\"WebPage\",\"@id\":\"https:\\\/\\\/autofans.com.ar\\\/index.php\\\/2023\\\/05\\\/02\\\/iveco-group-celebra-el-dia-mundial-de-la-tierra-con-su-isla-ecologica\\\/\",\"url\":\"https:\\\/\\\/autofans.com.ar\\\/index.php\\\/2023\\\/05\\\/02\\\/iveco-group-celebra-el-dia-mundial-de-la-tierra-con-su-isla-ecologica\\\/\",\"name\":\"Iveco Group celebra el D\u00eda Mundial de la Tierra con su Isla Ecol\u00f3gica -\",\"isPartOf\":{\"@id\":\"https:\\\/\\\/autofans.com.ar\\\/#website\"},\"primaryImageOfPage\":{\"@id\":\"https:\\\/\\\/autofans.com.ar\\\/index.php\\\/2023\\\/05\\\/02\\\/iveco-group-celebra-el-dia-mundial-de-la-tierra-con-su-isla-ecologica\\\/#primaryimage\"},\"image\":{\"@id\":\"https:\\\/\\\/autofans.com.ar\\\/index.php\\\/2023\\\/05\\\/02\\\/iveco-group-celebra-el-dia-mundial-de-la-tierra-con-su-isla-ecologica\\\/#primaryimage\"},\"thumbnailUrl\":\"https:\\\/\\\/autofans.com.ar\\\/wp-content\\\/uploads\\\/2023\\\/05\\\/foto-1-1.jpg\",\"datePublished\":\"2023-05-02T22:04:25+00:00\",\"author\":{\"@id\":\"https:\\\/\\\/autofans.com.ar\\\/#\\\/schema\\\/person\\\/4a8dda0b6df83ac3d6723e921274c2aa\"},\"description\":\"Iveco Group, una compa\u00f1\u00eda dedicada al segmento automotor celebra el primer aniversario de su Isla Ecol\u00f3gica ubicada en el Polo Industrial...\",\"breadcrumb\":{\"@id\":\"https:\\\/\\\/autofans.com.ar\\\/index.php\\\/2023\\\/05\\\/02\\\/iveco-group-celebra-el-dia-mundial-de-la-tierra-con-su-isla-ecologica\\\/#breadcrumb\"},\"inLanguage\":\"es\",\"potentialAction\":[{\"@type\":\"ReadAction\",\"target\":[\"https:\\\/\\\/autofans.com.ar\\\/index.php\\\/2023\\\/05\\\/02\\\/iveco-group-celebra-el-dia-mundial-de-la-tierra-con-su-isla-ecologica\\\/\"]}]},{\"@type\":\"ImageObject\",\"inLanguage\":\"es\",\"@id\":\"https:\\\/\\\/autofans.com.ar\\\/index.php\\\/2023\\\/05\\\/02\\\/iveco-group-celebra-el-dia-mundial-de-la-tierra-con-su-isla-ecologica\\\/#primaryimage\",\"url\":\"https:\\\/\\\/autofans.com.ar\\\/wp-content\\\/uploads\\\/2023\\\/05\\\/foto-1-1.jpg\",\"contentUrl\":\"https:\\\/\\\/autofans.com.ar\\\/wp-content\\\/uploads\\\/2023\\\/05\\\/foto-1-1.jpg\",\"width\":1000,\"height\":667,\"caption\":\"Isla ecologica\"},{\"@type\":\"BreadcrumbList\",\"@id\":\"https:\\\/\\\/autofans.com.ar\\\/index.php\\\/2023\\\/05\\\/02\\\/iveco-group-celebra-el-dia-mundial-de-la-tierra-con-su-isla-ecologica\\\/#breadcrumb\",\"itemListElement\":[{\"@type\":\"ListItem\",\"position\":1,\"name\":\"Inicio\",\"item\":\"https:\\\/\\\/autofans.com.ar\\\/\"},{\"@type\":\"ListItem\",\"position\":2,\"name\":\"Iveco Group celebra el D\u00eda Mundial de la Tierra con su Isla Ecol\u00f3gica\"}]},{\"@type\":\"WebSite\",\"@id\":\"https:\\\/\\\/autofans.com.ar\\\/#website\",\"url\":\"https:\\\/\\\/autofans.com.ar\\\/\",\"name\":\"\",\"description\":\"El multimedio referente de la industria automotriz\",\"potentialAction\":[{\"@type\":\"SearchAction\",\"target\":{\"@type\":\"EntryPoint\",\"urlTemplate\":\"https:\\\/\\\/autofans.com.ar\\\/?s={search_term_string}\"},\"query-input\":{\"@type\":\"PropertyValueSpecification\",\"valueRequired\":true,\"valueName\":\"search_term_string\"}}],\"inLanguage\":\"es\"},{\"@type\":\"Person\",\"@id\":\"https:\\\/\\\/autofans.com.ar\\\/#\\\/schema\\\/person\\\/4a8dda0b6df83ac3d6723e921274c2aa\",\"name\":\"Alejandro Gabriel Rosito\",\"image\":{\"@type\":\"ImageObject\",\"inLanguage\":\"es\",\"@id\":\"https:\\\/\\\/secure.gravatar.com\\\/avatar\\\/16c5dda1489adfc62618084dcbb91cffd879c374b13fe5dd8e44ed6733852c88?s=96&d=mm&r=g\",\"url\":\"https:\\\/\\\/secure.gravatar.com\\\/avatar\\\/16c5dda1489adfc62618084dcbb91cffd879c374b13fe5dd8e44ed6733852c88?s=96&d=mm&r=g\",\"contentUrl\":\"https:\\\/\\\/secure.gravatar.com\\\/avatar\\\/16c5dda1489adfc62618084dcbb91cffd879c374b13fe5dd8e44ed6733852c88?s=96&d=mm&r=g\",\"caption\":\"Alejandro Gabriel Rosito\"},\"url\":\"https:\\\/\\\/autofans.com.ar\\\/index.php\\\/author\\\/gabrielr\\\/\"}]}<\/script>\n<!-- \/ Yoast SEO plugin. -->","yoast_head_json":{"title":"Iveco Group celebra el D\u00eda Mundial de la Tierra con su Isla Ecol\u00f3gica -","description":"Iveco Group, una compa\u00f1\u00eda dedicada al segmento automotor celebra el primer aniversario de su Isla Ecol\u00f3gica ubicada en el Polo Industrial...","robots":{"index":"index","follow":"follow","max-snippet":"max-snippet:-1","max-image-preview":"max-image-preview:large","max-video-preview":"max-video-preview:-1"},"canonical":"https:\/\/autofans.com.ar\/index.php\/2023\/05\/02\/iveco-group-celebra-el-dia-mundial-de-la-tierra-con-su-isla-ecologica\/","og_locale":"es_ES","og_type":"article","og_title":"Iveco Group celebra el D\u00eda Mundial de la Tierra con su Isla Ecol\u00f3gica -","og_description":"Iveco Group, una compa\u00f1\u00eda dedicada al segmento automotor celebra el primer aniversario de su Isla Ecol\u00f3gica ubicada en el Polo Industrial...","og_url":"https:\/\/autofans.com.ar\/index.php\/2023\/05\/02\/iveco-group-celebra-el-dia-mundial-de-la-tierra-con-su-isla-ecologica\/","article_published_time":"2023-05-02T22:04:25+00:00","og_image":[{"width":1000,"height":667,"url":"https:\/\/autofans.com.ar\/wp-content\/uploads\/2023\/05\/foto-1-1.jpg","type":"image\/jpeg"}],"author":"Alejandro Gabriel Rosito","twitter_card":"summary_large_image","twitter_misc":{"Escrito por":"Alejandro Gabriel Rosito","Tiempo de lectura":"2 minutos"},"schema":{"@context":"https:\/\/schema.org","@graph":[{"@type":"Article","@id":"https:\/\/autofans.com.ar\/index.php\/2023\/05\/02\/iveco-group-celebra-el-dia-mundial-de-la-tierra-con-su-isla-ecologica\/#article","isPartOf":{"@id":"https:\/\/autofans.com.ar\/index.php\/2023\/05\/02\/iveco-group-celebra-el-dia-mundial-de-la-tierra-con-su-isla-ecologica\/"},"author":{"name":"Alejandro Gabriel Rosito","@id":"https:\/\/autofans.com.ar\/#\/schema\/person\/4a8dda0b6df83ac3d6723e921274c2aa"},"headline":"Iveco Group celebra el D\u00eda Mundial de la Tierra con su Isla Ecol\u00f3gica","datePublished":"2023-05-02T22:04:25+00:00","mainEntityOfPage":{"@id":"https:\/\/autofans.com.ar\/index.php\/2023\/05\/02\/iveco-group-celebra-el-dia-mundial-de-la-tierra-con-su-isla-ecologica\/"},"wordCount":379,"image":{"@id":"https:\/\/autofans.com.ar\/index.php\/2023\/05\/02\/iveco-group-celebra-el-dia-mundial-de-la-tierra-con-su-isla-ecologica\/#primaryimage"},"thumbnailUrl":"https:\/\/autofans.com.ar\/wp-content\/uploads\/2023\/05\/foto-1-1.jpg","keywords":["Compromiso Ambiental","Concientizaci\u00f3n Ambiental","D\u00eda Mundial de la Tierra","Econom\u00eda Circular","Isla Ecol\u00f3gica","Iveco Group","Reciclaje","sustentabilidad"],"articleSection":["EMPRESAS","NOTICIAS"],"inLanguage":"es"},{"@type":"WebPage","@id":"https:\/\/autofans.com.ar\/index.php\/2023\/05\/02\/iveco-group-celebra-el-dia-mundial-de-la-tierra-con-su-isla-ecologica\/","url":"https:\/\/autofans.com.ar\/index.php\/2023\/05\/02\/iveco-group-celebra-el-dia-mundial-de-la-tierra-con-su-isla-ecologica\/","name":"Iveco Group celebra el D\u00eda Mundial de la Tierra con su Isla Ecol\u00f3gica -","isPartOf":{"@id":"https:\/\/autofans.com.ar\/#website"},"primaryImageOfPage":{"@id":"https:\/\/autofans.com.ar\/index.php\/2023\/05\/02\/iveco-group-celebra-el-dia-mundial-de-la-tierra-con-su-isla-ecologica\/#primaryimage"},"image":{"@id":"https:\/\/autofans.com.ar\/index.php\/2023\/05\/02\/iveco-group-celebra-el-dia-mundial-de-la-tierra-con-su-isla-ecologica\/#primaryimage"},"thumbnailUrl":"https:\/\/autofans.com.ar\/wp-content\/uploads\/2023\/05\/foto-1-1.jpg","datePublished":"2023-05-02T22:04:25+00:00","author":{"@id":"https:\/\/autofans.com.ar\/#\/schema\/person\/4a8dda0b6df83ac3d6723e921274c2aa"},"description":"Iveco Group, una compa\u00f1\u00eda dedicada al segmento automotor celebra el primer aniversario de su Isla Ecol\u00f3gica ubicada en el Polo Industrial...","breadcrumb":{"@id":"https:\/\/autofans.com.ar\/index.php\/2023\/05\/02\/iveco-group-celebra-el-dia-mundial-de-la-tierra-con-su-isla-ecologica\/#breadcrumb"},"inLanguage":"es","potentialAction":[{"@type":"ReadAction","target":["https:\/\/autofans.com.ar\/index.php\/2023\/05\/02\/iveco-group-celebra-el-dia-mundial-de-la-tierra-con-su-isla-ecologica\/"]}]},{"@type":"ImageObject","inLanguage":"es","@id":"https:\/\/autofans.com.ar\/index.php\/2023\/05\/02\/iveco-group-celebra-el-dia-mundial-de-la-tierra-con-su-isla-ecologica\/#primaryimage","url":"https:\/\/autofans.com.ar\/wp-content\/uploads\/2023\/05\/foto-1-1.jpg","contentUrl":"https:\/\/autofans.com.ar\/wp-content\/uploads\/2023\/05\/foto-1-1.jpg","width":1000,"height":667,"caption":"Isla ecologica"},{"@type":"BreadcrumbList","@id":"https:\/\/autofans.com.ar\/index.php\/2023\/05\/02\/iveco-group-celebra-el-dia-mundial-de-la-tierra-con-su-isla-ecologica\/#breadcrumb","itemListElement":[{"@type":"ListItem","position":1,"name":"Inicio","item":"https:\/\/autofans.com.ar\/"},{"@type":"ListItem","position":2,"name":"Iveco Group celebra el D\u00eda Mundial de la Tierra con su Isla Ecol\u00f3gica"}]},{"@type":"WebSite","@id":"https:\/\/autofans.com.ar\/#website","url":"https:\/\/autofans.com.ar\/","name":"","description":"El multimedio referente de la industria automotriz","potentialAction":[{"@type":"SearchAction","target":{"@type":"EntryPoint","urlTemplate":"https:\/\/autofans.com.ar\/?s={search_term_string}"},"query-input":{"@type":"PropertyValueSpecification","valueRequired":true,"valueName":"search_term_string"}}],"inLanguage":"es"},{"@type":"Person","@id":"https:\/\/autofans.com.ar\/#\/schema\/person\/4a8dda0b6df83ac3d6723e921274c2aa","name":"Alejandro Gabriel Rosito","image":{"@type":"ImageObject","inLanguage":"es","@id":"https:\/\/secure.gravatar.com\/avatar\/16c5dda1489adfc62618084dcbb91cffd879c374b13fe5dd8e44ed6733852c88?s=96&d=mm&r=g","url":"https:\/\/secure.gravatar.com\/avatar\/16c5dda1489adfc62618084dcbb91cffd879c374b13fe5dd8e44ed6733852c88?s=96&d=mm&r=g","contentUrl":"https:\/\/secure.gravatar.com\/avatar\/16c5dda1489adfc62618084dcbb91cffd879c374b13fe5dd8e44ed6733852c88?s=96&d=mm&r=g","caption":"Alejandro Gabriel Rosito"},"url":"https:\/\/autofans.com.ar\/index.php\/author\/gabrielr\/"}]}},"featured_image_urls":{"full":["https:\/\/autofans.com.ar\/wp-content\/uploads\/2023\/05\/foto-1-1.jpg",1000,667,false],"thumbnail":["https:\/\/autofans.com.ar\/wp-content\/uploads\/2023\/05\/foto-1-1-150x150.jpg",150,150,true],"medium":["https:\/\/autofans.com.ar\/wp-content\/uploads\/2023\/05\/foto-1-1-300x200.jpg",300,200,true],"medium_large":["https:\/\/autofans.com.ar\/wp-content\/uploads\/2023\/05\/foto-1-1-768x512.jpg",640,427,true],"large":["https:\/\/autofans.com.ar\/wp-content\/uploads\/2023\/05\/foto-1-1.jpg",640,427,false],"1536x1536":["https:\/\/autofans.com.ar\/wp-content\/uploads\/2023\/05\/foto-1-1.jpg",1000,667,false],"2048x2048":["https:\/\/autofans.com.ar\/wp-content\/uploads\/2023\/05\/foto-1-1.jpg",1000,667,false],"covernews-featured":["https:\/\/autofans.com.ar\/wp-content\/uploads\/2023\/05\/foto-1-1.jpg",1000,667,false],"covernews-medium":["https:\/\/autofans.com.ar\/wp-content\/uploads\/2023\/05\/foto-1-1-540x340.jpg",540,340,true]},"author_info":{"display_name":"Alejandro Gabriel Rosito","author_link":"https:\/\/autofans.com.ar\/index.php\/author\/gabrielr\/"},"category_info":"<a href=\"https:\/\/autofans.com.ar\/index.php\/category\/noticias\/empresas\/\" rel=\"category tag\">EMPRESAS<\/a> <a href=\"https:\/\/autofans.com.ar\/index.php\/category\/noticias\/\" rel=\"category tag\">NOTICIAS<\/a>","tag_info":"NOTICIAS","comment_count":0,"_links":{"self":[{"href":"https:\/\/autofans.com.ar\/index.php\/wp-json\/wp\/v2\/posts\/2080","targetHints":{"allow":["GET"]}}],"collection":[{"href":"https:\/\/autofans.com.ar\/index.php\/wp-json\/wp\/v2\/posts"}],"about":[{"href":"https:\/\/autofans.com.ar\/index.php\/wp-json\/wp\/v2\/types\/post"}],"author":[{"embeddable":true,"href":"https:\/\/autofans.com.ar\/index.php\/wp-json\/wp\/v2\/users\/2"}],"replies":[{"embeddable":true,"href":"https:\/\/autofans.com.ar\/index.php\/wp-json\/wp\/v2\/comments?post=2080"}],"version-history":[{"count":1,"href":"https:\/\/autofans.com.ar\/index.php\/wp-json\/wp\/v2\/posts\/2080\/revisions"}],"predecessor-version":[{"id":2084,"href":"https:\/\/autofans.com.ar\/index.php\/wp-json\/wp\/v2\/posts\/2080\/revisions\/2084"}],"wp:featuredmedia":[{"embeddable":true,"href":"https:\/\/autofans.com.ar\/index.php\/wp-json\/wp\/v2\/media\/2083"}],"wp:attachment":[{"href":"https:\/\/autofans.com.ar\/index.php\/wp-json\/wp\/v2\/media?parent=2080"}],"wp:term":[{"taxonomy":"category","embeddable":true,"href":"https:\/\/autofans.com.ar\/index.php\/wp-json\/wp\/v2\/categories?post=2080"},{"taxonomy":"post_tag","embeddable":true,"href":"https:\/\/autofans.com.ar\/index.php\/wp-json\/wp\/v2\/tags?post=2080"}],"curies":[{"name":"wp","href":"https:\/\/api.w.org\/{rel}","templated":true}]}}