{"id":2104,"date":"2023-05-03T19:50:21","date_gmt":"2023-05-03T22:50:21","guid":{"rendered":"https:\/\/autofans.com.ar\/?p=2104"},"modified":"2023-05-03T19:51:05","modified_gmt":"2023-05-03T22:51:05","slug":"pecco-bagnaia-se-lleva-la-victoria-en-el-gran-premio-de-espana","status":"publish","type":"post","link":"https:\/\/autofans.com.ar\/index.php\/2023\/05\/03\/pecco-bagnaia-se-lleva-la-victoria-en-el-gran-premio-de-espana\/","title":{"rendered":"Pecco Bagnaia se lleva la victoria en el Gran Premio de Espa\u00f1a"},"content":{"rendered":"<p>Pecco Bagnaia del equipo Ducati Lenovo Team obtuvo su segunda victoria en la presente temporada de MotoGP en el Gran Premio de Espa\u00f1a en el circuito de Jerez de la Frontera. Tras un fin de semana marcado por los accidentes en los primeros compases de las carreras, <a href=\"https:\/\/autofans.com.ar\/index.php\/2023\/03\/15\/francesco-bagnaia-y-ducati-lideran-las-pruebas-de-motogp\/\" target=\"_blank\" rel=\"noopener\">Bagnaia<\/a> logr\u00f3 la victoria despu\u00e9s de una cerrada lucha por las posiciones de podio. Esta victoria lo dej\u00f3 en la cima provisional del campeonato, 22 puntos por delante de su compa\u00f1ero de equipo, Marco Bezzecchi del VR46 Racing Team. Ducati sigue liderando la clasificaci\u00f3n entre Constructores con 56 puntos de ventaja sobre su rival m\u00e1s cercano. En la nota, tambi\u00e9n se destaca la actuaci\u00f3n de Jorge Mart\u00edn con su Desmosedici GP del equipo Prima Pramac Racing, que logr\u00f3 la cuarta posici\u00f3n. Adem\u00e1s, se menciona el abandono de Enea Bastianini, que estaba programado para regresar al circuito despu\u00e9s de una lesi\u00f3n en la esc\u00e1pula derecha.<\/p>\n<p>&nbsp;<\/p>\n<p><img fetchpriority=\"high\" decoding=\"async\" class=\"aligncenter wp-image-2105 size-full\" src=\"https:\/\/autofans.com.ar\/wp-content\/uploads\/2023\/05\/bagnaia.jpg\" alt=\"MotoGP\" width=\"1000\" height=\"667\" srcset=\"https:\/\/autofans.com.ar\/wp-content\/uploads\/2023\/05\/bagnaia.jpg 1000w, https:\/\/autofans.com.ar\/wp-content\/uploads\/2023\/05\/bagnaia-300x200.jpg 300w, https:\/\/autofans.com.ar\/wp-content\/uploads\/2023\/05\/bagnaia-768x512.jpg 768w\" sizes=\"(max-width: 1000px) 100vw, 1000px\" \/><\/p>\n<div class=\"page\" title=\"Page 2\">\n<div class=\"layoutArea\">\n<div class=\"column\">\n<h3>Francesco Bagnaia (#1 Ducati Lenovo Team) Sprint Race \u2013 P2 \/\/ GP Race \u2013 P1<\/h3>\n<blockquote>\n<p style=\"text-align: center;\">\u201cConsiderando co\u0301mo arranco\u0301 el fin de semana, creo que esta es la mejor victoria conseguida hasta ahora en MotoGP. Trabajamos mucho para que la moto fuera competitiva y aprendimos de situaciones que podra\u0301n ayudarnos en el futuro. Poco a poco, su potencial se puso en evidencia a medida que pasaron los di\u0301as y hoy llegamos al punto ma\u0301ximo, de estar convencidos que podi\u0301amos lograr la victoria. Adema\u0301s, ganar ante tan maravilloso pu\u0301blico tiene un sabor muy especial, por lo que me siento afortunado \u201d.<\/p>\n<\/blockquote>\n<\/div>\n<\/div>\n<\/div>\n<p>&nbsp;<\/p>\n<div class=\"page\" title=\"Page 2\">\n<div class=\"layoutArea\">\n<div class=\"column\">\n<h3><img decoding=\"async\" class=\"aligncenter wp-image-2106 size-full\" src=\"https:\/\/autofans.com.ar\/wp-content\/uploads\/2023\/05\/bastianini.jpg\" alt=\"MotoGP\" width=\"1000\" height=\"667\" srcset=\"https:\/\/autofans.com.ar\/wp-content\/uploads\/2023\/05\/bastianini.jpg 1000w, https:\/\/autofans.com.ar\/wp-content\/uploads\/2023\/05\/bastianini-300x200.jpg 300w, https:\/\/autofans.com.ar\/wp-content\/uploads\/2023\/05\/bastianini-768x512.jpg 768w\" sizes=\"(max-width: 1000px) 100vw, 1000px\" \/><\/h3>\n<h3>Enea Bastianini (#23 Ducati Lenovo Team)<\/h3>\n<blockquote>\n<p style=\"text-align: center;\">\u201cLamento mucho no cumplir con lo deseado. El viernes aprete\u0301 los dientes para tratar de realizar mi trabajo, pero el sa\u0301bado me di cuenta que no estaban dadas las condiciones para hacerlo con toda la seguridad necesaria. Fue bueno hacer el intento, pero conociendo cua\u0301l es mi nivel de rendimiento, todavi\u0301a falta bastante para estar 100%\u201d.<\/p>\n<\/blockquote>\n<\/div>\n<\/div>\n<\/div>\n<p>&nbsp;<\/p>\n<div class=\"page\" title=\"Page 2\">\n<div class=\"layoutArea\">\n<div class=\"column\">\n<h3><img decoding=\"async\" class=\"aligncenter wp-image-2110 size-full\" src=\"https:\/\/autofans.com.ar\/wp-content\/uploads\/2023\/05\/luigi.jpg\" alt=\"\" width=\"1000\" height=\"667\" srcset=\"https:\/\/autofans.com.ar\/wp-content\/uploads\/2023\/05\/luigi.jpg 1000w, https:\/\/autofans.com.ar\/wp-content\/uploads\/2023\/05\/luigi-300x200.jpg 300w, https:\/\/autofans.com.ar\/wp-content\/uploads\/2023\/05\/luigi-768x512.jpg 768w\" sizes=\"(max-width: 1000px) 100vw, 1000px\" \/><\/h3>\n<h3>Luigi Dall\u2019Igna (Director General Ducati Corse)<\/h3>\n<blockquote>\n<p style=\"text-align: center;\">\u201cTodas las victorias de \u2018Pecco\u2019 fueron hermosas, pero creo que esta supero\u0301 a las dema\u0301s. Luego de las cai\u0301da en los dos u\u0301ltimos Grandes Premios necesita\u0301bamos un resultado asi\u0301. Pese a que el fin de semana se inicio\u0301 de manera complicada, todo el equipo trabajo\u0301 para revertir la situacio\u0301n. Felicito a todos por su dedicacio\u0301n y especialmente a \u2018Pecco\u2019 por co\u0301mo administro\u0301 la carrera de hoy&#8230; como un verdadero Campeo\u0301n\u201d.<\/p>\n<\/blockquote>\n<\/div>\n<\/div>\n<\/div>\n<div class=\"page\" title=\"Page 2\">\n<div class=\"layoutArea\">\n<div class=\"column\">\n<p>Durante este lunes, el equipo Ducati Lenovo Team permanecera\u0301 en Jerez de la Frontera para desarrollar los ensayos colectivos programados por la categori\u0301a.<br \/>\nLa continuidad del Mundial de <a href=\"https:\/\/www.motogp.com\/es\" target=\"_blank\" rel=\"noopener\">MotoGP,<\/a> se producira\u0301 en una carrera que marcara\u0301 todo un hito en su historia, ya que sera\u0301 la competencia nu\u0301mero 1.000 desde que comenzo\u0301 el certamen en el an\u0303o 1949. Esa pro\u0301xima fecha sera\u0301 el fin de semana del 12 al 14 de mayo, cuando se dispute en el circuito Bugatti de Le Mans el Gran Premio de Francia.<\/p>\n<\/div>\n<\/div>\n<\/div>\n<p>&nbsp;<\/p>\n<p><i>Para enterarte de m\u00e1s novedades, no dejes de leer\u00a0<\/i><a href=\"https:\/\/autofans.thebrandsoup.com\/\"><i>nuestras notas<\/i><\/a><i>, de ver<\/i><b><i>\u00a0<\/i><\/b><a href=\"https:\/\/www.youtube.com\/channel\/UCgAC8UGHZYbT6P7PpmVnP7g\"><b><i>AUTOFANS TV<\/i><\/b><\/a><b><i>\u00a0<\/i><\/b><i>en nuestro\u00a0canal de Youtube. Adem\u00e1s seguinos en\u00a0<\/i><a href=\"https:\/\/www.instagram.com\/autofanstv\/\"><i>INSTAGRAM<\/i><\/a><i> y <\/i><a href=\"https:\/\/www.facebook.com\/autofansmas\/\"><i>FACEBOOK<\/i><\/a><i> para no perderte nada sobre las novedades del segmento automotor de Argentina y el mundo. <\/i><\/p>\n","protected":false},"excerpt":{"rendered":"<p>Pecco Bagnaia del equipo Ducati Lenovo Team obtuvo su segunda victoria en la presente temporada&#8230;<\/p>\n","protected":false},"author":2,"featured_media":2107,"comment_status":"closed","ping_status":"closed","sticky":false,"template":"","format":"standard","meta":{"footnotes":""},"categories":[4,16],"tags":[230,219,54,972,973,532,342,971],"class_list":["post-2104","post","type-post","status-publish","format-standard","has-post-thumbnail","hentry","category-motos","category-noticias","tag-campeonato","tag-ducati","tag-ducati-argentina","tag-gran-premio-de-espana","tag-jerez-de-la-frontera","tag-motociclismo","tag-motogp","tag-pecco-bagnaia"],"yoast_head":"<!-- This site is optimized with the Yoast SEO plugin v27.5 - https:\/\/yoast.com\/product\/yoast-seo-wordpress\/ -->\n<title>Pecco Bagnaia se lleva la victoria en el Gran Premio de Espa\u00f1a -<\/title>\n<meta name=\"description\" content=\"Pecco Bagnaia del equipo Ducati Lenovo Team obtuvo su segunda victoria en la presente temporada de MotoGP en el Gran Premio de Espa\u00f1a...\" \/>\n<meta name=\"robots\" content=\"index, follow, max-snippet:-1, max-image-preview:large, max-video-preview:-1\" \/>\n<link rel=\"canonical\" href=\"https:\/\/autofans.com.ar\/index.php\/2023\/05\/03\/pecco-bagnaia-se-lleva-la-victoria-en-el-gran-premio-de-espana\/\" \/>\n<meta property=\"og:locale\" content=\"es_ES\" \/>\n<meta property=\"og:type\" content=\"article\" \/>\n<meta property=\"og:title\" content=\"Pecco Bagnaia se lleva la victoria en el Gran Premio de Espa\u00f1a -\" \/>\n<meta property=\"og:description\" content=\"Pecco Bagnaia del equipo Ducati Lenovo Team obtuvo su segunda victoria en la presente temporada de MotoGP en el Gran Premio de Espa\u00f1a...\" \/>\n<meta property=\"og:url\" content=\"https:\/\/autofans.com.ar\/index.php\/2023\/05\/03\/pecco-bagnaia-se-lleva-la-victoria-en-el-gran-premio-de-espana\/\" \/>\n<meta property=\"article:published_time\" content=\"2023-05-03T22:50:21+00:00\" \/>\n<meta property=\"article:modified_time\" content=\"2023-05-03T22:51:05+00:00\" \/>\n<meta property=\"og:image\" content=\"https:\/\/autofans.com.ar\/wp-content\/uploads\/2023\/05\/grupo.jpg\" \/>\n\t<meta property=\"og:image:width\" content=\"1000\" \/>\n\t<meta property=\"og:image:height\" content=\"667\" \/>\n\t<meta property=\"og:image:type\" content=\"image\/jpeg\" \/>\n<meta name=\"author\" content=\"Alejandro Gabriel Rosito\" \/>\n<meta name=\"twitter:card\" content=\"summary_large_image\" \/>\n<meta name=\"twitter:label1\" content=\"Escrito por\" \/>\n\t<meta name=\"twitter:data1\" content=\"Alejandro Gabriel Rosito\" \/>\n\t<meta name=\"twitter:label2\" content=\"Tiempo de lectura\" \/>\n\t<meta name=\"twitter:data2\" content=\"3 minutos\" \/>\n<script type=\"application\/ld+json\" class=\"yoast-schema-graph\">{\"@context\":\"https:\\\/\\\/schema.org\",\"@graph\":[{\"@type\":\"Article\",\"@id\":\"https:\\\/\\\/autofans.com.ar\\\/index.php\\\/2023\\\/05\\\/03\\\/pecco-bagnaia-se-lleva-la-victoria-en-el-gran-premio-de-espana\\\/#article\",\"isPartOf\":{\"@id\":\"https:\\\/\\\/autofans.com.ar\\\/index.php\\\/2023\\\/05\\\/03\\\/pecco-bagnaia-se-lleva-la-victoria-en-el-gran-premio-de-espana\\\/\"},\"author\":{\"name\":\"Alejandro Gabriel Rosito\",\"@id\":\"https:\\\/\\\/autofans.com.ar\\\/#\\\/schema\\\/person\\\/4a8dda0b6df83ac3d6723e921274c2aa\"},\"headline\":\"Pecco Bagnaia se lleva la victoria en el Gran Premio de Espa\u00f1a\",\"datePublished\":\"2023-05-03T22:50:21+00:00\",\"dateModified\":\"2023-05-03T22:51:05+00:00\",\"mainEntityOfPage\":{\"@id\":\"https:\\\/\\\/autofans.com.ar\\\/index.php\\\/2023\\\/05\\\/03\\\/pecco-bagnaia-se-lleva-la-victoria-en-el-gran-premio-de-espana\\\/\"},\"wordCount\":558,\"image\":{\"@id\":\"https:\\\/\\\/autofans.com.ar\\\/index.php\\\/2023\\\/05\\\/03\\\/pecco-bagnaia-se-lleva-la-victoria-en-el-gran-premio-de-espana\\\/#primaryimage\"},\"thumbnailUrl\":\"https:\\\/\\\/autofans.com.ar\\\/wp-content\\\/uploads\\\/2023\\\/05\\\/grupo.jpg\",\"keywords\":[\"campeonato\",\"Ducati\",\"Ducati Argentina\",\"Gran Premio de Espa\u00f1a\",\"Jerez De La Frontera\",\"Motociclismo\",\"MotoGP\",\"Pecco Bagnaia\"],\"articleSection\":[\"MOTOS\",\"NOTICIAS\"],\"inLanguage\":\"es\"},{\"@type\":\"WebPage\",\"@id\":\"https:\\\/\\\/autofans.com.ar\\\/index.php\\\/2023\\\/05\\\/03\\\/pecco-bagnaia-se-lleva-la-victoria-en-el-gran-premio-de-espana\\\/\",\"url\":\"https:\\\/\\\/autofans.com.ar\\\/index.php\\\/2023\\\/05\\\/03\\\/pecco-bagnaia-se-lleva-la-victoria-en-el-gran-premio-de-espana\\\/\",\"name\":\"Pecco Bagnaia se lleva la victoria en el Gran Premio de Espa\u00f1a -\",\"isPartOf\":{\"@id\":\"https:\\\/\\\/autofans.com.ar\\\/#website\"},\"primaryImageOfPage\":{\"@id\":\"https:\\\/\\\/autofans.com.ar\\\/index.php\\\/2023\\\/05\\\/03\\\/pecco-bagnaia-se-lleva-la-victoria-en-el-gran-premio-de-espana\\\/#primaryimage\"},\"image\":{\"@id\":\"https:\\\/\\\/autofans.com.ar\\\/index.php\\\/2023\\\/05\\\/03\\\/pecco-bagnaia-se-lleva-la-victoria-en-el-gran-premio-de-espana\\\/#primaryimage\"},\"thumbnailUrl\":\"https:\\\/\\\/autofans.com.ar\\\/wp-content\\\/uploads\\\/2023\\\/05\\\/grupo.jpg\",\"datePublished\":\"2023-05-03T22:50:21+00:00\",\"dateModified\":\"2023-05-03T22:51:05+00:00\",\"author\":{\"@id\":\"https:\\\/\\\/autofans.com.ar\\\/#\\\/schema\\\/person\\\/4a8dda0b6df83ac3d6723e921274c2aa\"},\"description\":\"Pecco Bagnaia del equipo Ducati Lenovo Team obtuvo su segunda victoria en la presente temporada de MotoGP en el Gran Premio de Espa\u00f1a...\",\"breadcrumb\":{\"@id\":\"https:\\\/\\\/autofans.com.ar\\\/index.php\\\/2023\\\/05\\\/03\\\/pecco-bagnaia-se-lleva-la-victoria-en-el-gran-premio-de-espana\\\/#breadcrumb\"},\"inLanguage\":\"es\",\"potentialAction\":[{\"@type\":\"ReadAction\",\"target\":[\"https:\\\/\\\/autofans.com.ar\\\/index.php\\\/2023\\\/05\\\/03\\\/pecco-bagnaia-se-lleva-la-victoria-en-el-gran-premio-de-espana\\\/\"]}]},{\"@type\":\"ImageObject\",\"inLanguage\":\"es\",\"@id\":\"https:\\\/\\\/autofans.com.ar\\\/index.php\\\/2023\\\/05\\\/03\\\/pecco-bagnaia-se-lleva-la-victoria-en-el-gran-premio-de-espana\\\/#primaryimage\",\"url\":\"https:\\\/\\\/autofans.com.ar\\\/wp-content\\\/uploads\\\/2023\\\/05\\\/grupo.jpg\",\"contentUrl\":\"https:\\\/\\\/autofans.com.ar\\\/wp-content\\\/uploads\\\/2023\\\/05\\\/grupo.jpg\",\"width\":1000,\"height\":667,\"caption\":\"MotoGP\"},{\"@type\":\"BreadcrumbList\",\"@id\":\"https:\\\/\\\/autofans.com.ar\\\/index.php\\\/2023\\\/05\\\/03\\\/pecco-bagnaia-se-lleva-la-victoria-en-el-gran-premio-de-espana\\\/#breadcrumb\",\"itemListElement\":[{\"@type\":\"ListItem\",\"position\":1,\"name\":\"Inicio\",\"item\":\"https:\\\/\\\/autofans.com.ar\\\/\"},{\"@type\":\"ListItem\",\"position\":2,\"name\":\"Pecco Bagnaia se lleva la victoria en el Gran Premio de Espa\u00f1a\"}]},{\"@type\":\"WebSite\",\"@id\":\"https:\\\/\\\/autofans.com.ar\\\/#website\",\"url\":\"https:\\\/\\\/autofans.com.ar\\\/\",\"name\":\"\",\"description\":\"El multimedio referente de la industria automotriz\",\"potentialAction\":[{\"@type\":\"SearchAction\",\"target\":{\"@type\":\"EntryPoint\",\"urlTemplate\":\"https:\\\/\\\/autofans.com.ar\\\/?s={search_term_string}\"},\"query-input\":{\"@type\":\"PropertyValueSpecification\",\"valueRequired\":true,\"valueName\":\"search_term_string\"}}],\"inLanguage\":\"es\"},{\"@type\":\"Person\",\"@id\":\"https:\\\/\\\/autofans.com.ar\\\/#\\\/schema\\\/person\\\/4a8dda0b6df83ac3d6723e921274c2aa\",\"name\":\"Alejandro Gabriel Rosito\",\"image\":{\"@type\":\"ImageObject\",\"inLanguage\":\"es\",\"@id\":\"https:\\\/\\\/secure.gravatar.com\\\/avatar\\\/16c5dda1489adfc62618084dcbb91cffd879c374b13fe5dd8e44ed6733852c88?s=96&d=mm&r=g\",\"url\":\"https:\\\/\\\/secure.gravatar.com\\\/avatar\\\/16c5dda1489adfc62618084dcbb91cffd879c374b13fe5dd8e44ed6733852c88?s=96&d=mm&r=g\",\"contentUrl\":\"https:\\\/\\\/secure.gravatar.com\\\/avatar\\\/16c5dda1489adfc62618084dcbb91cffd879c374b13fe5dd8e44ed6733852c88?s=96&d=mm&r=g\",\"caption\":\"Alejandro Gabriel Rosito\"},\"url\":\"https:\\\/\\\/autofans.com.ar\\\/index.php\\\/author\\\/gabrielr\\\/\"}]}<\/script>\n<!-- \/ Yoast SEO plugin. -->","yoast_head_json":{"title":"Pecco Bagnaia se lleva la victoria en el Gran Premio de Espa\u00f1a -","description":"Pecco Bagnaia del equipo Ducati Lenovo Team obtuvo su segunda victoria en la presente temporada de MotoGP en el Gran Premio de Espa\u00f1a...","robots":{"index":"index","follow":"follow","max-snippet":"max-snippet:-1","max-image-preview":"max-image-preview:large","max-video-preview":"max-video-preview:-1"},"canonical":"https:\/\/autofans.com.ar\/index.php\/2023\/05\/03\/pecco-bagnaia-se-lleva-la-victoria-en-el-gran-premio-de-espana\/","og_locale":"es_ES","og_type":"article","og_title":"Pecco Bagnaia se lleva la victoria en el Gran Premio de Espa\u00f1a -","og_description":"Pecco Bagnaia del equipo Ducati Lenovo Team obtuvo su segunda victoria en la presente temporada de MotoGP en el Gran Premio de Espa\u00f1a...","og_url":"https:\/\/autofans.com.ar\/index.php\/2023\/05\/03\/pecco-bagnaia-se-lleva-la-victoria-en-el-gran-premio-de-espana\/","article_published_time":"2023-05-03T22:50:21+00:00","article_modified_time":"2023-05-03T22:51:05+00:00","og_image":[{"width":1000,"height":667,"url":"https:\/\/autofans.com.ar\/wp-content\/uploads\/2023\/05\/grupo.jpg","type":"image\/jpeg"}],"author":"Alejandro Gabriel Rosito","twitter_card":"summary_large_image","twitter_misc":{"Escrito por":"Alejandro Gabriel Rosito","Tiempo de lectura":"3 minutos"},"schema":{"@context":"https:\/\/schema.org","@graph":[{"@type":"Article","@id":"https:\/\/autofans.com.ar\/index.php\/2023\/05\/03\/pecco-bagnaia-se-lleva-la-victoria-en-el-gran-premio-de-espana\/#article","isPartOf":{"@id":"https:\/\/autofans.com.ar\/index.php\/2023\/05\/03\/pecco-bagnaia-se-lleva-la-victoria-en-el-gran-premio-de-espana\/"},"author":{"name":"Alejandro Gabriel Rosito","@id":"https:\/\/autofans.com.ar\/#\/schema\/person\/4a8dda0b6df83ac3d6723e921274c2aa"},"headline":"Pecco Bagnaia se lleva la victoria en el Gran Premio de Espa\u00f1a","datePublished":"2023-05-03T22:50:21+00:00","dateModified":"2023-05-03T22:51:05+00:00","mainEntityOfPage":{"@id":"https:\/\/autofans.com.ar\/index.php\/2023\/05\/03\/pecco-bagnaia-se-lleva-la-victoria-en-el-gran-premio-de-espana\/"},"wordCount":558,"image":{"@id":"https:\/\/autofans.com.ar\/index.php\/2023\/05\/03\/pecco-bagnaia-se-lleva-la-victoria-en-el-gran-premio-de-espana\/#primaryimage"},"thumbnailUrl":"https:\/\/autofans.com.ar\/wp-content\/uploads\/2023\/05\/grupo.jpg","keywords":["campeonato","Ducati","Ducati Argentina","Gran Premio de Espa\u00f1a","Jerez De La Frontera","Motociclismo","MotoGP","Pecco Bagnaia"],"articleSection":["MOTOS","NOTICIAS"],"inLanguage":"es"},{"@type":"WebPage","@id":"https:\/\/autofans.com.ar\/index.php\/2023\/05\/03\/pecco-bagnaia-se-lleva-la-victoria-en-el-gran-premio-de-espana\/","url":"https:\/\/autofans.com.ar\/index.php\/2023\/05\/03\/pecco-bagnaia-se-lleva-la-victoria-en-el-gran-premio-de-espana\/","name":"Pecco Bagnaia se lleva la victoria en el Gran Premio de Espa\u00f1a -","isPartOf":{"@id":"https:\/\/autofans.com.ar\/#website"},"primaryImageOfPage":{"@id":"https:\/\/autofans.com.ar\/index.php\/2023\/05\/03\/pecco-bagnaia-se-lleva-la-victoria-en-el-gran-premio-de-espana\/#primaryimage"},"image":{"@id":"https:\/\/autofans.com.ar\/index.php\/2023\/05\/03\/pecco-bagnaia-se-lleva-la-victoria-en-el-gran-premio-de-espana\/#primaryimage"},"thumbnailUrl":"https:\/\/autofans.com.ar\/wp-content\/uploads\/2023\/05\/grupo.jpg","datePublished":"2023-05-03T22:50:21+00:00","dateModified":"2023-05-03T22:51:05+00:00","author":{"@id":"https:\/\/autofans.com.ar\/#\/schema\/person\/4a8dda0b6df83ac3d6723e921274c2aa"},"description":"Pecco Bagnaia del equipo Ducati Lenovo Team obtuvo su segunda victoria en la presente temporada de MotoGP en el Gran Premio de Espa\u00f1a...","breadcrumb":{"@id":"https:\/\/autofans.com.ar\/index.php\/2023\/05\/03\/pecco-bagnaia-se-lleva-la-victoria-en-el-gran-premio-de-espana\/#breadcrumb"},"inLanguage":"es","potentialAction":[{"@type":"ReadAction","target":["https:\/\/autofans.com.ar\/index.php\/2023\/05\/03\/pecco-bagnaia-se-lleva-la-victoria-en-el-gran-premio-de-espana\/"]}]},{"@type":"ImageObject","inLanguage":"es","@id":"https:\/\/autofans.com.ar\/index.php\/2023\/05\/03\/pecco-bagnaia-se-lleva-la-victoria-en-el-gran-premio-de-espana\/#primaryimage","url":"https:\/\/autofans.com.ar\/wp-content\/uploads\/2023\/05\/grupo.jpg","contentUrl":"https:\/\/autofans.com.ar\/wp-content\/uploads\/2023\/05\/grupo.jpg","width":1000,"height":667,"caption":"MotoGP"},{"@type":"BreadcrumbList","@id":"https:\/\/autofans.com.ar\/index.php\/2023\/05\/03\/pecco-bagnaia-se-lleva-la-victoria-en-el-gran-premio-de-espana\/#breadcrumb","itemListElement":[{"@type":"ListItem","position":1,"name":"Inicio","item":"https:\/\/autofans.com.ar\/"},{"@type":"ListItem","position":2,"name":"Pecco Bagnaia se lleva la victoria en el Gran Premio de Espa\u00f1a"}]},{"@type":"WebSite","@id":"https:\/\/autofans.com.ar\/#website","url":"https:\/\/autofans.com.ar\/","name":"","description":"El multimedio referente de la industria automotriz","potentialAction":[{"@type":"SearchAction","target":{"@type":"EntryPoint","urlTemplate":"https:\/\/autofans.com.ar\/?s={search_term_string}"},"query-input":{"@type":"PropertyValueSpecification","valueRequired":true,"valueName":"search_term_string"}}],"inLanguage":"es"},{"@type":"Person","@id":"https:\/\/autofans.com.ar\/#\/schema\/person\/4a8dda0b6df83ac3d6723e921274c2aa","name":"Alejandro Gabriel Rosito","image":{"@type":"ImageObject","inLanguage":"es","@id":"https:\/\/secure.gravatar.com\/avatar\/16c5dda1489adfc62618084dcbb91cffd879c374b13fe5dd8e44ed6733852c88?s=96&d=mm&r=g","url":"https:\/\/secure.gravatar.com\/avatar\/16c5dda1489adfc62618084dcbb91cffd879c374b13fe5dd8e44ed6733852c88?s=96&d=mm&r=g","contentUrl":"https:\/\/secure.gravatar.com\/avatar\/16c5dda1489adfc62618084dcbb91cffd879c374b13fe5dd8e44ed6733852c88?s=96&d=mm&r=g","caption":"Alejandro Gabriel Rosito"},"url":"https:\/\/autofans.com.ar\/index.php\/author\/gabrielr\/"}]}},"featured_image_urls":{"full":["https:\/\/autofans.com.ar\/wp-content\/uploads\/2023\/05\/grupo.jpg",1000,667,false],"thumbnail":["https:\/\/autofans.com.ar\/wp-content\/uploads\/2023\/05\/grupo-150x150.jpg",150,150,true],"medium":["https:\/\/autofans.com.ar\/wp-content\/uploads\/2023\/05\/grupo-300x200.jpg",300,200,true],"medium_large":["https:\/\/autofans.com.ar\/wp-content\/uploads\/2023\/05\/grupo-768x512.jpg",640,427,true],"large":["https:\/\/autofans.com.ar\/wp-content\/uploads\/2023\/05\/grupo.jpg",640,427,false],"1536x1536":["https:\/\/autofans.com.ar\/wp-content\/uploads\/2023\/05\/grupo.jpg",1000,667,false],"2048x2048":["https:\/\/autofans.com.ar\/wp-content\/uploads\/2023\/05\/grupo.jpg",1000,667,false],"covernews-featured":["https:\/\/autofans.com.ar\/wp-content\/uploads\/2023\/05\/grupo.jpg",1000,667,false],"covernews-medium":["https:\/\/autofans.com.ar\/wp-content\/uploads\/2023\/05\/grupo-540x340.jpg",540,340,true]},"author_info":{"display_name":"Alejandro Gabriel Rosito","author_link":"https:\/\/autofans.com.ar\/index.php\/author\/gabrielr\/"},"category_info":"<a href=\"https:\/\/autofans.com.ar\/index.php\/category\/noticias\/motos\/\" rel=\"category tag\">MOTOS<\/a> <a href=\"https:\/\/autofans.com.ar\/index.php\/category\/noticias\/\" rel=\"category tag\">NOTICIAS<\/a>","tag_info":"NOTICIAS","comment_count":0,"_links":{"self":[{"href":"https:\/\/autofans.com.ar\/index.php\/wp-json\/wp\/v2\/posts\/2104","targetHints":{"allow":["GET"]}}],"collection":[{"href":"https:\/\/autofans.com.ar\/index.php\/wp-json\/wp\/v2\/posts"}],"about":[{"href":"https:\/\/autofans.com.ar\/index.php\/wp-json\/wp\/v2\/types\/post"}],"author":[{"embeddable":true,"href":"https:\/\/autofans.com.ar\/index.php\/wp-json\/wp\/v2\/users\/2"}],"replies":[{"embeddable":true,"href":"https:\/\/autofans.com.ar\/index.php\/wp-json\/wp\/v2\/comments?post=2104"}],"version-history":[{"count":5,"href":"https:\/\/autofans.com.ar\/index.php\/wp-json\/wp\/v2\/posts\/2104\/revisions"}],"predecessor-version":[{"id":2115,"href":"https:\/\/autofans.com.ar\/index.php\/wp-json\/wp\/v2\/posts\/2104\/revisions\/2115"}],"wp:featuredmedia":[{"embeddable":true,"href":"https:\/\/autofans.com.ar\/index.php\/wp-json\/wp\/v2\/media\/2107"}],"wp:attachment":[{"href":"https:\/\/autofans.com.ar\/index.php\/wp-json\/wp\/v2\/media?parent=2104"}],"wp:term":[{"taxonomy":"category","embeddable":true,"href":"https:\/\/autofans.com.ar\/index.php\/wp-json\/wp\/v2\/categories?post=2104"},{"taxonomy":"post_tag","embeddable":true,"href":"https:\/\/autofans.com.ar\/index.php\/wp-json\/wp\/v2\/tags?post=2104"}],"curies":[{"name":"wp","href":"https:\/\/api.w.org\/{rel}","templated":true}]}}