{"id":2118,"date":"2023-05-04T12:13:42","date_gmt":"2023-05-04T15:13:42","guid":{"rendered":"https:\/\/autofans.com.ar\/?p=2118"},"modified":"2023-05-04T12:13:42","modified_gmt":"2023-05-04T15:13:42","slug":"el-nuevo-vento-gli-de-volkswagen-argentina","status":"publish","type":"post","link":"https:\/\/autofans.com.ar\/index.php\/2023\/05\/04\/el-nuevo-vento-gli-de-volkswagen-argentina\/","title":{"rendered":"El nuevo Vento GLI de Volkswagen Argentina"},"content":{"rendered":"<p>Volkswagen Argentina ha presentado su nuevo modelo de sed\u00e1n deportivo, el Vento GLI, con una renovaci\u00f3n en su equipamiento, tecnolog\u00eda y seguridad. Este veh\u00edculo se presenta en la versi\u00f3n 350 TSI con un motor de 4 cilindros de 2.0 litros con turbocompresor e inyecci\u00f3n directa de combustible que entrega 230 CV de potencia y 350 Nm de torque. Esto combinado con una nueva transmisi\u00f3n autom\u00e1tica de doble embrague \u201cDSG\u201d de 7 velocidades. Adem\u00e1s, es el primer veh\u00edculo de la marca VW en Argentina que incorpora el sistema \u201cIQ.Drive\u201d, una serie de innovadoras e inteligentes tecnolog\u00edas que aportan soluciones para brindar una conducci\u00f3n sencilla y segura.<\/p>\n<p>&nbsp;<\/p>\n<div id='gallery-1' class='gallery galleryid-2118 gallery-columns-2 gallery-size-large'><figure class='gallery-item'>\n\t\t\t<div class='gallery-icon landscape'>\n\t\t\t\t<a href='https:\/\/autofans.com.ar\/index.php\/2023\/05\/04\/el-nuevo-vento-gli-de-volkswagen-argentina\/foto-3-64\/'><img loading=\"lazy\" width=\"640\" height=\"427\" src=\"https:\/\/autofans.com.ar\/wp-content\/uploads\/2023\/05\/foto-3-3.jpg\" class=\"attachment-large size-large\" alt=\"volkswagen\" srcset=\"https:\/\/autofans.com.ar\/wp-content\/uploads\/2023\/05\/foto-3-3.jpg 1000w, https:\/\/autofans.com.ar\/wp-content\/uploads\/2023\/05\/foto-3-3-300x200.jpg 300w, https:\/\/autofans.com.ar\/wp-content\/uploads\/2023\/05\/foto-3-3-768x512.jpg 768w\" sizes=\"auto, (max-width: 640px) 100vw, 640px\" loading=\"lazy\" decoding=\"async\" \/><\/a>\n\t\t\t<\/div><\/figure><figure class='gallery-item'>\n\t\t\t<div class='gallery-icon landscape'>\n\t\t\t\t<a href='https:\/\/autofans.com.ar\/index.php\/2023\/05\/04\/el-nuevo-vento-gli-de-volkswagen-argentina\/foto-6-25\/'><img loading=\"lazy\" width=\"640\" height=\"427\" src=\"https:\/\/autofans.com.ar\/wp-content\/uploads\/2023\/05\/foto-6.jpg\" class=\"attachment-large size-large\" alt=\"volkswagen\" srcset=\"https:\/\/autofans.com.ar\/wp-content\/uploads\/2023\/05\/foto-6.jpg 1000w, https:\/\/autofans.com.ar\/wp-content\/uploads\/2023\/05\/foto-6-300x200.jpg 300w, https:\/\/autofans.com.ar\/wp-content\/uploads\/2023\/05\/foto-6-768x512.jpg 768w\" sizes=\"auto, (max-width: 640px) 100vw, 640px\" loading=\"lazy\" decoding=\"async\" \/><\/a>\n\t\t\t<\/div><\/figure>\n\t\t<\/div>\n\n<p>El nuevo Volkswagen Vento GLI, fabricado en M\u00e9xico y construido sobre la plataforma <a href=\"https:\/\/www.vw.com.mx\/es\/experiencia\/innovacion\/que-es-plataforma-mqb.html\" target=\"_blank\" rel=\"noopener\">MQB<\/a>. Su dise\u00f1o deportivo y elegante se destaca por sus l\u00edneas din\u00e1micas y superficies bien definidas, tanto en la parte frontal como trasera del veh\u00edculo. Adem\u00e1s, incluye nuevos logos completamente alineados con el New Brand Design de la marca. El paragolpe delantero cuenta con una grilla frontal tipo \u201cpanal de abejas\u201d en color negro brillante y trazos en color rojo tanto en la parrilla como por debajo de los faros delanteros siendo estos de tecnolog\u00eda LED con iluminaci\u00f3n din\u00e1mica. En la parte trasera cuenta con un robusto paragolpe con doble salida de escape y la insignia GLI integrada en el ba\u00fal.<\/p>\n<p>&nbsp;<\/p>\n<div id='gallery-2' class='gallery galleryid-2118 gallery-columns-3 gallery-size-large'><figure class='gallery-item'>\n\t\t\t<div class='gallery-icon landscape'>\n\t\t\t\t<a href='https:\/\/autofans.com.ar\/index.php\/2023\/05\/04\/el-nuevo-vento-gli-de-volkswagen-argentina\/foto-8-15\/'><img loading=\"lazy\" width=\"640\" height=\"427\" src=\"https:\/\/autofans.com.ar\/wp-content\/uploads\/2023\/05\/foto-8.jpg\" class=\"attachment-large size-large\" alt=\"volkswagen\" srcset=\"https:\/\/autofans.com.ar\/wp-content\/uploads\/2023\/05\/foto-8.jpg 1000w, https:\/\/autofans.com.ar\/wp-content\/uploads\/2023\/05\/foto-8-300x200.jpg 300w, https:\/\/autofans.com.ar\/wp-content\/uploads\/2023\/05\/foto-8-768x512.jpg 768w\" sizes=\"auto, (max-width: 640px) 100vw, 640px\" loading=\"lazy\" decoding=\"async\" \/><\/a>\n\t\t\t<\/div><\/figure><figure class='gallery-item'>\n\t\t\t<div class='gallery-icon landscape'>\n\t\t\t\t<a href='https:\/\/autofans.com.ar\/index.php\/2023\/05\/04\/el-nuevo-vento-gli-de-volkswagen-argentina\/foto-7-16\/'><img loading=\"lazy\" width=\"640\" height=\"427\" src=\"https:\/\/autofans.com.ar\/wp-content\/uploads\/2023\/05\/foto-7.jpg\" class=\"attachment-large size-large\" alt=\"volkswagen\" srcset=\"https:\/\/autofans.com.ar\/wp-content\/uploads\/2023\/05\/foto-7.jpg 1000w, https:\/\/autofans.com.ar\/wp-content\/uploads\/2023\/05\/foto-7-300x200.jpg 300w, https:\/\/autofans.com.ar\/wp-content\/uploads\/2023\/05\/foto-7-768x512.jpg 768w\" sizes=\"auto, (max-width: 640px) 100vw, 640px\" loading=\"lazy\" decoding=\"async\" \/><\/a>\n\t\t\t<\/div><\/figure><figure class='gallery-item'>\n\t\t\t<div class='gallery-icon landscape'>\n\t\t\t\t<a href='https:\/\/autofans.com.ar\/index.php\/2023\/05\/04\/el-nuevo-vento-gli-de-volkswagen-argentina\/foto-2-74\/'><img loading=\"lazy\" width=\"640\" height=\"427\" src=\"https:\/\/autofans.com.ar\/wp-content\/uploads\/2023\/05\/foto-2-4.jpg\" class=\"attachment-large size-large\" alt=\"volkswagen\" srcset=\"https:\/\/autofans.com.ar\/wp-content\/uploads\/2023\/05\/foto-2-4.jpg 1000w, https:\/\/autofans.com.ar\/wp-content\/uploads\/2023\/05\/foto-2-4-300x200.jpg 300w, https:\/\/autofans.com.ar\/wp-content\/uploads\/2023\/05\/foto-2-4-768x512.jpg 768w\" sizes=\"auto, (max-width: 640px) 100vw, 640px\" loading=\"lazy\" decoding=\"async\" \/><\/a>\n\t\t\t<\/div><\/figure>\n\t\t<\/div>\n\n<p>El Volkswagen Vento GLI cuenta con un equipamiento destacado que incluye el sistema \u201cActive Info Display\u201d, un tablero digital de 10,25\u201d y el \u201cVW PLAY\u201d con una pantalla de 10\u201d &amp; \u201cWireless APP Connect\u201d. As\u00ed tambi\u00e9n el nuevo cargador inal\u00e1mbrico que permite conectar smartphones compatibles sin necesidad de cables. Cuenta tambi\u00e9n con sensores de estacionamiento delantero, trasero con c\u00e1mara de visi\u00f3n incluida. Un sistema de apertura y encendido sin llave llamado \u201cKeyless entry &amp; Go\u201d. Est\u00e1 equipado con asientos delanteros deportivos calefaccionados, siendo el del conductor el\u00e9ctrico y con memoria y climatizador autom\u00e1tico de dos zonas con difusores para las plazas traseras. Incluye luz de ambiente LED, pedalera deportiva en acero inoxidable. Cuenta con \u00a0techo solar panor\u00e1mico y un nuevo volante capacitivo en cuero con levas integradas y direcci\u00f3n el\u00e9ctrica progresiva.<\/p>\n<p>&nbsp;<\/p>\n<p><img fetchpriority=\"high\" decoding=\"async\" class=\"aligncenter wp-image-2123 size-full\" src=\"https:\/\/autofans.com.ar\/wp-content\/uploads\/2023\/05\/foto-5-1.jpg\" alt=\"volkswagen\" width=\"1000\" height=\"667\" srcset=\"https:\/\/autofans.com.ar\/wp-content\/uploads\/2023\/05\/foto-5-1.jpg 1000w, https:\/\/autofans.com.ar\/wp-content\/uploads\/2023\/05\/foto-5-1-300x200.jpg 300w, https:\/\/autofans.com.ar\/wp-content\/uploads\/2023\/05\/foto-5-1-768x512.jpg 768w\" sizes=\"(max-width: 1000px) 100vw, 1000px\" \/><\/p>\n<p>En cuanto a la seguridad, este modelo ha obtenido 5 estrellas Latin NCAP e incluye 6 airbags, sistema electr\u00f3nico de estabilidad (ESC), sistema antibloqueo de frenos (ABS), sistema de control de tracci\u00f3n (ASR), sistema de bloqueo de diferencial electr\u00f3nico (EDL), monitoreo de presi\u00f3n de los neum\u00e1ticos y detector de fatiga.<\/p>\n<p>&nbsp;<\/p>\n<h3>IQ.Drive, EL PRIMER MODELO DE VW EN ARGENTINA CON UNA TECNOLOG\u00cdA QUE INCLUYE:<\/h3>\n<ul>\n<li>\n<h4><b>Control de velocidad crucero adaptativo (ACC): <\/b><\/h4>\n<p>El veh\u00edculo se adapta al tr\u00e1fico que lo rodea para mantener una velocidad constante sin frenar ni acelerar y ayuda a prevenir accidentes al ajustar en todo momento la velocidad y la distancia respecto al veh\u00edculo por delante.<\/li>\n<li>\n<h4><b>Lane Assist: <\/b><\/h4>\n<p>El veh\u00edculo detecta las l\u00edneas del carril y, en caso de una salida involuntaria, emite un aviso. Si el conductor no responde a la se\u00f1al, se girar\u00e1 suavemente el volante para mantenerlo seguro en la carretera.<\/li>\n<li>\n<h4><strong>Travel Assist:<\/strong><\/h4>\n<p>Este sistema puede mantener el veh\u00edculo en el carril, la distancia respecto al veh\u00edculo precedente y una velocidad m\u00e1xima previamente establecida por el conductor. Adem\u00e1s incluye el control de crucero predictivo y una funci\u00f3n de asistencia en los giros.<\/li>\n<li>\n<h4><strong>Emergency Assist:<\/strong><\/h4>\n<p>Puede salvar vidas<span class=\"Apple-converted-space\">\u00a0 <\/span>en caso de emergencia m\u00e9dica ya que detecta la incapacidad de conductor para seguir conduciendo. En caso de no detectar ninguna actividad de direcci\u00f3n, frenado o aceleraci\u00f3n, el sistema puede mantener el veh\u00edculo en el carril y frenarlo hasta detenerlo si resulta necesario activando las balizas.<\/li>\n<li>\n<h4><strong>Light Assist:<\/strong><\/h4>\n<p>Consiste en una c\u00e1mara instalada en el espejo interior del veh\u00edculo. Esta c\u00e1mara analiza el tr\u00e1fico existente y puede detectar veh\u00edculos cercanos haciendo un cambio de luces largas a luces cortas, con el fin de evitar el deslumbramiento al conductor que est\u00e1 por delante.<\/li>\n<li>\n<h4><strong>Monitoreo de punto ciego con alerta de tr\u00e1fico trasero: <\/strong><\/h4>\n<p>El sistema detecta y alerta con una se\u00f1al en el espejo acerca de a presencia de veh\u00edculos en e punto ciego. Adem\u00e1s, el alerta de tr\u00e1fico trasero advierte si se acerca un veh\u00edculo cuando el auto circula en reversa.<\/li>\n<\/ul>\n<p>El nuevo Vento GLI es un veh\u00edculo excepcional que incorpora grandes avances tecnol\u00f3gicos para destacarse en este segmento, pero sin dejar de lado el ADN deportivo de la marca Volkswagen. Est\u00e1 disponible en 5 colores llamados \u201cRising Blue\u201d y \u201cKings Red\u201d, ambos metalizados. El \u201cOryx White\u201d y \u201cPure Grey\u201d con efecto s\u00f3lido y el \u201cDeep Black Perl\u201d con efecto perlado.<\/p>\n<p>&nbsp;<\/p>\n<p>&nbsp;<\/p>\n<p><i>Para enterarte de m\u00e1s novedades, no dejes de leer\u00a0<\/i><a href=\"https:\/\/autofans.thebrandsoup.com\/\"><i>nuestras notas<\/i><\/a><i>, de ver<\/i><b><i>\u00a0<\/i><\/b><a href=\"https:\/\/www.youtube.com\/channel\/UCgAC8UGHZYbT6P7PpmVnP7g\"><b><i>AUTOFANS TV<\/i><\/b><\/a><b><i>\u00a0<\/i><\/b><i>en nuestro\u00a0canal de Youtube. Adem\u00e1s seguinos en\u00a0<\/i><a href=\"https:\/\/www.instagram.com\/autofanstv\/\"><i>INSTAGRAM<\/i><\/a><i> y <\/i><a href=\"https:\/\/www.facebook.com\/autofansmas\/\"><i>FACEBOOK<\/i><\/a><i> para no perderte nada sobre las novedades del segmento automotor de Argentina y el mundo. <\/i><\/p>\n<p>&nbsp;<\/p>\n","protected":false},"excerpt":{"rendered":"<p>Volkswagen Argentina ha presentado su nuevo modelo de sed\u00e1n deportivo, el Vento GLI, con una&#8230;<\/p>\n","protected":false},"author":2,"featured_media":2127,"comment_status":"closed","ping_status":"closed","sticky":false,"template":"","format":"standard","meta":{"footnotes":""},"categories":[3,1],"tags":[980,523,979,976,982,977,975,978,974,382,75,981],"class_list":["post-2118","post","type-post","status-publish","format-standard","has-post-thumbnail","hentry","category-autos","category-lanzamientos","tag-active-info-display","tag-dsg","tag-inyeccion-directa","tag-iq-drive","tag-latin-ncap","tag-motor-2-0-litros","tag-sedan-deportivo","tag-turbocompresor","tag-vento-gli","tag-volkswagen","tag-volkswagen-argentina","tag-vw-play"],"yoast_head":"<!-- This site is optimized with the Yoast SEO plugin v27.5 - https:\/\/yoast.com\/product\/yoast-seo-wordpress\/ -->\n<title>El nuevo Vento GLI de Volkswagen Argentina -<\/title>\n<meta name=\"description\" content=\"Volkswagen ha presentado su nuevo modelo de sed\u00e1n deportivo, el Vento GLI, con una renovaci\u00f3n en su equipamiento, tecnolog\u00eda y seguridad...\" \/>\n<meta name=\"robots\" content=\"index, follow, max-snippet:-1, max-image-preview:large, max-video-preview:-1\" \/>\n<link rel=\"canonical\" href=\"https:\/\/autofans.com.ar\/index.php\/2023\/05\/04\/el-nuevo-vento-gli-de-volkswagen-argentina\/\" \/>\n<meta property=\"og:locale\" content=\"es_ES\" \/>\n<meta property=\"og:type\" content=\"article\" \/>\n<meta property=\"og:title\" content=\"El nuevo Vento GLI de Volkswagen Argentina -\" \/>\n<meta property=\"og:description\" content=\"Volkswagen ha presentado su nuevo modelo de sed\u00e1n deportivo, el Vento GLI, con una renovaci\u00f3n en su equipamiento, tecnolog\u00eda y seguridad...\" \/>\n<meta property=\"og:url\" content=\"https:\/\/autofans.com.ar\/index.php\/2023\/05\/04\/el-nuevo-vento-gli-de-volkswagen-argentina\/\" \/>\n<meta property=\"article:published_time\" content=\"2023-05-04T15:13:42+00:00\" \/>\n<meta property=\"og:image\" content=\"https:\/\/autofans.com.ar\/wp-content\/uploads\/2023\/05\/foto-1-4.jpg\" \/>\n\t<meta property=\"og:image:width\" content=\"1000\" \/>\n\t<meta property=\"og:image:height\" content=\"667\" \/>\n\t<meta property=\"og:image:type\" content=\"image\/jpeg\" \/>\n<meta name=\"author\" content=\"Alejandro Gabriel Rosito\" \/>\n<meta name=\"twitter:card\" content=\"summary_large_image\" \/>\n<meta name=\"twitter:label1\" content=\"Escrito por\" \/>\n\t<meta name=\"twitter:data1\" content=\"Alejandro Gabriel Rosito\" \/>\n\t<meta name=\"twitter:label2\" content=\"Tiempo de lectura\" \/>\n\t<meta name=\"twitter:data2\" content=\"4 minutos\" \/>\n<script type=\"application\/ld+json\" class=\"yoast-schema-graph\">{\"@context\":\"https:\\\/\\\/schema.org\",\"@graph\":[{\"@type\":\"Article\",\"@id\":\"https:\\\/\\\/autofans.com.ar\\\/index.php\\\/2023\\\/05\\\/04\\\/el-nuevo-vento-gli-de-volkswagen-argentina\\\/#article\",\"isPartOf\":{\"@id\":\"https:\\\/\\\/autofans.com.ar\\\/index.php\\\/2023\\\/05\\\/04\\\/el-nuevo-vento-gli-de-volkswagen-argentina\\\/\"},\"author\":{\"name\":\"Alejandro Gabriel Rosito\",\"@id\":\"https:\\\/\\\/autofans.com.ar\\\/#\\\/schema\\\/person\\\/4a8dda0b6df83ac3d6723e921274c2aa\"},\"headline\":\"El nuevo Vento GLI de Volkswagen Argentina\",\"datePublished\":\"2023-05-04T15:13:42+00:00\",\"mainEntityOfPage\":{\"@id\":\"https:\\\/\\\/autofans.com.ar\\\/index.php\\\/2023\\\/05\\\/04\\\/el-nuevo-vento-gli-de-volkswagen-argentina\\\/\"},\"wordCount\":865,\"image\":{\"@id\":\"https:\\\/\\\/autofans.com.ar\\\/index.php\\\/2023\\\/05\\\/04\\\/el-nuevo-vento-gli-de-volkswagen-argentina\\\/#primaryimage\"},\"thumbnailUrl\":\"https:\\\/\\\/autofans.com.ar\\\/wp-content\\\/uploads\\\/2023\\\/05\\\/foto-1-4.jpg\",\"keywords\":[\"Active Info Display\",\"DSG\",\"inyecci\u00f3n directa\",\"IQ.Drive\",\"Latin NCAP\",\"motor 2.0 litros\",\"sed\u00e1n deportivo\",\"turbocompresor\",\"Vento GLI\",\"Volkswagen\",\"Volkswagen Argentina\",\"VW PLAY\"],\"articleSection\":[\"AUTOS y SUV\",\"LANZAMIENTOS\"],\"inLanguage\":\"es\"},{\"@type\":\"WebPage\",\"@id\":\"https:\\\/\\\/autofans.com.ar\\\/index.php\\\/2023\\\/05\\\/04\\\/el-nuevo-vento-gli-de-volkswagen-argentina\\\/\",\"url\":\"https:\\\/\\\/autofans.com.ar\\\/index.php\\\/2023\\\/05\\\/04\\\/el-nuevo-vento-gli-de-volkswagen-argentina\\\/\",\"name\":\"El nuevo Vento GLI de Volkswagen Argentina -\",\"isPartOf\":{\"@id\":\"https:\\\/\\\/autofans.com.ar\\\/#website\"},\"primaryImageOfPage\":{\"@id\":\"https:\\\/\\\/autofans.com.ar\\\/index.php\\\/2023\\\/05\\\/04\\\/el-nuevo-vento-gli-de-volkswagen-argentina\\\/#primaryimage\"},\"image\":{\"@id\":\"https:\\\/\\\/autofans.com.ar\\\/index.php\\\/2023\\\/05\\\/04\\\/el-nuevo-vento-gli-de-volkswagen-argentina\\\/#primaryimage\"},\"thumbnailUrl\":\"https:\\\/\\\/autofans.com.ar\\\/wp-content\\\/uploads\\\/2023\\\/05\\\/foto-1-4.jpg\",\"datePublished\":\"2023-05-04T15:13:42+00:00\",\"author\":{\"@id\":\"https:\\\/\\\/autofans.com.ar\\\/#\\\/schema\\\/person\\\/4a8dda0b6df83ac3d6723e921274c2aa\"},\"description\":\"Volkswagen ha presentado su nuevo modelo de sed\u00e1n deportivo, el Vento GLI, con una renovaci\u00f3n en su equipamiento, tecnolog\u00eda y seguridad...\",\"breadcrumb\":{\"@id\":\"https:\\\/\\\/autofans.com.ar\\\/index.php\\\/2023\\\/05\\\/04\\\/el-nuevo-vento-gli-de-volkswagen-argentina\\\/#breadcrumb\"},\"inLanguage\":\"es\",\"potentialAction\":[{\"@type\":\"ReadAction\",\"target\":[\"https:\\\/\\\/autofans.com.ar\\\/index.php\\\/2023\\\/05\\\/04\\\/el-nuevo-vento-gli-de-volkswagen-argentina\\\/\"]}]},{\"@type\":\"ImageObject\",\"inLanguage\":\"es\",\"@id\":\"https:\\\/\\\/autofans.com.ar\\\/index.php\\\/2023\\\/05\\\/04\\\/el-nuevo-vento-gli-de-volkswagen-argentina\\\/#primaryimage\",\"url\":\"https:\\\/\\\/autofans.com.ar\\\/wp-content\\\/uploads\\\/2023\\\/05\\\/foto-1-4.jpg\",\"contentUrl\":\"https:\\\/\\\/autofans.com.ar\\\/wp-content\\\/uploads\\\/2023\\\/05\\\/foto-1-4.jpg\",\"width\":1000,\"height\":667,\"caption\":\"volkswagen\"},{\"@type\":\"BreadcrumbList\",\"@id\":\"https:\\\/\\\/autofans.com.ar\\\/index.php\\\/2023\\\/05\\\/04\\\/el-nuevo-vento-gli-de-volkswagen-argentina\\\/#breadcrumb\",\"itemListElement\":[{\"@type\":\"ListItem\",\"position\":1,\"name\":\"Inicio\",\"item\":\"https:\\\/\\\/autofans.com.ar\\\/\"},{\"@type\":\"ListItem\",\"position\":2,\"name\":\"El nuevo Vento GLI de Volkswagen Argentina\"}]},{\"@type\":\"WebSite\",\"@id\":\"https:\\\/\\\/autofans.com.ar\\\/#website\",\"url\":\"https:\\\/\\\/autofans.com.ar\\\/\",\"name\":\"\",\"description\":\"El multimedio referente de la industria automotriz\",\"potentialAction\":[{\"@type\":\"SearchAction\",\"target\":{\"@type\":\"EntryPoint\",\"urlTemplate\":\"https:\\\/\\\/autofans.com.ar\\\/?s={search_term_string}\"},\"query-input\":{\"@type\":\"PropertyValueSpecification\",\"valueRequired\":true,\"valueName\":\"search_term_string\"}}],\"inLanguage\":\"es\"},{\"@type\":\"Person\",\"@id\":\"https:\\\/\\\/autofans.com.ar\\\/#\\\/schema\\\/person\\\/4a8dda0b6df83ac3d6723e921274c2aa\",\"name\":\"Alejandro Gabriel Rosito\",\"image\":{\"@type\":\"ImageObject\",\"inLanguage\":\"es\",\"@id\":\"https:\\\/\\\/secure.gravatar.com\\\/avatar\\\/16c5dda1489adfc62618084dcbb91cffd879c374b13fe5dd8e44ed6733852c88?s=96&d=mm&r=g\",\"url\":\"https:\\\/\\\/secure.gravatar.com\\\/avatar\\\/16c5dda1489adfc62618084dcbb91cffd879c374b13fe5dd8e44ed6733852c88?s=96&d=mm&r=g\",\"contentUrl\":\"https:\\\/\\\/secure.gravatar.com\\\/avatar\\\/16c5dda1489adfc62618084dcbb91cffd879c374b13fe5dd8e44ed6733852c88?s=96&d=mm&r=g\",\"caption\":\"Alejandro Gabriel Rosito\"},\"url\":\"https:\\\/\\\/autofans.com.ar\\\/index.php\\\/author\\\/gabrielr\\\/\"}]}<\/script>\n<!-- \/ Yoast SEO plugin. -->","yoast_head_json":{"title":"El nuevo Vento GLI de Volkswagen Argentina -","description":"Volkswagen ha presentado su nuevo modelo de sed\u00e1n deportivo, el Vento GLI, con una renovaci\u00f3n en su equipamiento, tecnolog\u00eda y seguridad...","robots":{"index":"index","follow":"follow","max-snippet":"max-snippet:-1","max-image-preview":"max-image-preview:large","max-video-preview":"max-video-preview:-1"},"canonical":"https:\/\/autofans.com.ar\/index.php\/2023\/05\/04\/el-nuevo-vento-gli-de-volkswagen-argentina\/","og_locale":"es_ES","og_type":"article","og_title":"El nuevo Vento GLI de Volkswagen Argentina -","og_description":"Volkswagen ha presentado su nuevo modelo de sed\u00e1n deportivo, el Vento GLI, con una renovaci\u00f3n en su equipamiento, tecnolog\u00eda y seguridad...","og_url":"https:\/\/autofans.com.ar\/index.php\/2023\/05\/04\/el-nuevo-vento-gli-de-volkswagen-argentina\/","article_published_time":"2023-05-04T15:13:42+00:00","og_image":[{"width":1000,"height":667,"url":"https:\/\/autofans.com.ar\/wp-content\/uploads\/2023\/05\/foto-1-4.jpg","type":"image\/jpeg"}],"author":"Alejandro Gabriel Rosito","twitter_card":"summary_large_image","twitter_misc":{"Escrito por":"Alejandro Gabriel Rosito","Tiempo de lectura":"4 minutos"},"schema":{"@context":"https:\/\/schema.org","@graph":[{"@type":"Article","@id":"https:\/\/autofans.com.ar\/index.php\/2023\/05\/04\/el-nuevo-vento-gli-de-volkswagen-argentina\/#article","isPartOf":{"@id":"https:\/\/autofans.com.ar\/index.php\/2023\/05\/04\/el-nuevo-vento-gli-de-volkswagen-argentina\/"},"author":{"name":"Alejandro Gabriel Rosito","@id":"https:\/\/autofans.com.ar\/#\/schema\/person\/4a8dda0b6df83ac3d6723e921274c2aa"},"headline":"El nuevo Vento GLI de Volkswagen Argentina","datePublished":"2023-05-04T15:13:42+00:00","mainEntityOfPage":{"@id":"https:\/\/autofans.com.ar\/index.php\/2023\/05\/04\/el-nuevo-vento-gli-de-volkswagen-argentina\/"},"wordCount":865,"image":{"@id":"https:\/\/autofans.com.ar\/index.php\/2023\/05\/04\/el-nuevo-vento-gli-de-volkswagen-argentina\/#primaryimage"},"thumbnailUrl":"https:\/\/autofans.com.ar\/wp-content\/uploads\/2023\/05\/foto-1-4.jpg","keywords":["Active Info Display","DSG","inyecci\u00f3n directa","IQ.Drive","Latin NCAP","motor 2.0 litros","sed\u00e1n deportivo","turbocompresor","Vento GLI","Volkswagen","Volkswagen Argentina","VW PLAY"],"articleSection":["AUTOS y SUV","LANZAMIENTOS"],"inLanguage":"es"},{"@type":"WebPage","@id":"https:\/\/autofans.com.ar\/index.php\/2023\/05\/04\/el-nuevo-vento-gli-de-volkswagen-argentina\/","url":"https:\/\/autofans.com.ar\/index.php\/2023\/05\/04\/el-nuevo-vento-gli-de-volkswagen-argentina\/","name":"El nuevo Vento GLI de Volkswagen Argentina -","isPartOf":{"@id":"https:\/\/autofans.com.ar\/#website"},"primaryImageOfPage":{"@id":"https:\/\/autofans.com.ar\/index.php\/2023\/05\/04\/el-nuevo-vento-gli-de-volkswagen-argentina\/#primaryimage"},"image":{"@id":"https:\/\/autofans.com.ar\/index.php\/2023\/05\/04\/el-nuevo-vento-gli-de-volkswagen-argentina\/#primaryimage"},"thumbnailUrl":"https:\/\/autofans.com.ar\/wp-content\/uploads\/2023\/05\/foto-1-4.jpg","datePublished":"2023-05-04T15:13:42+00:00","author":{"@id":"https:\/\/autofans.com.ar\/#\/schema\/person\/4a8dda0b6df83ac3d6723e921274c2aa"},"description":"Volkswagen ha presentado su nuevo modelo de sed\u00e1n deportivo, el Vento GLI, con una renovaci\u00f3n en su equipamiento, tecnolog\u00eda y seguridad...","breadcrumb":{"@id":"https:\/\/autofans.com.ar\/index.php\/2023\/05\/04\/el-nuevo-vento-gli-de-volkswagen-argentina\/#breadcrumb"},"inLanguage":"es","potentialAction":[{"@type":"ReadAction","target":["https:\/\/autofans.com.ar\/index.php\/2023\/05\/04\/el-nuevo-vento-gli-de-volkswagen-argentina\/"]}]},{"@type":"ImageObject","inLanguage":"es","@id":"https:\/\/autofans.com.ar\/index.php\/2023\/05\/04\/el-nuevo-vento-gli-de-volkswagen-argentina\/#primaryimage","url":"https:\/\/autofans.com.ar\/wp-content\/uploads\/2023\/05\/foto-1-4.jpg","contentUrl":"https:\/\/autofans.com.ar\/wp-content\/uploads\/2023\/05\/foto-1-4.jpg","width":1000,"height":667,"caption":"volkswagen"},{"@type":"BreadcrumbList","@id":"https:\/\/autofans.com.ar\/index.php\/2023\/05\/04\/el-nuevo-vento-gli-de-volkswagen-argentina\/#breadcrumb","itemListElement":[{"@type":"ListItem","position":1,"name":"Inicio","item":"https:\/\/autofans.com.ar\/"},{"@type":"ListItem","position":2,"name":"El nuevo Vento GLI de Volkswagen Argentina"}]},{"@type":"WebSite","@id":"https:\/\/autofans.com.ar\/#website","url":"https:\/\/autofans.com.ar\/","name":"","description":"El multimedio referente de la industria automotriz","potentialAction":[{"@type":"SearchAction","target":{"@type":"EntryPoint","urlTemplate":"https:\/\/autofans.com.ar\/?s={search_term_string}"},"query-input":{"@type":"PropertyValueSpecification","valueRequired":true,"valueName":"search_term_string"}}],"inLanguage":"es"},{"@type":"Person","@id":"https:\/\/autofans.com.ar\/#\/schema\/person\/4a8dda0b6df83ac3d6723e921274c2aa","name":"Alejandro Gabriel Rosito","image":{"@type":"ImageObject","inLanguage":"es","@id":"https:\/\/secure.gravatar.com\/avatar\/16c5dda1489adfc62618084dcbb91cffd879c374b13fe5dd8e44ed6733852c88?s=96&d=mm&r=g","url":"https:\/\/secure.gravatar.com\/avatar\/16c5dda1489adfc62618084dcbb91cffd879c374b13fe5dd8e44ed6733852c88?s=96&d=mm&r=g","contentUrl":"https:\/\/secure.gravatar.com\/avatar\/16c5dda1489adfc62618084dcbb91cffd879c374b13fe5dd8e44ed6733852c88?s=96&d=mm&r=g","caption":"Alejandro Gabriel Rosito"},"url":"https:\/\/autofans.com.ar\/index.php\/author\/gabrielr\/"}]}},"featured_image_urls":{"full":["https:\/\/autofans.com.ar\/wp-content\/uploads\/2023\/05\/foto-1-4.jpg",1000,667,false],"thumbnail":["https:\/\/autofans.com.ar\/wp-content\/uploads\/2023\/05\/foto-1-4-150x150.jpg",150,150,true],"medium":["https:\/\/autofans.com.ar\/wp-content\/uploads\/2023\/05\/foto-1-4-300x200.jpg",300,200,true],"medium_large":["https:\/\/autofans.com.ar\/wp-content\/uploads\/2023\/05\/foto-1-4-768x512.jpg",640,427,true],"large":["https:\/\/autofans.com.ar\/wp-content\/uploads\/2023\/05\/foto-1-4.jpg",640,427,false],"1536x1536":["https:\/\/autofans.com.ar\/wp-content\/uploads\/2023\/05\/foto-1-4.jpg",1000,667,false],"2048x2048":["https:\/\/autofans.com.ar\/wp-content\/uploads\/2023\/05\/foto-1-4.jpg",1000,667,false],"covernews-featured":["https:\/\/autofans.com.ar\/wp-content\/uploads\/2023\/05\/foto-1-4.jpg",1000,667,false],"covernews-medium":["https:\/\/autofans.com.ar\/wp-content\/uploads\/2023\/05\/foto-1-4-540x340.jpg",540,340,true]},"author_info":{"display_name":"Alejandro Gabriel Rosito","author_link":"https:\/\/autofans.com.ar\/index.php\/author\/gabrielr\/"},"category_info":"<a href=\"https:\/\/autofans.com.ar\/index.php\/category\/noticias\/autos\/\" rel=\"category tag\">AUTOS y SUV<\/a> <a href=\"https:\/\/autofans.com.ar\/index.php\/category\/lanzamientos\/\" rel=\"category tag\">LANZAMIENTOS<\/a>","tag_info":"LANZAMIENTOS","comment_count":0,"_links":{"self":[{"href":"https:\/\/autofans.com.ar\/index.php\/wp-json\/wp\/v2\/posts\/2118","targetHints":{"allow":["GET"]}}],"collection":[{"href":"https:\/\/autofans.com.ar\/index.php\/wp-json\/wp\/v2\/posts"}],"about":[{"href":"https:\/\/autofans.com.ar\/index.php\/wp-json\/wp\/v2\/types\/post"}],"author":[{"embeddable":true,"href":"https:\/\/autofans.com.ar\/index.php\/wp-json\/wp\/v2\/users\/2"}],"replies":[{"embeddable":true,"href":"https:\/\/autofans.com.ar\/index.php\/wp-json\/wp\/v2\/comments?post=2118"}],"version-history":[{"count":10,"href":"https:\/\/autofans.com.ar\/index.php\/wp-json\/wp\/v2\/posts\/2118\/revisions"}],"predecessor-version":[{"id":2136,"href":"https:\/\/autofans.com.ar\/index.php\/wp-json\/wp\/v2\/posts\/2118\/revisions\/2136"}],"wp:featuredmedia":[{"embeddable":true,"href":"https:\/\/autofans.com.ar\/index.php\/wp-json\/wp\/v2\/media\/2127"}],"wp:attachment":[{"href":"https:\/\/autofans.com.ar\/index.php\/wp-json\/wp\/v2\/media?parent=2118"}],"wp:term":[{"taxonomy":"category","embeddable":true,"href":"https:\/\/autofans.com.ar\/index.php\/wp-json\/wp\/v2\/categories?post=2118"},{"taxonomy":"post_tag","embeddable":true,"href":"https:\/\/autofans.com.ar\/index.php\/wp-json\/wp\/v2\/tags?post=2118"}],"curies":[{"name":"wp","href":"https:\/\/api.w.org\/{rel}","templated":true}]}}